{"id":16494,"date":"2015-06-16T10:09:34","date_gmt":"2015-06-16T15:09:34","guid":{"rendered":"http:\/\/www.lospoliticosveracruz.com.mx\/?p=16494"},"modified":"2015-06-16T10:10:04","modified_gmt":"2015-06-16T15:10:04","slug":"16494","status":"publish","type":"post","link":"https:\/\/lospoliticosveracruz.com\/?p=16494","title":{"rendered":"Sin distancia no hay triunfo"},"content":{"rendered":"<p><a href=\"http:\/\/www.lospoliticosveracruz.com.mx\/wp-content\/uploads\/2015\/01\/buganza-e1431922101219.jpg\"><img loading=\"lazy\" decoding=\"async\" class=\"alignnone size-medium wp-image-14458\" src=\"http:\/\/www.lospoliticosveracruz.com.mx\/wp-content\/uploads\/2015\/01\/buganza-300x209.jpg\" alt=\"buganza\" width=\"300\" height=\"209\" \/><\/a><\/p>\n<p><strong>M\u00f3nica Camarena Crespo<\/strong><\/p>\n<p><em>Parque Ju\u00e1rez<\/em><\/p>\n<p>&nbsp;<\/p>\n<p>Despu\u00e9s del triunfo del candidato independiente \u201c Bronco \u201c en un estado estrat\u00e9gico como es Nuevo Le\u00f3n, muchos ya se ven aun sin partido logrando lo que nadie pensaba se consolidara tan r\u00e1pido en nuestro pa\u00eds.<\/p>\n<p>Pero m\u00e1s all\u00e1 de jugarla como independiente, Jaime Rodr\u00edguez Calder\u00f3n \u201c El bronco \u201c lo primero que hizo y dej\u00f3 en claro, es que no tenia la m\u00ednima intenci\u00f3n de pactar con quien gobierna todav\u00eda en Nuevo Le\u00f3n, el priista y cuestionado Rodrigo Medina.<\/p>\n<p>El bronco se ensalzo en el enemigo numero uno de la contienda electoral; marco distancia y atac\u00f3 un d\u00eda y otro tambi\u00e9n, cuestionando la mala administraci\u00f3n actual.<\/p>\n<p>Se aparto de cualquier lazo que pudiera ligarlo a los priistas, los que aseguran ser antiguos compa\u00f1eros del Bronco; incluso la candidata del PRI, Ivonne Ortega, intent\u00f3 desligarse del actual mandatario priista, para remontar en el porcentaje que sabia de antemano no le favorec\u00eda.<\/p>\n<p>En Nuevo Le\u00f3n, gano el Bronco que enfrent\u00f3 al sistema, que critic\u00f3 la situaci\u00f3n actual, que se despeg\u00f3 del poder y que desafi\u00f3 las reglas cl\u00e1sicas.<\/p>\n<p>Por ello, en los estados donde habr\u00e1 elecciones en 2016, varios de los aspirantes empiezan a tomar distancia; los que la tienen m\u00e1s dif\u00edcil, son aquellos que est\u00e9n identificados como los delfines, los prospectos, los amigos y aliados de los que se van.<\/p>\n<p>Ning\u00fan Gobernador, por mejor papel que haga, logra irse sin desgaste; es natural pol\u00edticamente hablando, por ello la necesidad de poner distancia.<\/p>\n<p>Sin embargo, todo aquel que esta pr\u00f3ximo a dejar el poder, busca jugarla y operar su sucesi\u00f3n; sobre todo por la necesidad de proteger posibles acciones futuras que pudieran afectar su libertad.<\/p>\n<p>Los que se van, se la pasan maquilando en su cabeza varias estrategias, no solo una, para lograr amarrar una salida tranquila y sin represalias; hoy en d\u00eda es muy dif\u00edcil lograrlo.<\/p>\n<p>Los posibles broncos, los que la jueguen por la oposici\u00f3n con reales posibilidades de triunfo, deber\u00e1n alejarse lo mas pronto posible.<\/p>\n<p><b>\u00c1gora<\/b><\/p>\n<p>Las pasiones sucesorias se desbordan, seguir\u00e1 creciendo la lista en todos los frentes; interesante ser\u00e1 saber si el partido Movimiento de Regeneraci\u00f3n Nacional (MORENA) lleve como candidato a quien podr\u00eda incluirse como fuerte competidor y por que no, la posibilidad de que sea una mujer.<\/p>\n<p>No hay que desde\u00f1ar a nadie, ya se vio lo inesperado de los resultados de la pasada elecci\u00f3n, que muchos no quisieron tomar en cuenta en Xalapa y Coatzacoalcos.<\/p>\n<p><b>\u00c1gora<\/b><b> II<\/b><\/p>\n<p>Del lado del PAN, la pelea por la candidatura para la pr\u00f3xima gubernatura se cierra a Miguel \u00c1ngel Yunes Linares y Juan Buen Torio; el segundo dicen sus cercanos, no va a ser f\u00e1cil de bajar en la competencia interna. Sera el dolor de cabeza de los Yunes azules, aunque salvo imponderables tendr\u00e1n de nuevo la candidatura, producto de los amarres que mantienen con Gustavo Madero, verdadero due\u00f1o del PAN.<\/p>\n<p><b>\u00c1gora<\/b><b> III<\/b><\/p>\n<p>De las 3 candidatas del PRI que perdieron en la pasada elecci\u00f3n, en Veracruz, Boca del Rio y Xalapa, dos de ellas negocian importantes posiciones dentro de la estructura del gobierno estatal.<\/p>\n<p>@monicamarena<\/p>\n<p>&nbsp;<\/p>\n<p>&nbsp;<\/p>\n","protected":false},"excerpt":{"rendered":"<p>M\u00f3nica Camarena Crespo Parque Ju\u00e1rez &nbsp; Despu\u00e9s del triunfo del candidato independiente \u201c Bronco \u201c en un estado estrat\u00e9gico como es Nuevo Le\u00f3n, muchos ya se ven aun sin partido logrando lo que nadie pensaba se consolidara tan r\u00e1pido en nuestro pa\u00eds. Pero m\u00e1s all\u00e1 de jugarla como independiente, Jaime Rodr\u00edguez Calder\u00f3n \u201c El bronco [&hellip;]<\/p>\n","protected":false},"author":2,"featured_media":0,"comment_status":"open","ping_status":"open","sticky":false,"template":"","format":"standard","meta":{"tdm_status":"","tdm_grid_status":"","footnotes":""},"categories":[70],"tags":[2825,1243,251,2834],"class_list":{"0":"post-16494","1":"post","2":"type-post","3":"status-publish","4":"format-standard","6":"category-de-opinion","7":"tag-el-bronco","8":"tag-nuevo-leon","9":"tag-pri","10":"tag-rodrigo-medina"},"yoast_head":"<!-- This site is optimized with the Yoast SEO plugin v27.4 - https:\/\/yoast.com\/product\/yoast-seo-wordpress\/ -->\n<title>Sin distancia no hay triunfo - Los pol\u00edticos Veracruz<\/title>\n<meta name=\"robots\" content=\"index, follow, max-snippet:-1, max-image-preview:large, max-video-preview:-1\" \/>\n<link rel=\"canonical\" href=\"https:\/\/lospoliticosveracruz.com\/?p=16494\" \/>\n<meta property=\"og:locale\" content=\"es_ES\" \/>\n<meta property=\"og:type\" content=\"article\" \/>\n<meta property=\"og:title\" content=\"Sin distancia no hay triunfo - Los pol\u00edticos Veracruz\" \/>\n<meta property=\"og:description\" content=\"M\u00f3nica Camarena Crespo Parque Ju\u00e1rez &nbsp; Despu\u00e9s del triunfo del candidato independiente \u201c Bronco \u201c en un estado estrat\u00e9gico como es Nuevo Le\u00f3n, muchos ya se ven aun sin partido logrando lo que nadie pensaba se consolidara tan r\u00e1pido en nuestro pa\u00eds. Pero m\u00e1s all\u00e1 de jugarla como independiente, Jaime Rodr\u00edguez Calder\u00f3n \u201c El bronco [&hellip;]\" \/>\n<meta property=\"og:url\" content=\"https:\/\/lospoliticosveracruz.com\/?p=16494\" \/>\n<meta property=\"og:site_name\" content=\"Los pol\u00edticos Veracruz\" \/>\n<meta property=\"article:publisher\" content=\"https:\/\/www.facebook.com\/people\/Notimemes-de-los-Polticos\/61565672886568\/\" \/>\n<meta property=\"article:published_time\" content=\"2015-06-16T15:09:34+00:00\" \/>\n<meta property=\"article:modified_time\" content=\"2015-06-16T15:10:04+00:00\" \/>\n<meta property=\"og:image\" content=\"http:\/\/www.lospoliticosveracruz.com.mx\/wp-content\/uploads\/2015\/01\/buganza-300x209.jpg\" \/>\n<meta name=\"author\" content=\"Lo viste en Los Pol\u00edticos\" \/>\n<meta name=\"twitter:card\" content=\"summary_large_image\" \/>\n<meta name=\"twitter:creator\" content=\"@LosPoliticosVer\" \/>\n<meta name=\"twitter:site\" content=\"@LosPoliticosVer\" \/>\n<meta name=\"twitter:label1\" content=\"Escrito por\" \/>\n\t<meta name=\"twitter:data1\" content=\"Lo viste en Los Pol\u00edticos\" \/>\n\t<meta name=\"twitter:label2\" content=\"Tiempo de lectura\" \/>\n\t<meta name=\"twitter:data2\" content=\"3 minutos\" \/>\n<script type=\"application\/ld+json\" class=\"yoast-schema-graph\">{\"@context\":\"https:\\\/\\\/schema.org\",\"@graph\":[{\"@type\":\"Article\",\"@id\":\"https:\\\/\\\/lospoliticosveracruz.com\\\/?p=16494#article\",\"isPartOf\":{\"@id\":\"https:\\\/\\\/lospoliticosveracruz.com\\\/?p=16494\"},\"author\":{\"name\":\"Lo viste en Los Pol\u00edticos\",\"@id\":\"https:\\\/\\\/lospoliticosveracruz.com\\\/#\\\/schema\\\/person\\\/b8702bb0e538456e6efd07080bf2a4a2\"},\"headline\":\"Sin distancia no hay triunfo\",\"datePublished\":\"2015-06-16T15:09:34+00:00\",\"dateModified\":\"2015-06-16T15:10:04+00:00\",\"mainEntityOfPage\":{\"@id\":\"https:\\\/\\\/lospoliticosveracruz.com\\\/?p=16494\"},\"wordCount\":558,\"commentCount\":0,\"publisher\":{\"@id\":\"https:\\\/\\\/lospoliticosveracruz.com\\\/#organization\"},\"image\":{\"@id\":\"https:\\\/\\\/lospoliticosveracruz.com\\\/?p=16494#primaryimage\"},\"thumbnailUrl\":\"http:\\\/\\\/www.lospoliticosveracruz.com.mx\\\/wp-content\\\/uploads\\\/2015\\\/01\\\/buganza-300x209.jpg\",\"keywords\":[\"El Bronco\",\"Nuevo Le\u00f3n\",\"PRI\",\"Rodrigo Medina\"],\"articleSection\":[\"De Opini\u00f3n\"],\"inLanguage\":\"es\",\"potentialAction\":[{\"@type\":\"CommentAction\",\"name\":\"Comment\",\"target\":[\"https:\\\/\\\/lospoliticosveracruz.com\\\/?p=16494#respond\"]}]},{\"@type\":\"WebPage\",\"@id\":\"https:\\\/\\\/lospoliticosveracruz.com\\\/?p=16494\",\"url\":\"https:\\\/\\\/lospoliticosveracruz.com\\\/?p=16494\",\"name\":\"Sin distancia no hay triunfo - Los pol\u00edticos Veracruz\",\"isPartOf\":{\"@id\":\"https:\\\/\\\/lospoliticosveracruz.com\\\/#website\"},\"primaryImageOfPage\":{\"@id\":\"https:\\\/\\\/lospoliticosveracruz.com\\\/?p=16494#primaryimage\"},\"image\":{\"@id\":\"https:\\\/\\\/lospoliticosveracruz.com\\\/?p=16494#primaryimage\"},\"thumbnailUrl\":\"http:\\\/\\\/www.lospoliticosveracruz.com.mx\\\/wp-content\\\/uploads\\\/2015\\\/01\\\/buganza-300x209.jpg\",\"datePublished\":\"2015-06-16T15:09:34+00:00\",\"dateModified\":\"2015-06-16T15:10:04+00:00\",\"breadcrumb\":{\"@id\":\"https:\\\/\\\/lospoliticosveracruz.com\\\/?p=16494#breadcrumb\"},\"inLanguage\":\"es\",\"potentialAction\":[{\"@type\":\"ReadAction\",\"target\":[\"https:\\\/\\\/lospoliticosveracruz.com\\\/?p=16494\"]}]},{\"@type\":\"ImageObject\",\"inLanguage\":\"es\",\"@id\":\"https:\\\/\\\/lospoliticosveracruz.com\\\/?p=16494#primaryimage\",\"url\":\"http:\\\/\\\/www.lospoliticosveracruz.com.mx\\\/wp-content\\\/uploads\\\/2015\\\/01\\\/buganza-300x209.jpg\",\"contentUrl\":\"http:\\\/\\\/www.lospoliticosveracruz.com.mx\\\/wp-content\\\/uploads\\\/2015\\\/01\\\/buganza-300x209.jpg\"},{\"@type\":\"BreadcrumbList\",\"@id\":\"https:\\\/\\\/lospoliticosveracruz.com\\\/?p=16494#breadcrumb\",\"itemListElement\":[{\"@type\":\"ListItem\",\"position\":1,\"name\":\"Portada\",\"item\":\"https:\\\/\\\/lospoliticosveracruz.com\\\/\"},{\"@type\":\"ListItem\",\"position\":2,\"name\":\"Sin distancia no hay triunfo\"}]},{\"@type\":\"WebSite\",\"@id\":\"https:\\\/\\\/lospoliticosveracruz.com\\\/#website\",\"url\":\"https:\\\/\\\/lospoliticosveracruz.com\\\/\",\"name\":\"Los pol\u00edticos Veracruz\",\"description\":\"\",\"publisher\":{\"@id\":\"https:\\\/\\\/lospoliticosveracruz.com\\\/#organization\"},\"potentialAction\":[{\"@type\":\"SearchAction\",\"target\":{\"@type\":\"EntryPoint\",\"urlTemplate\":\"https:\\\/\\\/lospoliticosveracruz.com\\\/?s={search_term_string}\"},\"query-input\":{\"@type\":\"PropertyValueSpecification\",\"valueRequired\":true,\"valueName\":\"search_term_string\"}}],\"inLanguage\":\"es\"},{\"@type\":\"Organization\",\"@id\":\"https:\\\/\\\/lospoliticosveracruz.com\\\/#organization\",\"name\":\"Los pol\u00edticos Veracruz\",\"url\":\"https:\\\/\\\/lospoliticosveracruz.com\\\/\",\"logo\":{\"@type\":\"ImageObject\",\"inLanguage\":\"es\",\"@id\":\"https:\\\/\\\/lospoliticosveracruz.com\\\/#\\\/schema\\\/logo\\\/image\\\/\",\"url\":\"https:\\\/\\\/lospoliticosveracruz.com\\\/wp-content\\\/uploads\\\/2025\\\/12\\\/Logo-Nuevo-LOS-POLITICOS-1.jpg\",\"contentUrl\":\"https:\\\/\\\/lospoliticosveracruz.com\\\/wp-content\\\/uploads\\\/2025\\\/12\\\/Logo-Nuevo-LOS-POLITICOS-1.jpg\",\"width\":260,\"height\":70,\"caption\":\"Los pol\u00edticos Veracruz\"},\"image\":{\"@id\":\"https:\\\/\\\/lospoliticosveracruz.com\\\/#\\\/schema\\\/logo\\\/image\\\/\"},\"sameAs\":[\"https:\\\/\\\/www.facebook.com\\\/people\\\/Notimemes-de-los-Polticos\\\/61565672886568\\\/\",\"https:\\\/\\\/x.com\\\/LosPoliticosVer\"]},{\"@type\":\"Person\",\"@id\":\"https:\\\/\\\/lospoliticosveracruz.com\\\/#\\\/schema\\\/person\\\/b8702bb0e538456e6efd07080bf2a4a2\",\"name\":\"Lo viste en Los Pol\u00edticos\",\"image\":{\"@type\":\"ImageObject\",\"inLanguage\":\"es\",\"@id\":\"https:\\\/\\\/secure.gravatar.com\\\/avatar\\\/3a8de04a2656d44082be478bd6c086daa447c4651605818287b9532d3d0bd435?s=96&d=mm&r=g\",\"url\":\"https:\\\/\\\/secure.gravatar.com\\\/avatar\\\/3a8de04a2656d44082be478bd6c086daa447c4651605818287b9532d3d0bd435?s=96&d=mm&r=g\",\"contentUrl\":\"https:\\\/\\\/secure.gravatar.com\\\/avatar\\\/3a8de04a2656d44082be478bd6c086daa447c4651605818287b9532d3d0bd435?s=96&d=mm&r=g\",\"caption\":\"Lo viste en Los Pol\u00edticos\"},\"url\":\"https:\\\/\\\/lospoliticosveracruz.com\\\/?author=2\"}]}<\/script>\n<!-- \/ Yoast SEO plugin. -->","yoast_head_json":{"title":"Sin distancia no hay triunfo - Los pol\u00edticos Veracruz","robots":{"index":"index","follow":"follow","max-snippet":"max-snippet:-1","max-image-preview":"max-image-preview:large","max-video-preview":"max-video-preview:-1"},"canonical":"https:\/\/lospoliticosveracruz.com\/?p=16494","og_locale":"es_ES","og_type":"article","og_title":"Sin distancia no hay triunfo - Los pol\u00edticos Veracruz","og_description":"M\u00f3nica Camarena Crespo Parque Ju\u00e1rez &nbsp; Despu\u00e9s del triunfo del candidato independiente \u201c Bronco \u201c en un estado estrat\u00e9gico como es Nuevo Le\u00f3n, muchos ya se ven aun sin partido logrando lo que nadie pensaba se consolidara tan r\u00e1pido en nuestro pa\u00eds. Pero m\u00e1s all\u00e1 de jugarla como independiente, Jaime Rodr\u00edguez Calder\u00f3n \u201c El bronco [&hellip;]","og_url":"https:\/\/lospoliticosveracruz.com\/?p=16494","og_site_name":"Los pol\u00edticos Veracruz","article_publisher":"https:\/\/www.facebook.com\/people\/Notimemes-de-los-Polticos\/61565672886568\/","article_published_time":"2015-06-16T15:09:34+00:00","article_modified_time":"2015-06-16T15:10:04+00:00","og_image":[{"url":"http:\/\/www.lospoliticosveracruz.com.mx\/wp-content\/uploads\/2015\/01\/buganza-300x209.jpg","type":"","width":"","height":""}],"author":"Lo viste en Los Pol\u00edticos","twitter_card":"summary_large_image","twitter_creator":"@LosPoliticosVer","twitter_site":"@LosPoliticosVer","twitter_misc":{"Escrito por":"Lo viste en Los Pol\u00edticos","Tiempo de lectura":"3 minutos"},"schema":{"@context":"https:\/\/schema.org","@graph":[{"@type":"Article","@id":"https:\/\/lospoliticosveracruz.com\/?p=16494#article","isPartOf":{"@id":"https:\/\/lospoliticosveracruz.com\/?p=16494"},"author":{"name":"Lo viste en Los Pol\u00edticos","@id":"https:\/\/lospoliticosveracruz.com\/#\/schema\/person\/b8702bb0e538456e6efd07080bf2a4a2"},"headline":"Sin distancia no hay triunfo","datePublished":"2015-06-16T15:09:34+00:00","dateModified":"2015-06-16T15:10:04+00:00","mainEntityOfPage":{"@id":"https:\/\/lospoliticosveracruz.com\/?p=16494"},"wordCount":558,"commentCount":0,"publisher":{"@id":"https:\/\/lospoliticosveracruz.com\/#organization"},"image":{"@id":"https:\/\/lospoliticosveracruz.com\/?p=16494#primaryimage"},"thumbnailUrl":"http:\/\/www.lospoliticosveracruz.com.mx\/wp-content\/uploads\/2015\/01\/buganza-300x209.jpg","keywords":["El Bronco","Nuevo Le\u00f3n","PRI","Rodrigo Medina"],"articleSection":["De Opini\u00f3n"],"inLanguage":"es","potentialAction":[{"@type":"CommentAction","name":"Comment","target":["https:\/\/lospoliticosveracruz.com\/?p=16494#respond"]}]},{"@type":"WebPage","@id":"https:\/\/lospoliticosveracruz.com\/?p=16494","url":"https:\/\/lospoliticosveracruz.com\/?p=16494","name":"Sin distancia no hay triunfo - Los pol\u00edticos Veracruz","isPartOf":{"@id":"https:\/\/lospoliticosveracruz.com\/#website"},"primaryImageOfPage":{"@id":"https:\/\/lospoliticosveracruz.com\/?p=16494#primaryimage"},"image":{"@id":"https:\/\/lospoliticosveracruz.com\/?p=16494#primaryimage"},"thumbnailUrl":"http:\/\/www.lospoliticosveracruz.com.mx\/wp-content\/uploads\/2015\/01\/buganza-300x209.jpg","datePublished":"2015-06-16T15:09:34+00:00","dateModified":"2015-06-16T15:10:04+00:00","breadcrumb":{"@id":"https:\/\/lospoliticosveracruz.com\/?p=16494#breadcrumb"},"inLanguage":"es","potentialAction":[{"@type":"ReadAction","target":["https:\/\/lospoliticosveracruz.com\/?p=16494"]}]},{"@type":"ImageObject","inLanguage":"es","@id":"https:\/\/lospoliticosveracruz.com\/?p=16494#primaryimage","url":"http:\/\/www.lospoliticosveracruz.com.mx\/wp-content\/uploads\/2015\/01\/buganza-300x209.jpg","contentUrl":"http:\/\/www.lospoliticosveracruz.com.mx\/wp-content\/uploads\/2015\/01\/buganza-300x209.jpg"},{"@type":"BreadcrumbList","@id":"https:\/\/lospoliticosveracruz.com\/?p=16494#breadcrumb","itemListElement":[{"@type":"ListItem","position":1,"name":"Portada","item":"https:\/\/lospoliticosveracruz.com\/"},{"@type":"ListItem","position":2,"name":"Sin distancia no hay triunfo"}]},{"@type":"WebSite","@id":"https:\/\/lospoliticosveracruz.com\/#website","url":"https:\/\/lospoliticosveracruz.com\/","name":"Los pol\u00edticos Veracruz","description":"","publisher":{"@id":"https:\/\/lospoliticosveracruz.com\/#organization"},"potentialAction":[{"@type":"SearchAction","target":{"@type":"EntryPoint","urlTemplate":"https:\/\/lospoliticosveracruz.com\/?s={search_term_string}"},"query-input":{"@type":"PropertyValueSpecification","valueRequired":true,"valueName":"search_term_string"}}],"inLanguage":"es"},{"@type":"Organization","@id":"https:\/\/lospoliticosveracruz.com\/#organization","name":"Los pol\u00edticos Veracruz","url":"https:\/\/lospoliticosveracruz.com\/","logo":{"@type":"ImageObject","inLanguage":"es","@id":"https:\/\/lospoliticosveracruz.com\/#\/schema\/logo\/image\/","url":"https:\/\/lospoliticosveracruz.com\/wp-content\/uploads\/2025\/12\/Logo-Nuevo-LOS-POLITICOS-1.jpg","contentUrl":"https:\/\/lospoliticosveracruz.com\/wp-content\/uploads\/2025\/12\/Logo-Nuevo-LOS-POLITICOS-1.jpg","width":260,"height":70,"caption":"Los pol\u00edticos Veracruz"},"image":{"@id":"https:\/\/lospoliticosveracruz.com\/#\/schema\/logo\/image\/"},"sameAs":["https:\/\/www.facebook.com\/people\/Notimemes-de-los-Polticos\/61565672886568\/","https:\/\/x.com\/LosPoliticosVer"]},{"@type":"Person","@id":"https:\/\/lospoliticosveracruz.com\/#\/schema\/person\/b8702bb0e538456e6efd07080bf2a4a2","name":"Lo viste en Los Pol\u00edticos","image":{"@type":"ImageObject","inLanguage":"es","@id":"https:\/\/secure.gravatar.com\/avatar\/3a8de04a2656d44082be478bd6c086daa447c4651605818287b9532d3d0bd435?s=96&d=mm&r=g","url":"https:\/\/secure.gravatar.com\/avatar\/3a8de04a2656d44082be478bd6c086daa447c4651605818287b9532d3d0bd435?s=96&d=mm&r=g","contentUrl":"https:\/\/secure.gravatar.com\/avatar\/3a8de04a2656d44082be478bd6c086daa447c4651605818287b9532d3d0bd435?s=96&d=mm&r=g","caption":"Lo viste en Los Pol\u00edticos"},"url":"https:\/\/lospoliticosveracruz.com\/?author=2"}]}},"_links":{"self":[{"href":"https:\/\/lospoliticosveracruz.com\/index.php?rest_route=\/wp\/v2\/posts\/16494","targetHints":{"allow":["GET"]}}],"collection":[{"href":"https:\/\/lospoliticosveracruz.com\/index.php?rest_route=\/wp\/v2\/posts"}],"about":[{"href":"https:\/\/lospoliticosveracruz.com\/index.php?rest_route=\/wp\/v2\/types\/post"}],"author":[{"embeddable":true,"href":"https:\/\/lospoliticosveracruz.com\/index.php?rest_route=\/wp\/v2\/users\/2"}],"replies":[{"embeddable":true,"href":"https:\/\/lospoliticosveracruz.com\/index.php?rest_route=%2Fwp%2Fv2%2Fcomments&post=16494"}],"version-history":[{"count":2,"href":"https:\/\/lospoliticosveracruz.com\/index.php?rest_route=\/wp\/v2\/posts\/16494\/revisions"}],"predecessor-version":[{"id":16496,"href":"https:\/\/lospoliticosveracruz.com\/index.php?rest_route=\/wp\/v2\/posts\/16494\/revisions\/16496"}],"wp:attachment":[{"href":"https:\/\/lospoliticosveracruz.com\/index.php?rest_route=%2Fwp%2Fv2%2Fmedia&parent=16494"}],"wp:term":[{"taxonomy":"category","embeddable":true,"href":"https:\/\/lospoliticosveracruz.com\/index.php?rest_route=%2Fwp%2Fv2%2Fcategories&post=16494"},{"taxonomy":"post_tag","embeddable":true,"href":"https:\/\/lospoliticosveracruz.com\/index.php?rest_route=%2Fwp%2Fv2%2Ftags&post=16494"}],"curies":[{"name":"wp","href":"https:\/\/api.w.org\/{rel}","templated":true}]}}