{"id":16508,"date":"2015-06-16T22:53:37","date_gmt":"2015-06-17T03:53:37","guid":{"rendered":"http:\/\/www.lospoliticosveracruz.com.mx\/?p=16508"},"modified":"2015-06-16T22:53:37","modified_gmt":"2015-06-17T03:53:37","slug":"tomas-la-busca","status":"publish","type":"post","link":"https:\/\/lospoliticosveracruz.com\/?p=16508","title":{"rendered":"Tom\u00e1s la busca"},"content":{"rendered":"<p><a href=\"http:\/\/www.lospoliticosveracruz.com.mx\/wp-content\/uploads\/2015\/03\/Tom\u00e1s-Ruiz2.jpg\"><img loading=\"lazy\" decoding=\"async\" class=\"alignnone size-full wp-image-15157\" src=\"http:\/\/www.lospoliticosveracruz.com.mx\/wp-content\/uploads\/2015\/03\/Tom\u00e1s-Ruiz2.jpg\" alt=\"Tom\u00e1s Ruiz2\" width=\"300\" height=\"167\" \/><\/a><br \/>\n<strong>Salvador Mu\u00f1oz<\/strong><\/p>\n<p><em>Los Pol\u00edticos<\/em><\/p>\n<p>Ya casi concluye el programa \u201cRevisiones\u201d en RTV y sale el tema de la gubernatura de dos o 5 a\u00f1os as\u00ed como los potenciales aspirantes. No recuerdo qui\u00e9n cita a Tom\u00e1s Ruiz Gonz\u00e1lez entre \u00e9stos y digo, palabras m\u00e1s, palabras menos: \u201c\u00bfPara gobernador de Yucat\u00e1n?\u201d<br \/>\nJoaqu\u00edn Rosas me precisa: \u201c\u00a1Es veracruzano!\u201d y \u00a1zaz! termina el programa\u2026 y como dicen en mi pueblo, \u00bfadivinen qui\u00e9n no se va a morir? S\u00ed, \u00a1Tom\u00e1s Ruiz Gonz\u00e1lez! porque precisamente saliendo de las oficinas de RTV, ah\u00ed estaba el actual titular de la SIOP\u2026<br \/>\nEl canijo ya se iba pero Emilio C\u00e1rdenas Escobosa que le dice que ah\u00ed estaba la bola que participa en el programa de \u201cRevisiones\u201d (Joaqu\u00edn Rosas, Sergio Gonz\u00e1lez Levet, Eleaney Sesma, Manuel Rosete y un servidor; V\u00edctor Murgu\u00eda enferm\u00f3 y no asisti\u00f3) y que se regresa a saludarnos\u2026<br \/>\nEn cuanto lo tuve cerca, le advert\u00ed: \u201cOiga lo que oiga esta noche en el programa Revisiones, no me haga caso\u201d&#8230; es seguro que no me entendi\u00f3 pero una voz de mis compa\u00f1eros (ya no supe qui\u00e9n, pero s\u00ed o\u00ed) se lo aclar\u00f3: \u201c\u00a1Anda diciendo que eres yucateco!\u201d<br \/>\nA lo que m\u00e1s r\u00e1pido que un rayo, respond\u00ed: \u201cNo, dije que parec\u00eda yucateco porque est\u00e1 cabez\u00f3n\u201d&#8230;<br \/>\nII<br \/>\nSiendo sinceros, Tom\u00e1s Ruiz Gonz\u00e1lez por fin es noticia por cosas buenas\u2026 por lo regular, cada vez que se hablaba de este pol\u00edtico, uno lo recordaba m\u00e1s por su rompimiento con Ana de la Reguera, por su renuncia a la Sefiplan o por su fracaso en la b\u00fasqueda de la candidatura all\u00e1 por el 2004 cuando al final, quien la logr\u00f3 fue Fidel Herrera Beltr\u00e1n.<br \/>\nPero hoy, la noticia que envuelve a Tom\u00e1s Ruiz es que por fin se terminar\u00e1 de construir el Puente Sumergido de Coatzacoalcos\u2026 \u00a1hasta dentro de un a\u00f1o!<br \/>\nEs curioso, pero en mayo del 2014, autoridades de la SIOP que encabezaba Gerardo Buganza, daban a conocer que para concluir el puente s\u00f3lo bastaban 2.5 metros de la llamada \u201cJunta de Cierre\u201d. Para nosotros los terrenales parece nada. Para los ingenieros ha de ser algo mucho muy complicado porque ya pas\u00f3 un a\u00f1o de que se diera a conocer esto, y el Puente sigue sin concluir.<br \/>\nSe dice que Tom\u00e1s Ruiz Gonz\u00e1lez estuvo pl\u00e1tica y pl\u00e1tica para que Veracruz dejara de sangrar por esta obra que inici\u00f3 a finales del sexenio de Miguel Alem\u00e1n, pas\u00f3 por el de Fidel Herrera Beltr\u00e1n y todo indica que, si no pasa nada extraordinario, sea terminado en el gobierno de Javier Duarte de Ochoa.<br \/>\n\u00bfY con qui\u00e9n estuvo pl\u00e1tica y pl\u00e1tica Tom\u00e1s? \u00a1Ah! Pues con el nuevo due\u00f1o de la concesi\u00f3n del Puente: Carlos Slim.<br \/>\nIII<br \/>\nTom\u00e1s Ruiz precisa que \u00e9l es de Coatzacoalcos y que el chisme de que es yucateco, surge en aquellos tiempos en que se buscaba la candidatura por la Gubernatura, cuando Fidel Herrera Beltr\u00e1n lanz\u00f3 ese rumor.<br \/>\nDice Ruiz Gonz\u00e1lez que lo m\u00e1s cercano que est\u00e1 de ser yucateco, es por la esposa de un t\u00edo, que ella s\u00ed, es de la Blanca M\u00e9rida.<br \/>\nPor supuesto, le gusta Yucat\u00e1n, la comida de Yucat\u00e1n pero insiste: \u201cSoy de Coatzacoalcos\u201d.<br \/>\nYa cuando se iba, le pregunto: \u00bfOiga\u2026 y va a buscar ser candidato por la de dos a\u00f1os? y que me responde: \u201cLa busco, la busco\u2026 \u00a1y no la busco! \u00a1Mare!\u201d<br \/>\n(Por supuesto, el \u00faltimo p\u00e1rrafo es un chiste sin aval de Tom\u00e1s)&#8230;<\/p>\n<p>smcainito@gmail.com<\/p>\n","protected":false},"excerpt":{"rendered":"<p>Salvador Mu\u00f1oz Los Pol\u00edticos Ya casi concluye el programa \u201cRevisiones\u201d en RTV y sale el tema de la gubernatura de dos o 5 a\u00f1os as\u00ed como los potenciales aspirantes. No recuerdo qui\u00e9n cita a Tom\u00e1s Ruiz Gonz\u00e1lez entre \u00e9stos y digo, palabras m\u00e1s, palabras menos: \u201c\u00bfPara gobernador de Yucat\u00e1n?\u201d Joaqu\u00edn Rosas me precisa: \u201c\u00a1Es veracruzano!\u201d [&hellip;]<\/p>\n","protected":false},"author":2,"featured_media":0,"comment_status":"open","ping_status":"open","sticky":false,"template":"","format":"standard","meta":{"tdm_status":"","tdm_grid_status":"","footnotes":""},"categories":[70],"tags":[2842,2175,2822,2844,2841,2646,1282,1837],"class_list":{"0":"post-16508","1":"post","2":"type-post","3":"status-publish","4":"format-standard","6":"category-de-opinion","7":"tag-eleaney-sesma","8":"tag-joaquin-rosas","9":"tag-manuel-rosete","10":"tag-puente-sumergido-coatzacoalcos","11":"tag-revisiones-rtv","12":"tag-salvador-munoz","13":"tag-sergio-gonzalez-levet","14":"tag-tomas-ruiz-gonzalez"},"yoast_head":"<!-- This site is optimized with the Yoast SEO plugin v27.4 - https:\/\/yoast.com\/product\/yoast-seo-wordpress\/ -->\n<title>Tom\u00e1s la busca - Los pol\u00edticos Veracruz<\/title>\n<meta name=\"robots\" content=\"index, follow, max-snippet:-1, max-image-preview:large, max-video-preview:-1\" \/>\n<link rel=\"canonical\" href=\"https:\/\/lospoliticosveracruz.com\/?p=16508\" \/>\n<meta property=\"og:locale\" content=\"es_ES\" \/>\n<meta property=\"og:type\" content=\"article\" \/>\n<meta property=\"og:title\" content=\"Tom\u00e1s la busca - Los pol\u00edticos Veracruz\" \/>\n<meta property=\"og:description\" content=\"Salvador Mu\u00f1oz Los Pol\u00edticos Ya casi concluye el programa \u201cRevisiones\u201d en RTV y sale el tema de la gubernatura de dos o 5 a\u00f1os as\u00ed como los potenciales aspirantes. No recuerdo qui\u00e9n cita a Tom\u00e1s Ruiz Gonz\u00e1lez entre \u00e9stos y digo, palabras m\u00e1s, palabras menos: \u201c\u00bfPara gobernador de Yucat\u00e1n?\u201d Joaqu\u00edn Rosas me precisa: \u201c\u00a1Es veracruzano!\u201d [&hellip;]\" \/>\n<meta property=\"og:url\" content=\"https:\/\/lospoliticosveracruz.com\/?p=16508\" \/>\n<meta property=\"og:site_name\" content=\"Los pol\u00edticos Veracruz\" \/>\n<meta property=\"article:publisher\" content=\"https:\/\/www.facebook.com\/people\/Notimemes-de-los-Polticos\/61565672886568\/\" \/>\n<meta property=\"article:published_time\" content=\"2015-06-17T03:53:37+00:00\" \/>\n<meta property=\"og:image\" content=\"https:\/\/lospoliticosveracruz.com\/wp-content\/uploads\/2016\/07\/Logo-Dor.jpg\" \/>\n\t<meta property=\"og:image:width\" content=\"200\" \/>\n\t<meta property=\"og:image:height\" content=\"200\" \/>\n\t<meta property=\"og:image:type\" content=\"image\/jpeg\" \/>\n<meta name=\"author\" content=\"Lo viste en Los Pol\u00edticos\" \/>\n<meta name=\"twitter:card\" content=\"summary_large_image\" \/>\n<meta name=\"twitter:creator\" content=\"@LosPoliticosVer\" \/>\n<meta name=\"twitter:site\" content=\"@LosPoliticosVer\" \/>\n<meta name=\"twitter:label1\" content=\"Escrito por\" \/>\n\t<meta name=\"twitter:data1\" content=\"Lo viste en Los Pol\u00edticos\" \/>\n\t<meta name=\"twitter:label2\" content=\"Tiempo de lectura\" \/>\n\t<meta name=\"twitter:data2\" content=\"3 minutos\" \/>\n<script type=\"application\/ld+json\" class=\"yoast-schema-graph\">{\"@context\":\"https:\\\/\\\/schema.org\",\"@graph\":[{\"@type\":\"Article\",\"@id\":\"https:\\\/\\\/lospoliticosveracruz.com\\\/?p=16508#article\",\"isPartOf\":{\"@id\":\"https:\\\/\\\/lospoliticosveracruz.com\\\/?p=16508\"},\"author\":{\"name\":\"Lo viste en Los Pol\u00edticos\",\"@id\":\"https:\\\/\\\/lospoliticosveracruz.com\\\/#\\\/schema\\\/person\\\/b8702bb0e538456e6efd07080bf2a4a2\"},\"headline\":\"Tom\u00e1s la busca\",\"datePublished\":\"2015-06-17T03:53:37+00:00\",\"mainEntityOfPage\":{\"@id\":\"https:\\\/\\\/lospoliticosveracruz.com\\\/?p=16508\"},\"wordCount\":621,\"commentCount\":0,\"publisher\":{\"@id\":\"https:\\\/\\\/lospoliticosveracruz.com\\\/#organization\"},\"keywords\":[\"Eleaney Sesma\",\"Joaqu\u00edn Rosas\",\"Manuel Rosete\",\"puente sumergido Coatzacoalcos\",\"Revisiones RTV\",\"Salvador Mu\u00f1oz\",\"Sergio Gonz\u00e1lez Levet\",\"Tom\u00e1s Ruiz Gonz\u00e1lez\"],\"articleSection\":[\"De Opini\u00f3n\"],\"inLanguage\":\"es\",\"potentialAction\":[{\"@type\":\"CommentAction\",\"name\":\"Comment\",\"target\":[\"https:\\\/\\\/lospoliticosveracruz.com\\\/?p=16508#respond\"]}]},{\"@type\":\"WebPage\",\"@id\":\"https:\\\/\\\/lospoliticosveracruz.com\\\/?p=16508\",\"url\":\"https:\\\/\\\/lospoliticosveracruz.com\\\/?p=16508\",\"name\":\"Tom\u00e1s la busca - Los pol\u00edticos Veracruz\",\"isPartOf\":{\"@id\":\"https:\\\/\\\/lospoliticosveracruz.com\\\/#website\"},\"datePublished\":\"2015-06-17T03:53:37+00:00\",\"breadcrumb\":{\"@id\":\"https:\\\/\\\/lospoliticosveracruz.com\\\/?p=16508#breadcrumb\"},\"inLanguage\":\"es\",\"potentialAction\":[{\"@type\":\"ReadAction\",\"target\":[\"https:\\\/\\\/lospoliticosveracruz.com\\\/?p=16508\"]}]},{\"@type\":\"BreadcrumbList\",\"@id\":\"https:\\\/\\\/lospoliticosveracruz.com\\\/?p=16508#breadcrumb\",\"itemListElement\":[{\"@type\":\"ListItem\",\"position\":1,\"name\":\"Portada\",\"item\":\"https:\\\/\\\/lospoliticosveracruz.com\\\/\"},{\"@type\":\"ListItem\",\"position\":2,\"name\":\"Tom\u00e1s la busca\"}]},{\"@type\":\"WebSite\",\"@id\":\"https:\\\/\\\/lospoliticosveracruz.com\\\/#website\",\"url\":\"https:\\\/\\\/lospoliticosveracruz.com\\\/\",\"name\":\"Los pol\u00edticos Veracruz\",\"description\":\"\",\"publisher\":{\"@id\":\"https:\\\/\\\/lospoliticosveracruz.com\\\/#organization\"},\"potentialAction\":[{\"@type\":\"SearchAction\",\"target\":{\"@type\":\"EntryPoint\",\"urlTemplate\":\"https:\\\/\\\/lospoliticosveracruz.com\\\/?s={search_term_string}\"},\"query-input\":{\"@type\":\"PropertyValueSpecification\",\"valueRequired\":true,\"valueName\":\"search_term_string\"}}],\"inLanguage\":\"es\"},{\"@type\":\"Organization\",\"@id\":\"https:\\\/\\\/lospoliticosveracruz.com\\\/#organization\",\"name\":\"Los pol\u00edticos Veracruz\",\"url\":\"https:\\\/\\\/lospoliticosveracruz.com\\\/\",\"logo\":{\"@type\":\"ImageObject\",\"inLanguage\":\"es\",\"@id\":\"https:\\\/\\\/lospoliticosveracruz.com\\\/#\\\/schema\\\/logo\\\/image\\\/\",\"url\":\"https:\\\/\\\/lospoliticosveracruz.com\\\/wp-content\\\/uploads\\\/2025\\\/12\\\/Logo-Nuevo-LOS-POLITICOS-1.jpg\",\"contentUrl\":\"https:\\\/\\\/lospoliticosveracruz.com\\\/wp-content\\\/uploads\\\/2025\\\/12\\\/Logo-Nuevo-LOS-POLITICOS-1.jpg\",\"width\":260,\"height\":70,\"caption\":\"Los pol\u00edticos Veracruz\"},\"image\":{\"@id\":\"https:\\\/\\\/lospoliticosveracruz.com\\\/#\\\/schema\\\/logo\\\/image\\\/\"},\"sameAs\":[\"https:\\\/\\\/www.facebook.com\\\/people\\\/Notimemes-de-los-Polticos\\\/61565672886568\\\/\",\"https:\\\/\\\/x.com\\\/LosPoliticosVer\"]},{\"@type\":\"Person\",\"@id\":\"https:\\\/\\\/lospoliticosveracruz.com\\\/#\\\/schema\\\/person\\\/b8702bb0e538456e6efd07080bf2a4a2\",\"name\":\"Lo viste en Los Pol\u00edticos\",\"image\":{\"@type\":\"ImageObject\",\"inLanguage\":\"es\",\"@id\":\"https:\\\/\\\/secure.gravatar.com\\\/avatar\\\/3a8de04a2656d44082be478bd6c086daa447c4651605818287b9532d3d0bd435?s=96&d=mm&r=g\",\"url\":\"https:\\\/\\\/secure.gravatar.com\\\/avatar\\\/3a8de04a2656d44082be478bd6c086daa447c4651605818287b9532d3d0bd435?s=96&d=mm&r=g\",\"contentUrl\":\"https:\\\/\\\/secure.gravatar.com\\\/avatar\\\/3a8de04a2656d44082be478bd6c086daa447c4651605818287b9532d3d0bd435?s=96&d=mm&r=g\",\"caption\":\"Lo viste en Los Pol\u00edticos\"},\"url\":\"https:\\\/\\\/lospoliticosveracruz.com\\\/?author=2\"}]}<\/script>\n<!-- \/ Yoast SEO plugin. -->","yoast_head_json":{"title":"Tom\u00e1s la busca - Los pol\u00edticos Veracruz","robots":{"index":"index","follow":"follow","max-snippet":"max-snippet:-1","max-image-preview":"max-image-preview:large","max-video-preview":"max-video-preview:-1"},"canonical":"https:\/\/lospoliticosveracruz.com\/?p=16508","og_locale":"es_ES","og_type":"article","og_title":"Tom\u00e1s la busca - Los pol\u00edticos Veracruz","og_description":"Salvador Mu\u00f1oz Los Pol\u00edticos Ya casi concluye el programa \u201cRevisiones\u201d en RTV y sale el tema de la gubernatura de dos o 5 a\u00f1os as\u00ed como los potenciales aspirantes. No recuerdo qui\u00e9n cita a Tom\u00e1s Ruiz Gonz\u00e1lez entre \u00e9stos y digo, palabras m\u00e1s, palabras menos: \u201c\u00bfPara gobernador de Yucat\u00e1n?\u201d Joaqu\u00edn Rosas me precisa: \u201c\u00a1Es veracruzano!\u201d [&hellip;]","og_url":"https:\/\/lospoliticosveracruz.com\/?p=16508","og_site_name":"Los pol\u00edticos Veracruz","article_publisher":"https:\/\/www.facebook.com\/people\/Notimemes-de-los-Polticos\/61565672886568\/","article_published_time":"2015-06-17T03:53:37+00:00","og_image":[{"width":200,"height":200,"url":"https:\/\/lospoliticosveracruz.com\/wp-content\/uploads\/2016\/07\/Logo-Dor.jpg","type":"image\/jpeg"}],"author":"Lo viste en Los Pol\u00edticos","twitter_card":"summary_large_image","twitter_creator":"@LosPoliticosVer","twitter_site":"@LosPoliticosVer","twitter_misc":{"Escrito por":"Lo viste en Los Pol\u00edticos","Tiempo de lectura":"3 minutos"},"schema":{"@context":"https:\/\/schema.org","@graph":[{"@type":"Article","@id":"https:\/\/lospoliticosveracruz.com\/?p=16508#article","isPartOf":{"@id":"https:\/\/lospoliticosveracruz.com\/?p=16508"},"author":{"name":"Lo viste en Los Pol\u00edticos","@id":"https:\/\/lospoliticosveracruz.com\/#\/schema\/person\/b8702bb0e538456e6efd07080bf2a4a2"},"headline":"Tom\u00e1s la busca","datePublished":"2015-06-17T03:53:37+00:00","mainEntityOfPage":{"@id":"https:\/\/lospoliticosveracruz.com\/?p=16508"},"wordCount":621,"commentCount":0,"publisher":{"@id":"https:\/\/lospoliticosveracruz.com\/#organization"},"keywords":["Eleaney Sesma","Joaqu\u00edn Rosas","Manuel Rosete","puente sumergido Coatzacoalcos","Revisiones RTV","Salvador Mu\u00f1oz","Sergio Gonz\u00e1lez Levet","Tom\u00e1s Ruiz Gonz\u00e1lez"],"articleSection":["De Opini\u00f3n"],"inLanguage":"es","potentialAction":[{"@type":"CommentAction","name":"Comment","target":["https:\/\/lospoliticosveracruz.com\/?p=16508#respond"]}]},{"@type":"WebPage","@id":"https:\/\/lospoliticosveracruz.com\/?p=16508","url":"https:\/\/lospoliticosveracruz.com\/?p=16508","name":"Tom\u00e1s la busca - Los pol\u00edticos Veracruz","isPartOf":{"@id":"https:\/\/lospoliticosveracruz.com\/#website"},"datePublished":"2015-06-17T03:53:37+00:00","breadcrumb":{"@id":"https:\/\/lospoliticosveracruz.com\/?p=16508#breadcrumb"},"inLanguage":"es","potentialAction":[{"@type":"ReadAction","target":["https:\/\/lospoliticosveracruz.com\/?p=16508"]}]},{"@type":"BreadcrumbList","@id":"https:\/\/lospoliticosveracruz.com\/?p=16508#breadcrumb","itemListElement":[{"@type":"ListItem","position":1,"name":"Portada","item":"https:\/\/lospoliticosveracruz.com\/"},{"@type":"ListItem","position":2,"name":"Tom\u00e1s la busca"}]},{"@type":"WebSite","@id":"https:\/\/lospoliticosveracruz.com\/#website","url":"https:\/\/lospoliticosveracruz.com\/","name":"Los pol\u00edticos Veracruz","description":"","publisher":{"@id":"https:\/\/lospoliticosveracruz.com\/#organization"},"potentialAction":[{"@type":"SearchAction","target":{"@type":"EntryPoint","urlTemplate":"https:\/\/lospoliticosveracruz.com\/?s={search_term_string}"},"query-input":{"@type":"PropertyValueSpecification","valueRequired":true,"valueName":"search_term_string"}}],"inLanguage":"es"},{"@type":"Organization","@id":"https:\/\/lospoliticosveracruz.com\/#organization","name":"Los pol\u00edticos Veracruz","url":"https:\/\/lospoliticosveracruz.com\/","logo":{"@type":"ImageObject","inLanguage":"es","@id":"https:\/\/lospoliticosveracruz.com\/#\/schema\/logo\/image\/","url":"https:\/\/lospoliticosveracruz.com\/wp-content\/uploads\/2025\/12\/Logo-Nuevo-LOS-POLITICOS-1.jpg","contentUrl":"https:\/\/lospoliticosveracruz.com\/wp-content\/uploads\/2025\/12\/Logo-Nuevo-LOS-POLITICOS-1.jpg","width":260,"height":70,"caption":"Los pol\u00edticos Veracruz"},"image":{"@id":"https:\/\/lospoliticosveracruz.com\/#\/schema\/logo\/image\/"},"sameAs":["https:\/\/www.facebook.com\/people\/Notimemes-de-los-Polticos\/61565672886568\/","https:\/\/x.com\/LosPoliticosVer"]},{"@type":"Person","@id":"https:\/\/lospoliticosveracruz.com\/#\/schema\/person\/b8702bb0e538456e6efd07080bf2a4a2","name":"Lo viste en Los Pol\u00edticos","image":{"@type":"ImageObject","inLanguage":"es","@id":"https:\/\/secure.gravatar.com\/avatar\/3a8de04a2656d44082be478bd6c086daa447c4651605818287b9532d3d0bd435?s=96&d=mm&r=g","url":"https:\/\/secure.gravatar.com\/avatar\/3a8de04a2656d44082be478bd6c086daa447c4651605818287b9532d3d0bd435?s=96&d=mm&r=g","contentUrl":"https:\/\/secure.gravatar.com\/avatar\/3a8de04a2656d44082be478bd6c086daa447c4651605818287b9532d3d0bd435?s=96&d=mm&r=g","caption":"Lo viste en Los Pol\u00edticos"},"url":"https:\/\/lospoliticosveracruz.com\/?author=2"}]}},"_links":{"self":[{"href":"https:\/\/lospoliticosveracruz.com\/index.php?rest_route=\/wp\/v2\/posts\/16508","targetHints":{"allow":["GET"]}}],"collection":[{"href":"https:\/\/lospoliticosveracruz.com\/index.php?rest_route=\/wp\/v2\/posts"}],"about":[{"href":"https:\/\/lospoliticosveracruz.com\/index.php?rest_route=\/wp\/v2\/types\/post"}],"author":[{"embeddable":true,"href":"https:\/\/lospoliticosveracruz.com\/index.php?rest_route=\/wp\/v2\/users\/2"}],"replies":[{"embeddable":true,"href":"https:\/\/lospoliticosveracruz.com\/index.php?rest_route=%2Fwp%2Fv2%2Fcomments&post=16508"}],"version-history":[{"count":1,"href":"https:\/\/lospoliticosveracruz.com\/index.php?rest_route=\/wp\/v2\/posts\/16508\/revisions"}],"predecessor-version":[{"id":16509,"href":"https:\/\/lospoliticosveracruz.com\/index.php?rest_route=\/wp\/v2\/posts\/16508\/revisions\/16509"}],"wp:attachment":[{"href":"https:\/\/lospoliticosveracruz.com\/index.php?rest_route=%2Fwp%2Fv2%2Fmedia&parent=16508"}],"wp:term":[{"taxonomy":"category","embeddable":true,"href":"https:\/\/lospoliticosveracruz.com\/index.php?rest_route=%2Fwp%2Fv2%2Fcategories&post=16508"},{"taxonomy":"post_tag","embeddable":true,"href":"https:\/\/lospoliticosveracruz.com\/index.php?rest_route=%2Fwp%2Fv2%2Ftags&post=16508"}],"curies":[{"name":"wp","href":"https:\/\/api.w.org\/{rel}","templated":true}]}}