{"id":165471,"date":"2026-03-06T19:40:41","date_gmt":"2026-03-07T01:40:41","guid":{"rendered":"https:\/\/lospoliticosveracruz.com\/?p=165471"},"modified":"2026-03-06T19:40:42","modified_gmt":"2026-03-07T01:40:42","slug":"boca-ciudad-ejemplo-y-mundialista","status":"publish","type":"post","link":"https:\/\/lospoliticosveracruz.com\/?p=165471","title":{"rendered":"BOCA, CIUDAD EJEMPLO Y MUNDIALISTA!"},"content":{"rendered":"\n<p>La alcaldesa de Boca del R\u00edo, Maryjose Gamboa Torales, dio la bienvenida al Trofeo Original de la Copa Mundial de la FIFA 2026, como parte de la gira internacional previa al Mundial de f\u00fatbol que organizar\u00e1n M\u00e9xico, Estados Unidos y Canad\u00e1.<\/p>\n\n\n\n<p>\u201cEs un enorme orgullo y honor recibir a tanta gente y aparte, entiendo que esta presentaci\u00f3n la est\u00e1n haciendo en varias ciudades y en varios estados y qu\u00e9 orgullo que sea aqu\u00ed en Boca del R\u00edo, que tenemos uno de los objetivos prioritarios, que es lograr que nos proyectemos como un municipio en el que pueden venir turistas\u201d, coment\u00f3.<\/p>\n\n\n\n<p>Destac\u00f3 que es de gran importancia recibir un evento de este tipo, ya que permite presentar a los boque\u00f1os uno de los s\u00edmbolos deportivos m\u00e1s importantes del deporte internacional.<\/p>\n\n\n\n<p>El trofeo est\u00e1 elaborado en oro macizo de 18 quilates y tiene un peso de 6.1 kilogramos; su dise\u00f1o representa a dos figuras humanas sosteniendo el mundo.<\/p>\n\n\n\n<p>La presidenta municipal se\u00f1al\u00f3 que Boca del R\u00edo es uno de los municipios del estado de Veracruz donde un mayor porcentaje de la poblaci\u00f3n vive del turismo, ya que el 64 por ciento del empleo formal depende de esta actividad.<\/p>\n\n\n\n<p>En ese sentido, inform\u00f3 que ya se realizan trabajos de preparaci\u00f3n rumbo al pr\u00f3ximo periodo vacacional de Semana Santa.<\/p>\n\n\n\n<p>Detall\u00f3 que se han intensificado las labores de limpieza en las playas del municipio. \u201cYa empezamos con limpieza, bueno las limpiezas de playas, de las nueve playas se hacen todos los d\u00edas, pero ahorita se est\u00e1 haciendo con unas m\u00e1quinas especiales, se est\u00e1 quitando m\u00e1s arena que despu\u00e9s de los nortes pues siempre se acumula y ya se empieza con la limpieza\u201d.<\/p>\n\n\n\n<p>Asimismo, indic\u00f3 que se trabaja en la rehabilitaci\u00f3n de los muros en la zona de bulevares y que se mantiene di\u00e1logo con los palaperos para impulsar un programa especial de embellecimiento de las playas del municipio.<\/p>\n\n\n\n<p>La Presidenta Municipal, Maryjose Gamboa Torales, reiter\u00f3 que Boca del R\u00edo cuenta con una infraestructura moderna y amplia para recibir todo tipo de evento nacional o internacional, as\u00ed como visitantes de cualquier parte de M\u00e9xico y el mundo.<\/p>\n","protected":false},"excerpt":{"rendered":"<p>La alcaldesa de Boca del R\u00edo, Maryjose Gamboa Torales, dio la bienvenida al Trofeo Original de la Copa Mundial de la FIFA 2026, como parte de la gira internacional previa al Mundial de f\u00fatbol que organizar\u00e1n M\u00e9xico, Estados Unidos y Canad\u00e1. \u201cEs un enorme orgullo y honor recibir a tanta gente y aparte, entiendo que [&hellip;]<\/p>\n","protected":false},"author":2,"featured_media":165472,"comment_status":"closed","ping_status":"closed","sticky":false,"template":"","format":"standard","meta":{"tdm_status":"","tdm_grid_status":"","footnotes":""},"categories":[73],"tags":[56692,56693,56691,27136,56690],"class_list":{"0":"post-165471","1":"post","2":"type-post","3":"status-publish","4":"format-standard","5":"has-post-thumbnail","7":"category-de-boleto","8":"tag-boca-del-rio-municipio-turistico","9":"tag-gira-del-trofeo-del-mundial-en-mexico","10":"tag-limpieza-de-playas-semana-santa-2026","11":"tag-maryjose-gamboa-torales-2","12":"tag-trofeo-de-la-copa-mundial-fifa-2026"},"yoast_head":"<!-- This site is optimized with the Yoast SEO plugin v27.4 - https:\/\/yoast.com\/product\/yoast-seo-wordpress\/ -->\n<title>BOCA, CIUDAD EJEMPLO Y MUNDIALISTA! - Los pol\u00edticos Veracruz<\/title>\n<meta name=\"robots\" content=\"index, follow, max-snippet:-1, max-image-preview:large, max-video-preview:-1\" \/>\n<link rel=\"canonical\" href=\"https:\/\/lospoliticosveracruz.com\/?p=165471\" \/>\n<meta property=\"og:locale\" content=\"es_ES\" \/>\n<meta property=\"og:type\" content=\"article\" \/>\n<meta property=\"og:title\" content=\"BOCA, CIUDAD EJEMPLO Y MUNDIALISTA! - Los pol\u00edticos Veracruz\" \/>\n<meta property=\"og:description\" content=\"La alcaldesa de Boca del R\u00edo, Maryjose Gamboa Torales, dio la bienvenida al Trofeo Original de la Copa Mundial de la FIFA 2026, como parte de la gira internacional previa al Mundial de f\u00fatbol que organizar\u00e1n M\u00e9xico, Estados Unidos y Canad\u00e1. \u201cEs un enorme orgullo y honor recibir a tanta gente y aparte, entiendo que [&hellip;]\" \/>\n<meta property=\"og:url\" content=\"https:\/\/lospoliticosveracruz.com\/?p=165471\" \/>\n<meta property=\"og:site_name\" content=\"Los pol\u00edticos Veracruz\" \/>\n<meta property=\"article:publisher\" content=\"https:\/\/www.facebook.com\/people\/Notimemes-de-los-Polticos\/61565672886568\/\" \/>\n<meta property=\"article:published_time\" content=\"2026-03-07T01:40:41+00:00\" \/>\n<meta property=\"article:modified_time\" content=\"2026-03-07T01:40:42+00:00\" \/>\n<meta property=\"og:image\" content=\"https:\/\/lospoliticosveracruz.com\/wp-content\/uploads\/2026\/03\/Rosa-nahle-MaryJose-.jpg\" \/>\n\t<meta property=\"og:image:width\" content=\"600\" \/>\n\t<meta property=\"og:image:height\" content=\"320\" \/>\n\t<meta property=\"og:image:type\" content=\"image\/jpeg\" \/>\n<meta name=\"author\" content=\"Lo viste en Los Pol\u00edticos\" \/>\n<meta name=\"twitter:card\" content=\"summary_large_image\" \/>\n<meta name=\"twitter:creator\" content=\"@LosPoliticosVer\" \/>\n<meta name=\"twitter:site\" content=\"@LosPoliticosVer\" \/>\n<meta name=\"twitter:label1\" content=\"Escrito por\" \/>\n\t<meta name=\"twitter:data1\" content=\"Lo viste en Los Pol\u00edticos\" \/>\n\t<meta name=\"twitter:label2\" content=\"Tiempo de lectura\" \/>\n\t<meta name=\"twitter:data2\" content=\"2 minutos\" \/>\n<script type=\"application\/ld+json\" class=\"yoast-schema-graph\">{\"@context\":\"https:\\\/\\\/schema.org\",\"@graph\":[{\"@type\":\"Article\",\"@id\":\"https:\\\/\\\/lospoliticosveracruz.com\\\/?p=165471#article\",\"isPartOf\":{\"@id\":\"https:\\\/\\\/lospoliticosveracruz.com\\\/?p=165471\"},\"author\":{\"name\":\"Lo viste en Los Pol\u00edticos\",\"@id\":\"https:\\\/\\\/lospoliticosveracruz.com\\\/#\\\/schema\\\/person\\\/b8702bb0e538456e6efd07080bf2a4a2\"},\"headline\":\"BOCA, CIUDAD EJEMPLO Y MUNDIALISTA!\",\"datePublished\":\"2026-03-07T01:40:41+00:00\",\"dateModified\":\"2026-03-07T01:40:42+00:00\",\"mainEntityOfPage\":{\"@id\":\"https:\\\/\\\/lospoliticosveracruz.com\\\/?p=165471\"},\"wordCount\":376,\"publisher\":{\"@id\":\"https:\\\/\\\/lospoliticosveracruz.com\\\/#organization\"},\"image\":{\"@id\":\"https:\\\/\\\/lospoliticosveracruz.com\\\/?p=165471#primaryimage\"},\"thumbnailUrl\":\"https:\\\/\\\/lospoliticosveracruz.com\\\/wp-content\\\/uploads\\\/2026\\\/03\\\/Rosa-nahle-MaryJose-.jpg\",\"keywords\":[\"Boca del R\u00edo municipio tur\u00edstico\",\"gira del trofeo del mundial en M\u00e9xico\",\"limpieza de playas Semana Santa 2026\",\"Maryjose Gamboa Torales\",\"Trofeo de la Copa Mundial FIFA 2026\"],\"articleSection\":[\"De Boleto\"],\"inLanguage\":\"es\"},{\"@type\":\"WebPage\",\"@id\":\"https:\\\/\\\/lospoliticosveracruz.com\\\/?p=165471\",\"url\":\"https:\\\/\\\/lospoliticosveracruz.com\\\/?p=165471\",\"name\":\"BOCA, CIUDAD EJEMPLO Y MUNDIALISTA! - Los pol\u00edticos Veracruz\",\"isPartOf\":{\"@id\":\"https:\\\/\\\/lospoliticosveracruz.com\\\/#website\"},\"primaryImageOfPage\":{\"@id\":\"https:\\\/\\\/lospoliticosveracruz.com\\\/?p=165471#primaryimage\"},\"image\":{\"@id\":\"https:\\\/\\\/lospoliticosveracruz.com\\\/?p=165471#primaryimage\"},\"thumbnailUrl\":\"https:\\\/\\\/lospoliticosveracruz.com\\\/wp-content\\\/uploads\\\/2026\\\/03\\\/Rosa-nahle-MaryJose-.jpg\",\"datePublished\":\"2026-03-07T01:40:41+00:00\",\"dateModified\":\"2026-03-07T01:40:42+00:00\",\"breadcrumb\":{\"@id\":\"https:\\\/\\\/lospoliticosveracruz.com\\\/?p=165471#breadcrumb\"},\"inLanguage\":\"es\",\"potentialAction\":[{\"@type\":\"ReadAction\",\"target\":[\"https:\\\/\\\/lospoliticosveracruz.com\\\/?p=165471\"]}]},{\"@type\":\"ImageObject\",\"inLanguage\":\"es\",\"@id\":\"https:\\\/\\\/lospoliticosveracruz.com\\\/?p=165471#primaryimage\",\"url\":\"https:\\\/\\\/lospoliticosveracruz.com\\\/wp-content\\\/uploads\\\/2026\\\/03\\\/Rosa-nahle-MaryJose-.jpg\",\"contentUrl\":\"https:\\\/\\\/lospoliticosveracruz.com\\\/wp-content\\\/uploads\\\/2026\\\/03\\\/Rosa-nahle-MaryJose-.jpg\",\"width\":600,\"height\":320},{\"@type\":\"BreadcrumbList\",\"@id\":\"https:\\\/\\\/lospoliticosveracruz.com\\\/?p=165471#breadcrumb\",\"itemListElement\":[{\"@type\":\"ListItem\",\"position\":1,\"name\":\"Portada\",\"item\":\"https:\\\/\\\/lospoliticosveracruz.com\\\/\"},{\"@type\":\"ListItem\",\"position\":2,\"name\":\"BOCA, CIUDAD EJEMPLO Y MUNDIALISTA!\"}]},{\"@type\":\"WebSite\",\"@id\":\"https:\\\/\\\/lospoliticosveracruz.com\\\/#website\",\"url\":\"https:\\\/\\\/lospoliticosveracruz.com\\\/\",\"name\":\"Los pol\u00edticos Veracruz\",\"description\":\"\",\"publisher\":{\"@id\":\"https:\\\/\\\/lospoliticosveracruz.com\\\/#organization\"},\"potentialAction\":[{\"@type\":\"SearchAction\",\"target\":{\"@type\":\"EntryPoint\",\"urlTemplate\":\"https:\\\/\\\/lospoliticosveracruz.com\\\/?s={search_term_string}\"},\"query-input\":{\"@type\":\"PropertyValueSpecification\",\"valueRequired\":true,\"valueName\":\"search_term_string\"}}],\"inLanguage\":\"es\"},{\"@type\":\"Organization\",\"@id\":\"https:\\\/\\\/lospoliticosveracruz.com\\\/#organization\",\"name\":\"Los pol\u00edticos Veracruz\",\"url\":\"https:\\\/\\\/lospoliticosveracruz.com\\\/\",\"logo\":{\"@type\":\"ImageObject\",\"inLanguage\":\"es\",\"@id\":\"https:\\\/\\\/lospoliticosveracruz.com\\\/#\\\/schema\\\/logo\\\/image\\\/\",\"url\":\"https:\\\/\\\/lospoliticosveracruz.com\\\/wp-content\\\/uploads\\\/2025\\\/12\\\/Logo-Nuevo-LOS-POLITICOS-1.jpg\",\"contentUrl\":\"https:\\\/\\\/lospoliticosveracruz.com\\\/wp-content\\\/uploads\\\/2025\\\/12\\\/Logo-Nuevo-LOS-POLITICOS-1.jpg\",\"width\":260,\"height\":70,\"caption\":\"Los pol\u00edticos Veracruz\"},\"image\":{\"@id\":\"https:\\\/\\\/lospoliticosveracruz.com\\\/#\\\/schema\\\/logo\\\/image\\\/\"},\"sameAs\":[\"https:\\\/\\\/www.facebook.com\\\/people\\\/Notimemes-de-los-Polticos\\\/61565672886568\\\/\",\"https:\\\/\\\/x.com\\\/LosPoliticosVer\"]},{\"@type\":\"Person\",\"@id\":\"https:\\\/\\\/lospoliticosveracruz.com\\\/#\\\/schema\\\/person\\\/b8702bb0e538456e6efd07080bf2a4a2\",\"name\":\"Lo viste en Los Pol\u00edticos\",\"image\":{\"@type\":\"ImageObject\",\"inLanguage\":\"es\",\"@id\":\"https:\\\/\\\/secure.gravatar.com\\\/avatar\\\/3a8de04a2656d44082be478bd6c086daa447c4651605818287b9532d3d0bd435?s=96&d=mm&r=g\",\"url\":\"https:\\\/\\\/secure.gravatar.com\\\/avatar\\\/3a8de04a2656d44082be478bd6c086daa447c4651605818287b9532d3d0bd435?s=96&d=mm&r=g\",\"contentUrl\":\"https:\\\/\\\/secure.gravatar.com\\\/avatar\\\/3a8de04a2656d44082be478bd6c086daa447c4651605818287b9532d3d0bd435?s=96&d=mm&r=g\",\"caption\":\"Lo viste en Los Pol\u00edticos\"},\"url\":\"https:\\\/\\\/lospoliticosveracruz.com\\\/?author=2\"}]}<\/script>\n<!-- \/ Yoast SEO plugin. -->","yoast_head_json":{"title":"BOCA, CIUDAD EJEMPLO Y MUNDIALISTA! - Los pol\u00edticos Veracruz","robots":{"index":"index","follow":"follow","max-snippet":"max-snippet:-1","max-image-preview":"max-image-preview:large","max-video-preview":"max-video-preview:-1"},"canonical":"https:\/\/lospoliticosveracruz.com\/?p=165471","og_locale":"es_ES","og_type":"article","og_title":"BOCA, CIUDAD EJEMPLO Y MUNDIALISTA! - Los pol\u00edticos Veracruz","og_description":"La alcaldesa de Boca del R\u00edo, Maryjose Gamboa Torales, dio la bienvenida al Trofeo Original de la Copa Mundial de la FIFA 2026, como parte de la gira internacional previa al Mundial de f\u00fatbol que organizar\u00e1n M\u00e9xico, Estados Unidos y Canad\u00e1. \u201cEs un enorme orgullo y honor recibir a tanta gente y aparte, entiendo que [&hellip;]","og_url":"https:\/\/lospoliticosveracruz.com\/?p=165471","og_site_name":"Los pol\u00edticos Veracruz","article_publisher":"https:\/\/www.facebook.com\/people\/Notimemes-de-los-Polticos\/61565672886568\/","article_published_time":"2026-03-07T01:40:41+00:00","article_modified_time":"2026-03-07T01:40:42+00:00","og_image":[{"width":600,"height":320,"url":"https:\/\/lospoliticosveracruz.com\/wp-content\/uploads\/2026\/03\/Rosa-nahle-MaryJose-.jpg","type":"image\/jpeg"}],"author":"Lo viste en Los Pol\u00edticos","twitter_card":"summary_large_image","twitter_creator":"@LosPoliticosVer","twitter_site":"@LosPoliticosVer","twitter_misc":{"Escrito por":"Lo viste en Los Pol\u00edticos","Tiempo de lectura":"2 minutos"},"schema":{"@context":"https:\/\/schema.org","@graph":[{"@type":"Article","@id":"https:\/\/lospoliticosveracruz.com\/?p=165471#article","isPartOf":{"@id":"https:\/\/lospoliticosveracruz.com\/?p=165471"},"author":{"name":"Lo viste en Los Pol\u00edticos","@id":"https:\/\/lospoliticosveracruz.com\/#\/schema\/person\/b8702bb0e538456e6efd07080bf2a4a2"},"headline":"BOCA, CIUDAD EJEMPLO Y MUNDIALISTA!","datePublished":"2026-03-07T01:40:41+00:00","dateModified":"2026-03-07T01:40:42+00:00","mainEntityOfPage":{"@id":"https:\/\/lospoliticosveracruz.com\/?p=165471"},"wordCount":376,"publisher":{"@id":"https:\/\/lospoliticosveracruz.com\/#organization"},"image":{"@id":"https:\/\/lospoliticosveracruz.com\/?p=165471#primaryimage"},"thumbnailUrl":"https:\/\/lospoliticosveracruz.com\/wp-content\/uploads\/2026\/03\/Rosa-nahle-MaryJose-.jpg","keywords":["Boca del R\u00edo municipio tur\u00edstico","gira del trofeo del mundial en M\u00e9xico","limpieza de playas Semana Santa 2026","Maryjose Gamboa Torales","Trofeo de la Copa Mundial FIFA 2026"],"articleSection":["De Boleto"],"inLanguage":"es"},{"@type":"WebPage","@id":"https:\/\/lospoliticosveracruz.com\/?p=165471","url":"https:\/\/lospoliticosveracruz.com\/?p=165471","name":"BOCA, CIUDAD EJEMPLO Y MUNDIALISTA! - Los pol\u00edticos Veracruz","isPartOf":{"@id":"https:\/\/lospoliticosveracruz.com\/#website"},"primaryImageOfPage":{"@id":"https:\/\/lospoliticosveracruz.com\/?p=165471#primaryimage"},"image":{"@id":"https:\/\/lospoliticosveracruz.com\/?p=165471#primaryimage"},"thumbnailUrl":"https:\/\/lospoliticosveracruz.com\/wp-content\/uploads\/2026\/03\/Rosa-nahle-MaryJose-.jpg","datePublished":"2026-03-07T01:40:41+00:00","dateModified":"2026-03-07T01:40:42+00:00","breadcrumb":{"@id":"https:\/\/lospoliticosveracruz.com\/?p=165471#breadcrumb"},"inLanguage":"es","potentialAction":[{"@type":"ReadAction","target":["https:\/\/lospoliticosveracruz.com\/?p=165471"]}]},{"@type":"ImageObject","inLanguage":"es","@id":"https:\/\/lospoliticosveracruz.com\/?p=165471#primaryimage","url":"https:\/\/lospoliticosveracruz.com\/wp-content\/uploads\/2026\/03\/Rosa-nahle-MaryJose-.jpg","contentUrl":"https:\/\/lospoliticosveracruz.com\/wp-content\/uploads\/2026\/03\/Rosa-nahle-MaryJose-.jpg","width":600,"height":320},{"@type":"BreadcrumbList","@id":"https:\/\/lospoliticosveracruz.com\/?p=165471#breadcrumb","itemListElement":[{"@type":"ListItem","position":1,"name":"Portada","item":"https:\/\/lospoliticosveracruz.com\/"},{"@type":"ListItem","position":2,"name":"BOCA, CIUDAD EJEMPLO Y MUNDIALISTA!"}]},{"@type":"WebSite","@id":"https:\/\/lospoliticosveracruz.com\/#website","url":"https:\/\/lospoliticosveracruz.com\/","name":"Los pol\u00edticos Veracruz","description":"","publisher":{"@id":"https:\/\/lospoliticosveracruz.com\/#organization"},"potentialAction":[{"@type":"SearchAction","target":{"@type":"EntryPoint","urlTemplate":"https:\/\/lospoliticosveracruz.com\/?s={search_term_string}"},"query-input":{"@type":"PropertyValueSpecification","valueRequired":true,"valueName":"search_term_string"}}],"inLanguage":"es"},{"@type":"Organization","@id":"https:\/\/lospoliticosveracruz.com\/#organization","name":"Los pol\u00edticos Veracruz","url":"https:\/\/lospoliticosveracruz.com\/","logo":{"@type":"ImageObject","inLanguage":"es","@id":"https:\/\/lospoliticosveracruz.com\/#\/schema\/logo\/image\/","url":"https:\/\/lospoliticosveracruz.com\/wp-content\/uploads\/2025\/12\/Logo-Nuevo-LOS-POLITICOS-1.jpg","contentUrl":"https:\/\/lospoliticosveracruz.com\/wp-content\/uploads\/2025\/12\/Logo-Nuevo-LOS-POLITICOS-1.jpg","width":260,"height":70,"caption":"Los pol\u00edticos Veracruz"},"image":{"@id":"https:\/\/lospoliticosveracruz.com\/#\/schema\/logo\/image\/"},"sameAs":["https:\/\/www.facebook.com\/people\/Notimemes-de-los-Polticos\/61565672886568\/","https:\/\/x.com\/LosPoliticosVer"]},{"@type":"Person","@id":"https:\/\/lospoliticosveracruz.com\/#\/schema\/person\/b8702bb0e538456e6efd07080bf2a4a2","name":"Lo viste en Los Pol\u00edticos","image":{"@type":"ImageObject","inLanguage":"es","@id":"https:\/\/secure.gravatar.com\/avatar\/3a8de04a2656d44082be478bd6c086daa447c4651605818287b9532d3d0bd435?s=96&d=mm&r=g","url":"https:\/\/secure.gravatar.com\/avatar\/3a8de04a2656d44082be478bd6c086daa447c4651605818287b9532d3d0bd435?s=96&d=mm&r=g","contentUrl":"https:\/\/secure.gravatar.com\/avatar\/3a8de04a2656d44082be478bd6c086daa447c4651605818287b9532d3d0bd435?s=96&d=mm&r=g","caption":"Lo viste en Los Pol\u00edticos"},"url":"https:\/\/lospoliticosveracruz.com\/?author=2"}]}},"_links":{"self":[{"href":"https:\/\/lospoliticosveracruz.com\/index.php?rest_route=\/wp\/v2\/posts\/165471","targetHints":{"allow":["GET"]}}],"collection":[{"href":"https:\/\/lospoliticosveracruz.com\/index.php?rest_route=\/wp\/v2\/posts"}],"about":[{"href":"https:\/\/lospoliticosveracruz.com\/index.php?rest_route=\/wp\/v2\/types\/post"}],"author":[{"embeddable":true,"href":"https:\/\/lospoliticosveracruz.com\/index.php?rest_route=\/wp\/v2\/users\/2"}],"replies":[{"embeddable":true,"href":"https:\/\/lospoliticosveracruz.com\/index.php?rest_route=%2Fwp%2Fv2%2Fcomments&post=165471"}],"version-history":[{"count":1,"href":"https:\/\/lospoliticosveracruz.com\/index.php?rest_route=\/wp\/v2\/posts\/165471\/revisions"}],"predecessor-version":[{"id":165473,"href":"https:\/\/lospoliticosveracruz.com\/index.php?rest_route=\/wp\/v2\/posts\/165471\/revisions\/165473"}],"wp:featuredmedia":[{"embeddable":true,"href":"https:\/\/lospoliticosveracruz.com\/index.php?rest_route=\/wp\/v2\/media\/165472"}],"wp:attachment":[{"href":"https:\/\/lospoliticosveracruz.com\/index.php?rest_route=%2Fwp%2Fv2%2Fmedia&parent=165471"}],"wp:term":[{"taxonomy":"category","embeddable":true,"href":"https:\/\/lospoliticosveracruz.com\/index.php?rest_route=%2Fwp%2Fv2%2Fcategories&post=165471"},{"taxonomy":"post_tag","embeddable":true,"href":"https:\/\/lospoliticosveracruz.com\/index.php?rest_route=%2Fwp%2Fv2%2Ftags&post=165471"}],"curies":[{"name":"wp","href":"https:\/\/api.w.org\/{rel}","templated":true}]}}