{"id":165543,"date":"2026-03-08T11:54:38","date_gmt":"2026-03-08T17:54:38","guid":{"rendered":"https:\/\/lospoliticosveracruz.com\/?p=165543"},"modified":"2026-03-08T11:54:39","modified_gmt":"2026-03-08T17:54:39","slug":"camina-tranquila","status":"publish","type":"post","link":"https:\/\/lospoliticosveracruz.com\/?p=165543","title":{"rendered":"CAMINA TRANQUILA!"},"content":{"rendered":"\n<p>Rescatar los espacios p\u00fablicos y devolverlos a la comunidad, principalmente a las mujeres, es una de las principales prioridades de la alcaldesa de Boca del R\u00edo, Maryjose Gamboa Torales. Por ello, fue inaugurado el primer Sendero Seguro de su administraci\u00f3n, un espacio pensado como punto de encuentro y pertenencia para las boque\u00f1as.<\/p>\n\n\n\n<p>En el marco del D\u00eda Internacional de la Mujer, la presidenta municipal, reafirm\u00f3 su convicci\u00f3n de construir una ciudad donde ninguna mujer tenga que sentirse sola o vulnerable.<\/p>\n\n\n\n<p>\u201cMe da mucho gusto inaugurar el primer Sendero Seguro de mi gobierno, un espacio que fue completamente rehabilitado para que mujeres, adolescentes y ni\u00f1as puedan transitar con confianza, tranquilidad y dignidad. Este callej\u00f3n no solo fue pintado e iluminado, tambi\u00e9n recibi\u00f3 mantenimiento integral, se colocaron barandales, se ilumin\u00f3, se mejor\u00f3 su imagen y, sobre todo, se dise\u00f1\u00f3 pensando en la seguridad\u201d.<\/p>\n\n\n\n<p>Dicho espacio se encuentra en la calle Nueva Espa\u00f1a, esquina Manuel Su\u00e1rez, de la colonia Luis Echeverr\u00eda, donde se instalaron barandales, se pint\u00f3 en su totalidad, se colocaron 3 luminarias nuevas, adem\u00e1s de un espejo convexo y se limpiaron los terrenos bald\u00edos de la zona.<\/p>\n\n\n\n<p>Acompa\u00f1ada por Mar\u00eda Paula H\u00e1kim Gamboa, explic\u00f3 que cualquier mujer que camine por el Sendero Seguro podr\u00e1 observar y escanear un c\u00f3digo QR que las dirige a Veracruzana Protegida, una plataforma digital creada por el Poder Judicial del Estado, que permite solicitar medidas de protecci\u00f3n inmediatas, sin necesidad de presentar una denuncia formal.<\/p>\n\n\n\n<p>Se trata de acercar estas medidas legales dictadas por una jueza o juez para prevenir amenazas, agresiones, acoso u otros actos de violencia, ya que, a diferencia de otros canales como el 911, esta plataforma otorga facultades espec\u00edficas a las corporaciones policiacas, como ingresar a un domicilio si la v\u00edctima est\u00e1 en riesgo o impedir el acceso del agresor.<\/p>\n\n\n\n<p>Es una v\u00eda inmediata, gratuita y segura que prioriza el derecho de las mujeres a vivir libres de violencia, adem\u00e1s de representar un mensaje claro del gobierno municipal: los espacios p\u00fablicos deben ser seguros para todas las personas, pero especialmente para quienes hist\u00f3ricamente han tenido que caminar con miedo.<\/p>\n\n\n\n<p>Maryjose Gamboa Torales destac\u00f3 que este sendero contar\u00e1 con mantenimiento continuo, ya que la seguridad no se inaugura una sola vez, sino que se cuida todos los d\u00edas. A\u00f1adi\u00f3 que se continuar\u00e1 iluminando y recuperando cada rinc\u00f3n de Boca del R\u00edo que lo necesite.<\/p>\n\n\n\n<p>Finalmente, la alcaldesa enfatiz\u00f3 que estos senderos se conviertan en una insignia de seguridad, de comunidad y de esperanza, porque una ciudad que cuida a sus mujeres, rescata sus espacios y los mantiene vivos, es una verdadera Ciudad Ejemplo.<\/p>\n\n\n\n<p>En la inauguraci\u00f3n estuvieron presentes Sebasti\u00e1n Silva S\u00e1nchez, S\u00edndico \u00danico; Ana Pantoja Andrade, Regidora con la comisi\u00f3n de Igualdad de G\u00e9nero; Judith Pineda Andrade, Secretaria del Ayuntamiento; Blanca Aquino Santiago, Directora del Instituto Municipal de las Mujeres de Boca del R\u00edo; Ana Irene Muro Lagunes, del Movimiento Amplio de Mujeres Veracruz-Boca del R\u00edo y Rosita Toledano Hern\u00e1ndez, vecina de la zona y gestora social.<\/p>\n","protected":false},"excerpt":{"rendered":"<p>Rescatar los espacios p\u00fablicos y devolverlos a la comunidad, principalmente a las mujeres, es una de las principales prioridades de la alcaldesa de Boca del R\u00edo, Maryjose Gamboa Torales. Por ello, fue inaugurado el primer Sendero Seguro de su administraci\u00f3n, un espacio pensado como punto de encuentro y pertenencia para las boque\u00f1as. En el marco [&hellip;]<\/p>\n","protected":false},"author":2,"featured_media":165544,"comment_status":"closed","ping_status":"closed","sticky":false,"template":"","format":"standard","meta":{"tdm_status":"","tdm_grid_status":"","footnotes":""},"categories":[73],"tags":[56743,56742,56745,56741,56744],"class_list":{"0":"post-165543","1":"post","2":"type-post","3":"status-publish","4":"format-standard","5":"has-post-thumbnail","7":"category-de-boleto","8":"tag-dia-internacional-de-la-mujer-boca-del-rio","9":"tag-maryjose-gamboa-torales-sendero-seguro-boca-del-rio","10":"tag-seguridad-mujeres-espacios-publicos-boca-del-rio","11":"tag-senderos-seguros-mujeres-boca-del-rio-veracruz","12":"tag-veracruzana-protegida-plataforma-digital-poder-judicial"},"yoast_head":"<!-- This site is optimized with the Yoast SEO plugin v27.4 - https:\/\/yoast.com\/product\/yoast-seo-wordpress\/ -->\n<title>CAMINA TRANQUILA! - Los pol\u00edticos Veracruz<\/title>\n<meta name=\"robots\" content=\"index, follow, max-snippet:-1, max-image-preview:large, max-video-preview:-1\" \/>\n<link rel=\"canonical\" href=\"https:\/\/lospoliticosveracruz.com\/?p=165543\" \/>\n<meta property=\"og:locale\" content=\"es_ES\" \/>\n<meta property=\"og:type\" content=\"article\" \/>\n<meta property=\"og:title\" content=\"CAMINA TRANQUILA! - Los pol\u00edticos Veracruz\" \/>\n<meta property=\"og:description\" content=\"Rescatar los espacios p\u00fablicos y devolverlos a la comunidad, principalmente a las mujeres, es una de las principales prioridades de la alcaldesa de Boca del R\u00edo, Maryjose Gamboa Torales. Por ello, fue inaugurado el primer Sendero Seguro de su administraci\u00f3n, un espacio pensado como punto de encuentro y pertenencia para las boque\u00f1as. En el marco [&hellip;]\" \/>\n<meta property=\"og:url\" content=\"https:\/\/lospoliticosveracruz.com\/?p=165543\" \/>\n<meta property=\"og:site_name\" content=\"Los pol\u00edticos Veracruz\" \/>\n<meta property=\"article:publisher\" content=\"https:\/\/www.facebook.com\/people\/Notimemes-de-los-Polticos\/61565672886568\/\" \/>\n<meta property=\"article:published_time\" content=\"2026-03-08T17:54:38+00:00\" \/>\n<meta property=\"article:modified_time\" content=\"2026-03-08T17:54:39+00:00\" \/>\n<meta property=\"og:image\" content=\"https:\/\/lospoliticosveracruz.com\/wp-content\/uploads\/2026\/03\/IMG_2209.jpeg\" \/>\n\t<meta property=\"og:image:width\" content=\"600\" \/>\n\t<meta property=\"og:image:height\" content=\"320\" \/>\n\t<meta property=\"og:image:type\" content=\"image\/jpeg\" \/>\n<meta name=\"author\" content=\"Lo viste en Los Pol\u00edticos\" \/>\n<meta name=\"twitter:card\" content=\"summary_large_image\" \/>\n<meta name=\"twitter:creator\" content=\"@LosPoliticosVer\" \/>\n<meta name=\"twitter:site\" content=\"@LosPoliticosVer\" \/>\n<meta name=\"twitter:label1\" content=\"Escrito por\" \/>\n\t<meta name=\"twitter:data1\" content=\"Lo viste en Los Pol\u00edticos\" \/>\n\t<meta name=\"twitter:label2\" content=\"Tiempo de lectura\" \/>\n\t<meta name=\"twitter:data2\" content=\"3 minutos\" \/>\n<script type=\"application\/ld+json\" class=\"yoast-schema-graph\">{\"@context\":\"https:\\\/\\\/schema.org\",\"@graph\":[{\"@type\":\"Article\",\"@id\":\"https:\\\/\\\/lospoliticosveracruz.com\\\/?p=165543#article\",\"isPartOf\":{\"@id\":\"https:\\\/\\\/lospoliticosveracruz.com\\\/?p=165543\"},\"author\":{\"name\":\"Lo viste en Los Pol\u00edticos\",\"@id\":\"https:\\\/\\\/lospoliticosveracruz.com\\\/#\\\/schema\\\/person\\\/b8702bb0e538456e6efd07080bf2a4a2\"},\"headline\":\"CAMINA TRANQUILA!\",\"datePublished\":\"2026-03-08T17:54:38+00:00\",\"dateModified\":\"2026-03-08T17:54:39+00:00\",\"mainEntityOfPage\":{\"@id\":\"https:\\\/\\\/lospoliticosveracruz.com\\\/?p=165543\"},\"wordCount\":532,\"publisher\":{\"@id\":\"https:\\\/\\\/lospoliticosveracruz.com\\\/#organization\"},\"image\":{\"@id\":\"https:\\\/\\\/lospoliticosveracruz.com\\\/?p=165543#primaryimage\"},\"thumbnailUrl\":\"https:\\\/\\\/lospoliticosveracruz.com\\\/wp-content\\\/uploads\\\/2026\\\/03\\\/IMG_2209.jpeg\",\"keywords\":[\"D\u00eda Internacional de la Mujer Boca del R\u00edo\",\"Maryjose Gamboa Torales Sendero Seguro Boca del R\u00edo\",\"seguridad mujeres espacios p\u00fablicos Boca del R\u00edo\",\"Senderos Seguros mujeres Boca del R\u00edo Veracruz\",\"Veracruzana Protegida plataforma digital Poder Judicial\"],\"articleSection\":[\"De Boleto\"],\"inLanguage\":\"es\"},{\"@type\":\"WebPage\",\"@id\":\"https:\\\/\\\/lospoliticosveracruz.com\\\/?p=165543\",\"url\":\"https:\\\/\\\/lospoliticosveracruz.com\\\/?p=165543\",\"name\":\"CAMINA TRANQUILA! - Los pol\u00edticos Veracruz\",\"isPartOf\":{\"@id\":\"https:\\\/\\\/lospoliticosveracruz.com\\\/#website\"},\"primaryImageOfPage\":{\"@id\":\"https:\\\/\\\/lospoliticosveracruz.com\\\/?p=165543#primaryimage\"},\"image\":{\"@id\":\"https:\\\/\\\/lospoliticosveracruz.com\\\/?p=165543#primaryimage\"},\"thumbnailUrl\":\"https:\\\/\\\/lospoliticosveracruz.com\\\/wp-content\\\/uploads\\\/2026\\\/03\\\/IMG_2209.jpeg\",\"datePublished\":\"2026-03-08T17:54:38+00:00\",\"dateModified\":\"2026-03-08T17:54:39+00:00\",\"breadcrumb\":{\"@id\":\"https:\\\/\\\/lospoliticosveracruz.com\\\/?p=165543#breadcrumb\"},\"inLanguage\":\"es\",\"potentialAction\":[{\"@type\":\"ReadAction\",\"target\":[\"https:\\\/\\\/lospoliticosveracruz.com\\\/?p=165543\"]}]},{\"@type\":\"ImageObject\",\"inLanguage\":\"es\",\"@id\":\"https:\\\/\\\/lospoliticosveracruz.com\\\/?p=165543#primaryimage\",\"url\":\"https:\\\/\\\/lospoliticosveracruz.com\\\/wp-content\\\/uploads\\\/2026\\\/03\\\/IMG_2209.jpeg\",\"contentUrl\":\"https:\\\/\\\/lospoliticosveracruz.com\\\/wp-content\\\/uploads\\\/2026\\\/03\\\/IMG_2209.jpeg\",\"width\":600,\"height\":320},{\"@type\":\"BreadcrumbList\",\"@id\":\"https:\\\/\\\/lospoliticosveracruz.com\\\/?p=165543#breadcrumb\",\"itemListElement\":[{\"@type\":\"ListItem\",\"position\":1,\"name\":\"Portada\",\"item\":\"https:\\\/\\\/lospoliticosveracruz.com\\\/\"},{\"@type\":\"ListItem\",\"position\":2,\"name\":\"CAMINA TRANQUILA!\"}]},{\"@type\":\"WebSite\",\"@id\":\"https:\\\/\\\/lospoliticosveracruz.com\\\/#website\",\"url\":\"https:\\\/\\\/lospoliticosveracruz.com\\\/\",\"name\":\"Los pol\u00edticos Veracruz\",\"description\":\"\",\"publisher\":{\"@id\":\"https:\\\/\\\/lospoliticosveracruz.com\\\/#organization\"},\"potentialAction\":[{\"@type\":\"SearchAction\",\"target\":{\"@type\":\"EntryPoint\",\"urlTemplate\":\"https:\\\/\\\/lospoliticosveracruz.com\\\/?s={search_term_string}\"},\"query-input\":{\"@type\":\"PropertyValueSpecification\",\"valueRequired\":true,\"valueName\":\"search_term_string\"}}],\"inLanguage\":\"es\"},{\"@type\":\"Organization\",\"@id\":\"https:\\\/\\\/lospoliticosveracruz.com\\\/#organization\",\"name\":\"Los pol\u00edticos Veracruz\",\"url\":\"https:\\\/\\\/lospoliticosveracruz.com\\\/\",\"logo\":{\"@type\":\"ImageObject\",\"inLanguage\":\"es\",\"@id\":\"https:\\\/\\\/lospoliticosveracruz.com\\\/#\\\/schema\\\/logo\\\/image\\\/\",\"url\":\"https:\\\/\\\/lospoliticosveracruz.com\\\/wp-content\\\/uploads\\\/2025\\\/12\\\/Logo-Nuevo-LOS-POLITICOS-1.jpg\",\"contentUrl\":\"https:\\\/\\\/lospoliticosveracruz.com\\\/wp-content\\\/uploads\\\/2025\\\/12\\\/Logo-Nuevo-LOS-POLITICOS-1.jpg\",\"width\":260,\"height\":70,\"caption\":\"Los pol\u00edticos Veracruz\"},\"image\":{\"@id\":\"https:\\\/\\\/lospoliticosveracruz.com\\\/#\\\/schema\\\/logo\\\/image\\\/\"},\"sameAs\":[\"https:\\\/\\\/www.facebook.com\\\/people\\\/Notimemes-de-los-Polticos\\\/61565672886568\\\/\",\"https:\\\/\\\/x.com\\\/LosPoliticosVer\"]},{\"@type\":\"Person\",\"@id\":\"https:\\\/\\\/lospoliticosveracruz.com\\\/#\\\/schema\\\/person\\\/b8702bb0e538456e6efd07080bf2a4a2\",\"name\":\"Lo viste en Los Pol\u00edticos\",\"image\":{\"@type\":\"ImageObject\",\"inLanguage\":\"es\",\"@id\":\"https:\\\/\\\/secure.gravatar.com\\\/avatar\\\/3a8de04a2656d44082be478bd6c086daa447c4651605818287b9532d3d0bd435?s=96&d=mm&r=g\",\"url\":\"https:\\\/\\\/secure.gravatar.com\\\/avatar\\\/3a8de04a2656d44082be478bd6c086daa447c4651605818287b9532d3d0bd435?s=96&d=mm&r=g\",\"contentUrl\":\"https:\\\/\\\/secure.gravatar.com\\\/avatar\\\/3a8de04a2656d44082be478bd6c086daa447c4651605818287b9532d3d0bd435?s=96&d=mm&r=g\",\"caption\":\"Lo viste en Los Pol\u00edticos\"},\"url\":\"https:\\\/\\\/lospoliticosveracruz.com\\\/?author=2\"}]}<\/script>\n<!-- \/ Yoast SEO plugin. -->","yoast_head_json":{"title":"CAMINA TRANQUILA! - Los pol\u00edticos Veracruz","robots":{"index":"index","follow":"follow","max-snippet":"max-snippet:-1","max-image-preview":"max-image-preview:large","max-video-preview":"max-video-preview:-1"},"canonical":"https:\/\/lospoliticosveracruz.com\/?p=165543","og_locale":"es_ES","og_type":"article","og_title":"CAMINA TRANQUILA! - Los pol\u00edticos Veracruz","og_description":"Rescatar los espacios p\u00fablicos y devolverlos a la comunidad, principalmente a las mujeres, es una de las principales prioridades de la alcaldesa de Boca del R\u00edo, Maryjose Gamboa Torales. Por ello, fue inaugurado el primer Sendero Seguro de su administraci\u00f3n, un espacio pensado como punto de encuentro y pertenencia para las boque\u00f1as. En el marco [&hellip;]","og_url":"https:\/\/lospoliticosveracruz.com\/?p=165543","og_site_name":"Los pol\u00edticos Veracruz","article_publisher":"https:\/\/www.facebook.com\/people\/Notimemes-de-los-Polticos\/61565672886568\/","article_published_time":"2026-03-08T17:54:38+00:00","article_modified_time":"2026-03-08T17:54:39+00:00","og_image":[{"width":600,"height":320,"url":"https:\/\/lospoliticosveracruz.com\/wp-content\/uploads\/2026\/03\/IMG_2209.jpeg","type":"image\/jpeg"}],"author":"Lo viste en Los Pol\u00edticos","twitter_card":"summary_large_image","twitter_creator":"@LosPoliticosVer","twitter_site":"@LosPoliticosVer","twitter_misc":{"Escrito por":"Lo viste en Los Pol\u00edticos","Tiempo de lectura":"3 minutos"},"schema":{"@context":"https:\/\/schema.org","@graph":[{"@type":"Article","@id":"https:\/\/lospoliticosveracruz.com\/?p=165543#article","isPartOf":{"@id":"https:\/\/lospoliticosveracruz.com\/?p=165543"},"author":{"name":"Lo viste en Los Pol\u00edticos","@id":"https:\/\/lospoliticosveracruz.com\/#\/schema\/person\/b8702bb0e538456e6efd07080bf2a4a2"},"headline":"CAMINA TRANQUILA!","datePublished":"2026-03-08T17:54:38+00:00","dateModified":"2026-03-08T17:54:39+00:00","mainEntityOfPage":{"@id":"https:\/\/lospoliticosveracruz.com\/?p=165543"},"wordCount":532,"publisher":{"@id":"https:\/\/lospoliticosveracruz.com\/#organization"},"image":{"@id":"https:\/\/lospoliticosveracruz.com\/?p=165543#primaryimage"},"thumbnailUrl":"https:\/\/lospoliticosveracruz.com\/wp-content\/uploads\/2026\/03\/IMG_2209.jpeg","keywords":["D\u00eda Internacional de la Mujer Boca del R\u00edo","Maryjose Gamboa Torales Sendero Seguro Boca del R\u00edo","seguridad mujeres espacios p\u00fablicos Boca del R\u00edo","Senderos Seguros mujeres Boca del R\u00edo Veracruz","Veracruzana Protegida plataforma digital Poder Judicial"],"articleSection":["De Boleto"],"inLanguage":"es"},{"@type":"WebPage","@id":"https:\/\/lospoliticosveracruz.com\/?p=165543","url":"https:\/\/lospoliticosveracruz.com\/?p=165543","name":"CAMINA TRANQUILA! - Los pol\u00edticos Veracruz","isPartOf":{"@id":"https:\/\/lospoliticosveracruz.com\/#website"},"primaryImageOfPage":{"@id":"https:\/\/lospoliticosveracruz.com\/?p=165543#primaryimage"},"image":{"@id":"https:\/\/lospoliticosveracruz.com\/?p=165543#primaryimage"},"thumbnailUrl":"https:\/\/lospoliticosveracruz.com\/wp-content\/uploads\/2026\/03\/IMG_2209.jpeg","datePublished":"2026-03-08T17:54:38+00:00","dateModified":"2026-03-08T17:54:39+00:00","breadcrumb":{"@id":"https:\/\/lospoliticosveracruz.com\/?p=165543#breadcrumb"},"inLanguage":"es","potentialAction":[{"@type":"ReadAction","target":["https:\/\/lospoliticosveracruz.com\/?p=165543"]}]},{"@type":"ImageObject","inLanguage":"es","@id":"https:\/\/lospoliticosveracruz.com\/?p=165543#primaryimage","url":"https:\/\/lospoliticosveracruz.com\/wp-content\/uploads\/2026\/03\/IMG_2209.jpeg","contentUrl":"https:\/\/lospoliticosveracruz.com\/wp-content\/uploads\/2026\/03\/IMG_2209.jpeg","width":600,"height":320},{"@type":"BreadcrumbList","@id":"https:\/\/lospoliticosveracruz.com\/?p=165543#breadcrumb","itemListElement":[{"@type":"ListItem","position":1,"name":"Portada","item":"https:\/\/lospoliticosveracruz.com\/"},{"@type":"ListItem","position":2,"name":"CAMINA TRANQUILA!"}]},{"@type":"WebSite","@id":"https:\/\/lospoliticosveracruz.com\/#website","url":"https:\/\/lospoliticosveracruz.com\/","name":"Los pol\u00edticos Veracruz","description":"","publisher":{"@id":"https:\/\/lospoliticosveracruz.com\/#organization"},"potentialAction":[{"@type":"SearchAction","target":{"@type":"EntryPoint","urlTemplate":"https:\/\/lospoliticosveracruz.com\/?s={search_term_string}"},"query-input":{"@type":"PropertyValueSpecification","valueRequired":true,"valueName":"search_term_string"}}],"inLanguage":"es"},{"@type":"Organization","@id":"https:\/\/lospoliticosveracruz.com\/#organization","name":"Los pol\u00edticos Veracruz","url":"https:\/\/lospoliticosveracruz.com\/","logo":{"@type":"ImageObject","inLanguage":"es","@id":"https:\/\/lospoliticosveracruz.com\/#\/schema\/logo\/image\/","url":"https:\/\/lospoliticosveracruz.com\/wp-content\/uploads\/2025\/12\/Logo-Nuevo-LOS-POLITICOS-1.jpg","contentUrl":"https:\/\/lospoliticosveracruz.com\/wp-content\/uploads\/2025\/12\/Logo-Nuevo-LOS-POLITICOS-1.jpg","width":260,"height":70,"caption":"Los pol\u00edticos Veracruz"},"image":{"@id":"https:\/\/lospoliticosveracruz.com\/#\/schema\/logo\/image\/"},"sameAs":["https:\/\/www.facebook.com\/people\/Notimemes-de-los-Polticos\/61565672886568\/","https:\/\/x.com\/LosPoliticosVer"]},{"@type":"Person","@id":"https:\/\/lospoliticosveracruz.com\/#\/schema\/person\/b8702bb0e538456e6efd07080bf2a4a2","name":"Lo viste en Los Pol\u00edticos","image":{"@type":"ImageObject","inLanguage":"es","@id":"https:\/\/secure.gravatar.com\/avatar\/3a8de04a2656d44082be478bd6c086daa447c4651605818287b9532d3d0bd435?s=96&d=mm&r=g","url":"https:\/\/secure.gravatar.com\/avatar\/3a8de04a2656d44082be478bd6c086daa447c4651605818287b9532d3d0bd435?s=96&d=mm&r=g","contentUrl":"https:\/\/secure.gravatar.com\/avatar\/3a8de04a2656d44082be478bd6c086daa447c4651605818287b9532d3d0bd435?s=96&d=mm&r=g","caption":"Lo viste en Los Pol\u00edticos"},"url":"https:\/\/lospoliticosveracruz.com\/?author=2"}]}},"_links":{"self":[{"href":"https:\/\/lospoliticosveracruz.com\/index.php?rest_route=\/wp\/v2\/posts\/165543","targetHints":{"allow":["GET"]}}],"collection":[{"href":"https:\/\/lospoliticosveracruz.com\/index.php?rest_route=\/wp\/v2\/posts"}],"about":[{"href":"https:\/\/lospoliticosveracruz.com\/index.php?rest_route=\/wp\/v2\/types\/post"}],"author":[{"embeddable":true,"href":"https:\/\/lospoliticosveracruz.com\/index.php?rest_route=\/wp\/v2\/users\/2"}],"replies":[{"embeddable":true,"href":"https:\/\/lospoliticosveracruz.com\/index.php?rest_route=%2Fwp%2Fv2%2Fcomments&post=165543"}],"version-history":[{"count":1,"href":"https:\/\/lospoliticosveracruz.com\/index.php?rest_route=\/wp\/v2\/posts\/165543\/revisions"}],"predecessor-version":[{"id":165545,"href":"https:\/\/lospoliticosveracruz.com\/index.php?rest_route=\/wp\/v2\/posts\/165543\/revisions\/165545"}],"wp:featuredmedia":[{"embeddable":true,"href":"https:\/\/lospoliticosveracruz.com\/index.php?rest_route=\/wp\/v2\/media\/165544"}],"wp:attachment":[{"href":"https:\/\/lospoliticosveracruz.com\/index.php?rest_route=%2Fwp%2Fv2%2Fmedia&parent=165543"}],"wp:term":[{"taxonomy":"category","embeddable":true,"href":"https:\/\/lospoliticosveracruz.com\/index.php?rest_route=%2Fwp%2Fv2%2Fcategories&post=165543"},{"taxonomy":"post_tag","embeddable":true,"href":"https:\/\/lospoliticosveracruz.com\/index.php?rest_route=%2Fwp%2Fv2%2Ftags&post=165543"}],"curies":[{"name":"wp","href":"https:\/\/api.w.org\/{rel}","templated":true}]}}