{"id":165556,"date":"2026-03-08T15:58:25","date_gmt":"2026-03-08T21:58:25","guid":{"rendered":"https:\/\/lospoliticosveracruz.com\/?p=165556"},"modified":"2026-03-11T21:36:17","modified_gmt":"2026-03-12T03:36:17","slug":"todas-seguras","status":"publish","type":"post","link":"https:\/\/lospoliticosveracruz.com\/?p=165556","title":{"rendered":"TODAS SEGURAS!"},"content":{"rendered":"\n<p>\u201cGarantizaremos la seguridad de mujeres, ni\u00f1as y adolescentes en nuestra ciudad de Veracruz\u201d: Rosa Mar\u00eda<\/p>\n\n\n\n<p>El Ayuntamiento de Veracruz se sum\u00f3 al programa \u201cVeracruzana Protegida\u201d, creado por la gobernadora, para fortalecer la protecci\u00f3n y atenci\u00f3n inmediata a f\u00e9minas en situaci\u00f3n de riesgo<\/p>\n\n\n\n<p>El Ayuntamiento de Veracruz firm\u00f3 el convenio con el Gobierno del Estado de Veracruz para incorporarse al programa \u201cVeracruzana Protegida\u201d, estrategia orientada a fortalecer la atenci\u00f3n inmediata y los mecanismos de protecci\u00f3n para mujeres que enfrentan situaciones de violencia.<\/p>\n\n\n\n<p>La presidenta municipal de Veracruz, Rosa Mar\u00eda Hern\u00e1ndez Espejo, reconoci\u00f3 la importancia de esta iniciativa impulsada por la gobernadora Roc\u00edo Nahle Garc\u00eda, quien cre\u00f3 el programa con el objetivo de que ninguna mujer enfrente sola un momento de peligro, garantizando sus derechos humanos y la impartici\u00f3n de justicia bajo un enfoque de equidad de g\u00e9nero.<\/p>\n\n\n\n<p>Durante el acto realizado en el marco del D\u00eda Internacional de la Mujer, la alcaldesa subray\u00f3 que el convenio permitir\u00e1 reforzar la coordinaci\u00f3n entre autoridades estatales y municipales, garantizando respuestas m\u00e1s r\u00e1pidas y efectivas ante situaciones de violencia.<\/p>\n\n\n\n<p>\u201cCon este convenio de colaboraci\u00f3n reafirmamos el compromiso de transformar el acceso a la justicia con perspectiva de g\u00e9nero\u201d, expres\u00f3 la mun\u00edcipe, al se\u00f1alar ante alrededor de mil 300 mujeres en el Teatro de la Reforma que, en Veracruz, la igualdad debe reflejarse en acciones concretas que garanticen protecci\u00f3n y justicia para las mujeres.<\/p>\n\n\n\n<p>El Ayuntamiento porte\u00f1o dar\u00e1 seguimiento a las \u00f3rdenes de protecci\u00f3n emitidas a favor de mujeres en riesgo, con la participaci\u00f3n de la Polic\u00eda Municipal, y el acompa\u00f1amiento del DIF municipal y el Instituto Municipal de las Mujeres, asegurando atenci\u00f3n inmediata y apoyo integral a las v\u00edctimas.<\/p>\n\n\n\n<p>El acto reuni\u00f3 a mujeres de distintos \u00e1mbitos p\u00fablicos, institucionales y sociales, reconociendo la lucha y aportaci\u00f3n de todas las veracruzanas en la construcci\u00f3n de una sociedad m\u00e1s justa e igualitaria.<\/p>\n","protected":false},"excerpt":{"rendered":"<p>\u201cGarantizaremos la seguridad de mujeres, ni\u00f1as y adolescentes en nuestra ciudad de Veracruz\u201d: Rosa Mar\u00eda El Ayuntamiento de Veracruz se sum\u00f3 al programa \u201cVeracruzana Protegida\u201d, creado por la gobernadora, para fortalecer la protecci\u00f3n y atenci\u00f3n inmediata a f\u00e9minas en situaci\u00f3n de riesgo El Ayuntamiento de Veracruz firm\u00f3 el convenio con el Gobierno del Estado de [&hellip;]<\/p>\n","protected":false},"author":2,"featured_media":165557,"comment_status":"closed","ping_status":"closed","sticky":false,"template":"","format":"standard","meta":{"tdm_status":"","tdm_grid_status":"","footnotes":""},"categories":[56121],"tags":[56765,56764,56761,56762,56763],"class_list":{"0":"post-165556","1":"post","2":"type-post","3":"status-publish","4":"format-standard","5":"has-post-thumbnail","7":"category-desde-jarochilandia","8":"tag-dia-internacional-de-la-mujer-veracruz-convenio","9":"tag-ordenes-de-proteccion-mujeres-veracruz-policia-municipal","10":"tag-rocio-nahle-programa-proteccion-mujeres-veracruz","11":"tag-rosa-maria-hernandez-espejo-seguridad-mujeres","12":"tag-veracruzana-protegida-ayuntamiento-de-veracruz"},"yoast_head":"<!-- This site is optimized with the Yoast SEO plugin v27.4 - https:\/\/yoast.com\/product\/yoast-seo-wordpress\/ -->\n<title>TODAS SEGURAS! - Los pol\u00edticos Veracruz<\/title>\n<meta name=\"robots\" content=\"index, follow, max-snippet:-1, max-image-preview:large, max-video-preview:-1\" \/>\n<link rel=\"canonical\" href=\"https:\/\/lospoliticosveracruz.com\/?p=165556\" \/>\n<meta property=\"og:locale\" content=\"es_ES\" \/>\n<meta property=\"og:type\" content=\"article\" \/>\n<meta property=\"og:title\" content=\"TODAS SEGURAS! - Los pol\u00edticos Veracruz\" \/>\n<meta property=\"og:description\" content=\"\u201cGarantizaremos la seguridad de mujeres, ni\u00f1as y adolescentes en nuestra ciudad de Veracruz\u201d: Rosa Mar\u00eda El Ayuntamiento de Veracruz se sum\u00f3 al programa \u201cVeracruzana Protegida\u201d, creado por la gobernadora, para fortalecer la protecci\u00f3n y atenci\u00f3n inmediata a f\u00e9minas en situaci\u00f3n de riesgo El Ayuntamiento de Veracruz firm\u00f3 el convenio con el Gobierno del Estado de [&hellip;]\" \/>\n<meta property=\"og:url\" content=\"https:\/\/lospoliticosveracruz.com\/?p=165556\" \/>\n<meta property=\"og:site_name\" content=\"Los pol\u00edticos Veracruz\" \/>\n<meta property=\"article:publisher\" content=\"https:\/\/www.facebook.com\/people\/Notimemes-de-los-Polticos\/61565672886568\/\" \/>\n<meta property=\"article:published_time\" content=\"2026-03-08T21:58:25+00:00\" \/>\n<meta property=\"article:modified_time\" content=\"2026-03-12T03:36:17+00:00\" \/>\n<meta property=\"og:image\" content=\"https:\/\/lospoliticosveracruz.com\/wp-content\/uploads\/2026\/03\/Rosa-Nahle.jpg\" \/>\n\t<meta property=\"og:image:width\" content=\"600\" \/>\n\t<meta property=\"og:image:height\" content=\"320\" \/>\n\t<meta property=\"og:image:type\" content=\"image\/jpeg\" \/>\n<meta name=\"author\" content=\"Lo viste en Los Pol\u00edticos\" \/>\n<meta name=\"twitter:card\" content=\"summary_large_image\" \/>\n<meta name=\"twitter:creator\" content=\"@LosPoliticosVer\" \/>\n<meta name=\"twitter:site\" content=\"@LosPoliticosVer\" \/>\n<meta name=\"twitter:label1\" content=\"Escrito por\" \/>\n\t<meta name=\"twitter:data1\" content=\"Lo viste en Los Pol\u00edticos\" \/>\n\t<meta name=\"twitter:label2\" content=\"Tiempo de lectura\" \/>\n\t<meta name=\"twitter:data2\" content=\"2 minutos\" \/>\n<script type=\"application\/ld+json\" class=\"yoast-schema-graph\">{\"@context\":\"https:\\\/\\\/schema.org\",\"@graph\":[{\"@type\":\"Article\",\"@id\":\"https:\\\/\\\/lospoliticosveracruz.com\\\/?p=165556#article\",\"isPartOf\":{\"@id\":\"https:\\\/\\\/lospoliticosveracruz.com\\\/?p=165556\"},\"author\":{\"name\":\"Lo viste en Los Pol\u00edticos\",\"@id\":\"https:\\\/\\\/lospoliticosveracruz.com\\\/#\\\/schema\\\/person\\\/b8702bb0e538456e6efd07080bf2a4a2\"},\"headline\":\"TODAS SEGURAS!\",\"datePublished\":\"2026-03-08T21:58:25+00:00\",\"dateModified\":\"2026-03-12T03:36:17+00:00\",\"mainEntityOfPage\":{\"@id\":\"https:\\\/\\\/lospoliticosveracruz.com\\\/?p=165556\"},\"wordCount\":340,\"publisher\":{\"@id\":\"https:\\\/\\\/lospoliticosveracruz.com\\\/#organization\"},\"image\":{\"@id\":\"https:\\\/\\\/lospoliticosveracruz.com\\\/?p=165556#primaryimage\"},\"thumbnailUrl\":\"https:\\\/\\\/lospoliticosveracruz.com\\\/wp-content\\\/uploads\\\/2026\\\/03\\\/Rosa-Nahle.jpg\",\"keywords\":[\"D\u00eda Internacional de la Mujer Veracruz convenio\",\"\u00f3rdenes de protecci\u00f3n mujeres Veracruz Polic\u00eda Municipal\",\"Roc\u00edo Nahle programa protecci\u00f3n mujeres Veracruz\",\"Rosa Mar\u00eda Hern\u00e1ndez Espejo seguridad mujeres\",\"Veracruzana Protegida Ayuntamiento de Veracruz\"],\"articleSection\":[\"DESDE JAROCHILANDIA\"],\"inLanguage\":\"es\"},{\"@type\":\"WebPage\",\"@id\":\"https:\\\/\\\/lospoliticosveracruz.com\\\/?p=165556\",\"url\":\"https:\\\/\\\/lospoliticosveracruz.com\\\/?p=165556\",\"name\":\"TODAS SEGURAS! - Los pol\u00edticos Veracruz\",\"isPartOf\":{\"@id\":\"https:\\\/\\\/lospoliticosveracruz.com\\\/#website\"},\"primaryImageOfPage\":{\"@id\":\"https:\\\/\\\/lospoliticosveracruz.com\\\/?p=165556#primaryimage\"},\"image\":{\"@id\":\"https:\\\/\\\/lospoliticosveracruz.com\\\/?p=165556#primaryimage\"},\"thumbnailUrl\":\"https:\\\/\\\/lospoliticosveracruz.com\\\/wp-content\\\/uploads\\\/2026\\\/03\\\/Rosa-Nahle.jpg\",\"datePublished\":\"2026-03-08T21:58:25+00:00\",\"dateModified\":\"2026-03-12T03:36:17+00:00\",\"breadcrumb\":{\"@id\":\"https:\\\/\\\/lospoliticosveracruz.com\\\/?p=165556#breadcrumb\"},\"inLanguage\":\"es\",\"potentialAction\":[{\"@type\":\"ReadAction\",\"target\":[\"https:\\\/\\\/lospoliticosveracruz.com\\\/?p=165556\"]}]},{\"@type\":\"ImageObject\",\"inLanguage\":\"es\",\"@id\":\"https:\\\/\\\/lospoliticosveracruz.com\\\/?p=165556#primaryimage\",\"url\":\"https:\\\/\\\/lospoliticosveracruz.com\\\/wp-content\\\/uploads\\\/2026\\\/03\\\/Rosa-Nahle.jpg\",\"contentUrl\":\"https:\\\/\\\/lospoliticosveracruz.com\\\/wp-content\\\/uploads\\\/2026\\\/03\\\/Rosa-Nahle.jpg\",\"width\":600,\"height\":320},{\"@type\":\"BreadcrumbList\",\"@id\":\"https:\\\/\\\/lospoliticosveracruz.com\\\/?p=165556#breadcrumb\",\"itemListElement\":[{\"@type\":\"ListItem\",\"position\":1,\"name\":\"Portada\",\"item\":\"https:\\\/\\\/lospoliticosveracruz.com\\\/\"},{\"@type\":\"ListItem\",\"position\":2,\"name\":\"TODAS SEGURAS!\"}]},{\"@type\":\"WebSite\",\"@id\":\"https:\\\/\\\/lospoliticosveracruz.com\\\/#website\",\"url\":\"https:\\\/\\\/lospoliticosveracruz.com\\\/\",\"name\":\"Los pol\u00edticos Veracruz\",\"description\":\"\",\"publisher\":{\"@id\":\"https:\\\/\\\/lospoliticosveracruz.com\\\/#organization\"},\"potentialAction\":[{\"@type\":\"SearchAction\",\"target\":{\"@type\":\"EntryPoint\",\"urlTemplate\":\"https:\\\/\\\/lospoliticosveracruz.com\\\/?s={search_term_string}\"},\"query-input\":{\"@type\":\"PropertyValueSpecification\",\"valueRequired\":true,\"valueName\":\"search_term_string\"}}],\"inLanguage\":\"es\"},{\"@type\":\"Organization\",\"@id\":\"https:\\\/\\\/lospoliticosveracruz.com\\\/#organization\",\"name\":\"Los pol\u00edticos Veracruz\",\"url\":\"https:\\\/\\\/lospoliticosveracruz.com\\\/\",\"logo\":{\"@type\":\"ImageObject\",\"inLanguage\":\"es\",\"@id\":\"https:\\\/\\\/lospoliticosveracruz.com\\\/#\\\/schema\\\/logo\\\/image\\\/\",\"url\":\"https:\\\/\\\/lospoliticosveracruz.com\\\/wp-content\\\/uploads\\\/2025\\\/12\\\/Logo-Nuevo-LOS-POLITICOS-1.jpg\",\"contentUrl\":\"https:\\\/\\\/lospoliticosveracruz.com\\\/wp-content\\\/uploads\\\/2025\\\/12\\\/Logo-Nuevo-LOS-POLITICOS-1.jpg\",\"width\":260,\"height\":70,\"caption\":\"Los pol\u00edticos Veracruz\"},\"image\":{\"@id\":\"https:\\\/\\\/lospoliticosveracruz.com\\\/#\\\/schema\\\/logo\\\/image\\\/\"},\"sameAs\":[\"https:\\\/\\\/www.facebook.com\\\/people\\\/Notimemes-de-los-Polticos\\\/61565672886568\\\/\",\"https:\\\/\\\/x.com\\\/LosPoliticosVer\"]},{\"@type\":\"Person\",\"@id\":\"https:\\\/\\\/lospoliticosveracruz.com\\\/#\\\/schema\\\/person\\\/b8702bb0e538456e6efd07080bf2a4a2\",\"name\":\"Lo viste en Los Pol\u00edticos\",\"image\":{\"@type\":\"ImageObject\",\"inLanguage\":\"es\",\"@id\":\"https:\\\/\\\/secure.gravatar.com\\\/avatar\\\/3a8de04a2656d44082be478bd6c086daa447c4651605818287b9532d3d0bd435?s=96&d=mm&r=g\",\"url\":\"https:\\\/\\\/secure.gravatar.com\\\/avatar\\\/3a8de04a2656d44082be478bd6c086daa447c4651605818287b9532d3d0bd435?s=96&d=mm&r=g\",\"contentUrl\":\"https:\\\/\\\/secure.gravatar.com\\\/avatar\\\/3a8de04a2656d44082be478bd6c086daa447c4651605818287b9532d3d0bd435?s=96&d=mm&r=g\",\"caption\":\"Lo viste en Los Pol\u00edticos\"},\"url\":\"https:\\\/\\\/lospoliticosveracruz.com\\\/?author=2\"}]}<\/script>\n<!-- \/ Yoast SEO plugin. -->","yoast_head_json":{"title":"TODAS SEGURAS! - Los pol\u00edticos Veracruz","robots":{"index":"index","follow":"follow","max-snippet":"max-snippet:-1","max-image-preview":"max-image-preview:large","max-video-preview":"max-video-preview:-1"},"canonical":"https:\/\/lospoliticosveracruz.com\/?p=165556","og_locale":"es_ES","og_type":"article","og_title":"TODAS SEGURAS! - Los pol\u00edticos Veracruz","og_description":"\u201cGarantizaremos la seguridad de mujeres, ni\u00f1as y adolescentes en nuestra ciudad de Veracruz\u201d: Rosa Mar\u00eda El Ayuntamiento de Veracruz se sum\u00f3 al programa \u201cVeracruzana Protegida\u201d, creado por la gobernadora, para fortalecer la protecci\u00f3n y atenci\u00f3n inmediata a f\u00e9minas en situaci\u00f3n de riesgo El Ayuntamiento de Veracruz firm\u00f3 el convenio con el Gobierno del Estado de [&hellip;]","og_url":"https:\/\/lospoliticosveracruz.com\/?p=165556","og_site_name":"Los pol\u00edticos Veracruz","article_publisher":"https:\/\/www.facebook.com\/people\/Notimemes-de-los-Polticos\/61565672886568\/","article_published_time":"2026-03-08T21:58:25+00:00","article_modified_time":"2026-03-12T03:36:17+00:00","og_image":[{"width":600,"height":320,"url":"https:\/\/lospoliticosveracruz.com\/wp-content\/uploads\/2026\/03\/Rosa-Nahle.jpg","type":"image\/jpeg"}],"author":"Lo viste en Los Pol\u00edticos","twitter_card":"summary_large_image","twitter_creator":"@LosPoliticosVer","twitter_site":"@LosPoliticosVer","twitter_misc":{"Escrito por":"Lo viste en Los Pol\u00edticos","Tiempo de lectura":"2 minutos"},"schema":{"@context":"https:\/\/schema.org","@graph":[{"@type":"Article","@id":"https:\/\/lospoliticosveracruz.com\/?p=165556#article","isPartOf":{"@id":"https:\/\/lospoliticosveracruz.com\/?p=165556"},"author":{"name":"Lo viste en Los Pol\u00edticos","@id":"https:\/\/lospoliticosveracruz.com\/#\/schema\/person\/b8702bb0e538456e6efd07080bf2a4a2"},"headline":"TODAS SEGURAS!","datePublished":"2026-03-08T21:58:25+00:00","dateModified":"2026-03-12T03:36:17+00:00","mainEntityOfPage":{"@id":"https:\/\/lospoliticosveracruz.com\/?p=165556"},"wordCount":340,"publisher":{"@id":"https:\/\/lospoliticosveracruz.com\/#organization"},"image":{"@id":"https:\/\/lospoliticosveracruz.com\/?p=165556#primaryimage"},"thumbnailUrl":"https:\/\/lospoliticosveracruz.com\/wp-content\/uploads\/2026\/03\/Rosa-Nahle.jpg","keywords":["D\u00eda Internacional de la Mujer Veracruz convenio","\u00f3rdenes de protecci\u00f3n mujeres Veracruz Polic\u00eda Municipal","Roc\u00edo Nahle programa protecci\u00f3n mujeres Veracruz","Rosa Mar\u00eda Hern\u00e1ndez Espejo seguridad mujeres","Veracruzana Protegida Ayuntamiento de Veracruz"],"articleSection":["DESDE JAROCHILANDIA"],"inLanguage":"es"},{"@type":"WebPage","@id":"https:\/\/lospoliticosveracruz.com\/?p=165556","url":"https:\/\/lospoliticosveracruz.com\/?p=165556","name":"TODAS SEGURAS! - Los pol\u00edticos Veracruz","isPartOf":{"@id":"https:\/\/lospoliticosveracruz.com\/#website"},"primaryImageOfPage":{"@id":"https:\/\/lospoliticosveracruz.com\/?p=165556#primaryimage"},"image":{"@id":"https:\/\/lospoliticosveracruz.com\/?p=165556#primaryimage"},"thumbnailUrl":"https:\/\/lospoliticosveracruz.com\/wp-content\/uploads\/2026\/03\/Rosa-Nahle.jpg","datePublished":"2026-03-08T21:58:25+00:00","dateModified":"2026-03-12T03:36:17+00:00","breadcrumb":{"@id":"https:\/\/lospoliticosveracruz.com\/?p=165556#breadcrumb"},"inLanguage":"es","potentialAction":[{"@type":"ReadAction","target":["https:\/\/lospoliticosveracruz.com\/?p=165556"]}]},{"@type":"ImageObject","inLanguage":"es","@id":"https:\/\/lospoliticosveracruz.com\/?p=165556#primaryimage","url":"https:\/\/lospoliticosveracruz.com\/wp-content\/uploads\/2026\/03\/Rosa-Nahle.jpg","contentUrl":"https:\/\/lospoliticosveracruz.com\/wp-content\/uploads\/2026\/03\/Rosa-Nahle.jpg","width":600,"height":320},{"@type":"BreadcrumbList","@id":"https:\/\/lospoliticosveracruz.com\/?p=165556#breadcrumb","itemListElement":[{"@type":"ListItem","position":1,"name":"Portada","item":"https:\/\/lospoliticosveracruz.com\/"},{"@type":"ListItem","position":2,"name":"TODAS SEGURAS!"}]},{"@type":"WebSite","@id":"https:\/\/lospoliticosveracruz.com\/#website","url":"https:\/\/lospoliticosveracruz.com\/","name":"Los pol\u00edticos Veracruz","description":"","publisher":{"@id":"https:\/\/lospoliticosveracruz.com\/#organization"},"potentialAction":[{"@type":"SearchAction","target":{"@type":"EntryPoint","urlTemplate":"https:\/\/lospoliticosveracruz.com\/?s={search_term_string}"},"query-input":{"@type":"PropertyValueSpecification","valueRequired":true,"valueName":"search_term_string"}}],"inLanguage":"es"},{"@type":"Organization","@id":"https:\/\/lospoliticosveracruz.com\/#organization","name":"Los pol\u00edticos Veracruz","url":"https:\/\/lospoliticosveracruz.com\/","logo":{"@type":"ImageObject","inLanguage":"es","@id":"https:\/\/lospoliticosveracruz.com\/#\/schema\/logo\/image\/","url":"https:\/\/lospoliticosveracruz.com\/wp-content\/uploads\/2025\/12\/Logo-Nuevo-LOS-POLITICOS-1.jpg","contentUrl":"https:\/\/lospoliticosveracruz.com\/wp-content\/uploads\/2025\/12\/Logo-Nuevo-LOS-POLITICOS-1.jpg","width":260,"height":70,"caption":"Los pol\u00edticos Veracruz"},"image":{"@id":"https:\/\/lospoliticosveracruz.com\/#\/schema\/logo\/image\/"},"sameAs":["https:\/\/www.facebook.com\/people\/Notimemes-de-los-Polticos\/61565672886568\/","https:\/\/x.com\/LosPoliticosVer"]},{"@type":"Person","@id":"https:\/\/lospoliticosveracruz.com\/#\/schema\/person\/b8702bb0e538456e6efd07080bf2a4a2","name":"Lo viste en Los Pol\u00edticos","image":{"@type":"ImageObject","inLanguage":"es","@id":"https:\/\/secure.gravatar.com\/avatar\/3a8de04a2656d44082be478bd6c086daa447c4651605818287b9532d3d0bd435?s=96&d=mm&r=g","url":"https:\/\/secure.gravatar.com\/avatar\/3a8de04a2656d44082be478bd6c086daa447c4651605818287b9532d3d0bd435?s=96&d=mm&r=g","contentUrl":"https:\/\/secure.gravatar.com\/avatar\/3a8de04a2656d44082be478bd6c086daa447c4651605818287b9532d3d0bd435?s=96&d=mm&r=g","caption":"Lo viste en Los Pol\u00edticos"},"url":"https:\/\/lospoliticosveracruz.com\/?author=2"}]}},"_links":{"self":[{"href":"https:\/\/lospoliticosveracruz.com\/index.php?rest_route=\/wp\/v2\/posts\/165556","targetHints":{"allow":["GET"]}}],"collection":[{"href":"https:\/\/lospoliticosveracruz.com\/index.php?rest_route=\/wp\/v2\/posts"}],"about":[{"href":"https:\/\/lospoliticosveracruz.com\/index.php?rest_route=\/wp\/v2\/types\/post"}],"author":[{"embeddable":true,"href":"https:\/\/lospoliticosveracruz.com\/index.php?rest_route=\/wp\/v2\/users\/2"}],"replies":[{"embeddable":true,"href":"https:\/\/lospoliticosveracruz.com\/index.php?rest_route=%2Fwp%2Fv2%2Fcomments&post=165556"}],"version-history":[{"count":1,"href":"https:\/\/lospoliticosveracruz.com\/index.php?rest_route=\/wp\/v2\/posts\/165556\/revisions"}],"predecessor-version":[{"id":165558,"href":"https:\/\/lospoliticosveracruz.com\/index.php?rest_route=\/wp\/v2\/posts\/165556\/revisions\/165558"}],"wp:featuredmedia":[{"embeddable":true,"href":"https:\/\/lospoliticosveracruz.com\/index.php?rest_route=\/wp\/v2\/media\/165557"}],"wp:attachment":[{"href":"https:\/\/lospoliticosveracruz.com\/index.php?rest_route=%2Fwp%2Fv2%2Fmedia&parent=165556"}],"wp:term":[{"taxonomy":"category","embeddable":true,"href":"https:\/\/lospoliticosveracruz.com\/index.php?rest_route=%2Fwp%2Fv2%2Fcategories&post=165556"},{"taxonomy":"post_tag","embeddable":true,"href":"https:\/\/lospoliticosveracruz.com\/index.php?rest_route=%2Fwp%2Fv2%2Ftags&post=165556"}],"curies":[{"name":"wp","href":"https:\/\/api.w.org\/{rel}","templated":true}]}}