{"id":16567,"date":"2015-06-21T20:17:35","date_gmt":"2015-06-22T01:17:35","guid":{"rendered":"http:\/\/www.lospoliticosveracruz.com.mx\/?p=16567"},"modified":"2015-06-21T20:17:35","modified_gmt":"2015-06-22T01:17:35","slug":"nos-vemos-en-el-2018","status":"publish","type":"post","link":"https:\/\/lospoliticosveracruz.com\/?p=16567","title":{"rendered":"\u201cNos vemos en el 2018\u201d"},"content":{"rendered":"<p><a href=\"http:\/\/www.lospoliticosveracruz.com.mx\/wp-content\/uploads\/2015\/06\/Votos.jpg\"><img loading=\"lazy\" decoding=\"async\" class=\"alignnone size-medium wp-image-16568\" src=\"http:\/\/www.lospoliticosveracruz.com.mx\/wp-content\/uploads\/2015\/06\/Votos-300x208.jpg\" alt=\"Votos\" width=\"300\" height=\"208\" \/><\/a><br \/>\n<strong>Jos\u00e9 Luis Ortega Vidal<\/strong><\/p>\n<p><em>Claroscuros<\/em><\/p>\n<p>Al paso de los d\u00edas lo ocurrido durante la jornada electoral del 7 de junio del 2015 va aclar\u00e1ndose.<br \/>\nLas observaciones inmediatas, febriles, viven su consecuencia natural: son imprecisas y superficiales.<br \/>\nUna mira profunda, un an\u00e1lisis estricto, siempre requieren de tiempo, de que las aguas tomen su curso, de que los datos duros terminen de fluir.<br \/>\n\u00bfGan\u00f3 el PRI?<br \/>\n\u00bfGan\u00f3 la alianza PRI\/PVEM?<br \/>\n\u00bfPerdi\u00f3 el PAN?<br \/>\n\u00bfPerdi\u00f3 el PRD?<br \/>\n\u00bfGan\u00f3 MORENA?<br \/>\n\u00bfPerdieron su registro el Partido del Trabajo y el Partido Humanista?<br \/>\n\u00bfConservaron su registro el resto de partidos que -en bola- armaron algo as\u00ed como una jaur\u00eda en pro del carnoso jugo del poder?<br \/>\n\u00bfGanaron candidatos independientes?<br \/>\n(2)<br \/>\nLas respuestas simples a estas preguntas simples indican que S\u00ed, que todo esto ocurri\u00f3 el 7 de junio.<br \/>\n(3)<br \/>\nEmpero, hay otras perspectivas de la realidad y de ellas emergen nuevas interrogantes:<br \/>\n\u00bfHubo cambio en siglas y grupos de poder en las once entidades que tuvieron elecciones ya sea de gobernador, de alcaldes o de congresos locales?<br \/>\n\u00bfHay un desgaste hist\u00f3rico de la partidocracia en M\u00e9xico que se refleja en un voto diferido, cambiante, que apuesta cada d\u00eda m\u00e1s a los candidatos que a las siglas?<br \/>\n\u00bfExiste la alternativa de otra v\u00eda de acceso al poder que no sea por la corrupta estructura partidista?<br \/>\n\u00bfDe existir esta alternativa, podemos hablar de madurez en un electorado que a\u00fan se zurra en los calzones?<br \/>\n\u00bfDe existir esa madurez \u2013as\u00ed sea m\u00ednima- podemos hablar de un avance -peque\u00f1o, pero avance al fin- en el \u00e1mbito estructural de eso que denominamos democracia mexicana?<br \/>\n(4)<br \/>\nOtra vez: las respuestas simples a estas preguntas ya no tan simples indican que S\u00ed, que todo esto ocurri\u00f3 el 7 de junio.<br \/>\n(5)<br \/>\nComparto un texto publicado en El Universal de M\u00e9xico el domingo 21 de junio, bajo la firma de Daniela Guazo y Sa\u00fal Hern\u00e1ndez:<br \/>\n\u201cUna oposici\u00f3n fragmentada y un Partido Revolucionario Institucional (PRI) que, solo o en coalici\u00f3n con el Partido Verde Ecologista de M\u00e9xico (PVEM), vuelve a ser preponderante en la mayor parte del territorio mexicano fueron los resultados de las pasadas elecciones federales intermedias. Para algunas fuerzas pol\u00edticas la situaci\u00f3n no cambi\u00f3 mucho, pero otras perdieron sitios clave de poder.<br \/>\nEn 11 de las 32 entidades federativas los colores partidistas cambiaron desde las \u00faltimas votaciones. Baja California, Coahuila, Colima, Guerrero, Nuevo Le\u00f3n, Oaxaca, Quer\u00e9taro, Sonora, Tamaulipas, Tlaxcala y de manera sorpresiva el Distrito Federal, fueron las entidades que decidieron cambiar al partido en turno, al menos en la elecci\u00f3n de diputados federales.<br \/>\nEl 7 de junio casi todas las fuerzas pol\u00edticas ganaron espacios, pero perdieron en otros sitios al mismo tiempo. Baja California, Colima, Nuevo Le\u00f3n y Quer\u00e9taro, la mayor\u00eda de los ciudadanos decidi\u00f3 no votar por el PRI como hab\u00eda hecho en 2012 y prefiri\u00f3 dar una nueva oportunidad al PAN.<br \/>\nLo contrario sucedi\u00f3 en Coahuila, Sonora y Tamaulipas, estados que cambiaron de azul a tricolor.<br \/>\nNo s\u00f3lo eso, el PRI le arrebat\u00f3 Guerrero, Oaxaca y Tlaxcala a la izquierda.<br \/>\nMorena le quit\u00f3 al Partido de la Revoluci\u00f3n Democr\u00e1tica (PRD) su lugar como la primera fuerza de izquierda en el Distrito Federal. El partido encabezado por Andr\u00e9s Manuel L\u00f3pez Obrador tuvo uno de los mejores debuts electorales y contar\u00e1 con casi 40 diputados en la Legislatura que comenzar\u00e1 a partir del 1 de septiembre de este a\u00f1o.<br \/>\nEn contraste, el PRD pasa por una de sus peores crisis. Su bancada disminuir\u00e1 a casi la mitad en la C\u00e1mara de Diputados y su liderazgo de izquierda en M\u00e9xico ha quedado en duda despu\u00e9s de los resultados obtenidos.\u201d<br \/>\n(6)<br \/>\nPuede haber tantas interpretaciones como lecturas sobre estos datos.<br \/>\nLa m\u00eda es que el electorado mexicano es inteligente y ha enviado un mensaje muy simple y contundente a los hombres y mujeres del poder, as\u00ed como a los partidos que manejan como empresas de su propiedad: \u201cNos vemos en el 2018\u2026\u201d<\/p>\n","protected":false},"excerpt":{"rendered":"<p>Jos\u00e9 Luis Ortega Vidal Claroscuros Al paso de los d\u00edas lo ocurrido durante la jornada electoral del 7 de junio del 2015 va aclar\u00e1ndose. Las observaciones inmediatas, febriles, viven su consecuencia natural: son imprecisas y superficiales. Una mira profunda, un an\u00e1lisis estricto, siempre requieren de tiempo, de que las aguas tomen su curso, de que [&hellip;]<\/p>\n","protected":false},"author":2,"featured_media":0,"comment_status":"open","ping_status":"open","sticky":false,"template":"","format":"standard","meta":{"tdm_status":"","tdm_grid_status":"","footnotes":""},"categories":[70],"tags":[2863,1026,107,251,264],"class_list":{"0":"post-16567","1":"post","2":"type-post","3":"status-publish","4":"format-standard","6":"category-de-opinion","7":"tag-elecciones-2018","8":"tag-morena","9":"tag-prd","10":"tag-pri","11":"tag-pvem"},"yoast_head":"<!-- This site is optimized with the Yoast SEO plugin v27.4 - https:\/\/yoast.com\/product\/yoast-seo-wordpress\/ -->\n<title>\u201cNos vemos en el 2018\u201d - Los pol\u00edticos Veracruz<\/title>\n<meta name=\"robots\" content=\"index, follow, max-snippet:-1, max-image-preview:large, max-video-preview:-1\" \/>\n<link rel=\"canonical\" href=\"https:\/\/lospoliticosveracruz.com\/?p=16567\" \/>\n<meta property=\"og:locale\" content=\"es_ES\" \/>\n<meta property=\"og:type\" content=\"article\" \/>\n<meta property=\"og:title\" content=\"\u201cNos vemos en el 2018\u201d - Los pol\u00edticos Veracruz\" \/>\n<meta property=\"og:description\" content=\"Jos\u00e9 Luis Ortega Vidal Claroscuros Al paso de los d\u00edas lo ocurrido durante la jornada electoral del 7 de junio del 2015 va aclar\u00e1ndose. Las observaciones inmediatas, febriles, viven su consecuencia natural: son imprecisas y superficiales. Una mira profunda, un an\u00e1lisis estricto, siempre requieren de tiempo, de que las aguas tomen su curso, de que [&hellip;]\" \/>\n<meta property=\"og:url\" content=\"https:\/\/lospoliticosveracruz.com\/?p=16567\" \/>\n<meta property=\"og:site_name\" content=\"Los pol\u00edticos Veracruz\" \/>\n<meta property=\"article:publisher\" content=\"https:\/\/www.facebook.com\/people\/Notimemes-de-los-Polticos\/61565672886568\/\" \/>\n<meta property=\"article:published_time\" content=\"2015-06-22T01:17:35+00:00\" \/>\n<meta property=\"og:image\" content=\"http:\/\/www.lospoliticosveracruz.com.mx\/wp-content\/uploads\/2015\/06\/Votos-300x208.jpg\" \/>\n<meta name=\"author\" content=\"Lo viste en Los Pol\u00edticos\" \/>\n<meta name=\"twitter:card\" content=\"summary_large_image\" \/>\n<meta name=\"twitter:creator\" content=\"@LosPoliticosVer\" \/>\n<meta name=\"twitter:site\" content=\"@LosPoliticosVer\" \/>\n<meta name=\"twitter:label1\" content=\"Escrito por\" \/>\n\t<meta name=\"twitter:data1\" content=\"Lo viste en Los Pol\u00edticos\" \/>\n\t<meta name=\"twitter:label2\" content=\"Tiempo de lectura\" \/>\n\t<meta name=\"twitter:data2\" content=\"3 minutos\" \/>\n<script type=\"application\/ld+json\" class=\"yoast-schema-graph\">{\"@context\":\"https:\\\/\\\/schema.org\",\"@graph\":[{\"@type\":\"Article\",\"@id\":\"https:\\\/\\\/lospoliticosveracruz.com\\\/?p=16567#article\",\"isPartOf\":{\"@id\":\"https:\\\/\\\/lospoliticosveracruz.com\\\/?p=16567\"},\"author\":{\"name\":\"Lo viste en Los Pol\u00edticos\",\"@id\":\"https:\\\/\\\/lospoliticosveracruz.com\\\/#\\\/schema\\\/person\\\/b8702bb0e538456e6efd07080bf2a4a2\"},\"headline\":\"\u201cNos vemos en el 2018\u201d\",\"datePublished\":\"2015-06-22T01:17:35+00:00\",\"mainEntityOfPage\":{\"@id\":\"https:\\\/\\\/lospoliticosveracruz.com\\\/?p=16567\"},\"wordCount\":674,\"commentCount\":0,\"publisher\":{\"@id\":\"https:\\\/\\\/lospoliticosveracruz.com\\\/#organization\"},\"image\":{\"@id\":\"https:\\\/\\\/lospoliticosveracruz.com\\\/?p=16567#primaryimage\"},\"thumbnailUrl\":\"http:\\\/\\\/www.lospoliticosveracruz.com.mx\\\/wp-content\\\/uploads\\\/2015\\\/06\\\/Votos-300x208.jpg\",\"keywords\":[\"elecciones 2018\",\"Morena\",\"PRD\",\"PRI\",\"PVEM\"],\"articleSection\":[\"De Opini\u00f3n\"],\"inLanguage\":\"es\",\"potentialAction\":[{\"@type\":\"CommentAction\",\"name\":\"Comment\",\"target\":[\"https:\\\/\\\/lospoliticosveracruz.com\\\/?p=16567#respond\"]}]},{\"@type\":\"WebPage\",\"@id\":\"https:\\\/\\\/lospoliticosveracruz.com\\\/?p=16567\",\"url\":\"https:\\\/\\\/lospoliticosveracruz.com\\\/?p=16567\",\"name\":\"\u201cNos vemos en el 2018\u201d - Los pol\u00edticos Veracruz\",\"isPartOf\":{\"@id\":\"https:\\\/\\\/lospoliticosveracruz.com\\\/#website\"},\"primaryImageOfPage\":{\"@id\":\"https:\\\/\\\/lospoliticosveracruz.com\\\/?p=16567#primaryimage\"},\"image\":{\"@id\":\"https:\\\/\\\/lospoliticosveracruz.com\\\/?p=16567#primaryimage\"},\"thumbnailUrl\":\"http:\\\/\\\/www.lospoliticosveracruz.com.mx\\\/wp-content\\\/uploads\\\/2015\\\/06\\\/Votos-300x208.jpg\",\"datePublished\":\"2015-06-22T01:17:35+00:00\",\"breadcrumb\":{\"@id\":\"https:\\\/\\\/lospoliticosveracruz.com\\\/?p=16567#breadcrumb\"},\"inLanguage\":\"es\",\"potentialAction\":[{\"@type\":\"ReadAction\",\"target\":[\"https:\\\/\\\/lospoliticosveracruz.com\\\/?p=16567\"]}]},{\"@type\":\"ImageObject\",\"inLanguage\":\"es\",\"@id\":\"https:\\\/\\\/lospoliticosveracruz.com\\\/?p=16567#primaryimage\",\"url\":\"http:\\\/\\\/www.lospoliticosveracruz.com.mx\\\/wp-content\\\/uploads\\\/2015\\\/06\\\/Votos-300x208.jpg\",\"contentUrl\":\"http:\\\/\\\/www.lospoliticosveracruz.com.mx\\\/wp-content\\\/uploads\\\/2015\\\/06\\\/Votos-300x208.jpg\"},{\"@type\":\"BreadcrumbList\",\"@id\":\"https:\\\/\\\/lospoliticosveracruz.com\\\/?p=16567#breadcrumb\",\"itemListElement\":[{\"@type\":\"ListItem\",\"position\":1,\"name\":\"Portada\",\"item\":\"https:\\\/\\\/lospoliticosveracruz.com\\\/\"},{\"@type\":\"ListItem\",\"position\":2,\"name\":\"\u201cNos vemos en el 2018\u201d\"}]},{\"@type\":\"WebSite\",\"@id\":\"https:\\\/\\\/lospoliticosveracruz.com\\\/#website\",\"url\":\"https:\\\/\\\/lospoliticosveracruz.com\\\/\",\"name\":\"Los pol\u00edticos Veracruz\",\"description\":\"\",\"publisher\":{\"@id\":\"https:\\\/\\\/lospoliticosveracruz.com\\\/#organization\"},\"potentialAction\":[{\"@type\":\"SearchAction\",\"target\":{\"@type\":\"EntryPoint\",\"urlTemplate\":\"https:\\\/\\\/lospoliticosveracruz.com\\\/?s={search_term_string}\"},\"query-input\":{\"@type\":\"PropertyValueSpecification\",\"valueRequired\":true,\"valueName\":\"search_term_string\"}}],\"inLanguage\":\"es\"},{\"@type\":\"Organization\",\"@id\":\"https:\\\/\\\/lospoliticosveracruz.com\\\/#organization\",\"name\":\"Los pol\u00edticos Veracruz\",\"url\":\"https:\\\/\\\/lospoliticosveracruz.com\\\/\",\"logo\":{\"@type\":\"ImageObject\",\"inLanguage\":\"es\",\"@id\":\"https:\\\/\\\/lospoliticosveracruz.com\\\/#\\\/schema\\\/logo\\\/image\\\/\",\"url\":\"https:\\\/\\\/lospoliticosveracruz.com\\\/wp-content\\\/uploads\\\/2025\\\/12\\\/Logo-Nuevo-LOS-POLITICOS-1.jpg\",\"contentUrl\":\"https:\\\/\\\/lospoliticosveracruz.com\\\/wp-content\\\/uploads\\\/2025\\\/12\\\/Logo-Nuevo-LOS-POLITICOS-1.jpg\",\"width\":260,\"height\":70,\"caption\":\"Los pol\u00edticos Veracruz\"},\"image\":{\"@id\":\"https:\\\/\\\/lospoliticosveracruz.com\\\/#\\\/schema\\\/logo\\\/image\\\/\"},\"sameAs\":[\"https:\\\/\\\/www.facebook.com\\\/people\\\/Notimemes-de-los-Polticos\\\/61565672886568\\\/\",\"https:\\\/\\\/x.com\\\/LosPoliticosVer\"]},{\"@type\":\"Person\",\"@id\":\"https:\\\/\\\/lospoliticosveracruz.com\\\/#\\\/schema\\\/person\\\/b8702bb0e538456e6efd07080bf2a4a2\",\"name\":\"Lo viste en Los Pol\u00edticos\",\"image\":{\"@type\":\"ImageObject\",\"inLanguage\":\"es\",\"@id\":\"https:\\\/\\\/secure.gravatar.com\\\/avatar\\\/3a8de04a2656d44082be478bd6c086daa447c4651605818287b9532d3d0bd435?s=96&d=mm&r=g\",\"url\":\"https:\\\/\\\/secure.gravatar.com\\\/avatar\\\/3a8de04a2656d44082be478bd6c086daa447c4651605818287b9532d3d0bd435?s=96&d=mm&r=g\",\"contentUrl\":\"https:\\\/\\\/secure.gravatar.com\\\/avatar\\\/3a8de04a2656d44082be478bd6c086daa447c4651605818287b9532d3d0bd435?s=96&d=mm&r=g\",\"caption\":\"Lo viste en Los Pol\u00edticos\"},\"url\":\"https:\\\/\\\/lospoliticosveracruz.com\\\/?author=2\"}]}<\/script>\n<!-- \/ Yoast SEO plugin. -->","yoast_head_json":{"title":"\u201cNos vemos en el 2018\u201d - Los pol\u00edticos Veracruz","robots":{"index":"index","follow":"follow","max-snippet":"max-snippet:-1","max-image-preview":"max-image-preview:large","max-video-preview":"max-video-preview:-1"},"canonical":"https:\/\/lospoliticosveracruz.com\/?p=16567","og_locale":"es_ES","og_type":"article","og_title":"\u201cNos vemos en el 2018\u201d - Los pol\u00edticos Veracruz","og_description":"Jos\u00e9 Luis Ortega Vidal Claroscuros Al paso de los d\u00edas lo ocurrido durante la jornada electoral del 7 de junio del 2015 va aclar\u00e1ndose. Las observaciones inmediatas, febriles, viven su consecuencia natural: son imprecisas y superficiales. Una mira profunda, un an\u00e1lisis estricto, siempre requieren de tiempo, de que las aguas tomen su curso, de que [&hellip;]","og_url":"https:\/\/lospoliticosveracruz.com\/?p=16567","og_site_name":"Los pol\u00edticos Veracruz","article_publisher":"https:\/\/www.facebook.com\/people\/Notimemes-de-los-Polticos\/61565672886568\/","article_published_time":"2015-06-22T01:17:35+00:00","og_image":[{"url":"http:\/\/www.lospoliticosveracruz.com.mx\/wp-content\/uploads\/2015\/06\/Votos-300x208.jpg","type":"","width":"","height":""}],"author":"Lo viste en Los Pol\u00edticos","twitter_card":"summary_large_image","twitter_creator":"@LosPoliticosVer","twitter_site":"@LosPoliticosVer","twitter_misc":{"Escrito por":"Lo viste en Los Pol\u00edticos","Tiempo de lectura":"3 minutos"},"schema":{"@context":"https:\/\/schema.org","@graph":[{"@type":"Article","@id":"https:\/\/lospoliticosveracruz.com\/?p=16567#article","isPartOf":{"@id":"https:\/\/lospoliticosveracruz.com\/?p=16567"},"author":{"name":"Lo viste en Los Pol\u00edticos","@id":"https:\/\/lospoliticosveracruz.com\/#\/schema\/person\/b8702bb0e538456e6efd07080bf2a4a2"},"headline":"\u201cNos vemos en el 2018\u201d","datePublished":"2015-06-22T01:17:35+00:00","mainEntityOfPage":{"@id":"https:\/\/lospoliticosveracruz.com\/?p=16567"},"wordCount":674,"commentCount":0,"publisher":{"@id":"https:\/\/lospoliticosveracruz.com\/#organization"},"image":{"@id":"https:\/\/lospoliticosveracruz.com\/?p=16567#primaryimage"},"thumbnailUrl":"http:\/\/www.lospoliticosveracruz.com.mx\/wp-content\/uploads\/2015\/06\/Votos-300x208.jpg","keywords":["elecciones 2018","Morena","PRD","PRI","PVEM"],"articleSection":["De Opini\u00f3n"],"inLanguage":"es","potentialAction":[{"@type":"CommentAction","name":"Comment","target":["https:\/\/lospoliticosveracruz.com\/?p=16567#respond"]}]},{"@type":"WebPage","@id":"https:\/\/lospoliticosveracruz.com\/?p=16567","url":"https:\/\/lospoliticosveracruz.com\/?p=16567","name":"\u201cNos vemos en el 2018\u201d - Los pol\u00edticos Veracruz","isPartOf":{"@id":"https:\/\/lospoliticosveracruz.com\/#website"},"primaryImageOfPage":{"@id":"https:\/\/lospoliticosveracruz.com\/?p=16567#primaryimage"},"image":{"@id":"https:\/\/lospoliticosveracruz.com\/?p=16567#primaryimage"},"thumbnailUrl":"http:\/\/www.lospoliticosveracruz.com.mx\/wp-content\/uploads\/2015\/06\/Votos-300x208.jpg","datePublished":"2015-06-22T01:17:35+00:00","breadcrumb":{"@id":"https:\/\/lospoliticosveracruz.com\/?p=16567#breadcrumb"},"inLanguage":"es","potentialAction":[{"@type":"ReadAction","target":["https:\/\/lospoliticosveracruz.com\/?p=16567"]}]},{"@type":"ImageObject","inLanguage":"es","@id":"https:\/\/lospoliticosveracruz.com\/?p=16567#primaryimage","url":"http:\/\/www.lospoliticosveracruz.com.mx\/wp-content\/uploads\/2015\/06\/Votos-300x208.jpg","contentUrl":"http:\/\/www.lospoliticosveracruz.com.mx\/wp-content\/uploads\/2015\/06\/Votos-300x208.jpg"},{"@type":"BreadcrumbList","@id":"https:\/\/lospoliticosveracruz.com\/?p=16567#breadcrumb","itemListElement":[{"@type":"ListItem","position":1,"name":"Portada","item":"https:\/\/lospoliticosveracruz.com\/"},{"@type":"ListItem","position":2,"name":"\u201cNos vemos en el 2018\u201d"}]},{"@type":"WebSite","@id":"https:\/\/lospoliticosveracruz.com\/#website","url":"https:\/\/lospoliticosveracruz.com\/","name":"Los pol\u00edticos Veracruz","description":"","publisher":{"@id":"https:\/\/lospoliticosveracruz.com\/#organization"},"potentialAction":[{"@type":"SearchAction","target":{"@type":"EntryPoint","urlTemplate":"https:\/\/lospoliticosveracruz.com\/?s={search_term_string}"},"query-input":{"@type":"PropertyValueSpecification","valueRequired":true,"valueName":"search_term_string"}}],"inLanguage":"es"},{"@type":"Organization","@id":"https:\/\/lospoliticosveracruz.com\/#organization","name":"Los pol\u00edticos Veracruz","url":"https:\/\/lospoliticosveracruz.com\/","logo":{"@type":"ImageObject","inLanguage":"es","@id":"https:\/\/lospoliticosveracruz.com\/#\/schema\/logo\/image\/","url":"https:\/\/lospoliticosveracruz.com\/wp-content\/uploads\/2025\/12\/Logo-Nuevo-LOS-POLITICOS-1.jpg","contentUrl":"https:\/\/lospoliticosveracruz.com\/wp-content\/uploads\/2025\/12\/Logo-Nuevo-LOS-POLITICOS-1.jpg","width":260,"height":70,"caption":"Los pol\u00edticos Veracruz"},"image":{"@id":"https:\/\/lospoliticosveracruz.com\/#\/schema\/logo\/image\/"},"sameAs":["https:\/\/www.facebook.com\/people\/Notimemes-de-los-Polticos\/61565672886568\/","https:\/\/x.com\/LosPoliticosVer"]},{"@type":"Person","@id":"https:\/\/lospoliticosveracruz.com\/#\/schema\/person\/b8702bb0e538456e6efd07080bf2a4a2","name":"Lo viste en Los Pol\u00edticos","image":{"@type":"ImageObject","inLanguage":"es","@id":"https:\/\/secure.gravatar.com\/avatar\/3a8de04a2656d44082be478bd6c086daa447c4651605818287b9532d3d0bd435?s=96&d=mm&r=g","url":"https:\/\/secure.gravatar.com\/avatar\/3a8de04a2656d44082be478bd6c086daa447c4651605818287b9532d3d0bd435?s=96&d=mm&r=g","contentUrl":"https:\/\/secure.gravatar.com\/avatar\/3a8de04a2656d44082be478bd6c086daa447c4651605818287b9532d3d0bd435?s=96&d=mm&r=g","caption":"Lo viste en Los Pol\u00edticos"},"url":"https:\/\/lospoliticosveracruz.com\/?author=2"}]}},"_links":{"self":[{"href":"https:\/\/lospoliticosveracruz.com\/index.php?rest_route=\/wp\/v2\/posts\/16567","targetHints":{"allow":["GET"]}}],"collection":[{"href":"https:\/\/lospoliticosveracruz.com\/index.php?rest_route=\/wp\/v2\/posts"}],"about":[{"href":"https:\/\/lospoliticosveracruz.com\/index.php?rest_route=\/wp\/v2\/types\/post"}],"author":[{"embeddable":true,"href":"https:\/\/lospoliticosveracruz.com\/index.php?rest_route=\/wp\/v2\/users\/2"}],"replies":[{"embeddable":true,"href":"https:\/\/lospoliticosveracruz.com\/index.php?rest_route=%2Fwp%2Fv2%2Fcomments&post=16567"}],"version-history":[{"count":1,"href":"https:\/\/lospoliticosveracruz.com\/index.php?rest_route=\/wp\/v2\/posts\/16567\/revisions"}],"predecessor-version":[{"id":16569,"href":"https:\/\/lospoliticosveracruz.com\/index.php?rest_route=\/wp\/v2\/posts\/16567\/revisions\/16569"}],"wp:attachment":[{"href":"https:\/\/lospoliticosveracruz.com\/index.php?rest_route=%2Fwp%2Fv2%2Fmedia&parent=16567"}],"wp:term":[{"taxonomy":"category","embeddable":true,"href":"https:\/\/lospoliticosveracruz.com\/index.php?rest_route=%2Fwp%2Fv2%2Fcategories&post=16567"},{"taxonomy":"post_tag","embeddable":true,"href":"https:\/\/lospoliticosveracruz.com\/index.php?rest_route=%2Fwp%2Fv2%2Ftags&post=16567"}],"curies":[{"name":"wp","href":"https:\/\/api.w.org\/{rel}","templated":true}]}}