{"id":16570,"date":"2015-06-21T20:20:59","date_gmt":"2015-06-22T01:20:59","guid":{"rendered":"http:\/\/www.lospoliticosveracruz.com.mx\/?p=16570"},"modified":"2015-06-21T20:20:59","modified_gmt":"2015-06-22T01:20:59","slug":"las-patronas-20-anos-de-labor-humanitaria","status":"publish","type":"post","link":"https:\/\/lospoliticosveracruz.com\/?p=16570","title":{"rendered":"Las Patronas, 20 a\u00f1os de labor humanitaria"},"content":{"rendered":"<p><a href=\"http:\/\/www.lospoliticosveracruz.com.mx\/wp-content\/uploads\/2015\/06\/Las-Patronas.jpg\"><img loading=\"lazy\" decoding=\"async\" class=\"alignnone size-medium wp-image-16571\" src=\"http:\/\/www.lospoliticosveracruz.com.mx\/wp-content\/uploads\/2015\/06\/Las-Patronas-300x193.jpg\" alt=\"Las Patronas\" width=\"300\" height=\"193\" \/><\/a><\/p>\n<p><strong>Armando Ortiz<\/strong><\/p>\n<p><em>El Hijo Pr\u00f3digo<\/em><\/p>\n<p>El 14 de febrero de 1995 Leonila V\u00e1zquez caminaba por la v\u00eda rumbo a su casa cuando pas\u00f3 \u201cLa Bestia\u201d. Ella llevaba una bolsa de pan que hab\u00eda comprado para su familia. Fue entonces que pas\u00f3 el tren y un migrante le pidi\u00f3 de comer; el migrante le dijo que ten\u00eda tres d\u00edas sin probar bocado. Ella no lo dud\u00f3 y le entreg\u00f3 la bolsa de pan al hombre. Pero la experiencia no qued\u00f3 ah\u00ed, ella fue a su casa y comunic\u00f3 a sus hijas el hecho, por lo que decidieron que algo ten\u00edan que hacer por esa pobre gente que, montada en \u201cLa Bestia\u201d buscaba llegar a los Estados Unidos para encontrar una mejor forma de vida.<br \/>\nAs\u00ed, en el silencio y en el anonimato, un grupo de mujeres de Amatl\u00e1n, Veracruz empezaron a preparar alimento para los migrantes y lo llevaban a la v\u00eda para entreg\u00e1rselos. Cuenta Leonila V\u00e1zquez que hubo un tiempo que algunas autoridades les hicieron creer que hac\u00edan algo malo. Para esas autoridades dar de comer a los migrantes era como alimentar a los delincuentes. Fue por eso que algunas de las mujeres voluntarias dejaron esa labor, pero Leonila V\u00e1zquez y sus hijas, Norma Romero, Rosa, Bernarda, Mar\u00eda Antonia y Sonia no creyeron que estaban dando de comer a delincuentes, sino a seres humanos. Cuenta Leonila V\u00e1zquez: \u201cYo siento que le estoy dando de comer a mi familia\u201d.<br \/>\nDurante a\u00f1os, sin esperar nada a cambio, la empat\u00eda de estas mujeres de Amatl\u00e1n, donde se venera a la \u201cpatrona\u201d, la Virgen de Guadalupe, han estado preparando en su albergue, miles de bolsas de alimento para entregar a los migrantes. Y as\u00ed hubieran estado haci\u00e9ndolo durante muchos a\u00f1os m\u00e1s hasta que un periodista extranjero empez\u00f3 a documentar esta labor y entonces \u201cLas Patronas\u201d empezaron a ser conocidas en todo el mundo.<br \/>\nEl 14 de febrero de 2015 celebraron 20 a\u00f1os de realizar esta labor humanitaria. En 2013 recibieron de manos del presidente Enrique Pe\u00f1a Nieto el Premio Nacional de Derechos Humanos. Pero este merecido reconocimiento no ha impedido que Norma Guerrero, representante de \u201cLas Patronas\u201d, haga reclamos al presidente de M\u00e9xico. En su cara, al momento de recibir el premio le dijo al presidente: \u201cM\u00e9xico se encuentra fracturado, atravesado por la violencia, por la impunidad, por la apat\u00eda, por la discriminaci\u00f3n, por la falta de oportunidades reales y una lista de cosas m\u00e1s que no podr\u00eda terminar. M\u00e1s que avanzar hemos ido en retroceso porque la idea del progreso sustentada en aprovecharse de los que menos tienen no puede ser m\u00e1s que una violaci\u00f3n a los derechos humanos\u201d. En ese mismo momento reclam\u00f3 al presidente que los migrantes no sean \u201cconsiderados como personas, sino como mercanc\u00edas que pueden ser negociadas, cambiadas y eliminadas sin consideraci\u00f3n alguna y esa misma situaci\u00f3n atraviesan nuestras mujeres, ni\u00f1os y ni\u00f1as y toda la juventud\u201d.<br \/>\nEn 2015 una joven espa\u00f1ola lanz\u00f3 la iniciativa para que \u201cLas Patronas\u201d sean consideradas para obtener el \u201cPremio Princesa de Asturias de la Concordia\u201d. El premio en este rubro se entrega a \u201cla persona, instituci\u00f3n, grupo de personas o de instituciones cuya labor haya contribuido de forma ejemplar y relevante al entendimiento y a la convivencia en paz entre los hombres, a la lucha contra la injusticia, la pobreza, la enfermedad, la ignorancia o a la defensa de la libertad, o que haya abierto nuevos horizontes al conocimiento o se haya destacado, tambi\u00e9n de manera extraordinaria, en la conservaci\u00f3n y protecci\u00f3n del patrimonio de la Humanidad\u201d.<br \/>\n\u00bfQui\u00e9n mejor que Las Patronas para obtener este reconocimiento? Su labor humanitaria ha colocado nuevamente a los migrantes en la categor\u00eda de seres humanos, ha contribuido al entendimiento de una problem\u00e1tica de nivel mundial al tiempo que brinda el ejemplo para que busquemos una mejor convivencia entre los seres humanos. \u201cLas Patronas\u201d han luchado en el anonimato contra la injusticia, la pobreza y la ignorancia; sobre todo la injusticia, la pobreza mental y la ignorancia de nuestros gobernantes en Veracruz y en M\u00e9xico.<br \/>\nCabe se\u00f1alar que las integrantes de \u201cLas Patronas\u201d no han descuidado sus labores familiares. Antes de acudir al albergue a preparar los alimentos para los migrantes, las mujeres ya debieron haber dejado atendidas a su familia. El hijo de Norma Romero, Yasef Figueroa Romero de 22 a\u00f1os estudia la carrera de Derecho. Ella vive del campo, de la ca\u00f1a, su esposo muri\u00f3 hace algunos a\u00f1os.<br \/>\nNorma Romero, la hija de Leonila V\u00e1zquez, ese 14 de febrero de 1995 no comi\u00f3 pan, porque el pan que llevaba su madre a la casa lo entreg\u00f3 a un hombre con m\u00e1s hambre. Pero despu\u00e9s de 20 a\u00f1os de estar compartiendo el pan, Norma Romero dice orgullosa: \u201cNosotros hasta ahorita nunca nos hemos quedado sin comer, porque mientras das, m\u00e1s se te multiplica\u201d.<\/p>\n<p>Postdata 1: Norma Romero en Forbes<br \/>\nLa prestigiada revista Forbes ha colocado a Norma Romero V\u00e1zquez como una de las 5 mujeres m\u00e1s poderosas de M\u00e9xico. \u00bfPoderosa? Si se refieren a su influencia, a su ejemplo, a su tes\u00f3n y empe\u00f1o, tal vez s\u00ed. Porque el poder en este pa\u00eds \u00faltimamente s\u00f3lo se ha utilizado para perjudicar al pr\u00f3jimo.<\/p>\n<p>Postdata 2: \u201cLas Patronas\u201d, \u00bfturismo de aventura?<br \/>\n\u201cLas Patronas\u201d no son turismo de aventura pol\u00edtico como para que diputados, autoridades u organizaciones civiles organicen tours y se vayan, por el puro gusto de publicitarse, a entregar alimentos con ellas a las v\u00edas del tren en Amatl\u00e1n. Su labor es seria, es para concientizar, no es un simple pasatiempo.<\/p>\n","protected":false},"excerpt":{"rendered":"<p>Armando Ortiz El Hijo Pr\u00f3digo El 14 de febrero de 1995 Leonila V\u00e1zquez caminaba por la v\u00eda rumbo a su casa cuando pas\u00f3 \u201cLa Bestia\u201d. Ella llevaba una bolsa de pan que hab\u00eda comprado para su familia. Fue entonces que pas\u00f3 el tren y un migrante le pidi\u00f3 de comer; el migrante le dijo que [&hellip;]<\/p>\n","protected":false},"author":2,"featured_media":0,"comment_status":"open","ping_status":"open","sticky":false,"template":"","format":"standard","meta":{"tdm_status":"","tdm_grid_status":"","footnotes":""},"categories":[70],"tags":[517,2270,2864],"class_list":{"0":"post-16570","1":"post","2":"type-post","3":"status-publish","4":"format-standard","6":"category-de-opinion","7":"tag-armando-ortiz","8":"tag-las-patronas","9":"tag-leonila-vazquez"},"yoast_head":"<!-- This site is optimized with the Yoast SEO plugin v27.4 - https:\/\/yoast.com\/product\/yoast-seo-wordpress\/ -->\n<title>Las Patronas, 20 a\u00f1os de labor humanitaria - Los pol\u00edticos Veracruz<\/title>\n<meta name=\"robots\" content=\"index, follow, max-snippet:-1, max-image-preview:large, max-video-preview:-1\" \/>\n<link rel=\"canonical\" href=\"https:\/\/lospoliticosveracruz.com\/?p=16570\" \/>\n<meta property=\"og:locale\" content=\"es_ES\" \/>\n<meta property=\"og:type\" content=\"article\" \/>\n<meta property=\"og:title\" content=\"Las Patronas, 20 a\u00f1os de labor humanitaria - Los pol\u00edticos Veracruz\" \/>\n<meta property=\"og:description\" content=\"Armando Ortiz El Hijo Pr\u00f3digo El 14 de febrero de 1995 Leonila V\u00e1zquez caminaba por la v\u00eda rumbo a su casa cuando pas\u00f3 \u201cLa Bestia\u201d. Ella llevaba una bolsa de pan que hab\u00eda comprado para su familia. Fue entonces que pas\u00f3 el tren y un migrante le pidi\u00f3 de comer; el migrante le dijo que [&hellip;]\" \/>\n<meta property=\"og:url\" content=\"https:\/\/lospoliticosveracruz.com\/?p=16570\" \/>\n<meta property=\"og:site_name\" content=\"Los pol\u00edticos Veracruz\" \/>\n<meta property=\"article:publisher\" content=\"https:\/\/www.facebook.com\/people\/Notimemes-de-los-Polticos\/61565672886568\/\" \/>\n<meta property=\"article:published_time\" content=\"2015-06-22T01:20:59+00:00\" \/>\n<meta property=\"og:image\" content=\"http:\/\/www.lospoliticosveracruz.com.mx\/wp-content\/uploads\/2015\/06\/Las-Patronas-300x193.jpg\" \/>\n<meta name=\"author\" content=\"Lo viste en Los Pol\u00edticos\" \/>\n<meta name=\"twitter:card\" content=\"summary_large_image\" \/>\n<meta name=\"twitter:creator\" content=\"@LosPoliticosVer\" \/>\n<meta name=\"twitter:site\" content=\"@LosPoliticosVer\" \/>\n<meta name=\"twitter:label1\" content=\"Escrito por\" \/>\n\t<meta name=\"twitter:data1\" content=\"Lo viste en Los Pol\u00edticos\" \/>\n\t<meta name=\"twitter:label2\" content=\"Tiempo de lectura\" \/>\n\t<meta name=\"twitter:data2\" content=\"5 minutos\" \/>\n<script type=\"application\/ld+json\" class=\"yoast-schema-graph\">{\"@context\":\"https:\\\/\\\/schema.org\",\"@graph\":[{\"@type\":\"Article\",\"@id\":\"https:\\\/\\\/lospoliticosveracruz.com\\\/?p=16570#article\",\"isPartOf\":{\"@id\":\"https:\\\/\\\/lospoliticosveracruz.com\\\/?p=16570\"},\"author\":{\"name\":\"Lo viste en Los Pol\u00edticos\",\"@id\":\"https:\\\/\\\/lospoliticosveracruz.com\\\/#\\\/schema\\\/person\\\/b8702bb0e538456e6efd07080bf2a4a2\"},\"headline\":\"Las Patronas, 20 a\u00f1os de labor humanitaria\",\"datePublished\":\"2015-06-22T01:20:59+00:00\",\"mainEntityOfPage\":{\"@id\":\"https:\\\/\\\/lospoliticosveracruz.com\\\/?p=16570\"},\"wordCount\":972,\"commentCount\":0,\"publisher\":{\"@id\":\"https:\\\/\\\/lospoliticosveracruz.com\\\/#organization\"},\"image\":{\"@id\":\"https:\\\/\\\/lospoliticosveracruz.com\\\/?p=16570#primaryimage\"},\"thumbnailUrl\":\"http:\\\/\\\/www.lospoliticosveracruz.com.mx\\\/wp-content\\\/uploads\\\/2015\\\/06\\\/Las-Patronas-300x193.jpg\",\"keywords\":[\"Armando Ortiz\",\"Las Patronas\",\"Leonila V\u00e1zquez\"],\"articleSection\":[\"De Opini\u00f3n\"],\"inLanguage\":\"es\",\"potentialAction\":[{\"@type\":\"CommentAction\",\"name\":\"Comment\",\"target\":[\"https:\\\/\\\/lospoliticosveracruz.com\\\/?p=16570#respond\"]}]},{\"@type\":\"WebPage\",\"@id\":\"https:\\\/\\\/lospoliticosveracruz.com\\\/?p=16570\",\"url\":\"https:\\\/\\\/lospoliticosveracruz.com\\\/?p=16570\",\"name\":\"Las Patronas, 20 a\u00f1os de labor humanitaria - Los pol\u00edticos Veracruz\",\"isPartOf\":{\"@id\":\"https:\\\/\\\/lospoliticosveracruz.com\\\/#website\"},\"primaryImageOfPage\":{\"@id\":\"https:\\\/\\\/lospoliticosveracruz.com\\\/?p=16570#primaryimage\"},\"image\":{\"@id\":\"https:\\\/\\\/lospoliticosveracruz.com\\\/?p=16570#primaryimage\"},\"thumbnailUrl\":\"http:\\\/\\\/www.lospoliticosveracruz.com.mx\\\/wp-content\\\/uploads\\\/2015\\\/06\\\/Las-Patronas-300x193.jpg\",\"datePublished\":\"2015-06-22T01:20:59+00:00\",\"breadcrumb\":{\"@id\":\"https:\\\/\\\/lospoliticosveracruz.com\\\/?p=16570#breadcrumb\"},\"inLanguage\":\"es\",\"potentialAction\":[{\"@type\":\"ReadAction\",\"target\":[\"https:\\\/\\\/lospoliticosveracruz.com\\\/?p=16570\"]}]},{\"@type\":\"ImageObject\",\"inLanguage\":\"es\",\"@id\":\"https:\\\/\\\/lospoliticosveracruz.com\\\/?p=16570#primaryimage\",\"url\":\"http:\\\/\\\/www.lospoliticosveracruz.com.mx\\\/wp-content\\\/uploads\\\/2015\\\/06\\\/Las-Patronas-300x193.jpg\",\"contentUrl\":\"http:\\\/\\\/www.lospoliticosveracruz.com.mx\\\/wp-content\\\/uploads\\\/2015\\\/06\\\/Las-Patronas-300x193.jpg\"},{\"@type\":\"BreadcrumbList\",\"@id\":\"https:\\\/\\\/lospoliticosveracruz.com\\\/?p=16570#breadcrumb\",\"itemListElement\":[{\"@type\":\"ListItem\",\"position\":1,\"name\":\"Portada\",\"item\":\"https:\\\/\\\/lospoliticosveracruz.com\\\/\"},{\"@type\":\"ListItem\",\"position\":2,\"name\":\"Las Patronas, 20 a\u00f1os de labor humanitaria\"}]},{\"@type\":\"WebSite\",\"@id\":\"https:\\\/\\\/lospoliticosveracruz.com\\\/#website\",\"url\":\"https:\\\/\\\/lospoliticosveracruz.com\\\/\",\"name\":\"Los pol\u00edticos Veracruz\",\"description\":\"\",\"publisher\":{\"@id\":\"https:\\\/\\\/lospoliticosveracruz.com\\\/#organization\"},\"potentialAction\":[{\"@type\":\"SearchAction\",\"target\":{\"@type\":\"EntryPoint\",\"urlTemplate\":\"https:\\\/\\\/lospoliticosveracruz.com\\\/?s={search_term_string}\"},\"query-input\":{\"@type\":\"PropertyValueSpecification\",\"valueRequired\":true,\"valueName\":\"search_term_string\"}}],\"inLanguage\":\"es\"},{\"@type\":\"Organization\",\"@id\":\"https:\\\/\\\/lospoliticosveracruz.com\\\/#organization\",\"name\":\"Los pol\u00edticos Veracruz\",\"url\":\"https:\\\/\\\/lospoliticosveracruz.com\\\/\",\"logo\":{\"@type\":\"ImageObject\",\"inLanguage\":\"es\",\"@id\":\"https:\\\/\\\/lospoliticosveracruz.com\\\/#\\\/schema\\\/logo\\\/image\\\/\",\"url\":\"https:\\\/\\\/lospoliticosveracruz.com\\\/wp-content\\\/uploads\\\/2025\\\/12\\\/Logo-Nuevo-LOS-POLITICOS-1.jpg\",\"contentUrl\":\"https:\\\/\\\/lospoliticosveracruz.com\\\/wp-content\\\/uploads\\\/2025\\\/12\\\/Logo-Nuevo-LOS-POLITICOS-1.jpg\",\"width\":260,\"height\":70,\"caption\":\"Los pol\u00edticos Veracruz\"},\"image\":{\"@id\":\"https:\\\/\\\/lospoliticosveracruz.com\\\/#\\\/schema\\\/logo\\\/image\\\/\"},\"sameAs\":[\"https:\\\/\\\/www.facebook.com\\\/people\\\/Notimemes-de-los-Polticos\\\/61565672886568\\\/\",\"https:\\\/\\\/x.com\\\/LosPoliticosVer\"]},{\"@type\":\"Person\",\"@id\":\"https:\\\/\\\/lospoliticosveracruz.com\\\/#\\\/schema\\\/person\\\/b8702bb0e538456e6efd07080bf2a4a2\",\"name\":\"Lo viste en Los Pol\u00edticos\",\"image\":{\"@type\":\"ImageObject\",\"inLanguage\":\"es\",\"@id\":\"https:\\\/\\\/secure.gravatar.com\\\/avatar\\\/3a8de04a2656d44082be478bd6c086daa447c4651605818287b9532d3d0bd435?s=96&d=mm&r=g\",\"url\":\"https:\\\/\\\/secure.gravatar.com\\\/avatar\\\/3a8de04a2656d44082be478bd6c086daa447c4651605818287b9532d3d0bd435?s=96&d=mm&r=g\",\"contentUrl\":\"https:\\\/\\\/secure.gravatar.com\\\/avatar\\\/3a8de04a2656d44082be478bd6c086daa447c4651605818287b9532d3d0bd435?s=96&d=mm&r=g\",\"caption\":\"Lo viste en Los Pol\u00edticos\"},\"url\":\"https:\\\/\\\/lospoliticosveracruz.com\\\/?author=2\"}]}<\/script>\n<!-- \/ Yoast SEO plugin. -->","yoast_head_json":{"title":"Las Patronas, 20 a\u00f1os de labor humanitaria - Los pol\u00edticos Veracruz","robots":{"index":"index","follow":"follow","max-snippet":"max-snippet:-1","max-image-preview":"max-image-preview:large","max-video-preview":"max-video-preview:-1"},"canonical":"https:\/\/lospoliticosveracruz.com\/?p=16570","og_locale":"es_ES","og_type":"article","og_title":"Las Patronas, 20 a\u00f1os de labor humanitaria - Los pol\u00edticos Veracruz","og_description":"Armando Ortiz El Hijo Pr\u00f3digo El 14 de febrero de 1995 Leonila V\u00e1zquez caminaba por la v\u00eda rumbo a su casa cuando pas\u00f3 \u201cLa Bestia\u201d. Ella llevaba una bolsa de pan que hab\u00eda comprado para su familia. Fue entonces que pas\u00f3 el tren y un migrante le pidi\u00f3 de comer; el migrante le dijo que [&hellip;]","og_url":"https:\/\/lospoliticosveracruz.com\/?p=16570","og_site_name":"Los pol\u00edticos Veracruz","article_publisher":"https:\/\/www.facebook.com\/people\/Notimemes-de-los-Polticos\/61565672886568\/","article_published_time":"2015-06-22T01:20:59+00:00","og_image":[{"url":"http:\/\/www.lospoliticosveracruz.com.mx\/wp-content\/uploads\/2015\/06\/Las-Patronas-300x193.jpg","type":"","width":"","height":""}],"author":"Lo viste en Los Pol\u00edticos","twitter_card":"summary_large_image","twitter_creator":"@LosPoliticosVer","twitter_site":"@LosPoliticosVer","twitter_misc":{"Escrito por":"Lo viste en Los Pol\u00edticos","Tiempo de lectura":"5 minutos"},"schema":{"@context":"https:\/\/schema.org","@graph":[{"@type":"Article","@id":"https:\/\/lospoliticosveracruz.com\/?p=16570#article","isPartOf":{"@id":"https:\/\/lospoliticosveracruz.com\/?p=16570"},"author":{"name":"Lo viste en Los Pol\u00edticos","@id":"https:\/\/lospoliticosveracruz.com\/#\/schema\/person\/b8702bb0e538456e6efd07080bf2a4a2"},"headline":"Las Patronas, 20 a\u00f1os de labor humanitaria","datePublished":"2015-06-22T01:20:59+00:00","mainEntityOfPage":{"@id":"https:\/\/lospoliticosveracruz.com\/?p=16570"},"wordCount":972,"commentCount":0,"publisher":{"@id":"https:\/\/lospoliticosveracruz.com\/#organization"},"image":{"@id":"https:\/\/lospoliticosveracruz.com\/?p=16570#primaryimage"},"thumbnailUrl":"http:\/\/www.lospoliticosveracruz.com.mx\/wp-content\/uploads\/2015\/06\/Las-Patronas-300x193.jpg","keywords":["Armando Ortiz","Las Patronas","Leonila V\u00e1zquez"],"articleSection":["De Opini\u00f3n"],"inLanguage":"es","potentialAction":[{"@type":"CommentAction","name":"Comment","target":["https:\/\/lospoliticosveracruz.com\/?p=16570#respond"]}]},{"@type":"WebPage","@id":"https:\/\/lospoliticosveracruz.com\/?p=16570","url":"https:\/\/lospoliticosveracruz.com\/?p=16570","name":"Las Patronas, 20 a\u00f1os de labor humanitaria - Los pol\u00edticos Veracruz","isPartOf":{"@id":"https:\/\/lospoliticosveracruz.com\/#website"},"primaryImageOfPage":{"@id":"https:\/\/lospoliticosveracruz.com\/?p=16570#primaryimage"},"image":{"@id":"https:\/\/lospoliticosveracruz.com\/?p=16570#primaryimage"},"thumbnailUrl":"http:\/\/www.lospoliticosveracruz.com.mx\/wp-content\/uploads\/2015\/06\/Las-Patronas-300x193.jpg","datePublished":"2015-06-22T01:20:59+00:00","breadcrumb":{"@id":"https:\/\/lospoliticosveracruz.com\/?p=16570#breadcrumb"},"inLanguage":"es","potentialAction":[{"@type":"ReadAction","target":["https:\/\/lospoliticosveracruz.com\/?p=16570"]}]},{"@type":"ImageObject","inLanguage":"es","@id":"https:\/\/lospoliticosveracruz.com\/?p=16570#primaryimage","url":"http:\/\/www.lospoliticosveracruz.com.mx\/wp-content\/uploads\/2015\/06\/Las-Patronas-300x193.jpg","contentUrl":"http:\/\/www.lospoliticosveracruz.com.mx\/wp-content\/uploads\/2015\/06\/Las-Patronas-300x193.jpg"},{"@type":"BreadcrumbList","@id":"https:\/\/lospoliticosveracruz.com\/?p=16570#breadcrumb","itemListElement":[{"@type":"ListItem","position":1,"name":"Portada","item":"https:\/\/lospoliticosveracruz.com\/"},{"@type":"ListItem","position":2,"name":"Las Patronas, 20 a\u00f1os de labor humanitaria"}]},{"@type":"WebSite","@id":"https:\/\/lospoliticosveracruz.com\/#website","url":"https:\/\/lospoliticosveracruz.com\/","name":"Los pol\u00edticos Veracruz","description":"","publisher":{"@id":"https:\/\/lospoliticosveracruz.com\/#organization"},"potentialAction":[{"@type":"SearchAction","target":{"@type":"EntryPoint","urlTemplate":"https:\/\/lospoliticosveracruz.com\/?s={search_term_string}"},"query-input":{"@type":"PropertyValueSpecification","valueRequired":true,"valueName":"search_term_string"}}],"inLanguage":"es"},{"@type":"Organization","@id":"https:\/\/lospoliticosveracruz.com\/#organization","name":"Los pol\u00edticos Veracruz","url":"https:\/\/lospoliticosveracruz.com\/","logo":{"@type":"ImageObject","inLanguage":"es","@id":"https:\/\/lospoliticosveracruz.com\/#\/schema\/logo\/image\/","url":"https:\/\/lospoliticosveracruz.com\/wp-content\/uploads\/2025\/12\/Logo-Nuevo-LOS-POLITICOS-1.jpg","contentUrl":"https:\/\/lospoliticosveracruz.com\/wp-content\/uploads\/2025\/12\/Logo-Nuevo-LOS-POLITICOS-1.jpg","width":260,"height":70,"caption":"Los pol\u00edticos Veracruz"},"image":{"@id":"https:\/\/lospoliticosveracruz.com\/#\/schema\/logo\/image\/"},"sameAs":["https:\/\/www.facebook.com\/people\/Notimemes-de-los-Polticos\/61565672886568\/","https:\/\/x.com\/LosPoliticosVer"]},{"@type":"Person","@id":"https:\/\/lospoliticosveracruz.com\/#\/schema\/person\/b8702bb0e538456e6efd07080bf2a4a2","name":"Lo viste en Los Pol\u00edticos","image":{"@type":"ImageObject","inLanguage":"es","@id":"https:\/\/secure.gravatar.com\/avatar\/3a8de04a2656d44082be478bd6c086daa447c4651605818287b9532d3d0bd435?s=96&d=mm&r=g","url":"https:\/\/secure.gravatar.com\/avatar\/3a8de04a2656d44082be478bd6c086daa447c4651605818287b9532d3d0bd435?s=96&d=mm&r=g","contentUrl":"https:\/\/secure.gravatar.com\/avatar\/3a8de04a2656d44082be478bd6c086daa447c4651605818287b9532d3d0bd435?s=96&d=mm&r=g","caption":"Lo viste en Los Pol\u00edticos"},"url":"https:\/\/lospoliticosveracruz.com\/?author=2"}]}},"_links":{"self":[{"href":"https:\/\/lospoliticosveracruz.com\/index.php?rest_route=\/wp\/v2\/posts\/16570","targetHints":{"allow":["GET"]}}],"collection":[{"href":"https:\/\/lospoliticosveracruz.com\/index.php?rest_route=\/wp\/v2\/posts"}],"about":[{"href":"https:\/\/lospoliticosveracruz.com\/index.php?rest_route=\/wp\/v2\/types\/post"}],"author":[{"embeddable":true,"href":"https:\/\/lospoliticosveracruz.com\/index.php?rest_route=\/wp\/v2\/users\/2"}],"replies":[{"embeddable":true,"href":"https:\/\/lospoliticosveracruz.com\/index.php?rest_route=%2Fwp%2Fv2%2Fcomments&post=16570"}],"version-history":[{"count":1,"href":"https:\/\/lospoliticosveracruz.com\/index.php?rest_route=\/wp\/v2\/posts\/16570\/revisions"}],"predecessor-version":[{"id":16572,"href":"https:\/\/lospoliticosveracruz.com\/index.php?rest_route=\/wp\/v2\/posts\/16570\/revisions\/16572"}],"wp:attachment":[{"href":"https:\/\/lospoliticosveracruz.com\/index.php?rest_route=%2Fwp%2Fv2%2Fmedia&parent=16570"}],"wp:term":[{"taxonomy":"category","embeddable":true,"href":"https:\/\/lospoliticosveracruz.com\/index.php?rest_route=%2Fwp%2Fv2%2Fcategories&post=16570"},{"taxonomy":"post_tag","embeddable":true,"href":"https:\/\/lospoliticosveracruz.com\/index.php?rest_route=%2Fwp%2Fv2%2Ftags&post=16570"}],"curies":[{"name":"wp","href":"https:\/\/api.w.org\/{rel}","templated":true}]}}