{"id":165702,"date":"2026-03-10T05:23:07","date_gmt":"2026-03-10T11:23:07","guid":{"rendered":"https:\/\/lospoliticosveracruz.com\/?p=165702"},"modified":"2026-03-10T05:23:08","modified_gmt":"2026-03-10T11:23:08","slug":"que-dios-mantenga-vivo-a-andres-manuel","status":"publish","type":"post","link":"https:\/\/lospoliticosveracruz.com\/?p=165702","title":{"rendered":"QUE DIOS MANTENGA VIVO A ANDR\u00c9S MANUEL"},"content":{"rendered":"\n<p><strong>Bernardo Guti\u00e9rrez Parra<\/strong><br><em>Desde el Caf\u00e9<\/em><br>El pasado s\u00e1bado, el periodista Jorge Fern\u00e1ndez Men\u00e9ndez report\u00f3 en sus redes: \u201cEl expresidente L\u00f3pez Obrador est\u00e1 internado en el Hospital General Militar por una afecci\u00f3n cardiaca\u201d. Horas m\u00e1s tarde el propio Jorge detall\u00f3 que, aunque sosten\u00eda la informaci\u00f3n de que el expresidente estuvo ingresado, ya no se encontraba en el nosocomio.<\/p>\n\n\n\n<p>Y ya imaginar\u00e1s lector c\u00f3mo se pusieron las redes. En paralelo, los medios convencionales (prensa, radio y TV) no le hicieron mucho caso al trascendido. Pero como las redes siguieran encendidas, la presidenta Claudia Sheinbaum sali\u00f3 al rescate este lunes.<\/p>\n\n\n\n<p>\u201cHay algunos comunicadores y lo digo con todas sus letras: Jorge Fern\u00e1ndez Men\u00e9ndez; \u00e9l fue quien estuvo difundiendo que el presidente L\u00f3pez Obrador hab\u00eda entrado al Hospital Militar. \u00bfQu\u00e9 fuente ten\u00eda? Ninguna, porque era (un dato) falso. C\u00f3mo es posible que alguien que se dice periodista, alguien que se dice que est\u00e1 comprometido con la verdad, pueda difundir una noticia de este tipo\u2026 es irresponsable\u201d.<\/p>\n\n\n\n<p>De ribete, lo acus\u00f3 de orquestar una campa\u00f1a de desinformaci\u00f3n sobre la salud de Andr\u00e9s Manuel, desestimando las versiones sobre un infarto u hospitalizaci\u00f3n.<\/p>\n\n\n\n<p>Pero al margen de lo anterior, el problema latente es que el mundo se le vendr\u00e1 irremediablemente encima a los morenos, el d\u00eda que el tabasque\u00f1o sea llamado a cuentas. Y no por Trump, sino de m\u00e1s arriba.<\/p>\n\n\n\n<p>Si me permites, te explico.<\/p>\n\n\n\n<p>Cuando Andr\u00e9s Manuel sufri\u00f3 un ataque agudo al miocardio el 3 de diciembre del 2013, no era candidato activo a la presidencia y Morena a\u00fan no era un partido pol\u00edtico, sino una asociaci\u00f3n civil formada dos a\u00f1os antes, el 2 de octubre del 2011.<\/p>\n\n\n\n<p>Si en aquel entonces Dios lo hubiera llamado a su reino, Morena habr\u00eda nacido como partido. Pero no hubiera llegado a la presidencia de la Rep\u00fablica y en la actualidad ser\u00eda un partidito muy fraccionado y del mont\u00f3n, porque a los izquierdistas mexicanos no se les da eso de caminar unidos.<\/p>\n\n\n\n<p>Pero Andr\u00e9s Manuel sobrevivi\u00f3 al infarto, gan\u00f3 la presidencia y desde entonces Morena est\u00e1 tocando el cielo con las manos.<\/p>\n\n\n\n<p>Si Morena ha llegado a semejantes alturas es porque Andr\u00e9s Manuel es su creador; es vida, alma y coraz\u00f3n del partido, pero adem\u00e1s es su presidente vitalicio, su presidente nacional y sus l\u00edderes estatales; es la presidenta de la Rep\u00fablica, sus senadores, diputados, alcaldes y la cabeza de su militancia.<\/p>\n\n\n\n<p>En seis palabras: Andr\u00e9s Manuel es todo en Morena.<\/p>\n\n\n\n<p>Sin Morena Andr\u00e9s Manuel puede seguir viviendo, pero sin Andr\u00e9s Manuel, Morena tendr\u00e1 sus d\u00edas contados porque no es un partido pol\u00edtico sino un movimiento social donde todo gira alrededor del tabasque\u00f1o.<\/p>\n\n\n\n<p>\u00bfIgual que en el PRI hegem\u00f3nico?<\/p>\n\n\n\n<p>S\u00ed, pero no.<\/p>\n\n\n\n<p>Cuando el 19 de octubre de 1945 muri\u00f3 Plutarco El\u00edas Calles el creador y padre del PRI, el partido era un adolescente de 16 a\u00f1os que ten\u00eda una base social s\u00f3lida compuesta por campesinos, obreros, empresarios, maestros, l\u00edderes gremiales y un largo etc\u00e9tera.<\/p>\n\n\n\n<p>La muerte del sonorense no provoc\u00f3 ning\u00fan cisma en el partido y menos en la presidencia de Manuel \u00c1vila Camacho. Los tricolores de entonces honraron a Plutarco, lo velaron, sepultaron y siguieron con su vida porque salvo los a\u00f1os del Maximato (1928 a 1934), jam\u00e1s han dependido de un presidente em\u00e9rito.<\/p>\n\n\n\n<p>Con Morena no suceder\u00e1 lo mismo porque tanto la presidenta Sheinbaum como los gobernadores, legisladores y alcaldes morenistas dependen de su presidente em\u00e9rito que es el cimiento y los pilares del partido. Si \u00e9ste falta, todo se derrumba.<\/p>\n\n\n\n<p>En lo personal creo en la versi\u00f3n de Fern\u00e1ndez Men\u00e9ndez; algo le pas\u00f3 a Andr\u00e9s Manuel el fin de semana, pues motivos no le faltan para que su coraz\u00f3n le vuelva a dar calambres. Pero tambi\u00e9n creo que ya va siendo hora que Claudia Sheinbaum tome las riendas del poder presidencial y de Morena.<\/p>\n\n\n\n<p>Nadie, ni Andr\u00e9s Manuel, tiene la vida comprada, pero si Claudia piensa de otra manera, que no le extra\u00f1e si Morena se empieza a derrumbar ante sus ojos si le toca la de malas que en su administraci\u00f3n (Dios no lo quiera), falte para siempre el tabasque\u00f1o.<\/p>\n\n\n\n<p>bernagup28@gmail.com<\/p>\n\n\n\n<p><\/p>\n","protected":false},"excerpt":{"rendered":"<p>Bernardo Guti\u00e9rrez ParraDesde el Caf\u00e9El pasado s\u00e1bado, el periodista Jorge Fern\u00e1ndez Men\u00e9ndez report\u00f3 en sus redes: \u201cEl expresidente L\u00f3pez Obrador est\u00e1 internado en el Hospital General Militar por una afecci\u00f3n cardiaca\u201d. Horas m\u00e1s tarde el propio Jorge detall\u00f3 que, aunque sosten\u00eda la informaci\u00f3n de que el expresidente estuvo ingresado, ya no se encontraba en el [&hellip;]<\/p>\n","protected":false},"author":2,"featured_media":141479,"comment_status":"closed","ping_status":"closed","sticky":false,"template":"","format":"standard","meta":{"tdm_status":"","tdm_grid_status":"","footnotes":""},"categories":[70],"tags":[618,9627,26244,1026],"class_list":{"0":"post-165702","1":"post","2":"type-post","3":"status-publish","4":"format-standard","5":"has-post-thumbnail","7":"category-de-opinion","8":"tag-andres-manuel-lopez-obrador","9":"tag-claudia-sheinbaum","10":"tag-jorge-fernandez-menendez","11":"tag-morena"},"yoast_head":"<!-- This site is optimized with the Yoast SEO plugin v27.4 - https:\/\/yoast.com\/product\/yoast-seo-wordpress\/ -->\n<title>QUE DIOS MANTENGA VIVO A ANDR\u00c9S MANUEL - Los pol\u00edticos Veracruz<\/title>\n<meta name=\"robots\" content=\"index, follow, max-snippet:-1, max-image-preview:large, max-video-preview:-1\" \/>\n<link rel=\"canonical\" href=\"https:\/\/lospoliticosveracruz.com\/?p=165702\" \/>\n<meta property=\"og:locale\" content=\"es_ES\" \/>\n<meta property=\"og:type\" content=\"article\" \/>\n<meta property=\"og:title\" content=\"QUE DIOS MANTENGA VIVO A ANDR\u00c9S MANUEL - Los pol\u00edticos Veracruz\" \/>\n<meta property=\"og:description\" content=\"Bernardo Guti\u00e9rrez ParraDesde el Caf\u00e9El pasado s\u00e1bado, el periodista Jorge Fern\u00e1ndez Men\u00e9ndez report\u00f3 en sus redes: \u201cEl expresidente L\u00f3pez Obrador est\u00e1 internado en el Hospital General Militar por una afecci\u00f3n cardiaca\u201d. Horas m\u00e1s tarde el propio Jorge detall\u00f3 que, aunque sosten\u00eda la informaci\u00f3n de que el expresidente estuvo ingresado, ya no se encontraba en el [&hellip;]\" \/>\n<meta property=\"og:url\" content=\"https:\/\/lospoliticosveracruz.com\/?p=165702\" \/>\n<meta property=\"og:site_name\" content=\"Los pol\u00edticos Veracruz\" \/>\n<meta property=\"article:publisher\" content=\"https:\/\/www.facebook.com\/people\/Notimemes-de-los-Polticos\/61565672886568\/\" \/>\n<meta property=\"article:published_time\" content=\"2026-03-10T11:23:07+00:00\" \/>\n<meta property=\"article:modified_time\" content=\"2026-03-10T11:23:08+00:00\" \/>\n<meta property=\"og:image\" content=\"https:\/\/lospoliticosveracruz.com\/wp-content\/uploads\/2025\/04\/Bernardo-Gutierrez-Parra.jpg\" \/>\n\t<meta property=\"og:image:width\" content=\"1250\" \/>\n\t<meta property=\"og:image:height\" content=\"667\" \/>\n\t<meta property=\"og:image:type\" content=\"image\/jpeg\" \/>\n<meta name=\"author\" content=\"Lo viste en Los Pol\u00edticos\" \/>\n<meta name=\"twitter:card\" content=\"summary_large_image\" \/>\n<meta name=\"twitter:creator\" content=\"@LosPoliticosVer\" \/>\n<meta name=\"twitter:site\" content=\"@LosPoliticosVer\" \/>\n<meta name=\"twitter:label1\" content=\"Escrito por\" \/>\n\t<meta name=\"twitter:data1\" content=\"Lo viste en Los Pol\u00edticos\" \/>\n\t<meta name=\"twitter:label2\" content=\"Tiempo de lectura\" \/>\n\t<meta name=\"twitter:data2\" content=\"4 minutos\" \/>\n<script type=\"application\/ld+json\" class=\"yoast-schema-graph\">{\"@context\":\"https:\\\/\\\/schema.org\",\"@graph\":[{\"@type\":\"Article\",\"@id\":\"https:\\\/\\\/lospoliticosveracruz.com\\\/?p=165702#article\",\"isPartOf\":{\"@id\":\"https:\\\/\\\/lospoliticosveracruz.com\\\/?p=165702\"},\"author\":{\"name\":\"Lo viste en Los Pol\u00edticos\",\"@id\":\"https:\\\/\\\/lospoliticosveracruz.com\\\/#\\\/schema\\\/person\\\/b8702bb0e538456e6efd07080bf2a4a2\"},\"headline\":\"QUE DIOS MANTENGA VIVO A ANDR\u00c9S MANUEL\",\"datePublished\":\"2026-03-10T11:23:07+00:00\",\"dateModified\":\"2026-03-10T11:23:08+00:00\",\"mainEntityOfPage\":{\"@id\":\"https:\\\/\\\/lospoliticosveracruz.com\\\/?p=165702\"},\"wordCount\":747,\"publisher\":{\"@id\":\"https:\\\/\\\/lospoliticosveracruz.com\\\/#organization\"},\"image\":{\"@id\":\"https:\\\/\\\/lospoliticosveracruz.com\\\/?p=165702#primaryimage\"},\"thumbnailUrl\":\"https:\\\/\\\/lospoliticosveracruz.com\\\/wp-content\\\/uploads\\\/2025\\\/04\\\/Bernardo-Gutierrez-Parra.jpg\",\"keywords\":[\"Andr\u00e9s Manuel L\u00f3pez Obrador\",\"Claudia Sheinbaum\",\"Jorge Fern\u00e1ndez Men\u00e9ndez\",\"Morena\"],\"articleSection\":[\"De Opini\u00f3n\"],\"inLanguage\":\"es\"},{\"@type\":\"WebPage\",\"@id\":\"https:\\\/\\\/lospoliticosveracruz.com\\\/?p=165702\",\"url\":\"https:\\\/\\\/lospoliticosveracruz.com\\\/?p=165702\",\"name\":\"QUE DIOS MANTENGA VIVO A ANDR\u00c9S MANUEL - Los pol\u00edticos Veracruz\",\"isPartOf\":{\"@id\":\"https:\\\/\\\/lospoliticosveracruz.com\\\/#website\"},\"primaryImageOfPage\":{\"@id\":\"https:\\\/\\\/lospoliticosveracruz.com\\\/?p=165702#primaryimage\"},\"image\":{\"@id\":\"https:\\\/\\\/lospoliticosveracruz.com\\\/?p=165702#primaryimage\"},\"thumbnailUrl\":\"https:\\\/\\\/lospoliticosveracruz.com\\\/wp-content\\\/uploads\\\/2025\\\/04\\\/Bernardo-Gutierrez-Parra.jpg\",\"datePublished\":\"2026-03-10T11:23:07+00:00\",\"dateModified\":\"2026-03-10T11:23:08+00:00\",\"breadcrumb\":{\"@id\":\"https:\\\/\\\/lospoliticosveracruz.com\\\/?p=165702#breadcrumb\"},\"inLanguage\":\"es\",\"potentialAction\":[{\"@type\":\"ReadAction\",\"target\":[\"https:\\\/\\\/lospoliticosveracruz.com\\\/?p=165702\"]}]},{\"@type\":\"ImageObject\",\"inLanguage\":\"es\",\"@id\":\"https:\\\/\\\/lospoliticosveracruz.com\\\/?p=165702#primaryimage\",\"url\":\"https:\\\/\\\/lospoliticosveracruz.com\\\/wp-content\\\/uploads\\\/2025\\\/04\\\/Bernardo-Gutierrez-Parra.jpg\",\"contentUrl\":\"https:\\\/\\\/lospoliticosveracruz.com\\\/wp-content\\\/uploads\\\/2025\\\/04\\\/Bernardo-Gutierrez-Parra.jpg\",\"width\":1250,\"height\":667},{\"@type\":\"BreadcrumbList\",\"@id\":\"https:\\\/\\\/lospoliticosveracruz.com\\\/?p=165702#breadcrumb\",\"itemListElement\":[{\"@type\":\"ListItem\",\"position\":1,\"name\":\"Portada\",\"item\":\"https:\\\/\\\/lospoliticosveracruz.com\\\/\"},{\"@type\":\"ListItem\",\"position\":2,\"name\":\"QUE DIOS MANTENGA VIVO A ANDR\u00c9S MANUEL\"}]},{\"@type\":\"WebSite\",\"@id\":\"https:\\\/\\\/lospoliticosveracruz.com\\\/#website\",\"url\":\"https:\\\/\\\/lospoliticosveracruz.com\\\/\",\"name\":\"Los pol\u00edticos Veracruz\",\"description\":\"\",\"publisher\":{\"@id\":\"https:\\\/\\\/lospoliticosveracruz.com\\\/#organization\"},\"potentialAction\":[{\"@type\":\"SearchAction\",\"target\":{\"@type\":\"EntryPoint\",\"urlTemplate\":\"https:\\\/\\\/lospoliticosveracruz.com\\\/?s={search_term_string}\"},\"query-input\":{\"@type\":\"PropertyValueSpecification\",\"valueRequired\":true,\"valueName\":\"search_term_string\"}}],\"inLanguage\":\"es\"},{\"@type\":\"Organization\",\"@id\":\"https:\\\/\\\/lospoliticosveracruz.com\\\/#organization\",\"name\":\"Los pol\u00edticos Veracruz\",\"url\":\"https:\\\/\\\/lospoliticosveracruz.com\\\/\",\"logo\":{\"@type\":\"ImageObject\",\"inLanguage\":\"es\",\"@id\":\"https:\\\/\\\/lospoliticosveracruz.com\\\/#\\\/schema\\\/logo\\\/image\\\/\",\"url\":\"https:\\\/\\\/lospoliticosveracruz.com\\\/wp-content\\\/uploads\\\/2025\\\/12\\\/Logo-Nuevo-LOS-POLITICOS-1.jpg\",\"contentUrl\":\"https:\\\/\\\/lospoliticosveracruz.com\\\/wp-content\\\/uploads\\\/2025\\\/12\\\/Logo-Nuevo-LOS-POLITICOS-1.jpg\",\"width\":260,\"height\":70,\"caption\":\"Los pol\u00edticos Veracruz\"},\"image\":{\"@id\":\"https:\\\/\\\/lospoliticosveracruz.com\\\/#\\\/schema\\\/logo\\\/image\\\/\"},\"sameAs\":[\"https:\\\/\\\/www.facebook.com\\\/people\\\/Notimemes-de-los-Polticos\\\/61565672886568\\\/\",\"https:\\\/\\\/x.com\\\/LosPoliticosVer\"]},{\"@type\":\"Person\",\"@id\":\"https:\\\/\\\/lospoliticosveracruz.com\\\/#\\\/schema\\\/person\\\/b8702bb0e538456e6efd07080bf2a4a2\",\"name\":\"Lo viste en Los Pol\u00edticos\",\"image\":{\"@type\":\"ImageObject\",\"inLanguage\":\"es\",\"@id\":\"https:\\\/\\\/secure.gravatar.com\\\/avatar\\\/3a8de04a2656d44082be478bd6c086daa447c4651605818287b9532d3d0bd435?s=96&d=mm&r=g\",\"url\":\"https:\\\/\\\/secure.gravatar.com\\\/avatar\\\/3a8de04a2656d44082be478bd6c086daa447c4651605818287b9532d3d0bd435?s=96&d=mm&r=g\",\"contentUrl\":\"https:\\\/\\\/secure.gravatar.com\\\/avatar\\\/3a8de04a2656d44082be478bd6c086daa447c4651605818287b9532d3d0bd435?s=96&d=mm&r=g\",\"caption\":\"Lo viste en Los Pol\u00edticos\"},\"url\":\"https:\\\/\\\/lospoliticosveracruz.com\\\/?author=2\"}]}<\/script>\n<!-- \/ Yoast SEO plugin. -->","yoast_head_json":{"title":"QUE DIOS MANTENGA VIVO A ANDR\u00c9S MANUEL - Los pol\u00edticos Veracruz","robots":{"index":"index","follow":"follow","max-snippet":"max-snippet:-1","max-image-preview":"max-image-preview:large","max-video-preview":"max-video-preview:-1"},"canonical":"https:\/\/lospoliticosveracruz.com\/?p=165702","og_locale":"es_ES","og_type":"article","og_title":"QUE DIOS MANTENGA VIVO A ANDR\u00c9S MANUEL - Los pol\u00edticos Veracruz","og_description":"Bernardo Guti\u00e9rrez ParraDesde el Caf\u00e9El pasado s\u00e1bado, el periodista Jorge Fern\u00e1ndez Men\u00e9ndez report\u00f3 en sus redes: \u201cEl expresidente L\u00f3pez Obrador est\u00e1 internado en el Hospital General Militar por una afecci\u00f3n cardiaca\u201d. Horas m\u00e1s tarde el propio Jorge detall\u00f3 que, aunque sosten\u00eda la informaci\u00f3n de que el expresidente estuvo ingresado, ya no se encontraba en el [&hellip;]","og_url":"https:\/\/lospoliticosveracruz.com\/?p=165702","og_site_name":"Los pol\u00edticos Veracruz","article_publisher":"https:\/\/www.facebook.com\/people\/Notimemes-de-los-Polticos\/61565672886568\/","article_published_time":"2026-03-10T11:23:07+00:00","article_modified_time":"2026-03-10T11:23:08+00:00","og_image":[{"width":1250,"height":667,"url":"https:\/\/lospoliticosveracruz.com\/wp-content\/uploads\/2025\/04\/Bernardo-Gutierrez-Parra.jpg","type":"image\/jpeg"}],"author":"Lo viste en Los Pol\u00edticos","twitter_card":"summary_large_image","twitter_creator":"@LosPoliticosVer","twitter_site":"@LosPoliticosVer","twitter_misc":{"Escrito por":"Lo viste en Los Pol\u00edticos","Tiempo de lectura":"4 minutos"},"schema":{"@context":"https:\/\/schema.org","@graph":[{"@type":"Article","@id":"https:\/\/lospoliticosveracruz.com\/?p=165702#article","isPartOf":{"@id":"https:\/\/lospoliticosveracruz.com\/?p=165702"},"author":{"name":"Lo viste en Los Pol\u00edticos","@id":"https:\/\/lospoliticosveracruz.com\/#\/schema\/person\/b8702bb0e538456e6efd07080bf2a4a2"},"headline":"QUE DIOS MANTENGA VIVO A ANDR\u00c9S MANUEL","datePublished":"2026-03-10T11:23:07+00:00","dateModified":"2026-03-10T11:23:08+00:00","mainEntityOfPage":{"@id":"https:\/\/lospoliticosveracruz.com\/?p=165702"},"wordCount":747,"publisher":{"@id":"https:\/\/lospoliticosveracruz.com\/#organization"},"image":{"@id":"https:\/\/lospoliticosveracruz.com\/?p=165702#primaryimage"},"thumbnailUrl":"https:\/\/lospoliticosveracruz.com\/wp-content\/uploads\/2025\/04\/Bernardo-Gutierrez-Parra.jpg","keywords":["Andr\u00e9s Manuel L\u00f3pez Obrador","Claudia Sheinbaum","Jorge Fern\u00e1ndez Men\u00e9ndez","Morena"],"articleSection":["De Opini\u00f3n"],"inLanguage":"es"},{"@type":"WebPage","@id":"https:\/\/lospoliticosveracruz.com\/?p=165702","url":"https:\/\/lospoliticosveracruz.com\/?p=165702","name":"QUE DIOS MANTENGA VIVO A ANDR\u00c9S MANUEL - Los pol\u00edticos Veracruz","isPartOf":{"@id":"https:\/\/lospoliticosveracruz.com\/#website"},"primaryImageOfPage":{"@id":"https:\/\/lospoliticosveracruz.com\/?p=165702#primaryimage"},"image":{"@id":"https:\/\/lospoliticosveracruz.com\/?p=165702#primaryimage"},"thumbnailUrl":"https:\/\/lospoliticosveracruz.com\/wp-content\/uploads\/2025\/04\/Bernardo-Gutierrez-Parra.jpg","datePublished":"2026-03-10T11:23:07+00:00","dateModified":"2026-03-10T11:23:08+00:00","breadcrumb":{"@id":"https:\/\/lospoliticosveracruz.com\/?p=165702#breadcrumb"},"inLanguage":"es","potentialAction":[{"@type":"ReadAction","target":["https:\/\/lospoliticosveracruz.com\/?p=165702"]}]},{"@type":"ImageObject","inLanguage":"es","@id":"https:\/\/lospoliticosveracruz.com\/?p=165702#primaryimage","url":"https:\/\/lospoliticosveracruz.com\/wp-content\/uploads\/2025\/04\/Bernardo-Gutierrez-Parra.jpg","contentUrl":"https:\/\/lospoliticosveracruz.com\/wp-content\/uploads\/2025\/04\/Bernardo-Gutierrez-Parra.jpg","width":1250,"height":667},{"@type":"BreadcrumbList","@id":"https:\/\/lospoliticosveracruz.com\/?p=165702#breadcrumb","itemListElement":[{"@type":"ListItem","position":1,"name":"Portada","item":"https:\/\/lospoliticosveracruz.com\/"},{"@type":"ListItem","position":2,"name":"QUE DIOS MANTENGA VIVO A ANDR\u00c9S MANUEL"}]},{"@type":"WebSite","@id":"https:\/\/lospoliticosveracruz.com\/#website","url":"https:\/\/lospoliticosveracruz.com\/","name":"Los pol\u00edticos Veracruz","description":"","publisher":{"@id":"https:\/\/lospoliticosveracruz.com\/#organization"},"potentialAction":[{"@type":"SearchAction","target":{"@type":"EntryPoint","urlTemplate":"https:\/\/lospoliticosveracruz.com\/?s={search_term_string}"},"query-input":{"@type":"PropertyValueSpecification","valueRequired":true,"valueName":"search_term_string"}}],"inLanguage":"es"},{"@type":"Organization","@id":"https:\/\/lospoliticosveracruz.com\/#organization","name":"Los pol\u00edticos Veracruz","url":"https:\/\/lospoliticosveracruz.com\/","logo":{"@type":"ImageObject","inLanguage":"es","@id":"https:\/\/lospoliticosveracruz.com\/#\/schema\/logo\/image\/","url":"https:\/\/lospoliticosveracruz.com\/wp-content\/uploads\/2025\/12\/Logo-Nuevo-LOS-POLITICOS-1.jpg","contentUrl":"https:\/\/lospoliticosveracruz.com\/wp-content\/uploads\/2025\/12\/Logo-Nuevo-LOS-POLITICOS-1.jpg","width":260,"height":70,"caption":"Los pol\u00edticos Veracruz"},"image":{"@id":"https:\/\/lospoliticosveracruz.com\/#\/schema\/logo\/image\/"},"sameAs":["https:\/\/www.facebook.com\/people\/Notimemes-de-los-Polticos\/61565672886568\/","https:\/\/x.com\/LosPoliticosVer"]},{"@type":"Person","@id":"https:\/\/lospoliticosveracruz.com\/#\/schema\/person\/b8702bb0e538456e6efd07080bf2a4a2","name":"Lo viste en Los Pol\u00edticos","image":{"@type":"ImageObject","inLanguage":"es","@id":"https:\/\/secure.gravatar.com\/avatar\/3a8de04a2656d44082be478bd6c086daa447c4651605818287b9532d3d0bd435?s=96&d=mm&r=g","url":"https:\/\/secure.gravatar.com\/avatar\/3a8de04a2656d44082be478bd6c086daa447c4651605818287b9532d3d0bd435?s=96&d=mm&r=g","contentUrl":"https:\/\/secure.gravatar.com\/avatar\/3a8de04a2656d44082be478bd6c086daa447c4651605818287b9532d3d0bd435?s=96&d=mm&r=g","caption":"Lo viste en Los Pol\u00edticos"},"url":"https:\/\/lospoliticosveracruz.com\/?author=2"}]}},"_links":{"self":[{"href":"https:\/\/lospoliticosveracruz.com\/index.php?rest_route=\/wp\/v2\/posts\/165702","targetHints":{"allow":["GET"]}}],"collection":[{"href":"https:\/\/lospoliticosveracruz.com\/index.php?rest_route=\/wp\/v2\/posts"}],"about":[{"href":"https:\/\/lospoliticosveracruz.com\/index.php?rest_route=\/wp\/v2\/types\/post"}],"author":[{"embeddable":true,"href":"https:\/\/lospoliticosveracruz.com\/index.php?rest_route=\/wp\/v2\/users\/2"}],"replies":[{"embeddable":true,"href":"https:\/\/lospoliticosveracruz.com\/index.php?rest_route=%2Fwp%2Fv2%2Fcomments&post=165702"}],"version-history":[{"count":1,"href":"https:\/\/lospoliticosveracruz.com\/index.php?rest_route=\/wp\/v2\/posts\/165702\/revisions"}],"predecessor-version":[{"id":165703,"href":"https:\/\/lospoliticosveracruz.com\/index.php?rest_route=\/wp\/v2\/posts\/165702\/revisions\/165703"}],"wp:featuredmedia":[{"embeddable":true,"href":"https:\/\/lospoliticosveracruz.com\/index.php?rest_route=\/wp\/v2\/media\/141479"}],"wp:attachment":[{"href":"https:\/\/lospoliticosveracruz.com\/index.php?rest_route=%2Fwp%2Fv2%2Fmedia&parent=165702"}],"wp:term":[{"taxonomy":"category","embeddable":true,"href":"https:\/\/lospoliticosveracruz.com\/index.php?rest_route=%2Fwp%2Fv2%2Fcategories&post=165702"},{"taxonomy":"post_tag","embeddable":true,"href":"https:\/\/lospoliticosveracruz.com\/index.php?rest_route=%2Fwp%2Fv2%2Ftags&post=165702"}],"curies":[{"name":"wp","href":"https:\/\/api.w.org\/{rel}","templated":true}]}}