{"id":165704,"date":"2026-03-10T05:38:08","date_gmt":"2026-03-10T11:38:08","guid":{"rendered":"https:\/\/lospoliticosveracruz.com\/?p=165704"},"modified":"2026-03-10T05:38:09","modified_gmt":"2026-03-10T11:38:09","slug":"se-sienten-merecedores-de-todo","status":"publish","type":"post","link":"https:\/\/lospoliticosveracruz.com\/?p=165704","title":{"rendered":"SE SIENTEN MERECEDORES DE TODO!"},"content":{"rendered":"\n<p><strong>Fanny Y\u00e9pez<\/strong><br><em>La Columna<\/em><\/p>\n\n\n\n<p>A m\u00e1s de cinco meses de que instalen las autoridades electorales (INE y OPLE) y con ello se inicie el proceso de las elecciones intermedias, donde se elegir\u00e1n gobernadores en 17 estados, diputados federales y locales, varios alzaron la mano para apuntarse como aspirantes para la pr\u00f3xima contienda.<br>Aunque muchos de esos personajes est\u00e9n alejados de sus respectivas comunidades que integran sus distritos, se conducen como los iluminados, merecedores de todo. Pero crudas realidades se llevar\u00e1n, cuando los electores les apliquen el voto de castigo, como correctivo al haberlos abandonado y no haberles cumplido sus promesas de campa\u00f1a.<br>La corrupci\u00f3n que cada d\u00eda se exhibe y que involucra a personalidades de la 4T, evidentemente les preocupa, porque la imagen de Morena se sigue deteriorando y dif\u00edcilmente podr\u00e1n dar explicaciones convincentes de esos sucesos, que son la comidilla nacional y estatal.<br>La expresi\u00f3n \u201cAusteridad republicana\u201d que acu\u00f1\u00f3 el ex presidente Andr\u00e9s Manuel L\u00f3pez Obrador, con la que signific\u00f3 que no podr\u00eda haber gobierno rico con pueblo pobre, se ha apagado por completo, ya nadie la recuerda y la ostentaci\u00f3n sigue presente de diversas formas.<br>El ex presidente dijo tambi\u00e9n \u201cno somos iguales\u201d, porque trat\u00f3 a toda costa de demostrar que los gobiernos anteriores eran los que hab\u00edan derrochado el dinero, que la llegada de la 4T permitir\u00eda beneficiar a los que menos tienen y romper esa inercia de corrupci\u00f3n, pero lamentablemente se fue AMLO y muchos se olvidaron de esos preceptos.<br>En muchas oficinas se ve la apat\u00eda, el descuido por cumplir con los programas establecidos y en algunas m\u00e1s, hasta disminuyeron los programas para dejar de seguir invirtiendo en las familias que menos tienen, como sucede en la Sedesol, donde no hay orden y cada quien tiene su coto de poder y reclama sus \u201cderechos\u201d.<br>Pero volviendo al voto del a\u00f1o 2027, podemos ver que los ciudadanos est\u00e1n sumamente concientizados sobre la importancia de su voto, porque saben que es un arma sumamente importante y aplicaran su sufragio a favor o en contra, de todo aquel personaje que los decepcion\u00f3 y no les cumpli\u00f3.<br>Sobre todo, porque no se apegaron a los preceptos establecidos en Morena de \u00abNo mentir, no robar y no traicionar\u00bb, es el lema principal del movimiento de la Cuarta Transformaci\u00f3n (4T) en M\u00e9xico, impulsado por el ex presidente Andr\u00e9s Manuel L\u00f3pez Obrador. Estos tres principios buscan guiar el servicio p\u00fablico hacia la honestidad, la transparencia y la lealtad al pueblo, rechazando la corrupci\u00f3n y los privilegios.<br>No se\u00f1oras y se\u00f1ores, estos dogmas no se cumplieron, por ello, los electores ya no se dejar\u00e1n enga\u00f1ar y les recuerdo que sus partidos no les aseguran el triunfo, en la pasada contienda municipal Morena se confi\u00f3 (celebrada el 1 de junio de 2025), la 4t perdi\u00f3 aproximadamente 71 alcald\u00edas en comparaci\u00f3n con el periodo anterior.<br>Muchos tenemos memoria, recordamos que la coalici\u00f3n oficialista (Morena y Partido Verde) pas\u00f3 de gobernar 152 o 153 municipios a obtener victorias en aproximadamente 82 u 84 ayuntamientos.<br>Fractura con aliados, un factor determinante fue la ruptura de la alianza con el Partido del Trabajo (PT), que compiti\u00f3 por separado y logr\u00f3 ganar en 28 o 29 municipios, posicion\u00e1ndose como una fuerza relevante que rest\u00f3 triunfos a Morena.<br>Los partidos que m\u00e1s crecieron a costa de estas p\u00e9rdidas fueron:<br>Movimiento Ciudadano (MC): Se consolid\u00f3 como la segunda fuerza pol\u00edtica al ganar 41 alcald\u00edas (frente a las 15 que ten\u00eda anteriormente).<br>PAN: Increment\u00f3 su presencia de 13 a 34 municipios<br>Triunfo simb\u00f3lico, pese a las p\u00e9rdidas territoriales, Morena logr\u00f3 arrebatarle al PAN el puerto de Veracruz y retuvo ciudades importantes como Xalapa, Tuxpan y Coatzacoalcos.<br>En el caso de Xalapa urbano, la situaci\u00f3n es sumamente dif\u00edcil para la 4t, por este distrito ya se andan promoviendo Dorheny Garc\u00eda Cayetano, Antonio Ballesteros, Esteban Ram\u00edrez Zepeta, Eleazar Guerrero y Diego Casta\u00f1eda. Diego \u201cmentiras\u201d, como lo llaman con sorna sus propios correligionarios porque as\u00ed se especializ\u00f3 ante sus seguidores.<br>Sobre estos personajes, les pregunto amables lectores \u00bfqu\u00e9 obras de beneficio comunitario han gestionado estos legisladores?, yo busque y pregunte y nadie me supo responder. En conclusi\u00f3n, no han realizado ninguna obra que beneficie a la ciudadan\u00eda. Pero, aun as\u00ed, pretenden enga\u00f1ar a los electores, los ciudadanos est\u00e1n sumamente concientizados y no se dejar\u00e1n sorprender.<br>Los ciudadanos en M\u00e9xico muestran un nivel de concienciaci\u00f3n sobre la emisi\u00f3n de su voto que ha ido en aumento, reflejado en una participaci\u00f3n hist\u00f3rica cercana al 61% en las elecciones federales de 2024. A pesar de los retos en materia de desinformaci\u00f3n y el espect\u00e1culo de las campa\u00f1as, una gran parte de la poblaci\u00f3n percibe el voto no solo como un derecho, sino como un mecanismo de responsabilidad c\u00edvica y un privilegio para decidir sobre el futuro del pa\u00eds.<br>Los electores en su conciencia pondr\u00e1n la balanza de las acciones de beneficio social que han realizado estos pol\u00e9micos personajes, sobre todo analizar\u00e1n si les han cumplido las promesas contra\u00eddas y escudri\u00f1ar\u00e1n en sus antecedentes, su honestidad, ver\u00e1n si no les persigue el fantasma de la corrupci\u00f3n y en base a todo ello decidir\u00e1n por quien emitir su voto.<br>A pesar de las cifras, se reconoce que, en el panorama pol\u00edtico actual, algunos sectores prefieren reacciones emocionales sobre el pensamiento reflexivo, reduciendo las campa\u00f1as a espect\u00e1culos, lo que representa un reto para el voto de conciencia.<br>La ciudadan\u00eda mexicana se encuentra inmersa en un proceso de mayor concientizaci\u00f3n electoral, con una s\u00f3lida participaci\u00f3n en las elecciones principales, aunque con el desaf\u00edo constante de fomentar un voto informado y reflexivo.<br>Para no encontrarse con sorpresas desagradables que les perjudique su estrategia electoral, Morena advirti\u00f3 que pasar\u00e1 por el filtro de la Fiscal\u00eda General de la Rep\u00fablica (FGR) todos sus aspirantes a cargos de elecci\u00f3n popular, para evitar incluir a personas vinculadas con el crimen organizado.<br>En el marco de su Consejo Nacional, efectuado este fin de semana, el senador Emmanuel Reyes Carmona, de la Comisi\u00f3n Nacional de Elecciones, inform\u00f3 que se acord\u00f3 que \u201ccuidemos los perfiles que llegan hacia adentro del movimiento, que hagamos una reflexi\u00f3n profunda, revisemos sus antecedentes, que se revise qui\u00e9n llega para sumar y qui\u00e9n podr\u00eda llegar para restar\u201d.<br>Dijo que para evitar que se infiltren candidatos posiblemente vinculados con grupos criminales, \u201ctodos los aspirantes deber\u00e1n ser sometidos al escrutinio de la Fiscal\u00eda General de la Rep\u00fablica y, por supuesto, nos vamos a reservar el derecho de admisi\u00f3n\u201d.<br>Sobre el tema, la presidenta nacional del partido Morena, Luisa Mar\u00eda Alcalde, expuso que \u201cno caemos en el sectarismo, pero tampoco renunciamos a nuestra esencia, pues la incorporaci\u00f3n de mujeres y hombres con voluntad, convicciones y buena fama p\u00fablica fortalece las causas por las cuales luchamos\u201d.<\/p>\n","protected":false},"excerpt":{"rendered":"<p>Fanny Y\u00e9pezLa Columna A m\u00e1s de cinco meses de que instalen las autoridades electorales (INE y OPLE) y con ello se inicie el proceso de las elecciones intermedias, donde se elegir\u00e1n gobernadores en 17 estados, diputados federales y locales, varios alzaron la mano para apuntarse como aspirantes para la pr\u00f3xima contienda.Aunque muchos de esos personajes [&hellip;]<\/p>\n","protected":false},"author":2,"featured_media":141383,"comment_status":"closed","ping_status":"closed","sticky":false,"template":"","format":"standard","meta":{"tdm_status":"","tdm_grid_status":"","footnotes":""},"categories":[70],"tags":[618,56920,84,30897,554,21781,1026,2327,3272,266],"class_list":{"0":"post-165704","1":"post","2":"type-post","3":"status-publish","4":"format-standard","5":"has-post-thumbnail","7":"category-de-opinion","8":"tag-andres-manuel-lopez-obrador","9":"tag-austeridad-republicana","10":"tag-diputados","11":"tag-emmanuel-reyes-carmona","12":"tag-ine","13":"tag-luisa-maria-alcalde-lujan","14":"tag-morena","15":"tag-movimiento-ciudadano","16":"tag-ople","17":"tag-pan"},"yoast_head":"<!-- This site is optimized with the Yoast SEO plugin v27.4 - https:\/\/yoast.com\/product\/yoast-seo-wordpress\/ -->\n<title>SE SIENTEN MERECEDORES DE TODO! - Los pol\u00edticos Veracruz<\/title>\n<meta name=\"robots\" content=\"index, follow, max-snippet:-1, max-image-preview:large, max-video-preview:-1\" \/>\n<link rel=\"canonical\" href=\"https:\/\/lospoliticosveracruz.com\/?p=165704\" \/>\n<meta property=\"og:locale\" content=\"es_ES\" \/>\n<meta property=\"og:type\" content=\"article\" \/>\n<meta property=\"og:title\" content=\"SE SIENTEN MERECEDORES DE TODO! - Los pol\u00edticos Veracruz\" \/>\n<meta property=\"og:description\" content=\"Fanny Y\u00e9pezLa Columna A m\u00e1s de cinco meses de que instalen las autoridades electorales (INE y OPLE) y con ello se inicie el proceso de las elecciones intermedias, donde se elegir\u00e1n gobernadores en 17 estados, diputados federales y locales, varios alzaron la mano para apuntarse como aspirantes para la pr\u00f3xima contienda.Aunque muchos de esos personajes [&hellip;]\" \/>\n<meta property=\"og:url\" content=\"https:\/\/lospoliticosveracruz.com\/?p=165704\" \/>\n<meta property=\"og:site_name\" content=\"Los pol\u00edticos Veracruz\" \/>\n<meta property=\"article:publisher\" content=\"https:\/\/www.facebook.com\/people\/Notimemes-de-los-Polticos\/61565672886568\/\" \/>\n<meta property=\"article:published_time\" content=\"2026-03-10T11:38:08+00:00\" \/>\n<meta property=\"article:modified_time\" content=\"2026-03-10T11:38:09+00:00\" \/>\n<meta property=\"og:image\" content=\"https:\/\/lospoliticosveracruz.com\/wp-content\/uploads\/2025\/04\/Fanny-Yepez-Luna-e1768657334923.jpg\" \/>\n\t<meta property=\"og:image:width\" content=\"600\" \/>\n\t<meta property=\"og:image:height\" content=\"320\" \/>\n\t<meta property=\"og:image:type\" content=\"image\/jpeg\" \/>\n<meta name=\"author\" content=\"Lo viste en Los Pol\u00edticos\" \/>\n<meta name=\"twitter:card\" content=\"summary_large_image\" \/>\n<meta name=\"twitter:creator\" content=\"@LosPoliticosVer\" \/>\n<meta name=\"twitter:site\" content=\"@LosPoliticosVer\" \/>\n<meta name=\"twitter:label1\" content=\"Escrito por\" \/>\n\t<meta name=\"twitter:data1\" content=\"Lo viste en Los Pol\u00edticos\" \/>\n\t<meta name=\"twitter:label2\" content=\"Tiempo de lectura\" \/>\n\t<meta name=\"twitter:data2\" content=\"6 minutos\" \/>\n<script type=\"application\/ld+json\" class=\"yoast-schema-graph\">{\"@context\":\"https:\\\/\\\/schema.org\",\"@graph\":[{\"@type\":\"Article\",\"@id\":\"https:\\\/\\\/lospoliticosveracruz.com\\\/?p=165704#article\",\"isPartOf\":{\"@id\":\"https:\\\/\\\/lospoliticosveracruz.com\\\/?p=165704\"},\"author\":{\"name\":\"Lo viste en Los Pol\u00edticos\",\"@id\":\"https:\\\/\\\/lospoliticosveracruz.com\\\/#\\\/schema\\\/person\\\/b8702bb0e538456e6efd07080bf2a4a2\"},\"headline\":\"SE SIENTEN MERECEDORES DE TODO!\",\"datePublished\":\"2026-03-10T11:38:08+00:00\",\"dateModified\":\"2026-03-10T11:38:09+00:00\",\"mainEntityOfPage\":{\"@id\":\"https:\\\/\\\/lospoliticosveracruz.com\\\/?p=165704\"},\"wordCount\":1192,\"publisher\":{\"@id\":\"https:\\\/\\\/lospoliticosveracruz.com\\\/#organization\"},\"image\":{\"@id\":\"https:\\\/\\\/lospoliticosveracruz.com\\\/?p=165704#primaryimage\"},\"thumbnailUrl\":\"https:\\\/\\\/lospoliticosveracruz.com\\\/wp-content\\\/uploads\\\/2025\\\/04\\\/Fanny-Yepez-Luna-e1768657334923.jpg\",\"keywords\":[\"Andr\u00e9s Manuel L\u00f3pez Obrador\",\"Austeridad Republicana\",\"Diputados\",\"Emmanuel Reyes Carmona\",\"INE\",\"Luisa Mar\u00eda Alcalde Luj\u00e1n\",\"Morena\",\"Movimiento Ciudadano\",\"OPLE\",\"PAN\"],\"articleSection\":[\"De Opini\u00f3n\"],\"inLanguage\":\"es\"},{\"@type\":\"WebPage\",\"@id\":\"https:\\\/\\\/lospoliticosveracruz.com\\\/?p=165704\",\"url\":\"https:\\\/\\\/lospoliticosveracruz.com\\\/?p=165704\",\"name\":\"SE SIENTEN MERECEDORES DE TODO! - Los pol\u00edticos Veracruz\",\"isPartOf\":{\"@id\":\"https:\\\/\\\/lospoliticosveracruz.com\\\/#website\"},\"primaryImageOfPage\":{\"@id\":\"https:\\\/\\\/lospoliticosveracruz.com\\\/?p=165704#primaryimage\"},\"image\":{\"@id\":\"https:\\\/\\\/lospoliticosveracruz.com\\\/?p=165704#primaryimage\"},\"thumbnailUrl\":\"https:\\\/\\\/lospoliticosveracruz.com\\\/wp-content\\\/uploads\\\/2025\\\/04\\\/Fanny-Yepez-Luna-e1768657334923.jpg\",\"datePublished\":\"2026-03-10T11:38:08+00:00\",\"dateModified\":\"2026-03-10T11:38:09+00:00\",\"breadcrumb\":{\"@id\":\"https:\\\/\\\/lospoliticosveracruz.com\\\/?p=165704#breadcrumb\"},\"inLanguage\":\"es\",\"potentialAction\":[{\"@type\":\"ReadAction\",\"target\":[\"https:\\\/\\\/lospoliticosveracruz.com\\\/?p=165704\"]}]},{\"@type\":\"ImageObject\",\"inLanguage\":\"es\",\"@id\":\"https:\\\/\\\/lospoliticosveracruz.com\\\/?p=165704#primaryimage\",\"url\":\"https:\\\/\\\/lospoliticosveracruz.com\\\/wp-content\\\/uploads\\\/2025\\\/04\\\/Fanny-Yepez-Luna-e1768657334923.jpg\",\"contentUrl\":\"https:\\\/\\\/lospoliticosveracruz.com\\\/wp-content\\\/uploads\\\/2025\\\/04\\\/Fanny-Yepez-Luna-e1768657334923.jpg\",\"width\":600,\"height\":320},{\"@type\":\"BreadcrumbList\",\"@id\":\"https:\\\/\\\/lospoliticosveracruz.com\\\/?p=165704#breadcrumb\",\"itemListElement\":[{\"@type\":\"ListItem\",\"position\":1,\"name\":\"Portada\",\"item\":\"https:\\\/\\\/lospoliticosveracruz.com\\\/\"},{\"@type\":\"ListItem\",\"position\":2,\"name\":\"SE SIENTEN MERECEDORES DE TODO!\"}]},{\"@type\":\"WebSite\",\"@id\":\"https:\\\/\\\/lospoliticosveracruz.com\\\/#website\",\"url\":\"https:\\\/\\\/lospoliticosveracruz.com\\\/\",\"name\":\"Los pol\u00edticos Veracruz\",\"description\":\"\",\"publisher\":{\"@id\":\"https:\\\/\\\/lospoliticosveracruz.com\\\/#organization\"},\"potentialAction\":[{\"@type\":\"SearchAction\",\"target\":{\"@type\":\"EntryPoint\",\"urlTemplate\":\"https:\\\/\\\/lospoliticosveracruz.com\\\/?s={search_term_string}\"},\"query-input\":{\"@type\":\"PropertyValueSpecification\",\"valueRequired\":true,\"valueName\":\"search_term_string\"}}],\"inLanguage\":\"es\"},{\"@type\":\"Organization\",\"@id\":\"https:\\\/\\\/lospoliticosveracruz.com\\\/#organization\",\"name\":\"Los pol\u00edticos Veracruz\",\"url\":\"https:\\\/\\\/lospoliticosveracruz.com\\\/\",\"logo\":{\"@type\":\"ImageObject\",\"inLanguage\":\"es\",\"@id\":\"https:\\\/\\\/lospoliticosveracruz.com\\\/#\\\/schema\\\/logo\\\/image\\\/\",\"url\":\"https:\\\/\\\/lospoliticosveracruz.com\\\/wp-content\\\/uploads\\\/2025\\\/12\\\/Logo-Nuevo-LOS-POLITICOS-1.jpg\",\"contentUrl\":\"https:\\\/\\\/lospoliticosveracruz.com\\\/wp-content\\\/uploads\\\/2025\\\/12\\\/Logo-Nuevo-LOS-POLITICOS-1.jpg\",\"width\":260,\"height\":70,\"caption\":\"Los pol\u00edticos Veracruz\"},\"image\":{\"@id\":\"https:\\\/\\\/lospoliticosveracruz.com\\\/#\\\/schema\\\/logo\\\/image\\\/\"},\"sameAs\":[\"https:\\\/\\\/www.facebook.com\\\/people\\\/Notimemes-de-los-Polticos\\\/61565672886568\\\/\",\"https:\\\/\\\/x.com\\\/LosPoliticosVer\"]},{\"@type\":\"Person\",\"@id\":\"https:\\\/\\\/lospoliticosveracruz.com\\\/#\\\/schema\\\/person\\\/b8702bb0e538456e6efd07080bf2a4a2\",\"name\":\"Lo viste en Los Pol\u00edticos\",\"image\":{\"@type\":\"ImageObject\",\"inLanguage\":\"es\",\"@id\":\"https:\\\/\\\/secure.gravatar.com\\\/avatar\\\/3a8de04a2656d44082be478bd6c086daa447c4651605818287b9532d3d0bd435?s=96&d=mm&r=g\",\"url\":\"https:\\\/\\\/secure.gravatar.com\\\/avatar\\\/3a8de04a2656d44082be478bd6c086daa447c4651605818287b9532d3d0bd435?s=96&d=mm&r=g\",\"contentUrl\":\"https:\\\/\\\/secure.gravatar.com\\\/avatar\\\/3a8de04a2656d44082be478bd6c086daa447c4651605818287b9532d3d0bd435?s=96&d=mm&r=g\",\"caption\":\"Lo viste en Los Pol\u00edticos\"},\"url\":\"https:\\\/\\\/lospoliticosveracruz.com\\\/?author=2\"}]}<\/script>\n<!-- \/ Yoast SEO plugin. -->","yoast_head_json":{"title":"SE SIENTEN MERECEDORES DE TODO! - Los pol\u00edticos Veracruz","robots":{"index":"index","follow":"follow","max-snippet":"max-snippet:-1","max-image-preview":"max-image-preview:large","max-video-preview":"max-video-preview:-1"},"canonical":"https:\/\/lospoliticosveracruz.com\/?p=165704","og_locale":"es_ES","og_type":"article","og_title":"SE SIENTEN MERECEDORES DE TODO! - Los pol\u00edticos Veracruz","og_description":"Fanny Y\u00e9pezLa Columna A m\u00e1s de cinco meses de que instalen las autoridades electorales (INE y OPLE) y con ello se inicie el proceso de las elecciones intermedias, donde se elegir\u00e1n gobernadores en 17 estados, diputados federales y locales, varios alzaron la mano para apuntarse como aspirantes para la pr\u00f3xima contienda.Aunque muchos de esos personajes [&hellip;]","og_url":"https:\/\/lospoliticosveracruz.com\/?p=165704","og_site_name":"Los pol\u00edticos Veracruz","article_publisher":"https:\/\/www.facebook.com\/people\/Notimemes-de-los-Polticos\/61565672886568\/","article_published_time":"2026-03-10T11:38:08+00:00","article_modified_time":"2026-03-10T11:38:09+00:00","og_image":[{"width":600,"height":320,"url":"https:\/\/lospoliticosveracruz.com\/wp-content\/uploads\/2025\/04\/Fanny-Yepez-Luna-e1768657334923.jpg","type":"image\/jpeg"}],"author":"Lo viste en Los Pol\u00edticos","twitter_card":"summary_large_image","twitter_creator":"@LosPoliticosVer","twitter_site":"@LosPoliticosVer","twitter_misc":{"Escrito por":"Lo viste en Los Pol\u00edticos","Tiempo de lectura":"6 minutos"},"schema":{"@context":"https:\/\/schema.org","@graph":[{"@type":"Article","@id":"https:\/\/lospoliticosveracruz.com\/?p=165704#article","isPartOf":{"@id":"https:\/\/lospoliticosveracruz.com\/?p=165704"},"author":{"name":"Lo viste en Los Pol\u00edticos","@id":"https:\/\/lospoliticosveracruz.com\/#\/schema\/person\/b8702bb0e538456e6efd07080bf2a4a2"},"headline":"SE SIENTEN MERECEDORES DE TODO!","datePublished":"2026-03-10T11:38:08+00:00","dateModified":"2026-03-10T11:38:09+00:00","mainEntityOfPage":{"@id":"https:\/\/lospoliticosveracruz.com\/?p=165704"},"wordCount":1192,"publisher":{"@id":"https:\/\/lospoliticosveracruz.com\/#organization"},"image":{"@id":"https:\/\/lospoliticosveracruz.com\/?p=165704#primaryimage"},"thumbnailUrl":"https:\/\/lospoliticosveracruz.com\/wp-content\/uploads\/2025\/04\/Fanny-Yepez-Luna-e1768657334923.jpg","keywords":["Andr\u00e9s Manuel L\u00f3pez Obrador","Austeridad Republicana","Diputados","Emmanuel Reyes Carmona","INE","Luisa Mar\u00eda Alcalde Luj\u00e1n","Morena","Movimiento Ciudadano","OPLE","PAN"],"articleSection":["De Opini\u00f3n"],"inLanguage":"es"},{"@type":"WebPage","@id":"https:\/\/lospoliticosveracruz.com\/?p=165704","url":"https:\/\/lospoliticosveracruz.com\/?p=165704","name":"SE SIENTEN MERECEDORES DE TODO! - Los pol\u00edticos Veracruz","isPartOf":{"@id":"https:\/\/lospoliticosveracruz.com\/#website"},"primaryImageOfPage":{"@id":"https:\/\/lospoliticosveracruz.com\/?p=165704#primaryimage"},"image":{"@id":"https:\/\/lospoliticosveracruz.com\/?p=165704#primaryimage"},"thumbnailUrl":"https:\/\/lospoliticosveracruz.com\/wp-content\/uploads\/2025\/04\/Fanny-Yepez-Luna-e1768657334923.jpg","datePublished":"2026-03-10T11:38:08+00:00","dateModified":"2026-03-10T11:38:09+00:00","breadcrumb":{"@id":"https:\/\/lospoliticosveracruz.com\/?p=165704#breadcrumb"},"inLanguage":"es","potentialAction":[{"@type":"ReadAction","target":["https:\/\/lospoliticosveracruz.com\/?p=165704"]}]},{"@type":"ImageObject","inLanguage":"es","@id":"https:\/\/lospoliticosveracruz.com\/?p=165704#primaryimage","url":"https:\/\/lospoliticosveracruz.com\/wp-content\/uploads\/2025\/04\/Fanny-Yepez-Luna-e1768657334923.jpg","contentUrl":"https:\/\/lospoliticosveracruz.com\/wp-content\/uploads\/2025\/04\/Fanny-Yepez-Luna-e1768657334923.jpg","width":600,"height":320},{"@type":"BreadcrumbList","@id":"https:\/\/lospoliticosveracruz.com\/?p=165704#breadcrumb","itemListElement":[{"@type":"ListItem","position":1,"name":"Portada","item":"https:\/\/lospoliticosveracruz.com\/"},{"@type":"ListItem","position":2,"name":"SE SIENTEN MERECEDORES DE TODO!"}]},{"@type":"WebSite","@id":"https:\/\/lospoliticosveracruz.com\/#website","url":"https:\/\/lospoliticosveracruz.com\/","name":"Los pol\u00edticos Veracruz","description":"","publisher":{"@id":"https:\/\/lospoliticosveracruz.com\/#organization"},"potentialAction":[{"@type":"SearchAction","target":{"@type":"EntryPoint","urlTemplate":"https:\/\/lospoliticosveracruz.com\/?s={search_term_string}"},"query-input":{"@type":"PropertyValueSpecification","valueRequired":true,"valueName":"search_term_string"}}],"inLanguage":"es"},{"@type":"Organization","@id":"https:\/\/lospoliticosveracruz.com\/#organization","name":"Los pol\u00edticos Veracruz","url":"https:\/\/lospoliticosveracruz.com\/","logo":{"@type":"ImageObject","inLanguage":"es","@id":"https:\/\/lospoliticosveracruz.com\/#\/schema\/logo\/image\/","url":"https:\/\/lospoliticosveracruz.com\/wp-content\/uploads\/2025\/12\/Logo-Nuevo-LOS-POLITICOS-1.jpg","contentUrl":"https:\/\/lospoliticosveracruz.com\/wp-content\/uploads\/2025\/12\/Logo-Nuevo-LOS-POLITICOS-1.jpg","width":260,"height":70,"caption":"Los pol\u00edticos Veracruz"},"image":{"@id":"https:\/\/lospoliticosveracruz.com\/#\/schema\/logo\/image\/"},"sameAs":["https:\/\/www.facebook.com\/people\/Notimemes-de-los-Polticos\/61565672886568\/","https:\/\/x.com\/LosPoliticosVer"]},{"@type":"Person","@id":"https:\/\/lospoliticosveracruz.com\/#\/schema\/person\/b8702bb0e538456e6efd07080bf2a4a2","name":"Lo viste en Los Pol\u00edticos","image":{"@type":"ImageObject","inLanguage":"es","@id":"https:\/\/secure.gravatar.com\/avatar\/3a8de04a2656d44082be478bd6c086daa447c4651605818287b9532d3d0bd435?s=96&d=mm&r=g","url":"https:\/\/secure.gravatar.com\/avatar\/3a8de04a2656d44082be478bd6c086daa447c4651605818287b9532d3d0bd435?s=96&d=mm&r=g","contentUrl":"https:\/\/secure.gravatar.com\/avatar\/3a8de04a2656d44082be478bd6c086daa447c4651605818287b9532d3d0bd435?s=96&d=mm&r=g","caption":"Lo viste en Los Pol\u00edticos"},"url":"https:\/\/lospoliticosveracruz.com\/?author=2"}]}},"_links":{"self":[{"href":"https:\/\/lospoliticosveracruz.com\/index.php?rest_route=\/wp\/v2\/posts\/165704","targetHints":{"allow":["GET"]}}],"collection":[{"href":"https:\/\/lospoliticosveracruz.com\/index.php?rest_route=\/wp\/v2\/posts"}],"about":[{"href":"https:\/\/lospoliticosveracruz.com\/index.php?rest_route=\/wp\/v2\/types\/post"}],"author":[{"embeddable":true,"href":"https:\/\/lospoliticosveracruz.com\/index.php?rest_route=\/wp\/v2\/users\/2"}],"replies":[{"embeddable":true,"href":"https:\/\/lospoliticosveracruz.com\/index.php?rest_route=%2Fwp%2Fv2%2Fcomments&post=165704"}],"version-history":[{"count":1,"href":"https:\/\/lospoliticosveracruz.com\/index.php?rest_route=\/wp\/v2\/posts\/165704\/revisions"}],"predecessor-version":[{"id":165705,"href":"https:\/\/lospoliticosveracruz.com\/index.php?rest_route=\/wp\/v2\/posts\/165704\/revisions\/165705"}],"wp:featuredmedia":[{"embeddable":true,"href":"https:\/\/lospoliticosveracruz.com\/index.php?rest_route=\/wp\/v2\/media\/141383"}],"wp:attachment":[{"href":"https:\/\/lospoliticosveracruz.com\/index.php?rest_route=%2Fwp%2Fv2%2Fmedia&parent=165704"}],"wp:term":[{"taxonomy":"category","embeddable":true,"href":"https:\/\/lospoliticosveracruz.com\/index.php?rest_route=%2Fwp%2Fv2%2Fcategories&post=165704"},{"taxonomy":"post_tag","embeddable":true,"href":"https:\/\/lospoliticosveracruz.com\/index.php?rest_route=%2Fwp%2Fv2%2Ftags&post=165704"}],"curies":[{"name":"wp","href":"https:\/\/api.w.org\/{rel}","templated":true}]}}