{"id":165708,"date":"2026-03-10T07:18:17","date_gmt":"2026-03-10T13:18:17","guid":{"rendered":"https:\/\/lospoliticosveracruz.com\/?p=165708"},"modified":"2026-03-10T07:18:18","modified_gmt":"2026-03-10T13:18:18","slug":"escudo-de-las-americas","status":"publish","type":"post","link":"https:\/\/lospoliticosveracruz.com\/?p=165708","title":{"rendered":"ESCUDO DE LAS AM\u00c9RICAS"},"content":{"rendered":"\n<p><strong>Agust\u00edn Basilio de la Vega<\/strong><br>El pasado fin de semana, el gobierno de los Estados Unidos convoc\u00f3 a 12 jefes de Estado latinoamericanos en Doral, Florida, con el fin de reunirse con el presidente Donald Trump para fundar \u201cuna coalici\u00f3n militar\u201d en contra del crimen organizado en la regi\u00f3n.<br>Los pa\u00edses que asistieron a esta cumbre y se reunieron con el presidente Donald Trump fueron: Argentina (Javier Milei), Bolivia (Rodrigo Paz Pereira), Chile (Jos\u00e9 Antonio Kast, presidente electo), Costa Rica (Rodrigo Chaves Robles), Ecuador (Daniel Noboa Azin), El Salvador (Nayib Bukele), Guyana (Irfaan Ali), Honduras (Nasry Asfura), Panam\u00e1 (Jos\u00e9 Ra\u00fal Mulino Quintero), Paraguay (Santiago Pe\u00f1a), Rep\u00fablica Dominicana (Luis Abinader), Trinidad y Tobago (Christine Kangaloo).<br>Esta iniciativa propone crear un programa para coordinar esfuerzos militares y de seguridad entre las naciones participantes para enfrentar y combatir a las organizaciones criminales transnacionales y, en especial, a los \u201cc\u00e1rteles\u201d que operan en todo el continente americano.<br>En su intervenci\u00f3n durante el evento, el secretario de Estado Marco Rubio agradeci\u00f3 la asistencia y dijo en espa\u00f1ol que estos pa\u00edses \u201cM\u00e1s que aliados, son amigos\u201d para resaltar la importancia y compromiso de esta colaboraci\u00f3n internacional en el continente americano.<br>Esta nota ha causado revuelo en M\u00e9xico debido a que la presidente Sheimbaun no fue invitada, pero m\u00e1s a\u00fan porque el presidente Trump considera que M\u00e9xico es una amenaza de seguridad para Estados Unidos debido a que est\u00e1 controlado por los carteles de droga, y porque es \u201cel epicentro\u201d de la violencia criminal en el hemisferio occidental.<br>Tambi\u00e9n dijo que le \u201ccae muy bien\u201d la \u201chermosa\u201d mandataria mexicana pero en la cumbre de Florida expres\u00f3 que \u201clos c\u00e1rteles mexicanos est\u00e1n nutriendo y orquestando mucho del derramamiento de sangre y caos en este hemisferio, y el gobierno de Estados Unidos har\u00e1 lo que sea necesario para defender nuestra seguridad nacional y proteger la seguridad del pueblo estadunidense\u201d.<br>Para rematar Trump dijo \u201ctenemos que erradicarlos, los tenemos que golpear como el infierno, porque est\u00e1n cada vez peor. Est\u00e1n tomando a ese pa\u00eds. Los carteles controlan M\u00e9xico. No podemos tener eso. Demasiado cerca nosotros\u2026. Pero todo llega pasando por M\u00e9xico, en gran parte\u201d.<br>Habr\u00e1 que ver qu\u00e9 contesta la presidente de M\u00e9xico, pero por lo pronto, ya existe un grupo de pa\u00edses aliados que est\u00e1n dispuestos a colaborar con los Estados Unidos para hacer el trabajo que en M\u00e9xico no se hace desde que se inaugur\u00f3 la estrategia de \u201cabrazos no balazos\u201d hace siete a\u00f1os.<br>X @Basiliodelavega 8 de marzo de 2026<\/p>\n","protected":false},"excerpt":{"rendered":"<p>Agust\u00edn Basilio de la VegaEl pasado fin de semana, el gobierno de los Estados Unidos convoc\u00f3 a 12 jefes de Estado latinoamericanos en Doral, Florida, con el fin de reunirse con el presidente Donald Trump para fundar \u201cuna coalici\u00f3n militar\u201d en contra del crimen organizado en la regi\u00f3n.Los pa\u00edses que asistieron a esta cumbre y [&hellip;]<\/p>\n","protected":false},"author":2,"featured_media":141477,"comment_status":"closed","ping_status":"closed","sticky":false,"template":"","format":"standard","meta":{"tdm_status":"","tdm_grid_status":"","footnotes":""},"categories":[70],"tags":[18665,2846,56921,123,17082],"class_list":{"0":"post-165708","1":"post","2":"type-post","3":"status-publish","4":"format-standard","5":"has-post-thumbnail","7":"category-de-opinion","8":"tag-agustin-basilio-de-la-vega","9":"tag-donald-trump","10":"tag-escudo-de-las-americas","11":"tag-estados-unidos","12":"tag-nayib-bukele"},"yoast_head":"<!-- This site is optimized with the Yoast SEO plugin v27.4 - https:\/\/yoast.com\/product\/yoast-seo-wordpress\/ -->\n<title>ESCUDO DE LAS AM\u00c9RICAS - Los pol\u00edticos Veracruz<\/title>\n<meta name=\"robots\" content=\"index, follow, max-snippet:-1, max-image-preview:large, max-video-preview:-1\" \/>\n<link rel=\"canonical\" href=\"https:\/\/lospoliticosveracruz.com\/?p=165708\" \/>\n<meta property=\"og:locale\" content=\"es_ES\" \/>\n<meta property=\"og:type\" content=\"article\" \/>\n<meta property=\"og:title\" content=\"ESCUDO DE LAS AM\u00c9RICAS - Los pol\u00edticos Veracruz\" \/>\n<meta property=\"og:description\" content=\"Agust\u00edn Basilio de la VegaEl pasado fin de semana, el gobierno de los Estados Unidos convoc\u00f3 a 12 jefes de Estado latinoamericanos en Doral, Florida, con el fin de reunirse con el presidente Donald Trump para fundar \u201cuna coalici\u00f3n militar\u201d en contra del crimen organizado en la regi\u00f3n.Los pa\u00edses que asistieron a esta cumbre y [&hellip;]\" \/>\n<meta property=\"og:url\" content=\"https:\/\/lospoliticosveracruz.com\/?p=165708\" \/>\n<meta property=\"og:site_name\" content=\"Los pol\u00edticos Veracruz\" \/>\n<meta property=\"article:publisher\" content=\"https:\/\/www.facebook.com\/people\/Notimemes-de-los-Polticos\/61565672886568\/\" \/>\n<meta property=\"article:published_time\" content=\"2026-03-10T13:18:17+00:00\" \/>\n<meta property=\"article:modified_time\" content=\"2026-03-10T13:18:18+00:00\" \/>\n<meta property=\"og:image\" content=\"https:\/\/lospoliticosveracruz.com\/wp-content\/uploads\/2025\/04\/Agustn-Basilio-de-la-Vega.jpg\" \/>\n\t<meta property=\"og:image:width\" content=\"1250\" \/>\n\t<meta property=\"og:image:height\" content=\"667\" \/>\n\t<meta property=\"og:image:type\" content=\"image\/jpeg\" \/>\n<meta name=\"author\" content=\"Lo viste en Los Pol\u00edticos\" \/>\n<meta name=\"twitter:card\" content=\"summary_large_image\" \/>\n<meta name=\"twitter:creator\" content=\"@LosPoliticosVer\" \/>\n<meta name=\"twitter:site\" content=\"@LosPoliticosVer\" \/>\n<meta name=\"twitter:label1\" content=\"Escrito por\" \/>\n\t<meta name=\"twitter:data1\" content=\"Lo viste en Los Pol\u00edticos\" \/>\n\t<meta name=\"twitter:label2\" content=\"Tiempo de lectura\" \/>\n\t<meta name=\"twitter:data2\" content=\"3 minutos\" \/>\n<script type=\"application\/ld+json\" class=\"yoast-schema-graph\">{\"@context\":\"https:\\\/\\\/schema.org\",\"@graph\":[{\"@type\":\"Article\",\"@id\":\"https:\\\/\\\/lospoliticosveracruz.com\\\/?p=165708#article\",\"isPartOf\":{\"@id\":\"https:\\\/\\\/lospoliticosveracruz.com\\\/?p=165708\"},\"author\":{\"name\":\"Lo viste en Los Pol\u00edticos\",\"@id\":\"https:\\\/\\\/lospoliticosveracruz.com\\\/#\\\/schema\\\/person\\\/b8702bb0e538456e6efd07080bf2a4a2\"},\"headline\":\"ESCUDO DE LAS AM\u00c9RICAS\",\"datePublished\":\"2026-03-10T13:18:17+00:00\",\"dateModified\":\"2026-03-10T13:18:18+00:00\",\"mainEntityOfPage\":{\"@id\":\"https:\\\/\\\/lospoliticosveracruz.com\\\/?p=165708\"},\"wordCount\":445,\"publisher\":{\"@id\":\"https:\\\/\\\/lospoliticosveracruz.com\\\/#organization\"},\"image\":{\"@id\":\"https:\\\/\\\/lospoliticosveracruz.com\\\/?p=165708#primaryimage\"},\"thumbnailUrl\":\"https:\\\/\\\/lospoliticosveracruz.com\\\/wp-content\\\/uploads\\\/2025\\\/04\\\/Agustn-Basilio-de-la-Vega-e1775850704178.jpg\",\"keywords\":[\"Agust\u00edn Basilio de la Vega\",\"Donald Trump\",\"Escudo de las Am\u00e9ricas\",\"Estados Unidos\",\"Nayib Bukele\"],\"articleSection\":[\"De Opini\u00f3n\"],\"inLanguage\":\"es\"},{\"@type\":\"WebPage\",\"@id\":\"https:\\\/\\\/lospoliticosveracruz.com\\\/?p=165708\",\"url\":\"https:\\\/\\\/lospoliticosveracruz.com\\\/?p=165708\",\"name\":\"ESCUDO DE LAS AM\u00c9RICAS - Los pol\u00edticos Veracruz\",\"isPartOf\":{\"@id\":\"https:\\\/\\\/lospoliticosveracruz.com\\\/#website\"},\"primaryImageOfPage\":{\"@id\":\"https:\\\/\\\/lospoliticosveracruz.com\\\/?p=165708#primaryimage\"},\"image\":{\"@id\":\"https:\\\/\\\/lospoliticosveracruz.com\\\/?p=165708#primaryimage\"},\"thumbnailUrl\":\"https:\\\/\\\/lospoliticosveracruz.com\\\/wp-content\\\/uploads\\\/2025\\\/04\\\/Agustn-Basilio-de-la-Vega-e1775850704178.jpg\",\"datePublished\":\"2026-03-10T13:18:17+00:00\",\"dateModified\":\"2026-03-10T13:18:18+00:00\",\"breadcrumb\":{\"@id\":\"https:\\\/\\\/lospoliticosveracruz.com\\\/?p=165708#breadcrumb\"},\"inLanguage\":\"es\",\"potentialAction\":[{\"@type\":\"ReadAction\",\"target\":[\"https:\\\/\\\/lospoliticosveracruz.com\\\/?p=165708\"]}]},{\"@type\":\"ImageObject\",\"inLanguage\":\"es\",\"@id\":\"https:\\\/\\\/lospoliticosveracruz.com\\\/?p=165708#primaryimage\",\"url\":\"https:\\\/\\\/lospoliticosveracruz.com\\\/wp-content\\\/uploads\\\/2025\\\/04\\\/Agustn-Basilio-de-la-Vega-e1775850704178.jpg\",\"contentUrl\":\"https:\\\/\\\/lospoliticosveracruz.com\\\/wp-content\\\/uploads\\\/2025\\\/04\\\/Agustn-Basilio-de-la-Vega-e1775850704178.jpg\",\"width\":600,\"height\":320},{\"@type\":\"BreadcrumbList\",\"@id\":\"https:\\\/\\\/lospoliticosveracruz.com\\\/?p=165708#breadcrumb\",\"itemListElement\":[{\"@type\":\"ListItem\",\"position\":1,\"name\":\"Portada\",\"item\":\"https:\\\/\\\/lospoliticosveracruz.com\\\/\"},{\"@type\":\"ListItem\",\"position\":2,\"name\":\"ESCUDO DE LAS AM\u00c9RICAS\"}]},{\"@type\":\"WebSite\",\"@id\":\"https:\\\/\\\/lospoliticosveracruz.com\\\/#website\",\"url\":\"https:\\\/\\\/lospoliticosveracruz.com\\\/\",\"name\":\"Los pol\u00edticos Veracruz\",\"description\":\"\",\"publisher\":{\"@id\":\"https:\\\/\\\/lospoliticosveracruz.com\\\/#organization\"},\"potentialAction\":[{\"@type\":\"SearchAction\",\"target\":{\"@type\":\"EntryPoint\",\"urlTemplate\":\"https:\\\/\\\/lospoliticosveracruz.com\\\/?s={search_term_string}\"},\"query-input\":{\"@type\":\"PropertyValueSpecification\",\"valueRequired\":true,\"valueName\":\"search_term_string\"}}],\"inLanguage\":\"es\"},{\"@type\":\"Organization\",\"@id\":\"https:\\\/\\\/lospoliticosveracruz.com\\\/#organization\",\"name\":\"Los pol\u00edticos Veracruz\",\"url\":\"https:\\\/\\\/lospoliticosveracruz.com\\\/\",\"logo\":{\"@type\":\"ImageObject\",\"inLanguage\":\"es\",\"@id\":\"https:\\\/\\\/lospoliticosveracruz.com\\\/#\\\/schema\\\/logo\\\/image\\\/\",\"url\":\"https:\\\/\\\/lospoliticosveracruz.com\\\/wp-content\\\/uploads\\\/2025\\\/12\\\/Logo-Nuevo-LOS-POLITICOS-1.jpg\",\"contentUrl\":\"https:\\\/\\\/lospoliticosveracruz.com\\\/wp-content\\\/uploads\\\/2025\\\/12\\\/Logo-Nuevo-LOS-POLITICOS-1.jpg\",\"width\":260,\"height\":70,\"caption\":\"Los pol\u00edticos Veracruz\"},\"image\":{\"@id\":\"https:\\\/\\\/lospoliticosveracruz.com\\\/#\\\/schema\\\/logo\\\/image\\\/\"},\"sameAs\":[\"https:\\\/\\\/www.facebook.com\\\/people\\\/Notimemes-de-los-Polticos\\\/61565672886568\\\/\",\"https:\\\/\\\/x.com\\\/LosPoliticosVer\"]},{\"@type\":\"Person\",\"@id\":\"https:\\\/\\\/lospoliticosveracruz.com\\\/#\\\/schema\\\/person\\\/b8702bb0e538456e6efd07080bf2a4a2\",\"name\":\"Lo viste en Los Pol\u00edticos\",\"image\":{\"@type\":\"ImageObject\",\"inLanguage\":\"es\",\"@id\":\"https:\\\/\\\/secure.gravatar.com\\\/avatar\\\/3a8de04a2656d44082be478bd6c086daa447c4651605818287b9532d3d0bd435?s=96&d=mm&r=g\",\"url\":\"https:\\\/\\\/secure.gravatar.com\\\/avatar\\\/3a8de04a2656d44082be478bd6c086daa447c4651605818287b9532d3d0bd435?s=96&d=mm&r=g\",\"contentUrl\":\"https:\\\/\\\/secure.gravatar.com\\\/avatar\\\/3a8de04a2656d44082be478bd6c086daa447c4651605818287b9532d3d0bd435?s=96&d=mm&r=g\",\"caption\":\"Lo viste en Los Pol\u00edticos\"},\"url\":\"https:\\\/\\\/lospoliticosveracruz.com\\\/?author=2\"}]}<\/script>\n<!-- \/ Yoast SEO plugin. -->","yoast_head_json":{"title":"ESCUDO DE LAS AM\u00c9RICAS - Los pol\u00edticos Veracruz","robots":{"index":"index","follow":"follow","max-snippet":"max-snippet:-1","max-image-preview":"max-image-preview:large","max-video-preview":"max-video-preview:-1"},"canonical":"https:\/\/lospoliticosveracruz.com\/?p=165708","og_locale":"es_ES","og_type":"article","og_title":"ESCUDO DE LAS AM\u00c9RICAS - Los pol\u00edticos Veracruz","og_description":"Agust\u00edn Basilio de la VegaEl pasado fin de semana, el gobierno de los Estados Unidos convoc\u00f3 a 12 jefes de Estado latinoamericanos en Doral, Florida, con el fin de reunirse con el presidente Donald Trump para fundar \u201cuna coalici\u00f3n militar\u201d en contra del crimen organizado en la regi\u00f3n.Los pa\u00edses que asistieron a esta cumbre y [&hellip;]","og_url":"https:\/\/lospoliticosveracruz.com\/?p=165708","og_site_name":"Los pol\u00edticos Veracruz","article_publisher":"https:\/\/www.facebook.com\/people\/Notimemes-de-los-Polticos\/61565672886568\/","article_published_time":"2026-03-10T13:18:17+00:00","article_modified_time":"2026-03-10T13:18:18+00:00","og_image":[{"width":1250,"height":667,"url":"https:\/\/lospoliticosveracruz.com\/wp-content\/uploads\/2025\/04\/Agustn-Basilio-de-la-Vega.jpg","type":"image\/jpeg"}],"author":"Lo viste en Los Pol\u00edticos","twitter_card":"summary_large_image","twitter_creator":"@LosPoliticosVer","twitter_site":"@LosPoliticosVer","twitter_misc":{"Escrito por":"Lo viste en Los Pol\u00edticos","Tiempo de lectura":"3 minutos"},"schema":{"@context":"https:\/\/schema.org","@graph":[{"@type":"Article","@id":"https:\/\/lospoliticosveracruz.com\/?p=165708#article","isPartOf":{"@id":"https:\/\/lospoliticosveracruz.com\/?p=165708"},"author":{"name":"Lo viste en Los Pol\u00edticos","@id":"https:\/\/lospoliticosveracruz.com\/#\/schema\/person\/b8702bb0e538456e6efd07080bf2a4a2"},"headline":"ESCUDO DE LAS AM\u00c9RICAS","datePublished":"2026-03-10T13:18:17+00:00","dateModified":"2026-03-10T13:18:18+00:00","mainEntityOfPage":{"@id":"https:\/\/lospoliticosveracruz.com\/?p=165708"},"wordCount":445,"publisher":{"@id":"https:\/\/lospoliticosveracruz.com\/#organization"},"image":{"@id":"https:\/\/lospoliticosveracruz.com\/?p=165708#primaryimage"},"thumbnailUrl":"https:\/\/lospoliticosveracruz.com\/wp-content\/uploads\/2025\/04\/Agustn-Basilio-de-la-Vega-e1775850704178.jpg","keywords":["Agust\u00edn Basilio de la Vega","Donald Trump","Escudo de las Am\u00e9ricas","Estados Unidos","Nayib Bukele"],"articleSection":["De Opini\u00f3n"],"inLanguage":"es"},{"@type":"WebPage","@id":"https:\/\/lospoliticosveracruz.com\/?p=165708","url":"https:\/\/lospoliticosveracruz.com\/?p=165708","name":"ESCUDO DE LAS AM\u00c9RICAS - Los pol\u00edticos Veracruz","isPartOf":{"@id":"https:\/\/lospoliticosveracruz.com\/#website"},"primaryImageOfPage":{"@id":"https:\/\/lospoliticosveracruz.com\/?p=165708#primaryimage"},"image":{"@id":"https:\/\/lospoliticosveracruz.com\/?p=165708#primaryimage"},"thumbnailUrl":"https:\/\/lospoliticosveracruz.com\/wp-content\/uploads\/2025\/04\/Agustn-Basilio-de-la-Vega-e1775850704178.jpg","datePublished":"2026-03-10T13:18:17+00:00","dateModified":"2026-03-10T13:18:18+00:00","breadcrumb":{"@id":"https:\/\/lospoliticosveracruz.com\/?p=165708#breadcrumb"},"inLanguage":"es","potentialAction":[{"@type":"ReadAction","target":["https:\/\/lospoliticosveracruz.com\/?p=165708"]}]},{"@type":"ImageObject","inLanguage":"es","@id":"https:\/\/lospoliticosveracruz.com\/?p=165708#primaryimage","url":"https:\/\/lospoliticosveracruz.com\/wp-content\/uploads\/2025\/04\/Agustn-Basilio-de-la-Vega-e1775850704178.jpg","contentUrl":"https:\/\/lospoliticosveracruz.com\/wp-content\/uploads\/2025\/04\/Agustn-Basilio-de-la-Vega-e1775850704178.jpg","width":600,"height":320},{"@type":"BreadcrumbList","@id":"https:\/\/lospoliticosveracruz.com\/?p=165708#breadcrumb","itemListElement":[{"@type":"ListItem","position":1,"name":"Portada","item":"https:\/\/lospoliticosveracruz.com\/"},{"@type":"ListItem","position":2,"name":"ESCUDO DE LAS AM\u00c9RICAS"}]},{"@type":"WebSite","@id":"https:\/\/lospoliticosveracruz.com\/#website","url":"https:\/\/lospoliticosveracruz.com\/","name":"Los pol\u00edticos Veracruz","description":"","publisher":{"@id":"https:\/\/lospoliticosveracruz.com\/#organization"},"potentialAction":[{"@type":"SearchAction","target":{"@type":"EntryPoint","urlTemplate":"https:\/\/lospoliticosveracruz.com\/?s={search_term_string}"},"query-input":{"@type":"PropertyValueSpecification","valueRequired":true,"valueName":"search_term_string"}}],"inLanguage":"es"},{"@type":"Organization","@id":"https:\/\/lospoliticosveracruz.com\/#organization","name":"Los pol\u00edticos Veracruz","url":"https:\/\/lospoliticosveracruz.com\/","logo":{"@type":"ImageObject","inLanguage":"es","@id":"https:\/\/lospoliticosveracruz.com\/#\/schema\/logo\/image\/","url":"https:\/\/lospoliticosveracruz.com\/wp-content\/uploads\/2025\/12\/Logo-Nuevo-LOS-POLITICOS-1.jpg","contentUrl":"https:\/\/lospoliticosveracruz.com\/wp-content\/uploads\/2025\/12\/Logo-Nuevo-LOS-POLITICOS-1.jpg","width":260,"height":70,"caption":"Los pol\u00edticos Veracruz"},"image":{"@id":"https:\/\/lospoliticosveracruz.com\/#\/schema\/logo\/image\/"},"sameAs":["https:\/\/www.facebook.com\/people\/Notimemes-de-los-Polticos\/61565672886568\/","https:\/\/x.com\/LosPoliticosVer"]},{"@type":"Person","@id":"https:\/\/lospoliticosveracruz.com\/#\/schema\/person\/b8702bb0e538456e6efd07080bf2a4a2","name":"Lo viste en Los Pol\u00edticos","image":{"@type":"ImageObject","inLanguage":"es","@id":"https:\/\/secure.gravatar.com\/avatar\/3a8de04a2656d44082be478bd6c086daa447c4651605818287b9532d3d0bd435?s=96&d=mm&r=g","url":"https:\/\/secure.gravatar.com\/avatar\/3a8de04a2656d44082be478bd6c086daa447c4651605818287b9532d3d0bd435?s=96&d=mm&r=g","contentUrl":"https:\/\/secure.gravatar.com\/avatar\/3a8de04a2656d44082be478bd6c086daa447c4651605818287b9532d3d0bd435?s=96&d=mm&r=g","caption":"Lo viste en Los Pol\u00edticos"},"url":"https:\/\/lospoliticosveracruz.com\/?author=2"}]}},"_links":{"self":[{"href":"https:\/\/lospoliticosveracruz.com\/index.php?rest_route=\/wp\/v2\/posts\/165708","targetHints":{"allow":["GET"]}}],"collection":[{"href":"https:\/\/lospoliticosveracruz.com\/index.php?rest_route=\/wp\/v2\/posts"}],"about":[{"href":"https:\/\/lospoliticosveracruz.com\/index.php?rest_route=\/wp\/v2\/types\/post"}],"author":[{"embeddable":true,"href":"https:\/\/lospoliticosveracruz.com\/index.php?rest_route=\/wp\/v2\/users\/2"}],"replies":[{"embeddable":true,"href":"https:\/\/lospoliticosveracruz.com\/index.php?rest_route=%2Fwp%2Fv2%2Fcomments&post=165708"}],"version-history":[{"count":1,"href":"https:\/\/lospoliticosveracruz.com\/index.php?rest_route=\/wp\/v2\/posts\/165708\/revisions"}],"predecessor-version":[{"id":165709,"href":"https:\/\/lospoliticosveracruz.com\/index.php?rest_route=\/wp\/v2\/posts\/165708\/revisions\/165709"}],"wp:featuredmedia":[{"embeddable":true,"href":"https:\/\/lospoliticosveracruz.com\/index.php?rest_route=\/wp\/v2\/media\/141477"}],"wp:attachment":[{"href":"https:\/\/lospoliticosveracruz.com\/index.php?rest_route=%2Fwp%2Fv2%2Fmedia&parent=165708"}],"wp:term":[{"taxonomy":"category","embeddable":true,"href":"https:\/\/lospoliticosveracruz.com\/index.php?rest_route=%2Fwp%2Fv2%2Fcategories&post=165708"},{"taxonomy":"post_tag","embeddable":true,"href":"https:\/\/lospoliticosveracruz.com\/index.php?rest_route=%2Fwp%2Fv2%2Ftags&post=165708"}],"curies":[{"name":"wp","href":"https:\/\/api.w.org\/{rel}","templated":true}]}}