{"id":165710,"date":"2026-03-10T07:24:31","date_gmt":"2026-03-10T13:24:31","guid":{"rendered":"https:\/\/lospoliticosveracruz.com\/?p=165710"},"modified":"2026-03-10T07:24:32","modified_gmt":"2026-03-10T13:24:32","slug":"los-aspirantes-de-sheinbaum-en-veracruz","status":"publish","type":"post","link":"https:\/\/lospoliticosveracruz.com\/?p=165710","title":{"rendered":"LOS ASPIRANTES DE SHEINBAUM EN VERACRUZ"},"content":{"rendered":"\n<p><strong>Ricardo Chua<\/strong><br><em>Sale y Vale<\/em><\/p>\n\n\n\n<p>Hay un fuerte rumor, que se viene gestando desde hace unas semanas, al interior de los grupos de poder de MORENA en Veracruz.. Y esa versi\u00f3n, principalmente es, que ser\u00e1 la Presidenta Claudia Shienbaum<br>la que est\u00e9 muy PENDIENTE de quienes ser\u00e1n postulados como los aspirantes a candidatos a diputados federales en 2027 por este partido y su coalici\u00f3n con los partidos PVEM y Partido del Trabajo.. Que pese al tema de la Reforma Electoral y la decisi\u00f3n que tomen finalmente los legisladores.. No afectar\u00e1 para nada la continuaci\u00f3n de esta alianza pol\u00edtica.. Pero lo que se dice es que la Presidenta ser\u00e1 la \u00abgran electora\u00bb..<\/p>\n\n\n\n<p>Al final, esta situaci\u00f3n no tiene nada de raro, lo hac\u00edan antes, lo hizo Andr\u00e9s Manuel L\u00f3pez Obrador y ahora le tocar\u00e1 el turno a Claudia Shienbaum.. Algo normal porque ella tiene que cuidar a sus diputados federales, que terminar\u00e1n con ella, la \u00faltima mitad de su mandato federal del 2027 al 2030.. Motivo por el cual, la Presidenta estar\u00e1 muy pendiente de quienes son los personajes que postulara el partido pol\u00edtico al que pertenece y los que est\u00e1n en coalici\u00f3n con ellos.. Un tema muy trascendental para Palacio Nacional.. Y es obvio que los 19 distritos electorales federales que hay en Veracruz.. Ser\u00e1n decididos en CDMX..<\/p>\n\n\n\n<p>As\u00ed que la \u00ablectura\u00bb es muy sencilla en esta materia.. Es que todo aquel aspirante de los partidos aliados a la 4T en M\u00e9xico, que QUIERAN SER candidatos a diputados federales por algunos de los 19 distritos por Veracruz.. Tendr\u00e1n que tener la \u00abvenia\u00bb de Palacio Nacional.. Si no cuentan con ella o si tienen alg\u00fan problema para conseguirla porque all\u00e1 en CDMX, a lo mejor no los ven con buenos ojos, mejor que ni gasten, ni se desgasten.. Ya que no ser\u00e1n postulados por ninguno de los 3 partidos.. Ni MORENA, PVEM O PT..<\/p>\n\n\n\n<p>Seg\u00fan la versi\u00f3n contada a \u00abGarganta Profunda\u00bb.. Los miembros del equipo pol\u00edtico cercanos a Palacio Nacional o los que operan ah\u00ed y en MORENA.. Le est\u00e1n presentando toda una \u00abradiograf\u00eda\u00bb real a la Presidenta para que est\u00e9 enterada.. De todos los pormenores de quienes podr\u00edan ser los aspirantes en los 300 distritos del pa\u00eds.. Tanto de los morenos, como los \u00abverdes\u00bb o los petistas.. Para evitar que por ah\u00ed se les pueda \u00abmeter\u00bb alg\u00fan personaje que tenga tratos nada gratos con grupos o personajes, que no tienen buenos antecedentes.. Est\u00e1n \u00abpurgando\u00bb a todos los que desean, aspiran o pueden ser nominados..<\/p>\n\n\n\n<p>La intenci\u00f3n es que la coalici\u00f3n partidista de la 4T.. No lance a un personaje que pueda causar problema alguno dentro de alianza o que sea se\u00f1alado por la sociedad y que esta situaci\u00f3n puede costar el perder el distrito en cuesti\u00f3n en cualquier parte del pa\u00eds.. Por eso, se comenta que los \u00abalquimistas\u00bb de MORENA cercanos a Palacio Nacional.. Analizan a todos los aspirantes y van estado por estado y distrito por distrito.. Y todo eso es reportado a la jefa m\u00e1xima en este pa\u00eds.. Repetimos ser\u00e1 con el Congreso Federal que cierre su mandato..<\/p>\n\n\n\n<p>En el tema de Veracruz.. El fuerte rumor es que muchos personajes pol\u00edticos, que se dec\u00edan estaban \u00abfuera de la jugada\u00bb de MORENA porque era otro grupo en el poder que ahora maneja este partido en la entidad.. Al parecer, pueden ser \u00abdevueltos\u00bb a la vida pol\u00edtica federal, pero en la entidad.. Ante el riesgo que tiene la 4T de poder perder varios distritos electorales en Veracruz en manos del PAN, PRI y Movimiento Ciudadano.. Ya que seg\u00fan los n\u00fameros, que se manejan de manera interna, ser\u00edan alrededor de 8 a 9 distritos de los 19 que hay en la entidad.. Los que estar\u00edan en riesgo, es decir, casi la mitad..<\/p>\n\n\n\n<p>Motivo por el cual, se dice que muchos personajes que fueron parte del gobierno de Cuitl\u00e1huac Garc\u00eda.. Podr\u00edan repetir en sus distritos \u00abjugando\u00bb una elecci\u00f3n federal, pese a que no sean bien vistos en MORENA Veracruz.. Pero la decisi\u00f3n es de Palacio Nacional y ante eso, no hay nada que reclamar.. Lo mismo podr\u00eda pasar con el PVEM y PT.. Por ello, se menciona mucho la figura de Javier Herrera Borunda para ser candidato a diputado federal por Cosamaloapan \u00abhaiga como haiga sido\u00bb.. \u00c9l tendr\u00eda la \u00abven\u00eda\u00bb de CDMX.. Que es la que realmente importa en una elecci\u00f3n federal.. Y as\u00ed muchos m\u00e1s.. AMEN..<\/p>\n\n\n\n<p>SANTIAGO TUXTLA, LA BATALLA QUE COMIENZA..<\/p>\n\n\n\n<p>En Santiago Tuxtla, el m\u00edtico municipio de esa regi\u00f3n que es conocida como la \u00abSuiza Veracruzana\u00bb, se puede presentar el PRIMER CASO de un enfrentamiento legal, administrativo, pol\u00edtico y medi\u00e1tico entre un alcalde y ex alcalde de Veracruz, a s\u00f3lo 3 meses de haber iniciado estas nuevas administraciones municipales.. Y este caso ya hecho p\u00fablico ayer, en ese sitio, se present\u00f3 entre No\u00e9 Cadena, el actual mun\u00edcipe, y Kristel Hern\u00e1ndez Topete, la ex presidenta municipal, por un presunto desfalco ocurrido en su gobierno por m\u00e1s de 133 millones de pesos.. Asunto que hizo p\u00fablico Cadena en esa ciudad.. Van con todo..<\/p>\n\n\n\n<p>Seg\u00fan informaci\u00f3n obtenida por \u00abGarganta Profunda\u00bb.. Se\u00f1ala que Cadena, aparte que presentar\u00e1 7 denuncias ante la Fiscal\u00eda anticorrupci\u00f3n por diversos delitos cometidos por ex funcionarios municipales, y en donde hay falta de pagos de impuestos federales, estatales y 64 obras con inconsistencias, todo suma a esa cifra del presunto da\u00f1o patrimonial.. Por eso, se presume que este nuevo gobierno, proceder\u00e1 por la v\u00eda administrativa para buscar la inhabilitaci\u00f3n de estos personajes implicados.. Al parecer, no habr\u00e1 protecci\u00f3n para la ex alcaldesa perredista.. Pese a que en su momento, se le se\u00f1al\u00f3 ser aliada de MORENA..<\/p>\n\n\n\n<p>Se dice que desde el Palacio de Gobierno en Xalapa y Palacio Legislativo en la capital del Estado.. Noe Cadena cuenta con el apoyo para proceder en consecuencia.. Ya dio el primer paso.. Denunci\u00f3 medi\u00e1ticamente el presunto desfalco.. Ahora s\u00f3lo hace falta oficializarlo de manera administrativa y penal.. Y trascendi\u00f3 que las acusaciones incluir\u00e1n presuntos delitos como peculado, desv\u00edo de recursos, incumplimiento de un deber legal, omisi\u00f3n y corrupci\u00f3n.. En pocas palabras se ve que van con todo contra el legado financiero del gobierno de Kristel Hern\u00e1ndez Topete.. Habr\u00e1 que ver como termina el esc\u00e1ndalo administrativo.. AMEN..<\/p>\n","protected":false},"excerpt":{"rendered":"<p>Ricardo ChuaSale y Vale Hay un fuerte rumor, que se viene gestando desde hace unas semanas, al interior de los grupos de poder de MORENA en Veracruz.. Y esa versi\u00f3n, principalmente es, que ser\u00e1 la Presidenta Claudia Shienbaumla que est\u00e9 muy PENDIENTE de quienes ser\u00e1n postulados como los aspirantes a candidatos a diputados federales en [&hellip;]<\/p>\n","protected":false},"author":2,"featured_media":162484,"comment_status":"closed","ping_status":"closed","sticky":false,"template":"","format":"standard","meta":{"tdm_status":"","tdm_grid_status":"","footnotes":""},"categories":[70],"tags":[9627,792,1124,13642,1026,54984,2289,264,1105,195],"class_list":{"0":"post-165710","1":"post","2":"type-post","3":"status-publish","4":"format-standard","5":"has-post-thumbnail","7":"category-de-opinion","8":"tag-claudia-sheinbaum","9":"tag-diputados-federales","10":"tag-javier-herrera-borunda","11":"tag-kristel-hernandez-topete","12":"tag-morena","13":"tag-noe-cadena","14":"tag-pt","15":"tag-pvem","16":"tag-santiago-tuxtla","17":"tag-veracruz"},"yoast_head":"<!-- This site is optimized with the Yoast SEO plugin v27.4 - https:\/\/yoast.com\/product\/yoast-seo-wordpress\/ -->\n<title>LOS ASPIRANTES DE SHEINBAUM EN VERACRUZ - Los pol\u00edticos Veracruz<\/title>\n<meta name=\"robots\" content=\"index, follow, max-snippet:-1, max-image-preview:large, max-video-preview:-1\" \/>\n<link rel=\"canonical\" href=\"https:\/\/lospoliticosveracruz.com\/?p=165710\" \/>\n<meta property=\"og:locale\" content=\"es_ES\" \/>\n<meta property=\"og:type\" content=\"article\" \/>\n<meta property=\"og:title\" content=\"LOS ASPIRANTES DE SHEINBAUM EN VERACRUZ - Los pol\u00edticos Veracruz\" \/>\n<meta property=\"og:description\" content=\"Ricardo ChuaSale y Vale Hay un fuerte rumor, que se viene gestando desde hace unas semanas, al interior de los grupos de poder de MORENA en Veracruz.. Y esa versi\u00f3n, principalmente es, que ser\u00e1 la Presidenta Claudia Shienbaumla que est\u00e9 muy PENDIENTE de quienes ser\u00e1n postulados como los aspirantes a candidatos a diputados federales en [&hellip;]\" \/>\n<meta property=\"og:url\" content=\"https:\/\/lospoliticosveracruz.com\/?p=165710\" \/>\n<meta property=\"og:site_name\" content=\"Los pol\u00edticos Veracruz\" \/>\n<meta property=\"article:publisher\" content=\"https:\/\/www.facebook.com\/people\/Notimemes-de-los-Polticos\/61565672886568\/\" \/>\n<meta property=\"article:published_time\" content=\"2026-03-10T13:24:31+00:00\" \/>\n<meta property=\"article:modified_time\" content=\"2026-03-10T13:24:32+00:00\" \/>\n<meta property=\"og:image\" content=\"https:\/\/lospoliticosveracruz.com\/wp-content\/uploads\/2026\/02\/Chua.jpg\" \/>\n\t<meta property=\"og:image:width\" content=\"1250\" \/>\n\t<meta property=\"og:image:height\" content=\"667\" \/>\n\t<meta property=\"og:image:type\" content=\"image\/jpeg\" \/>\n<meta name=\"author\" content=\"Lo viste en Los Pol\u00edticos\" \/>\n<meta name=\"twitter:card\" content=\"summary_large_image\" \/>\n<meta name=\"twitter:creator\" content=\"@LosPoliticosVer\" \/>\n<meta name=\"twitter:site\" content=\"@LosPoliticosVer\" \/>\n<meta name=\"twitter:label1\" content=\"Escrito por\" \/>\n\t<meta name=\"twitter:data1\" content=\"Lo viste en Los Pol\u00edticos\" \/>\n\t<meta name=\"twitter:label2\" content=\"Tiempo de lectura\" \/>\n\t<meta name=\"twitter:data2\" content=\"5 minutos\" \/>\n<script type=\"application\/ld+json\" class=\"yoast-schema-graph\">{\"@context\":\"https:\\\/\\\/schema.org\",\"@graph\":[{\"@type\":\"Article\",\"@id\":\"https:\\\/\\\/lospoliticosveracruz.com\\\/?p=165710#article\",\"isPartOf\":{\"@id\":\"https:\\\/\\\/lospoliticosveracruz.com\\\/?p=165710\"},\"author\":{\"name\":\"Lo viste en Los Pol\u00edticos\",\"@id\":\"https:\\\/\\\/lospoliticosveracruz.com\\\/#\\\/schema\\\/person\\\/b8702bb0e538456e6efd07080bf2a4a2\"},\"headline\":\"LOS ASPIRANTES DE SHEINBAUM EN VERACRUZ\",\"datePublished\":\"2026-03-10T13:24:31+00:00\",\"dateModified\":\"2026-03-10T13:24:32+00:00\",\"mainEntityOfPage\":{\"@id\":\"https:\\\/\\\/lospoliticosveracruz.com\\\/?p=165710\"},\"wordCount\":1096,\"publisher\":{\"@id\":\"https:\\\/\\\/lospoliticosveracruz.com\\\/#organization\"},\"image\":{\"@id\":\"https:\\\/\\\/lospoliticosveracruz.com\\\/?p=165710#primaryimage\"},\"thumbnailUrl\":\"https:\\\/\\\/lospoliticosveracruz.com\\\/wp-content\\\/uploads\\\/2026\\\/02\\\/Chua-e1775852093240.jpg\",\"keywords\":[\"Claudia Sheinbaum\",\"Diputados Federales\",\"Javier Herrera Borunda\",\"Kristel Hern\u00e1ndez Topete\",\"Morena\",\"No\u00e9 Cadena\",\"PT\",\"PVEM\",\"Santiago Tuxtla\",\"Veracruz\"],\"articleSection\":[\"De Opini\u00f3n\"],\"inLanguage\":\"es\"},{\"@type\":\"WebPage\",\"@id\":\"https:\\\/\\\/lospoliticosveracruz.com\\\/?p=165710\",\"url\":\"https:\\\/\\\/lospoliticosveracruz.com\\\/?p=165710\",\"name\":\"LOS ASPIRANTES DE SHEINBAUM EN VERACRUZ - Los pol\u00edticos Veracruz\",\"isPartOf\":{\"@id\":\"https:\\\/\\\/lospoliticosveracruz.com\\\/#website\"},\"primaryImageOfPage\":{\"@id\":\"https:\\\/\\\/lospoliticosveracruz.com\\\/?p=165710#primaryimage\"},\"image\":{\"@id\":\"https:\\\/\\\/lospoliticosveracruz.com\\\/?p=165710#primaryimage\"},\"thumbnailUrl\":\"https:\\\/\\\/lospoliticosveracruz.com\\\/wp-content\\\/uploads\\\/2026\\\/02\\\/Chua-e1775852093240.jpg\",\"datePublished\":\"2026-03-10T13:24:31+00:00\",\"dateModified\":\"2026-03-10T13:24:32+00:00\",\"breadcrumb\":{\"@id\":\"https:\\\/\\\/lospoliticosveracruz.com\\\/?p=165710#breadcrumb\"},\"inLanguage\":\"es\",\"potentialAction\":[{\"@type\":\"ReadAction\",\"target\":[\"https:\\\/\\\/lospoliticosveracruz.com\\\/?p=165710\"]}]},{\"@type\":\"ImageObject\",\"inLanguage\":\"es\",\"@id\":\"https:\\\/\\\/lospoliticosveracruz.com\\\/?p=165710#primaryimage\",\"url\":\"https:\\\/\\\/lospoliticosveracruz.com\\\/wp-content\\\/uploads\\\/2026\\\/02\\\/Chua-e1775852093240.jpg\",\"contentUrl\":\"https:\\\/\\\/lospoliticosveracruz.com\\\/wp-content\\\/uploads\\\/2026\\\/02\\\/Chua-e1775852093240.jpg\",\"width\":600,\"height\":320},{\"@type\":\"BreadcrumbList\",\"@id\":\"https:\\\/\\\/lospoliticosveracruz.com\\\/?p=165710#breadcrumb\",\"itemListElement\":[{\"@type\":\"ListItem\",\"position\":1,\"name\":\"Portada\",\"item\":\"https:\\\/\\\/lospoliticosveracruz.com\\\/\"},{\"@type\":\"ListItem\",\"position\":2,\"name\":\"LOS ASPIRANTES DE SHEINBAUM EN VERACRUZ\"}]},{\"@type\":\"WebSite\",\"@id\":\"https:\\\/\\\/lospoliticosveracruz.com\\\/#website\",\"url\":\"https:\\\/\\\/lospoliticosveracruz.com\\\/\",\"name\":\"Los pol\u00edticos Veracruz\",\"description\":\"\",\"publisher\":{\"@id\":\"https:\\\/\\\/lospoliticosveracruz.com\\\/#organization\"},\"potentialAction\":[{\"@type\":\"SearchAction\",\"target\":{\"@type\":\"EntryPoint\",\"urlTemplate\":\"https:\\\/\\\/lospoliticosveracruz.com\\\/?s={search_term_string}\"},\"query-input\":{\"@type\":\"PropertyValueSpecification\",\"valueRequired\":true,\"valueName\":\"search_term_string\"}}],\"inLanguage\":\"es\"},{\"@type\":\"Organization\",\"@id\":\"https:\\\/\\\/lospoliticosveracruz.com\\\/#organization\",\"name\":\"Los pol\u00edticos Veracruz\",\"url\":\"https:\\\/\\\/lospoliticosveracruz.com\\\/\",\"logo\":{\"@type\":\"ImageObject\",\"inLanguage\":\"es\",\"@id\":\"https:\\\/\\\/lospoliticosveracruz.com\\\/#\\\/schema\\\/logo\\\/image\\\/\",\"url\":\"https:\\\/\\\/lospoliticosveracruz.com\\\/wp-content\\\/uploads\\\/2025\\\/12\\\/Logo-Nuevo-LOS-POLITICOS-1.jpg\",\"contentUrl\":\"https:\\\/\\\/lospoliticosveracruz.com\\\/wp-content\\\/uploads\\\/2025\\\/12\\\/Logo-Nuevo-LOS-POLITICOS-1.jpg\",\"width\":260,\"height\":70,\"caption\":\"Los pol\u00edticos Veracruz\"},\"image\":{\"@id\":\"https:\\\/\\\/lospoliticosveracruz.com\\\/#\\\/schema\\\/logo\\\/image\\\/\"},\"sameAs\":[\"https:\\\/\\\/www.facebook.com\\\/people\\\/Notimemes-de-los-Polticos\\\/61565672886568\\\/\",\"https:\\\/\\\/x.com\\\/LosPoliticosVer\"]},{\"@type\":\"Person\",\"@id\":\"https:\\\/\\\/lospoliticosveracruz.com\\\/#\\\/schema\\\/person\\\/b8702bb0e538456e6efd07080bf2a4a2\",\"name\":\"Lo viste en Los Pol\u00edticos\",\"image\":{\"@type\":\"ImageObject\",\"inLanguage\":\"es\",\"@id\":\"https:\\\/\\\/secure.gravatar.com\\\/avatar\\\/3a8de04a2656d44082be478bd6c086daa447c4651605818287b9532d3d0bd435?s=96&d=mm&r=g\",\"url\":\"https:\\\/\\\/secure.gravatar.com\\\/avatar\\\/3a8de04a2656d44082be478bd6c086daa447c4651605818287b9532d3d0bd435?s=96&d=mm&r=g\",\"contentUrl\":\"https:\\\/\\\/secure.gravatar.com\\\/avatar\\\/3a8de04a2656d44082be478bd6c086daa447c4651605818287b9532d3d0bd435?s=96&d=mm&r=g\",\"caption\":\"Lo viste en Los Pol\u00edticos\"},\"url\":\"https:\\\/\\\/lospoliticosveracruz.com\\\/?author=2\"}]}<\/script>\n<!-- \/ Yoast SEO plugin. -->","yoast_head_json":{"title":"LOS ASPIRANTES DE SHEINBAUM EN VERACRUZ - Los pol\u00edticos Veracruz","robots":{"index":"index","follow":"follow","max-snippet":"max-snippet:-1","max-image-preview":"max-image-preview:large","max-video-preview":"max-video-preview:-1"},"canonical":"https:\/\/lospoliticosveracruz.com\/?p=165710","og_locale":"es_ES","og_type":"article","og_title":"LOS ASPIRANTES DE SHEINBAUM EN VERACRUZ - Los pol\u00edticos Veracruz","og_description":"Ricardo ChuaSale y Vale Hay un fuerte rumor, que se viene gestando desde hace unas semanas, al interior de los grupos de poder de MORENA en Veracruz.. Y esa versi\u00f3n, principalmente es, que ser\u00e1 la Presidenta Claudia Shienbaumla que est\u00e9 muy PENDIENTE de quienes ser\u00e1n postulados como los aspirantes a candidatos a diputados federales en [&hellip;]","og_url":"https:\/\/lospoliticosveracruz.com\/?p=165710","og_site_name":"Los pol\u00edticos Veracruz","article_publisher":"https:\/\/www.facebook.com\/people\/Notimemes-de-los-Polticos\/61565672886568\/","article_published_time":"2026-03-10T13:24:31+00:00","article_modified_time":"2026-03-10T13:24:32+00:00","og_image":[{"width":1250,"height":667,"url":"https:\/\/lospoliticosveracruz.com\/wp-content\/uploads\/2026\/02\/Chua.jpg","type":"image\/jpeg"}],"author":"Lo viste en Los Pol\u00edticos","twitter_card":"summary_large_image","twitter_creator":"@LosPoliticosVer","twitter_site":"@LosPoliticosVer","twitter_misc":{"Escrito por":"Lo viste en Los Pol\u00edticos","Tiempo de lectura":"5 minutos"},"schema":{"@context":"https:\/\/schema.org","@graph":[{"@type":"Article","@id":"https:\/\/lospoliticosveracruz.com\/?p=165710#article","isPartOf":{"@id":"https:\/\/lospoliticosveracruz.com\/?p=165710"},"author":{"name":"Lo viste en Los Pol\u00edticos","@id":"https:\/\/lospoliticosveracruz.com\/#\/schema\/person\/b8702bb0e538456e6efd07080bf2a4a2"},"headline":"LOS ASPIRANTES DE SHEINBAUM EN VERACRUZ","datePublished":"2026-03-10T13:24:31+00:00","dateModified":"2026-03-10T13:24:32+00:00","mainEntityOfPage":{"@id":"https:\/\/lospoliticosveracruz.com\/?p=165710"},"wordCount":1096,"publisher":{"@id":"https:\/\/lospoliticosveracruz.com\/#organization"},"image":{"@id":"https:\/\/lospoliticosveracruz.com\/?p=165710#primaryimage"},"thumbnailUrl":"https:\/\/lospoliticosveracruz.com\/wp-content\/uploads\/2026\/02\/Chua-e1775852093240.jpg","keywords":["Claudia Sheinbaum","Diputados Federales","Javier Herrera Borunda","Kristel Hern\u00e1ndez Topete","Morena","No\u00e9 Cadena","PT","PVEM","Santiago Tuxtla","Veracruz"],"articleSection":["De Opini\u00f3n"],"inLanguage":"es"},{"@type":"WebPage","@id":"https:\/\/lospoliticosveracruz.com\/?p=165710","url":"https:\/\/lospoliticosveracruz.com\/?p=165710","name":"LOS ASPIRANTES DE SHEINBAUM EN VERACRUZ - Los pol\u00edticos Veracruz","isPartOf":{"@id":"https:\/\/lospoliticosveracruz.com\/#website"},"primaryImageOfPage":{"@id":"https:\/\/lospoliticosveracruz.com\/?p=165710#primaryimage"},"image":{"@id":"https:\/\/lospoliticosveracruz.com\/?p=165710#primaryimage"},"thumbnailUrl":"https:\/\/lospoliticosveracruz.com\/wp-content\/uploads\/2026\/02\/Chua-e1775852093240.jpg","datePublished":"2026-03-10T13:24:31+00:00","dateModified":"2026-03-10T13:24:32+00:00","breadcrumb":{"@id":"https:\/\/lospoliticosveracruz.com\/?p=165710#breadcrumb"},"inLanguage":"es","potentialAction":[{"@type":"ReadAction","target":["https:\/\/lospoliticosveracruz.com\/?p=165710"]}]},{"@type":"ImageObject","inLanguage":"es","@id":"https:\/\/lospoliticosveracruz.com\/?p=165710#primaryimage","url":"https:\/\/lospoliticosveracruz.com\/wp-content\/uploads\/2026\/02\/Chua-e1775852093240.jpg","contentUrl":"https:\/\/lospoliticosveracruz.com\/wp-content\/uploads\/2026\/02\/Chua-e1775852093240.jpg","width":600,"height":320},{"@type":"BreadcrumbList","@id":"https:\/\/lospoliticosveracruz.com\/?p=165710#breadcrumb","itemListElement":[{"@type":"ListItem","position":1,"name":"Portada","item":"https:\/\/lospoliticosveracruz.com\/"},{"@type":"ListItem","position":2,"name":"LOS ASPIRANTES DE SHEINBAUM EN VERACRUZ"}]},{"@type":"WebSite","@id":"https:\/\/lospoliticosveracruz.com\/#website","url":"https:\/\/lospoliticosveracruz.com\/","name":"Los pol\u00edticos Veracruz","description":"","publisher":{"@id":"https:\/\/lospoliticosveracruz.com\/#organization"},"potentialAction":[{"@type":"SearchAction","target":{"@type":"EntryPoint","urlTemplate":"https:\/\/lospoliticosveracruz.com\/?s={search_term_string}"},"query-input":{"@type":"PropertyValueSpecification","valueRequired":true,"valueName":"search_term_string"}}],"inLanguage":"es"},{"@type":"Organization","@id":"https:\/\/lospoliticosveracruz.com\/#organization","name":"Los pol\u00edticos Veracruz","url":"https:\/\/lospoliticosveracruz.com\/","logo":{"@type":"ImageObject","inLanguage":"es","@id":"https:\/\/lospoliticosveracruz.com\/#\/schema\/logo\/image\/","url":"https:\/\/lospoliticosveracruz.com\/wp-content\/uploads\/2025\/12\/Logo-Nuevo-LOS-POLITICOS-1.jpg","contentUrl":"https:\/\/lospoliticosveracruz.com\/wp-content\/uploads\/2025\/12\/Logo-Nuevo-LOS-POLITICOS-1.jpg","width":260,"height":70,"caption":"Los pol\u00edticos Veracruz"},"image":{"@id":"https:\/\/lospoliticosveracruz.com\/#\/schema\/logo\/image\/"},"sameAs":["https:\/\/www.facebook.com\/people\/Notimemes-de-los-Polticos\/61565672886568\/","https:\/\/x.com\/LosPoliticosVer"]},{"@type":"Person","@id":"https:\/\/lospoliticosveracruz.com\/#\/schema\/person\/b8702bb0e538456e6efd07080bf2a4a2","name":"Lo viste en Los Pol\u00edticos","image":{"@type":"ImageObject","inLanguage":"es","@id":"https:\/\/secure.gravatar.com\/avatar\/3a8de04a2656d44082be478bd6c086daa447c4651605818287b9532d3d0bd435?s=96&d=mm&r=g","url":"https:\/\/secure.gravatar.com\/avatar\/3a8de04a2656d44082be478bd6c086daa447c4651605818287b9532d3d0bd435?s=96&d=mm&r=g","contentUrl":"https:\/\/secure.gravatar.com\/avatar\/3a8de04a2656d44082be478bd6c086daa447c4651605818287b9532d3d0bd435?s=96&d=mm&r=g","caption":"Lo viste en Los Pol\u00edticos"},"url":"https:\/\/lospoliticosveracruz.com\/?author=2"}]}},"_links":{"self":[{"href":"https:\/\/lospoliticosveracruz.com\/index.php?rest_route=\/wp\/v2\/posts\/165710","targetHints":{"allow":["GET"]}}],"collection":[{"href":"https:\/\/lospoliticosveracruz.com\/index.php?rest_route=\/wp\/v2\/posts"}],"about":[{"href":"https:\/\/lospoliticosveracruz.com\/index.php?rest_route=\/wp\/v2\/types\/post"}],"author":[{"embeddable":true,"href":"https:\/\/lospoliticosveracruz.com\/index.php?rest_route=\/wp\/v2\/users\/2"}],"replies":[{"embeddable":true,"href":"https:\/\/lospoliticosveracruz.com\/index.php?rest_route=%2Fwp%2Fv2%2Fcomments&post=165710"}],"version-history":[{"count":1,"href":"https:\/\/lospoliticosveracruz.com\/index.php?rest_route=\/wp\/v2\/posts\/165710\/revisions"}],"predecessor-version":[{"id":165711,"href":"https:\/\/lospoliticosveracruz.com\/index.php?rest_route=\/wp\/v2\/posts\/165710\/revisions\/165711"}],"wp:featuredmedia":[{"embeddable":true,"href":"https:\/\/lospoliticosveracruz.com\/index.php?rest_route=\/wp\/v2\/media\/162484"}],"wp:attachment":[{"href":"https:\/\/lospoliticosveracruz.com\/index.php?rest_route=%2Fwp%2Fv2%2Fmedia&parent=165710"}],"wp:term":[{"taxonomy":"category","embeddable":true,"href":"https:\/\/lospoliticosveracruz.com\/index.php?rest_route=%2Fwp%2Fv2%2Fcategories&post=165710"},{"taxonomy":"post_tag","embeddable":true,"href":"https:\/\/lospoliticosveracruz.com\/index.php?rest_route=%2Fwp%2Fv2%2Ftags&post=165710"}],"curies":[{"name":"wp","href":"https:\/\/api.w.org\/{rel}","templated":true}]}}