{"id":165712,"date":"2026-03-10T07:29:33","date_gmt":"2026-03-10T13:29:33","guid":{"rendered":"https:\/\/lospoliticosveracruz.com\/?p=165712"},"modified":"2026-03-10T07:29:35","modified_gmt":"2026-03-10T13:29:35","slug":"fidel-kuri-y-el-espejismo-de-los-tiburones","status":"publish","type":"post","link":"https:\/\/lospoliticosveracruz.com\/?p=165712","title":{"rendered":"FIDEL KURI Y EL ESPEJISMO DE LOS TIBURONES"},"content":{"rendered":"\n<p><strong>Yamiri Rodr\u00edguez Madrid<\/strong><br><em>La vuelta a Veracruz en un teclazo<\/em><\/p>\n\n\n\n<p>Fidel Kuri&nbsp;Grajales&nbsp;lleva a\u00f1os vendiendo una idea que choca de frente con&nbsp;expedientes de Hacienda y de los juzgados: la del regreso de los Tiburones Rojos.&nbsp;Una&nbsp;cosa es alimentar la nostalgia de la afici\u00f3n y otra sostener&nbsp;una mentira,&nbsp;porque lamarca aparece embargada, litigada y sujeta a procedimientos fiscales y judiciales&nbsp;que impiden, a toda costa, el regreso del equipo.&nbsp;Hay&nbsp;adeudos, oficios, embargos y restricciones sobre registros marcarios de la Promotora Deportiva del Valle de Orizaba A.C., propiedad del empresario orizabe\u00f1o&nbsp;que nulifican cualquier posibilidad de que el equipo de futbol regrese.<\/p>\n\n\n\n<p>Le doy varios datos contundentes. &nbsp;&nbsp;En diciembre de 2020, la Administraci\u00f3n Desconcentrada de Recaudaci\u00f3n de Veracruz \u201c2\u201d notific\u00f3 actuaciones relacionadas con el procedimiento administrativo de ejecuci\u00f3n contra la Promotora Deportiva del Valle de Orizaba A.C. y enlist\u00f3 registros de \u201cTiburones Rojos\u201d y \u201cOrizaba Albinegros 1898\u201d a nombre de esa persona moral.&nbsp;No es rumor, no es versi\u00f3n, no es grilla: es Hacienda actuando.<\/p>\n\n\n\n<p>Luego, en&nbsp;2022, la situaci\u00f3n&nbsp;se&nbsp;agrav\u00f3&nbsp;para Kuri. La declaratoria de embargo con oficio 400-66-00-02-01-2022-07613 se\u00f1ala que se procedi\u00f3&nbsp;a trabar embargo sobre marcas propiedad de la contribuyente Promotora Deportiva del Valle de Orizaba A.C. y establece que la autoridad continu\u00f3&nbsp;con el Procedimiento Administrativo de Ejecuci\u00f3n. En el mismo expediente aparece un cr\u00e9dito fiscal por&nbsp;nada m\u00e1s y nada menos que&nbsp;64 millones 164 mil 161 pesos.&nbsp;<\/p>\n\n\n\n<p>Y, por si hiciera falta m\u00e1s evidencia,&nbsp;hay&nbsp;m\u00e1s&nbsp;documentaci\u00f3n que&nbsp;tambi\u00e9n muestra que no se trata solo del SAT. En el expediente 40\/2021, Azteca Novelas S.A.P.I. de C.V. promovi\u00f3 un juicio oral mercantil contra la misma Promotora Deportiva del Valle de Orizaba A.C., y se pidi\u00f3 la inscripci\u00f3n del embargo sobre&nbsp;la marca de los Tiburones Rojos&nbsp;y otros derechos de esa persona moral.&nbsp;Sin rodeos, as\u00ed, los Tiburones no pueden regresar porque la&nbsp;marca&nbsp;est\u00e1comprometida en expedientes fiscales y mercantiles, poradeudos con el SAT y con&nbsp;TV&nbsp;Azteca que superan los 300 millones de pesos.&nbsp;<\/p>\n\n\n\n<p>El futbol no revive por nostalgia y las marcas no se liberan con declaraciones.&nbsp;Los registros ah\u00ed est\u00e1n. El nombre Tiburones Rojos Veracruz aparece asociado a m\u00faltiples expedientes y registros marcarios de la Promotora Deportiva del Valle de Orizaba A.C., incluidos el 1274678, 1270888, 1762847, 1762849, 1762850, 1759348, 1759349 y 1759352. Y sobre esos registros hay actuaciones de embargo. As\u00ed de simple. As\u00ed de duro.<\/p>\n\n\n\n<p>Por eso la pregunta ya no es si Kuri quiere que vuelvan los Tiburones. La pregunta es con qu\u00e9 cara puede seguir prometi\u00e9ndolo mientras la marca sigue atrapada entre Hacienda y los juzgados.&nbsp;<\/p>\n\n\n\n<p>En Veracruz, la afici\u00f3n merece claridad, no espejismos. Merece saber que antes del discurso est\u00e1 el adeudo; antes del relato est\u00e1 el embargo; y antes de cualquier promesa de regreso est\u00e1 una realidad legal&nbsp;en la&nbsp;que Fidel Kuri&nbsp;est\u00e1 imposibilitado para usar la marca.&nbsp;Como&nbsp;lo muestran los documentos,&nbsp;es imposible usar el nombre ni los colores,&nbsp;ni el logotipo&nbsp;de los Tiburones Rojos,&nbsp;por lo que&nbsp;el regreso&nbsp;del equipo&nbsp;solamente vive en&nbsp;su mente.&nbsp;Triste para la tiburomania, pero&nbsp;no hay esperanza&nbsp;alguna de&nbsp;que&nbsp;losTiburones Rojos regresen.&nbsp;Kuri, una vez m\u00e1s, los enga\u00f1a, pues no puede pagar los m\u00e1s de 300 millones de pesos ni a TV Azteca ni al SAT.<\/p>\n\n\n\n<p>@YamiriRodriguez<\/p>\n","protected":false},"excerpt":{"rendered":"<p>Yamiri Rodr\u00edguez MadridLa vuelta a Veracruz en un teclazo Fidel Kuri&nbsp;Grajales&nbsp;lleva a\u00f1os vendiendo una idea que choca de frente con&nbsp;expedientes de Hacienda y de los juzgados: la del regreso de los Tiburones Rojos.&nbsp;Una&nbsp;cosa es alimentar la nostalgia de la afici\u00f3n y otra sostener&nbsp;una mentira,&nbsp;porque lamarca aparece embargada, litigada y sujeta a procedimientos fiscales y judiciales&nbsp;que [&hellip;]<\/p>\n","protected":false},"author":2,"featured_media":141413,"comment_status":"closed","ping_status":"closed","sticky":false,"template":"","format":"standard","meta":{"tdm_status":"","tdm_grid_status":"","footnotes":""},"categories":[70],"tags":[608,238,1026,115,25400,909,195],"class_list":{"0":"post-165712","1":"post","2":"type-post","3":"status-publish","4":"format-standard","5":"has-post-thumbnail","7":"category-de-opinion","8":"tag-fidel-kuri-grajales","9":"tag-hacienda","10":"tag-morena","11":"tag-sat","12":"tag-tiburones-rojos-de-veracruz","13":"tag-tv-azteca","14":"tag-veracruz"},"yoast_head":"<!-- This site is optimized with the Yoast SEO plugin v27.4 - https:\/\/yoast.com\/product\/yoast-seo-wordpress\/ -->\n<title>FIDEL KURI Y EL ESPEJISMO DE LOS TIBURONES - Los pol\u00edticos Veracruz<\/title>\n<meta name=\"robots\" content=\"index, follow, max-snippet:-1, max-image-preview:large, max-video-preview:-1\" \/>\n<link rel=\"canonical\" href=\"https:\/\/lospoliticosveracruz.com\/?p=165712\" \/>\n<meta property=\"og:locale\" content=\"es_ES\" \/>\n<meta property=\"og:type\" content=\"article\" \/>\n<meta property=\"og:title\" content=\"FIDEL KURI Y EL ESPEJISMO DE LOS TIBURONES - Los pol\u00edticos Veracruz\" \/>\n<meta property=\"og:description\" content=\"Yamiri Rodr\u00edguez MadridLa vuelta a Veracruz en un teclazo Fidel Kuri&nbsp;Grajales&nbsp;lleva a\u00f1os vendiendo una idea que choca de frente con&nbsp;expedientes de Hacienda y de los juzgados: la del regreso de los Tiburones Rojos.&nbsp;Una&nbsp;cosa es alimentar la nostalgia de la afici\u00f3n y otra sostener&nbsp;una mentira,&nbsp;porque lamarca aparece embargada, litigada y sujeta a procedimientos fiscales y judiciales&nbsp;que [&hellip;]\" \/>\n<meta property=\"og:url\" content=\"https:\/\/lospoliticosveracruz.com\/?p=165712\" \/>\n<meta property=\"og:site_name\" content=\"Los pol\u00edticos Veracruz\" \/>\n<meta property=\"article:publisher\" content=\"https:\/\/www.facebook.com\/people\/Notimemes-de-los-Polticos\/61565672886568\/\" \/>\n<meta property=\"article:published_time\" content=\"2026-03-10T13:29:33+00:00\" \/>\n<meta property=\"article:modified_time\" content=\"2026-03-10T13:29:35+00:00\" \/>\n<meta property=\"og:image\" content=\"https:\/\/lospoliticosveracruz.com\/wp-content\/uploads\/2025\/04\/Yamiri-Rodriguez-Madrid-e1768315710241.jpg\" \/>\n\t<meta property=\"og:image:width\" content=\"600\" \/>\n\t<meta property=\"og:image:height\" content=\"320\" \/>\n\t<meta property=\"og:image:type\" content=\"image\/jpeg\" \/>\n<meta name=\"author\" content=\"Lo viste en Los Pol\u00edticos\" \/>\n<meta name=\"twitter:card\" content=\"summary_large_image\" \/>\n<meta name=\"twitter:creator\" content=\"@LosPoliticosVer\" \/>\n<meta name=\"twitter:site\" content=\"@LosPoliticosVer\" \/>\n<meta name=\"twitter:label1\" content=\"Escrito por\" \/>\n\t<meta name=\"twitter:data1\" content=\"Lo viste en Los Pol\u00edticos\" \/>\n\t<meta name=\"twitter:label2\" content=\"Tiempo de lectura\" \/>\n\t<meta name=\"twitter:data2\" content=\"3 minutos\" \/>\n<script type=\"application\/ld+json\" class=\"yoast-schema-graph\">{\"@context\":\"https:\\\/\\\/schema.org\",\"@graph\":[{\"@type\":\"Article\",\"@id\":\"https:\\\/\\\/lospoliticosveracruz.com\\\/?p=165712#article\",\"isPartOf\":{\"@id\":\"https:\\\/\\\/lospoliticosveracruz.com\\\/?p=165712\"},\"author\":{\"name\":\"Lo viste en Los Pol\u00edticos\",\"@id\":\"https:\\\/\\\/lospoliticosveracruz.com\\\/#\\\/schema\\\/person\\\/b8702bb0e538456e6efd07080bf2a4a2\"},\"headline\":\"FIDEL KURI Y EL ESPEJISMO DE LOS TIBURONES\",\"datePublished\":\"2026-03-10T13:29:33+00:00\",\"dateModified\":\"2026-03-10T13:29:35+00:00\",\"mainEntityOfPage\":{\"@id\":\"https:\\\/\\\/lospoliticosveracruz.com\\\/?p=165712\"},\"wordCount\":634,\"publisher\":{\"@id\":\"https:\\\/\\\/lospoliticosveracruz.com\\\/#organization\"},\"image\":{\"@id\":\"https:\\\/\\\/lospoliticosveracruz.com\\\/?p=165712#primaryimage\"},\"thumbnailUrl\":\"https:\\\/\\\/lospoliticosveracruz.com\\\/wp-content\\\/uploads\\\/2025\\\/04\\\/Yamiri-Rodriguez-Madrid-e1768315710241.jpg\",\"keywords\":[\"Fidel Kuri Grajales\",\"Hacienda\",\"Morena\",\"SAT\",\"Tiburones Rojos de Veracruz\",\"TV Azteca\",\"Veracruz\"],\"articleSection\":[\"De Opini\u00f3n\"],\"inLanguage\":\"es\"},{\"@type\":\"WebPage\",\"@id\":\"https:\\\/\\\/lospoliticosveracruz.com\\\/?p=165712\",\"url\":\"https:\\\/\\\/lospoliticosveracruz.com\\\/?p=165712\",\"name\":\"FIDEL KURI Y EL ESPEJISMO DE LOS TIBURONES - Los pol\u00edticos Veracruz\",\"isPartOf\":{\"@id\":\"https:\\\/\\\/lospoliticosveracruz.com\\\/#website\"},\"primaryImageOfPage\":{\"@id\":\"https:\\\/\\\/lospoliticosveracruz.com\\\/?p=165712#primaryimage\"},\"image\":{\"@id\":\"https:\\\/\\\/lospoliticosveracruz.com\\\/?p=165712#primaryimage\"},\"thumbnailUrl\":\"https:\\\/\\\/lospoliticosveracruz.com\\\/wp-content\\\/uploads\\\/2025\\\/04\\\/Yamiri-Rodriguez-Madrid-e1768315710241.jpg\",\"datePublished\":\"2026-03-10T13:29:33+00:00\",\"dateModified\":\"2026-03-10T13:29:35+00:00\",\"breadcrumb\":{\"@id\":\"https:\\\/\\\/lospoliticosveracruz.com\\\/?p=165712#breadcrumb\"},\"inLanguage\":\"es\",\"potentialAction\":[{\"@type\":\"ReadAction\",\"target\":[\"https:\\\/\\\/lospoliticosveracruz.com\\\/?p=165712\"]}]},{\"@type\":\"ImageObject\",\"inLanguage\":\"es\",\"@id\":\"https:\\\/\\\/lospoliticosveracruz.com\\\/?p=165712#primaryimage\",\"url\":\"https:\\\/\\\/lospoliticosveracruz.com\\\/wp-content\\\/uploads\\\/2025\\\/04\\\/Yamiri-Rodriguez-Madrid-e1768315710241.jpg\",\"contentUrl\":\"https:\\\/\\\/lospoliticosveracruz.com\\\/wp-content\\\/uploads\\\/2025\\\/04\\\/Yamiri-Rodriguez-Madrid-e1768315710241.jpg\",\"width\":600,\"height\":320},{\"@type\":\"BreadcrumbList\",\"@id\":\"https:\\\/\\\/lospoliticosveracruz.com\\\/?p=165712#breadcrumb\",\"itemListElement\":[{\"@type\":\"ListItem\",\"position\":1,\"name\":\"Portada\",\"item\":\"https:\\\/\\\/lospoliticosveracruz.com\\\/\"},{\"@type\":\"ListItem\",\"position\":2,\"name\":\"FIDEL KURI Y EL ESPEJISMO DE LOS TIBURONES\"}]},{\"@type\":\"WebSite\",\"@id\":\"https:\\\/\\\/lospoliticosveracruz.com\\\/#website\",\"url\":\"https:\\\/\\\/lospoliticosveracruz.com\\\/\",\"name\":\"Los pol\u00edticos Veracruz\",\"description\":\"\",\"publisher\":{\"@id\":\"https:\\\/\\\/lospoliticosveracruz.com\\\/#organization\"},\"potentialAction\":[{\"@type\":\"SearchAction\",\"target\":{\"@type\":\"EntryPoint\",\"urlTemplate\":\"https:\\\/\\\/lospoliticosveracruz.com\\\/?s={search_term_string}\"},\"query-input\":{\"@type\":\"PropertyValueSpecification\",\"valueRequired\":true,\"valueName\":\"search_term_string\"}}],\"inLanguage\":\"es\"},{\"@type\":\"Organization\",\"@id\":\"https:\\\/\\\/lospoliticosveracruz.com\\\/#organization\",\"name\":\"Los pol\u00edticos Veracruz\",\"url\":\"https:\\\/\\\/lospoliticosveracruz.com\\\/\",\"logo\":{\"@type\":\"ImageObject\",\"inLanguage\":\"es\",\"@id\":\"https:\\\/\\\/lospoliticosveracruz.com\\\/#\\\/schema\\\/logo\\\/image\\\/\",\"url\":\"https:\\\/\\\/lospoliticosveracruz.com\\\/wp-content\\\/uploads\\\/2025\\\/12\\\/Logo-Nuevo-LOS-POLITICOS-1.jpg\",\"contentUrl\":\"https:\\\/\\\/lospoliticosveracruz.com\\\/wp-content\\\/uploads\\\/2025\\\/12\\\/Logo-Nuevo-LOS-POLITICOS-1.jpg\",\"width\":260,\"height\":70,\"caption\":\"Los pol\u00edticos Veracruz\"},\"image\":{\"@id\":\"https:\\\/\\\/lospoliticosveracruz.com\\\/#\\\/schema\\\/logo\\\/image\\\/\"},\"sameAs\":[\"https:\\\/\\\/www.facebook.com\\\/people\\\/Notimemes-de-los-Polticos\\\/61565672886568\\\/\",\"https:\\\/\\\/x.com\\\/LosPoliticosVer\"]},{\"@type\":\"Person\",\"@id\":\"https:\\\/\\\/lospoliticosveracruz.com\\\/#\\\/schema\\\/person\\\/b8702bb0e538456e6efd07080bf2a4a2\",\"name\":\"Lo viste en Los Pol\u00edticos\",\"image\":{\"@type\":\"ImageObject\",\"inLanguage\":\"es\",\"@id\":\"https:\\\/\\\/secure.gravatar.com\\\/avatar\\\/3a8de04a2656d44082be478bd6c086daa447c4651605818287b9532d3d0bd435?s=96&d=mm&r=g\",\"url\":\"https:\\\/\\\/secure.gravatar.com\\\/avatar\\\/3a8de04a2656d44082be478bd6c086daa447c4651605818287b9532d3d0bd435?s=96&d=mm&r=g\",\"contentUrl\":\"https:\\\/\\\/secure.gravatar.com\\\/avatar\\\/3a8de04a2656d44082be478bd6c086daa447c4651605818287b9532d3d0bd435?s=96&d=mm&r=g\",\"caption\":\"Lo viste en Los Pol\u00edticos\"},\"url\":\"https:\\\/\\\/lospoliticosveracruz.com\\\/?author=2\"}]}<\/script>\n<!-- \/ Yoast SEO plugin. -->","yoast_head_json":{"title":"FIDEL KURI Y EL ESPEJISMO DE LOS TIBURONES - Los pol\u00edticos Veracruz","robots":{"index":"index","follow":"follow","max-snippet":"max-snippet:-1","max-image-preview":"max-image-preview:large","max-video-preview":"max-video-preview:-1"},"canonical":"https:\/\/lospoliticosveracruz.com\/?p=165712","og_locale":"es_ES","og_type":"article","og_title":"FIDEL KURI Y EL ESPEJISMO DE LOS TIBURONES - Los pol\u00edticos Veracruz","og_description":"Yamiri Rodr\u00edguez MadridLa vuelta a Veracruz en un teclazo Fidel Kuri&nbsp;Grajales&nbsp;lleva a\u00f1os vendiendo una idea que choca de frente con&nbsp;expedientes de Hacienda y de los juzgados: la del regreso de los Tiburones Rojos.&nbsp;Una&nbsp;cosa es alimentar la nostalgia de la afici\u00f3n y otra sostener&nbsp;una mentira,&nbsp;porque lamarca aparece embargada, litigada y sujeta a procedimientos fiscales y judiciales&nbsp;que [&hellip;]","og_url":"https:\/\/lospoliticosveracruz.com\/?p=165712","og_site_name":"Los pol\u00edticos Veracruz","article_publisher":"https:\/\/www.facebook.com\/people\/Notimemes-de-los-Polticos\/61565672886568\/","article_published_time":"2026-03-10T13:29:33+00:00","article_modified_time":"2026-03-10T13:29:35+00:00","og_image":[{"width":600,"height":320,"url":"https:\/\/lospoliticosveracruz.com\/wp-content\/uploads\/2025\/04\/Yamiri-Rodriguez-Madrid-e1768315710241.jpg","type":"image\/jpeg"}],"author":"Lo viste en Los Pol\u00edticos","twitter_card":"summary_large_image","twitter_creator":"@LosPoliticosVer","twitter_site":"@LosPoliticosVer","twitter_misc":{"Escrito por":"Lo viste en Los Pol\u00edticos","Tiempo de lectura":"3 minutos"},"schema":{"@context":"https:\/\/schema.org","@graph":[{"@type":"Article","@id":"https:\/\/lospoliticosveracruz.com\/?p=165712#article","isPartOf":{"@id":"https:\/\/lospoliticosveracruz.com\/?p=165712"},"author":{"name":"Lo viste en Los Pol\u00edticos","@id":"https:\/\/lospoliticosveracruz.com\/#\/schema\/person\/b8702bb0e538456e6efd07080bf2a4a2"},"headline":"FIDEL KURI Y EL ESPEJISMO DE LOS TIBURONES","datePublished":"2026-03-10T13:29:33+00:00","dateModified":"2026-03-10T13:29:35+00:00","mainEntityOfPage":{"@id":"https:\/\/lospoliticosveracruz.com\/?p=165712"},"wordCount":634,"publisher":{"@id":"https:\/\/lospoliticosveracruz.com\/#organization"},"image":{"@id":"https:\/\/lospoliticosveracruz.com\/?p=165712#primaryimage"},"thumbnailUrl":"https:\/\/lospoliticosveracruz.com\/wp-content\/uploads\/2025\/04\/Yamiri-Rodriguez-Madrid-e1768315710241.jpg","keywords":["Fidel Kuri Grajales","Hacienda","Morena","SAT","Tiburones Rojos de Veracruz","TV Azteca","Veracruz"],"articleSection":["De Opini\u00f3n"],"inLanguage":"es"},{"@type":"WebPage","@id":"https:\/\/lospoliticosveracruz.com\/?p=165712","url":"https:\/\/lospoliticosveracruz.com\/?p=165712","name":"FIDEL KURI Y EL ESPEJISMO DE LOS TIBURONES - Los pol\u00edticos Veracruz","isPartOf":{"@id":"https:\/\/lospoliticosveracruz.com\/#website"},"primaryImageOfPage":{"@id":"https:\/\/lospoliticosveracruz.com\/?p=165712#primaryimage"},"image":{"@id":"https:\/\/lospoliticosveracruz.com\/?p=165712#primaryimage"},"thumbnailUrl":"https:\/\/lospoliticosveracruz.com\/wp-content\/uploads\/2025\/04\/Yamiri-Rodriguez-Madrid-e1768315710241.jpg","datePublished":"2026-03-10T13:29:33+00:00","dateModified":"2026-03-10T13:29:35+00:00","breadcrumb":{"@id":"https:\/\/lospoliticosveracruz.com\/?p=165712#breadcrumb"},"inLanguage":"es","potentialAction":[{"@type":"ReadAction","target":["https:\/\/lospoliticosveracruz.com\/?p=165712"]}]},{"@type":"ImageObject","inLanguage":"es","@id":"https:\/\/lospoliticosveracruz.com\/?p=165712#primaryimage","url":"https:\/\/lospoliticosveracruz.com\/wp-content\/uploads\/2025\/04\/Yamiri-Rodriguez-Madrid-e1768315710241.jpg","contentUrl":"https:\/\/lospoliticosveracruz.com\/wp-content\/uploads\/2025\/04\/Yamiri-Rodriguez-Madrid-e1768315710241.jpg","width":600,"height":320},{"@type":"BreadcrumbList","@id":"https:\/\/lospoliticosveracruz.com\/?p=165712#breadcrumb","itemListElement":[{"@type":"ListItem","position":1,"name":"Portada","item":"https:\/\/lospoliticosveracruz.com\/"},{"@type":"ListItem","position":2,"name":"FIDEL KURI Y EL ESPEJISMO DE LOS TIBURONES"}]},{"@type":"WebSite","@id":"https:\/\/lospoliticosveracruz.com\/#website","url":"https:\/\/lospoliticosveracruz.com\/","name":"Los pol\u00edticos Veracruz","description":"","publisher":{"@id":"https:\/\/lospoliticosveracruz.com\/#organization"},"potentialAction":[{"@type":"SearchAction","target":{"@type":"EntryPoint","urlTemplate":"https:\/\/lospoliticosveracruz.com\/?s={search_term_string}"},"query-input":{"@type":"PropertyValueSpecification","valueRequired":true,"valueName":"search_term_string"}}],"inLanguage":"es"},{"@type":"Organization","@id":"https:\/\/lospoliticosveracruz.com\/#organization","name":"Los pol\u00edticos Veracruz","url":"https:\/\/lospoliticosveracruz.com\/","logo":{"@type":"ImageObject","inLanguage":"es","@id":"https:\/\/lospoliticosveracruz.com\/#\/schema\/logo\/image\/","url":"https:\/\/lospoliticosveracruz.com\/wp-content\/uploads\/2025\/12\/Logo-Nuevo-LOS-POLITICOS-1.jpg","contentUrl":"https:\/\/lospoliticosveracruz.com\/wp-content\/uploads\/2025\/12\/Logo-Nuevo-LOS-POLITICOS-1.jpg","width":260,"height":70,"caption":"Los pol\u00edticos Veracruz"},"image":{"@id":"https:\/\/lospoliticosveracruz.com\/#\/schema\/logo\/image\/"},"sameAs":["https:\/\/www.facebook.com\/people\/Notimemes-de-los-Polticos\/61565672886568\/","https:\/\/x.com\/LosPoliticosVer"]},{"@type":"Person","@id":"https:\/\/lospoliticosveracruz.com\/#\/schema\/person\/b8702bb0e538456e6efd07080bf2a4a2","name":"Lo viste en Los Pol\u00edticos","image":{"@type":"ImageObject","inLanguage":"es","@id":"https:\/\/secure.gravatar.com\/avatar\/3a8de04a2656d44082be478bd6c086daa447c4651605818287b9532d3d0bd435?s=96&d=mm&r=g","url":"https:\/\/secure.gravatar.com\/avatar\/3a8de04a2656d44082be478bd6c086daa447c4651605818287b9532d3d0bd435?s=96&d=mm&r=g","contentUrl":"https:\/\/secure.gravatar.com\/avatar\/3a8de04a2656d44082be478bd6c086daa447c4651605818287b9532d3d0bd435?s=96&d=mm&r=g","caption":"Lo viste en Los Pol\u00edticos"},"url":"https:\/\/lospoliticosveracruz.com\/?author=2"}]}},"_links":{"self":[{"href":"https:\/\/lospoliticosveracruz.com\/index.php?rest_route=\/wp\/v2\/posts\/165712","targetHints":{"allow":["GET"]}}],"collection":[{"href":"https:\/\/lospoliticosveracruz.com\/index.php?rest_route=\/wp\/v2\/posts"}],"about":[{"href":"https:\/\/lospoliticosveracruz.com\/index.php?rest_route=\/wp\/v2\/types\/post"}],"author":[{"embeddable":true,"href":"https:\/\/lospoliticosveracruz.com\/index.php?rest_route=\/wp\/v2\/users\/2"}],"replies":[{"embeddable":true,"href":"https:\/\/lospoliticosveracruz.com\/index.php?rest_route=%2Fwp%2Fv2%2Fcomments&post=165712"}],"version-history":[{"count":1,"href":"https:\/\/lospoliticosveracruz.com\/index.php?rest_route=\/wp\/v2\/posts\/165712\/revisions"}],"predecessor-version":[{"id":165713,"href":"https:\/\/lospoliticosveracruz.com\/index.php?rest_route=\/wp\/v2\/posts\/165712\/revisions\/165713"}],"wp:featuredmedia":[{"embeddable":true,"href":"https:\/\/lospoliticosveracruz.com\/index.php?rest_route=\/wp\/v2\/media\/141413"}],"wp:attachment":[{"href":"https:\/\/lospoliticosveracruz.com\/index.php?rest_route=%2Fwp%2Fv2%2Fmedia&parent=165712"}],"wp:term":[{"taxonomy":"category","embeddable":true,"href":"https:\/\/lospoliticosveracruz.com\/index.php?rest_route=%2Fwp%2Fv2%2Fcategories&post=165712"},{"taxonomy":"post_tag","embeddable":true,"href":"https:\/\/lospoliticosveracruz.com\/index.php?rest_route=%2Fwp%2Fv2%2Ftags&post=165712"}],"curies":[{"name":"wp","href":"https:\/\/api.w.org\/{rel}","templated":true}]}}