{"id":165715,"date":"2026-03-10T08:36:54","date_gmt":"2026-03-10T14:36:54","guid":{"rendered":"https:\/\/lospoliticosveracruz.com\/?p=165715"},"modified":"2026-03-10T08:36:55","modified_gmt":"2026-03-10T14:36:55","slug":"le-echa-porras-a-tajin","status":"publish","type":"post","link":"https:\/\/lospoliticosveracruz.com\/?p=165715","title":{"rendered":"LE ECHA PORRAS A TAJ\u00cdN"},"content":{"rendered":"\n<p><strong>Oved Contreras<\/strong><\/p>\n\n\n\n<p><em>Secas Mecas<\/em><\/p>\n\n\n\n<p>La t\u00eda Ch\u00edo estuvo ayer con el teacher Joaqu\u00edn L\u00f3pez D\u00f3riga en Radiof\u00f3rmula, y aprovech\u00f3 para echarle porras a la Cumbre Taj\u00edn que se celebrar\u00e1 los d\u00edas 20, 21 y 22 de marzo en Papantla\u2026la mandataria calific\u00f3 este evento como el encuentro cultural de pueblos originarios m\u00e1s importante del pa\u00eds despu\u00e9s de la Guelaguetza, que se realiza en Oaxaca\u2026los totonacos ponen su m\u00fasica, su cocina, su danza\u2026ahora falta ver qui\u00e9n pone las carreteras.<\/p>\n\n\n\n<p>La t\u00eda Ch\u00edo reiter\u00f3 su compromiso de cambiar la percepci\u00f3n de Veracruz a trav\u00e9s de la promoci\u00f3n constante de sus siete regiones tur\u00edsticas y eventos culturales mensuales, e insisti\u00f3 que Veracruz est\u00e1 de moda pues segura que le cambiaron la imagen porque hubo mucho tiempo que era el esc\u00e1ndalo, hubo mucho tiempo que era hablar mal de Veracruz y que q ella le toca venir a hablar bien de Veracruz y de los veracruzanos\u2026solo que a los malandros no les interesa hablar bien del estado.<\/p>\n\n\n\n<p>Roc\u00edo Nahle refiri\u00f3 que al asumir el cargo recibi\u00f3 una deuda de 119 mil millones de pesos, la cual fue reducida en un a\u00f1o un 42 por ciento, situ\u00e1ndose actualmente en 69 mil millones, y atribuy\u00f3 este avance a una estricta disciplina financiera y al ordenamiento de la administraci\u00f3n p\u00fablica, incluyendo la implementaci\u00f3n de una n\u00f3mina \u00fanica para detectar duplicidades en los pagos estatales.<\/p>\n\n\n\n<p>La t\u00eda Ch\u00edo inform\u00f3 tambi\u00e9n que su gobierno a\u00fan no ha recibido formalmente la obra de la Arena Macuilt\u00e9petl, conocida como el \u201cNido del Halc\u00f3n\u201d, que debi\u00f3 terminarse desde el Sexenio de Cuitl\u00e1huac Garc\u00eda pero sigue inconcluso. \u201cA m\u00ed me ha tocado eso, llegar a resolver cosas; si ya estuviera todo puesto, todo listo, ser\u00eda lo m\u00e1ximo, pero no est\u00e1, tenemos que llegar a resolver lo que nos dejaron inconcluso y sin terminar\u201d, se\u00f1al\u00f3.<\/p>\n\n\n\n<p>Veracruz mantiene una deuda econ\u00f3mica importante con la Comisi\u00f3n Nacional de Cultura F\u00edsica y Deporte (Conade), heredada de administraciones anteriores, particularmente del gobierno de Javier Duarte de Ochoa, por lo cual se plante\u00f3 a la dependencia federal ofrecer instalaciones deportivas para concentraciones y eventos nacionales, que podr\u00eda convertirse en una v\u00eda para renegociar y reducir ese adeudo hist\u00f3rico.<\/p>\n\n\n\n<p>El teacher L\u00f3pez D\u00f3riga dijo que le parece incre\u00edble que pese a los malos gobiernos que le antecedieron pero en particular del saqueo de Cuitl\u00e1huac Garc\u00eda y de Javier Duarte, no se hayan acabado a Veracruz, y es incre\u00edble que despu\u00e9s de las \u00faltimas cuatro desastrosas gestiones que Veracruz siga viviendo, es un milagro de vida.<\/p>\n\n\n\n<p>TIBURONES ROJOS IMPOSIBLES\u2026<\/p>\n\n\n\n<p>En Veracruz se sigue hablando del posible regreso de los Tiburones Rojos de Veracruz, pero lo cierto es que, m\u00e1s all\u00e1 de discursos y promesas, la realidad legal y financiera pinta muy distinta y con un escenario de regreso imposible.&nbsp;<\/p>\n\n\n\n<p>Mientras Fidel Kuri Grajales insiste en pleitos medi\u00e1ticos contra la Federaci\u00f3n Mexicana de Futbol, en los archivos emitidos por Hacienda aparece un problema de embargos, mucho m\u00e1s serio que cualquier discusi\u00f3n deportiva, tal como ha sido publicado en esta semana.<\/p>\n\n\n\n<p>Hay muchos inventos y mentiras pues resulta el SAT embarg\u00f3 a los Tiburones Rojos, por lo que la marca, el nombre y los colores del equipo no est\u00e1 libre para volver a las canchas. Al contrario, se encuentra embargada por adeudos millonarios, principalmente con el Servicio de Administraci\u00f3n Tributaria, que reclama m\u00e1s de 150 millones de pesos.&nbsp;<\/p>\n\n\n\n<p>A eso se suma otro embargo por m\u00e1s de 200 millones con TV Azteca. As\u00ed que, m\u00e1s all\u00e1 de discursos optimistas, textos period\u00edsticos &nbsp;o versiones que circulan en redes sociales, la realidad es que mientras esas deudas no se liquiden, la marca Tiburones Rojos simplemente no puede utilizarse para ning\u00fan proyecto de futbol profesional. No es un asunto de voluntad deportiva ni de decisiones de la federaci\u00f3n: es un problema jur\u00eddico y financiero que pesa, y mucho.<\/p>\n\n\n\n<p>Por eso en los corrillos del futbol nacional cada vez se escucha con m\u00e1s fuerza que el verdadero obst\u00e1culo no est\u00e1 en la cancha, ni en los escritorios de la federaci\u00f3n, sino en los adeudos acumulados durante la p\u00e9sima gesti\u00f3n de Fidel Kuri Grajales y esos n\u00fameros, a diferencia de los discursos, s\u00ed est\u00e1n registrados en expedientes oficiales.<\/p>\n\n\n\n<p>As\u00ed que, mientras se siga hablando de \u201csupuestos regresos\u201d, la pregunta sigue siendo la misma: \u00bfqui\u00e9n pagar\u00e1 las deudas? porque hasta que eso ocurra, el regreso de los Tiburones Rojos se mantiene, simple y llanamente: IMPOSIBLE.<\/p>\n\n\n\n<p>LA CLOACA EN SANTIAGO\u2026Lo que parec\u00eda un simple cambio de administraci\u00f3n se est\u00e1 convirtiendo en un esc\u00e1ndalo financiero de gran tama\u00f1o. El alcalde de Santiago Tuxtla, No\u00e9 Dom\u00ednguez Cadena encendi\u00f3 las alarmas al revelar que su gobierno detect\u00f3 un presunto da\u00f1o patrimonial que podr\u00eda superar los 133 millones de pesos heredado por la administraci\u00f3n encabezada por la maestra Brianda Kristel Hern\u00e1ndez Topete.<\/p>\n\n\n\n<p>Las cifras surgen de una auditor\u00eda realizada por el nuevo gobierno municipal, en la que se encontraron graves inconsistencias en al menos 64 obras ejecutadas entre 2024 y 2025, muchas de ellas presuntamente fuera de los lineamientos del Fondo de Aportaciones para la Infraestructura Social Municipal (FAISMUN) solo en el rubro de obra p\u00fablica, las observaciones rebasan los 80 millones de pesos.<\/p>\n\n\n\n<p>Pero el golpe m\u00e1s fuerte no est\u00e1 solo en las obras, No\u00e9 Cadena revel\u00f3 que la administraci\u00f3n anterior dej\u00f3 adeudos fiscales por alrededor de 53.7 millones de pesos, dinero que seg\u00fan afirm\u00f3 s\u00ed estaba presupuestado, pero nunca se pag\u00f3. Entre los pendientes detectados se encuentran, Retenciones de ISR no enteradas a la federaci\u00f3n, falta de pago del 3% sobre la n\u00f3mina, derechos y obligaciones incumplidas con Hacienda estatal y federal, entre otros pendientes de pago que dejo la anterior administraci\u00f3n.&nbsp;<\/p>\n\n\n\n<p>\u201cEse dinero lo ten\u00edan, lo presupuestaron, pero simplemente no lo pagaron\u201d, se\u00f1al\u00f3 el alcalde, quien advirti\u00f3 que estas omisiones hoy tienen consecuencias directas para el municipio, ya que las participaciones federales llegan con descuentos por multas, recargos y cr\u00e9ditos fiscales generados por esos incumplimientos. As\u00ed que anunci\u00f3 que presentar\u00e1 m\u00e1s de siete denuncias formales contra exfuncionarios de la administraci\u00f3n pasada, las acusaciones incluir\u00e1n presuntos delitos como peculado, desv\u00edo de recursos, incumplimiento de un deber legal, omisi\u00f3n y corrupci\u00f3n.<\/p>\n","protected":false},"excerpt":{"rendered":"<p>Oved Contreras Secas Mecas La t\u00eda Ch\u00edo estuvo ayer con el teacher Joaqu\u00edn L\u00f3pez D\u00f3riga en Radiof\u00f3rmula, y aprovech\u00f3 para echarle porras a la Cumbre Taj\u00edn que se celebrar\u00e1 los d\u00edas 20, 21 y 22 de marzo en Papantla\u2026la mandataria calific\u00f3 este evento como el encuentro cultural de pueblos originarios m\u00e1s importante del pa\u00eds despu\u00e9s [&hellip;]<\/p>\n","protected":false},"author":2,"featured_media":141426,"comment_status":"closed","ping_status":"closed","sticky":false,"template":"","format":"standard","meta":{"tdm_status":"","tdm_grid_status":"","footnotes":""},"categories":[70],"tags":[56925,56923,56926,56924,56922],"class_list":{"0":"post-165715","1":"post","2":"type-post","3":"status-publish","4":"format-standard","5":"has-post-thumbnail","7":"category-de-opinion","8":"tag-adeudos-sat-tiburones-rojos","9":"tag-arena-macuiltepetl-nido-del-halcon","10":"tag-cumbre-tajin-2026-fechas","11":"tag-deuda-publica-veracruz-2026","12":"tag-rocio-nahle-radio-formula"},"yoast_head":"<!-- This site is optimized with the Yoast SEO plugin v27.4 - https:\/\/yoast.com\/product\/yoast-seo-wordpress\/ -->\n<title>LE ECHA PORRAS A TAJ\u00cdN - Los pol\u00edticos Veracruz<\/title>\n<meta name=\"robots\" content=\"index, follow, max-snippet:-1, max-image-preview:large, max-video-preview:-1\" \/>\n<link rel=\"canonical\" href=\"https:\/\/lospoliticosveracruz.com\/?p=165715\" \/>\n<meta property=\"og:locale\" content=\"es_ES\" \/>\n<meta property=\"og:type\" content=\"article\" \/>\n<meta property=\"og:title\" content=\"LE ECHA PORRAS A TAJ\u00cdN - Los pol\u00edticos Veracruz\" \/>\n<meta property=\"og:description\" content=\"Oved Contreras Secas Mecas La t\u00eda Ch\u00edo estuvo ayer con el teacher Joaqu\u00edn L\u00f3pez D\u00f3riga en Radiof\u00f3rmula, y aprovech\u00f3 para echarle porras a la Cumbre Taj\u00edn que se celebrar\u00e1 los d\u00edas 20, 21 y 22 de marzo en Papantla\u2026la mandataria calific\u00f3 este evento como el encuentro cultural de pueblos originarios m\u00e1s importante del pa\u00eds despu\u00e9s [&hellip;]\" \/>\n<meta property=\"og:url\" content=\"https:\/\/lospoliticosveracruz.com\/?p=165715\" \/>\n<meta property=\"og:site_name\" content=\"Los pol\u00edticos Veracruz\" \/>\n<meta property=\"article:publisher\" content=\"https:\/\/www.facebook.com\/people\/Notimemes-de-los-Polticos\/61565672886568\/\" \/>\n<meta property=\"article:published_time\" content=\"2026-03-10T14:36:54+00:00\" \/>\n<meta property=\"article:modified_time\" content=\"2026-03-10T14:36:55+00:00\" \/>\n<meta property=\"og:image\" content=\"https:\/\/lospoliticosveracruz.com\/wp-content\/uploads\/2025\/04\/Oved-Contreras-e1768066319253.jpg\" \/>\n\t<meta property=\"og:image:width\" content=\"600\" \/>\n\t<meta property=\"og:image:height\" content=\"320\" \/>\n\t<meta property=\"og:image:type\" content=\"image\/jpeg\" \/>\n<meta name=\"author\" content=\"Lo viste en Los Pol\u00edticos\" \/>\n<meta name=\"twitter:card\" content=\"summary_large_image\" \/>\n<meta name=\"twitter:creator\" content=\"@LosPoliticosVer\" \/>\n<meta name=\"twitter:site\" content=\"@LosPoliticosVer\" \/>\n<meta name=\"twitter:label1\" content=\"Escrito por\" \/>\n\t<meta name=\"twitter:data1\" content=\"Lo viste en Los Pol\u00edticos\" \/>\n\t<meta name=\"twitter:label2\" content=\"Tiempo de lectura\" \/>\n\t<meta name=\"twitter:data2\" content=\"5 minutos\" \/>\n<script type=\"application\/ld+json\" class=\"yoast-schema-graph\">{\"@context\":\"https:\\\/\\\/schema.org\",\"@graph\":[{\"@type\":\"Article\",\"@id\":\"https:\\\/\\\/lospoliticosveracruz.com\\\/?p=165715#article\",\"isPartOf\":{\"@id\":\"https:\\\/\\\/lospoliticosveracruz.com\\\/?p=165715\"},\"author\":{\"name\":\"Lo viste en Los Pol\u00edticos\",\"@id\":\"https:\\\/\\\/lospoliticosveracruz.com\\\/#\\\/schema\\\/person\\\/b8702bb0e538456e6efd07080bf2a4a2\"},\"headline\":\"LE ECHA PORRAS A TAJ\u00cdN\",\"datePublished\":\"2026-03-10T14:36:54+00:00\",\"dateModified\":\"2026-03-10T14:36:55+00:00\",\"mainEntityOfPage\":{\"@id\":\"https:\\\/\\\/lospoliticosveracruz.com\\\/?p=165715\"},\"wordCount\":1105,\"publisher\":{\"@id\":\"https:\\\/\\\/lospoliticosveracruz.com\\\/#organization\"},\"image\":{\"@id\":\"https:\\\/\\\/lospoliticosveracruz.com\\\/?p=165715#primaryimage\"},\"thumbnailUrl\":\"https:\\\/\\\/lospoliticosveracruz.com\\\/wp-content\\\/uploads\\\/2025\\\/04\\\/Oved-Contreras-e1768066319253.jpg\",\"keywords\":[\"adeudos SAT Tiburones Rojos\",\"Arena Macuilt\u00e9petl Nido del Halc\u00f3n\",\"Cumbre Taj\u00edn 2026 fechas\",\"deuda p\u00fablica Veracruz 2026\",\"Roc\u00edo Nahle Radio F\u00f3rmula\"],\"articleSection\":[\"De Opini\u00f3n\"],\"inLanguage\":\"es\"},{\"@type\":\"WebPage\",\"@id\":\"https:\\\/\\\/lospoliticosveracruz.com\\\/?p=165715\",\"url\":\"https:\\\/\\\/lospoliticosveracruz.com\\\/?p=165715\",\"name\":\"LE ECHA PORRAS A TAJ\u00cdN - Los pol\u00edticos Veracruz\",\"isPartOf\":{\"@id\":\"https:\\\/\\\/lospoliticosveracruz.com\\\/#website\"},\"primaryImageOfPage\":{\"@id\":\"https:\\\/\\\/lospoliticosveracruz.com\\\/?p=165715#primaryimage\"},\"image\":{\"@id\":\"https:\\\/\\\/lospoliticosveracruz.com\\\/?p=165715#primaryimage\"},\"thumbnailUrl\":\"https:\\\/\\\/lospoliticosveracruz.com\\\/wp-content\\\/uploads\\\/2025\\\/04\\\/Oved-Contreras-e1768066319253.jpg\",\"datePublished\":\"2026-03-10T14:36:54+00:00\",\"dateModified\":\"2026-03-10T14:36:55+00:00\",\"breadcrumb\":{\"@id\":\"https:\\\/\\\/lospoliticosveracruz.com\\\/?p=165715#breadcrumb\"},\"inLanguage\":\"es\",\"potentialAction\":[{\"@type\":\"ReadAction\",\"target\":[\"https:\\\/\\\/lospoliticosveracruz.com\\\/?p=165715\"]}]},{\"@type\":\"ImageObject\",\"inLanguage\":\"es\",\"@id\":\"https:\\\/\\\/lospoliticosveracruz.com\\\/?p=165715#primaryimage\",\"url\":\"https:\\\/\\\/lospoliticosveracruz.com\\\/wp-content\\\/uploads\\\/2025\\\/04\\\/Oved-Contreras-e1768066319253.jpg\",\"contentUrl\":\"https:\\\/\\\/lospoliticosveracruz.com\\\/wp-content\\\/uploads\\\/2025\\\/04\\\/Oved-Contreras-e1768066319253.jpg\",\"width\":600,\"height\":320},{\"@type\":\"BreadcrumbList\",\"@id\":\"https:\\\/\\\/lospoliticosveracruz.com\\\/?p=165715#breadcrumb\",\"itemListElement\":[{\"@type\":\"ListItem\",\"position\":1,\"name\":\"Portada\",\"item\":\"https:\\\/\\\/lospoliticosveracruz.com\\\/\"},{\"@type\":\"ListItem\",\"position\":2,\"name\":\"LE ECHA PORRAS A TAJ\u00cdN\"}]},{\"@type\":\"WebSite\",\"@id\":\"https:\\\/\\\/lospoliticosveracruz.com\\\/#website\",\"url\":\"https:\\\/\\\/lospoliticosveracruz.com\\\/\",\"name\":\"Los pol\u00edticos Veracruz\",\"description\":\"\",\"publisher\":{\"@id\":\"https:\\\/\\\/lospoliticosveracruz.com\\\/#organization\"},\"potentialAction\":[{\"@type\":\"SearchAction\",\"target\":{\"@type\":\"EntryPoint\",\"urlTemplate\":\"https:\\\/\\\/lospoliticosveracruz.com\\\/?s={search_term_string}\"},\"query-input\":{\"@type\":\"PropertyValueSpecification\",\"valueRequired\":true,\"valueName\":\"search_term_string\"}}],\"inLanguage\":\"es\"},{\"@type\":\"Organization\",\"@id\":\"https:\\\/\\\/lospoliticosveracruz.com\\\/#organization\",\"name\":\"Los pol\u00edticos Veracruz\",\"url\":\"https:\\\/\\\/lospoliticosveracruz.com\\\/\",\"logo\":{\"@type\":\"ImageObject\",\"inLanguage\":\"es\",\"@id\":\"https:\\\/\\\/lospoliticosveracruz.com\\\/#\\\/schema\\\/logo\\\/image\\\/\",\"url\":\"https:\\\/\\\/lospoliticosveracruz.com\\\/wp-content\\\/uploads\\\/2025\\\/12\\\/Logo-Nuevo-LOS-POLITICOS-1.jpg\",\"contentUrl\":\"https:\\\/\\\/lospoliticosveracruz.com\\\/wp-content\\\/uploads\\\/2025\\\/12\\\/Logo-Nuevo-LOS-POLITICOS-1.jpg\",\"width\":260,\"height\":70,\"caption\":\"Los pol\u00edticos Veracruz\"},\"image\":{\"@id\":\"https:\\\/\\\/lospoliticosveracruz.com\\\/#\\\/schema\\\/logo\\\/image\\\/\"},\"sameAs\":[\"https:\\\/\\\/www.facebook.com\\\/people\\\/Notimemes-de-los-Polticos\\\/61565672886568\\\/\",\"https:\\\/\\\/x.com\\\/LosPoliticosVer\"]},{\"@type\":\"Person\",\"@id\":\"https:\\\/\\\/lospoliticosveracruz.com\\\/#\\\/schema\\\/person\\\/b8702bb0e538456e6efd07080bf2a4a2\",\"name\":\"Lo viste en Los Pol\u00edticos\",\"image\":{\"@type\":\"ImageObject\",\"inLanguage\":\"es\",\"@id\":\"https:\\\/\\\/secure.gravatar.com\\\/avatar\\\/3a8de04a2656d44082be478bd6c086daa447c4651605818287b9532d3d0bd435?s=96&d=mm&r=g\",\"url\":\"https:\\\/\\\/secure.gravatar.com\\\/avatar\\\/3a8de04a2656d44082be478bd6c086daa447c4651605818287b9532d3d0bd435?s=96&d=mm&r=g\",\"contentUrl\":\"https:\\\/\\\/secure.gravatar.com\\\/avatar\\\/3a8de04a2656d44082be478bd6c086daa447c4651605818287b9532d3d0bd435?s=96&d=mm&r=g\",\"caption\":\"Lo viste en Los Pol\u00edticos\"},\"url\":\"https:\\\/\\\/lospoliticosveracruz.com\\\/?author=2\"}]}<\/script>\n<!-- \/ Yoast SEO plugin. -->","yoast_head_json":{"title":"LE ECHA PORRAS A TAJ\u00cdN - Los pol\u00edticos Veracruz","robots":{"index":"index","follow":"follow","max-snippet":"max-snippet:-1","max-image-preview":"max-image-preview:large","max-video-preview":"max-video-preview:-1"},"canonical":"https:\/\/lospoliticosveracruz.com\/?p=165715","og_locale":"es_ES","og_type":"article","og_title":"LE ECHA PORRAS A TAJ\u00cdN - Los pol\u00edticos Veracruz","og_description":"Oved Contreras Secas Mecas La t\u00eda Ch\u00edo estuvo ayer con el teacher Joaqu\u00edn L\u00f3pez D\u00f3riga en Radiof\u00f3rmula, y aprovech\u00f3 para echarle porras a la Cumbre Taj\u00edn que se celebrar\u00e1 los d\u00edas 20, 21 y 22 de marzo en Papantla\u2026la mandataria calific\u00f3 este evento como el encuentro cultural de pueblos originarios m\u00e1s importante del pa\u00eds despu\u00e9s [&hellip;]","og_url":"https:\/\/lospoliticosveracruz.com\/?p=165715","og_site_name":"Los pol\u00edticos Veracruz","article_publisher":"https:\/\/www.facebook.com\/people\/Notimemes-de-los-Polticos\/61565672886568\/","article_published_time":"2026-03-10T14:36:54+00:00","article_modified_time":"2026-03-10T14:36:55+00:00","og_image":[{"width":600,"height":320,"url":"https:\/\/lospoliticosveracruz.com\/wp-content\/uploads\/2025\/04\/Oved-Contreras-e1768066319253.jpg","type":"image\/jpeg"}],"author":"Lo viste en Los Pol\u00edticos","twitter_card":"summary_large_image","twitter_creator":"@LosPoliticosVer","twitter_site":"@LosPoliticosVer","twitter_misc":{"Escrito por":"Lo viste en Los Pol\u00edticos","Tiempo de lectura":"5 minutos"},"schema":{"@context":"https:\/\/schema.org","@graph":[{"@type":"Article","@id":"https:\/\/lospoliticosveracruz.com\/?p=165715#article","isPartOf":{"@id":"https:\/\/lospoliticosveracruz.com\/?p=165715"},"author":{"name":"Lo viste en Los Pol\u00edticos","@id":"https:\/\/lospoliticosveracruz.com\/#\/schema\/person\/b8702bb0e538456e6efd07080bf2a4a2"},"headline":"LE ECHA PORRAS A TAJ\u00cdN","datePublished":"2026-03-10T14:36:54+00:00","dateModified":"2026-03-10T14:36:55+00:00","mainEntityOfPage":{"@id":"https:\/\/lospoliticosveracruz.com\/?p=165715"},"wordCount":1105,"publisher":{"@id":"https:\/\/lospoliticosveracruz.com\/#organization"},"image":{"@id":"https:\/\/lospoliticosveracruz.com\/?p=165715#primaryimage"},"thumbnailUrl":"https:\/\/lospoliticosveracruz.com\/wp-content\/uploads\/2025\/04\/Oved-Contreras-e1768066319253.jpg","keywords":["adeudos SAT Tiburones Rojos","Arena Macuilt\u00e9petl Nido del Halc\u00f3n","Cumbre Taj\u00edn 2026 fechas","deuda p\u00fablica Veracruz 2026","Roc\u00edo Nahle Radio F\u00f3rmula"],"articleSection":["De Opini\u00f3n"],"inLanguage":"es"},{"@type":"WebPage","@id":"https:\/\/lospoliticosveracruz.com\/?p=165715","url":"https:\/\/lospoliticosveracruz.com\/?p=165715","name":"LE ECHA PORRAS A TAJ\u00cdN - Los pol\u00edticos Veracruz","isPartOf":{"@id":"https:\/\/lospoliticosveracruz.com\/#website"},"primaryImageOfPage":{"@id":"https:\/\/lospoliticosveracruz.com\/?p=165715#primaryimage"},"image":{"@id":"https:\/\/lospoliticosveracruz.com\/?p=165715#primaryimage"},"thumbnailUrl":"https:\/\/lospoliticosveracruz.com\/wp-content\/uploads\/2025\/04\/Oved-Contreras-e1768066319253.jpg","datePublished":"2026-03-10T14:36:54+00:00","dateModified":"2026-03-10T14:36:55+00:00","breadcrumb":{"@id":"https:\/\/lospoliticosveracruz.com\/?p=165715#breadcrumb"},"inLanguage":"es","potentialAction":[{"@type":"ReadAction","target":["https:\/\/lospoliticosveracruz.com\/?p=165715"]}]},{"@type":"ImageObject","inLanguage":"es","@id":"https:\/\/lospoliticosveracruz.com\/?p=165715#primaryimage","url":"https:\/\/lospoliticosveracruz.com\/wp-content\/uploads\/2025\/04\/Oved-Contreras-e1768066319253.jpg","contentUrl":"https:\/\/lospoliticosveracruz.com\/wp-content\/uploads\/2025\/04\/Oved-Contreras-e1768066319253.jpg","width":600,"height":320},{"@type":"BreadcrumbList","@id":"https:\/\/lospoliticosveracruz.com\/?p=165715#breadcrumb","itemListElement":[{"@type":"ListItem","position":1,"name":"Portada","item":"https:\/\/lospoliticosveracruz.com\/"},{"@type":"ListItem","position":2,"name":"LE ECHA PORRAS A TAJ\u00cdN"}]},{"@type":"WebSite","@id":"https:\/\/lospoliticosveracruz.com\/#website","url":"https:\/\/lospoliticosveracruz.com\/","name":"Los pol\u00edticos Veracruz","description":"","publisher":{"@id":"https:\/\/lospoliticosveracruz.com\/#organization"},"potentialAction":[{"@type":"SearchAction","target":{"@type":"EntryPoint","urlTemplate":"https:\/\/lospoliticosveracruz.com\/?s={search_term_string}"},"query-input":{"@type":"PropertyValueSpecification","valueRequired":true,"valueName":"search_term_string"}}],"inLanguage":"es"},{"@type":"Organization","@id":"https:\/\/lospoliticosveracruz.com\/#organization","name":"Los pol\u00edticos Veracruz","url":"https:\/\/lospoliticosveracruz.com\/","logo":{"@type":"ImageObject","inLanguage":"es","@id":"https:\/\/lospoliticosveracruz.com\/#\/schema\/logo\/image\/","url":"https:\/\/lospoliticosveracruz.com\/wp-content\/uploads\/2025\/12\/Logo-Nuevo-LOS-POLITICOS-1.jpg","contentUrl":"https:\/\/lospoliticosveracruz.com\/wp-content\/uploads\/2025\/12\/Logo-Nuevo-LOS-POLITICOS-1.jpg","width":260,"height":70,"caption":"Los pol\u00edticos Veracruz"},"image":{"@id":"https:\/\/lospoliticosveracruz.com\/#\/schema\/logo\/image\/"},"sameAs":["https:\/\/www.facebook.com\/people\/Notimemes-de-los-Polticos\/61565672886568\/","https:\/\/x.com\/LosPoliticosVer"]},{"@type":"Person","@id":"https:\/\/lospoliticosveracruz.com\/#\/schema\/person\/b8702bb0e538456e6efd07080bf2a4a2","name":"Lo viste en Los Pol\u00edticos","image":{"@type":"ImageObject","inLanguage":"es","@id":"https:\/\/secure.gravatar.com\/avatar\/3a8de04a2656d44082be478bd6c086daa447c4651605818287b9532d3d0bd435?s=96&d=mm&r=g","url":"https:\/\/secure.gravatar.com\/avatar\/3a8de04a2656d44082be478bd6c086daa447c4651605818287b9532d3d0bd435?s=96&d=mm&r=g","contentUrl":"https:\/\/secure.gravatar.com\/avatar\/3a8de04a2656d44082be478bd6c086daa447c4651605818287b9532d3d0bd435?s=96&d=mm&r=g","caption":"Lo viste en Los Pol\u00edticos"},"url":"https:\/\/lospoliticosveracruz.com\/?author=2"}]}},"_links":{"self":[{"href":"https:\/\/lospoliticosveracruz.com\/index.php?rest_route=\/wp\/v2\/posts\/165715","targetHints":{"allow":["GET"]}}],"collection":[{"href":"https:\/\/lospoliticosveracruz.com\/index.php?rest_route=\/wp\/v2\/posts"}],"about":[{"href":"https:\/\/lospoliticosveracruz.com\/index.php?rest_route=\/wp\/v2\/types\/post"}],"author":[{"embeddable":true,"href":"https:\/\/lospoliticosveracruz.com\/index.php?rest_route=\/wp\/v2\/users\/2"}],"replies":[{"embeddable":true,"href":"https:\/\/lospoliticosveracruz.com\/index.php?rest_route=%2Fwp%2Fv2%2Fcomments&post=165715"}],"version-history":[{"count":1,"href":"https:\/\/lospoliticosveracruz.com\/index.php?rest_route=\/wp\/v2\/posts\/165715\/revisions"}],"predecessor-version":[{"id":165716,"href":"https:\/\/lospoliticosveracruz.com\/index.php?rest_route=\/wp\/v2\/posts\/165715\/revisions\/165716"}],"wp:featuredmedia":[{"embeddable":true,"href":"https:\/\/lospoliticosveracruz.com\/index.php?rest_route=\/wp\/v2\/media\/141426"}],"wp:attachment":[{"href":"https:\/\/lospoliticosveracruz.com\/index.php?rest_route=%2Fwp%2Fv2%2Fmedia&parent=165715"}],"wp:term":[{"taxonomy":"category","embeddable":true,"href":"https:\/\/lospoliticosveracruz.com\/index.php?rest_route=%2Fwp%2Fv2%2Fcategories&post=165715"},{"taxonomy":"post_tag","embeddable":true,"href":"https:\/\/lospoliticosveracruz.com\/index.php?rest_route=%2Fwp%2Fv2%2Ftags&post=165715"}],"curies":[{"name":"wp","href":"https:\/\/api.w.org\/{rel}","templated":true}]}}