{"id":165722,"date":"2026-03-10T10:33:41","date_gmt":"2026-03-10T16:33:41","guid":{"rendered":"https:\/\/lospoliticosveracruz.com\/?p=165722"},"modified":"2026-03-10T10:33:42","modified_gmt":"2026-03-10T16:33:42","slug":"el-pex-la-paridad-de-genero-tev","status":"publish","type":"post","link":"https:\/\/lospoliticosveracruz.com\/?p=165722","title":{"rendered":"EL PEX, LA PARIDAD DE G\u00c9NERO!: TEV"},"content":{"rendered":"\n<p>S\u00edguenos ahora tambi\u00e9n en WhatsApp.\u00a0\u00a1<a href=\"https:\/\/whatsapp.com\/channel\/0029Va8zRWlEKyZIP3Z1dF0e\"><strong>Da clic aqu\u00ed<\/strong><\/a><strong>!<\/strong><\/p>\n\n\n\n<p><strong>Karla M\u00e9ndez<br><\/strong>El Tribunal Electoral de Veracruz (TEV) se prepara para un incremento significativo en el n\u00famero de medios de impugnaci\u00f3n relacionados con la renovaci\u00f3n de las m\u00e1s de 5 mil agencias y subagencias municipales en el estado, as\u00ed lo inform\u00f3 el magistrado presidente Gilberto Constituyente Salazar.<\/p>\n\n\n\n<p>Aunque actualmente el mayor n\u00famero impugnaciones est\u00e1 sobre las convocatorias de elecci\u00f3n en municipios como Altotonga, Ayahualulco y Yecuatla, el Presidente del Tribunal Electoral de Veracruz (TEV) advierte que el verdadero reto jur\u00eddico vendr\u00e1 con la aplicaci\u00f3n del principio de paridad de g\u00e9nero.<\/p>\n\n\n\n<p>De acuerdo con el presidente GilbertoConstituyente, uno de los puntos de mayor fricci\u00f3n se localiza en los municipios que se rigen por usos y costumbres, particularmente en las zonas de la Sierra de Zongolica, el norte y algunos puntos del sur de la entidad.<\/p>\n\n\n\n<p>\u00abDonde va a venir m\u00e1s carga en medios de impugnaci\u00f3n es por la aplicaci\u00f3n del principio de paridad de g\u00e9nero\u2026 es donde se est\u00e1 presentando m\u00e1s resistencia para aplicar este principio.\u00bb<\/p>\n\n\n\n<p>A diferencia de procesos anteriores, este a\u00f1o se prev\u00e9 recibir mayor n\u00famero de impugnaciones debido a que en este proceso se debe garantizar la participaci\u00f3n equitativa de las mujeres en los cargos de representaci\u00f3n local.<\/p>\n\n\n\n<p>Actualmente, el TEV revisa quejas centradas en dos ejes principales respecto a las convocatorias emitidas por los ayuntamientos: los que no incluyeron a ciertas agencias o subagencias en sus convocatorias oficiales y la presunta eliminaci\u00f3n de la categor\u00eda de agencia o subagencia en algunas localidades, lo que afecta su autonom\u00eda y representaci\u00f3n.<\/p>\n\n\n\n<p>Ante la duda sobre si el Tribunal lograr\u00e1 resolver todas las quejas antes del 1 de mayo (fecha marcada por la Ley Org\u00e1nica para la toma de protesta), el funcionario aclar\u00f3 que no existe un riesgo de \u00abirreparabilidad\u00bb.<\/p>\n\n\n\n<p>A diferencia de las elecciones de diputados o alcaldes, donde las fechas de inicio de funciones son constitucionales e inamovibles, en el caso de las autoridades de agencias y subagencias municipales, el Tribunal tiene la facultad de ordenar elecciones incluso despu\u00e9s del 1 de mayo si el proceso previo fue invalidado.<\/p>\n\n\n\n<p>El Tribunal record\u00f3 que el actual periodo de quejas por las convocatorias es apenas el inicio de una cadena impugnativa que consta de tres momentos cr\u00edticos: Impugnaci\u00f3n de las convocatorias (proceso actual), quejas contra el registro de candidaturas y recursos contra los resultados finales de la elecci\u00f3n.<\/p>\n\n\n\n<p>Con un universo de m\u00e1s de 5 mil cargos en juego, el \u00f3rgano electoral se declar\u00f3 listo para trabajar \u00abhoras extra\u00bb con el fin de dar certeza jur\u00eddica a la ciudadan\u00eda veracruzana y garantizar elecciones seguras y legales.<\/p>\n","protected":false},"excerpt":{"rendered":"<p>Karla M\u00e9ndezEl Tribunal Electoral de Veracruz (TEV) se prepara para un incremento significativo en el n\u00famero de medios de impugnaci\u00f3n relacionados con la renovaci\u00f3n de las m\u00e1s de 5 mil agencias y subagencias municipales en el estado, as\u00ed lo inform\u00f3 el magistrado presidente Gilberto Constituyente Salazar. Aunque actualmente el mayor n\u00famero impugnaciones est\u00e1 sobre las [&hellip;]<\/p>\n","protected":false},"author":2,"featured_media":163695,"comment_status":"closed","ping_status":"closed","sticky":false,"template":"","format":"standard","meta":{"tdm_status":"","tdm_grid_status":"","footnotes":""},"categories":[6446],"tags":[56941,56937,56940,56942,56938,56939],"class_list":{"0":"post-165722","1":"post","2":"type-post","3":"status-publish","4":"format-standard","5":"has-post-thumbnail","7":"category-la-nota","8":"tag-elecciones-agencias-y-subagencias-2026","9":"tag-gilberto-constituyente-salazar-tev","10":"tag-paridad-de-genero-agencias-municipales-veracruz","11":"tag-renovacion-de-autoridades-locales-2026","12":"tag-tribunal-electoral-de-veracruz-impugnaciones","13":"tag-usos-y-costumbres-paridad-veracruz"},"yoast_head":"<!-- This site is optimized with the Yoast SEO plugin v27.4 - https:\/\/yoast.com\/product\/yoast-seo-wordpress\/ -->\n<title>EL PEX, LA PARIDAD DE G\u00c9NERO!: TEV - Los pol\u00edticos Veracruz<\/title>\n<meta name=\"robots\" content=\"index, follow, max-snippet:-1, max-image-preview:large, max-video-preview:-1\" \/>\n<link rel=\"canonical\" href=\"https:\/\/lospoliticosveracruz.com\/?p=165722\" \/>\n<meta property=\"og:locale\" content=\"es_ES\" \/>\n<meta property=\"og:type\" content=\"article\" \/>\n<meta property=\"og:title\" content=\"EL PEX, LA PARIDAD DE G\u00c9NERO!: TEV - Los pol\u00edticos Veracruz\" \/>\n<meta property=\"og:description\" content=\"Karla M\u00e9ndezEl Tribunal Electoral de Veracruz (TEV) se prepara para un incremento significativo en el n\u00famero de medios de impugnaci\u00f3n relacionados con la renovaci\u00f3n de las m\u00e1s de 5 mil agencias y subagencias municipales en el estado, as\u00ed lo inform\u00f3 el magistrado presidente Gilberto Constituyente Salazar. Aunque actualmente el mayor n\u00famero impugnaciones est\u00e1 sobre las [&hellip;]\" \/>\n<meta property=\"og:url\" content=\"https:\/\/lospoliticosveracruz.com\/?p=165722\" \/>\n<meta property=\"og:site_name\" content=\"Los pol\u00edticos Veracruz\" \/>\n<meta property=\"article:publisher\" content=\"https:\/\/www.facebook.com\/people\/Notimemes-de-los-Polticos\/61565672886568\/\" \/>\n<meta property=\"article:published_time\" content=\"2026-03-10T16:33:41+00:00\" \/>\n<meta property=\"article:modified_time\" content=\"2026-03-10T16:33:42+00:00\" \/>\n<meta property=\"og:image\" content=\"https:\/\/lospoliticosveracruz.com\/wp-content\/uploads\/2026\/02\/Tribunal-Electoral-de-Veracruz-TEV.jpg\" \/>\n\t<meta property=\"og:image:width\" content=\"600\" \/>\n\t<meta property=\"og:image:height\" content=\"320\" \/>\n\t<meta property=\"og:image:type\" content=\"image\/jpeg\" \/>\n<meta name=\"author\" content=\"Lo viste en Los Pol\u00edticos\" \/>\n<meta name=\"twitter:card\" content=\"summary_large_image\" \/>\n<meta name=\"twitter:creator\" content=\"@LosPoliticosVer\" \/>\n<meta name=\"twitter:site\" content=\"@LosPoliticosVer\" \/>\n<meta name=\"twitter:label1\" content=\"Escrito por\" \/>\n\t<meta name=\"twitter:data1\" content=\"Lo viste en Los Pol\u00edticos\" \/>\n\t<meta name=\"twitter:label2\" content=\"Tiempo de lectura\" \/>\n\t<meta name=\"twitter:data2\" content=\"3 minutos\" \/>\n<script type=\"application\/ld+json\" class=\"yoast-schema-graph\">{\"@context\":\"https:\\\/\\\/schema.org\",\"@graph\":[{\"@type\":\"Article\",\"@id\":\"https:\\\/\\\/lospoliticosveracruz.com\\\/?p=165722#article\",\"isPartOf\":{\"@id\":\"https:\\\/\\\/lospoliticosveracruz.com\\\/?p=165722\"},\"author\":{\"name\":\"Lo viste en Los Pol\u00edticos\",\"@id\":\"https:\\\/\\\/lospoliticosveracruz.com\\\/#\\\/schema\\\/person\\\/b8702bb0e538456e6efd07080bf2a4a2\"},\"headline\":\"EL PEX, LA PARIDAD DE G\u00c9NERO!: TEV\",\"datePublished\":\"2026-03-10T16:33:41+00:00\",\"dateModified\":\"2026-03-10T16:33:42+00:00\",\"mainEntityOfPage\":{\"@id\":\"https:\\\/\\\/lospoliticosveracruz.com\\\/?p=165722\"},\"wordCount\":462,\"publisher\":{\"@id\":\"https:\\\/\\\/lospoliticosveracruz.com\\\/#organization\"},\"image\":{\"@id\":\"https:\\\/\\\/lospoliticosveracruz.com\\\/?p=165722#primaryimage\"},\"thumbnailUrl\":\"https:\\\/\\\/lospoliticosveracruz.com\\\/wp-content\\\/uploads\\\/2026\\\/02\\\/Tribunal-Electoral-de-Veracruz-TEV.jpg\",\"keywords\":[\"elecciones agencias y subagencias 2026\",\"Gilberto Constituyente Salazar TEV\",\"paridad de g\u00e9nero agencias municipales Veracruz\",\"renovaci\u00f3n de autoridades locales 2026\",\"Tribunal Electoral de Veracruz impugnaciones\",\"usos y costumbres paridad Veracruz\"],\"articleSection\":[\"La Nota\"],\"inLanguage\":\"es\"},{\"@type\":\"WebPage\",\"@id\":\"https:\\\/\\\/lospoliticosveracruz.com\\\/?p=165722\",\"url\":\"https:\\\/\\\/lospoliticosveracruz.com\\\/?p=165722\",\"name\":\"EL PEX, LA PARIDAD DE G\u00c9NERO!: TEV - Los pol\u00edticos Veracruz\",\"isPartOf\":{\"@id\":\"https:\\\/\\\/lospoliticosveracruz.com\\\/#website\"},\"primaryImageOfPage\":{\"@id\":\"https:\\\/\\\/lospoliticosveracruz.com\\\/?p=165722#primaryimage\"},\"image\":{\"@id\":\"https:\\\/\\\/lospoliticosveracruz.com\\\/?p=165722#primaryimage\"},\"thumbnailUrl\":\"https:\\\/\\\/lospoliticosveracruz.com\\\/wp-content\\\/uploads\\\/2026\\\/02\\\/Tribunal-Electoral-de-Veracruz-TEV.jpg\",\"datePublished\":\"2026-03-10T16:33:41+00:00\",\"dateModified\":\"2026-03-10T16:33:42+00:00\",\"breadcrumb\":{\"@id\":\"https:\\\/\\\/lospoliticosveracruz.com\\\/?p=165722#breadcrumb\"},\"inLanguage\":\"es\",\"potentialAction\":[{\"@type\":\"ReadAction\",\"target\":[\"https:\\\/\\\/lospoliticosveracruz.com\\\/?p=165722\"]}]},{\"@type\":\"ImageObject\",\"inLanguage\":\"es\",\"@id\":\"https:\\\/\\\/lospoliticosveracruz.com\\\/?p=165722#primaryimage\",\"url\":\"https:\\\/\\\/lospoliticosveracruz.com\\\/wp-content\\\/uploads\\\/2026\\\/02\\\/Tribunal-Electoral-de-Veracruz-TEV.jpg\",\"contentUrl\":\"https:\\\/\\\/lospoliticosveracruz.com\\\/wp-content\\\/uploads\\\/2026\\\/02\\\/Tribunal-Electoral-de-Veracruz-TEV.jpg\",\"width\":600,\"height\":320},{\"@type\":\"BreadcrumbList\",\"@id\":\"https:\\\/\\\/lospoliticosveracruz.com\\\/?p=165722#breadcrumb\",\"itemListElement\":[{\"@type\":\"ListItem\",\"position\":1,\"name\":\"Portada\",\"item\":\"https:\\\/\\\/lospoliticosveracruz.com\\\/\"},{\"@type\":\"ListItem\",\"position\":2,\"name\":\"EL PEX, LA PARIDAD DE G\u00c9NERO!: TEV\"}]},{\"@type\":\"WebSite\",\"@id\":\"https:\\\/\\\/lospoliticosveracruz.com\\\/#website\",\"url\":\"https:\\\/\\\/lospoliticosveracruz.com\\\/\",\"name\":\"Los pol\u00edticos Veracruz\",\"description\":\"\",\"publisher\":{\"@id\":\"https:\\\/\\\/lospoliticosveracruz.com\\\/#organization\"},\"potentialAction\":[{\"@type\":\"SearchAction\",\"target\":{\"@type\":\"EntryPoint\",\"urlTemplate\":\"https:\\\/\\\/lospoliticosveracruz.com\\\/?s={search_term_string}\"},\"query-input\":{\"@type\":\"PropertyValueSpecification\",\"valueRequired\":true,\"valueName\":\"search_term_string\"}}],\"inLanguage\":\"es\"},{\"@type\":\"Organization\",\"@id\":\"https:\\\/\\\/lospoliticosveracruz.com\\\/#organization\",\"name\":\"Los pol\u00edticos Veracruz\",\"url\":\"https:\\\/\\\/lospoliticosveracruz.com\\\/\",\"logo\":{\"@type\":\"ImageObject\",\"inLanguage\":\"es\",\"@id\":\"https:\\\/\\\/lospoliticosveracruz.com\\\/#\\\/schema\\\/logo\\\/image\\\/\",\"url\":\"https:\\\/\\\/lospoliticosveracruz.com\\\/wp-content\\\/uploads\\\/2025\\\/12\\\/Logo-Nuevo-LOS-POLITICOS-1.jpg\",\"contentUrl\":\"https:\\\/\\\/lospoliticosveracruz.com\\\/wp-content\\\/uploads\\\/2025\\\/12\\\/Logo-Nuevo-LOS-POLITICOS-1.jpg\",\"width\":260,\"height\":70,\"caption\":\"Los pol\u00edticos Veracruz\"},\"image\":{\"@id\":\"https:\\\/\\\/lospoliticosveracruz.com\\\/#\\\/schema\\\/logo\\\/image\\\/\"},\"sameAs\":[\"https:\\\/\\\/www.facebook.com\\\/people\\\/Notimemes-de-los-Polticos\\\/61565672886568\\\/\",\"https:\\\/\\\/x.com\\\/LosPoliticosVer\"]},{\"@type\":\"Person\",\"@id\":\"https:\\\/\\\/lospoliticosveracruz.com\\\/#\\\/schema\\\/person\\\/b8702bb0e538456e6efd07080bf2a4a2\",\"name\":\"Lo viste en Los Pol\u00edticos\",\"image\":{\"@type\":\"ImageObject\",\"inLanguage\":\"es\",\"@id\":\"https:\\\/\\\/secure.gravatar.com\\\/avatar\\\/3a8de04a2656d44082be478bd6c086daa447c4651605818287b9532d3d0bd435?s=96&d=mm&r=g\",\"url\":\"https:\\\/\\\/secure.gravatar.com\\\/avatar\\\/3a8de04a2656d44082be478bd6c086daa447c4651605818287b9532d3d0bd435?s=96&d=mm&r=g\",\"contentUrl\":\"https:\\\/\\\/secure.gravatar.com\\\/avatar\\\/3a8de04a2656d44082be478bd6c086daa447c4651605818287b9532d3d0bd435?s=96&d=mm&r=g\",\"caption\":\"Lo viste en Los Pol\u00edticos\"},\"url\":\"https:\\\/\\\/lospoliticosveracruz.com\\\/?author=2\"}]}<\/script>\n<!-- \/ Yoast SEO plugin. -->","yoast_head_json":{"title":"EL PEX, LA PARIDAD DE G\u00c9NERO!: TEV - Los pol\u00edticos Veracruz","robots":{"index":"index","follow":"follow","max-snippet":"max-snippet:-1","max-image-preview":"max-image-preview:large","max-video-preview":"max-video-preview:-1"},"canonical":"https:\/\/lospoliticosveracruz.com\/?p=165722","og_locale":"es_ES","og_type":"article","og_title":"EL PEX, LA PARIDAD DE G\u00c9NERO!: TEV - Los pol\u00edticos Veracruz","og_description":"Karla M\u00e9ndezEl Tribunal Electoral de Veracruz (TEV) se prepara para un incremento significativo en el n\u00famero de medios de impugnaci\u00f3n relacionados con la renovaci\u00f3n de las m\u00e1s de 5 mil agencias y subagencias municipales en el estado, as\u00ed lo inform\u00f3 el magistrado presidente Gilberto Constituyente Salazar. Aunque actualmente el mayor n\u00famero impugnaciones est\u00e1 sobre las [&hellip;]","og_url":"https:\/\/lospoliticosveracruz.com\/?p=165722","og_site_name":"Los pol\u00edticos Veracruz","article_publisher":"https:\/\/www.facebook.com\/people\/Notimemes-de-los-Polticos\/61565672886568\/","article_published_time":"2026-03-10T16:33:41+00:00","article_modified_time":"2026-03-10T16:33:42+00:00","og_image":[{"width":600,"height":320,"url":"https:\/\/lospoliticosveracruz.com\/wp-content\/uploads\/2026\/02\/Tribunal-Electoral-de-Veracruz-TEV.jpg","type":"image\/jpeg"}],"author":"Lo viste en Los Pol\u00edticos","twitter_card":"summary_large_image","twitter_creator":"@LosPoliticosVer","twitter_site":"@LosPoliticosVer","twitter_misc":{"Escrito por":"Lo viste en Los Pol\u00edticos","Tiempo de lectura":"3 minutos"},"schema":{"@context":"https:\/\/schema.org","@graph":[{"@type":"Article","@id":"https:\/\/lospoliticosveracruz.com\/?p=165722#article","isPartOf":{"@id":"https:\/\/lospoliticosveracruz.com\/?p=165722"},"author":{"name":"Lo viste en Los Pol\u00edticos","@id":"https:\/\/lospoliticosveracruz.com\/#\/schema\/person\/b8702bb0e538456e6efd07080bf2a4a2"},"headline":"EL PEX, LA PARIDAD DE G\u00c9NERO!: TEV","datePublished":"2026-03-10T16:33:41+00:00","dateModified":"2026-03-10T16:33:42+00:00","mainEntityOfPage":{"@id":"https:\/\/lospoliticosveracruz.com\/?p=165722"},"wordCount":462,"publisher":{"@id":"https:\/\/lospoliticosveracruz.com\/#organization"},"image":{"@id":"https:\/\/lospoliticosveracruz.com\/?p=165722#primaryimage"},"thumbnailUrl":"https:\/\/lospoliticosveracruz.com\/wp-content\/uploads\/2026\/02\/Tribunal-Electoral-de-Veracruz-TEV.jpg","keywords":["elecciones agencias y subagencias 2026","Gilberto Constituyente Salazar TEV","paridad de g\u00e9nero agencias municipales Veracruz","renovaci\u00f3n de autoridades locales 2026","Tribunal Electoral de Veracruz impugnaciones","usos y costumbres paridad Veracruz"],"articleSection":["La Nota"],"inLanguage":"es"},{"@type":"WebPage","@id":"https:\/\/lospoliticosveracruz.com\/?p=165722","url":"https:\/\/lospoliticosveracruz.com\/?p=165722","name":"EL PEX, LA PARIDAD DE G\u00c9NERO!: TEV - Los pol\u00edticos Veracruz","isPartOf":{"@id":"https:\/\/lospoliticosveracruz.com\/#website"},"primaryImageOfPage":{"@id":"https:\/\/lospoliticosveracruz.com\/?p=165722#primaryimage"},"image":{"@id":"https:\/\/lospoliticosveracruz.com\/?p=165722#primaryimage"},"thumbnailUrl":"https:\/\/lospoliticosveracruz.com\/wp-content\/uploads\/2026\/02\/Tribunal-Electoral-de-Veracruz-TEV.jpg","datePublished":"2026-03-10T16:33:41+00:00","dateModified":"2026-03-10T16:33:42+00:00","breadcrumb":{"@id":"https:\/\/lospoliticosveracruz.com\/?p=165722#breadcrumb"},"inLanguage":"es","potentialAction":[{"@type":"ReadAction","target":["https:\/\/lospoliticosveracruz.com\/?p=165722"]}]},{"@type":"ImageObject","inLanguage":"es","@id":"https:\/\/lospoliticosveracruz.com\/?p=165722#primaryimage","url":"https:\/\/lospoliticosveracruz.com\/wp-content\/uploads\/2026\/02\/Tribunal-Electoral-de-Veracruz-TEV.jpg","contentUrl":"https:\/\/lospoliticosveracruz.com\/wp-content\/uploads\/2026\/02\/Tribunal-Electoral-de-Veracruz-TEV.jpg","width":600,"height":320},{"@type":"BreadcrumbList","@id":"https:\/\/lospoliticosveracruz.com\/?p=165722#breadcrumb","itemListElement":[{"@type":"ListItem","position":1,"name":"Portada","item":"https:\/\/lospoliticosveracruz.com\/"},{"@type":"ListItem","position":2,"name":"EL PEX, LA PARIDAD DE G\u00c9NERO!: TEV"}]},{"@type":"WebSite","@id":"https:\/\/lospoliticosveracruz.com\/#website","url":"https:\/\/lospoliticosveracruz.com\/","name":"Los pol\u00edticos Veracruz","description":"","publisher":{"@id":"https:\/\/lospoliticosveracruz.com\/#organization"},"potentialAction":[{"@type":"SearchAction","target":{"@type":"EntryPoint","urlTemplate":"https:\/\/lospoliticosveracruz.com\/?s={search_term_string}"},"query-input":{"@type":"PropertyValueSpecification","valueRequired":true,"valueName":"search_term_string"}}],"inLanguage":"es"},{"@type":"Organization","@id":"https:\/\/lospoliticosveracruz.com\/#organization","name":"Los pol\u00edticos Veracruz","url":"https:\/\/lospoliticosveracruz.com\/","logo":{"@type":"ImageObject","inLanguage":"es","@id":"https:\/\/lospoliticosveracruz.com\/#\/schema\/logo\/image\/","url":"https:\/\/lospoliticosveracruz.com\/wp-content\/uploads\/2025\/12\/Logo-Nuevo-LOS-POLITICOS-1.jpg","contentUrl":"https:\/\/lospoliticosveracruz.com\/wp-content\/uploads\/2025\/12\/Logo-Nuevo-LOS-POLITICOS-1.jpg","width":260,"height":70,"caption":"Los pol\u00edticos Veracruz"},"image":{"@id":"https:\/\/lospoliticosveracruz.com\/#\/schema\/logo\/image\/"},"sameAs":["https:\/\/www.facebook.com\/people\/Notimemes-de-los-Polticos\/61565672886568\/","https:\/\/x.com\/LosPoliticosVer"]},{"@type":"Person","@id":"https:\/\/lospoliticosveracruz.com\/#\/schema\/person\/b8702bb0e538456e6efd07080bf2a4a2","name":"Lo viste en Los Pol\u00edticos","image":{"@type":"ImageObject","inLanguage":"es","@id":"https:\/\/secure.gravatar.com\/avatar\/3a8de04a2656d44082be478bd6c086daa447c4651605818287b9532d3d0bd435?s=96&d=mm&r=g","url":"https:\/\/secure.gravatar.com\/avatar\/3a8de04a2656d44082be478bd6c086daa447c4651605818287b9532d3d0bd435?s=96&d=mm&r=g","contentUrl":"https:\/\/secure.gravatar.com\/avatar\/3a8de04a2656d44082be478bd6c086daa447c4651605818287b9532d3d0bd435?s=96&d=mm&r=g","caption":"Lo viste en Los Pol\u00edticos"},"url":"https:\/\/lospoliticosveracruz.com\/?author=2"}]}},"_links":{"self":[{"href":"https:\/\/lospoliticosveracruz.com\/index.php?rest_route=\/wp\/v2\/posts\/165722","targetHints":{"allow":["GET"]}}],"collection":[{"href":"https:\/\/lospoliticosveracruz.com\/index.php?rest_route=\/wp\/v2\/posts"}],"about":[{"href":"https:\/\/lospoliticosveracruz.com\/index.php?rest_route=\/wp\/v2\/types\/post"}],"author":[{"embeddable":true,"href":"https:\/\/lospoliticosveracruz.com\/index.php?rest_route=\/wp\/v2\/users\/2"}],"replies":[{"embeddable":true,"href":"https:\/\/lospoliticosveracruz.com\/index.php?rest_route=%2Fwp%2Fv2%2Fcomments&post=165722"}],"version-history":[{"count":1,"href":"https:\/\/lospoliticosveracruz.com\/index.php?rest_route=\/wp\/v2\/posts\/165722\/revisions"}],"predecessor-version":[{"id":165723,"href":"https:\/\/lospoliticosveracruz.com\/index.php?rest_route=\/wp\/v2\/posts\/165722\/revisions\/165723"}],"wp:featuredmedia":[{"embeddable":true,"href":"https:\/\/lospoliticosveracruz.com\/index.php?rest_route=\/wp\/v2\/media\/163695"}],"wp:attachment":[{"href":"https:\/\/lospoliticosveracruz.com\/index.php?rest_route=%2Fwp%2Fv2%2Fmedia&parent=165722"}],"wp:term":[{"taxonomy":"category","embeddable":true,"href":"https:\/\/lospoliticosveracruz.com\/index.php?rest_route=%2Fwp%2Fv2%2Fcategories&post=165722"},{"taxonomy":"post_tag","embeddable":true,"href":"https:\/\/lospoliticosveracruz.com\/index.php?rest_route=%2Fwp%2Fv2%2Ftags&post=165722"}],"curies":[{"name":"wp","href":"https:\/\/api.w.org\/{rel}","templated":true}]}}