{"id":165741,"date":"2026-03-10T12:46:43","date_gmt":"2026-03-10T18:46:43","guid":{"rendered":"https:\/\/lospoliticosveracruz.com\/?p=165741"},"modified":"2026-03-10T12:46:45","modified_gmt":"2026-03-10T18:46:45","slug":"repetiran-consejo-del-pt-tras-zipizape-pero-no-paso-nada","status":"publish","type":"post","link":"https:\/\/lospoliticosveracruz.com\/?p=165741","title":{"rendered":"REPETIR\u00c1N CONSEJO DEL PT TRAS ZIPIZAPE PERO \u201cNO PAS\u00d3 NADA\u2026\u201d"},"content":{"rendered":"\n<p>\u00c1ngeles Gonz\u00e1lez Ceballos<\/p>\n\n\n\n<p>Luego del agarr\u00f3n que se dieron los integrantes del Partido del Trabajo durante el Consejo Estatal Extraordinario, el diputado local Ram\u00f3n D\u00edaz Avila, reconoci\u00f3 que alcaldes, s\u00edndicos, regidores, no estuvieron de acuerdo en la \u00a8planilla de unidad\u00a8 en la que estuvieron trabajando por mucho tiempo.&nbsp;<\/p>\n\n\n\n<p>Neg\u00f3 que haya habido infiltrados que hubieran sido quienes ocasionaran el enfrentamiento entre los afiliados al Partido.&nbsp;<\/p>\n\n\n\n<p>En conferencia de prensa, el legislador admiti\u00f3 que hubo rechazo a la planilla integrada por unos cien petistas, de forma que neg\u00f3 que fuera una planilla peque\u00f1a o a modo.&nbsp;<\/p>\n\n\n\n<p>En esa planilla estaban exalcaldes, exregidores, excandidatos que no lograron el triunfo, pero tambi\u00e9n gente que se ha acercado de otros partidos, debido a que por lo menos \u00e9l tiene m\u00e1s de 10 a\u00f1os trabajando en el PT y se les dio cabida.&nbsp;<\/p>\n\n\n\n<p>\u00a8El d\u00eda s\u00e1bado hubo una votaci\u00f3n que no reflej\u00f3 el sentir, porque muchos estaban integrados y a la vez estaban en contra de alg\u00fan compa\u00f1ero o compa\u00f1era que estaba en esta planilla de unidad que marcaba el partido a nivel nacional.&nbsp;<\/p>\n\n\n\n<p>Se acord\u00f3 con los alcaldes que estuvieron presentes, que eran 19, de los cuales, 18 eran alcaldes y subieron al templete y le pidieron a la mesa nacional que revisaran la integraci\u00f3n de esta planilla de unidad para que en el pr\u00f3ximo evento pudieran depurar o ampliar\u00a8, explic\u00f3.&nbsp;<\/p>\n\n\n\n<p>Ram\u00f3n D\u00edaz Avila puntualiz\u00f3 que tras los hechos, la mesa nacional tom\u00f3 la decisi\u00f3n de anular el proceso y el Congreso Estatal, dejando en funciones a la actual Comisi\u00f3n Estatal&nbsp;&nbsp;Ejecutiva, que est\u00e1 registrada ante el INE.&nbsp;<\/p>\n\n\n\n<p>De suerte que, ahora tienen que esperar una nueva fecha de la Comisi\u00f3n Ejecutiva Nacional para volver a convocar a los delegados efectivos y asistir otro consejo estatal.&nbsp;<\/p>\n\n\n\n<p>El Diputado dijo que est\u00e1n citados este martes en la Ciudad de M\u00e9xico para ver qu\u00e9 sucede entonces programar una nueva fecha del Consejo.&nbsp;<\/p>\n\n\n\n<p>La exigencia de los alcaldes inconformes es que la Comisi\u00f3n Ejecutiva Estatal se conforme con compa\u00f1eros que est\u00e9n \u00a8probados\u00a8.<\/p>\n\n\n\n<p>Por su parte, el coordinador de la Comisi\u00f3n Ejecutiva, Vicente Aguilar Aguilar, afirm\u00f3 que los jaloneos se dieron porque no estaban de acuerdo con una mujer, pero no dio el nombre.&nbsp;<\/p>\n\n\n\n<p>\u00a8Tal vez falt\u00f3 di\u00e1logo, yo quiero reconocer que debimos de suspender un rato, dialogar para llegar a acuerdos y se hubiera subsanado, pero se opt\u00f3 por suspender. Eran 19 alcaldes, s\u00edndicos, regidores, eran dirigentes, era la clase pol\u00edtica del Partido del Trabajo\u00a8, asever\u00f3.&nbsp;<\/p>\n\n\n\n<p>El l\u00edder petista trat\u00f3 de minimizar la situaci\u00f3n y sostuvo que \u00a8no pasa nada\u00a8 y reiter\u00f3 que todos son bienvenidos y que en el Partido caben todos.&nbsp;<\/p>\n\n\n\n<p>Finalmente, Ram\u00f3n D\u00edaz Avila consider\u00f3 que lo sucedido fue bueno, porque quiere decir que sus compa\u00f1eros no se dejan, adem\u00e1s, dijo que es un partido vivo, tan lo es que este mi\u00e9rcoles inicia la campa\u00f1a en Tamiahua.<\/p>\n","protected":false},"excerpt":{"rendered":"<p>\u00c1ngeles Gonz\u00e1lez Ceballos Luego del agarr\u00f3n que se dieron los integrantes del Partido del Trabajo durante el Consejo Estatal Extraordinario, el diputado local Ram\u00f3n D\u00edaz Avila, reconoci\u00f3 que alcaldes, s\u00edndicos, regidores, no estuvieron de acuerdo en la \u00a8planilla de unidad\u00a8 en la que estuvieron trabajando por mucho tiempo.&nbsp; Neg\u00f3 que haya habido infiltrados que hubieran [&hellip;]<\/p>\n","protected":false},"author":2,"featured_media":165742,"comment_status":"closed","ping_status":"closed","sticky":false,"template":"","format":"standard","meta":{"tdm_status":"","tdm_grid_status":"","footnotes":""},"categories":[6446],"tags":[],"class_list":{"0":"post-165741","1":"post","2":"type-post","3":"status-publish","4":"format-standard","5":"has-post-thumbnail","7":"category-la-nota"},"yoast_head":"<!-- This site is optimized with the Yoast SEO plugin v27.4 - https:\/\/yoast.com\/product\/yoast-seo-wordpress\/ -->\n<title>REPETIR\u00c1N CONSEJO DEL PT TRAS ZIPIZAPE PERO \u201cNO PAS\u00d3 NADA\u2026\u201d - Los pol\u00edticos Veracruz<\/title>\n<meta name=\"robots\" content=\"index, follow, max-snippet:-1, max-image-preview:large, max-video-preview:-1\" \/>\n<link rel=\"canonical\" href=\"https:\/\/lospoliticosveracruz.com\/?p=165741\" \/>\n<meta property=\"og:locale\" content=\"es_ES\" \/>\n<meta property=\"og:type\" content=\"article\" \/>\n<meta property=\"og:title\" content=\"REPETIR\u00c1N CONSEJO DEL PT TRAS ZIPIZAPE PERO \u201cNO PAS\u00d3 NADA\u2026\u201d - Los pol\u00edticos Veracruz\" \/>\n<meta property=\"og:description\" content=\"\u00c1ngeles Gonz\u00e1lez Ceballos Luego del agarr\u00f3n que se dieron los integrantes del Partido del Trabajo durante el Consejo Estatal Extraordinario, el diputado local Ram\u00f3n D\u00edaz Avila, reconoci\u00f3 que alcaldes, s\u00edndicos, regidores, no estuvieron de acuerdo en la \u00a8planilla de unidad\u00a8 en la que estuvieron trabajando por mucho tiempo.&nbsp; Neg\u00f3 que haya habido infiltrados que hubieran [&hellip;]\" \/>\n<meta property=\"og:url\" content=\"https:\/\/lospoliticosveracruz.com\/?p=165741\" \/>\n<meta property=\"og:site_name\" content=\"Los pol\u00edticos Veracruz\" \/>\n<meta property=\"article:publisher\" content=\"https:\/\/www.facebook.com\/people\/Notimemes-de-los-Polticos\/61565672886568\/\" \/>\n<meta property=\"article:published_time\" content=\"2026-03-10T18:46:43+00:00\" \/>\n<meta property=\"article:modified_time\" content=\"2026-03-10T18:46:45+00:00\" \/>\n<meta property=\"og:image\" content=\"https:\/\/lospoliticosveracruz.com\/wp-content\/uploads\/2026\/03\/IMG_2330.jpeg\" \/>\n\t<meta property=\"og:image:width\" content=\"600\" \/>\n\t<meta property=\"og:image:height\" content=\"320\" \/>\n\t<meta property=\"og:image:type\" content=\"image\/jpeg\" \/>\n<meta name=\"author\" content=\"Lo viste en Los Pol\u00edticos\" \/>\n<meta name=\"twitter:card\" content=\"summary_large_image\" \/>\n<meta name=\"twitter:creator\" content=\"@LosPoliticosVer\" \/>\n<meta name=\"twitter:site\" content=\"@LosPoliticosVer\" \/>\n<meta name=\"twitter:label1\" content=\"Escrito por\" \/>\n\t<meta name=\"twitter:data1\" content=\"Lo viste en Los Pol\u00edticos\" \/>\n\t<meta name=\"twitter:label2\" content=\"Tiempo de lectura\" \/>\n\t<meta name=\"twitter:data2\" content=\"3 minutos\" \/>\n<script type=\"application\/ld+json\" class=\"yoast-schema-graph\">{\"@context\":\"https:\\\/\\\/schema.org\",\"@graph\":[{\"@type\":\"Article\",\"@id\":\"https:\\\/\\\/lospoliticosveracruz.com\\\/?p=165741#article\",\"isPartOf\":{\"@id\":\"https:\\\/\\\/lospoliticosveracruz.com\\\/?p=165741\"},\"author\":{\"name\":\"Lo viste en Los Pol\u00edticos\",\"@id\":\"https:\\\/\\\/lospoliticosveracruz.com\\\/#\\\/schema\\\/person\\\/b8702bb0e538456e6efd07080bf2a4a2\"},\"headline\":\"REPETIR\u00c1N CONSEJO DEL PT TRAS ZIPIZAPE PERO \u201cNO PAS\u00d3 NADA\u2026\u201d\",\"datePublished\":\"2026-03-10T18:46:43+00:00\",\"dateModified\":\"2026-03-10T18:46:45+00:00\",\"mainEntityOfPage\":{\"@id\":\"https:\\\/\\\/lospoliticosveracruz.com\\\/?p=165741\"},\"wordCount\":533,\"publisher\":{\"@id\":\"https:\\\/\\\/lospoliticosveracruz.com\\\/#organization\"},\"image\":{\"@id\":\"https:\\\/\\\/lospoliticosveracruz.com\\\/?p=165741#primaryimage\"},\"thumbnailUrl\":\"https:\\\/\\\/lospoliticosveracruz.com\\\/wp-content\\\/uploads\\\/2026\\\/03\\\/IMG_2330.jpeg\",\"articleSection\":[\"La Nota\"],\"inLanguage\":\"es\"},{\"@type\":\"WebPage\",\"@id\":\"https:\\\/\\\/lospoliticosveracruz.com\\\/?p=165741\",\"url\":\"https:\\\/\\\/lospoliticosveracruz.com\\\/?p=165741\",\"name\":\"REPETIR\u00c1N CONSEJO DEL PT TRAS ZIPIZAPE PERO \u201cNO PAS\u00d3 NADA\u2026\u201d - Los pol\u00edticos Veracruz\",\"isPartOf\":{\"@id\":\"https:\\\/\\\/lospoliticosveracruz.com\\\/#website\"},\"primaryImageOfPage\":{\"@id\":\"https:\\\/\\\/lospoliticosveracruz.com\\\/?p=165741#primaryimage\"},\"image\":{\"@id\":\"https:\\\/\\\/lospoliticosveracruz.com\\\/?p=165741#primaryimage\"},\"thumbnailUrl\":\"https:\\\/\\\/lospoliticosveracruz.com\\\/wp-content\\\/uploads\\\/2026\\\/03\\\/IMG_2330.jpeg\",\"datePublished\":\"2026-03-10T18:46:43+00:00\",\"dateModified\":\"2026-03-10T18:46:45+00:00\",\"breadcrumb\":{\"@id\":\"https:\\\/\\\/lospoliticosveracruz.com\\\/?p=165741#breadcrumb\"},\"inLanguage\":\"es\",\"potentialAction\":[{\"@type\":\"ReadAction\",\"target\":[\"https:\\\/\\\/lospoliticosveracruz.com\\\/?p=165741\"]}]},{\"@type\":\"ImageObject\",\"inLanguage\":\"es\",\"@id\":\"https:\\\/\\\/lospoliticosveracruz.com\\\/?p=165741#primaryimage\",\"url\":\"https:\\\/\\\/lospoliticosveracruz.com\\\/wp-content\\\/uploads\\\/2026\\\/03\\\/IMG_2330.jpeg\",\"contentUrl\":\"https:\\\/\\\/lospoliticosveracruz.com\\\/wp-content\\\/uploads\\\/2026\\\/03\\\/IMG_2330.jpeg\",\"width\":600,\"height\":320},{\"@type\":\"BreadcrumbList\",\"@id\":\"https:\\\/\\\/lospoliticosveracruz.com\\\/?p=165741#breadcrumb\",\"itemListElement\":[{\"@type\":\"ListItem\",\"position\":1,\"name\":\"Portada\",\"item\":\"https:\\\/\\\/lospoliticosveracruz.com\\\/\"},{\"@type\":\"ListItem\",\"position\":2,\"name\":\"REPETIR\u00c1N CONSEJO DEL PT TRAS ZIPIZAPE PERO \u201cNO PAS\u00d3 NADA\u2026\u201d\"}]},{\"@type\":\"WebSite\",\"@id\":\"https:\\\/\\\/lospoliticosveracruz.com\\\/#website\",\"url\":\"https:\\\/\\\/lospoliticosveracruz.com\\\/\",\"name\":\"Los pol\u00edticos Veracruz\",\"description\":\"\",\"publisher\":{\"@id\":\"https:\\\/\\\/lospoliticosveracruz.com\\\/#organization\"},\"potentialAction\":[{\"@type\":\"SearchAction\",\"target\":{\"@type\":\"EntryPoint\",\"urlTemplate\":\"https:\\\/\\\/lospoliticosveracruz.com\\\/?s={search_term_string}\"},\"query-input\":{\"@type\":\"PropertyValueSpecification\",\"valueRequired\":true,\"valueName\":\"search_term_string\"}}],\"inLanguage\":\"es\"},{\"@type\":\"Organization\",\"@id\":\"https:\\\/\\\/lospoliticosveracruz.com\\\/#organization\",\"name\":\"Los pol\u00edticos Veracruz\",\"url\":\"https:\\\/\\\/lospoliticosveracruz.com\\\/\",\"logo\":{\"@type\":\"ImageObject\",\"inLanguage\":\"es\",\"@id\":\"https:\\\/\\\/lospoliticosveracruz.com\\\/#\\\/schema\\\/logo\\\/image\\\/\",\"url\":\"https:\\\/\\\/lospoliticosveracruz.com\\\/wp-content\\\/uploads\\\/2025\\\/12\\\/Logo-Nuevo-LOS-POLITICOS-1.jpg\",\"contentUrl\":\"https:\\\/\\\/lospoliticosveracruz.com\\\/wp-content\\\/uploads\\\/2025\\\/12\\\/Logo-Nuevo-LOS-POLITICOS-1.jpg\",\"width\":260,\"height\":70,\"caption\":\"Los pol\u00edticos Veracruz\"},\"image\":{\"@id\":\"https:\\\/\\\/lospoliticosveracruz.com\\\/#\\\/schema\\\/logo\\\/image\\\/\"},\"sameAs\":[\"https:\\\/\\\/www.facebook.com\\\/people\\\/Notimemes-de-los-Polticos\\\/61565672886568\\\/\",\"https:\\\/\\\/x.com\\\/LosPoliticosVer\"]},{\"@type\":\"Person\",\"@id\":\"https:\\\/\\\/lospoliticosveracruz.com\\\/#\\\/schema\\\/person\\\/b8702bb0e538456e6efd07080bf2a4a2\",\"name\":\"Lo viste en Los Pol\u00edticos\",\"image\":{\"@type\":\"ImageObject\",\"inLanguage\":\"es\",\"@id\":\"https:\\\/\\\/secure.gravatar.com\\\/avatar\\\/3a8de04a2656d44082be478bd6c086daa447c4651605818287b9532d3d0bd435?s=96&d=mm&r=g\",\"url\":\"https:\\\/\\\/secure.gravatar.com\\\/avatar\\\/3a8de04a2656d44082be478bd6c086daa447c4651605818287b9532d3d0bd435?s=96&d=mm&r=g\",\"contentUrl\":\"https:\\\/\\\/secure.gravatar.com\\\/avatar\\\/3a8de04a2656d44082be478bd6c086daa447c4651605818287b9532d3d0bd435?s=96&d=mm&r=g\",\"caption\":\"Lo viste en Los Pol\u00edticos\"},\"url\":\"https:\\\/\\\/lospoliticosveracruz.com\\\/?author=2\"}]}<\/script>\n<!-- \/ Yoast SEO plugin. -->","yoast_head_json":{"title":"REPETIR\u00c1N CONSEJO DEL PT TRAS ZIPIZAPE PERO \u201cNO PAS\u00d3 NADA\u2026\u201d - Los pol\u00edticos Veracruz","robots":{"index":"index","follow":"follow","max-snippet":"max-snippet:-1","max-image-preview":"max-image-preview:large","max-video-preview":"max-video-preview:-1"},"canonical":"https:\/\/lospoliticosveracruz.com\/?p=165741","og_locale":"es_ES","og_type":"article","og_title":"REPETIR\u00c1N CONSEJO DEL PT TRAS ZIPIZAPE PERO \u201cNO PAS\u00d3 NADA\u2026\u201d - Los pol\u00edticos Veracruz","og_description":"\u00c1ngeles Gonz\u00e1lez Ceballos Luego del agarr\u00f3n que se dieron los integrantes del Partido del Trabajo durante el Consejo Estatal Extraordinario, el diputado local Ram\u00f3n D\u00edaz Avila, reconoci\u00f3 que alcaldes, s\u00edndicos, regidores, no estuvieron de acuerdo en la \u00a8planilla de unidad\u00a8 en la que estuvieron trabajando por mucho tiempo.&nbsp; Neg\u00f3 que haya habido infiltrados que hubieran [&hellip;]","og_url":"https:\/\/lospoliticosveracruz.com\/?p=165741","og_site_name":"Los pol\u00edticos Veracruz","article_publisher":"https:\/\/www.facebook.com\/people\/Notimemes-de-los-Polticos\/61565672886568\/","article_published_time":"2026-03-10T18:46:43+00:00","article_modified_time":"2026-03-10T18:46:45+00:00","og_image":[{"width":600,"height":320,"url":"https:\/\/lospoliticosveracruz.com\/wp-content\/uploads\/2026\/03\/IMG_2330.jpeg","type":"image\/jpeg"}],"author":"Lo viste en Los Pol\u00edticos","twitter_card":"summary_large_image","twitter_creator":"@LosPoliticosVer","twitter_site":"@LosPoliticosVer","twitter_misc":{"Escrito por":"Lo viste en Los Pol\u00edticos","Tiempo de lectura":"3 minutos"},"schema":{"@context":"https:\/\/schema.org","@graph":[{"@type":"Article","@id":"https:\/\/lospoliticosveracruz.com\/?p=165741#article","isPartOf":{"@id":"https:\/\/lospoliticosveracruz.com\/?p=165741"},"author":{"name":"Lo viste en Los Pol\u00edticos","@id":"https:\/\/lospoliticosveracruz.com\/#\/schema\/person\/b8702bb0e538456e6efd07080bf2a4a2"},"headline":"REPETIR\u00c1N CONSEJO DEL PT TRAS ZIPIZAPE PERO \u201cNO PAS\u00d3 NADA\u2026\u201d","datePublished":"2026-03-10T18:46:43+00:00","dateModified":"2026-03-10T18:46:45+00:00","mainEntityOfPage":{"@id":"https:\/\/lospoliticosveracruz.com\/?p=165741"},"wordCount":533,"publisher":{"@id":"https:\/\/lospoliticosveracruz.com\/#organization"},"image":{"@id":"https:\/\/lospoliticosveracruz.com\/?p=165741#primaryimage"},"thumbnailUrl":"https:\/\/lospoliticosveracruz.com\/wp-content\/uploads\/2026\/03\/IMG_2330.jpeg","articleSection":["La Nota"],"inLanguage":"es"},{"@type":"WebPage","@id":"https:\/\/lospoliticosveracruz.com\/?p=165741","url":"https:\/\/lospoliticosveracruz.com\/?p=165741","name":"REPETIR\u00c1N CONSEJO DEL PT TRAS ZIPIZAPE PERO \u201cNO PAS\u00d3 NADA\u2026\u201d - Los pol\u00edticos Veracruz","isPartOf":{"@id":"https:\/\/lospoliticosveracruz.com\/#website"},"primaryImageOfPage":{"@id":"https:\/\/lospoliticosveracruz.com\/?p=165741#primaryimage"},"image":{"@id":"https:\/\/lospoliticosveracruz.com\/?p=165741#primaryimage"},"thumbnailUrl":"https:\/\/lospoliticosveracruz.com\/wp-content\/uploads\/2026\/03\/IMG_2330.jpeg","datePublished":"2026-03-10T18:46:43+00:00","dateModified":"2026-03-10T18:46:45+00:00","breadcrumb":{"@id":"https:\/\/lospoliticosveracruz.com\/?p=165741#breadcrumb"},"inLanguage":"es","potentialAction":[{"@type":"ReadAction","target":["https:\/\/lospoliticosveracruz.com\/?p=165741"]}]},{"@type":"ImageObject","inLanguage":"es","@id":"https:\/\/lospoliticosveracruz.com\/?p=165741#primaryimage","url":"https:\/\/lospoliticosveracruz.com\/wp-content\/uploads\/2026\/03\/IMG_2330.jpeg","contentUrl":"https:\/\/lospoliticosveracruz.com\/wp-content\/uploads\/2026\/03\/IMG_2330.jpeg","width":600,"height":320},{"@type":"BreadcrumbList","@id":"https:\/\/lospoliticosveracruz.com\/?p=165741#breadcrumb","itemListElement":[{"@type":"ListItem","position":1,"name":"Portada","item":"https:\/\/lospoliticosveracruz.com\/"},{"@type":"ListItem","position":2,"name":"REPETIR\u00c1N CONSEJO DEL PT TRAS ZIPIZAPE PERO \u201cNO PAS\u00d3 NADA\u2026\u201d"}]},{"@type":"WebSite","@id":"https:\/\/lospoliticosveracruz.com\/#website","url":"https:\/\/lospoliticosveracruz.com\/","name":"Los pol\u00edticos Veracruz","description":"","publisher":{"@id":"https:\/\/lospoliticosveracruz.com\/#organization"},"potentialAction":[{"@type":"SearchAction","target":{"@type":"EntryPoint","urlTemplate":"https:\/\/lospoliticosveracruz.com\/?s={search_term_string}"},"query-input":{"@type":"PropertyValueSpecification","valueRequired":true,"valueName":"search_term_string"}}],"inLanguage":"es"},{"@type":"Organization","@id":"https:\/\/lospoliticosveracruz.com\/#organization","name":"Los pol\u00edticos Veracruz","url":"https:\/\/lospoliticosveracruz.com\/","logo":{"@type":"ImageObject","inLanguage":"es","@id":"https:\/\/lospoliticosveracruz.com\/#\/schema\/logo\/image\/","url":"https:\/\/lospoliticosveracruz.com\/wp-content\/uploads\/2025\/12\/Logo-Nuevo-LOS-POLITICOS-1.jpg","contentUrl":"https:\/\/lospoliticosveracruz.com\/wp-content\/uploads\/2025\/12\/Logo-Nuevo-LOS-POLITICOS-1.jpg","width":260,"height":70,"caption":"Los pol\u00edticos Veracruz"},"image":{"@id":"https:\/\/lospoliticosveracruz.com\/#\/schema\/logo\/image\/"},"sameAs":["https:\/\/www.facebook.com\/people\/Notimemes-de-los-Polticos\/61565672886568\/","https:\/\/x.com\/LosPoliticosVer"]},{"@type":"Person","@id":"https:\/\/lospoliticosveracruz.com\/#\/schema\/person\/b8702bb0e538456e6efd07080bf2a4a2","name":"Lo viste en Los Pol\u00edticos","image":{"@type":"ImageObject","inLanguage":"es","@id":"https:\/\/secure.gravatar.com\/avatar\/3a8de04a2656d44082be478bd6c086daa447c4651605818287b9532d3d0bd435?s=96&d=mm&r=g","url":"https:\/\/secure.gravatar.com\/avatar\/3a8de04a2656d44082be478bd6c086daa447c4651605818287b9532d3d0bd435?s=96&d=mm&r=g","contentUrl":"https:\/\/secure.gravatar.com\/avatar\/3a8de04a2656d44082be478bd6c086daa447c4651605818287b9532d3d0bd435?s=96&d=mm&r=g","caption":"Lo viste en Los Pol\u00edticos"},"url":"https:\/\/lospoliticosveracruz.com\/?author=2"}]}},"_links":{"self":[{"href":"https:\/\/lospoliticosveracruz.com\/index.php?rest_route=\/wp\/v2\/posts\/165741","targetHints":{"allow":["GET"]}}],"collection":[{"href":"https:\/\/lospoliticosveracruz.com\/index.php?rest_route=\/wp\/v2\/posts"}],"about":[{"href":"https:\/\/lospoliticosveracruz.com\/index.php?rest_route=\/wp\/v2\/types\/post"}],"author":[{"embeddable":true,"href":"https:\/\/lospoliticosveracruz.com\/index.php?rest_route=\/wp\/v2\/users\/2"}],"replies":[{"embeddable":true,"href":"https:\/\/lospoliticosveracruz.com\/index.php?rest_route=%2Fwp%2Fv2%2Fcomments&post=165741"}],"version-history":[{"count":1,"href":"https:\/\/lospoliticosveracruz.com\/index.php?rest_route=\/wp\/v2\/posts\/165741\/revisions"}],"predecessor-version":[{"id":165743,"href":"https:\/\/lospoliticosveracruz.com\/index.php?rest_route=\/wp\/v2\/posts\/165741\/revisions\/165743"}],"wp:featuredmedia":[{"embeddable":true,"href":"https:\/\/lospoliticosveracruz.com\/index.php?rest_route=\/wp\/v2\/media\/165742"}],"wp:attachment":[{"href":"https:\/\/lospoliticosveracruz.com\/index.php?rest_route=%2Fwp%2Fv2%2Fmedia&parent=165741"}],"wp:term":[{"taxonomy":"category","embeddable":true,"href":"https:\/\/lospoliticosveracruz.com\/index.php?rest_route=%2Fwp%2Fv2%2Fcategories&post=165741"},{"taxonomy":"post_tag","embeddable":true,"href":"https:\/\/lospoliticosveracruz.com\/index.php?rest_route=%2Fwp%2Fv2%2Ftags&post=165741"}],"curies":[{"name":"wp","href":"https:\/\/api.w.org\/{rel}","templated":true}]}}