{"id":165751,"date":"2026-03-10T13:14:44","date_gmt":"2026-03-10T19:14:44","guid":{"rendered":"https:\/\/lospoliticosveracruz.com\/?p=165751"},"modified":"2026-03-10T13:14:45","modified_gmt":"2026-03-10T19:14:45","slug":"cuidate-del-virus-de-invierno","status":"publish","type":"post","link":"https:\/\/lospoliticosveracruz.com\/?p=165751","title":{"rendered":"CU\u00cdDATE DEL VIRUS DE INVIERNO!"},"content":{"rendered":"\n<p>El Instituto Mexicano del Seguro Social (IMSS) en Veracruz Norte informa acerca del Virus Sincitial Respiratorio (VSR), uno de los principales agentes causantes de infecciones respiratorias en beb\u00e9s y ni\u00f1os durante esta temporada invernal.<\/p>\n\n\n\n<p>\u201cEl virus sincitial respiratorio generalmente produce s\u00edntomas leves, similares a un resfriado com\u00fan; sin embargo, en algunos casos puede evolucionar a complicaciones m\u00e1s graves como bronquiolitis o neumon\u00eda, especialmente en poblaci\u00f3n vulnerable\u201d, explic\u00f3 la coordinadora auxiliar de Vigilancia Epidemiol\u00f3gica, Perla Yadira Gonz\u00e1lez Andal\u00f3n.<\/p>\n\n\n\n<p>Aunque la enfermedad afecta principalmente a menores de edad, existen grupos con mayor riesgo de presentar complicaciones, entre ellos reci\u00e9n nacidos prematuros, mujeres embarazadas, adultos mayores, personas con enfermedades card\u00edacas o pulmonares y pacientes con el sistema inmunol\u00f3gico debilitado. En estos casos, es fundamental la vigilancia m\u00e9dica oportuna, ya que la falta de detecci\u00f3n temprana puede derivar en hospitalizaci\u00f3n o requerimiento de apoyo con ox\u00edgeno.<\/p>\n\n\n\n<p>La coordinadora se\u00f1al\u00f3 que el diagn\u00f3stico puede realizarse mediante pruebas espec\u00edficas para detectar el virus; no obstante, la valoraci\u00f3n cl\u00ednica y la revisi\u00f3n detallada de la historia m\u00e9dica, as\u00ed como de los signos y s\u00edntomas durante el periodo de incubaci\u00f3n y contagio, son fundamentales para establecer el manejo adecuado.<\/p>\n\n\n\n<p>La prevenci\u00f3n del contagio es clave y contempla medidas generales como el lavado frecuente de manos, evitar el contacto con personas enfermas, no acudir a lugares con alta concentraci\u00f3n de personas, cubrirse al toser o estornudar y utilizar cubrebocas cuando sea necesario. En cuanto a medidas espec\u00edficas, existe la vacunaci\u00f3n contra el virus sincitial respiratorio en poblaciones vulnerables, particularmente en las mujeres embarazadas.<\/p>\n\n\n\n<p>Gonz\u00e1lez Andal\u00f3n inst\u00f3 a no minimizar los signos de alarma como aumento en la frecuencia respiratoria, aleteo nasal, hundimiento del pecho al respirar, fiebre persistente que no cede con medicamentos, coloraci\u00f3n azulada en labios o u\u00f1as, as\u00ed como dificultad para alimentarse en reci\u00e9n nacidos y lactantes: \u201cante cualquiera de estos s\u00edntomas, es importante acudir de inmediato a la unidad de salud m\u00e1s cercana\u201d, puntualiz\u00f3.<\/p>\n\n\n\n<p>El IMSS en Veracruz Norte reitera su compromiso con la prevenci\u00f3n, la detecci\u00f3n oportuna y la atenci\u00f3n integral de las enfermedades respiratorias, especialmente en los grupos vulnerables, a fin de proteger la salud de toda la poblaci\u00f3n.<\/p>\n","protected":false},"excerpt":{"rendered":"<p>El Instituto Mexicano del Seguro Social (IMSS) en Veracruz Norte informa acerca del Virus Sincitial Respiratorio (VSR), uno de los principales agentes causantes de infecciones respiratorias en beb\u00e9s y ni\u00f1os durante esta temporada invernal. \u201cEl virus sincitial respiratorio generalmente produce s\u00edntomas leves, similares a un resfriado com\u00fan; sin embargo, en algunos casos puede evolucionar a [&hellip;]<\/p>\n","protected":false},"author":2,"featured_media":165752,"comment_status":"closed","ping_status":"closed","sticky":false,"template":"","format":"standard","meta":{"tdm_status":"","tdm_grid_status":"","footnotes":""},"categories":[73],"tags":[56953,56954,56952,56955,56956],"class_list":{"0":"post-165751","1":"post","2":"type-post","3":"status-publish","4":"format-standard","5":"has-post-thumbnail","7":"category-de-boleto","8":"tag-bronquiolitis-neumonia-poblacion-vulnerable","9":"tag-perla-yadira-gonzalez-andalon-vigilancia-epidemiologica","10":"tag-vacunacion-virus-sincitial-mujeres-embarazadas","11":"tag-virus-sincitial-respiratorio-imss-veracruz-norte","12":"tag-vsr-infecciones-respiratorias-bebes-invierno"},"yoast_head":"<!-- This site is optimized with the Yoast SEO plugin v27.4 - https:\/\/yoast.com\/product\/yoast-seo-wordpress\/ -->\n<title>CU\u00cdDATE DEL VIRUS DE INVIERNO! - Los pol\u00edticos Veracruz<\/title>\n<meta name=\"robots\" content=\"index, follow, max-snippet:-1, max-image-preview:large, max-video-preview:-1\" \/>\n<link rel=\"canonical\" href=\"https:\/\/lospoliticosveracruz.com\/?p=165751\" \/>\n<meta property=\"og:locale\" content=\"es_ES\" \/>\n<meta property=\"og:type\" content=\"article\" \/>\n<meta property=\"og:title\" content=\"CU\u00cdDATE DEL VIRUS DE INVIERNO! - Los pol\u00edticos Veracruz\" \/>\n<meta property=\"og:description\" content=\"El Instituto Mexicano del Seguro Social (IMSS) en Veracruz Norte informa acerca del Virus Sincitial Respiratorio (VSR), uno de los principales agentes causantes de infecciones respiratorias en beb\u00e9s y ni\u00f1os durante esta temporada invernal. \u201cEl virus sincitial respiratorio generalmente produce s\u00edntomas leves, similares a un resfriado com\u00fan; sin embargo, en algunos casos puede evolucionar a [&hellip;]\" \/>\n<meta property=\"og:url\" content=\"https:\/\/lospoliticosveracruz.com\/?p=165751\" \/>\n<meta property=\"og:site_name\" content=\"Los pol\u00edticos Veracruz\" \/>\n<meta property=\"article:publisher\" content=\"https:\/\/www.facebook.com\/people\/Notimemes-de-los-Polticos\/61565672886568\/\" \/>\n<meta property=\"article:published_time\" content=\"2026-03-10T19:14:44+00:00\" \/>\n<meta property=\"article:modified_time\" content=\"2026-03-10T19:14:45+00:00\" \/>\n<meta property=\"og:image\" content=\"https:\/\/lospoliticosveracruz.com\/wp-content\/uploads\/2026\/03\/IMG_2334.jpeg\" \/>\n\t<meta property=\"og:image:width\" content=\"600\" \/>\n\t<meta property=\"og:image:height\" content=\"320\" \/>\n\t<meta property=\"og:image:type\" content=\"image\/jpeg\" \/>\n<meta name=\"author\" content=\"Lo viste en Los Pol\u00edticos\" \/>\n<meta name=\"twitter:card\" content=\"summary_large_image\" \/>\n<meta name=\"twitter:creator\" content=\"@LosPoliticosVer\" \/>\n<meta name=\"twitter:site\" content=\"@LosPoliticosVer\" \/>\n<meta name=\"twitter:label1\" content=\"Escrito por\" \/>\n\t<meta name=\"twitter:data1\" content=\"Lo viste en Los Pol\u00edticos\" \/>\n\t<meta name=\"twitter:label2\" content=\"Tiempo de lectura\" \/>\n\t<meta name=\"twitter:data2\" content=\"2 minutos\" \/>\n<script type=\"application\/ld+json\" class=\"yoast-schema-graph\">{\"@context\":\"https:\\\/\\\/schema.org\",\"@graph\":[{\"@type\":\"Article\",\"@id\":\"https:\\\/\\\/lospoliticosveracruz.com\\\/?p=165751#article\",\"isPartOf\":{\"@id\":\"https:\\\/\\\/lospoliticosveracruz.com\\\/?p=165751\"},\"author\":{\"name\":\"Lo viste en Los Pol\u00edticos\",\"@id\":\"https:\\\/\\\/lospoliticosveracruz.com\\\/#\\\/schema\\\/person\\\/b8702bb0e538456e6efd07080bf2a4a2\"},\"headline\":\"CU\u00cdDATE DEL VIRUS DE INVIERNO!\",\"datePublished\":\"2026-03-10T19:14:44+00:00\",\"dateModified\":\"2026-03-10T19:14:45+00:00\",\"mainEntityOfPage\":{\"@id\":\"https:\\\/\\\/lospoliticosveracruz.com\\\/?p=165751\"},\"wordCount\":402,\"publisher\":{\"@id\":\"https:\\\/\\\/lospoliticosveracruz.com\\\/#organization\"},\"image\":{\"@id\":\"https:\\\/\\\/lospoliticosveracruz.com\\\/?p=165751#primaryimage\"},\"thumbnailUrl\":\"https:\\\/\\\/lospoliticosveracruz.com\\\/wp-content\\\/uploads\\\/2026\\\/03\\\/IMG_2334.jpeg\",\"keywords\":[\"bronquiolitis neumon\u00eda poblaci\u00f3n vulnerable\",\"Perla Yadira Gonz\u00e1lez Andal\u00f3n vigilancia epidemiol\u00f3gica\",\"vacunaci\u00f3n virus sincitial mujeres embarazadas\",\"Virus Sincitial Respiratorio IMSS Veracruz Norte\",\"VSR infecciones respiratorias beb\u00e9s invierno\"],\"articleSection\":[\"De Boleto\"],\"inLanguage\":\"es\"},{\"@type\":\"WebPage\",\"@id\":\"https:\\\/\\\/lospoliticosveracruz.com\\\/?p=165751\",\"url\":\"https:\\\/\\\/lospoliticosveracruz.com\\\/?p=165751\",\"name\":\"CU\u00cdDATE DEL VIRUS DE INVIERNO! - Los pol\u00edticos Veracruz\",\"isPartOf\":{\"@id\":\"https:\\\/\\\/lospoliticosveracruz.com\\\/#website\"},\"primaryImageOfPage\":{\"@id\":\"https:\\\/\\\/lospoliticosveracruz.com\\\/?p=165751#primaryimage\"},\"image\":{\"@id\":\"https:\\\/\\\/lospoliticosveracruz.com\\\/?p=165751#primaryimage\"},\"thumbnailUrl\":\"https:\\\/\\\/lospoliticosveracruz.com\\\/wp-content\\\/uploads\\\/2026\\\/03\\\/IMG_2334.jpeg\",\"datePublished\":\"2026-03-10T19:14:44+00:00\",\"dateModified\":\"2026-03-10T19:14:45+00:00\",\"breadcrumb\":{\"@id\":\"https:\\\/\\\/lospoliticosveracruz.com\\\/?p=165751#breadcrumb\"},\"inLanguage\":\"es\",\"potentialAction\":[{\"@type\":\"ReadAction\",\"target\":[\"https:\\\/\\\/lospoliticosveracruz.com\\\/?p=165751\"]}]},{\"@type\":\"ImageObject\",\"inLanguage\":\"es\",\"@id\":\"https:\\\/\\\/lospoliticosveracruz.com\\\/?p=165751#primaryimage\",\"url\":\"https:\\\/\\\/lospoliticosveracruz.com\\\/wp-content\\\/uploads\\\/2026\\\/03\\\/IMG_2334.jpeg\",\"contentUrl\":\"https:\\\/\\\/lospoliticosveracruz.com\\\/wp-content\\\/uploads\\\/2026\\\/03\\\/IMG_2334.jpeg\",\"width\":600,\"height\":320},{\"@type\":\"BreadcrumbList\",\"@id\":\"https:\\\/\\\/lospoliticosveracruz.com\\\/?p=165751#breadcrumb\",\"itemListElement\":[{\"@type\":\"ListItem\",\"position\":1,\"name\":\"Portada\",\"item\":\"https:\\\/\\\/lospoliticosveracruz.com\\\/\"},{\"@type\":\"ListItem\",\"position\":2,\"name\":\"CU\u00cdDATE DEL VIRUS DE INVIERNO!\"}]},{\"@type\":\"WebSite\",\"@id\":\"https:\\\/\\\/lospoliticosveracruz.com\\\/#website\",\"url\":\"https:\\\/\\\/lospoliticosveracruz.com\\\/\",\"name\":\"Los pol\u00edticos Veracruz\",\"description\":\"\",\"publisher\":{\"@id\":\"https:\\\/\\\/lospoliticosveracruz.com\\\/#organization\"},\"potentialAction\":[{\"@type\":\"SearchAction\",\"target\":{\"@type\":\"EntryPoint\",\"urlTemplate\":\"https:\\\/\\\/lospoliticosveracruz.com\\\/?s={search_term_string}\"},\"query-input\":{\"@type\":\"PropertyValueSpecification\",\"valueRequired\":true,\"valueName\":\"search_term_string\"}}],\"inLanguage\":\"es\"},{\"@type\":\"Organization\",\"@id\":\"https:\\\/\\\/lospoliticosveracruz.com\\\/#organization\",\"name\":\"Los pol\u00edticos Veracruz\",\"url\":\"https:\\\/\\\/lospoliticosveracruz.com\\\/\",\"logo\":{\"@type\":\"ImageObject\",\"inLanguage\":\"es\",\"@id\":\"https:\\\/\\\/lospoliticosveracruz.com\\\/#\\\/schema\\\/logo\\\/image\\\/\",\"url\":\"https:\\\/\\\/lospoliticosveracruz.com\\\/wp-content\\\/uploads\\\/2025\\\/12\\\/Logo-Nuevo-LOS-POLITICOS-1.jpg\",\"contentUrl\":\"https:\\\/\\\/lospoliticosveracruz.com\\\/wp-content\\\/uploads\\\/2025\\\/12\\\/Logo-Nuevo-LOS-POLITICOS-1.jpg\",\"width\":260,\"height\":70,\"caption\":\"Los pol\u00edticos Veracruz\"},\"image\":{\"@id\":\"https:\\\/\\\/lospoliticosveracruz.com\\\/#\\\/schema\\\/logo\\\/image\\\/\"},\"sameAs\":[\"https:\\\/\\\/www.facebook.com\\\/people\\\/Notimemes-de-los-Polticos\\\/61565672886568\\\/\",\"https:\\\/\\\/x.com\\\/LosPoliticosVer\"]},{\"@type\":\"Person\",\"@id\":\"https:\\\/\\\/lospoliticosveracruz.com\\\/#\\\/schema\\\/person\\\/b8702bb0e538456e6efd07080bf2a4a2\",\"name\":\"Lo viste en Los Pol\u00edticos\",\"image\":{\"@type\":\"ImageObject\",\"inLanguage\":\"es\",\"@id\":\"https:\\\/\\\/secure.gravatar.com\\\/avatar\\\/3a8de04a2656d44082be478bd6c086daa447c4651605818287b9532d3d0bd435?s=96&d=mm&r=g\",\"url\":\"https:\\\/\\\/secure.gravatar.com\\\/avatar\\\/3a8de04a2656d44082be478bd6c086daa447c4651605818287b9532d3d0bd435?s=96&d=mm&r=g\",\"contentUrl\":\"https:\\\/\\\/secure.gravatar.com\\\/avatar\\\/3a8de04a2656d44082be478bd6c086daa447c4651605818287b9532d3d0bd435?s=96&d=mm&r=g\",\"caption\":\"Lo viste en Los Pol\u00edticos\"},\"url\":\"https:\\\/\\\/lospoliticosveracruz.com\\\/?author=2\"}]}<\/script>\n<!-- \/ Yoast SEO plugin. -->","yoast_head_json":{"title":"CU\u00cdDATE DEL VIRUS DE INVIERNO! - Los pol\u00edticos Veracruz","robots":{"index":"index","follow":"follow","max-snippet":"max-snippet:-1","max-image-preview":"max-image-preview:large","max-video-preview":"max-video-preview:-1"},"canonical":"https:\/\/lospoliticosveracruz.com\/?p=165751","og_locale":"es_ES","og_type":"article","og_title":"CU\u00cdDATE DEL VIRUS DE INVIERNO! - Los pol\u00edticos Veracruz","og_description":"El Instituto Mexicano del Seguro Social (IMSS) en Veracruz Norte informa acerca del Virus Sincitial Respiratorio (VSR), uno de los principales agentes causantes de infecciones respiratorias en beb\u00e9s y ni\u00f1os durante esta temporada invernal. \u201cEl virus sincitial respiratorio generalmente produce s\u00edntomas leves, similares a un resfriado com\u00fan; sin embargo, en algunos casos puede evolucionar a [&hellip;]","og_url":"https:\/\/lospoliticosveracruz.com\/?p=165751","og_site_name":"Los pol\u00edticos Veracruz","article_publisher":"https:\/\/www.facebook.com\/people\/Notimemes-de-los-Polticos\/61565672886568\/","article_published_time":"2026-03-10T19:14:44+00:00","article_modified_time":"2026-03-10T19:14:45+00:00","og_image":[{"width":600,"height":320,"url":"https:\/\/lospoliticosveracruz.com\/wp-content\/uploads\/2026\/03\/IMG_2334.jpeg","type":"image\/jpeg"}],"author":"Lo viste en Los Pol\u00edticos","twitter_card":"summary_large_image","twitter_creator":"@LosPoliticosVer","twitter_site":"@LosPoliticosVer","twitter_misc":{"Escrito por":"Lo viste en Los Pol\u00edticos","Tiempo de lectura":"2 minutos"},"schema":{"@context":"https:\/\/schema.org","@graph":[{"@type":"Article","@id":"https:\/\/lospoliticosveracruz.com\/?p=165751#article","isPartOf":{"@id":"https:\/\/lospoliticosveracruz.com\/?p=165751"},"author":{"name":"Lo viste en Los Pol\u00edticos","@id":"https:\/\/lospoliticosveracruz.com\/#\/schema\/person\/b8702bb0e538456e6efd07080bf2a4a2"},"headline":"CU\u00cdDATE DEL VIRUS DE INVIERNO!","datePublished":"2026-03-10T19:14:44+00:00","dateModified":"2026-03-10T19:14:45+00:00","mainEntityOfPage":{"@id":"https:\/\/lospoliticosveracruz.com\/?p=165751"},"wordCount":402,"publisher":{"@id":"https:\/\/lospoliticosveracruz.com\/#organization"},"image":{"@id":"https:\/\/lospoliticosveracruz.com\/?p=165751#primaryimage"},"thumbnailUrl":"https:\/\/lospoliticosveracruz.com\/wp-content\/uploads\/2026\/03\/IMG_2334.jpeg","keywords":["bronquiolitis neumon\u00eda poblaci\u00f3n vulnerable","Perla Yadira Gonz\u00e1lez Andal\u00f3n vigilancia epidemiol\u00f3gica","vacunaci\u00f3n virus sincitial mujeres embarazadas","Virus Sincitial Respiratorio IMSS Veracruz Norte","VSR infecciones respiratorias beb\u00e9s invierno"],"articleSection":["De Boleto"],"inLanguage":"es"},{"@type":"WebPage","@id":"https:\/\/lospoliticosveracruz.com\/?p=165751","url":"https:\/\/lospoliticosveracruz.com\/?p=165751","name":"CU\u00cdDATE DEL VIRUS DE INVIERNO! - Los pol\u00edticos Veracruz","isPartOf":{"@id":"https:\/\/lospoliticosveracruz.com\/#website"},"primaryImageOfPage":{"@id":"https:\/\/lospoliticosveracruz.com\/?p=165751#primaryimage"},"image":{"@id":"https:\/\/lospoliticosveracruz.com\/?p=165751#primaryimage"},"thumbnailUrl":"https:\/\/lospoliticosveracruz.com\/wp-content\/uploads\/2026\/03\/IMG_2334.jpeg","datePublished":"2026-03-10T19:14:44+00:00","dateModified":"2026-03-10T19:14:45+00:00","breadcrumb":{"@id":"https:\/\/lospoliticosveracruz.com\/?p=165751#breadcrumb"},"inLanguage":"es","potentialAction":[{"@type":"ReadAction","target":["https:\/\/lospoliticosveracruz.com\/?p=165751"]}]},{"@type":"ImageObject","inLanguage":"es","@id":"https:\/\/lospoliticosveracruz.com\/?p=165751#primaryimage","url":"https:\/\/lospoliticosveracruz.com\/wp-content\/uploads\/2026\/03\/IMG_2334.jpeg","contentUrl":"https:\/\/lospoliticosveracruz.com\/wp-content\/uploads\/2026\/03\/IMG_2334.jpeg","width":600,"height":320},{"@type":"BreadcrumbList","@id":"https:\/\/lospoliticosveracruz.com\/?p=165751#breadcrumb","itemListElement":[{"@type":"ListItem","position":1,"name":"Portada","item":"https:\/\/lospoliticosveracruz.com\/"},{"@type":"ListItem","position":2,"name":"CU\u00cdDATE DEL VIRUS DE INVIERNO!"}]},{"@type":"WebSite","@id":"https:\/\/lospoliticosveracruz.com\/#website","url":"https:\/\/lospoliticosveracruz.com\/","name":"Los pol\u00edticos Veracruz","description":"","publisher":{"@id":"https:\/\/lospoliticosveracruz.com\/#organization"},"potentialAction":[{"@type":"SearchAction","target":{"@type":"EntryPoint","urlTemplate":"https:\/\/lospoliticosveracruz.com\/?s={search_term_string}"},"query-input":{"@type":"PropertyValueSpecification","valueRequired":true,"valueName":"search_term_string"}}],"inLanguage":"es"},{"@type":"Organization","@id":"https:\/\/lospoliticosveracruz.com\/#organization","name":"Los pol\u00edticos Veracruz","url":"https:\/\/lospoliticosveracruz.com\/","logo":{"@type":"ImageObject","inLanguage":"es","@id":"https:\/\/lospoliticosveracruz.com\/#\/schema\/logo\/image\/","url":"https:\/\/lospoliticosveracruz.com\/wp-content\/uploads\/2025\/12\/Logo-Nuevo-LOS-POLITICOS-1.jpg","contentUrl":"https:\/\/lospoliticosveracruz.com\/wp-content\/uploads\/2025\/12\/Logo-Nuevo-LOS-POLITICOS-1.jpg","width":260,"height":70,"caption":"Los pol\u00edticos Veracruz"},"image":{"@id":"https:\/\/lospoliticosveracruz.com\/#\/schema\/logo\/image\/"},"sameAs":["https:\/\/www.facebook.com\/people\/Notimemes-de-los-Polticos\/61565672886568\/","https:\/\/x.com\/LosPoliticosVer"]},{"@type":"Person","@id":"https:\/\/lospoliticosveracruz.com\/#\/schema\/person\/b8702bb0e538456e6efd07080bf2a4a2","name":"Lo viste en Los Pol\u00edticos","image":{"@type":"ImageObject","inLanguage":"es","@id":"https:\/\/secure.gravatar.com\/avatar\/3a8de04a2656d44082be478bd6c086daa447c4651605818287b9532d3d0bd435?s=96&d=mm&r=g","url":"https:\/\/secure.gravatar.com\/avatar\/3a8de04a2656d44082be478bd6c086daa447c4651605818287b9532d3d0bd435?s=96&d=mm&r=g","contentUrl":"https:\/\/secure.gravatar.com\/avatar\/3a8de04a2656d44082be478bd6c086daa447c4651605818287b9532d3d0bd435?s=96&d=mm&r=g","caption":"Lo viste en Los Pol\u00edticos"},"url":"https:\/\/lospoliticosveracruz.com\/?author=2"}]}},"_links":{"self":[{"href":"https:\/\/lospoliticosveracruz.com\/index.php?rest_route=\/wp\/v2\/posts\/165751","targetHints":{"allow":["GET"]}}],"collection":[{"href":"https:\/\/lospoliticosveracruz.com\/index.php?rest_route=\/wp\/v2\/posts"}],"about":[{"href":"https:\/\/lospoliticosveracruz.com\/index.php?rest_route=\/wp\/v2\/types\/post"}],"author":[{"embeddable":true,"href":"https:\/\/lospoliticosveracruz.com\/index.php?rest_route=\/wp\/v2\/users\/2"}],"replies":[{"embeddable":true,"href":"https:\/\/lospoliticosveracruz.com\/index.php?rest_route=%2Fwp%2Fv2%2Fcomments&post=165751"}],"version-history":[{"count":1,"href":"https:\/\/lospoliticosveracruz.com\/index.php?rest_route=\/wp\/v2\/posts\/165751\/revisions"}],"predecessor-version":[{"id":165753,"href":"https:\/\/lospoliticosveracruz.com\/index.php?rest_route=\/wp\/v2\/posts\/165751\/revisions\/165753"}],"wp:featuredmedia":[{"embeddable":true,"href":"https:\/\/lospoliticosveracruz.com\/index.php?rest_route=\/wp\/v2\/media\/165752"}],"wp:attachment":[{"href":"https:\/\/lospoliticosveracruz.com\/index.php?rest_route=%2Fwp%2Fv2%2Fmedia&parent=165751"}],"wp:term":[{"taxonomy":"category","embeddable":true,"href":"https:\/\/lospoliticosveracruz.com\/index.php?rest_route=%2Fwp%2Fv2%2Fcategories&post=165751"},{"taxonomy":"post_tag","embeddable":true,"href":"https:\/\/lospoliticosveracruz.com\/index.php?rest_route=%2Fwp%2Fv2%2Ftags&post=165751"}],"curies":[{"name":"wp","href":"https:\/\/api.w.org\/{rel}","templated":true}]}}