{"id":165770,"date":"2026-03-10T16:04:13","date_gmt":"2026-03-10T22:04:13","guid":{"rendered":"https:\/\/lospoliticosveracruz.com\/?p=165770"},"modified":"2026-03-10T18:19:22","modified_gmt":"2026-03-11T00:19:22","slug":"imm-primeros-en-responder-en-una-desaparicion","status":"publish","type":"post","link":"https:\/\/lospoliticosveracruz.com\/?p=165770","title":{"rendered":"IMM, PRIMEROS EN RESPONDER EN UNA DESAPARICI\u00d3N\u00a0"},"content":{"rendered":"\n<p><strong>Angeles Gonz\u00e1lez Ceballos<\/strong><\/p>\n\n\n\n<p>La titular del Instituto Veracruzano de las Mujeres (IVM), Zaira Fabiola del Toro Olivares, defini\u00f3 que los institutos municipales de las mujeres de los 212 ayuntamientos del Estado, trabajar\u00e1n como primeros respondientes en el caso de desapariciones de ni\u00f1as y mujeres en las demarcaciones locales.&nbsp;<\/p>\n\n\n\n<p>En entrevista, refiri\u00f3 que desde la Presidencia se lanz\u00f3 el \u00a8Protocolo Nacional para la b\u00fasqueda, localizaci\u00f3n e identificaci\u00f3n de personas desaparecidas y no localizadas\u00a8, con lo cual podr\u00e1n capacitar a las y los funcionarios que son el primer contacto cuando se registra una desaparici\u00f3n.&nbsp;<\/p>\n\n\n\n<p>La idea es que desde los ayuntamientos los primeros respondientes sepan a qu\u00e9 hacer a qu\u00e9 instituciones llamar y acelerar las b\u00fasquedas.&nbsp;<\/p>\n\n\n\n<p>En el caso de los ayuntamientos que tienen una Alerta de Violencia de G\u00e9nero contra las Mujeres (AVGM) por feminicidio, puntualiz\u00f3 que tienen un trabajo espec\u00edfico que atiende a las medidas de seguridad, prevenci\u00f3n, justicia y reparaci\u00f3n del da\u00f1o, dependiendo de las l\u00edneas de trabajo que le corresponda a cada uno de \u00e9stos.&nbsp;<\/p>\n\n\n\n<p>Detall\u00f3 que lo que tienen que hacer es, entre otros: instalar los sistemas que ten\u00eda que ser antes del 30 de enero, capacitaci\u00f3n a polic\u00edas, recuperaci\u00f3n de espacios p\u00fablicos, alumbrado, redes vecinales, patrullajes constantes, difusi\u00f3n de informaci\u00f3n para saber a d\u00f3nde acudir en caso de riesgo o de violencia.<\/p>\n\n\n\n<p>En otro tema, la funcionaria estatal afirm\u00f3 que no hab\u00eda sido requerida para responder de las observaciones hechas por la Auditor\u00eda Superior de la Federaci\u00f3n en la gesti\u00f3n como titular del Instituto Municipal de las Mujeres en el ayuntamiento de Xalapa.&nbsp;<\/p>\n\n\n\n<p>\u00a8La Alcaldesa (Daniela Griego) lo coment\u00f3, pero no he recibido ninguna notificaci\u00f3n, sin embargo, estamos en la mejor disposici\u00f3n de aclarar, hacer lo que se tenga que hacer, trabajamos bajo uno de los principios que en su momento estableci\u00f3 el Alcalde: con trabajo y transparencia\u00a8, subray\u00f3.&nbsp;<\/p>\n\n\n\n<p>Finalmente, expuso, con base en las cifras del Secretariado Ejecutivo del Sistema Nacional de Seguridad P\u00fablica, de enero a la fecha han ocurrido 4 feminicidios, por lo que en este momento est\u00e1n haciendo el acompa\u00f1amiento legal para saber si ser\u00e1n tipificados como homicidio doloso o feminicidios.&nbsp;<\/p>\n\n\n\n<p>\u00a8Es menor (la cifra de 4 feminicidios con relaci\u00f3n al 2025), cabe mencionar que el Estado se encuentra en sexto lugar (por el n\u00famero de este tipo de delitos) y bajamos la posici\u00f3n a nivel nacional\u00a8, sostuvo.<\/p>\n","protected":false},"excerpt":{"rendered":"<p>Angeles Gonz\u00e1lez Ceballos La titular del Instituto Veracruzano de las Mujeres (IVM), Zaira Fabiola del Toro Olivares, defini\u00f3 que los institutos municipales de las mujeres de los 212 ayuntamientos del Estado, trabajar\u00e1n como primeros respondientes en el caso de desapariciones de ni\u00f1as y mujeres en las demarcaciones locales.&nbsp; En entrevista, refiri\u00f3 que desde la Presidencia [&hellip;]<\/p>\n","protected":false},"author":2,"featured_media":165771,"comment_status":"closed","ping_status":"closed","sticky":false,"template":"","format":"standard","meta":{"tdm_status":"","tdm_grid_status":"","footnotes":""},"categories":[6446],"tags":[57010,56978,57013,57012,57011],"class_list":{"0":"post-165770","1":"post","2":"type-post","3":"status-publish","4":"format-standard","5":"has-post-thumbnail","7":"category-la-nota","8":"tag-alerta-de-violencia-de-genero-veracruz-2026","9":"tag-instituto-veracruzano-de-las-mujeres-desapariciones","10":"tag-primeros-respondientes-ayuntamientos","11":"tag-protocolo-nacional-de-busqueda-veracruz","12":"tag-zaira-fabiola-del-toro-olivares"},"yoast_head":"<!-- This site is optimized with the Yoast SEO plugin v27.4 - https:\/\/yoast.com\/product\/yoast-seo-wordpress\/ -->\n<title>IMM, PRIMEROS EN RESPONDER EN UNA DESAPARICI\u00d3N\u00a0 - Los pol\u00edticos Veracruz<\/title>\n<meta name=\"robots\" content=\"index, follow, max-snippet:-1, max-image-preview:large, max-video-preview:-1\" \/>\n<link rel=\"canonical\" href=\"https:\/\/lospoliticosveracruz.com\/?p=165770\" \/>\n<meta property=\"og:locale\" content=\"es_ES\" \/>\n<meta property=\"og:type\" content=\"article\" \/>\n<meta property=\"og:title\" content=\"IMM, PRIMEROS EN RESPONDER EN UNA DESAPARICI\u00d3N\u00a0 - Los pol\u00edticos Veracruz\" \/>\n<meta property=\"og:description\" content=\"Angeles Gonz\u00e1lez Ceballos La titular del Instituto Veracruzano de las Mujeres (IVM), Zaira Fabiola del Toro Olivares, defini\u00f3 que los institutos municipales de las mujeres de los 212 ayuntamientos del Estado, trabajar\u00e1n como primeros respondientes en el caso de desapariciones de ni\u00f1as y mujeres en las demarcaciones locales.&nbsp; En entrevista, refiri\u00f3 que desde la Presidencia [&hellip;]\" \/>\n<meta property=\"og:url\" content=\"https:\/\/lospoliticosveracruz.com\/?p=165770\" \/>\n<meta property=\"og:site_name\" content=\"Los pol\u00edticos Veracruz\" \/>\n<meta property=\"article:publisher\" content=\"https:\/\/www.facebook.com\/people\/Notimemes-de-los-Polticos\/61565672886568\/\" \/>\n<meta property=\"article:published_time\" content=\"2026-03-10T22:04:13+00:00\" \/>\n<meta property=\"article:modified_time\" content=\"2026-03-11T00:19:22+00:00\" \/>\n<meta property=\"og:image\" content=\"https:\/\/lospoliticosveracruz.com\/wp-content\/uploads\/2026\/03\/Zaira-Fabiola.jpg\" \/>\n\t<meta property=\"og:image:width\" content=\"600\" \/>\n\t<meta property=\"og:image:height\" content=\"320\" \/>\n\t<meta property=\"og:image:type\" content=\"image\/jpeg\" \/>\n<meta name=\"author\" content=\"Lo viste en Los Pol\u00edticos\" \/>\n<meta name=\"twitter:card\" content=\"summary_large_image\" \/>\n<meta name=\"twitter:creator\" content=\"@LosPoliticosVer\" \/>\n<meta name=\"twitter:site\" content=\"@LosPoliticosVer\" \/>\n<meta name=\"twitter:label1\" content=\"Escrito por\" \/>\n\t<meta name=\"twitter:data1\" content=\"Lo viste en Los Pol\u00edticos\" \/>\n\t<meta name=\"twitter:label2\" content=\"Tiempo de lectura\" \/>\n\t<meta name=\"twitter:data2\" content=\"2 minutos\" \/>\n<script type=\"application\/ld+json\" class=\"yoast-schema-graph\">{\"@context\":\"https:\\\/\\\/schema.org\",\"@graph\":[{\"@type\":\"Article\",\"@id\":\"https:\\\/\\\/lospoliticosveracruz.com\\\/?p=165770#article\",\"isPartOf\":{\"@id\":\"https:\\\/\\\/lospoliticosveracruz.com\\\/?p=165770\"},\"author\":{\"name\":\"Lo viste en Los Pol\u00edticos\",\"@id\":\"https:\\\/\\\/lospoliticosveracruz.com\\\/#\\\/schema\\\/person\\\/b8702bb0e538456e6efd07080bf2a4a2\"},\"headline\":\"IMM, PRIMEROS EN RESPONDER EN UNA DESAPARICI\u00d3N\u00a0\",\"datePublished\":\"2026-03-10T22:04:13+00:00\",\"dateModified\":\"2026-03-11T00:19:22+00:00\",\"mainEntityOfPage\":{\"@id\":\"https:\\\/\\\/lospoliticosveracruz.com\\\/?p=165770\"},\"wordCount\":432,\"publisher\":{\"@id\":\"https:\\\/\\\/lospoliticosveracruz.com\\\/#organization\"},\"image\":{\"@id\":\"https:\\\/\\\/lospoliticosveracruz.com\\\/?p=165770#primaryimage\"},\"thumbnailUrl\":\"https:\\\/\\\/lospoliticosveracruz.com\\\/wp-content\\\/uploads\\\/2026\\\/03\\\/Zaira-Fabiola.jpg\",\"keywords\":[\"Alerta de Violencia de G\u00e9nero Veracruz 2026\",\"Instituto Veracruzano de las Mujeres desapariciones\",\"primeros respondientes ayuntamientos\",\"protocolo nacional de b\u00fasqueda Veracruz\",\"Zaira Fabiola del Toro Olivares\"],\"articleSection\":[\"La Nota\"],\"inLanguage\":\"es\"},{\"@type\":\"WebPage\",\"@id\":\"https:\\\/\\\/lospoliticosveracruz.com\\\/?p=165770\",\"url\":\"https:\\\/\\\/lospoliticosveracruz.com\\\/?p=165770\",\"name\":\"IMM, PRIMEROS EN RESPONDER EN UNA DESAPARICI\u00d3N\u00a0 - Los pol\u00edticos Veracruz\",\"isPartOf\":{\"@id\":\"https:\\\/\\\/lospoliticosveracruz.com\\\/#website\"},\"primaryImageOfPage\":{\"@id\":\"https:\\\/\\\/lospoliticosveracruz.com\\\/?p=165770#primaryimage\"},\"image\":{\"@id\":\"https:\\\/\\\/lospoliticosveracruz.com\\\/?p=165770#primaryimage\"},\"thumbnailUrl\":\"https:\\\/\\\/lospoliticosveracruz.com\\\/wp-content\\\/uploads\\\/2026\\\/03\\\/Zaira-Fabiola.jpg\",\"datePublished\":\"2026-03-10T22:04:13+00:00\",\"dateModified\":\"2026-03-11T00:19:22+00:00\",\"breadcrumb\":{\"@id\":\"https:\\\/\\\/lospoliticosveracruz.com\\\/?p=165770#breadcrumb\"},\"inLanguage\":\"es\",\"potentialAction\":[{\"@type\":\"ReadAction\",\"target\":[\"https:\\\/\\\/lospoliticosveracruz.com\\\/?p=165770\"]}]},{\"@type\":\"ImageObject\",\"inLanguage\":\"es\",\"@id\":\"https:\\\/\\\/lospoliticosveracruz.com\\\/?p=165770#primaryimage\",\"url\":\"https:\\\/\\\/lospoliticosveracruz.com\\\/wp-content\\\/uploads\\\/2026\\\/03\\\/Zaira-Fabiola.jpg\",\"contentUrl\":\"https:\\\/\\\/lospoliticosveracruz.com\\\/wp-content\\\/uploads\\\/2026\\\/03\\\/Zaira-Fabiola.jpg\",\"width\":600,\"height\":320},{\"@type\":\"BreadcrumbList\",\"@id\":\"https:\\\/\\\/lospoliticosveracruz.com\\\/?p=165770#breadcrumb\",\"itemListElement\":[{\"@type\":\"ListItem\",\"position\":1,\"name\":\"Portada\",\"item\":\"https:\\\/\\\/lospoliticosveracruz.com\\\/\"},{\"@type\":\"ListItem\",\"position\":2,\"name\":\"IMM, PRIMEROS EN RESPONDER EN UNA DESAPARICI\u00d3N\u00a0\"}]},{\"@type\":\"WebSite\",\"@id\":\"https:\\\/\\\/lospoliticosveracruz.com\\\/#website\",\"url\":\"https:\\\/\\\/lospoliticosveracruz.com\\\/\",\"name\":\"Los pol\u00edticos Veracruz\",\"description\":\"\",\"publisher\":{\"@id\":\"https:\\\/\\\/lospoliticosveracruz.com\\\/#organization\"},\"potentialAction\":[{\"@type\":\"SearchAction\",\"target\":{\"@type\":\"EntryPoint\",\"urlTemplate\":\"https:\\\/\\\/lospoliticosveracruz.com\\\/?s={search_term_string}\"},\"query-input\":{\"@type\":\"PropertyValueSpecification\",\"valueRequired\":true,\"valueName\":\"search_term_string\"}}],\"inLanguage\":\"es\"},{\"@type\":\"Organization\",\"@id\":\"https:\\\/\\\/lospoliticosveracruz.com\\\/#organization\",\"name\":\"Los pol\u00edticos Veracruz\",\"url\":\"https:\\\/\\\/lospoliticosveracruz.com\\\/\",\"logo\":{\"@type\":\"ImageObject\",\"inLanguage\":\"es\",\"@id\":\"https:\\\/\\\/lospoliticosveracruz.com\\\/#\\\/schema\\\/logo\\\/image\\\/\",\"url\":\"https:\\\/\\\/lospoliticosveracruz.com\\\/wp-content\\\/uploads\\\/2025\\\/12\\\/Logo-Nuevo-LOS-POLITICOS-1.jpg\",\"contentUrl\":\"https:\\\/\\\/lospoliticosveracruz.com\\\/wp-content\\\/uploads\\\/2025\\\/12\\\/Logo-Nuevo-LOS-POLITICOS-1.jpg\",\"width\":260,\"height\":70,\"caption\":\"Los pol\u00edticos Veracruz\"},\"image\":{\"@id\":\"https:\\\/\\\/lospoliticosveracruz.com\\\/#\\\/schema\\\/logo\\\/image\\\/\"},\"sameAs\":[\"https:\\\/\\\/www.facebook.com\\\/people\\\/Notimemes-de-los-Polticos\\\/61565672886568\\\/\",\"https:\\\/\\\/x.com\\\/LosPoliticosVer\"]},{\"@type\":\"Person\",\"@id\":\"https:\\\/\\\/lospoliticosveracruz.com\\\/#\\\/schema\\\/person\\\/b8702bb0e538456e6efd07080bf2a4a2\",\"name\":\"Lo viste en Los Pol\u00edticos\",\"image\":{\"@type\":\"ImageObject\",\"inLanguage\":\"es\",\"@id\":\"https:\\\/\\\/secure.gravatar.com\\\/avatar\\\/3a8de04a2656d44082be478bd6c086daa447c4651605818287b9532d3d0bd435?s=96&d=mm&r=g\",\"url\":\"https:\\\/\\\/secure.gravatar.com\\\/avatar\\\/3a8de04a2656d44082be478bd6c086daa447c4651605818287b9532d3d0bd435?s=96&d=mm&r=g\",\"contentUrl\":\"https:\\\/\\\/secure.gravatar.com\\\/avatar\\\/3a8de04a2656d44082be478bd6c086daa447c4651605818287b9532d3d0bd435?s=96&d=mm&r=g\",\"caption\":\"Lo viste en Los Pol\u00edticos\"},\"url\":\"https:\\\/\\\/lospoliticosveracruz.com\\\/?author=2\"}]}<\/script>\n<!-- \/ Yoast SEO plugin. -->","yoast_head_json":{"title":"IMM, PRIMEROS EN RESPONDER EN UNA DESAPARICI\u00d3N\u00a0 - Los pol\u00edticos Veracruz","robots":{"index":"index","follow":"follow","max-snippet":"max-snippet:-1","max-image-preview":"max-image-preview:large","max-video-preview":"max-video-preview:-1"},"canonical":"https:\/\/lospoliticosveracruz.com\/?p=165770","og_locale":"es_ES","og_type":"article","og_title":"IMM, PRIMEROS EN RESPONDER EN UNA DESAPARICI\u00d3N\u00a0 - Los pol\u00edticos Veracruz","og_description":"Angeles Gonz\u00e1lez Ceballos La titular del Instituto Veracruzano de las Mujeres (IVM), Zaira Fabiola del Toro Olivares, defini\u00f3 que los institutos municipales de las mujeres de los 212 ayuntamientos del Estado, trabajar\u00e1n como primeros respondientes en el caso de desapariciones de ni\u00f1as y mujeres en las demarcaciones locales.&nbsp; En entrevista, refiri\u00f3 que desde la Presidencia [&hellip;]","og_url":"https:\/\/lospoliticosveracruz.com\/?p=165770","og_site_name":"Los pol\u00edticos Veracruz","article_publisher":"https:\/\/www.facebook.com\/people\/Notimemes-de-los-Polticos\/61565672886568\/","article_published_time":"2026-03-10T22:04:13+00:00","article_modified_time":"2026-03-11T00:19:22+00:00","og_image":[{"width":600,"height":320,"url":"https:\/\/lospoliticosveracruz.com\/wp-content\/uploads\/2026\/03\/Zaira-Fabiola.jpg","type":"image\/jpeg"}],"author":"Lo viste en Los Pol\u00edticos","twitter_card":"summary_large_image","twitter_creator":"@LosPoliticosVer","twitter_site":"@LosPoliticosVer","twitter_misc":{"Escrito por":"Lo viste en Los Pol\u00edticos","Tiempo de lectura":"2 minutos"},"schema":{"@context":"https:\/\/schema.org","@graph":[{"@type":"Article","@id":"https:\/\/lospoliticosveracruz.com\/?p=165770#article","isPartOf":{"@id":"https:\/\/lospoliticosveracruz.com\/?p=165770"},"author":{"name":"Lo viste en Los Pol\u00edticos","@id":"https:\/\/lospoliticosveracruz.com\/#\/schema\/person\/b8702bb0e538456e6efd07080bf2a4a2"},"headline":"IMM, PRIMEROS EN RESPONDER EN UNA DESAPARICI\u00d3N\u00a0","datePublished":"2026-03-10T22:04:13+00:00","dateModified":"2026-03-11T00:19:22+00:00","mainEntityOfPage":{"@id":"https:\/\/lospoliticosveracruz.com\/?p=165770"},"wordCount":432,"publisher":{"@id":"https:\/\/lospoliticosveracruz.com\/#organization"},"image":{"@id":"https:\/\/lospoliticosveracruz.com\/?p=165770#primaryimage"},"thumbnailUrl":"https:\/\/lospoliticosveracruz.com\/wp-content\/uploads\/2026\/03\/Zaira-Fabiola.jpg","keywords":["Alerta de Violencia de G\u00e9nero Veracruz 2026","Instituto Veracruzano de las Mujeres desapariciones","primeros respondientes ayuntamientos","protocolo nacional de b\u00fasqueda Veracruz","Zaira Fabiola del Toro Olivares"],"articleSection":["La Nota"],"inLanguage":"es"},{"@type":"WebPage","@id":"https:\/\/lospoliticosveracruz.com\/?p=165770","url":"https:\/\/lospoliticosveracruz.com\/?p=165770","name":"IMM, PRIMEROS EN RESPONDER EN UNA DESAPARICI\u00d3N\u00a0 - Los pol\u00edticos Veracruz","isPartOf":{"@id":"https:\/\/lospoliticosveracruz.com\/#website"},"primaryImageOfPage":{"@id":"https:\/\/lospoliticosveracruz.com\/?p=165770#primaryimage"},"image":{"@id":"https:\/\/lospoliticosveracruz.com\/?p=165770#primaryimage"},"thumbnailUrl":"https:\/\/lospoliticosveracruz.com\/wp-content\/uploads\/2026\/03\/Zaira-Fabiola.jpg","datePublished":"2026-03-10T22:04:13+00:00","dateModified":"2026-03-11T00:19:22+00:00","breadcrumb":{"@id":"https:\/\/lospoliticosveracruz.com\/?p=165770#breadcrumb"},"inLanguage":"es","potentialAction":[{"@type":"ReadAction","target":["https:\/\/lospoliticosveracruz.com\/?p=165770"]}]},{"@type":"ImageObject","inLanguage":"es","@id":"https:\/\/lospoliticosveracruz.com\/?p=165770#primaryimage","url":"https:\/\/lospoliticosveracruz.com\/wp-content\/uploads\/2026\/03\/Zaira-Fabiola.jpg","contentUrl":"https:\/\/lospoliticosveracruz.com\/wp-content\/uploads\/2026\/03\/Zaira-Fabiola.jpg","width":600,"height":320},{"@type":"BreadcrumbList","@id":"https:\/\/lospoliticosveracruz.com\/?p=165770#breadcrumb","itemListElement":[{"@type":"ListItem","position":1,"name":"Portada","item":"https:\/\/lospoliticosveracruz.com\/"},{"@type":"ListItem","position":2,"name":"IMM, PRIMEROS EN RESPONDER EN UNA DESAPARICI\u00d3N\u00a0"}]},{"@type":"WebSite","@id":"https:\/\/lospoliticosveracruz.com\/#website","url":"https:\/\/lospoliticosveracruz.com\/","name":"Los pol\u00edticos Veracruz","description":"","publisher":{"@id":"https:\/\/lospoliticosveracruz.com\/#organization"},"potentialAction":[{"@type":"SearchAction","target":{"@type":"EntryPoint","urlTemplate":"https:\/\/lospoliticosveracruz.com\/?s={search_term_string}"},"query-input":{"@type":"PropertyValueSpecification","valueRequired":true,"valueName":"search_term_string"}}],"inLanguage":"es"},{"@type":"Organization","@id":"https:\/\/lospoliticosveracruz.com\/#organization","name":"Los pol\u00edticos Veracruz","url":"https:\/\/lospoliticosveracruz.com\/","logo":{"@type":"ImageObject","inLanguage":"es","@id":"https:\/\/lospoliticosveracruz.com\/#\/schema\/logo\/image\/","url":"https:\/\/lospoliticosveracruz.com\/wp-content\/uploads\/2025\/12\/Logo-Nuevo-LOS-POLITICOS-1.jpg","contentUrl":"https:\/\/lospoliticosveracruz.com\/wp-content\/uploads\/2025\/12\/Logo-Nuevo-LOS-POLITICOS-1.jpg","width":260,"height":70,"caption":"Los pol\u00edticos Veracruz"},"image":{"@id":"https:\/\/lospoliticosveracruz.com\/#\/schema\/logo\/image\/"},"sameAs":["https:\/\/www.facebook.com\/people\/Notimemes-de-los-Polticos\/61565672886568\/","https:\/\/x.com\/LosPoliticosVer"]},{"@type":"Person","@id":"https:\/\/lospoliticosveracruz.com\/#\/schema\/person\/b8702bb0e538456e6efd07080bf2a4a2","name":"Lo viste en Los Pol\u00edticos","image":{"@type":"ImageObject","inLanguage":"es","@id":"https:\/\/secure.gravatar.com\/avatar\/3a8de04a2656d44082be478bd6c086daa447c4651605818287b9532d3d0bd435?s=96&d=mm&r=g","url":"https:\/\/secure.gravatar.com\/avatar\/3a8de04a2656d44082be478bd6c086daa447c4651605818287b9532d3d0bd435?s=96&d=mm&r=g","contentUrl":"https:\/\/secure.gravatar.com\/avatar\/3a8de04a2656d44082be478bd6c086daa447c4651605818287b9532d3d0bd435?s=96&d=mm&r=g","caption":"Lo viste en Los Pol\u00edticos"},"url":"https:\/\/lospoliticosveracruz.com\/?author=2"}]}},"_links":{"self":[{"href":"https:\/\/lospoliticosveracruz.com\/index.php?rest_route=\/wp\/v2\/posts\/165770","targetHints":{"allow":["GET"]}}],"collection":[{"href":"https:\/\/lospoliticosveracruz.com\/index.php?rest_route=\/wp\/v2\/posts"}],"about":[{"href":"https:\/\/lospoliticosveracruz.com\/index.php?rest_route=\/wp\/v2\/types\/post"}],"author":[{"embeddable":true,"href":"https:\/\/lospoliticosveracruz.com\/index.php?rest_route=\/wp\/v2\/users\/2"}],"replies":[{"embeddable":true,"href":"https:\/\/lospoliticosveracruz.com\/index.php?rest_route=%2Fwp%2Fv2%2Fcomments&post=165770"}],"version-history":[{"count":1,"href":"https:\/\/lospoliticosveracruz.com\/index.php?rest_route=\/wp\/v2\/posts\/165770\/revisions"}],"predecessor-version":[{"id":165772,"href":"https:\/\/lospoliticosveracruz.com\/index.php?rest_route=\/wp\/v2\/posts\/165770\/revisions\/165772"}],"wp:featuredmedia":[{"embeddable":true,"href":"https:\/\/lospoliticosveracruz.com\/index.php?rest_route=\/wp\/v2\/media\/165771"}],"wp:attachment":[{"href":"https:\/\/lospoliticosveracruz.com\/index.php?rest_route=%2Fwp%2Fv2%2Fmedia&parent=165770"}],"wp:term":[{"taxonomy":"category","embeddable":true,"href":"https:\/\/lospoliticosveracruz.com\/index.php?rest_route=%2Fwp%2Fv2%2Fcategories&post=165770"},{"taxonomy":"post_tag","embeddable":true,"href":"https:\/\/lospoliticosveracruz.com\/index.php?rest_route=%2Fwp%2Fv2%2Ftags&post=165770"}],"curies":[{"name":"wp","href":"https:\/\/api.w.org\/{rel}","templated":true}]}}