{"id":165774,"date":"2026-03-10T16:11:04","date_gmt":"2026-03-10T22:11:04","guid":{"rendered":"https:\/\/lospoliticosveracruz.com\/?p=165774"},"modified":"2026-03-10T16:11:06","modified_gmt":"2026-03-10T22:11:06","slug":"feliz-poder-economico","status":"publish","type":"post","link":"https:\/\/lospoliticosveracruz.com\/?p=165774","title":{"rendered":"FELIZ PODER ECON\u00d3MICO"},"content":{"rendered":"\n<p><strong>Jorge Arturo Rodr\u00edguez<\/strong><\/p>\n\n\n\n<p><em>Tierra de Babel<\/em><\/p>\n\n\n\n<p>Dicen por ah\u00ed, en una pel\u00edcula comedia o algo as\u00ed, que \u201cla vida es corta y ser feliz es lo que importa\u201d. Pero me pregunto c\u00f3mo vivir feliz en una vida corta, en un tiempo en que los pron\u00f3sticos no son alentadores casi pa\u2019 nadie, a no ser que cuentes con tu dinerito, poco o mucho pero que lo tengas, o seas pariente -\u00bfpedante?- de los ricos, o allegado -\u00bfarrimado?- pol\u00edtico; vaya, dentro del c\u00edrculo de los ricos de anta\u00f1o o de los nuevos ricos, o de plano felizmente te hayas convertido en cuate de los afortunados de la t\u00f3mbola, de los acordeones, de las consultas, de \u201clo que diga mi dedito\u201d, del dedazo contempor\u00e1neo simulado de democracia, de los designios de Dios.<\/p>\n\n\n\n<p>Como lo se\u00f1al\u00f3&nbsp;<strong>Ricardo Raphael<\/strong>, en su columna&nbsp;<strong>\u201cDemocracia con partidos autoritarios\u201d<\/strong>: \u201cMejor que hayan sido pol\u00edticos que m\u00e9dicos. Cada vez aciertan en el diagn\u00f3stico, pero se equivocan en el remedio. La propuesta de reforma electoral presentada el d\u00eda de ayer atiende un tema muy relevante: los partidos mexicanos no son entidades de inter\u00e9s p\u00fablico sino propiedad, casi privada, de unos cuantos.\u201d (<a href=\"http:\/\/milenio.com\/\"><strong><em>milenio.com<\/em><\/strong><\/a>, 05\/03\/2026).<\/p>\n\n\n\n<p>Porque lo que importa, para muchos, no es la felicidad aut\u00e9ntica, sino la vida feliz arrastrada por el dinero y el poder. Pero ojo, no cerremos los ojos y hagamos como que no pasa nada. Seamos realistas: desde casa los problemas de todo tipo nos acorralan, sobre todo ese miedo a lo peor, la violencia en su infinidad de manifestaciones, pasando por la destrucci\u00f3n de la naturaleza, contaminaci\u00f3n tras contaminaci\u00f3n, \u201caccidentes tras accidentes\u201d -\u00bfqu\u00e9 somos tan \u201cp\u00e9njamos\u201d?- y, desde luego, hasta la guerra y el fuego aterrador que se extiende. Ante esto, las autoridades -no todas, claro-, hacen como que hacen y lo dejan al tiempo, al olvido.<\/p>\n\n\n\n<p>\u00bfQu\u00e9 hay detr\u00e1s de todo esto? No se necesita ser erudito para contestar: poder econ\u00f3mico. Tener y mantener un poder\u00edo econ\u00f3mico o una econom\u00eda poderosa, due\u00f1a del mundo, del cielo, del infinito y m\u00e1s all\u00e1\u2026 Y se da a nivel mundial y, desde luego, aqu\u00ed mismito en&nbsp;<strong>M\u00e9xico<\/strong>. No hay de qu\u00e9 preocuparse: los pobres son eternos. No como \u201cel amor es eterno mientras dura\u201d, de no recuerdo qu\u00e9 escritor.<\/p>\n\n\n\n<p>Porque no por madrugar amanece m\u00e1s temprano. O lo que es lo mismo: \u201cPepito, conjuga el verbo andar. -Yo\u2026 yo ando\u2026 T\u00fa\u2026 t\u00fa andas. -\u00a1M\u00e1s deprisa! -\u00c9l corre, nosotros corremos, ellos corren\u2026\u201d<\/p>\n\n\n\n<p>Bien, as\u00ed sin m\u00e1s: \u201c\u00bfCu\u00e1l es la diferencia entre un ladr\u00f3n y un pol\u00edtico? El ladr\u00f3n te elige para robarte, \u00a1al pol\u00edtico t\u00fa lo eliges para que te robe!\u201d Hay excepciones. Pero ya no se sabe ni a quien irle. Yo prefiero que luchemos por eliminar la ignorancia; apostemos por la educaci\u00f3n de caaaliiidaaad -nada de simulaciones-, la vida creativa, la acci\u00f3n reflexiva, la libertad, la integridad y el compromiso con uno mismo y con los dem\u00e1s, la ayuda mutua, el amor asentado en la verdad. No son palabrer\u00edas; pi\u00e9nselo bien. Saben bien qui\u00e9nes son los merolicos, las marionetas, los t\u00edteres, los fantoches\u2026 El due\u00f1o del circo.<\/p>\n\n\n\n<p>De otra manera, continuaremos en las mismas. Como el chiste: \u201cPepito, \u00bfqu\u00e9 has aprendido hoy en clase? -Pues no lo suficiente mam\u00e1, ya que tengo que volver a ir ma\u00f1ana.\u201d<\/p>\n\n\n\n<p>Por lo pronto -ma\u00f1ana qui\u00e9n sabe-, no tiremos por la borda las palabras de la&nbsp;<strong>directora gerente del Fondo Monetario Internacional (FMI)<\/strong>,&nbsp;<strong>Kristalina Georgieva<\/strong>, durante una conferencia en&nbsp;<strong>Tokio<\/strong>&nbsp;hace unos d\u00edas: \u201cMi consejo a los responsables pol\u00edticos de todo el mundo en este nuevo entorno global: piensen en lo impensable y prep\u00e1rense para ello\u201d.<\/p>\n\n\n\n<p>Ah\u00ed \u2018ta.<\/p>\n\n\n\n<p><strong>Los d\u00edas y los temas<\/strong><\/p>\n\n\n\n<p><strong>Carissa V\u00e9liz<\/strong>, fil\u00f3sofa defensora de la privacidad en la era de Internet, autora del libro&nbsp;<strong>Privacidad es poder<\/strong>, expresa: \u201cSi quieres tener una buena fiesta, pide a tus amigos que no hagan fotos\u201d. \u00a1Uf! \u00a1En estos tiempos!<\/p>\n\n\n\n<p>Me record\u00f3 a mi estimada amiga&nbsp;<strong>Irene Vallejo<\/strong>, en su art\u00edculo&nbsp;<strong>\u201cD\u00edas volc\u00e1nicos\u201d<\/strong>: \u201cSe ha desatado una nueva fiebre: el espect\u00e1culo de las malas noticias. Tensos, impacientes y fascinados, nos conectamos minuto a minuto a la retransmisi\u00f3n desde el borde del precipicio. Cada vez es m\u00e1s dif\u00edcil pensar, hablar, trabajar y dormir en calma. A trav\u00e9s de los m\u00f3viles y ordenadores, obtenemos dosis instant\u00e1neas de cat\u00e1strofe. Consumimos la actualidad como las temporadas veloces de una serie adictiva. Tras el hartazgo de posverdad, fervor y plazas abarrotadas, no es extra\u00f1o que suframos una sed atrasada de monoton\u00eda pol\u00edtica.\u201d (milenio.com, 25\/02\/2026).<\/p>\n\n\n\n<p>\u00a1Imag\u00ednense a nuestros j\u00f3venes y a los que vienen detr\u00e1s!<\/p>\n\n\n\n<p>\u00bfO acaso le har\u00e1n caso al&nbsp;<strong>papa Le\u00f3n XIV<\/strong>? \u00c9l expres\u00f3, palabras m\u00e1s, palabras menos que demos \u201cespacio al silencio, apaguemos un poco los televisores, la radio y los tel\u00e9fonos m\u00f3viles\u201d. Y pidi\u00f3 que \u201cescuch\u00e9monos unos a otros, en las familias, en los lugares de trabajo y en las comunidades. Dediquemos tiempo a los que est\u00e1n solos, especialmente a los ancianos, a los pobres y a los enfermos\u201d.<\/p>\n\n\n\n<p>En estos tiempos, creo que es mucho pedir, \u00bfno?<\/p>\n\n\n\n<p><strong>De cinismo y anexas<\/strong><\/p>\n\n\n\n<p>Y como la vida es corta: \u201cOye, se muri\u00f3 Amparo. -Vaya, lo siento mucho. \u00bfY c\u00f3mo est\u00e1 su marido? -Desamparado.\u201d<\/p>\n\n\n\n<p>Y como ser feliz es lo que importa, ah\u00ed se las dejo.<\/p>\n\n\n\n<p>Un senador dice a sus electores: \u201c\u00a1Prometo que si salgo elegido construir\u00e9 un puente donde no hay r\u00edo!\u201d. Un votante, grita: \u201c\u00a1Pero si no hay r\u00edo!\u201d. El senador responde: \u201c\u00a1Pues tambi\u00e9n prometo ponerles un r\u00edo!\u201d.<\/p>\n\n\n\n<p>\u2e3b<\/p>\n\n\n\n<p>\u201cAusteridad: Un pol\u00edtico anuncia: \u201cEn mi gobierno, 15% menos de sueldo, cero secretarios y cero guardias\u201d. La gente aplaude, y \u00e9l a\u00f1ade: \u201c\u2026a menos que los necesite, claro\u201d.<\/p>\n\n\n\n<p>Hasta la pr\u00f3xima.<\/p>\n","protected":false},"excerpt":{"rendered":"<p>Jorge Arturo Rodr\u00edguez Tierra de Babel Dicen por ah\u00ed, en una pel\u00edcula comedia o algo as\u00ed, que \u201cla vida es corta y ser feliz es lo que importa\u201d. Pero me pregunto c\u00f3mo vivir feliz en una vida corta, en un tiempo en que los pron\u00f3sticos no son alentadores casi pa\u2019 nadie, a no ser que [&hellip;]<\/p>\n","protected":false},"author":2,"featured_media":141390,"comment_status":"closed","ping_status":"closed","sticky":false,"template":"","format":"standard","meta":{"tdm_status":"","tdm_grid_status":"","footnotes":""},"categories":[70],"tags":[56984,48978,56985,56983,56986],"class_list":{"0":"post-165774","1":"post","2":"type-post","3":"status-publish","4":"format-standard","5":"has-post-thumbnail","7":"category-de-opinion","8":"tag-carissa-veliz-privacidad-digital","9":"tag-jorge-arturo-rodriguez-tierra-de-babel","10":"tag-kristalina-georgieva-fmi-economia-global","11":"tag-poder-economico-politica-mexico","12":"tag-ricardo-raphael-reforma-electoral-partidos"},"yoast_head":"<!-- This site is optimized with the Yoast SEO plugin v27.4 - https:\/\/yoast.com\/product\/yoast-seo-wordpress\/ -->\n<title>FELIZ PODER ECON\u00d3MICO - Los pol\u00edticos Veracruz<\/title>\n<meta name=\"robots\" content=\"index, follow, max-snippet:-1, max-image-preview:large, max-video-preview:-1\" \/>\n<link rel=\"canonical\" href=\"https:\/\/lospoliticosveracruz.com\/?p=165774\" \/>\n<meta property=\"og:locale\" content=\"es_ES\" \/>\n<meta property=\"og:type\" content=\"article\" \/>\n<meta property=\"og:title\" content=\"FELIZ PODER ECON\u00d3MICO - Los pol\u00edticos Veracruz\" \/>\n<meta property=\"og:description\" content=\"Jorge Arturo Rodr\u00edguez Tierra de Babel Dicen por ah\u00ed, en una pel\u00edcula comedia o algo as\u00ed, que \u201cla vida es corta y ser feliz es lo que importa\u201d. Pero me pregunto c\u00f3mo vivir feliz en una vida corta, en un tiempo en que los pron\u00f3sticos no son alentadores casi pa\u2019 nadie, a no ser que [&hellip;]\" \/>\n<meta property=\"og:url\" content=\"https:\/\/lospoliticosveracruz.com\/?p=165774\" \/>\n<meta property=\"og:site_name\" content=\"Los pol\u00edticos Veracruz\" \/>\n<meta property=\"article:publisher\" content=\"https:\/\/www.facebook.com\/people\/Notimemes-de-los-Polticos\/61565672886568\/\" \/>\n<meta property=\"article:published_time\" content=\"2026-03-10T22:11:04+00:00\" \/>\n<meta property=\"article:modified_time\" content=\"2026-03-10T22:11:06+00:00\" \/>\n<meta property=\"og:image\" content=\"https:\/\/lospoliticosveracruz.com\/wp-content\/uploads\/2025\/04\/Jorge-Arturo-Rodriguez.jpg\" \/>\n\t<meta property=\"og:image:width\" content=\"1250\" \/>\n\t<meta property=\"og:image:height\" content=\"667\" \/>\n\t<meta property=\"og:image:type\" content=\"image\/jpeg\" \/>\n<meta name=\"author\" content=\"Lo viste en Los Pol\u00edticos\" \/>\n<meta name=\"twitter:card\" content=\"summary_large_image\" \/>\n<meta name=\"twitter:creator\" content=\"@LosPoliticosVer\" \/>\n<meta name=\"twitter:site\" content=\"@LosPoliticosVer\" \/>\n<meta name=\"twitter:label1\" content=\"Escrito por\" \/>\n\t<meta name=\"twitter:data1\" content=\"Lo viste en Los Pol\u00edticos\" \/>\n\t<meta name=\"twitter:label2\" content=\"Tiempo de lectura\" \/>\n\t<meta name=\"twitter:data2\" content=\"5 minutos\" \/>\n<script type=\"application\/ld+json\" class=\"yoast-schema-graph\">{\"@context\":\"https:\\\/\\\/schema.org\",\"@graph\":[{\"@type\":\"Article\",\"@id\":\"https:\\\/\\\/lospoliticosveracruz.com\\\/?p=165774#article\",\"isPartOf\":{\"@id\":\"https:\\\/\\\/lospoliticosveracruz.com\\\/?p=165774\"},\"author\":{\"name\":\"Lo viste en Los Pol\u00edticos\",\"@id\":\"https:\\\/\\\/lospoliticosveracruz.com\\\/#\\\/schema\\\/person\\\/b8702bb0e538456e6efd07080bf2a4a2\"},\"headline\":\"FELIZ PODER ECON\u00d3MICO\",\"datePublished\":\"2026-03-10T22:11:04+00:00\",\"dateModified\":\"2026-03-10T22:11:06+00:00\",\"mainEntityOfPage\":{\"@id\":\"https:\\\/\\\/lospoliticosveracruz.com\\\/?p=165774\"},\"wordCount\":1035,\"publisher\":{\"@id\":\"https:\\\/\\\/lospoliticosveracruz.com\\\/#organization\"},\"image\":{\"@id\":\"https:\\\/\\\/lospoliticosveracruz.com\\\/?p=165774#primaryimage\"},\"thumbnailUrl\":\"https:\\\/\\\/lospoliticosveracruz.com\\\/wp-content\\\/uploads\\\/2025\\\/04\\\/Jorge-Arturo-Rodriguez.jpg\",\"keywords\":[\"Carissa V\u00e9liz privacidad digital\",\"Jorge Arturo Rodr\u00edguez Tierra de Babel\",\"Kristalina Georgieva FMI econom\u00eda global\",\"poder econ\u00f3mico pol\u00edtica M\u00e9xico\",\"Ricardo Raphael reforma electoral partidos\"],\"articleSection\":[\"De Opini\u00f3n\"],\"inLanguage\":\"es\"},{\"@type\":\"WebPage\",\"@id\":\"https:\\\/\\\/lospoliticosveracruz.com\\\/?p=165774\",\"url\":\"https:\\\/\\\/lospoliticosveracruz.com\\\/?p=165774\",\"name\":\"FELIZ PODER ECON\u00d3MICO - Los pol\u00edticos Veracruz\",\"isPartOf\":{\"@id\":\"https:\\\/\\\/lospoliticosveracruz.com\\\/#website\"},\"primaryImageOfPage\":{\"@id\":\"https:\\\/\\\/lospoliticosveracruz.com\\\/?p=165774#primaryimage\"},\"image\":{\"@id\":\"https:\\\/\\\/lospoliticosveracruz.com\\\/?p=165774#primaryimage\"},\"thumbnailUrl\":\"https:\\\/\\\/lospoliticosveracruz.com\\\/wp-content\\\/uploads\\\/2025\\\/04\\\/Jorge-Arturo-Rodriguez.jpg\",\"datePublished\":\"2026-03-10T22:11:04+00:00\",\"dateModified\":\"2026-03-10T22:11:06+00:00\",\"breadcrumb\":{\"@id\":\"https:\\\/\\\/lospoliticosveracruz.com\\\/?p=165774#breadcrumb\"},\"inLanguage\":\"es\",\"potentialAction\":[{\"@type\":\"ReadAction\",\"target\":[\"https:\\\/\\\/lospoliticosveracruz.com\\\/?p=165774\"]}]},{\"@type\":\"ImageObject\",\"inLanguage\":\"es\",\"@id\":\"https:\\\/\\\/lospoliticosveracruz.com\\\/?p=165774#primaryimage\",\"url\":\"https:\\\/\\\/lospoliticosveracruz.com\\\/wp-content\\\/uploads\\\/2025\\\/04\\\/Jorge-Arturo-Rodriguez.jpg\",\"contentUrl\":\"https:\\\/\\\/lospoliticosveracruz.com\\\/wp-content\\\/uploads\\\/2025\\\/04\\\/Jorge-Arturo-Rodriguez.jpg\",\"width\":1250,\"height\":667},{\"@type\":\"BreadcrumbList\",\"@id\":\"https:\\\/\\\/lospoliticosveracruz.com\\\/?p=165774#breadcrumb\",\"itemListElement\":[{\"@type\":\"ListItem\",\"position\":1,\"name\":\"Portada\",\"item\":\"https:\\\/\\\/lospoliticosveracruz.com\\\/\"},{\"@type\":\"ListItem\",\"position\":2,\"name\":\"FELIZ PODER ECON\u00d3MICO\"}]},{\"@type\":\"WebSite\",\"@id\":\"https:\\\/\\\/lospoliticosveracruz.com\\\/#website\",\"url\":\"https:\\\/\\\/lospoliticosveracruz.com\\\/\",\"name\":\"Los pol\u00edticos Veracruz\",\"description\":\"\",\"publisher\":{\"@id\":\"https:\\\/\\\/lospoliticosveracruz.com\\\/#organization\"},\"potentialAction\":[{\"@type\":\"SearchAction\",\"target\":{\"@type\":\"EntryPoint\",\"urlTemplate\":\"https:\\\/\\\/lospoliticosveracruz.com\\\/?s={search_term_string}\"},\"query-input\":{\"@type\":\"PropertyValueSpecification\",\"valueRequired\":true,\"valueName\":\"search_term_string\"}}],\"inLanguage\":\"es\"},{\"@type\":\"Organization\",\"@id\":\"https:\\\/\\\/lospoliticosveracruz.com\\\/#organization\",\"name\":\"Los pol\u00edticos Veracruz\",\"url\":\"https:\\\/\\\/lospoliticosveracruz.com\\\/\",\"logo\":{\"@type\":\"ImageObject\",\"inLanguage\":\"es\",\"@id\":\"https:\\\/\\\/lospoliticosveracruz.com\\\/#\\\/schema\\\/logo\\\/image\\\/\",\"url\":\"https:\\\/\\\/lospoliticosveracruz.com\\\/wp-content\\\/uploads\\\/2025\\\/12\\\/Logo-Nuevo-LOS-POLITICOS-1.jpg\",\"contentUrl\":\"https:\\\/\\\/lospoliticosveracruz.com\\\/wp-content\\\/uploads\\\/2025\\\/12\\\/Logo-Nuevo-LOS-POLITICOS-1.jpg\",\"width\":260,\"height\":70,\"caption\":\"Los pol\u00edticos Veracruz\"},\"image\":{\"@id\":\"https:\\\/\\\/lospoliticosveracruz.com\\\/#\\\/schema\\\/logo\\\/image\\\/\"},\"sameAs\":[\"https:\\\/\\\/www.facebook.com\\\/people\\\/Notimemes-de-los-Polticos\\\/61565672886568\\\/\",\"https:\\\/\\\/x.com\\\/LosPoliticosVer\"]},{\"@type\":\"Person\",\"@id\":\"https:\\\/\\\/lospoliticosveracruz.com\\\/#\\\/schema\\\/person\\\/b8702bb0e538456e6efd07080bf2a4a2\",\"name\":\"Lo viste en Los Pol\u00edticos\",\"image\":{\"@type\":\"ImageObject\",\"inLanguage\":\"es\",\"@id\":\"https:\\\/\\\/secure.gravatar.com\\\/avatar\\\/3a8de04a2656d44082be478bd6c086daa447c4651605818287b9532d3d0bd435?s=96&d=mm&r=g\",\"url\":\"https:\\\/\\\/secure.gravatar.com\\\/avatar\\\/3a8de04a2656d44082be478bd6c086daa447c4651605818287b9532d3d0bd435?s=96&d=mm&r=g\",\"contentUrl\":\"https:\\\/\\\/secure.gravatar.com\\\/avatar\\\/3a8de04a2656d44082be478bd6c086daa447c4651605818287b9532d3d0bd435?s=96&d=mm&r=g\",\"caption\":\"Lo viste en Los Pol\u00edticos\"},\"url\":\"https:\\\/\\\/lospoliticosveracruz.com\\\/?author=2\"}]}<\/script>\n<!-- \/ Yoast SEO plugin. -->","yoast_head_json":{"title":"FELIZ PODER ECON\u00d3MICO - Los pol\u00edticos Veracruz","robots":{"index":"index","follow":"follow","max-snippet":"max-snippet:-1","max-image-preview":"max-image-preview:large","max-video-preview":"max-video-preview:-1"},"canonical":"https:\/\/lospoliticosveracruz.com\/?p=165774","og_locale":"es_ES","og_type":"article","og_title":"FELIZ PODER ECON\u00d3MICO - Los pol\u00edticos Veracruz","og_description":"Jorge Arturo Rodr\u00edguez Tierra de Babel Dicen por ah\u00ed, en una pel\u00edcula comedia o algo as\u00ed, que \u201cla vida es corta y ser feliz es lo que importa\u201d. Pero me pregunto c\u00f3mo vivir feliz en una vida corta, en un tiempo en que los pron\u00f3sticos no son alentadores casi pa\u2019 nadie, a no ser que [&hellip;]","og_url":"https:\/\/lospoliticosveracruz.com\/?p=165774","og_site_name":"Los pol\u00edticos Veracruz","article_publisher":"https:\/\/www.facebook.com\/people\/Notimemes-de-los-Polticos\/61565672886568\/","article_published_time":"2026-03-10T22:11:04+00:00","article_modified_time":"2026-03-10T22:11:06+00:00","og_image":[{"width":1250,"height":667,"url":"https:\/\/lospoliticosveracruz.com\/wp-content\/uploads\/2025\/04\/Jorge-Arturo-Rodriguez.jpg","type":"image\/jpeg"}],"author":"Lo viste en Los Pol\u00edticos","twitter_card":"summary_large_image","twitter_creator":"@LosPoliticosVer","twitter_site":"@LosPoliticosVer","twitter_misc":{"Escrito por":"Lo viste en Los Pol\u00edticos","Tiempo de lectura":"5 minutos"},"schema":{"@context":"https:\/\/schema.org","@graph":[{"@type":"Article","@id":"https:\/\/lospoliticosveracruz.com\/?p=165774#article","isPartOf":{"@id":"https:\/\/lospoliticosveracruz.com\/?p=165774"},"author":{"name":"Lo viste en Los Pol\u00edticos","@id":"https:\/\/lospoliticosveracruz.com\/#\/schema\/person\/b8702bb0e538456e6efd07080bf2a4a2"},"headline":"FELIZ PODER ECON\u00d3MICO","datePublished":"2026-03-10T22:11:04+00:00","dateModified":"2026-03-10T22:11:06+00:00","mainEntityOfPage":{"@id":"https:\/\/lospoliticosveracruz.com\/?p=165774"},"wordCount":1035,"publisher":{"@id":"https:\/\/lospoliticosveracruz.com\/#organization"},"image":{"@id":"https:\/\/lospoliticosveracruz.com\/?p=165774#primaryimage"},"thumbnailUrl":"https:\/\/lospoliticosveracruz.com\/wp-content\/uploads\/2025\/04\/Jorge-Arturo-Rodriguez.jpg","keywords":["Carissa V\u00e9liz privacidad digital","Jorge Arturo Rodr\u00edguez Tierra de Babel","Kristalina Georgieva FMI econom\u00eda global","poder econ\u00f3mico pol\u00edtica M\u00e9xico","Ricardo Raphael reforma electoral partidos"],"articleSection":["De Opini\u00f3n"],"inLanguage":"es"},{"@type":"WebPage","@id":"https:\/\/lospoliticosveracruz.com\/?p=165774","url":"https:\/\/lospoliticosveracruz.com\/?p=165774","name":"FELIZ PODER ECON\u00d3MICO - Los pol\u00edticos Veracruz","isPartOf":{"@id":"https:\/\/lospoliticosveracruz.com\/#website"},"primaryImageOfPage":{"@id":"https:\/\/lospoliticosveracruz.com\/?p=165774#primaryimage"},"image":{"@id":"https:\/\/lospoliticosveracruz.com\/?p=165774#primaryimage"},"thumbnailUrl":"https:\/\/lospoliticosveracruz.com\/wp-content\/uploads\/2025\/04\/Jorge-Arturo-Rodriguez.jpg","datePublished":"2026-03-10T22:11:04+00:00","dateModified":"2026-03-10T22:11:06+00:00","breadcrumb":{"@id":"https:\/\/lospoliticosveracruz.com\/?p=165774#breadcrumb"},"inLanguage":"es","potentialAction":[{"@type":"ReadAction","target":["https:\/\/lospoliticosveracruz.com\/?p=165774"]}]},{"@type":"ImageObject","inLanguage":"es","@id":"https:\/\/lospoliticosveracruz.com\/?p=165774#primaryimage","url":"https:\/\/lospoliticosveracruz.com\/wp-content\/uploads\/2025\/04\/Jorge-Arturo-Rodriguez.jpg","contentUrl":"https:\/\/lospoliticosveracruz.com\/wp-content\/uploads\/2025\/04\/Jorge-Arturo-Rodriguez.jpg","width":1250,"height":667},{"@type":"BreadcrumbList","@id":"https:\/\/lospoliticosveracruz.com\/?p=165774#breadcrumb","itemListElement":[{"@type":"ListItem","position":1,"name":"Portada","item":"https:\/\/lospoliticosveracruz.com\/"},{"@type":"ListItem","position":2,"name":"FELIZ PODER ECON\u00d3MICO"}]},{"@type":"WebSite","@id":"https:\/\/lospoliticosveracruz.com\/#website","url":"https:\/\/lospoliticosveracruz.com\/","name":"Los pol\u00edticos Veracruz","description":"","publisher":{"@id":"https:\/\/lospoliticosveracruz.com\/#organization"},"potentialAction":[{"@type":"SearchAction","target":{"@type":"EntryPoint","urlTemplate":"https:\/\/lospoliticosveracruz.com\/?s={search_term_string}"},"query-input":{"@type":"PropertyValueSpecification","valueRequired":true,"valueName":"search_term_string"}}],"inLanguage":"es"},{"@type":"Organization","@id":"https:\/\/lospoliticosveracruz.com\/#organization","name":"Los pol\u00edticos Veracruz","url":"https:\/\/lospoliticosveracruz.com\/","logo":{"@type":"ImageObject","inLanguage":"es","@id":"https:\/\/lospoliticosveracruz.com\/#\/schema\/logo\/image\/","url":"https:\/\/lospoliticosveracruz.com\/wp-content\/uploads\/2025\/12\/Logo-Nuevo-LOS-POLITICOS-1.jpg","contentUrl":"https:\/\/lospoliticosveracruz.com\/wp-content\/uploads\/2025\/12\/Logo-Nuevo-LOS-POLITICOS-1.jpg","width":260,"height":70,"caption":"Los pol\u00edticos Veracruz"},"image":{"@id":"https:\/\/lospoliticosveracruz.com\/#\/schema\/logo\/image\/"},"sameAs":["https:\/\/www.facebook.com\/people\/Notimemes-de-los-Polticos\/61565672886568\/","https:\/\/x.com\/LosPoliticosVer"]},{"@type":"Person","@id":"https:\/\/lospoliticosveracruz.com\/#\/schema\/person\/b8702bb0e538456e6efd07080bf2a4a2","name":"Lo viste en Los Pol\u00edticos","image":{"@type":"ImageObject","inLanguage":"es","@id":"https:\/\/secure.gravatar.com\/avatar\/3a8de04a2656d44082be478bd6c086daa447c4651605818287b9532d3d0bd435?s=96&d=mm&r=g","url":"https:\/\/secure.gravatar.com\/avatar\/3a8de04a2656d44082be478bd6c086daa447c4651605818287b9532d3d0bd435?s=96&d=mm&r=g","contentUrl":"https:\/\/secure.gravatar.com\/avatar\/3a8de04a2656d44082be478bd6c086daa447c4651605818287b9532d3d0bd435?s=96&d=mm&r=g","caption":"Lo viste en Los Pol\u00edticos"},"url":"https:\/\/lospoliticosveracruz.com\/?author=2"}]}},"_links":{"self":[{"href":"https:\/\/lospoliticosveracruz.com\/index.php?rest_route=\/wp\/v2\/posts\/165774","targetHints":{"allow":["GET"]}}],"collection":[{"href":"https:\/\/lospoliticosveracruz.com\/index.php?rest_route=\/wp\/v2\/posts"}],"about":[{"href":"https:\/\/lospoliticosveracruz.com\/index.php?rest_route=\/wp\/v2\/types\/post"}],"author":[{"embeddable":true,"href":"https:\/\/lospoliticosveracruz.com\/index.php?rest_route=\/wp\/v2\/users\/2"}],"replies":[{"embeddable":true,"href":"https:\/\/lospoliticosveracruz.com\/index.php?rest_route=%2Fwp%2Fv2%2Fcomments&post=165774"}],"version-history":[{"count":1,"href":"https:\/\/lospoliticosveracruz.com\/index.php?rest_route=\/wp\/v2\/posts\/165774\/revisions"}],"predecessor-version":[{"id":165775,"href":"https:\/\/lospoliticosveracruz.com\/index.php?rest_route=\/wp\/v2\/posts\/165774\/revisions\/165775"}],"wp:featuredmedia":[{"embeddable":true,"href":"https:\/\/lospoliticosveracruz.com\/index.php?rest_route=\/wp\/v2\/media\/141390"}],"wp:attachment":[{"href":"https:\/\/lospoliticosveracruz.com\/index.php?rest_route=%2Fwp%2Fv2%2Fmedia&parent=165774"}],"wp:term":[{"taxonomy":"category","embeddable":true,"href":"https:\/\/lospoliticosveracruz.com\/index.php?rest_route=%2Fwp%2Fv2%2Fcategories&post=165774"},{"taxonomy":"post_tag","embeddable":true,"href":"https:\/\/lospoliticosveracruz.com\/index.php?rest_route=%2Fwp%2Fv2%2Ftags&post=165774"}],"curies":[{"name":"wp","href":"https:\/\/api.w.org\/{rel}","templated":true}]}}