{"id":165779,"date":"2026-03-10T16:53:03","date_gmt":"2026-03-10T22:53:03","guid":{"rendered":"https:\/\/lospoliticosveracruz.com\/?p=165779"},"modified":"2026-03-10T16:53:04","modified_gmt":"2026-03-10T22:53:04","slug":"veracruzano-auditor-mayor","status":"publish","type":"post","link":"https:\/\/lospoliticosveracruz.com\/?p=165779","title":{"rendered":"VERACRUZANO, AUDITOR MAYOR!"},"content":{"rendered":"\n<p><strong>\u00c1ngeles Gonz\u00e1lez Ceballos<\/strong><\/p>\n\n\n\n<p>La tarde de este martes el xalape\u00f1o Aureliano Hern\u00e1ndez Palacios Cardel rindi\u00f3 protesta como nuevo auditor general de la Auditor\u00eda Superior de la Federaci\u00f3n (ASF), por el periodo de 2026-2034.<\/p>\n\n\n\n<p>El presidente de la Comisi\u00f3n de Vigilancia de la Auditor\u00eda Superior de la Federaci\u00f3n (ASF) de la C\u00e1mara de Diputados, Javier Herrera Borunda, dio a conocer que se aprob\u00f3 por unanimidad el dictamen por el que se propondr\u00e1 al Pleno de la C\u00e1mara de Diputados la terna para la designaci\u00f3n de la persona titular del ente fiscalizador, para el periodo 2026-2034.&nbsp;<\/p>\n\n\n\n<p>Aureliano Hern\u00e1ndez Palacios Cardel fue parte de la terna que se defini\u00f3 la ma\u00f1ana de este d\u00eda, en la que tambi\u00e9n estaba la \u00fanica mujer, Elizabeth Barba Villaf\u00e1n y Luis Miguel Mart\u00ednez Anzures.&nbsp;<\/p>\n\n\n\n<p>El nuevo auditor se define en sus propias redes sociales como economista, maestro en pol\u00edticas p\u00fablicas, administrador p\u00fablico en diversos cargos y colabora en la Auditor\u00eda Superior de la Federaci\u00f3n desde el 2018 y como auditor especial de Gasto Federalizado, desde el 2025.<\/p>\n\n\n\n<p>Es hijo de Fernando Aureliano Hern\u00e1ndez Palacios, quien fungi\u00f3 como secretario particular de la presidenta Claudia Sheinbaum, cuando se desempe\u00f1\u00f3 como jefa de Gobierno de Ciudad de M\u00e9xico, en 2022.&nbsp;<\/p>\n\n\n\n<p>Es nieto de Aureliano Hern\u00e1ndez Palacios, quien fue poeta, ensayista, narrador y cronista, licenciado en Derecho por la Universidad Veracruzana, director de la Facultad de Derecho y luego rector de la Casa de Estudios.&nbsp;<\/p>\n\n\n\n<p>Por la ma\u00f1ana, Herrera Borunda reconoci\u00f3 la altura de miras, el trabajo profesional y comprometido que demostraron en cada uno de los momentos y etapas del proceso a todos los partidos pol\u00edticos.&nbsp;<\/p>\n\n\n\n<p>Asimismo, reconoci\u00f3 el compromiso de cada una de las y los diputados que integran la Comisi\u00f3n, porque se comprometieron por mandato constitucional, pero tambi\u00e9n por M\u00e9xico y tambi\u00e9n por convicci\u00f3n, a llevar un proceso entendiendo que esta no es una comisi\u00f3n dictaminadora.<\/p>\n\n\n\n<p>\u00a8Esta es una comisi\u00f3n de trabajo t\u00e9cnico y aqu\u00ed privilegiamos el trabajo t\u00e9cnico. Le dimos metodolog\u00eda, le dimos objetividad, construimos una matriz de evaluaci\u00f3n, abrimos una convocatoria por m\u00e1s de 20 d\u00edas, como lo marca la Ley de Fiscalizaci\u00f3n y Rendici\u00f3n de Cuentas de la Federaci\u00f3n.<\/p>\n\n\n\n<p>Tuvimos m\u00e1s de 8 horas de sesiones de la Comisi\u00f3n, tanto en Junta Directiva como en Pleno de la Comisi\u00f3n, logramos 7 acuerdos hasta este momento en unanimidad, lo cual significa que todos los partidos contribuimos y todos los partidos vimos nuestra audiencia y le dimos valor ante lo que est\u00e1bamos haciendo era de manera objetiva\u201d, indic\u00f3.&nbsp;<\/p>\n\n\n\n<p>Manifest\u00f3 que revisaron por m\u00e1s de 40 horas los perfiles y analizaron cada uno de \u00e9stos y se les dio la oportunidad de confrontar las ideas en una entrevista a los aspirantes.&nbsp;<\/p>\n\n\n\n<p>Detall\u00f3 que fueron 77 entrevistas presenciales, lo cual represent\u00f3 m\u00e1s de 38 horas de trabajo continuo.<\/p>\n\n\n\n<p>Distribuyeron de manera foliada m\u00e1s de 3 mil 80 c\u00e9dulas de evaluaci\u00f3n y aunque faltaron algunas, la gran mayor\u00eda las entregaron en tiempo y forma.<\/p>\n","protected":false},"excerpt":{"rendered":"<p>\u00c1ngeles Gonz\u00e1lez Ceballos La tarde de este martes el xalape\u00f1o Aureliano Hern\u00e1ndez Palacios Cardel rindi\u00f3 protesta como nuevo auditor general de la Auditor\u00eda Superior de la Federaci\u00f3n (ASF), por el periodo de 2026-2034. El presidente de la Comisi\u00f3n de Vigilancia de la Auditor\u00eda Superior de la Federaci\u00f3n (ASF) de la C\u00e1mara de Diputados, Javier Herrera [&hellip;]<\/p>\n","protected":false},"author":2,"featured_media":165780,"comment_status":"closed","ping_status":"closed","sticky":false,"template":"","format":"standard","meta":{"tdm_status":"","tdm_grid_status":"","footnotes":""},"categories":[6446],"tags":[56995,56996,56994,56992,56993],"class_list":{"0":"post-165779","1":"post","2":"type-post","3":"status-publish","4":"format-standard","5":"has-post-thumbnail","7":"category-la-nota","8":"tag-auditoria-superior-de-la-federacion-nombramiento","9":"tag-aureliano-hernandez-palacios-asf-2026-2034","10":"tag-comision-de-vigilancia-camara-de-diputados","11":"tag-fiscalizacion-superior-mexico","12":"tag-javier-herrera-borunda-dictamen-terna"},"yoast_head":"<!-- This site is optimized with the Yoast SEO plugin v27.4 - https:\/\/yoast.com\/product\/yoast-seo-wordpress\/ -->\n<title>VERACRUZANO, AUDITOR MAYOR! - Los pol\u00edticos Veracruz<\/title>\n<meta name=\"robots\" content=\"index, follow, max-snippet:-1, max-image-preview:large, max-video-preview:-1\" \/>\n<link rel=\"canonical\" href=\"https:\/\/lospoliticosveracruz.com\/?p=165779\" \/>\n<meta property=\"og:locale\" content=\"es_ES\" \/>\n<meta property=\"og:type\" content=\"article\" \/>\n<meta property=\"og:title\" content=\"VERACRUZANO, AUDITOR MAYOR! - Los pol\u00edticos Veracruz\" \/>\n<meta property=\"og:description\" content=\"\u00c1ngeles Gonz\u00e1lez Ceballos La tarde de este martes el xalape\u00f1o Aureliano Hern\u00e1ndez Palacios Cardel rindi\u00f3 protesta como nuevo auditor general de la Auditor\u00eda Superior de la Federaci\u00f3n (ASF), por el periodo de 2026-2034. El presidente de la Comisi\u00f3n de Vigilancia de la Auditor\u00eda Superior de la Federaci\u00f3n (ASF) de la C\u00e1mara de Diputados, Javier Herrera [&hellip;]\" \/>\n<meta property=\"og:url\" content=\"https:\/\/lospoliticosveracruz.com\/?p=165779\" \/>\n<meta property=\"og:site_name\" content=\"Los pol\u00edticos Veracruz\" \/>\n<meta property=\"article:publisher\" content=\"https:\/\/www.facebook.com\/people\/Notimemes-de-los-Polticos\/61565672886568\/\" \/>\n<meta property=\"article:published_time\" content=\"2026-03-10T22:53:03+00:00\" \/>\n<meta property=\"article:modified_time\" content=\"2026-03-10T22:53:04+00:00\" \/>\n<meta property=\"og:image\" content=\"https:\/\/lospoliticosveracruz.com\/wp-content\/uploads\/2026\/03\/IMG_2350.jpeg\" \/>\n\t<meta property=\"og:image:width\" content=\"600\" \/>\n\t<meta property=\"og:image:height\" content=\"320\" \/>\n\t<meta property=\"og:image:type\" content=\"image\/jpeg\" \/>\n<meta name=\"author\" content=\"Lo viste en Los Pol\u00edticos\" \/>\n<meta name=\"twitter:card\" content=\"summary_large_image\" \/>\n<meta name=\"twitter:creator\" content=\"@LosPoliticosVer\" \/>\n<meta name=\"twitter:site\" content=\"@LosPoliticosVer\" \/>\n<meta name=\"twitter:label1\" content=\"Escrito por\" \/>\n\t<meta name=\"twitter:data1\" content=\"Lo viste en Los Pol\u00edticos\" \/>\n\t<meta name=\"twitter:label2\" content=\"Tiempo de lectura\" \/>\n\t<meta name=\"twitter:data2\" content=\"3 minutos\" \/>\n<script type=\"application\/ld+json\" class=\"yoast-schema-graph\">{\"@context\":\"https:\\\/\\\/schema.org\",\"@graph\":[{\"@type\":\"Article\",\"@id\":\"https:\\\/\\\/lospoliticosveracruz.com\\\/?p=165779#article\",\"isPartOf\":{\"@id\":\"https:\\\/\\\/lospoliticosveracruz.com\\\/?p=165779\"},\"author\":{\"name\":\"Lo viste en Los Pol\u00edticos\",\"@id\":\"https:\\\/\\\/lospoliticosveracruz.com\\\/#\\\/schema\\\/person\\\/b8702bb0e538456e6efd07080bf2a4a2\"},\"headline\":\"VERACRUZANO, AUDITOR MAYOR!\",\"datePublished\":\"2026-03-10T22:53:03+00:00\",\"dateModified\":\"2026-03-10T22:53:04+00:00\",\"mainEntityOfPage\":{\"@id\":\"https:\\\/\\\/lospoliticosveracruz.com\\\/?p=165779\"},\"wordCount\":536,\"publisher\":{\"@id\":\"https:\\\/\\\/lospoliticosveracruz.com\\\/#organization\"},\"image\":{\"@id\":\"https:\\\/\\\/lospoliticosveracruz.com\\\/?p=165779#primaryimage\"},\"thumbnailUrl\":\"https:\\\/\\\/lospoliticosveracruz.com\\\/wp-content\\\/uploads\\\/2026\\\/03\\\/IMG_2350.jpeg\",\"keywords\":[\"Auditor\u00eda Superior de la Federaci\u00f3n nombramiento\",\"Aureliano Hern\u00e1ndez Palacios ASF 2026-2034\",\"Comisi\u00f3n de Vigilancia C\u00e1mara de Diputados\",\"fiscalizaci\u00f3n superior M\u00e9xico\",\"Javier Herrera Borunda dictamen terna\"],\"articleSection\":[\"La Nota\"],\"inLanguage\":\"es\"},{\"@type\":\"WebPage\",\"@id\":\"https:\\\/\\\/lospoliticosveracruz.com\\\/?p=165779\",\"url\":\"https:\\\/\\\/lospoliticosveracruz.com\\\/?p=165779\",\"name\":\"VERACRUZANO, AUDITOR MAYOR! - Los pol\u00edticos Veracruz\",\"isPartOf\":{\"@id\":\"https:\\\/\\\/lospoliticosveracruz.com\\\/#website\"},\"primaryImageOfPage\":{\"@id\":\"https:\\\/\\\/lospoliticosveracruz.com\\\/?p=165779#primaryimage\"},\"image\":{\"@id\":\"https:\\\/\\\/lospoliticosveracruz.com\\\/?p=165779#primaryimage\"},\"thumbnailUrl\":\"https:\\\/\\\/lospoliticosveracruz.com\\\/wp-content\\\/uploads\\\/2026\\\/03\\\/IMG_2350.jpeg\",\"datePublished\":\"2026-03-10T22:53:03+00:00\",\"dateModified\":\"2026-03-10T22:53:04+00:00\",\"breadcrumb\":{\"@id\":\"https:\\\/\\\/lospoliticosveracruz.com\\\/?p=165779#breadcrumb\"},\"inLanguage\":\"es\",\"potentialAction\":[{\"@type\":\"ReadAction\",\"target\":[\"https:\\\/\\\/lospoliticosveracruz.com\\\/?p=165779\"]}]},{\"@type\":\"ImageObject\",\"inLanguage\":\"es\",\"@id\":\"https:\\\/\\\/lospoliticosveracruz.com\\\/?p=165779#primaryimage\",\"url\":\"https:\\\/\\\/lospoliticosveracruz.com\\\/wp-content\\\/uploads\\\/2026\\\/03\\\/IMG_2350.jpeg\",\"contentUrl\":\"https:\\\/\\\/lospoliticosveracruz.com\\\/wp-content\\\/uploads\\\/2026\\\/03\\\/IMG_2350.jpeg\",\"width\":600,\"height\":320},{\"@type\":\"BreadcrumbList\",\"@id\":\"https:\\\/\\\/lospoliticosveracruz.com\\\/?p=165779#breadcrumb\",\"itemListElement\":[{\"@type\":\"ListItem\",\"position\":1,\"name\":\"Portada\",\"item\":\"https:\\\/\\\/lospoliticosveracruz.com\\\/\"},{\"@type\":\"ListItem\",\"position\":2,\"name\":\"VERACRUZANO, AUDITOR MAYOR!\"}]},{\"@type\":\"WebSite\",\"@id\":\"https:\\\/\\\/lospoliticosveracruz.com\\\/#website\",\"url\":\"https:\\\/\\\/lospoliticosveracruz.com\\\/\",\"name\":\"Los pol\u00edticos Veracruz\",\"description\":\"\",\"publisher\":{\"@id\":\"https:\\\/\\\/lospoliticosveracruz.com\\\/#organization\"},\"potentialAction\":[{\"@type\":\"SearchAction\",\"target\":{\"@type\":\"EntryPoint\",\"urlTemplate\":\"https:\\\/\\\/lospoliticosveracruz.com\\\/?s={search_term_string}\"},\"query-input\":{\"@type\":\"PropertyValueSpecification\",\"valueRequired\":true,\"valueName\":\"search_term_string\"}}],\"inLanguage\":\"es\"},{\"@type\":\"Organization\",\"@id\":\"https:\\\/\\\/lospoliticosveracruz.com\\\/#organization\",\"name\":\"Los pol\u00edticos Veracruz\",\"url\":\"https:\\\/\\\/lospoliticosveracruz.com\\\/\",\"logo\":{\"@type\":\"ImageObject\",\"inLanguage\":\"es\",\"@id\":\"https:\\\/\\\/lospoliticosveracruz.com\\\/#\\\/schema\\\/logo\\\/image\\\/\",\"url\":\"https:\\\/\\\/lospoliticosveracruz.com\\\/wp-content\\\/uploads\\\/2025\\\/12\\\/Logo-Nuevo-LOS-POLITICOS-1.jpg\",\"contentUrl\":\"https:\\\/\\\/lospoliticosveracruz.com\\\/wp-content\\\/uploads\\\/2025\\\/12\\\/Logo-Nuevo-LOS-POLITICOS-1.jpg\",\"width\":260,\"height\":70,\"caption\":\"Los pol\u00edticos Veracruz\"},\"image\":{\"@id\":\"https:\\\/\\\/lospoliticosveracruz.com\\\/#\\\/schema\\\/logo\\\/image\\\/\"},\"sameAs\":[\"https:\\\/\\\/www.facebook.com\\\/people\\\/Notimemes-de-los-Polticos\\\/61565672886568\\\/\",\"https:\\\/\\\/x.com\\\/LosPoliticosVer\"]},{\"@type\":\"Person\",\"@id\":\"https:\\\/\\\/lospoliticosveracruz.com\\\/#\\\/schema\\\/person\\\/b8702bb0e538456e6efd07080bf2a4a2\",\"name\":\"Lo viste en Los Pol\u00edticos\",\"image\":{\"@type\":\"ImageObject\",\"inLanguage\":\"es\",\"@id\":\"https:\\\/\\\/secure.gravatar.com\\\/avatar\\\/3a8de04a2656d44082be478bd6c086daa447c4651605818287b9532d3d0bd435?s=96&d=mm&r=g\",\"url\":\"https:\\\/\\\/secure.gravatar.com\\\/avatar\\\/3a8de04a2656d44082be478bd6c086daa447c4651605818287b9532d3d0bd435?s=96&d=mm&r=g\",\"contentUrl\":\"https:\\\/\\\/secure.gravatar.com\\\/avatar\\\/3a8de04a2656d44082be478bd6c086daa447c4651605818287b9532d3d0bd435?s=96&d=mm&r=g\",\"caption\":\"Lo viste en Los Pol\u00edticos\"},\"url\":\"https:\\\/\\\/lospoliticosveracruz.com\\\/?author=2\"}]}<\/script>\n<!-- \/ Yoast SEO plugin. -->","yoast_head_json":{"title":"VERACRUZANO, AUDITOR MAYOR! - Los pol\u00edticos Veracruz","robots":{"index":"index","follow":"follow","max-snippet":"max-snippet:-1","max-image-preview":"max-image-preview:large","max-video-preview":"max-video-preview:-1"},"canonical":"https:\/\/lospoliticosveracruz.com\/?p=165779","og_locale":"es_ES","og_type":"article","og_title":"VERACRUZANO, AUDITOR MAYOR! - Los pol\u00edticos Veracruz","og_description":"\u00c1ngeles Gonz\u00e1lez Ceballos La tarde de este martes el xalape\u00f1o Aureliano Hern\u00e1ndez Palacios Cardel rindi\u00f3 protesta como nuevo auditor general de la Auditor\u00eda Superior de la Federaci\u00f3n (ASF), por el periodo de 2026-2034. El presidente de la Comisi\u00f3n de Vigilancia de la Auditor\u00eda Superior de la Federaci\u00f3n (ASF) de la C\u00e1mara de Diputados, Javier Herrera [&hellip;]","og_url":"https:\/\/lospoliticosveracruz.com\/?p=165779","og_site_name":"Los pol\u00edticos Veracruz","article_publisher":"https:\/\/www.facebook.com\/people\/Notimemes-de-los-Polticos\/61565672886568\/","article_published_time":"2026-03-10T22:53:03+00:00","article_modified_time":"2026-03-10T22:53:04+00:00","og_image":[{"width":600,"height":320,"url":"https:\/\/lospoliticosveracruz.com\/wp-content\/uploads\/2026\/03\/IMG_2350.jpeg","type":"image\/jpeg"}],"author":"Lo viste en Los Pol\u00edticos","twitter_card":"summary_large_image","twitter_creator":"@LosPoliticosVer","twitter_site":"@LosPoliticosVer","twitter_misc":{"Escrito por":"Lo viste en Los Pol\u00edticos","Tiempo de lectura":"3 minutos"},"schema":{"@context":"https:\/\/schema.org","@graph":[{"@type":"Article","@id":"https:\/\/lospoliticosveracruz.com\/?p=165779#article","isPartOf":{"@id":"https:\/\/lospoliticosveracruz.com\/?p=165779"},"author":{"name":"Lo viste en Los Pol\u00edticos","@id":"https:\/\/lospoliticosveracruz.com\/#\/schema\/person\/b8702bb0e538456e6efd07080bf2a4a2"},"headline":"VERACRUZANO, AUDITOR MAYOR!","datePublished":"2026-03-10T22:53:03+00:00","dateModified":"2026-03-10T22:53:04+00:00","mainEntityOfPage":{"@id":"https:\/\/lospoliticosveracruz.com\/?p=165779"},"wordCount":536,"publisher":{"@id":"https:\/\/lospoliticosveracruz.com\/#organization"},"image":{"@id":"https:\/\/lospoliticosveracruz.com\/?p=165779#primaryimage"},"thumbnailUrl":"https:\/\/lospoliticosveracruz.com\/wp-content\/uploads\/2026\/03\/IMG_2350.jpeg","keywords":["Auditor\u00eda Superior de la Federaci\u00f3n nombramiento","Aureliano Hern\u00e1ndez Palacios ASF 2026-2034","Comisi\u00f3n de Vigilancia C\u00e1mara de Diputados","fiscalizaci\u00f3n superior M\u00e9xico","Javier Herrera Borunda dictamen terna"],"articleSection":["La Nota"],"inLanguage":"es"},{"@type":"WebPage","@id":"https:\/\/lospoliticosveracruz.com\/?p=165779","url":"https:\/\/lospoliticosveracruz.com\/?p=165779","name":"VERACRUZANO, AUDITOR MAYOR! - Los pol\u00edticos Veracruz","isPartOf":{"@id":"https:\/\/lospoliticosveracruz.com\/#website"},"primaryImageOfPage":{"@id":"https:\/\/lospoliticosveracruz.com\/?p=165779#primaryimage"},"image":{"@id":"https:\/\/lospoliticosveracruz.com\/?p=165779#primaryimage"},"thumbnailUrl":"https:\/\/lospoliticosveracruz.com\/wp-content\/uploads\/2026\/03\/IMG_2350.jpeg","datePublished":"2026-03-10T22:53:03+00:00","dateModified":"2026-03-10T22:53:04+00:00","breadcrumb":{"@id":"https:\/\/lospoliticosveracruz.com\/?p=165779#breadcrumb"},"inLanguage":"es","potentialAction":[{"@type":"ReadAction","target":["https:\/\/lospoliticosveracruz.com\/?p=165779"]}]},{"@type":"ImageObject","inLanguage":"es","@id":"https:\/\/lospoliticosveracruz.com\/?p=165779#primaryimage","url":"https:\/\/lospoliticosveracruz.com\/wp-content\/uploads\/2026\/03\/IMG_2350.jpeg","contentUrl":"https:\/\/lospoliticosveracruz.com\/wp-content\/uploads\/2026\/03\/IMG_2350.jpeg","width":600,"height":320},{"@type":"BreadcrumbList","@id":"https:\/\/lospoliticosveracruz.com\/?p=165779#breadcrumb","itemListElement":[{"@type":"ListItem","position":1,"name":"Portada","item":"https:\/\/lospoliticosveracruz.com\/"},{"@type":"ListItem","position":2,"name":"VERACRUZANO, AUDITOR MAYOR!"}]},{"@type":"WebSite","@id":"https:\/\/lospoliticosveracruz.com\/#website","url":"https:\/\/lospoliticosveracruz.com\/","name":"Los pol\u00edticos Veracruz","description":"","publisher":{"@id":"https:\/\/lospoliticosveracruz.com\/#organization"},"potentialAction":[{"@type":"SearchAction","target":{"@type":"EntryPoint","urlTemplate":"https:\/\/lospoliticosveracruz.com\/?s={search_term_string}"},"query-input":{"@type":"PropertyValueSpecification","valueRequired":true,"valueName":"search_term_string"}}],"inLanguage":"es"},{"@type":"Organization","@id":"https:\/\/lospoliticosveracruz.com\/#organization","name":"Los pol\u00edticos Veracruz","url":"https:\/\/lospoliticosveracruz.com\/","logo":{"@type":"ImageObject","inLanguage":"es","@id":"https:\/\/lospoliticosveracruz.com\/#\/schema\/logo\/image\/","url":"https:\/\/lospoliticosveracruz.com\/wp-content\/uploads\/2025\/12\/Logo-Nuevo-LOS-POLITICOS-1.jpg","contentUrl":"https:\/\/lospoliticosveracruz.com\/wp-content\/uploads\/2025\/12\/Logo-Nuevo-LOS-POLITICOS-1.jpg","width":260,"height":70,"caption":"Los pol\u00edticos Veracruz"},"image":{"@id":"https:\/\/lospoliticosveracruz.com\/#\/schema\/logo\/image\/"},"sameAs":["https:\/\/www.facebook.com\/people\/Notimemes-de-los-Polticos\/61565672886568\/","https:\/\/x.com\/LosPoliticosVer"]},{"@type":"Person","@id":"https:\/\/lospoliticosveracruz.com\/#\/schema\/person\/b8702bb0e538456e6efd07080bf2a4a2","name":"Lo viste en Los Pol\u00edticos","image":{"@type":"ImageObject","inLanguage":"es","@id":"https:\/\/secure.gravatar.com\/avatar\/3a8de04a2656d44082be478bd6c086daa447c4651605818287b9532d3d0bd435?s=96&d=mm&r=g","url":"https:\/\/secure.gravatar.com\/avatar\/3a8de04a2656d44082be478bd6c086daa447c4651605818287b9532d3d0bd435?s=96&d=mm&r=g","contentUrl":"https:\/\/secure.gravatar.com\/avatar\/3a8de04a2656d44082be478bd6c086daa447c4651605818287b9532d3d0bd435?s=96&d=mm&r=g","caption":"Lo viste en Los Pol\u00edticos"},"url":"https:\/\/lospoliticosveracruz.com\/?author=2"}]}},"_links":{"self":[{"href":"https:\/\/lospoliticosveracruz.com\/index.php?rest_route=\/wp\/v2\/posts\/165779","targetHints":{"allow":["GET"]}}],"collection":[{"href":"https:\/\/lospoliticosveracruz.com\/index.php?rest_route=\/wp\/v2\/posts"}],"about":[{"href":"https:\/\/lospoliticosveracruz.com\/index.php?rest_route=\/wp\/v2\/types\/post"}],"author":[{"embeddable":true,"href":"https:\/\/lospoliticosveracruz.com\/index.php?rest_route=\/wp\/v2\/users\/2"}],"replies":[{"embeddable":true,"href":"https:\/\/lospoliticosveracruz.com\/index.php?rest_route=%2Fwp%2Fv2%2Fcomments&post=165779"}],"version-history":[{"count":1,"href":"https:\/\/lospoliticosveracruz.com\/index.php?rest_route=\/wp\/v2\/posts\/165779\/revisions"}],"predecessor-version":[{"id":165781,"href":"https:\/\/lospoliticosveracruz.com\/index.php?rest_route=\/wp\/v2\/posts\/165779\/revisions\/165781"}],"wp:featuredmedia":[{"embeddable":true,"href":"https:\/\/lospoliticosveracruz.com\/index.php?rest_route=\/wp\/v2\/media\/165780"}],"wp:attachment":[{"href":"https:\/\/lospoliticosveracruz.com\/index.php?rest_route=%2Fwp%2Fv2%2Fmedia&parent=165779"}],"wp:term":[{"taxonomy":"category","embeddable":true,"href":"https:\/\/lospoliticosveracruz.com\/index.php?rest_route=%2Fwp%2Fv2%2Fcategories&post=165779"},{"taxonomy":"post_tag","embeddable":true,"href":"https:\/\/lospoliticosveracruz.com\/index.php?rest_route=%2Fwp%2Fv2%2Ftags&post=165779"}],"curies":[{"name":"wp","href":"https:\/\/api.w.org\/{rel}","templated":true}]}}