{"id":165782,"date":"2026-03-10T16:56:45","date_gmt":"2026-03-10T22:56:45","guid":{"rendered":"https:\/\/lospoliticosveracruz.com\/?p=165782"},"modified":"2026-03-10T16:56:46","modified_gmt":"2026-03-10T22:56:46","slug":"mas-democracia-menos-gasto","status":"publish","type":"post","link":"https:\/\/lospoliticosveracruz.com\/?p=165782","title":{"rendered":"M\u00c1S DEMOCRACIA, MENOS GASTO"},"content":{"rendered":"\n<p><strong>Elena C\u00f3rdova<\/strong><\/p>\n\n\n\n<p><em>Legislando Contigo<\/em><\/p>\n\n\n\n<p>Hay algo que deber\u00edamos preguntarnos con honestidad cuando hablamos de democracia en M\u00e9xico: \u00bfqui\u00e9n est\u00e1 tomando realmente las decisiones del pa\u00eds? Hoy apenas el 59% de las personas participa en las elecciones. Eso significa que casi la mitad de la poblaci\u00f3n no est\u00e1 influyendo en el rumbo de nuestra naci\u00f3n. Y cuando una democracia se decide entre pocos, inevitablemente se debilita.<\/p>\n\n\n\n<p>Por eso M\u00e9xico s\u00ed necesita una reforma electoral. Pero no una reforma pensada para concentrar poder o para acomodar ventajas pol\u00edticas, sino una reforma que piense en las personas y en c\u00f3mo fortalecer la participaci\u00f3n ciudadana. Desde Movimiento Ciudadano hemos presentado una propuesta que parte de una idea sencilla pero poderosa: m\u00e1s democracia y menos gasto. M\u00e1s democracia significa ampliar la participaci\u00f3n, abrir espacios para que m\u00e1s personas puedan decidir sobre el futuro del pa\u00eds. Por ejemplo, permitir que las y los j\u00f3venes puedan votar desde los 16 a\u00f1os. Si a esa edad ya pueden trabajar, asumir responsabilidades legales e incluso pagar impuestos, tambi\u00e9n deber\u00edan tener el derecho de participar en las decisiones que marcar\u00e1n el pa\u00eds donde vivir\u00e1n.<\/p>\n\n\n\n<p>Tambi\u00e9n significa modernizar nuestro sistema electoral utilizando tecnolog\u00eda que facilite el voto, reduzca filas y permita procesos m\u00e1s eficientes y menos costosos, siempre garantizando la seguridad y la transparencia del sufragio. Pero hablar de democracia tambi\u00e9n implica hablar de seguridad. M\u00e9xico no puede permitir que la violencia o el crimen organizado influyan en nuestras elecciones. Por eso planteamos fortalecer los mecanismos para impedir el financiamiento ilegal en campa\u00f1as y cerrar cualquier puerta que permita que el dinero del crimen intervenga en la vida democr\u00e1tica. La democracia debe decidirse con votos, nunca con miedo.<\/p>\n\n\n\n<p>Y hay algo que la ciudadan\u00eda tiene claro: la pol\u00edtica en M\u00e9xico es demasiado cara. Cada a\u00f1o se destinan miles de millones de pesos al sistema pol\u00edtico y a los partidos, por lo que tambi\u00e9n proponemos reducir el financiamiento p\u00fablico, eliminar duplicidades dentro del sistema electoral y hacer m\u00e1s eficiente la organizaci\u00f3n de las elecciones. Se trata de cuidar la democracia, s\u00ed, pero tambi\u00e9n de cuidar el dinero de las y los ciudadanos. Porque una democracia fuerte no es la que gasta m\u00e1s, sino la que logra que participe m\u00e1s gente y la que coloca a la ciudadan\u00eda en el centro de las decisiones. M\u00e9xico necesita una democracia m\u00e1s abierta, m\u00e1s participativa y m\u00e1s justa. Esa es la reforma electoral que proponemos: m\u00e1s democracia y menos gasto.<\/p>\n","protected":false},"excerpt":{"rendered":"<p>Elena C\u00f3rdova Legislando Contigo Hay algo que deber\u00edamos preguntarnos con honestidad cuando hablamos de democracia en M\u00e9xico: \u00bfqui\u00e9n est\u00e1 tomando realmente las decisiones del pa\u00eds? Hoy apenas el 59% de las personas participa en las elecciones. Eso significa que casi la mitad de la poblaci\u00f3n no est\u00e1 influyendo en el rumbo de nuestra naci\u00f3n. Y [&hellip;]<\/p>\n","protected":false},"author":2,"featured_media":141382,"comment_status":"closed","ping_status":"closed","sticky":false,"template":"","format":"standard","meta":{"tdm_status":"","tdm_grid_status":"","footnotes":""},"categories":[70],"tags":[],"class_list":{"0":"post-165782","1":"post","2":"type-post","3":"status-publish","4":"format-standard","5":"has-post-thumbnail","7":"category-de-opinion"},"yoast_head":"<!-- This site is optimized with the Yoast SEO plugin v27.4 - https:\/\/yoast.com\/product\/yoast-seo-wordpress\/ -->\n<title>M\u00c1S DEMOCRACIA, MENOS GASTO - Los pol\u00edticos Veracruz<\/title>\n<meta name=\"robots\" content=\"index, follow, max-snippet:-1, max-image-preview:large, max-video-preview:-1\" \/>\n<link rel=\"canonical\" href=\"https:\/\/lospoliticosveracruz.com\/?p=165782\" \/>\n<meta property=\"og:locale\" content=\"es_ES\" \/>\n<meta property=\"og:type\" content=\"article\" \/>\n<meta property=\"og:title\" content=\"M\u00c1S DEMOCRACIA, MENOS GASTO - Los pol\u00edticos Veracruz\" \/>\n<meta property=\"og:description\" content=\"Elena C\u00f3rdova Legislando Contigo Hay algo que deber\u00edamos preguntarnos con honestidad cuando hablamos de democracia en M\u00e9xico: \u00bfqui\u00e9n est\u00e1 tomando realmente las decisiones del pa\u00eds? Hoy apenas el 59% de las personas participa en las elecciones. Eso significa que casi la mitad de la poblaci\u00f3n no est\u00e1 influyendo en el rumbo de nuestra naci\u00f3n. Y [&hellip;]\" \/>\n<meta property=\"og:url\" content=\"https:\/\/lospoliticosveracruz.com\/?p=165782\" \/>\n<meta property=\"og:site_name\" content=\"Los pol\u00edticos Veracruz\" \/>\n<meta property=\"article:publisher\" content=\"https:\/\/www.facebook.com\/people\/Notimemes-de-los-Polticos\/61565672886568\/\" \/>\n<meta property=\"article:published_time\" content=\"2026-03-10T22:56:45+00:00\" \/>\n<meta property=\"article:modified_time\" content=\"2026-03-10T22:56:46+00:00\" \/>\n<meta property=\"og:image\" content=\"https:\/\/lospoliticosveracruz.com\/wp-content\/uploads\/2025\/04\/Elena-Cordova-Molina.jpg\" \/>\n\t<meta property=\"og:image:width\" content=\"1250\" \/>\n\t<meta property=\"og:image:height\" content=\"667\" \/>\n\t<meta property=\"og:image:type\" content=\"image\/jpeg\" \/>\n<meta name=\"author\" content=\"Lo viste en Los Pol\u00edticos\" \/>\n<meta name=\"twitter:card\" content=\"summary_large_image\" \/>\n<meta name=\"twitter:creator\" content=\"@LosPoliticosVer\" \/>\n<meta name=\"twitter:site\" content=\"@LosPoliticosVer\" \/>\n<meta name=\"twitter:label1\" content=\"Escrito por\" \/>\n\t<meta name=\"twitter:data1\" content=\"Lo viste en Los Pol\u00edticos\" \/>\n\t<meta name=\"twitter:label2\" content=\"Tiempo de lectura\" \/>\n\t<meta name=\"twitter:data2\" content=\"3 minutos\" \/>\n<script type=\"application\/ld+json\" class=\"yoast-schema-graph\">{\"@context\":\"https:\\\/\\\/schema.org\",\"@graph\":[{\"@type\":\"Article\",\"@id\":\"https:\\\/\\\/lospoliticosveracruz.com\\\/?p=165782#article\",\"isPartOf\":{\"@id\":\"https:\\\/\\\/lospoliticosveracruz.com\\\/?p=165782\"},\"author\":{\"name\":\"Lo viste en Los Pol\u00edticos\",\"@id\":\"https:\\\/\\\/lospoliticosveracruz.com\\\/#\\\/schema\\\/person\\\/b8702bb0e538456e6efd07080bf2a4a2\"},\"headline\":\"M\u00c1S DEMOCRACIA, MENOS GASTO\",\"datePublished\":\"2026-03-10T22:56:45+00:00\",\"dateModified\":\"2026-03-10T22:56:46+00:00\",\"mainEntityOfPage\":{\"@id\":\"https:\\\/\\\/lospoliticosveracruz.com\\\/?p=165782\"},\"wordCount\":455,\"publisher\":{\"@id\":\"https:\\\/\\\/lospoliticosveracruz.com\\\/#organization\"},\"image\":{\"@id\":\"https:\\\/\\\/lospoliticosveracruz.com\\\/?p=165782#primaryimage\"},\"thumbnailUrl\":\"https:\\\/\\\/lospoliticosveracruz.com\\\/wp-content\\\/uploads\\\/2025\\\/04\\\/Elena-Cordova-Molina.jpg\",\"articleSection\":[\"De Opini\u00f3n\"],\"inLanguage\":\"es\"},{\"@type\":\"WebPage\",\"@id\":\"https:\\\/\\\/lospoliticosveracruz.com\\\/?p=165782\",\"url\":\"https:\\\/\\\/lospoliticosveracruz.com\\\/?p=165782\",\"name\":\"M\u00c1S DEMOCRACIA, MENOS GASTO - Los pol\u00edticos Veracruz\",\"isPartOf\":{\"@id\":\"https:\\\/\\\/lospoliticosveracruz.com\\\/#website\"},\"primaryImageOfPage\":{\"@id\":\"https:\\\/\\\/lospoliticosveracruz.com\\\/?p=165782#primaryimage\"},\"image\":{\"@id\":\"https:\\\/\\\/lospoliticosveracruz.com\\\/?p=165782#primaryimage\"},\"thumbnailUrl\":\"https:\\\/\\\/lospoliticosveracruz.com\\\/wp-content\\\/uploads\\\/2025\\\/04\\\/Elena-Cordova-Molina.jpg\",\"datePublished\":\"2026-03-10T22:56:45+00:00\",\"dateModified\":\"2026-03-10T22:56:46+00:00\",\"breadcrumb\":{\"@id\":\"https:\\\/\\\/lospoliticosveracruz.com\\\/?p=165782#breadcrumb\"},\"inLanguage\":\"es\",\"potentialAction\":[{\"@type\":\"ReadAction\",\"target\":[\"https:\\\/\\\/lospoliticosveracruz.com\\\/?p=165782\"]}]},{\"@type\":\"ImageObject\",\"inLanguage\":\"es\",\"@id\":\"https:\\\/\\\/lospoliticosveracruz.com\\\/?p=165782#primaryimage\",\"url\":\"https:\\\/\\\/lospoliticosveracruz.com\\\/wp-content\\\/uploads\\\/2025\\\/04\\\/Elena-Cordova-Molina.jpg\",\"contentUrl\":\"https:\\\/\\\/lospoliticosveracruz.com\\\/wp-content\\\/uploads\\\/2025\\\/04\\\/Elena-Cordova-Molina.jpg\",\"width\":1250,\"height\":667},{\"@type\":\"BreadcrumbList\",\"@id\":\"https:\\\/\\\/lospoliticosveracruz.com\\\/?p=165782#breadcrumb\",\"itemListElement\":[{\"@type\":\"ListItem\",\"position\":1,\"name\":\"Portada\",\"item\":\"https:\\\/\\\/lospoliticosveracruz.com\\\/\"},{\"@type\":\"ListItem\",\"position\":2,\"name\":\"M\u00c1S DEMOCRACIA, MENOS GASTO\"}]},{\"@type\":\"WebSite\",\"@id\":\"https:\\\/\\\/lospoliticosveracruz.com\\\/#website\",\"url\":\"https:\\\/\\\/lospoliticosveracruz.com\\\/\",\"name\":\"Los pol\u00edticos Veracruz\",\"description\":\"\",\"publisher\":{\"@id\":\"https:\\\/\\\/lospoliticosveracruz.com\\\/#organization\"},\"potentialAction\":[{\"@type\":\"SearchAction\",\"target\":{\"@type\":\"EntryPoint\",\"urlTemplate\":\"https:\\\/\\\/lospoliticosveracruz.com\\\/?s={search_term_string}\"},\"query-input\":{\"@type\":\"PropertyValueSpecification\",\"valueRequired\":true,\"valueName\":\"search_term_string\"}}],\"inLanguage\":\"es\"},{\"@type\":\"Organization\",\"@id\":\"https:\\\/\\\/lospoliticosveracruz.com\\\/#organization\",\"name\":\"Los pol\u00edticos Veracruz\",\"url\":\"https:\\\/\\\/lospoliticosveracruz.com\\\/\",\"logo\":{\"@type\":\"ImageObject\",\"inLanguage\":\"es\",\"@id\":\"https:\\\/\\\/lospoliticosveracruz.com\\\/#\\\/schema\\\/logo\\\/image\\\/\",\"url\":\"https:\\\/\\\/lospoliticosveracruz.com\\\/wp-content\\\/uploads\\\/2025\\\/12\\\/Logo-Nuevo-LOS-POLITICOS-1.jpg\",\"contentUrl\":\"https:\\\/\\\/lospoliticosveracruz.com\\\/wp-content\\\/uploads\\\/2025\\\/12\\\/Logo-Nuevo-LOS-POLITICOS-1.jpg\",\"width\":260,\"height\":70,\"caption\":\"Los pol\u00edticos Veracruz\"},\"image\":{\"@id\":\"https:\\\/\\\/lospoliticosveracruz.com\\\/#\\\/schema\\\/logo\\\/image\\\/\"},\"sameAs\":[\"https:\\\/\\\/www.facebook.com\\\/people\\\/Notimemes-de-los-Polticos\\\/61565672886568\\\/\",\"https:\\\/\\\/x.com\\\/LosPoliticosVer\"]},{\"@type\":\"Person\",\"@id\":\"https:\\\/\\\/lospoliticosveracruz.com\\\/#\\\/schema\\\/person\\\/b8702bb0e538456e6efd07080bf2a4a2\",\"name\":\"Lo viste en Los Pol\u00edticos\",\"image\":{\"@type\":\"ImageObject\",\"inLanguage\":\"es\",\"@id\":\"https:\\\/\\\/secure.gravatar.com\\\/avatar\\\/3a8de04a2656d44082be478bd6c086daa447c4651605818287b9532d3d0bd435?s=96&d=mm&r=g\",\"url\":\"https:\\\/\\\/secure.gravatar.com\\\/avatar\\\/3a8de04a2656d44082be478bd6c086daa447c4651605818287b9532d3d0bd435?s=96&d=mm&r=g\",\"contentUrl\":\"https:\\\/\\\/secure.gravatar.com\\\/avatar\\\/3a8de04a2656d44082be478bd6c086daa447c4651605818287b9532d3d0bd435?s=96&d=mm&r=g\",\"caption\":\"Lo viste en Los Pol\u00edticos\"},\"url\":\"https:\\\/\\\/lospoliticosveracruz.com\\\/?author=2\"}]}<\/script>\n<!-- \/ Yoast SEO plugin. -->","yoast_head_json":{"title":"M\u00c1S DEMOCRACIA, MENOS GASTO - Los pol\u00edticos Veracruz","robots":{"index":"index","follow":"follow","max-snippet":"max-snippet:-1","max-image-preview":"max-image-preview:large","max-video-preview":"max-video-preview:-1"},"canonical":"https:\/\/lospoliticosveracruz.com\/?p=165782","og_locale":"es_ES","og_type":"article","og_title":"M\u00c1S DEMOCRACIA, MENOS GASTO - Los pol\u00edticos Veracruz","og_description":"Elena C\u00f3rdova Legislando Contigo Hay algo que deber\u00edamos preguntarnos con honestidad cuando hablamos de democracia en M\u00e9xico: \u00bfqui\u00e9n est\u00e1 tomando realmente las decisiones del pa\u00eds? Hoy apenas el 59% de las personas participa en las elecciones. Eso significa que casi la mitad de la poblaci\u00f3n no est\u00e1 influyendo en el rumbo de nuestra naci\u00f3n. Y [&hellip;]","og_url":"https:\/\/lospoliticosveracruz.com\/?p=165782","og_site_name":"Los pol\u00edticos Veracruz","article_publisher":"https:\/\/www.facebook.com\/people\/Notimemes-de-los-Polticos\/61565672886568\/","article_published_time":"2026-03-10T22:56:45+00:00","article_modified_time":"2026-03-10T22:56:46+00:00","og_image":[{"width":1250,"height":667,"url":"https:\/\/lospoliticosveracruz.com\/wp-content\/uploads\/2025\/04\/Elena-Cordova-Molina.jpg","type":"image\/jpeg"}],"author":"Lo viste en Los Pol\u00edticos","twitter_card":"summary_large_image","twitter_creator":"@LosPoliticosVer","twitter_site":"@LosPoliticosVer","twitter_misc":{"Escrito por":"Lo viste en Los Pol\u00edticos","Tiempo de lectura":"3 minutos"},"schema":{"@context":"https:\/\/schema.org","@graph":[{"@type":"Article","@id":"https:\/\/lospoliticosveracruz.com\/?p=165782#article","isPartOf":{"@id":"https:\/\/lospoliticosveracruz.com\/?p=165782"},"author":{"name":"Lo viste en Los Pol\u00edticos","@id":"https:\/\/lospoliticosveracruz.com\/#\/schema\/person\/b8702bb0e538456e6efd07080bf2a4a2"},"headline":"M\u00c1S DEMOCRACIA, MENOS GASTO","datePublished":"2026-03-10T22:56:45+00:00","dateModified":"2026-03-10T22:56:46+00:00","mainEntityOfPage":{"@id":"https:\/\/lospoliticosveracruz.com\/?p=165782"},"wordCount":455,"publisher":{"@id":"https:\/\/lospoliticosveracruz.com\/#organization"},"image":{"@id":"https:\/\/lospoliticosveracruz.com\/?p=165782#primaryimage"},"thumbnailUrl":"https:\/\/lospoliticosveracruz.com\/wp-content\/uploads\/2025\/04\/Elena-Cordova-Molina.jpg","articleSection":["De Opini\u00f3n"],"inLanguage":"es"},{"@type":"WebPage","@id":"https:\/\/lospoliticosveracruz.com\/?p=165782","url":"https:\/\/lospoliticosveracruz.com\/?p=165782","name":"M\u00c1S DEMOCRACIA, MENOS GASTO - Los pol\u00edticos Veracruz","isPartOf":{"@id":"https:\/\/lospoliticosveracruz.com\/#website"},"primaryImageOfPage":{"@id":"https:\/\/lospoliticosveracruz.com\/?p=165782#primaryimage"},"image":{"@id":"https:\/\/lospoliticosveracruz.com\/?p=165782#primaryimage"},"thumbnailUrl":"https:\/\/lospoliticosveracruz.com\/wp-content\/uploads\/2025\/04\/Elena-Cordova-Molina.jpg","datePublished":"2026-03-10T22:56:45+00:00","dateModified":"2026-03-10T22:56:46+00:00","breadcrumb":{"@id":"https:\/\/lospoliticosveracruz.com\/?p=165782#breadcrumb"},"inLanguage":"es","potentialAction":[{"@type":"ReadAction","target":["https:\/\/lospoliticosveracruz.com\/?p=165782"]}]},{"@type":"ImageObject","inLanguage":"es","@id":"https:\/\/lospoliticosveracruz.com\/?p=165782#primaryimage","url":"https:\/\/lospoliticosveracruz.com\/wp-content\/uploads\/2025\/04\/Elena-Cordova-Molina.jpg","contentUrl":"https:\/\/lospoliticosveracruz.com\/wp-content\/uploads\/2025\/04\/Elena-Cordova-Molina.jpg","width":1250,"height":667},{"@type":"BreadcrumbList","@id":"https:\/\/lospoliticosveracruz.com\/?p=165782#breadcrumb","itemListElement":[{"@type":"ListItem","position":1,"name":"Portada","item":"https:\/\/lospoliticosveracruz.com\/"},{"@type":"ListItem","position":2,"name":"M\u00c1S DEMOCRACIA, MENOS GASTO"}]},{"@type":"WebSite","@id":"https:\/\/lospoliticosveracruz.com\/#website","url":"https:\/\/lospoliticosveracruz.com\/","name":"Los pol\u00edticos Veracruz","description":"","publisher":{"@id":"https:\/\/lospoliticosveracruz.com\/#organization"},"potentialAction":[{"@type":"SearchAction","target":{"@type":"EntryPoint","urlTemplate":"https:\/\/lospoliticosveracruz.com\/?s={search_term_string}"},"query-input":{"@type":"PropertyValueSpecification","valueRequired":true,"valueName":"search_term_string"}}],"inLanguage":"es"},{"@type":"Organization","@id":"https:\/\/lospoliticosveracruz.com\/#organization","name":"Los pol\u00edticos Veracruz","url":"https:\/\/lospoliticosveracruz.com\/","logo":{"@type":"ImageObject","inLanguage":"es","@id":"https:\/\/lospoliticosveracruz.com\/#\/schema\/logo\/image\/","url":"https:\/\/lospoliticosveracruz.com\/wp-content\/uploads\/2025\/12\/Logo-Nuevo-LOS-POLITICOS-1.jpg","contentUrl":"https:\/\/lospoliticosveracruz.com\/wp-content\/uploads\/2025\/12\/Logo-Nuevo-LOS-POLITICOS-1.jpg","width":260,"height":70,"caption":"Los pol\u00edticos Veracruz"},"image":{"@id":"https:\/\/lospoliticosveracruz.com\/#\/schema\/logo\/image\/"},"sameAs":["https:\/\/www.facebook.com\/people\/Notimemes-de-los-Polticos\/61565672886568\/","https:\/\/x.com\/LosPoliticosVer"]},{"@type":"Person","@id":"https:\/\/lospoliticosveracruz.com\/#\/schema\/person\/b8702bb0e538456e6efd07080bf2a4a2","name":"Lo viste en Los Pol\u00edticos","image":{"@type":"ImageObject","inLanguage":"es","@id":"https:\/\/secure.gravatar.com\/avatar\/3a8de04a2656d44082be478bd6c086daa447c4651605818287b9532d3d0bd435?s=96&d=mm&r=g","url":"https:\/\/secure.gravatar.com\/avatar\/3a8de04a2656d44082be478bd6c086daa447c4651605818287b9532d3d0bd435?s=96&d=mm&r=g","contentUrl":"https:\/\/secure.gravatar.com\/avatar\/3a8de04a2656d44082be478bd6c086daa447c4651605818287b9532d3d0bd435?s=96&d=mm&r=g","caption":"Lo viste en Los Pol\u00edticos"},"url":"https:\/\/lospoliticosveracruz.com\/?author=2"}]}},"_links":{"self":[{"href":"https:\/\/lospoliticosveracruz.com\/index.php?rest_route=\/wp\/v2\/posts\/165782","targetHints":{"allow":["GET"]}}],"collection":[{"href":"https:\/\/lospoliticosveracruz.com\/index.php?rest_route=\/wp\/v2\/posts"}],"about":[{"href":"https:\/\/lospoliticosveracruz.com\/index.php?rest_route=\/wp\/v2\/types\/post"}],"author":[{"embeddable":true,"href":"https:\/\/lospoliticosveracruz.com\/index.php?rest_route=\/wp\/v2\/users\/2"}],"replies":[{"embeddable":true,"href":"https:\/\/lospoliticosveracruz.com\/index.php?rest_route=%2Fwp%2Fv2%2Fcomments&post=165782"}],"version-history":[{"count":1,"href":"https:\/\/lospoliticosveracruz.com\/index.php?rest_route=\/wp\/v2\/posts\/165782\/revisions"}],"predecessor-version":[{"id":165783,"href":"https:\/\/lospoliticosveracruz.com\/index.php?rest_route=\/wp\/v2\/posts\/165782\/revisions\/165783"}],"wp:featuredmedia":[{"embeddable":true,"href":"https:\/\/lospoliticosveracruz.com\/index.php?rest_route=\/wp\/v2\/media\/141382"}],"wp:attachment":[{"href":"https:\/\/lospoliticosveracruz.com\/index.php?rest_route=%2Fwp%2Fv2%2Fmedia&parent=165782"}],"wp:term":[{"taxonomy":"category","embeddable":true,"href":"https:\/\/lospoliticosveracruz.com\/index.php?rest_route=%2Fwp%2Fv2%2Fcategories&post=165782"},{"taxonomy":"post_tag","embeddable":true,"href":"https:\/\/lospoliticosveracruz.com\/index.php?rest_route=%2Fwp%2Fv2%2Ftags&post=165782"}],"curies":[{"name":"wp","href":"https:\/\/api.w.org\/{rel}","templated":true}]}}