{"id":165797,"date":"2026-03-10T19:47:03","date_gmt":"2026-03-11T01:47:03","guid":{"rendered":"https:\/\/lospoliticosveracruz.com\/?p=165797"},"modified":"2026-03-10T19:47:04","modified_gmt":"2026-03-11T01:47:04","slug":"un-veracruzano-de-linaje-llega-a-la-asf","status":"publish","type":"post","link":"https:\/\/lospoliticosveracruz.com\/?p=165797","title":{"rendered":"UN VERACRUZANO DE LINAJE LLEGA A LA ASF"},"content":{"rendered":"\n<p><strong>Jos\u00e9 Luis Enr\u00edquez Ambell<br><\/strong><em>Caf\u00e9 de Ma\u00f1ana<br><\/em><\/p>\n\n\n\n<p>Un veracruzano llega a la Auditor\u00eda Superior de la Federaci\u00f3n.<\/p>\n\n\n\n<p>En la pol\u00edtica mexicana \u2014como en la vida p\u00fablica\u2014 los nombres a veces regresan. Y cuando regresan, lo hacen acompa\u00f1ados de historia.<\/p>\n\n\n\n<p>La elecci\u00f3n de Aureliano Hern\u00e1ndez Palacios Cardel como nuevo Auditor Superior de la Federaci\u00f3n coloca nuevamente a un veracruzano en una posici\u00f3n clave dentro del sistema institucional del pa\u00eds: la fiscalizaci\u00f3n del dinero p\u00fablico. No es un cargo menor.<\/p>\n\n\n\n<p>La Auditor\u00eda Superior de la Federaci\u00f3n es el \u00f3rgano t\u00e9cnico que revisa c\u00f3mo se gastan los recursos federales en todo M\u00e9xico: en el gobierno federal, en los estados, en los municipios y en los organismos aut\u00f3nomos. Dicho en palabras simples: es la instancia que vigila el destino del dinero de los mexicanos y las mexicanas.<\/p>\n\n\n\n<p>Y ah\u00ed, en ese espacio estrat\u00e9gico, llega ahora un xalape\u00f1o con trayectoria t\u00e9cnica dentro del propio sistema de auditor\u00eda p\u00fablica.<\/p>\n\n\n\n<p>Hern\u00e1ndez Palacios Cardel no es un improvisado. Su carrera ha estado ligada precisamente a la revisi\u00f3n del gasto p\u00fablico federalizado \u2014uno de los rubros m\u00e1s complejos del federalismo mexicano\u2014 donde durante a\u00f1os se ha encargado de auditar los recursos que la federaci\u00f3n transfiere a los estados y municipios.<\/p>\n\n\n\n<p>Quienes conocen la estructura de la Auditor\u00eda Superior saben que esa \u00e1rea es, probablemente, una de las m\u00e1s sensibles del aparato de fiscalizaci\u00f3n nacional.<\/p>\n\n\n\n<p>Desde ah\u00ed se revisan participaciones, fondos federales, programas y recursos que terminan ejerci\u00e9ndose en las entidades federativas. \u00abExperiencia, por tanto, no le falta\u00bb.<\/p>\n\n\n\n<p>Pero hay algo m\u00e1s. Porque detr\u00e1s del funcionario tambi\u00e9n hay una historia familiar profundamente vinculada con la vida jur\u00eddica de Veracruz. Su abuelo, tambi\u00e9n llamado Don Aureliano Hern\u00e1ndez Palacios, fue uno de los juristas m\u00e1s respetados de su tiempo. Abogado brillante, acad\u00e9mico y figura central en la vida institucional del estado, lleg\u00f3 a ser rector de la Universidad Veracruzana y posteriormente presidente del Tribunal Superior de Justicia de Veracruz. Una trayectoria que dej\u00f3 huella en la academia y en el derecho p\u00fablico veracruzano.<\/p>\n\n\n\n<p>Quienes estudiaron en la Universidad Veracruzana durante aquella \u00e9poca recuerdan todav\u00eda la influencia intelectual de aquel rector que entend\u00eda a la universidad como un motor cultural del estado. Los caminos del servicio p\u00fablico no terminaron ah\u00ed.<\/p>\n\n\n\n<p>En esa misma familia tambi\u00e9n figura Luis Rafael Hern\u00e1ndez Palacios Mir\u00f3n, t\u00edo del nuevo Auditor Superior, quien se desempe\u00f1\u00f3 como Procurador Agrario durante el sexenio pasado, encabezando una de las instituciones clave para la defensa de los derechos de los ejidatarios y comuneros del pa\u00eds.<\/p>\n\n\n\n<p>Cabe decir que el padre del hoy titular de la ASF, Fernando Hern\u00e1ndez Palacios Mir\u00f3n, es un acad\u00e9mico y funcionario p\u00fablico de carrera; fue director del Centro de C\u00f3mputo de la UV, director jur\u00eddico y de Gobierno en la alcald\u00eda de Tlalpan y alcalde de la misma demarcaci\u00f3n en la Ciudad de M\u00e9xico.<\/p>\n\n\n\n<p>Adem\u00e1s, su difunta t\u00eda, la maestra Esther Hern\u00e1ndez Palacios Mir\u00f3n (QEPD), mujer brillante, intelectual y acad\u00e9mica, ocup\u00f3 la ahora Secretar\u00eda de Cultura de Veracruz durante el sexenio del gobierno de Miguel Alem\u00e1n.<\/p>\n\n\n\n<p>As\u00ed, en esa familia confluyen tres vertientes del Estado mexicano: la academia jur\u00eddica, la justicia local y la administraci\u00f3n p\u00fablica federal.<\/p>\n\n\n\n<p>Hoy el apellido vuelve a aparecer en una responsabilidad de alcance nacional. Y es que la llegada de Aureliano Hern\u00e1ndez Palacios a la Auditor\u00eda Superior de la Federaci\u00f3n ocurre en un momento particularmente relevante para la rendici\u00f3n de cuentas en M\u00e9xico.<\/p>\n\n\n\n<p>La fiscalizaci\u00f3n se ha convertido en un tema central del debate p\u00fablico. Estados, municipios y dependencias federales ejercen cada a\u00f1o billones de pesos en recursos p\u00fablicos que deben ser revisados con rigor t\u00e9cnico, independencia y profesionalismo.<\/p>\n\n\n\n<p>Ah\u00ed es donde se pondr\u00e1n a prueba las cualidades del nuevo titular de la ASF.<\/p>\n\n\n\n<p>Quienes han trabajado con \u00e9l destacan tres rasgos: la formaci\u00f3n t\u00e9cnica en auditor\u00eda p\u00fablica, el conocimiento interno de la instituci\u00f3n y la experiencia directa en la revisi\u00f3n del gasto federalizado.<\/p>\n\n\n\n<p>Tres elementos que, en un \u00f3rgano t\u00e9cnico como la Auditor\u00eda Superior, pesan m\u00e1s que los discursos. Porque al final del d\u00eda, la fiscalizaci\u00f3n no se mide en declaraciones, se mide en auditor\u00edas.<\/p>\n\n\n\n<p>Y si algo ense\u00f1a la historia institucional de M\u00e9xico es que los \u00f3rganos de control funcionan mejor cuando est\u00e1n encabezados por perfiles que conocen \u2014desde dentro\u2014 la maquinaria y el engranaje que deben conducir.<\/p>\n\n\n\n<p><strong>DE SOBREMESA<\/strong><\/p>\n\n\n\n<p>Por lo pronto, el dato pol\u00edtico ya est\u00e1 sobre la mesa: un veracruzano encabeza ahora el m\u00e1ximo \u00f3rgano de fiscalizaci\u00f3n del pa\u00eds.<\/p>\n\n\n\n<p>Y con \u00e9l, un apellido que desde hace d\u00e9cadas forma parte de la historia jur\u00eddica de Veracruz vuelve a ocupar un lugar en la vida p\u00fablica nacional.<\/p>\n\n\n\n<p>\u00a1ES CUANTO!<\/p>\n\n\n\n<p>enriquezambell@gmail.com;<br>enamjl62@gmail.com<\/p>\n","protected":false},"excerpt":{"rendered":"<p>Jos\u00e9 Luis Enr\u00edquez AmbellCaf\u00e9 de Ma\u00f1ana Un veracruzano llega a la Auditor\u00eda Superior de la Federaci\u00f3n. En la pol\u00edtica mexicana \u2014como en la vida p\u00fablica\u2014 los nombres a veces regresan. Y cuando regresan, lo hacen acompa\u00f1ados de historia. La elecci\u00f3n de Aureliano Hern\u00e1ndez Palacios Cardel como nuevo Auditor Superior de la Federaci\u00f3n coloca nuevamente a [&hellip;]<\/p>\n","protected":false},"author":2,"featured_media":141435,"comment_status":"closed","ping_status":"closed","sticky":false,"template":"","format":"standard","meta":{"tdm_status":"","tdm_grid_status":"","footnotes":""},"categories":[70],"tags":[57029,57027,49022,57026,57028,57030],"class_list":{"0":"post-165797","1":"post","2":"type-post","3":"status-publish","4":"format-standard","5":"has-post-thumbnail","7":"category-de-opinion","8":"tag-aureliano-hernandez-palacios-cardel-asf","9":"tag-fiscalizacion-del-gasto-publico-mexico","10":"tag-jose-luis-enriquez-ambell-cafe-de-manana","11":"tag-linaje-juridico-hernandez-palacios-veracruz","12":"tag-nuevo-auditor-superior-de-la-federacion-2026","13":"tag-rendicion-de-cuentas-federal-2026"},"yoast_head":"<!-- This site is optimized with the Yoast SEO plugin v27.4 - https:\/\/yoast.com\/product\/yoast-seo-wordpress\/ -->\n<title>UN VERACRUZANO DE LINAJE LLEGA A LA ASF - Los pol\u00edticos Veracruz<\/title>\n<meta name=\"robots\" content=\"index, follow, max-snippet:-1, max-image-preview:large, max-video-preview:-1\" \/>\n<link rel=\"canonical\" href=\"https:\/\/lospoliticosveracruz.com\/?p=165797\" \/>\n<meta property=\"og:locale\" content=\"es_ES\" \/>\n<meta property=\"og:type\" content=\"article\" \/>\n<meta property=\"og:title\" content=\"UN VERACRUZANO DE LINAJE LLEGA A LA ASF - Los pol\u00edticos Veracruz\" \/>\n<meta property=\"og:description\" content=\"Jos\u00e9 Luis Enr\u00edquez AmbellCaf\u00e9 de Ma\u00f1ana Un veracruzano llega a la Auditor\u00eda Superior de la Federaci\u00f3n. En la pol\u00edtica mexicana \u2014como en la vida p\u00fablica\u2014 los nombres a veces regresan. Y cuando regresan, lo hacen acompa\u00f1ados de historia. La elecci\u00f3n de Aureliano Hern\u00e1ndez Palacios Cardel como nuevo Auditor Superior de la Federaci\u00f3n coloca nuevamente a [&hellip;]\" \/>\n<meta property=\"og:url\" content=\"https:\/\/lospoliticosveracruz.com\/?p=165797\" \/>\n<meta property=\"og:site_name\" content=\"Los pol\u00edticos Veracruz\" \/>\n<meta property=\"article:publisher\" content=\"https:\/\/www.facebook.com\/people\/Notimemes-de-los-Polticos\/61565672886568\/\" \/>\n<meta property=\"article:published_time\" content=\"2026-03-11T01:47:03+00:00\" \/>\n<meta property=\"article:modified_time\" content=\"2026-03-11T01:47:04+00:00\" \/>\n<meta property=\"og:image\" content=\"https:\/\/lospoliticosveracruz.com\/wp-content\/uploads\/2025\/04\/Ambell.jpg\" \/>\n\t<meta property=\"og:image:width\" content=\"1250\" \/>\n\t<meta property=\"og:image:height\" content=\"667\" \/>\n\t<meta property=\"og:image:type\" content=\"image\/jpeg\" \/>\n<meta name=\"author\" content=\"Lo viste en Los Pol\u00edticos\" \/>\n<meta name=\"twitter:card\" content=\"summary_large_image\" \/>\n<meta name=\"twitter:creator\" content=\"@LosPoliticosVer\" \/>\n<meta name=\"twitter:site\" content=\"@LosPoliticosVer\" \/>\n<meta name=\"twitter:label1\" content=\"Escrito por\" \/>\n\t<meta name=\"twitter:data1\" content=\"Lo viste en Los Pol\u00edticos\" \/>\n\t<meta name=\"twitter:label2\" content=\"Tiempo de lectura\" \/>\n\t<meta name=\"twitter:data2\" content=\"4 minutos\" \/>\n<script type=\"application\/ld+json\" class=\"yoast-schema-graph\">{\"@context\":\"https:\\\/\\\/schema.org\",\"@graph\":[{\"@type\":\"Article\",\"@id\":\"https:\\\/\\\/lospoliticosveracruz.com\\\/?p=165797#article\",\"isPartOf\":{\"@id\":\"https:\\\/\\\/lospoliticosveracruz.com\\\/?p=165797\"},\"author\":{\"name\":\"Lo viste en Los Pol\u00edticos\",\"@id\":\"https:\\\/\\\/lospoliticosveracruz.com\\\/#\\\/schema\\\/person\\\/b8702bb0e538456e6efd07080bf2a4a2\"},\"headline\":\"UN VERACRUZANO DE LINAJE LLEGA A LA ASF\",\"datePublished\":\"2026-03-11T01:47:03+00:00\",\"dateModified\":\"2026-03-11T01:47:04+00:00\",\"mainEntityOfPage\":{\"@id\":\"https:\\\/\\\/lospoliticosveracruz.com\\\/?p=165797\"},\"wordCount\":877,\"publisher\":{\"@id\":\"https:\\\/\\\/lospoliticosveracruz.com\\\/#organization\"},\"image\":{\"@id\":\"https:\\\/\\\/lospoliticosveracruz.com\\\/?p=165797#primaryimage\"},\"thumbnailUrl\":\"https:\\\/\\\/lospoliticosveracruz.com\\\/wp-content\\\/uploads\\\/2025\\\/04\\\/Ambell.jpg\",\"keywords\":[\"Aureliano Hern\u00e1ndez Palacios Cardel ASF\",\"fiscalizaci\u00f3n del gasto p\u00fablico M\u00e9xico\",\"Jos\u00e9 Luis Enr\u00edquez Ambell Caf\u00e9 de Ma\u00f1ana\",\"linaje jur\u00eddico Hern\u00e1ndez Palacios Veracruz\",\"nuevo Auditor Superior de la Federaci\u00f3n 2026\",\"rendici\u00f3n de cuentas federal 2026\"],\"articleSection\":[\"De Opini\u00f3n\"],\"inLanguage\":\"es\"},{\"@type\":\"WebPage\",\"@id\":\"https:\\\/\\\/lospoliticosveracruz.com\\\/?p=165797\",\"url\":\"https:\\\/\\\/lospoliticosveracruz.com\\\/?p=165797\",\"name\":\"UN VERACRUZANO DE LINAJE LLEGA A LA ASF - Los pol\u00edticos Veracruz\",\"isPartOf\":{\"@id\":\"https:\\\/\\\/lospoliticosveracruz.com\\\/#website\"},\"primaryImageOfPage\":{\"@id\":\"https:\\\/\\\/lospoliticosveracruz.com\\\/?p=165797#primaryimage\"},\"image\":{\"@id\":\"https:\\\/\\\/lospoliticosveracruz.com\\\/?p=165797#primaryimage\"},\"thumbnailUrl\":\"https:\\\/\\\/lospoliticosveracruz.com\\\/wp-content\\\/uploads\\\/2025\\\/04\\\/Ambell.jpg\",\"datePublished\":\"2026-03-11T01:47:03+00:00\",\"dateModified\":\"2026-03-11T01:47:04+00:00\",\"breadcrumb\":{\"@id\":\"https:\\\/\\\/lospoliticosveracruz.com\\\/?p=165797#breadcrumb\"},\"inLanguage\":\"es\",\"potentialAction\":[{\"@type\":\"ReadAction\",\"target\":[\"https:\\\/\\\/lospoliticosveracruz.com\\\/?p=165797\"]}]},{\"@type\":\"ImageObject\",\"inLanguage\":\"es\",\"@id\":\"https:\\\/\\\/lospoliticosveracruz.com\\\/?p=165797#primaryimage\",\"url\":\"https:\\\/\\\/lospoliticosveracruz.com\\\/wp-content\\\/uploads\\\/2025\\\/04\\\/Ambell.jpg\",\"contentUrl\":\"https:\\\/\\\/lospoliticosveracruz.com\\\/wp-content\\\/uploads\\\/2025\\\/04\\\/Ambell.jpg\",\"width\":1250,\"height\":667},{\"@type\":\"BreadcrumbList\",\"@id\":\"https:\\\/\\\/lospoliticosveracruz.com\\\/?p=165797#breadcrumb\",\"itemListElement\":[{\"@type\":\"ListItem\",\"position\":1,\"name\":\"Portada\",\"item\":\"https:\\\/\\\/lospoliticosveracruz.com\\\/\"},{\"@type\":\"ListItem\",\"position\":2,\"name\":\"UN VERACRUZANO DE LINAJE LLEGA A LA ASF\"}]},{\"@type\":\"WebSite\",\"@id\":\"https:\\\/\\\/lospoliticosveracruz.com\\\/#website\",\"url\":\"https:\\\/\\\/lospoliticosveracruz.com\\\/\",\"name\":\"Los pol\u00edticos Veracruz\",\"description\":\"\",\"publisher\":{\"@id\":\"https:\\\/\\\/lospoliticosveracruz.com\\\/#organization\"},\"potentialAction\":[{\"@type\":\"SearchAction\",\"target\":{\"@type\":\"EntryPoint\",\"urlTemplate\":\"https:\\\/\\\/lospoliticosveracruz.com\\\/?s={search_term_string}\"},\"query-input\":{\"@type\":\"PropertyValueSpecification\",\"valueRequired\":true,\"valueName\":\"search_term_string\"}}],\"inLanguage\":\"es\"},{\"@type\":\"Organization\",\"@id\":\"https:\\\/\\\/lospoliticosveracruz.com\\\/#organization\",\"name\":\"Los pol\u00edticos Veracruz\",\"url\":\"https:\\\/\\\/lospoliticosveracruz.com\\\/\",\"logo\":{\"@type\":\"ImageObject\",\"inLanguage\":\"es\",\"@id\":\"https:\\\/\\\/lospoliticosveracruz.com\\\/#\\\/schema\\\/logo\\\/image\\\/\",\"url\":\"https:\\\/\\\/lospoliticosveracruz.com\\\/wp-content\\\/uploads\\\/2025\\\/12\\\/Logo-Nuevo-LOS-POLITICOS-1.jpg\",\"contentUrl\":\"https:\\\/\\\/lospoliticosveracruz.com\\\/wp-content\\\/uploads\\\/2025\\\/12\\\/Logo-Nuevo-LOS-POLITICOS-1.jpg\",\"width\":260,\"height\":70,\"caption\":\"Los pol\u00edticos Veracruz\"},\"image\":{\"@id\":\"https:\\\/\\\/lospoliticosveracruz.com\\\/#\\\/schema\\\/logo\\\/image\\\/\"},\"sameAs\":[\"https:\\\/\\\/www.facebook.com\\\/people\\\/Notimemes-de-los-Polticos\\\/61565672886568\\\/\",\"https:\\\/\\\/x.com\\\/LosPoliticosVer\"]},{\"@type\":\"Person\",\"@id\":\"https:\\\/\\\/lospoliticosveracruz.com\\\/#\\\/schema\\\/person\\\/b8702bb0e538456e6efd07080bf2a4a2\",\"name\":\"Lo viste en Los Pol\u00edticos\",\"image\":{\"@type\":\"ImageObject\",\"inLanguage\":\"es\",\"@id\":\"https:\\\/\\\/secure.gravatar.com\\\/avatar\\\/3a8de04a2656d44082be478bd6c086daa447c4651605818287b9532d3d0bd435?s=96&d=mm&r=g\",\"url\":\"https:\\\/\\\/secure.gravatar.com\\\/avatar\\\/3a8de04a2656d44082be478bd6c086daa447c4651605818287b9532d3d0bd435?s=96&d=mm&r=g\",\"contentUrl\":\"https:\\\/\\\/secure.gravatar.com\\\/avatar\\\/3a8de04a2656d44082be478bd6c086daa447c4651605818287b9532d3d0bd435?s=96&d=mm&r=g\",\"caption\":\"Lo viste en Los Pol\u00edticos\"},\"url\":\"https:\\\/\\\/lospoliticosveracruz.com\\\/?author=2\"}]}<\/script>\n<!-- \/ Yoast SEO plugin. -->","yoast_head_json":{"title":"UN VERACRUZANO DE LINAJE LLEGA A LA ASF - Los pol\u00edticos Veracruz","robots":{"index":"index","follow":"follow","max-snippet":"max-snippet:-1","max-image-preview":"max-image-preview:large","max-video-preview":"max-video-preview:-1"},"canonical":"https:\/\/lospoliticosveracruz.com\/?p=165797","og_locale":"es_ES","og_type":"article","og_title":"UN VERACRUZANO DE LINAJE LLEGA A LA ASF - Los pol\u00edticos Veracruz","og_description":"Jos\u00e9 Luis Enr\u00edquez AmbellCaf\u00e9 de Ma\u00f1ana Un veracruzano llega a la Auditor\u00eda Superior de la Federaci\u00f3n. En la pol\u00edtica mexicana \u2014como en la vida p\u00fablica\u2014 los nombres a veces regresan. Y cuando regresan, lo hacen acompa\u00f1ados de historia. La elecci\u00f3n de Aureliano Hern\u00e1ndez Palacios Cardel como nuevo Auditor Superior de la Federaci\u00f3n coloca nuevamente a [&hellip;]","og_url":"https:\/\/lospoliticosveracruz.com\/?p=165797","og_site_name":"Los pol\u00edticos Veracruz","article_publisher":"https:\/\/www.facebook.com\/people\/Notimemes-de-los-Polticos\/61565672886568\/","article_published_time":"2026-03-11T01:47:03+00:00","article_modified_time":"2026-03-11T01:47:04+00:00","og_image":[{"width":1250,"height":667,"url":"https:\/\/lospoliticosveracruz.com\/wp-content\/uploads\/2025\/04\/Ambell.jpg","type":"image\/jpeg"}],"author":"Lo viste en Los Pol\u00edticos","twitter_card":"summary_large_image","twitter_creator":"@LosPoliticosVer","twitter_site":"@LosPoliticosVer","twitter_misc":{"Escrito por":"Lo viste en Los Pol\u00edticos","Tiempo de lectura":"4 minutos"},"schema":{"@context":"https:\/\/schema.org","@graph":[{"@type":"Article","@id":"https:\/\/lospoliticosveracruz.com\/?p=165797#article","isPartOf":{"@id":"https:\/\/lospoliticosveracruz.com\/?p=165797"},"author":{"name":"Lo viste en Los Pol\u00edticos","@id":"https:\/\/lospoliticosveracruz.com\/#\/schema\/person\/b8702bb0e538456e6efd07080bf2a4a2"},"headline":"UN VERACRUZANO DE LINAJE LLEGA A LA ASF","datePublished":"2026-03-11T01:47:03+00:00","dateModified":"2026-03-11T01:47:04+00:00","mainEntityOfPage":{"@id":"https:\/\/lospoliticosveracruz.com\/?p=165797"},"wordCount":877,"publisher":{"@id":"https:\/\/lospoliticosveracruz.com\/#organization"},"image":{"@id":"https:\/\/lospoliticosveracruz.com\/?p=165797#primaryimage"},"thumbnailUrl":"https:\/\/lospoliticosveracruz.com\/wp-content\/uploads\/2025\/04\/Ambell.jpg","keywords":["Aureliano Hern\u00e1ndez Palacios Cardel ASF","fiscalizaci\u00f3n del gasto p\u00fablico M\u00e9xico","Jos\u00e9 Luis Enr\u00edquez Ambell Caf\u00e9 de Ma\u00f1ana","linaje jur\u00eddico Hern\u00e1ndez Palacios Veracruz","nuevo Auditor Superior de la Federaci\u00f3n 2026","rendici\u00f3n de cuentas federal 2026"],"articleSection":["De Opini\u00f3n"],"inLanguage":"es"},{"@type":"WebPage","@id":"https:\/\/lospoliticosveracruz.com\/?p=165797","url":"https:\/\/lospoliticosveracruz.com\/?p=165797","name":"UN VERACRUZANO DE LINAJE LLEGA A LA ASF - Los pol\u00edticos Veracruz","isPartOf":{"@id":"https:\/\/lospoliticosveracruz.com\/#website"},"primaryImageOfPage":{"@id":"https:\/\/lospoliticosveracruz.com\/?p=165797#primaryimage"},"image":{"@id":"https:\/\/lospoliticosveracruz.com\/?p=165797#primaryimage"},"thumbnailUrl":"https:\/\/lospoliticosveracruz.com\/wp-content\/uploads\/2025\/04\/Ambell.jpg","datePublished":"2026-03-11T01:47:03+00:00","dateModified":"2026-03-11T01:47:04+00:00","breadcrumb":{"@id":"https:\/\/lospoliticosveracruz.com\/?p=165797#breadcrumb"},"inLanguage":"es","potentialAction":[{"@type":"ReadAction","target":["https:\/\/lospoliticosveracruz.com\/?p=165797"]}]},{"@type":"ImageObject","inLanguage":"es","@id":"https:\/\/lospoliticosveracruz.com\/?p=165797#primaryimage","url":"https:\/\/lospoliticosveracruz.com\/wp-content\/uploads\/2025\/04\/Ambell.jpg","contentUrl":"https:\/\/lospoliticosveracruz.com\/wp-content\/uploads\/2025\/04\/Ambell.jpg","width":1250,"height":667},{"@type":"BreadcrumbList","@id":"https:\/\/lospoliticosveracruz.com\/?p=165797#breadcrumb","itemListElement":[{"@type":"ListItem","position":1,"name":"Portada","item":"https:\/\/lospoliticosveracruz.com\/"},{"@type":"ListItem","position":2,"name":"UN VERACRUZANO DE LINAJE LLEGA A LA ASF"}]},{"@type":"WebSite","@id":"https:\/\/lospoliticosveracruz.com\/#website","url":"https:\/\/lospoliticosveracruz.com\/","name":"Los pol\u00edticos Veracruz","description":"","publisher":{"@id":"https:\/\/lospoliticosveracruz.com\/#organization"},"potentialAction":[{"@type":"SearchAction","target":{"@type":"EntryPoint","urlTemplate":"https:\/\/lospoliticosveracruz.com\/?s={search_term_string}"},"query-input":{"@type":"PropertyValueSpecification","valueRequired":true,"valueName":"search_term_string"}}],"inLanguage":"es"},{"@type":"Organization","@id":"https:\/\/lospoliticosveracruz.com\/#organization","name":"Los pol\u00edticos Veracruz","url":"https:\/\/lospoliticosveracruz.com\/","logo":{"@type":"ImageObject","inLanguage":"es","@id":"https:\/\/lospoliticosveracruz.com\/#\/schema\/logo\/image\/","url":"https:\/\/lospoliticosveracruz.com\/wp-content\/uploads\/2025\/12\/Logo-Nuevo-LOS-POLITICOS-1.jpg","contentUrl":"https:\/\/lospoliticosveracruz.com\/wp-content\/uploads\/2025\/12\/Logo-Nuevo-LOS-POLITICOS-1.jpg","width":260,"height":70,"caption":"Los pol\u00edticos Veracruz"},"image":{"@id":"https:\/\/lospoliticosveracruz.com\/#\/schema\/logo\/image\/"},"sameAs":["https:\/\/www.facebook.com\/people\/Notimemes-de-los-Polticos\/61565672886568\/","https:\/\/x.com\/LosPoliticosVer"]},{"@type":"Person","@id":"https:\/\/lospoliticosveracruz.com\/#\/schema\/person\/b8702bb0e538456e6efd07080bf2a4a2","name":"Lo viste en Los Pol\u00edticos","image":{"@type":"ImageObject","inLanguage":"es","@id":"https:\/\/secure.gravatar.com\/avatar\/3a8de04a2656d44082be478bd6c086daa447c4651605818287b9532d3d0bd435?s=96&d=mm&r=g","url":"https:\/\/secure.gravatar.com\/avatar\/3a8de04a2656d44082be478bd6c086daa447c4651605818287b9532d3d0bd435?s=96&d=mm&r=g","contentUrl":"https:\/\/secure.gravatar.com\/avatar\/3a8de04a2656d44082be478bd6c086daa447c4651605818287b9532d3d0bd435?s=96&d=mm&r=g","caption":"Lo viste en Los Pol\u00edticos"},"url":"https:\/\/lospoliticosveracruz.com\/?author=2"}]}},"_links":{"self":[{"href":"https:\/\/lospoliticosveracruz.com\/index.php?rest_route=\/wp\/v2\/posts\/165797","targetHints":{"allow":["GET"]}}],"collection":[{"href":"https:\/\/lospoliticosveracruz.com\/index.php?rest_route=\/wp\/v2\/posts"}],"about":[{"href":"https:\/\/lospoliticosveracruz.com\/index.php?rest_route=\/wp\/v2\/types\/post"}],"author":[{"embeddable":true,"href":"https:\/\/lospoliticosveracruz.com\/index.php?rest_route=\/wp\/v2\/users\/2"}],"replies":[{"embeddable":true,"href":"https:\/\/lospoliticosveracruz.com\/index.php?rest_route=%2Fwp%2Fv2%2Fcomments&post=165797"}],"version-history":[{"count":1,"href":"https:\/\/lospoliticosveracruz.com\/index.php?rest_route=\/wp\/v2\/posts\/165797\/revisions"}],"predecessor-version":[{"id":165798,"href":"https:\/\/lospoliticosveracruz.com\/index.php?rest_route=\/wp\/v2\/posts\/165797\/revisions\/165798"}],"wp:featuredmedia":[{"embeddable":true,"href":"https:\/\/lospoliticosveracruz.com\/index.php?rest_route=\/wp\/v2\/media\/141435"}],"wp:attachment":[{"href":"https:\/\/lospoliticosveracruz.com\/index.php?rest_route=%2Fwp%2Fv2%2Fmedia&parent=165797"}],"wp:term":[{"taxonomy":"category","embeddable":true,"href":"https:\/\/lospoliticosveracruz.com\/index.php?rest_route=%2Fwp%2Fv2%2Fcategories&post=165797"},{"taxonomy":"post_tag","embeddable":true,"href":"https:\/\/lospoliticosveracruz.com\/index.php?rest_route=%2Fwp%2Fv2%2Ftags&post=165797"}],"curies":[{"name":"wp","href":"https:\/\/api.w.org\/{rel}","templated":true}]}}