{"id":165876,"date":"2026-03-11T14:49:11","date_gmt":"2026-03-11T20:49:11","guid":{"rendered":"https:\/\/lospoliticosveracruz.com\/?p=165876"},"modified":"2026-03-11T16:40:23","modified_gmt":"2026-03-11T22:40:23","slug":"salud-a-su-alcance","status":"publish","type":"post","link":"https:\/\/lospoliticosveracruz.com\/?p=165876","title":{"rendered":"SALUD, A SU ALCANCE!"},"content":{"rendered":"\n<p>La Alcaldesa, Lic. Daniela Griego Ceballos, inaugur\u00f3 la Feria de Salud que se realiz\u00f3 este mi\u00e9rcoles en las instalaciones del Instituto Municipal de las Mujeres de Xalapa (IMMX), donde se brindaron diversos servicios integrales gratuitos.&nbsp;<\/p>\n\n\n\n<p>Ante mujeres que acudieron de distintos puntos de la ciudad, la Presidenta Municipal afirm\u00f3 que su administraci\u00f3n trabaja en acciones reales para que todas se sientan bien representadas, escuchadas y atendidas.&nbsp;&nbsp;<\/p>\n\n\n<div class=\"wp-block-image\">\n<figure class=\"alignleft size-large is-resized\"><a href=\"https:\/\/lospoliticosveracruz.com\/wp-content\/uploads\/2026\/03\/DIF-Municipal.jpg\"><img loading=\"lazy\" decoding=\"async\" width=\"1024\" height=\"854\" src=\"https:\/\/lospoliticosveracruz.com\/wp-content\/uploads\/2026\/03\/DIF-Municipal-1024x854.jpg\" alt=\"\" class=\"wp-image-165417\" style=\"width:573px;height:auto\" srcset=\"https:\/\/lospoliticosveracruz.com\/wp-content\/uploads\/2026\/03\/DIF-Municipal-1024x854.jpg 1024w, https:\/\/lospoliticosveracruz.com\/wp-content\/uploads\/2026\/03\/DIF-Municipal-300x250.jpg 300w, https:\/\/lospoliticosveracruz.com\/wp-content\/uploads\/2026\/03\/DIF-Municipal-768x640.jpg 768w, https:\/\/lospoliticosveracruz.com\/wp-content\/uploads\/2026\/03\/DIF-Municipal-504x420.jpg 504w, https:\/\/lospoliticosveracruz.com\/wp-content\/uploads\/2026\/03\/DIF-Municipal-150x125.jpg 150w, https:\/\/lospoliticosveracruz.com\/wp-content\/uploads\/2026\/03\/DIF-Municipal-696x580.jpg 696w, https:\/\/lospoliticosveracruz.com\/wp-content\/uploads\/2026\/03\/DIF-Municipal-1068x890.jpg 1068w, https:\/\/lospoliticosveracruz.com\/wp-content\/uploads\/2026\/03\/DIF-Municipal.jpg 1250w\" sizes=\"auto, (max-width: 1024px) 100vw, 1024px\" \/><\/a><\/figure>\n<\/div>\n\n\n<p>Acompa\u00f1ada por el S\u00edndico \u00danico, Dr. Marco Aurelio Mart\u00ednez S\u00e1nchez, y la Regidora D\u00e9cima, Dra. M\u00f3nica Mendoza Madrigal, titular de la Comisi\u00f3n Edilicia Para la Igualdad de G\u00e9nero, y la integrante de esta, la Regidora Tercera, Mtra. Susan Liliana Morales Segura; as\u00ed como la titular de la Direcci\u00f3n de Salud, Dra. Vianed Mart\u00ednez Cabrera, y la Directora del Instituto Municipal de las Mujeres, Mtra. Mar\u00eda Fernanda Medina Mariscal, reconoci\u00f3 los avances logrados para las mujeres en Xalapa.&nbsp;<\/p>\n\n\n\n<p>No obstante, reiter\u00f3 que hay pendientes y mucho trabajo que realizar por el bienestar de las ni\u00f1as, adolescentes, j\u00f3venes y mujeres.&nbsp;&nbsp;<\/p>\n\n\n\n<p>Por lo anterior, celebr\u00f3 acciones como esta jornada, iniciativa del IMMX, que se realiz\u00f3 en coordinaci\u00f3n con la Jurisdicci\u00f3n Sanitaria V, la Direcci\u00f3n de Salud y la Comisi\u00f3n Edilicia Para la Igualdad de G\u00e9nero, misma que se replicar\u00e1 en las colonias de la capital.&nbsp;<\/p>\n\n\n\n<p>De tal forma, la Alcaldesa reiter\u00f3 que el objetivo es que la ciudadan\u00eda acceda a diversos servicios en favor de la salud, as\u00ed como los que tienen que ver con asuntos jur\u00eddicos, asistenciales, de derechos humanos, atenci\u00f3n psicol\u00f3gica, seguridad y prevenci\u00f3n de la violencia, pues se busca que las mujeres vivan sin miedo y acompa\u00f1adas por las instituciones.&nbsp;<\/p>\n\n\n\n<p>Al respecto, la Regidora D\u00e9cima, Dra. M\u00f3nica Mendoza Madrigal, refiri\u00f3 que esta jornada se llev\u00f3 a cabo en el marco del D\u00eda Internacional de la Mujer y lleva el claro mensaje de que es fundamental priorizar la salud f\u00edsica y mental de la poblaci\u00f3n femenina.&nbsp;<\/p>\n\n\n\n<p>Durante la Feria de la Salud, a la que tambi\u00e9n asisti\u00f3 la Directora del Centro de Salud \u201cMiguel Alem\u00e1n\u201d, Dra. Jaqueline Ram\u00edrez, se realizaron estudios de papanicolaou, pruebas para la detecci\u00f3n oportuna de obesidad, hipertensi\u00f3n arterial, diabetes y colocaron implantes subd\u00e9rmicos.&nbsp;&nbsp;<\/p>\n\n\n\n<p>Asimismo, se instalaron m\u00f3dulos para pruebas r\u00e1pidas de detecci\u00f3n del VIH y s\u00edfilis, atenci\u00f3n odontol\u00f3gica, orientaci\u00f3n psicol\u00f3gica, de nutrici\u00f3n y prevenci\u00f3n de la violencia. Tambi\u00e9n se otorg\u00f3 informaci\u00f3n respecto a enfermedades respiratorias como asma y EPOC.&nbsp;<\/p>\n\n\n\n<p>Adem\u00e1s, se brindaron servicios relacionados con la promoci\u00f3n de la salud, la prevenci\u00f3n del dengue, exploraci\u00f3n mamaria, m\u00e9todos de planificaci\u00f3n familiar y vacunaci\u00f3n.<\/p>\n","protected":false},"excerpt":{"rendered":"<p>La Alcaldesa, Lic. Daniela Griego Ceballos, inaugur\u00f3 la Feria de Salud que se realiz\u00f3 este mi\u00e9rcoles en las instalaciones del Instituto Municipal de las Mujeres de Xalapa (IMMX), donde se brindaron diversos servicios integrales gratuitos.&nbsp; Ante mujeres que acudieron de distintos puntos de la ciudad, la Presidenta Municipal afirm\u00f3 que su administraci\u00f3n trabaja en acciones [&hellip;]<\/p>\n","protected":false},"author":2,"featured_media":165877,"comment_status":"closed","ping_status":"closed","sticky":false,"template":"","format":"standard","meta":{"tdm_status":"","tdm_grid_status":"","footnotes":""},"categories":[52572],"tags":[57093,57096,57095,53274,57094],"class_list":{"0":"post-165876","1":"post","2":"type-post","3":"status-publish","4":"format-standard","5":"has-post-thumbnail","7":"category-desdelaatenas","8":"tag-daniela-griego-ceballos-feria-de-salud","9":"tag-deteccion-oportuna-cancer-cervicouterino-veracruz","10":"tag-implantes-subdermicos-gratuitos-xalapa","11":"tag-instituto-municipal-de-las-mujeres-xalapa-2026","12":"tag-servicios-medicos-gratuitos-xalapa"},"yoast_head":"<!-- This site is optimized with the Yoast SEO plugin v27.4 - https:\/\/yoast.com\/product\/yoast-seo-wordpress\/ -->\n<title>SALUD, A SU ALCANCE! - Los pol\u00edticos Veracruz<\/title>\n<meta name=\"robots\" content=\"index, follow, max-snippet:-1, max-image-preview:large, max-video-preview:-1\" \/>\n<link rel=\"canonical\" href=\"https:\/\/lospoliticosveracruz.com\/?p=165876\" \/>\n<meta property=\"og:locale\" content=\"es_ES\" \/>\n<meta property=\"og:type\" content=\"article\" \/>\n<meta property=\"og:title\" content=\"SALUD, A SU ALCANCE! - Los pol\u00edticos Veracruz\" \/>\n<meta property=\"og:description\" content=\"La Alcaldesa, Lic. Daniela Griego Ceballos, inaugur\u00f3 la Feria de Salud que se realiz\u00f3 este mi\u00e9rcoles en las instalaciones del Instituto Municipal de las Mujeres de Xalapa (IMMX), donde se brindaron diversos servicios integrales gratuitos.&nbsp; Ante mujeres que acudieron de distintos puntos de la ciudad, la Presidenta Municipal afirm\u00f3 que su administraci\u00f3n trabaja en acciones [&hellip;]\" \/>\n<meta property=\"og:url\" content=\"https:\/\/lospoliticosveracruz.com\/?p=165876\" \/>\n<meta property=\"og:site_name\" content=\"Los pol\u00edticos Veracruz\" \/>\n<meta property=\"article:publisher\" content=\"https:\/\/www.facebook.com\/people\/Notimemes-de-los-Polticos\/61565672886568\/\" \/>\n<meta property=\"article:published_time\" content=\"2026-03-11T20:49:11+00:00\" \/>\n<meta property=\"article:modified_time\" content=\"2026-03-11T22:40:23+00:00\" \/>\n<meta property=\"og:image\" content=\"https:\/\/lospoliticosveracruz.com\/wp-content\/uploads\/2026\/03\/IMG_2415.jpeg\" \/>\n\t<meta property=\"og:image:width\" content=\"600\" \/>\n\t<meta property=\"og:image:height\" content=\"320\" \/>\n\t<meta property=\"og:image:type\" content=\"image\/jpeg\" \/>\n<meta name=\"author\" content=\"Lo viste en Los Pol\u00edticos\" \/>\n<meta name=\"twitter:card\" content=\"summary_large_image\" \/>\n<meta name=\"twitter:creator\" content=\"@LosPoliticosVer\" \/>\n<meta name=\"twitter:site\" content=\"@LosPoliticosVer\" \/>\n<meta name=\"twitter:label1\" content=\"Escrito por\" \/>\n\t<meta name=\"twitter:data1\" content=\"Lo viste en Los Pol\u00edticos\" \/>\n\t<meta name=\"twitter:label2\" content=\"Tiempo de lectura\" \/>\n\t<meta name=\"twitter:data2\" content=\"3 minutos\" \/>\n<script type=\"application\/ld+json\" class=\"yoast-schema-graph\">{\"@context\":\"https:\\\/\\\/schema.org\",\"@graph\":[{\"@type\":\"Article\",\"@id\":\"https:\\\/\\\/lospoliticosveracruz.com\\\/?p=165876#article\",\"isPartOf\":{\"@id\":\"https:\\\/\\\/lospoliticosveracruz.com\\\/?p=165876\"},\"author\":{\"name\":\"Lo viste en Los Pol\u00edticos\",\"@id\":\"https:\\\/\\\/lospoliticosveracruz.com\\\/#\\\/schema\\\/person\\\/b8702bb0e538456e6efd07080bf2a4a2\"},\"headline\":\"SALUD, A SU ALCANCE!\",\"datePublished\":\"2026-03-11T20:49:11+00:00\",\"dateModified\":\"2026-03-11T22:40:23+00:00\",\"mainEntityOfPage\":{\"@id\":\"https:\\\/\\\/lospoliticosveracruz.com\\\/?p=165876\"},\"wordCount\":483,\"publisher\":{\"@id\":\"https:\\\/\\\/lospoliticosveracruz.com\\\/#organization\"},\"image\":{\"@id\":\"https:\\\/\\\/lospoliticosveracruz.com\\\/?p=165876#primaryimage\"},\"thumbnailUrl\":\"https:\\\/\\\/lospoliticosveracruz.com\\\/wp-content\\\/uploads\\\/2026\\\/03\\\/IMG_2415.jpeg\",\"keywords\":[\"Daniela Griego Ceballos Feria de Salud\",\"detecci\u00f3n oportuna c\u00e1ncer cervicouterino Veracruz\",\"implantes subd\u00e9rmicos gratuitos Xalapa\",\"Instituto Municipal de las Mujeres Xalapa 2026\",\"servicios m\u00e9dicos gratuitos Xalapa\"],\"articleSection\":[\"Desde La Atenas\"],\"inLanguage\":\"es\"},{\"@type\":\"WebPage\",\"@id\":\"https:\\\/\\\/lospoliticosveracruz.com\\\/?p=165876\",\"url\":\"https:\\\/\\\/lospoliticosveracruz.com\\\/?p=165876\",\"name\":\"SALUD, A SU ALCANCE! - Los pol\u00edticos Veracruz\",\"isPartOf\":{\"@id\":\"https:\\\/\\\/lospoliticosveracruz.com\\\/#website\"},\"primaryImageOfPage\":{\"@id\":\"https:\\\/\\\/lospoliticosveracruz.com\\\/?p=165876#primaryimage\"},\"image\":{\"@id\":\"https:\\\/\\\/lospoliticosveracruz.com\\\/?p=165876#primaryimage\"},\"thumbnailUrl\":\"https:\\\/\\\/lospoliticosveracruz.com\\\/wp-content\\\/uploads\\\/2026\\\/03\\\/IMG_2415.jpeg\",\"datePublished\":\"2026-03-11T20:49:11+00:00\",\"dateModified\":\"2026-03-11T22:40:23+00:00\",\"breadcrumb\":{\"@id\":\"https:\\\/\\\/lospoliticosveracruz.com\\\/?p=165876#breadcrumb\"},\"inLanguage\":\"es\",\"potentialAction\":[{\"@type\":\"ReadAction\",\"target\":[\"https:\\\/\\\/lospoliticosveracruz.com\\\/?p=165876\"]}]},{\"@type\":\"ImageObject\",\"inLanguage\":\"es\",\"@id\":\"https:\\\/\\\/lospoliticosveracruz.com\\\/?p=165876#primaryimage\",\"url\":\"https:\\\/\\\/lospoliticosveracruz.com\\\/wp-content\\\/uploads\\\/2026\\\/03\\\/IMG_2415.jpeg\",\"contentUrl\":\"https:\\\/\\\/lospoliticosveracruz.com\\\/wp-content\\\/uploads\\\/2026\\\/03\\\/IMG_2415.jpeg\",\"width\":600,\"height\":320},{\"@type\":\"BreadcrumbList\",\"@id\":\"https:\\\/\\\/lospoliticosveracruz.com\\\/?p=165876#breadcrumb\",\"itemListElement\":[{\"@type\":\"ListItem\",\"position\":1,\"name\":\"Portada\",\"item\":\"https:\\\/\\\/lospoliticosveracruz.com\\\/\"},{\"@type\":\"ListItem\",\"position\":2,\"name\":\"SALUD, A SU ALCANCE!\"}]},{\"@type\":\"WebSite\",\"@id\":\"https:\\\/\\\/lospoliticosveracruz.com\\\/#website\",\"url\":\"https:\\\/\\\/lospoliticosveracruz.com\\\/\",\"name\":\"Los pol\u00edticos Veracruz\",\"description\":\"\",\"publisher\":{\"@id\":\"https:\\\/\\\/lospoliticosveracruz.com\\\/#organization\"},\"potentialAction\":[{\"@type\":\"SearchAction\",\"target\":{\"@type\":\"EntryPoint\",\"urlTemplate\":\"https:\\\/\\\/lospoliticosveracruz.com\\\/?s={search_term_string}\"},\"query-input\":{\"@type\":\"PropertyValueSpecification\",\"valueRequired\":true,\"valueName\":\"search_term_string\"}}],\"inLanguage\":\"es\"},{\"@type\":\"Organization\",\"@id\":\"https:\\\/\\\/lospoliticosveracruz.com\\\/#organization\",\"name\":\"Los pol\u00edticos Veracruz\",\"url\":\"https:\\\/\\\/lospoliticosveracruz.com\\\/\",\"logo\":{\"@type\":\"ImageObject\",\"inLanguage\":\"es\",\"@id\":\"https:\\\/\\\/lospoliticosveracruz.com\\\/#\\\/schema\\\/logo\\\/image\\\/\",\"url\":\"https:\\\/\\\/lospoliticosveracruz.com\\\/wp-content\\\/uploads\\\/2025\\\/12\\\/Logo-Nuevo-LOS-POLITICOS-1.jpg\",\"contentUrl\":\"https:\\\/\\\/lospoliticosveracruz.com\\\/wp-content\\\/uploads\\\/2025\\\/12\\\/Logo-Nuevo-LOS-POLITICOS-1.jpg\",\"width\":260,\"height\":70,\"caption\":\"Los pol\u00edticos Veracruz\"},\"image\":{\"@id\":\"https:\\\/\\\/lospoliticosveracruz.com\\\/#\\\/schema\\\/logo\\\/image\\\/\"},\"sameAs\":[\"https:\\\/\\\/www.facebook.com\\\/people\\\/Notimemes-de-los-Polticos\\\/61565672886568\\\/\",\"https:\\\/\\\/x.com\\\/LosPoliticosVer\"]},{\"@type\":\"Person\",\"@id\":\"https:\\\/\\\/lospoliticosveracruz.com\\\/#\\\/schema\\\/person\\\/b8702bb0e538456e6efd07080bf2a4a2\",\"name\":\"Lo viste en Los Pol\u00edticos\",\"image\":{\"@type\":\"ImageObject\",\"inLanguage\":\"es\",\"@id\":\"https:\\\/\\\/secure.gravatar.com\\\/avatar\\\/3a8de04a2656d44082be478bd6c086daa447c4651605818287b9532d3d0bd435?s=96&d=mm&r=g\",\"url\":\"https:\\\/\\\/secure.gravatar.com\\\/avatar\\\/3a8de04a2656d44082be478bd6c086daa447c4651605818287b9532d3d0bd435?s=96&d=mm&r=g\",\"contentUrl\":\"https:\\\/\\\/secure.gravatar.com\\\/avatar\\\/3a8de04a2656d44082be478bd6c086daa447c4651605818287b9532d3d0bd435?s=96&d=mm&r=g\",\"caption\":\"Lo viste en Los Pol\u00edticos\"},\"url\":\"https:\\\/\\\/lospoliticosveracruz.com\\\/?author=2\"}]}<\/script>\n<!-- \/ Yoast SEO plugin. -->","yoast_head_json":{"title":"SALUD, A SU ALCANCE! - Los pol\u00edticos Veracruz","robots":{"index":"index","follow":"follow","max-snippet":"max-snippet:-1","max-image-preview":"max-image-preview:large","max-video-preview":"max-video-preview:-1"},"canonical":"https:\/\/lospoliticosveracruz.com\/?p=165876","og_locale":"es_ES","og_type":"article","og_title":"SALUD, A SU ALCANCE! - Los pol\u00edticos Veracruz","og_description":"La Alcaldesa, Lic. Daniela Griego Ceballos, inaugur\u00f3 la Feria de Salud que se realiz\u00f3 este mi\u00e9rcoles en las instalaciones del Instituto Municipal de las Mujeres de Xalapa (IMMX), donde se brindaron diversos servicios integrales gratuitos.&nbsp; Ante mujeres que acudieron de distintos puntos de la ciudad, la Presidenta Municipal afirm\u00f3 que su administraci\u00f3n trabaja en acciones [&hellip;]","og_url":"https:\/\/lospoliticosveracruz.com\/?p=165876","og_site_name":"Los pol\u00edticos Veracruz","article_publisher":"https:\/\/www.facebook.com\/people\/Notimemes-de-los-Polticos\/61565672886568\/","article_published_time":"2026-03-11T20:49:11+00:00","article_modified_time":"2026-03-11T22:40:23+00:00","og_image":[{"width":600,"height":320,"url":"https:\/\/lospoliticosveracruz.com\/wp-content\/uploads\/2026\/03\/IMG_2415.jpeg","type":"image\/jpeg"}],"author":"Lo viste en Los Pol\u00edticos","twitter_card":"summary_large_image","twitter_creator":"@LosPoliticosVer","twitter_site":"@LosPoliticosVer","twitter_misc":{"Escrito por":"Lo viste en Los Pol\u00edticos","Tiempo de lectura":"3 minutos"},"schema":{"@context":"https:\/\/schema.org","@graph":[{"@type":"Article","@id":"https:\/\/lospoliticosveracruz.com\/?p=165876#article","isPartOf":{"@id":"https:\/\/lospoliticosveracruz.com\/?p=165876"},"author":{"name":"Lo viste en Los Pol\u00edticos","@id":"https:\/\/lospoliticosveracruz.com\/#\/schema\/person\/b8702bb0e538456e6efd07080bf2a4a2"},"headline":"SALUD, A SU ALCANCE!","datePublished":"2026-03-11T20:49:11+00:00","dateModified":"2026-03-11T22:40:23+00:00","mainEntityOfPage":{"@id":"https:\/\/lospoliticosveracruz.com\/?p=165876"},"wordCount":483,"publisher":{"@id":"https:\/\/lospoliticosveracruz.com\/#organization"},"image":{"@id":"https:\/\/lospoliticosveracruz.com\/?p=165876#primaryimage"},"thumbnailUrl":"https:\/\/lospoliticosveracruz.com\/wp-content\/uploads\/2026\/03\/IMG_2415.jpeg","keywords":["Daniela Griego Ceballos Feria de Salud","detecci\u00f3n oportuna c\u00e1ncer cervicouterino Veracruz","implantes subd\u00e9rmicos gratuitos Xalapa","Instituto Municipal de las Mujeres Xalapa 2026","servicios m\u00e9dicos gratuitos Xalapa"],"articleSection":["Desde La Atenas"],"inLanguage":"es"},{"@type":"WebPage","@id":"https:\/\/lospoliticosveracruz.com\/?p=165876","url":"https:\/\/lospoliticosveracruz.com\/?p=165876","name":"SALUD, A SU ALCANCE! - Los pol\u00edticos Veracruz","isPartOf":{"@id":"https:\/\/lospoliticosveracruz.com\/#website"},"primaryImageOfPage":{"@id":"https:\/\/lospoliticosveracruz.com\/?p=165876#primaryimage"},"image":{"@id":"https:\/\/lospoliticosveracruz.com\/?p=165876#primaryimage"},"thumbnailUrl":"https:\/\/lospoliticosveracruz.com\/wp-content\/uploads\/2026\/03\/IMG_2415.jpeg","datePublished":"2026-03-11T20:49:11+00:00","dateModified":"2026-03-11T22:40:23+00:00","breadcrumb":{"@id":"https:\/\/lospoliticosveracruz.com\/?p=165876#breadcrumb"},"inLanguage":"es","potentialAction":[{"@type":"ReadAction","target":["https:\/\/lospoliticosveracruz.com\/?p=165876"]}]},{"@type":"ImageObject","inLanguage":"es","@id":"https:\/\/lospoliticosveracruz.com\/?p=165876#primaryimage","url":"https:\/\/lospoliticosveracruz.com\/wp-content\/uploads\/2026\/03\/IMG_2415.jpeg","contentUrl":"https:\/\/lospoliticosveracruz.com\/wp-content\/uploads\/2026\/03\/IMG_2415.jpeg","width":600,"height":320},{"@type":"BreadcrumbList","@id":"https:\/\/lospoliticosveracruz.com\/?p=165876#breadcrumb","itemListElement":[{"@type":"ListItem","position":1,"name":"Portada","item":"https:\/\/lospoliticosveracruz.com\/"},{"@type":"ListItem","position":2,"name":"SALUD, A SU ALCANCE!"}]},{"@type":"WebSite","@id":"https:\/\/lospoliticosveracruz.com\/#website","url":"https:\/\/lospoliticosveracruz.com\/","name":"Los pol\u00edticos Veracruz","description":"","publisher":{"@id":"https:\/\/lospoliticosveracruz.com\/#organization"},"potentialAction":[{"@type":"SearchAction","target":{"@type":"EntryPoint","urlTemplate":"https:\/\/lospoliticosveracruz.com\/?s={search_term_string}"},"query-input":{"@type":"PropertyValueSpecification","valueRequired":true,"valueName":"search_term_string"}}],"inLanguage":"es"},{"@type":"Organization","@id":"https:\/\/lospoliticosveracruz.com\/#organization","name":"Los pol\u00edticos Veracruz","url":"https:\/\/lospoliticosveracruz.com\/","logo":{"@type":"ImageObject","inLanguage":"es","@id":"https:\/\/lospoliticosveracruz.com\/#\/schema\/logo\/image\/","url":"https:\/\/lospoliticosveracruz.com\/wp-content\/uploads\/2025\/12\/Logo-Nuevo-LOS-POLITICOS-1.jpg","contentUrl":"https:\/\/lospoliticosveracruz.com\/wp-content\/uploads\/2025\/12\/Logo-Nuevo-LOS-POLITICOS-1.jpg","width":260,"height":70,"caption":"Los pol\u00edticos Veracruz"},"image":{"@id":"https:\/\/lospoliticosveracruz.com\/#\/schema\/logo\/image\/"},"sameAs":["https:\/\/www.facebook.com\/people\/Notimemes-de-los-Polticos\/61565672886568\/","https:\/\/x.com\/LosPoliticosVer"]},{"@type":"Person","@id":"https:\/\/lospoliticosveracruz.com\/#\/schema\/person\/b8702bb0e538456e6efd07080bf2a4a2","name":"Lo viste en Los Pol\u00edticos","image":{"@type":"ImageObject","inLanguage":"es","@id":"https:\/\/secure.gravatar.com\/avatar\/3a8de04a2656d44082be478bd6c086daa447c4651605818287b9532d3d0bd435?s=96&d=mm&r=g","url":"https:\/\/secure.gravatar.com\/avatar\/3a8de04a2656d44082be478bd6c086daa447c4651605818287b9532d3d0bd435?s=96&d=mm&r=g","contentUrl":"https:\/\/secure.gravatar.com\/avatar\/3a8de04a2656d44082be478bd6c086daa447c4651605818287b9532d3d0bd435?s=96&d=mm&r=g","caption":"Lo viste en Los Pol\u00edticos"},"url":"https:\/\/lospoliticosveracruz.com\/?author=2"}]}},"_links":{"self":[{"href":"https:\/\/lospoliticosveracruz.com\/index.php?rest_route=\/wp\/v2\/posts\/165876","targetHints":{"allow":["GET"]}}],"collection":[{"href":"https:\/\/lospoliticosveracruz.com\/index.php?rest_route=\/wp\/v2\/posts"}],"about":[{"href":"https:\/\/lospoliticosveracruz.com\/index.php?rest_route=\/wp\/v2\/types\/post"}],"author":[{"embeddable":true,"href":"https:\/\/lospoliticosveracruz.com\/index.php?rest_route=\/wp\/v2\/users\/2"}],"replies":[{"embeddable":true,"href":"https:\/\/lospoliticosveracruz.com\/index.php?rest_route=%2Fwp%2Fv2%2Fcomments&post=165876"}],"version-history":[{"count":2,"href":"https:\/\/lospoliticosveracruz.com\/index.php?rest_route=\/wp\/v2\/posts\/165876\/revisions"}],"predecessor-version":[{"id":165890,"href":"https:\/\/lospoliticosveracruz.com\/index.php?rest_route=\/wp\/v2\/posts\/165876\/revisions\/165890"}],"wp:featuredmedia":[{"embeddable":true,"href":"https:\/\/lospoliticosveracruz.com\/index.php?rest_route=\/wp\/v2\/media\/165877"}],"wp:attachment":[{"href":"https:\/\/lospoliticosveracruz.com\/index.php?rest_route=%2Fwp%2Fv2%2Fmedia&parent=165876"}],"wp:term":[{"taxonomy":"category","embeddable":true,"href":"https:\/\/lospoliticosveracruz.com\/index.php?rest_route=%2Fwp%2Fv2%2Fcategories&post=165876"},{"taxonomy":"post_tag","embeddable":true,"href":"https:\/\/lospoliticosveracruz.com\/index.php?rest_route=%2Fwp%2Fv2%2Ftags&post=165876"}],"curies":[{"name":"wp","href":"https:\/\/api.w.org\/{rel}","templated":true}]}}