{"id":165879,"date":"2026-03-11T16:07:08","date_gmt":"2026-03-11T22:07:08","guid":{"rendered":"https:\/\/lospoliticosveracruz.com\/?p=165879"},"modified":"2026-03-11T16:07:09","modified_gmt":"2026-03-11T22:07:09","slug":"gusano-barrenador-en-veracruzanos-8-casos-confirmados","status":"publish","type":"post","link":"https:\/\/lospoliticosveracruz.com\/?p=165879","title":{"rendered":"GUSANO BARRENADOR, EN VERACRUZANOS! 8 CASOS CONFIRMADOS"},"content":{"rendered":"\n<p><strong>\u00c1ngeles Gonz\u00e1lez Ceballos&nbsp;<\/strong><\/p>\n\n\n\n<p>Con base en la informaci\u00f3n del Bolet\u00edn Epidemiol\u00f3gico de la Secretar\u00eda de Salud federal, en Veracruz se registran un total de 8 casos confirmados de miasis por Cochliomyia hominivorax en el humano o mejor conocidos como enfermedad del gusano barrenador.<\/p>\n\n\n\n<figure class=\"wp-block-image size-large\"><a href=\"https:\/\/lospoliticosveracruz.com\/wp-content\/uploads\/2026\/03\/c541ca53-0bba-414a-a597-a6c48a3c17f6.jpeg\"><img loading=\"lazy\" decoding=\"async\" width=\"973\" height=\"1024\" src=\"https:\/\/lospoliticosveracruz.com\/wp-content\/uploads\/2026\/03\/c541ca53-0bba-414a-a597-a6c48a3c17f6-973x1024.jpeg\" alt=\"\" class=\"wp-image-165880\" srcset=\"https:\/\/lospoliticosveracruz.com\/wp-content\/uploads\/2026\/03\/c541ca53-0bba-414a-a597-a6c48a3c17f6-973x1024.jpeg 973w, https:\/\/lospoliticosveracruz.com\/wp-content\/uploads\/2026\/03\/c541ca53-0bba-414a-a597-a6c48a3c17f6-285x300.jpeg 285w, https:\/\/lospoliticosveracruz.com\/wp-content\/uploads\/2026\/03\/c541ca53-0bba-414a-a597-a6c48a3c17f6-768x808.jpeg 768w, https:\/\/lospoliticosveracruz.com\/wp-content\/uploads\/2026\/03\/c541ca53-0bba-414a-a597-a6c48a3c17f6-399x420.jpeg 399w, https:\/\/lospoliticosveracruz.com\/wp-content\/uploads\/2026\/03\/c541ca53-0bba-414a-a597-a6c48a3c17f6-150x158.jpeg 150w, https:\/\/lospoliticosveracruz.com\/wp-content\/uploads\/2026\/03\/c541ca53-0bba-414a-a597-a6c48a3c17f6-300x316.jpeg 300w, https:\/\/lospoliticosveracruz.com\/wp-content\/uploads\/2026\/03\/c541ca53-0bba-414a-a597-a6c48a3c17f6-696x732.jpeg 696w, https:\/\/lospoliticosveracruz.com\/wp-content\/uploads\/2026\/03\/c541ca53-0bba-414a-a597-a6c48a3c17f6-1068x1124.jpeg 1068w, https:\/\/lospoliticosveracruz.com\/wp-content\/uploads\/2026\/03\/c541ca53-0bba-414a-a597-a6c48a3c17f6.jpeg 1264w\" sizes=\"auto, (max-width: 973px) 100vw, 973px\" \/><\/a><\/figure>\n\n\n\n<p>De acuerdo a la dependencia federal, en Veracruz hay 8 casos confirmados en los municipios de Coatzacoalcos, Zaragoza, Veracruz, Tierra Blanca, Coatepec, San Andr\u00e9s Tuxtla, Tecolutla y Huatusco.<\/p>\n\n\n\n<p>En Coatzacoalcos el caso confirmado es en un hombre de 67 a\u00f1os de edad, que fue hospitalizado, en tanto que en Zaragoza se trata de un hombre de 78 a\u00f1os de edad que recibi\u00f3 tratamiento ambulatorio.<\/p>\n\n\n\n<p>En Veracruz, el reporte es que se trata de un hombre de 89 a\u00f1os de edad, que padece una enfermedad renal y fue hospitalizado, mientras que en Tierra Blanca se trata de un hombre de 80 a\u00f1os de edad, que padece varias comorbilidades y tuvo que ser ingresado a un nosocomio.<\/p>\n\n\n\n<p>En el pueblo m\u00e1gico de Coatepec se trata del caso de una mujer de 39 a\u00f1os de edad con obesidad y hubo que internarla para su atenci\u00f3n m\u00e9dica, mientras que en San Andr\u00e9s Tuxtla, se trata de un hombre de 79 a\u00f1os que debido a las diversas comorbilidades tambi\u00e9n requiri\u00f3 de atenci\u00f3n m\u00e9dica hospitalaria.<\/p>\n\n\n\n<p>En el municipio de Tecolutla, se trata de un hombre de 64 a\u00f1os de edad al que se le confirm\u00f3 esta enfermedad de miasis parasitaria grave, causada por las larvas de la mosca Cochliomyia hominivorax, las cuales infestan el tejido vivo de animales de sangre caliente (incluido el ganado y humanos) a trav\u00e9s de heridas abiertas.<\/p>\n\n\n\n<p>El octavo caso es de un hombre de Huatusco, de 66 a\u00f1os de edad que fue diagnosticado y hospitalizado por las distintas comorbilidades que padece.<\/p>\n\n\n\n<p>Con base en el boletin epidemiol\u00f3gico, existen un total de 180 casos confirmados en distintas entidades del Pa\u00eds.<\/p>\n\n\n\n<p>La entidad con mayor n\u00famero de casos es Chiapas con 113, seguido de Yucat\u00e1n con 20, Oaxaca con 14 casos, le siguen Veracruz y Quintana Roo, cada uno con 8 casos; Campeche con 5, Tabasco con 5 Guerrero 5, Estado de M\u00e9xico 1 y, Puebla 1 caso.<\/p>\n\n\n\n<p>Hay que recordar que apenas este martes la presidenta Claudia Sheinbaum Pardo dio a conocer que en aproximadamente dos meses quedar\u00e1 terminada la f\u00e1brica de moscas est\u00e9riles que buscan combatir al gusano barrenador.<\/p>\n\n\n\n<p>Sin embargo, expuso que la apertura de la frontera seguir\u00e1 dependiendo de Estados Unidos.&nbsp;<\/p>\n\n\n\n<p>\u00abEst\u00e1 por terminarse ya la f\u00e1brica de moscas y yo creo que en dos meses se termina; est\u00e1 en Chiapas, tambi\u00e9n lo vamos a presentar, y tambi\u00e9n se hizo un trabajo en donde nos est\u00e1 ayudando el equipo de Sembrando Vida para hacer trampas, no solamente en la liberaci\u00f3n de moscas que permiten que ya no haya fertilidad y entonces elimine la larva, sino trampas que no son muy complejas que permiten que caigan ah\u00ed las moscas y con esto disminuir el n\u00famero de estos insectos que tienen la afectaci\u00f3n del gusano barrenador\u00bb, expres\u00f3.<\/p>\n","protected":false},"excerpt":{"rendered":"<p>\u00c1ngeles Gonz\u00e1lez Ceballos&nbsp; Con base en la informaci\u00f3n del Bolet\u00edn Epidemiol\u00f3gico de la Secretar\u00eda de Salud federal, en Veracruz se registran un total de 8 casos confirmados de miasis por Cochliomyia hominivorax en el humano o mejor conocidos como enfermedad del gusano barrenador. De acuerdo a la dependencia federal, en Veracruz hay 8 casos confirmados [&hellip;]<\/p>\n","protected":false},"author":2,"featured_media":165881,"comment_status":"closed","ping_status":"closed","sticky":false,"template":"","format":"standard","meta":{"tdm_status":"","tdm_grid_status":"","footnotes":""},"categories":[6446],"tags":[57101,57097,57099,57098,57100],"class_list":{"0":"post-165879","1":"post","2":"type-post","3":"status-publish","4":"format-standard","5":"has-post-thumbnail","7":"category-la-nota","8":"tag-casos-de-miasis-parasitaria-grave-mexico","9":"tag-cochliomyia-hominivorax-sintomas","10":"tag-fabrica-de-moscas-esteriles-chiapas","11":"tag-gusano-barrenador-en-humanos-veracruz-2026","12":"tag-secretaria-de-salud-boletin-epidemiologico-gusano-barrenador"},"yoast_head":"<!-- This site is optimized with the Yoast SEO plugin v27.4 - https:\/\/yoast.com\/product\/yoast-seo-wordpress\/ -->\n<title>GUSANO BARRENADOR, EN VERACRUZANOS! 8 CASOS CONFIRMADOS - Los pol\u00edticos Veracruz<\/title>\n<meta name=\"robots\" content=\"index, follow, max-snippet:-1, max-image-preview:large, max-video-preview:-1\" \/>\n<link rel=\"canonical\" href=\"https:\/\/lospoliticosveracruz.com\/?p=165879\" \/>\n<meta property=\"og:locale\" content=\"es_ES\" \/>\n<meta property=\"og:type\" content=\"article\" \/>\n<meta property=\"og:title\" content=\"GUSANO BARRENADOR, EN VERACRUZANOS! 8 CASOS CONFIRMADOS - Los pol\u00edticos Veracruz\" \/>\n<meta property=\"og:description\" content=\"\u00c1ngeles Gonz\u00e1lez Ceballos&nbsp; Con base en la informaci\u00f3n del Bolet\u00edn Epidemiol\u00f3gico de la Secretar\u00eda de Salud federal, en Veracruz se registran un total de 8 casos confirmados de miasis por Cochliomyia hominivorax en el humano o mejor conocidos como enfermedad del gusano barrenador. De acuerdo a la dependencia federal, en Veracruz hay 8 casos confirmados [&hellip;]\" \/>\n<meta property=\"og:url\" content=\"https:\/\/lospoliticosveracruz.com\/?p=165879\" \/>\n<meta property=\"og:site_name\" content=\"Los pol\u00edticos Veracruz\" \/>\n<meta property=\"article:publisher\" content=\"https:\/\/www.facebook.com\/people\/Notimemes-de-los-Polticos\/61565672886568\/\" \/>\n<meta property=\"article:published_time\" content=\"2026-03-11T22:07:08+00:00\" \/>\n<meta property=\"article:modified_time\" content=\"2026-03-11T22:07:09+00:00\" \/>\n<meta property=\"og:image\" content=\"https:\/\/lospoliticosveracruz.com\/wp-content\/uploads\/2026\/03\/IMG_2418.jpeg\" \/>\n\t<meta property=\"og:image:width\" content=\"600\" \/>\n\t<meta property=\"og:image:height\" content=\"320\" \/>\n\t<meta property=\"og:image:type\" content=\"image\/jpeg\" \/>\n<meta name=\"author\" content=\"Lo viste en Los Pol\u00edticos\" \/>\n<meta name=\"twitter:card\" content=\"summary_large_image\" \/>\n<meta name=\"twitter:creator\" content=\"@LosPoliticosVer\" \/>\n<meta name=\"twitter:site\" content=\"@LosPoliticosVer\" \/>\n<meta name=\"twitter:label1\" content=\"Escrito por\" \/>\n\t<meta name=\"twitter:data1\" content=\"Lo viste en Los Pol\u00edticos\" \/>\n\t<meta name=\"twitter:label2\" content=\"Tiempo de lectura\" \/>\n\t<meta name=\"twitter:data2\" content=\"3 minutos\" \/>\n<script type=\"application\/ld+json\" class=\"yoast-schema-graph\">{\"@context\":\"https:\\\/\\\/schema.org\",\"@graph\":[{\"@type\":\"Article\",\"@id\":\"https:\\\/\\\/lospoliticosveracruz.com\\\/?p=165879#article\",\"isPartOf\":{\"@id\":\"https:\\\/\\\/lospoliticosveracruz.com\\\/?p=165879\"},\"author\":{\"name\":\"Lo viste en Los Pol\u00edticos\",\"@id\":\"https:\\\/\\\/lospoliticosveracruz.com\\\/#\\\/schema\\\/person\\\/b8702bb0e538456e6efd07080bf2a4a2\"},\"headline\":\"GUSANO BARRENADOR, EN VERACRUZANOS! 8 CASOS CONFIRMADOS\",\"datePublished\":\"2026-03-11T22:07:08+00:00\",\"dateModified\":\"2026-03-11T22:07:09+00:00\",\"mainEntityOfPage\":{\"@id\":\"https:\\\/\\\/lospoliticosveracruz.com\\\/?p=165879\"},\"wordCount\":522,\"publisher\":{\"@id\":\"https:\\\/\\\/lospoliticosveracruz.com\\\/#organization\"},\"image\":{\"@id\":\"https:\\\/\\\/lospoliticosveracruz.com\\\/?p=165879#primaryimage\"},\"thumbnailUrl\":\"https:\\\/\\\/lospoliticosveracruz.com\\\/wp-content\\\/uploads\\\/2026\\\/03\\\/IMG_2418.jpeg\",\"keywords\":[\"casos de miasis parasitaria grave M\u00e9xico\",\"Cochliomyia hominivorax s\u00edntomas\",\"f\u00e1brica de moscas est\u00e9riles Chiapas\",\"Gusano barrenador en humanos Veracruz 2026\",\"Secretar\u00eda de Salud bolet\u00edn epidemiol\u00f3gico gusano barrenador\"],\"articleSection\":[\"La Nota\"],\"inLanguage\":\"es\"},{\"@type\":\"WebPage\",\"@id\":\"https:\\\/\\\/lospoliticosveracruz.com\\\/?p=165879\",\"url\":\"https:\\\/\\\/lospoliticosveracruz.com\\\/?p=165879\",\"name\":\"GUSANO BARRENADOR, EN VERACRUZANOS! 8 CASOS CONFIRMADOS - Los pol\u00edticos Veracruz\",\"isPartOf\":{\"@id\":\"https:\\\/\\\/lospoliticosveracruz.com\\\/#website\"},\"primaryImageOfPage\":{\"@id\":\"https:\\\/\\\/lospoliticosveracruz.com\\\/?p=165879#primaryimage\"},\"image\":{\"@id\":\"https:\\\/\\\/lospoliticosveracruz.com\\\/?p=165879#primaryimage\"},\"thumbnailUrl\":\"https:\\\/\\\/lospoliticosveracruz.com\\\/wp-content\\\/uploads\\\/2026\\\/03\\\/IMG_2418.jpeg\",\"datePublished\":\"2026-03-11T22:07:08+00:00\",\"dateModified\":\"2026-03-11T22:07:09+00:00\",\"breadcrumb\":{\"@id\":\"https:\\\/\\\/lospoliticosveracruz.com\\\/?p=165879#breadcrumb\"},\"inLanguage\":\"es\",\"potentialAction\":[{\"@type\":\"ReadAction\",\"target\":[\"https:\\\/\\\/lospoliticosveracruz.com\\\/?p=165879\"]}]},{\"@type\":\"ImageObject\",\"inLanguage\":\"es\",\"@id\":\"https:\\\/\\\/lospoliticosveracruz.com\\\/?p=165879#primaryimage\",\"url\":\"https:\\\/\\\/lospoliticosveracruz.com\\\/wp-content\\\/uploads\\\/2026\\\/03\\\/IMG_2418.jpeg\",\"contentUrl\":\"https:\\\/\\\/lospoliticosveracruz.com\\\/wp-content\\\/uploads\\\/2026\\\/03\\\/IMG_2418.jpeg\",\"width\":600,\"height\":320},{\"@type\":\"BreadcrumbList\",\"@id\":\"https:\\\/\\\/lospoliticosveracruz.com\\\/?p=165879#breadcrumb\",\"itemListElement\":[{\"@type\":\"ListItem\",\"position\":1,\"name\":\"Portada\",\"item\":\"https:\\\/\\\/lospoliticosveracruz.com\\\/\"},{\"@type\":\"ListItem\",\"position\":2,\"name\":\"GUSANO BARRENADOR, EN VERACRUZANOS! 8 CASOS CONFIRMADOS\"}]},{\"@type\":\"WebSite\",\"@id\":\"https:\\\/\\\/lospoliticosveracruz.com\\\/#website\",\"url\":\"https:\\\/\\\/lospoliticosveracruz.com\\\/\",\"name\":\"Los pol\u00edticos Veracruz\",\"description\":\"\",\"publisher\":{\"@id\":\"https:\\\/\\\/lospoliticosveracruz.com\\\/#organization\"},\"potentialAction\":[{\"@type\":\"SearchAction\",\"target\":{\"@type\":\"EntryPoint\",\"urlTemplate\":\"https:\\\/\\\/lospoliticosveracruz.com\\\/?s={search_term_string}\"},\"query-input\":{\"@type\":\"PropertyValueSpecification\",\"valueRequired\":true,\"valueName\":\"search_term_string\"}}],\"inLanguage\":\"es\"},{\"@type\":\"Organization\",\"@id\":\"https:\\\/\\\/lospoliticosveracruz.com\\\/#organization\",\"name\":\"Los pol\u00edticos Veracruz\",\"url\":\"https:\\\/\\\/lospoliticosveracruz.com\\\/\",\"logo\":{\"@type\":\"ImageObject\",\"inLanguage\":\"es\",\"@id\":\"https:\\\/\\\/lospoliticosveracruz.com\\\/#\\\/schema\\\/logo\\\/image\\\/\",\"url\":\"https:\\\/\\\/lospoliticosveracruz.com\\\/wp-content\\\/uploads\\\/2025\\\/12\\\/Logo-Nuevo-LOS-POLITICOS-1.jpg\",\"contentUrl\":\"https:\\\/\\\/lospoliticosveracruz.com\\\/wp-content\\\/uploads\\\/2025\\\/12\\\/Logo-Nuevo-LOS-POLITICOS-1.jpg\",\"width\":260,\"height\":70,\"caption\":\"Los pol\u00edticos Veracruz\"},\"image\":{\"@id\":\"https:\\\/\\\/lospoliticosveracruz.com\\\/#\\\/schema\\\/logo\\\/image\\\/\"},\"sameAs\":[\"https:\\\/\\\/www.facebook.com\\\/people\\\/Notimemes-de-los-Polticos\\\/61565672886568\\\/\",\"https:\\\/\\\/x.com\\\/LosPoliticosVer\"]},{\"@type\":\"Person\",\"@id\":\"https:\\\/\\\/lospoliticosveracruz.com\\\/#\\\/schema\\\/person\\\/b8702bb0e538456e6efd07080bf2a4a2\",\"name\":\"Lo viste en Los Pol\u00edticos\",\"image\":{\"@type\":\"ImageObject\",\"inLanguage\":\"es\",\"@id\":\"https:\\\/\\\/secure.gravatar.com\\\/avatar\\\/3a8de04a2656d44082be478bd6c086daa447c4651605818287b9532d3d0bd435?s=96&d=mm&r=g\",\"url\":\"https:\\\/\\\/secure.gravatar.com\\\/avatar\\\/3a8de04a2656d44082be478bd6c086daa447c4651605818287b9532d3d0bd435?s=96&d=mm&r=g\",\"contentUrl\":\"https:\\\/\\\/secure.gravatar.com\\\/avatar\\\/3a8de04a2656d44082be478bd6c086daa447c4651605818287b9532d3d0bd435?s=96&d=mm&r=g\",\"caption\":\"Lo viste en Los Pol\u00edticos\"},\"url\":\"https:\\\/\\\/lospoliticosveracruz.com\\\/?author=2\"}]}<\/script>\n<!-- \/ Yoast SEO plugin. -->","yoast_head_json":{"title":"GUSANO BARRENADOR, EN VERACRUZANOS! 8 CASOS CONFIRMADOS - Los pol\u00edticos Veracruz","robots":{"index":"index","follow":"follow","max-snippet":"max-snippet:-1","max-image-preview":"max-image-preview:large","max-video-preview":"max-video-preview:-1"},"canonical":"https:\/\/lospoliticosveracruz.com\/?p=165879","og_locale":"es_ES","og_type":"article","og_title":"GUSANO BARRENADOR, EN VERACRUZANOS! 8 CASOS CONFIRMADOS - Los pol\u00edticos Veracruz","og_description":"\u00c1ngeles Gonz\u00e1lez Ceballos&nbsp; Con base en la informaci\u00f3n del Bolet\u00edn Epidemiol\u00f3gico de la Secretar\u00eda de Salud federal, en Veracruz se registran un total de 8 casos confirmados de miasis por Cochliomyia hominivorax en el humano o mejor conocidos como enfermedad del gusano barrenador. De acuerdo a la dependencia federal, en Veracruz hay 8 casos confirmados [&hellip;]","og_url":"https:\/\/lospoliticosveracruz.com\/?p=165879","og_site_name":"Los pol\u00edticos Veracruz","article_publisher":"https:\/\/www.facebook.com\/people\/Notimemes-de-los-Polticos\/61565672886568\/","article_published_time":"2026-03-11T22:07:08+00:00","article_modified_time":"2026-03-11T22:07:09+00:00","og_image":[{"width":600,"height":320,"url":"https:\/\/lospoliticosveracruz.com\/wp-content\/uploads\/2026\/03\/IMG_2418.jpeg","type":"image\/jpeg"}],"author":"Lo viste en Los Pol\u00edticos","twitter_card":"summary_large_image","twitter_creator":"@LosPoliticosVer","twitter_site":"@LosPoliticosVer","twitter_misc":{"Escrito por":"Lo viste en Los Pol\u00edticos","Tiempo de lectura":"3 minutos"},"schema":{"@context":"https:\/\/schema.org","@graph":[{"@type":"Article","@id":"https:\/\/lospoliticosveracruz.com\/?p=165879#article","isPartOf":{"@id":"https:\/\/lospoliticosveracruz.com\/?p=165879"},"author":{"name":"Lo viste en Los Pol\u00edticos","@id":"https:\/\/lospoliticosveracruz.com\/#\/schema\/person\/b8702bb0e538456e6efd07080bf2a4a2"},"headline":"GUSANO BARRENADOR, EN VERACRUZANOS! 8 CASOS CONFIRMADOS","datePublished":"2026-03-11T22:07:08+00:00","dateModified":"2026-03-11T22:07:09+00:00","mainEntityOfPage":{"@id":"https:\/\/lospoliticosveracruz.com\/?p=165879"},"wordCount":522,"publisher":{"@id":"https:\/\/lospoliticosveracruz.com\/#organization"},"image":{"@id":"https:\/\/lospoliticosveracruz.com\/?p=165879#primaryimage"},"thumbnailUrl":"https:\/\/lospoliticosveracruz.com\/wp-content\/uploads\/2026\/03\/IMG_2418.jpeg","keywords":["casos de miasis parasitaria grave M\u00e9xico","Cochliomyia hominivorax s\u00edntomas","f\u00e1brica de moscas est\u00e9riles Chiapas","Gusano barrenador en humanos Veracruz 2026","Secretar\u00eda de Salud bolet\u00edn epidemiol\u00f3gico gusano barrenador"],"articleSection":["La Nota"],"inLanguage":"es"},{"@type":"WebPage","@id":"https:\/\/lospoliticosveracruz.com\/?p=165879","url":"https:\/\/lospoliticosveracruz.com\/?p=165879","name":"GUSANO BARRENADOR, EN VERACRUZANOS! 8 CASOS CONFIRMADOS - Los pol\u00edticos Veracruz","isPartOf":{"@id":"https:\/\/lospoliticosveracruz.com\/#website"},"primaryImageOfPage":{"@id":"https:\/\/lospoliticosveracruz.com\/?p=165879#primaryimage"},"image":{"@id":"https:\/\/lospoliticosveracruz.com\/?p=165879#primaryimage"},"thumbnailUrl":"https:\/\/lospoliticosveracruz.com\/wp-content\/uploads\/2026\/03\/IMG_2418.jpeg","datePublished":"2026-03-11T22:07:08+00:00","dateModified":"2026-03-11T22:07:09+00:00","breadcrumb":{"@id":"https:\/\/lospoliticosveracruz.com\/?p=165879#breadcrumb"},"inLanguage":"es","potentialAction":[{"@type":"ReadAction","target":["https:\/\/lospoliticosveracruz.com\/?p=165879"]}]},{"@type":"ImageObject","inLanguage":"es","@id":"https:\/\/lospoliticosveracruz.com\/?p=165879#primaryimage","url":"https:\/\/lospoliticosveracruz.com\/wp-content\/uploads\/2026\/03\/IMG_2418.jpeg","contentUrl":"https:\/\/lospoliticosveracruz.com\/wp-content\/uploads\/2026\/03\/IMG_2418.jpeg","width":600,"height":320},{"@type":"BreadcrumbList","@id":"https:\/\/lospoliticosveracruz.com\/?p=165879#breadcrumb","itemListElement":[{"@type":"ListItem","position":1,"name":"Portada","item":"https:\/\/lospoliticosveracruz.com\/"},{"@type":"ListItem","position":2,"name":"GUSANO BARRENADOR, EN VERACRUZANOS! 8 CASOS CONFIRMADOS"}]},{"@type":"WebSite","@id":"https:\/\/lospoliticosveracruz.com\/#website","url":"https:\/\/lospoliticosveracruz.com\/","name":"Los pol\u00edticos Veracruz","description":"","publisher":{"@id":"https:\/\/lospoliticosveracruz.com\/#organization"},"potentialAction":[{"@type":"SearchAction","target":{"@type":"EntryPoint","urlTemplate":"https:\/\/lospoliticosveracruz.com\/?s={search_term_string}"},"query-input":{"@type":"PropertyValueSpecification","valueRequired":true,"valueName":"search_term_string"}}],"inLanguage":"es"},{"@type":"Organization","@id":"https:\/\/lospoliticosveracruz.com\/#organization","name":"Los pol\u00edticos Veracruz","url":"https:\/\/lospoliticosveracruz.com\/","logo":{"@type":"ImageObject","inLanguage":"es","@id":"https:\/\/lospoliticosveracruz.com\/#\/schema\/logo\/image\/","url":"https:\/\/lospoliticosveracruz.com\/wp-content\/uploads\/2025\/12\/Logo-Nuevo-LOS-POLITICOS-1.jpg","contentUrl":"https:\/\/lospoliticosveracruz.com\/wp-content\/uploads\/2025\/12\/Logo-Nuevo-LOS-POLITICOS-1.jpg","width":260,"height":70,"caption":"Los pol\u00edticos Veracruz"},"image":{"@id":"https:\/\/lospoliticosveracruz.com\/#\/schema\/logo\/image\/"},"sameAs":["https:\/\/www.facebook.com\/people\/Notimemes-de-los-Polticos\/61565672886568\/","https:\/\/x.com\/LosPoliticosVer"]},{"@type":"Person","@id":"https:\/\/lospoliticosveracruz.com\/#\/schema\/person\/b8702bb0e538456e6efd07080bf2a4a2","name":"Lo viste en Los Pol\u00edticos","image":{"@type":"ImageObject","inLanguage":"es","@id":"https:\/\/secure.gravatar.com\/avatar\/3a8de04a2656d44082be478bd6c086daa447c4651605818287b9532d3d0bd435?s=96&d=mm&r=g","url":"https:\/\/secure.gravatar.com\/avatar\/3a8de04a2656d44082be478bd6c086daa447c4651605818287b9532d3d0bd435?s=96&d=mm&r=g","contentUrl":"https:\/\/secure.gravatar.com\/avatar\/3a8de04a2656d44082be478bd6c086daa447c4651605818287b9532d3d0bd435?s=96&d=mm&r=g","caption":"Lo viste en Los Pol\u00edticos"},"url":"https:\/\/lospoliticosveracruz.com\/?author=2"}]}},"_links":{"self":[{"href":"https:\/\/lospoliticosveracruz.com\/index.php?rest_route=\/wp\/v2\/posts\/165879","targetHints":{"allow":["GET"]}}],"collection":[{"href":"https:\/\/lospoliticosveracruz.com\/index.php?rest_route=\/wp\/v2\/posts"}],"about":[{"href":"https:\/\/lospoliticosveracruz.com\/index.php?rest_route=\/wp\/v2\/types\/post"}],"author":[{"embeddable":true,"href":"https:\/\/lospoliticosveracruz.com\/index.php?rest_route=\/wp\/v2\/users\/2"}],"replies":[{"embeddable":true,"href":"https:\/\/lospoliticosveracruz.com\/index.php?rest_route=%2Fwp%2Fv2%2Fcomments&post=165879"}],"version-history":[{"count":1,"href":"https:\/\/lospoliticosveracruz.com\/index.php?rest_route=\/wp\/v2\/posts\/165879\/revisions"}],"predecessor-version":[{"id":165882,"href":"https:\/\/lospoliticosveracruz.com\/index.php?rest_route=\/wp\/v2\/posts\/165879\/revisions\/165882"}],"wp:featuredmedia":[{"embeddable":true,"href":"https:\/\/lospoliticosveracruz.com\/index.php?rest_route=\/wp\/v2\/media\/165881"}],"wp:attachment":[{"href":"https:\/\/lospoliticosveracruz.com\/index.php?rest_route=%2Fwp%2Fv2%2Fmedia&parent=165879"}],"wp:term":[{"taxonomy":"category","embeddable":true,"href":"https:\/\/lospoliticosveracruz.com\/index.php?rest_route=%2Fwp%2Fv2%2Fcategories&post=165879"},{"taxonomy":"post_tag","embeddable":true,"href":"https:\/\/lospoliticosveracruz.com\/index.php?rest_route=%2Fwp%2Fv2%2Ftags&post=165879"}],"curies":[{"name":"wp","href":"https:\/\/api.w.org\/{rel}","templated":true}]}}