{"id":165883,"date":"2026-03-11T16:11:30","date_gmt":"2026-03-11T22:11:30","guid":{"rendered":"https:\/\/lospoliticosveracruz.com\/?p=165883"},"modified":"2026-03-11T16:11:31","modified_gmt":"2026-03-11T22:11:31","slug":"jalon-de-orejas-a-yeya-de-rebote","status":"publish","type":"post","link":"https:\/\/lospoliticosveracruz.com\/?p=165883","title":{"rendered":"JAL\u00d3N DE OREJAS A YEYA\u2026 DE REBOTE!"},"content":{"rendered":"\n<p><strong>Isabel Ortega<\/strong><\/p>\n\n\n\n<p>La Comisi\u00f3n Nacional de los Derechos Humanos (CNDH) reconvino a la fiscal general de Veracruz, Lisbeth Aurelia Jim\u00e9nez Aguirre, por negarse a aceptar una recomendaci\u00f3n relacionada con la desaparici\u00f3n forzada de cinco personas ocurrida en 2013 en el municipio de Atoyac.<\/p>\n\n\n\n<p>A trav\u00e9s de un comunicado difundido este 11 de marzo, el organismo nacional inform\u00f3 que conmin\u00f3 a la titular de la Fiscal\u00eda General del Estado (FGE) a aceptar la Recomendaci\u00f3n 40\/2024, emitida por la Comisi\u00f3n Estatal de Derechos Humanos de Veracruz (CEDH) y dirigida a la entonces fiscal Ver\u00f3nica Hern\u00e1ndez Giad\u00e1ns.<\/p>\n\n\n\n<p>Dicha recomendaci\u00f3n se origin\u00f3 por la desaparici\u00f3n forzada de cinco personas, presuntamente cometida por elementos de la Secretar\u00eda de Seguridad P\u00fablica (SSP), as\u00ed como por la falta de debida diligencia de la Fiscal\u00eda estatal en la investigaci\u00f3n de los hechos.<\/p>\n\n\n\n<p>De acuerdo con el expediente, el 2 de agosto de 2013, entre las 18:00 y 19:30 horas, se implement\u00f3 un operativo policiaco en una comunidad de Atoyac, en la zona centro del estado, encabezado por la polic\u00eda estatal, a cargo de Arturo Berm\u00fadez Zurita, secretario de Seguridad en el gobierno de Javier Duarte (2010-2016). Durante la movilizaci\u00f3n, polic\u00edas detuvieron a varias personas que se encontraban al interior de un bar y en negocios cercanos.<\/p>\n\n\n\n<p>La investigaci\u00f3n de la CEDH vincul\u00f3 ese operativo con la desaparici\u00f3n de cinco personas y determin\u00f3 que existen al menos 40 v\u00edctimas indirectas derivadas de estos hechos. Asimismo, se acredit\u00f3 que la Fiscal\u00eda General del Estado fue omisa en dar seguimiento a las carpetas de investigaci\u00f3n iniciadas por el caso.<\/p>\n\n\n\n<p>El nuevo llamado de la CNDH forma parte de la Recomendaci\u00f3n 4\/2026, mediante la cual el organismo nacional revis\u00f3 la negativa de la Fiscal\u00eda veracruzana a aceptar la recomendaci\u00f3n emitida por la CEDH.<\/p>\n\n\n\n<p>Mientras la Secretar\u00eda de Seguridad P\u00fablica acept\u00f3 el pronunciamiento del organismo estatal, la Fiscal\u00eda se neg\u00f3 a hacerlo, lo que deriv\u00f3 en que cuatro v\u00edctimas presentaran un recurso de impugnaci\u00f3n ante la CNDH.<\/p>\n\n\n\n<p>Tras analizar el caso, el organismo nacional acredit\u00f3 violaciones a los derechos humanos de acceso a la justicia y a una vida libre de violencia institucional en agravio de 36 v\u00edctimas indirectas, adem\u00e1s de la vulneraci\u00f3n del derecho a ser buscado en perjuicio de las cinco v\u00edctimas directas de desaparici\u00f3n.<\/p>\n\n\n\n<p>En su resoluci\u00f3n, la CNDH advirti\u00f3 que la postura de la Fiscal\u00eda afecta el sistema de protecci\u00f3n de derechos humanos.<\/p>\n\n\n\n<p>\u201cLa negativa de aceptaci\u00f3n de la recomendaci\u00f3n emitida por la CEDH afecta la eficacia del sistema de protecci\u00f3n no jurisdiccional de los derechos humanos\u201d, se\u00f1ala el documento difundido por el organismo nacional.<\/p>\n\n\n\n<p>Asimismo, indic\u00f3 que la respuesta de la Fiscal\u00eda no detall\u00f3 las diligencias realizadas ni justific\u00f3 adecuadamente su rechazo.<\/p>\n\n\n\n<p>\u201cLos argumentos para rechazar la Recomendaci\u00f3n 40\/2024 no son congruentes con el principio pro persona, que consiste en garantizar la protecci\u00f3n m\u00e1s amplia para los derechos humanos\u201d, puntualiz\u00f3 la Comisi\u00f3n.<\/p>\n\n\n\n<p>La CNDH tambi\u00e9n concluy\u00f3 que al no aceptar la recomendaci\u00f3n se obstaculiza la reparaci\u00f3n integral del da\u00f1o a las v\u00edctimas, ya que la Fiscal\u00eda debi\u00f3 emprender de manera inmediata acciones de b\u00fasqueda, as\u00ed como diligencias para esclarecer los hechos y determinar responsabilidades penales en los casos de desaparici\u00f3n denunciados.<\/p>\n","protected":false},"excerpt":{"rendered":"<p>Isabel Ortega La Comisi\u00f3n Nacional de los Derechos Humanos (CNDH) reconvino a la fiscal general de Veracruz, Lisbeth Aurelia Jim\u00e9nez Aguirre, por negarse a aceptar una recomendaci\u00f3n relacionada con la desaparici\u00f3n forzada de cinco personas ocurrida en 2013 en el municipio de Atoyac. A trav\u00e9s de un comunicado difundido este 11 de marzo, el organismo [&hellip;]<\/p>\n","protected":false},"author":2,"featured_media":165884,"comment_status":"closed","ping_status":"closed","sticky":false,"template":"","format":"standard","meta":{"tdm_status":"","tdm_grid_status":"","footnotes":""},"categories":[48940],"tags":[57103,57102,57105,57104,48933],"class_list":{"0":"post-165883","1":"post","2":"type-post","3":"status-publish","4":"format-standard","5":"has-post-thumbnail","7":"category-la-ley-y-el-orden","8":"tag-cndh-recomendacion-4-2026-veracruz","9":"tag-desaparicion-forzada-atoyac-2013","10":"tag-impugnacion-cedh-fiscalia-veracruz","11":"tag-justicia-para-victimas-de-desaparicion-veracruz","12":"tag-lisbeth-aurelia-jimenez-aguirre-fge"},"yoast_head":"<!-- This site is optimized with the Yoast SEO plugin v27.4 - https:\/\/yoast.com\/product\/yoast-seo-wordpress\/ -->\n<title>JAL\u00d3N DE OREJAS A YEYA\u2026 DE REBOTE! - Los pol\u00edticos Veracruz<\/title>\n<meta name=\"robots\" content=\"index, follow, max-snippet:-1, max-image-preview:large, max-video-preview:-1\" \/>\n<link rel=\"canonical\" href=\"https:\/\/lospoliticosveracruz.com\/?p=165883\" \/>\n<meta property=\"og:locale\" content=\"es_ES\" \/>\n<meta property=\"og:type\" content=\"article\" \/>\n<meta property=\"og:title\" content=\"JAL\u00d3N DE OREJAS A YEYA\u2026 DE REBOTE! - Los pol\u00edticos Veracruz\" \/>\n<meta property=\"og:description\" content=\"Isabel Ortega La Comisi\u00f3n Nacional de los Derechos Humanos (CNDH) reconvino a la fiscal general de Veracruz, Lisbeth Aurelia Jim\u00e9nez Aguirre, por negarse a aceptar una recomendaci\u00f3n relacionada con la desaparici\u00f3n forzada de cinco personas ocurrida en 2013 en el municipio de Atoyac. A trav\u00e9s de un comunicado difundido este 11 de marzo, el organismo [&hellip;]\" \/>\n<meta property=\"og:url\" content=\"https:\/\/lospoliticosveracruz.com\/?p=165883\" \/>\n<meta property=\"og:site_name\" content=\"Los pol\u00edticos Veracruz\" \/>\n<meta property=\"article:publisher\" content=\"https:\/\/www.facebook.com\/people\/Notimemes-de-los-Polticos\/61565672886568\/\" \/>\n<meta property=\"article:published_time\" content=\"2026-03-11T22:11:30+00:00\" \/>\n<meta property=\"article:modified_time\" content=\"2026-03-11T22:11:31+00:00\" \/>\n<meta property=\"og:image\" content=\"https:\/\/lospoliticosveracruz.com\/wp-content\/uploads\/2026\/03\/Veronica-.jpg\" \/>\n\t<meta property=\"og:image:width\" content=\"600\" \/>\n\t<meta property=\"og:image:height\" content=\"320\" \/>\n\t<meta property=\"og:image:type\" content=\"image\/jpeg\" \/>\n<meta name=\"author\" content=\"Lo viste en Los Pol\u00edticos\" \/>\n<meta name=\"twitter:card\" content=\"summary_large_image\" \/>\n<meta name=\"twitter:creator\" content=\"@LosPoliticosVer\" \/>\n<meta name=\"twitter:site\" content=\"@LosPoliticosVer\" \/>\n<meta name=\"twitter:label1\" content=\"Escrito por\" \/>\n\t<meta name=\"twitter:data1\" content=\"Lo viste en Los Pol\u00edticos\" \/>\n\t<meta name=\"twitter:label2\" content=\"Tiempo de lectura\" \/>\n\t<meta name=\"twitter:data2\" content=\"3 minutos\" \/>\n<script type=\"application\/ld+json\" class=\"yoast-schema-graph\">{\"@context\":\"https:\\\/\\\/schema.org\",\"@graph\":[{\"@type\":\"Article\",\"@id\":\"https:\\\/\\\/lospoliticosveracruz.com\\\/?p=165883#article\",\"isPartOf\":{\"@id\":\"https:\\\/\\\/lospoliticosveracruz.com\\\/?p=165883\"},\"author\":{\"name\":\"Lo viste en Los Pol\u00edticos\",\"@id\":\"https:\\\/\\\/lospoliticosveracruz.com\\\/#\\\/schema\\\/person\\\/b8702bb0e538456e6efd07080bf2a4a2\"},\"headline\":\"JAL\u00d3N DE OREJAS A YEYA\u2026 DE REBOTE!\",\"datePublished\":\"2026-03-11T22:11:30+00:00\",\"dateModified\":\"2026-03-11T22:11:31+00:00\",\"mainEntityOfPage\":{\"@id\":\"https:\\\/\\\/lospoliticosveracruz.com\\\/?p=165883\"},\"wordCount\":579,\"publisher\":{\"@id\":\"https:\\\/\\\/lospoliticosveracruz.com\\\/#organization\"},\"image\":{\"@id\":\"https:\\\/\\\/lospoliticosveracruz.com\\\/?p=165883#primaryimage\"},\"thumbnailUrl\":\"https:\\\/\\\/lospoliticosveracruz.com\\\/wp-content\\\/uploads\\\/2026\\\/03\\\/Veronica-.jpg\",\"keywords\":[\"CNDH recomendaci\u00f3n 4\\\/2026 Veracruz\",\"desaparici\u00f3n forzada Atoyac 2013\",\"impugnaci\u00f3n CEDH Fiscal\u00eda Veracruz\",\"justicia para v\u00edctimas de desaparici\u00f3n Veracruz\",\"Lisbeth Aurelia Jim\u00e9nez Aguirre FGE\"],\"articleSection\":[\"La Ley y el Orden\"],\"inLanguage\":\"es\"},{\"@type\":\"WebPage\",\"@id\":\"https:\\\/\\\/lospoliticosveracruz.com\\\/?p=165883\",\"url\":\"https:\\\/\\\/lospoliticosveracruz.com\\\/?p=165883\",\"name\":\"JAL\u00d3N DE OREJAS A YEYA\u2026 DE REBOTE! - Los pol\u00edticos Veracruz\",\"isPartOf\":{\"@id\":\"https:\\\/\\\/lospoliticosveracruz.com\\\/#website\"},\"primaryImageOfPage\":{\"@id\":\"https:\\\/\\\/lospoliticosveracruz.com\\\/?p=165883#primaryimage\"},\"image\":{\"@id\":\"https:\\\/\\\/lospoliticosveracruz.com\\\/?p=165883#primaryimage\"},\"thumbnailUrl\":\"https:\\\/\\\/lospoliticosveracruz.com\\\/wp-content\\\/uploads\\\/2026\\\/03\\\/Veronica-.jpg\",\"datePublished\":\"2026-03-11T22:11:30+00:00\",\"dateModified\":\"2026-03-11T22:11:31+00:00\",\"breadcrumb\":{\"@id\":\"https:\\\/\\\/lospoliticosveracruz.com\\\/?p=165883#breadcrumb\"},\"inLanguage\":\"es\",\"potentialAction\":[{\"@type\":\"ReadAction\",\"target\":[\"https:\\\/\\\/lospoliticosveracruz.com\\\/?p=165883\"]}]},{\"@type\":\"ImageObject\",\"inLanguage\":\"es\",\"@id\":\"https:\\\/\\\/lospoliticosveracruz.com\\\/?p=165883#primaryimage\",\"url\":\"https:\\\/\\\/lospoliticosveracruz.com\\\/wp-content\\\/uploads\\\/2026\\\/03\\\/Veronica-.jpg\",\"contentUrl\":\"https:\\\/\\\/lospoliticosveracruz.com\\\/wp-content\\\/uploads\\\/2026\\\/03\\\/Veronica-.jpg\",\"width\":600,\"height\":320},{\"@type\":\"BreadcrumbList\",\"@id\":\"https:\\\/\\\/lospoliticosveracruz.com\\\/?p=165883#breadcrumb\",\"itemListElement\":[{\"@type\":\"ListItem\",\"position\":1,\"name\":\"Portada\",\"item\":\"https:\\\/\\\/lospoliticosveracruz.com\\\/\"},{\"@type\":\"ListItem\",\"position\":2,\"name\":\"JAL\u00d3N DE OREJAS A YEYA\u2026 DE REBOTE!\"}]},{\"@type\":\"WebSite\",\"@id\":\"https:\\\/\\\/lospoliticosveracruz.com\\\/#website\",\"url\":\"https:\\\/\\\/lospoliticosveracruz.com\\\/\",\"name\":\"Los pol\u00edticos Veracruz\",\"description\":\"\",\"publisher\":{\"@id\":\"https:\\\/\\\/lospoliticosveracruz.com\\\/#organization\"},\"potentialAction\":[{\"@type\":\"SearchAction\",\"target\":{\"@type\":\"EntryPoint\",\"urlTemplate\":\"https:\\\/\\\/lospoliticosveracruz.com\\\/?s={search_term_string}\"},\"query-input\":{\"@type\":\"PropertyValueSpecification\",\"valueRequired\":true,\"valueName\":\"search_term_string\"}}],\"inLanguage\":\"es\"},{\"@type\":\"Organization\",\"@id\":\"https:\\\/\\\/lospoliticosveracruz.com\\\/#organization\",\"name\":\"Los pol\u00edticos Veracruz\",\"url\":\"https:\\\/\\\/lospoliticosveracruz.com\\\/\",\"logo\":{\"@type\":\"ImageObject\",\"inLanguage\":\"es\",\"@id\":\"https:\\\/\\\/lospoliticosveracruz.com\\\/#\\\/schema\\\/logo\\\/image\\\/\",\"url\":\"https:\\\/\\\/lospoliticosveracruz.com\\\/wp-content\\\/uploads\\\/2025\\\/12\\\/Logo-Nuevo-LOS-POLITICOS-1.jpg\",\"contentUrl\":\"https:\\\/\\\/lospoliticosveracruz.com\\\/wp-content\\\/uploads\\\/2025\\\/12\\\/Logo-Nuevo-LOS-POLITICOS-1.jpg\",\"width\":260,\"height\":70,\"caption\":\"Los pol\u00edticos Veracruz\"},\"image\":{\"@id\":\"https:\\\/\\\/lospoliticosveracruz.com\\\/#\\\/schema\\\/logo\\\/image\\\/\"},\"sameAs\":[\"https:\\\/\\\/www.facebook.com\\\/people\\\/Notimemes-de-los-Polticos\\\/61565672886568\\\/\",\"https:\\\/\\\/x.com\\\/LosPoliticosVer\"]},{\"@type\":\"Person\",\"@id\":\"https:\\\/\\\/lospoliticosveracruz.com\\\/#\\\/schema\\\/person\\\/b8702bb0e538456e6efd07080bf2a4a2\",\"name\":\"Lo viste en Los Pol\u00edticos\",\"image\":{\"@type\":\"ImageObject\",\"inLanguage\":\"es\",\"@id\":\"https:\\\/\\\/secure.gravatar.com\\\/avatar\\\/3a8de04a2656d44082be478bd6c086daa447c4651605818287b9532d3d0bd435?s=96&d=mm&r=g\",\"url\":\"https:\\\/\\\/secure.gravatar.com\\\/avatar\\\/3a8de04a2656d44082be478bd6c086daa447c4651605818287b9532d3d0bd435?s=96&d=mm&r=g\",\"contentUrl\":\"https:\\\/\\\/secure.gravatar.com\\\/avatar\\\/3a8de04a2656d44082be478bd6c086daa447c4651605818287b9532d3d0bd435?s=96&d=mm&r=g\",\"caption\":\"Lo viste en Los Pol\u00edticos\"},\"url\":\"https:\\\/\\\/lospoliticosveracruz.com\\\/?author=2\"}]}<\/script>\n<!-- \/ Yoast SEO plugin. -->","yoast_head_json":{"title":"JAL\u00d3N DE OREJAS A YEYA\u2026 DE REBOTE! - Los pol\u00edticos Veracruz","robots":{"index":"index","follow":"follow","max-snippet":"max-snippet:-1","max-image-preview":"max-image-preview:large","max-video-preview":"max-video-preview:-1"},"canonical":"https:\/\/lospoliticosveracruz.com\/?p=165883","og_locale":"es_ES","og_type":"article","og_title":"JAL\u00d3N DE OREJAS A YEYA\u2026 DE REBOTE! - Los pol\u00edticos Veracruz","og_description":"Isabel Ortega La Comisi\u00f3n Nacional de los Derechos Humanos (CNDH) reconvino a la fiscal general de Veracruz, Lisbeth Aurelia Jim\u00e9nez Aguirre, por negarse a aceptar una recomendaci\u00f3n relacionada con la desaparici\u00f3n forzada de cinco personas ocurrida en 2013 en el municipio de Atoyac. A trav\u00e9s de un comunicado difundido este 11 de marzo, el organismo [&hellip;]","og_url":"https:\/\/lospoliticosveracruz.com\/?p=165883","og_site_name":"Los pol\u00edticos Veracruz","article_publisher":"https:\/\/www.facebook.com\/people\/Notimemes-de-los-Polticos\/61565672886568\/","article_published_time":"2026-03-11T22:11:30+00:00","article_modified_time":"2026-03-11T22:11:31+00:00","og_image":[{"width":600,"height":320,"url":"https:\/\/lospoliticosveracruz.com\/wp-content\/uploads\/2026\/03\/Veronica-.jpg","type":"image\/jpeg"}],"author":"Lo viste en Los Pol\u00edticos","twitter_card":"summary_large_image","twitter_creator":"@LosPoliticosVer","twitter_site":"@LosPoliticosVer","twitter_misc":{"Escrito por":"Lo viste en Los Pol\u00edticos","Tiempo de lectura":"3 minutos"},"schema":{"@context":"https:\/\/schema.org","@graph":[{"@type":"Article","@id":"https:\/\/lospoliticosveracruz.com\/?p=165883#article","isPartOf":{"@id":"https:\/\/lospoliticosveracruz.com\/?p=165883"},"author":{"name":"Lo viste en Los Pol\u00edticos","@id":"https:\/\/lospoliticosveracruz.com\/#\/schema\/person\/b8702bb0e538456e6efd07080bf2a4a2"},"headline":"JAL\u00d3N DE OREJAS A YEYA\u2026 DE REBOTE!","datePublished":"2026-03-11T22:11:30+00:00","dateModified":"2026-03-11T22:11:31+00:00","mainEntityOfPage":{"@id":"https:\/\/lospoliticosveracruz.com\/?p=165883"},"wordCount":579,"publisher":{"@id":"https:\/\/lospoliticosveracruz.com\/#organization"},"image":{"@id":"https:\/\/lospoliticosveracruz.com\/?p=165883#primaryimage"},"thumbnailUrl":"https:\/\/lospoliticosveracruz.com\/wp-content\/uploads\/2026\/03\/Veronica-.jpg","keywords":["CNDH recomendaci\u00f3n 4\/2026 Veracruz","desaparici\u00f3n forzada Atoyac 2013","impugnaci\u00f3n CEDH Fiscal\u00eda Veracruz","justicia para v\u00edctimas de desaparici\u00f3n Veracruz","Lisbeth Aurelia Jim\u00e9nez Aguirre FGE"],"articleSection":["La Ley y el Orden"],"inLanguage":"es"},{"@type":"WebPage","@id":"https:\/\/lospoliticosveracruz.com\/?p=165883","url":"https:\/\/lospoliticosveracruz.com\/?p=165883","name":"JAL\u00d3N DE OREJAS A YEYA\u2026 DE REBOTE! - Los pol\u00edticos Veracruz","isPartOf":{"@id":"https:\/\/lospoliticosveracruz.com\/#website"},"primaryImageOfPage":{"@id":"https:\/\/lospoliticosveracruz.com\/?p=165883#primaryimage"},"image":{"@id":"https:\/\/lospoliticosveracruz.com\/?p=165883#primaryimage"},"thumbnailUrl":"https:\/\/lospoliticosveracruz.com\/wp-content\/uploads\/2026\/03\/Veronica-.jpg","datePublished":"2026-03-11T22:11:30+00:00","dateModified":"2026-03-11T22:11:31+00:00","breadcrumb":{"@id":"https:\/\/lospoliticosveracruz.com\/?p=165883#breadcrumb"},"inLanguage":"es","potentialAction":[{"@type":"ReadAction","target":["https:\/\/lospoliticosveracruz.com\/?p=165883"]}]},{"@type":"ImageObject","inLanguage":"es","@id":"https:\/\/lospoliticosveracruz.com\/?p=165883#primaryimage","url":"https:\/\/lospoliticosveracruz.com\/wp-content\/uploads\/2026\/03\/Veronica-.jpg","contentUrl":"https:\/\/lospoliticosveracruz.com\/wp-content\/uploads\/2026\/03\/Veronica-.jpg","width":600,"height":320},{"@type":"BreadcrumbList","@id":"https:\/\/lospoliticosveracruz.com\/?p=165883#breadcrumb","itemListElement":[{"@type":"ListItem","position":1,"name":"Portada","item":"https:\/\/lospoliticosveracruz.com\/"},{"@type":"ListItem","position":2,"name":"JAL\u00d3N DE OREJAS A YEYA\u2026 DE REBOTE!"}]},{"@type":"WebSite","@id":"https:\/\/lospoliticosveracruz.com\/#website","url":"https:\/\/lospoliticosveracruz.com\/","name":"Los pol\u00edticos Veracruz","description":"","publisher":{"@id":"https:\/\/lospoliticosveracruz.com\/#organization"},"potentialAction":[{"@type":"SearchAction","target":{"@type":"EntryPoint","urlTemplate":"https:\/\/lospoliticosveracruz.com\/?s={search_term_string}"},"query-input":{"@type":"PropertyValueSpecification","valueRequired":true,"valueName":"search_term_string"}}],"inLanguage":"es"},{"@type":"Organization","@id":"https:\/\/lospoliticosveracruz.com\/#organization","name":"Los pol\u00edticos Veracruz","url":"https:\/\/lospoliticosveracruz.com\/","logo":{"@type":"ImageObject","inLanguage":"es","@id":"https:\/\/lospoliticosveracruz.com\/#\/schema\/logo\/image\/","url":"https:\/\/lospoliticosveracruz.com\/wp-content\/uploads\/2025\/12\/Logo-Nuevo-LOS-POLITICOS-1.jpg","contentUrl":"https:\/\/lospoliticosveracruz.com\/wp-content\/uploads\/2025\/12\/Logo-Nuevo-LOS-POLITICOS-1.jpg","width":260,"height":70,"caption":"Los pol\u00edticos Veracruz"},"image":{"@id":"https:\/\/lospoliticosveracruz.com\/#\/schema\/logo\/image\/"},"sameAs":["https:\/\/www.facebook.com\/people\/Notimemes-de-los-Polticos\/61565672886568\/","https:\/\/x.com\/LosPoliticosVer"]},{"@type":"Person","@id":"https:\/\/lospoliticosveracruz.com\/#\/schema\/person\/b8702bb0e538456e6efd07080bf2a4a2","name":"Lo viste en Los Pol\u00edticos","image":{"@type":"ImageObject","inLanguage":"es","@id":"https:\/\/secure.gravatar.com\/avatar\/3a8de04a2656d44082be478bd6c086daa447c4651605818287b9532d3d0bd435?s=96&d=mm&r=g","url":"https:\/\/secure.gravatar.com\/avatar\/3a8de04a2656d44082be478bd6c086daa447c4651605818287b9532d3d0bd435?s=96&d=mm&r=g","contentUrl":"https:\/\/secure.gravatar.com\/avatar\/3a8de04a2656d44082be478bd6c086daa447c4651605818287b9532d3d0bd435?s=96&d=mm&r=g","caption":"Lo viste en Los Pol\u00edticos"},"url":"https:\/\/lospoliticosveracruz.com\/?author=2"}]}},"_links":{"self":[{"href":"https:\/\/lospoliticosveracruz.com\/index.php?rest_route=\/wp\/v2\/posts\/165883","targetHints":{"allow":["GET"]}}],"collection":[{"href":"https:\/\/lospoliticosveracruz.com\/index.php?rest_route=\/wp\/v2\/posts"}],"about":[{"href":"https:\/\/lospoliticosveracruz.com\/index.php?rest_route=\/wp\/v2\/types\/post"}],"author":[{"embeddable":true,"href":"https:\/\/lospoliticosveracruz.com\/index.php?rest_route=\/wp\/v2\/users\/2"}],"replies":[{"embeddable":true,"href":"https:\/\/lospoliticosveracruz.com\/index.php?rest_route=%2Fwp%2Fv2%2Fcomments&post=165883"}],"version-history":[{"count":1,"href":"https:\/\/lospoliticosveracruz.com\/index.php?rest_route=\/wp\/v2\/posts\/165883\/revisions"}],"predecessor-version":[{"id":165885,"href":"https:\/\/lospoliticosveracruz.com\/index.php?rest_route=\/wp\/v2\/posts\/165883\/revisions\/165885"}],"wp:featuredmedia":[{"embeddable":true,"href":"https:\/\/lospoliticosveracruz.com\/index.php?rest_route=\/wp\/v2\/media\/165884"}],"wp:attachment":[{"href":"https:\/\/lospoliticosveracruz.com\/index.php?rest_route=%2Fwp%2Fv2%2Fmedia&parent=165883"}],"wp:term":[{"taxonomy":"category","embeddable":true,"href":"https:\/\/lospoliticosveracruz.com\/index.php?rest_route=%2Fwp%2Fv2%2Fcategories&post=165883"},{"taxonomy":"post_tag","embeddable":true,"href":"https:\/\/lospoliticosveracruz.com\/index.php?rest_route=%2Fwp%2Fv2%2Ftags&post=165883"}],"curies":[{"name":"wp","href":"https:\/\/api.w.org\/{rel}","templated":true}]}}