{"id":165887,"date":"2026-03-11T21:30:00","date_gmt":"2026-03-12T03:30:00","guid":{"rendered":"https:\/\/lospoliticosveracruz.com\/?p=165887"},"modified":"2026-03-11T16:36:07","modified_gmt":"2026-03-11T22:36:07","slug":"el-acosador-y-la-vara-alta","status":"publish","type":"post","link":"https:\/\/lospoliticosveracruz.com\/?p=165887","title":{"rendered":"EL ACOSADOR Y LA VARA ALTA"},"content":{"rendered":"\n<p><strong>Salvador Mu\u00f1oz<br><\/strong><em>Los Pol\u00edticos<\/em><\/p>\n\n\n\n<p>La sorpresa fue por partida doble.<br>Primero, porque despu\u00e9s de largo tiempo, Jos\u00e9 Manuel reaparec\u00eda por las oficinas. Ten\u00eda rato que no lo ve\u00edan y m\u00e1s a\u00fan despu\u00e9s del esc\u00e1ndalo que se hab\u00eda tejido en torno a su persona. No hay certeza de que hubiera acudido a las oficinas del diputado con el que trabajaba y hoy est\u00e1 bajo licencia. S\u00f3lo lo vieron entrar\u2026 y ya. \u00c9sa fue la primera sorpresa: verlo de nuevo.<br>Para algunos, todo parec\u00eda \u201cnormal\u201d. No pas\u00f3 nada\u2026 todo segu\u00eda igual\u2026 y cada quien continu\u00f3 con sus labores como si la presencia del personaje no trajera consigo un historial inc\u00f3modo.<br>La segunda sorpresa lleg\u00f3 por la tarde-noche. M\u00e1s que sorpresa, fue un bombazo.<br>Jos\u00e9 Manuel hab\u00eda sido detenido luego de que se girara una orden de aprehensi\u00f3n en su contra por su presunta responsabilidad en el delito de acoso sexual, en agravio de dos v\u00edctimas.<br>\u00bfD\u00f3nde? \u00bfC\u00f3mo?<br>Hay dos sospechas.<br>La primera: que fue detenido discretamente dentro del Congreso. Tejido fino por parte de las autoridades ministeriales.<br>La segunda: que lo esperaron a la salida y ah\u00ed, con la misma discreci\u00f3n, se lo llevaron.<br>Como haya sido, el hecho es que, a partir de este lunes, en el Congreso del Estado se puso la vara alta frente a conductas que siguen resisti\u00e9ndose a ser erradicadas, no s\u00f3lo en ese recinto, sino en cualquier centro de trabajo: el acoso sexual y laboral.<br>Porque lo de Jos\u00e9 Manuel no es nuevo.<br>Desde 2018 ya hab\u00eda sido se\u00f1alado por agresiones contra una asesora de una diputada. Una historia que, aunque suene incre\u00edble, hasta la Legisladora parec\u00eda v\u00edctima. El poder que le daba saberse \u201cprotegido\u201d por un sistema donde resulta m\u00e1s f\u00e1cil mover a la v\u00edctima a otra oficina que actuar contra el agresor, le daba alas para insultar, amenazar y hostigar a asesoras y personal femenino.<br>Las quejas llegaron incluso hasta el entonces coordinador de la Junta de Coordinaci\u00f3n Pol\u00edtica.<br>Pero no pas\u00f3 nada.<br>Porque era sindicalizado.<br>Como si el ser sindicalizado otorgara una especie de patente de impunidad para pasar por encima del Jucopo, de sus compa\u00f1eras\u2026 y hasta de las leyes.<br>Ocho a\u00f1os despu\u00e9s, el actual presidente de la Junta de Coordinaci\u00f3n Pol\u00edtica, Esteban Bautista Hern\u00e1ndez, fue claro en cuanto se enter\u00f3 de lo que ocurr\u00eda: puso un alto al sujeto y pidi\u00f3 a las quejosas denunciar.<br>Y hay que reconocer tres cosas:<br>La valent\u00eda de las denunciantes.<br>El respaldo del Jucopo.<br>Y el actuar de la Fiscal\u00eda.<br>Se insiste: Esteban Bautista deja la vara alta en cualquier dependencia.<br>Pero ser\u00eda todav\u00eda m\u00e1s interesante que, en lugar de vara, saque la garrocha institucional y aterrice de una vez por todas el protocolo contra el acoso y hostigamiento sexual y laboral en el Poder Legislativo, un terreno donde el sindicato ha sido, hist\u00f3ricamente, uno de los m\u00e1s reacios a que se cimiente.<br>Es seguro que muchas secretarias y asesoras, si bien ya reconocen el manotazo que se dio para detener las arbitrariedades de este sujeto, esperan algo m\u00e1s que un caso ejemplar\u2026 que Jos\u00e9 Manuel no sea un Detenido\u2026 que sea ya un Precedente\u2026<\/p>\n","protected":false},"excerpt":{"rendered":"<p>Salvador Mu\u00f1ozLos Pol\u00edticos La sorpresa fue por partida doble.Primero, porque despu\u00e9s de largo tiempo, Jos\u00e9 Manuel reaparec\u00eda por las oficinas. Ten\u00eda rato que no lo ve\u00edan y m\u00e1s a\u00fan despu\u00e9s del esc\u00e1ndalo que se hab\u00eda tejido en torno a su persona. No hay certeza de que hubiera acudido a las oficinas del diputado con el [&hellip;]<\/p>\n","protected":false},"author":2,"featured_media":141805,"comment_status":"closed","ping_status":"closed","sticky":false,"template":"","format":"standard","meta":{"tdm_status":"","tdm_grid_status":"","footnotes":""},"categories":[70],"tags":[57108,57107,48639,57110,57106,57109],"class_list":{"0":"post-165887","1":"post","2":"type-post","3":"status-publish","4":"format-standard","5":"has-post-thumbnail","7":"category-de-opinion","8":"tag-acoso-sexual-laboral-sindicato-veracruz","9":"tag-detencion-jose-manuel-congreso-veracruz","10":"tag-esteban-bautista-hernandez-jucopo","11":"tag-impunidad-sindical-servidores-publicos","12":"tag-protocolos-contra-hostigamiento-legislativo","13":"tag-salvador-munoz-columnista-los-politicos"},"yoast_head":"<!-- This site is optimized with the Yoast SEO plugin v27.4 - https:\/\/yoast.com\/product\/yoast-seo-wordpress\/ -->\n<title>EL ACOSADOR Y LA VARA ALTA - Los pol\u00edticos Veracruz<\/title>\n<meta name=\"robots\" content=\"index, follow, max-snippet:-1, max-image-preview:large, max-video-preview:-1\" \/>\n<link rel=\"canonical\" href=\"https:\/\/lospoliticosveracruz.com\/?p=165887\" \/>\n<meta property=\"og:locale\" content=\"es_ES\" \/>\n<meta property=\"og:type\" content=\"article\" \/>\n<meta property=\"og:title\" content=\"EL ACOSADOR Y LA VARA ALTA - Los pol\u00edticos Veracruz\" \/>\n<meta property=\"og:description\" content=\"Salvador Mu\u00f1ozLos Pol\u00edticos La sorpresa fue por partida doble.Primero, porque despu\u00e9s de largo tiempo, Jos\u00e9 Manuel reaparec\u00eda por las oficinas. Ten\u00eda rato que no lo ve\u00edan y m\u00e1s a\u00fan despu\u00e9s del esc\u00e1ndalo que se hab\u00eda tejido en torno a su persona. No hay certeza de que hubiera acudido a las oficinas del diputado con el [&hellip;]\" \/>\n<meta property=\"og:url\" content=\"https:\/\/lospoliticosveracruz.com\/?p=165887\" \/>\n<meta property=\"og:site_name\" content=\"Los pol\u00edticos Veracruz\" \/>\n<meta property=\"article:publisher\" content=\"https:\/\/www.facebook.com\/people\/Notimemes-de-los-Polticos\/61565672886568\/\" \/>\n<meta property=\"article:published_time\" content=\"2026-03-12T03:30:00+00:00\" \/>\n<meta property=\"og:image\" content=\"https:\/\/lospoliticosveracruz.com\/wp-content\/uploads\/2025\/04\/Chava-Munoz-1.jpg\" \/>\n\t<meta property=\"og:image:width\" content=\"1250\" \/>\n\t<meta property=\"og:image:height\" content=\"667\" \/>\n\t<meta property=\"og:image:type\" content=\"image\/jpeg\" \/>\n<meta name=\"author\" content=\"Lo viste en Los Pol\u00edticos\" \/>\n<meta name=\"twitter:card\" content=\"summary_large_image\" \/>\n<meta name=\"twitter:creator\" content=\"@LosPoliticosVer\" \/>\n<meta name=\"twitter:site\" content=\"@LosPoliticosVer\" \/>\n<meta name=\"twitter:label1\" content=\"Escrito por\" \/>\n\t<meta name=\"twitter:data1\" content=\"Lo viste en Los Pol\u00edticos\" \/>\n\t<meta name=\"twitter:label2\" content=\"Tiempo de lectura\" \/>\n\t<meta name=\"twitter:data2\" content=\"3 minutos\" \/>\n<script type=\"application\/ld+json\" class=\"yoast-schema-graph\">{\"@context\":\"https:\\\/\\\/schema.org\",\"@graph\":[{\"@type\":\"Article\",\"@id\":\"https:\\\/\\\/lospoliticosveracruz.com\\\/?p=165887#article\",\"isPartOf\":{\"@id\":\"https:\\\/\\\/lospoliticosveracruz.com\\\/?p=165887\"},\"author\":{\"name\":\"Lo viste en Los Pol\u00edticos\",\"@id\":\"https:\\\/\\\/lospoliticosveracruz.com\\\/#\\\/schema\\\/person\\\/b8702bb0e538456e6efd07080bf2a4a2\"},\"headline\":\"EL ACOSADOR Y LA VARA ALTA\",\"datePublished\":\"2026-03-12T03:30:00+00:00\",\"mainEntityOfPage\":{\"@id\":\"https:\\\/\\\/lospoliticosveracruz.com\\\/?p=165887\"},\"wordCount\":574,\"publisher\":{\"@id\":\"https:\\\/\\\/lospoliticosveracruz.com\\\/#organization\"},\"image\":{\"@id\":\"https:\\\/\\\/lospoliticosveracruz.com\\\/?p=165887#primaryimage\"},\"thumbnailUrl\":\"https:\\\/\\\/lospoliticosveracruz.com\\\/wp-content\\\/uploads\\\/2025\\\/04\\\/Chava-Munoz-1.jpg\",\"keywords\":[\"acoso sexual laboral sindicato Veracruz\",\"detenci\u00f3n Jos\u00e9 Manuel Congreso Veracruz\",\"Esteban Bautista Hern\u00e1ndez Jucopo\",\"impunidad sindical servidores p\u00fablicos\",\"protocolos contra hostigamiento legislativo\",\"Salvador Mu\u00f1oz columnista Los Pol\u00edticos\"],\"articleSection\":[\"De Opini\u00f3n\"],\"inLanguage\":\"es\"},{\"@type\":\"WebPage\",\"@id\":\"https:\\\/\\\/lospoliticosveracruz.com\\\/?p=165887\",\"url\":\"https:\\\/\\\/lospoliticosveracruz.com\\\/?p=165887\",\"name\":\"EL ACOSADOR Y LA VARA ALTA - Los pol\u00edticos Veracruz\",\"isPartOf\":{\"@id\":\"https:\\\/\\\/lospoliticosveracruz.com\\\/#website\"},\"primaryImageOfPage\":{\"@id\":\"https:\\\/\\\/lospoliticosveracruz.com\\\/?p=165887#primaryimage\"},\"image\":{\"@id\":\"https:\\\/\\\/lospoliticosveracruz.com\\\/?p=165887#primaryimage\"},\"thumbnailUrl\":\"https:\\\/\\\/lospoliticosveracruz.com\\\/wp-content\\\/uploads\\\/2025\\\/04\\\/Chava-Munoz-1.jpg\",\"datePublished\":\"2026-03-12T03:30:00+00:00\",\"breadcrumb\":{\"@id\":\"https:\\\/\\\/lospoliticosveracruz.com\\\/?p=165887#breadcrumb\"},\"inLanguage\":\"es\",\"potentialAction\":[{\"@type\":\"ReadAction\",\"target\":[\"https:\\\/\\\/lospoliticosveracruz.com\\\/?p=165887\"]}]},{\"@type\":\"ImageObject\",\"inLanguage\":\"es\",\"@id\":\"https:\\\/\\\/lospoliticosveracruz.com\\\/?p=165887#primaryimage\",\"url\":\"https:\\\/\\\/lospoliticosveracruz.com\\\/wp-content\\\/uploads\\\/2025\\\/04\\\/Chava-Munoz-1.jpg\",\"contentUrl\":\"https:\\\/\\\/lospoliticosveracruz.com\\\/wp-content\\\/uploads\\\/2025\\\/04\\\/Chava-Munoz-1.jpg\",\"width\":1250,\"height\":667},{\"@type\":\"BreadcrumbList\",\"@id\":\"https:\\\/\\\/lospoliticosveracruz.com\\\/?p=165887#breadcrumb\",\"itemListElement\":[{\"@type\":\"ListItem\",\"position\":1,\"name\":\"Portada\",\"item\":\"https:\\\/\\\/lospoliticosveracruz.com\\\/\"},{\"@type\":\"ListItem\",\"position\":2,\"name\":\"EL ACOSADOR Y LA VARA ALTA\"}]},{\"@type\":\"WebSite\",\"@id\":\"https:\\\/\\\/lospoliticosveracruz.com\\\/#website\",\"url\":\"https:\\\/\\\/lospoliticosveracruz.com\\\/\",\"name\":\"Los pol\u00edticos Veracruz\",\"description\":\"\",\"publisher\":{\"@id\":\"https:\\\/\\\/lospoliticosveracruz.com\\\/#organization\"},\"potentialAction\":[{\"@type\":\"SearchAction\",\"target\":{\"@type\":\"EntryPoint\",\"urlTemplate\":\"https:\\\/\\\/lospoliticosveracruz.com\\\/?s={search_term_string}\"},\"query-input\":{\"@type\":\"PropertyValueSpecification\",\"valueRequired\":true,\"valueName\":\"search_term_string\"}}],\"inLanguage\":\"es\"},{\"@type\":\"Organization\",\"@id\":\"https:\\\/\\\/lospoliticosveracruz.com\\\/#organization\",\"name\":\"Los pol\u00edticos Veracruz\",\"url\":\"https:\\\/\\\/lospoliticosveracruz.com\\\/\",\"logo\":{\"@type\":\"ImageObject\",\"inLanguage\":\"es\",\"@id\":\"https:\\\/\\\/lospoliticosveracruz.com\\\/#\\\/schema\\\/logo\\\/image\\\/\",\"url\":\"https:\\\/\\\/lospoliticosveracruz.com\\\/wp-content\\\/uploads\\\/2025\\\/12\\\/Logo-Nuevo-LOS-POLITICOS-1.jpg\",\"contentUrl\":\"https:\\\/\\\/lospoliticosveracruz.com\\\/wp-content\\\/uploads\\\/2025\\\/12\\\/Logo-Nuevo-LOS-POLITICOS-1.jpg\",\"width\":260,\"height\":70,\"caption\":\"Los pol\u00edticos Veracruz\"},\"image\":{\"@id\":\"https:\\\/\\\/lospoliticosveracruz.com\\\/#\\\/schema\\\/logo\\\/image\\\/\"},\"sameAs\":[\"https:\\\/\\\/www.facebook.com\\\/people\\\/Notimemes-de-los-Polticos\\\/61565672886568\\\/\",\"https:\\\/\\\/x.com\\\/LosPoliticosVer\"]},{\"@type\":\"Person\",\"@id\":\"https:\\\/\\\/lospoliticosveracruz.com\\\/#\\\/schema\\\/person\\\/b8702bb0e538456e6efd07080bf2a4a2\",\"name\":\"Lo viste en Los Pol\u00edticos\",\"image\":{\"@type\":\"ImageObject\",\"inLanguage\":\"es\",\"@id\":\"https:\\\/\\\/secure.gravatar.com\\\/avatar\\\/3a8de04a2656d44082be478bd6c086daa447c4651605818287b9532d3d0bd435?s=96&d=mm&r=g\",\"url\":\"https:\\\/\\\/secure.gravatar.com\\\/avatar\\\/3a8de04a2656d44082be478bd6c086daa447c4651605818287b9532d3d0bd435?s=96&d=mm&r=g\",\"contentUrl\":\"https:\\\/\\\/secure.gravatar.com\\\/avatar\\\/3a8de04a2656d44082be478bd6c086daa447c4651605818287b9532d3d0bd435?s=96&d=mm&r=g\",\"caption\":\"Lo viste en Los Pol\u00edticos\"},\"url\":\"https:\\\/\\\/lospoliticosveracruz.com\\\/?author=2\"}]}<\/script>\n<!-- \/ Yoast SEO plugin. -->","yoast_head_json":{"title":"EL ACOSADOR Y LA VARA ALTA - Los pol\u00edticos Veracruz","robots":{"index":"index","follow":"follow","max-snippet":"max-snippet:-1","max-image-preview":"max-image-preview:large","max-video-preview":"max-video-preview:-1"},"canonical":"https:\/\/lospoliticosveracruz.com\/?p=165887","og_locale":"es_ES","og_type":"article","og_title":"EL ACOSADOR Y LA VARA ALTA - Los pol\u00edticos Veracruz","og_description":"Salvador Mu\u00f1ozLos Pol\u00edticos La sorpresa fue por partida doble.Primero, porque despu\u00e9s de largo tiempo, Jos\u00e9 Manuel reaparec\u00eda por las oficinas. Ten\u00eda rato que no lo ve\u00edan y m\u00e1s a\u00fan despu\u00e9s del esc\u00e1ndalo que se hab\u00eda tejido en torno a su persona. No hay certeza de que hubiera acudido a las oficinas del diputado con el [&hellip;]","og_url":"https:\/\/lospoliticosveracruz.com\/?p=165887","og_site_name":"Los pol\u00edticos Veracruz","article_publisher":"https:\/\/www.facebook.com\/people\/Notimemes-de-los-Polticos\/61565672886568\/","article_published_time":"2026-03-12T03:30:00+00:00","og_image":[{"width":1250,"height":667,"url":"https:\/\/lospoliticosveracruz.com\/wp-content\/uploads\/2025\/04\/Chava-Munoz-1.jpg","type":"image\/jpeg"}],"author":"Lo viste en Los Pol\u00edticos","twitter_card":"summary_large_image","twitter_creator":"@LosPoliticosVer","twitter_site":"@LosPoliticosVer","twitter_misc":{"Escrito por":"Lo viste en Los Pol\u00edticos","Tiempo de lectura":"3 minutos"},"schema":{"@context":"https:\/\/schema.org","@graph":[{"@type":"Article","@id":"https:\/\/lospoliticosveracruz.com\/?p=165887#article","isPartOf":{"@id":"https:\/\/lospoliticosveracruz.com\/?p=165887"},"author":{"name":"Lo viste en Los Pol\u00edticos","@id":"https:\/\/lospoliticosveracruz.com\/#\/schema\/person\/b8702bb0e538456e6efd07080bf2a4a2"},"headline":"EL ACOSADOR Y LA VARA ALTA","datePublished":"2026-03-12T03:30:00+00:00","mainEntityOfPage":{"@id":"https:\/\/lospoliticosveracruz.com\/?p=165887"},"wordCount":574,"publisher":{"@id":"https:\/\/lospoliticosveracruz.com\/#organization"},"image":{"@id":"https:\/\/lospoliticosveracruz.com\/?p=165887#primaryimage"},"thumbnailUrl":"https:\/\/lospoliticosveracruz.com\/wp-content\/uploads\/2025\/04\/Chava-Munoz-1.jpg","keywords":["acoso sexual laboral sindicato Veracruz","detenci\u00f3n Jos\u00e9 Manuel Congreso Veracruz","Esteban Bautista Hern\u00e1ndez Jucopo","impunidad sindical servidores p\u00fablicos","protocolos contra hostigamiento legislativo","Salvador Mu\u00f1oz columnista Los Pol\u00edticos"],"articleSection":["De Opini\u00f3n"],"inLanguage":"es"},{"@type":"WebPage","@id":"https:\/\/lospoliticosveracruz.com\/?p=165887","url":"https:\/\/lospoliticosveracruz.com\/?p=165887","name":"EL ACOSADOR Y LA VARA ALTA - Los pol\u00edticos Veracruz","isPartOf":{"@id":"https:\/\/lospoliticosveracruz.com\/#website"},"primaryImageOfPage":{"@id":"https:\/\/lospoliticosveracruz.com\/?p=165887#primaryimage"},"image":{"@id":"https:\/\/lospoliticosveracruz.com\/?p=165887#primaryimage"},"thumbnailUrl":"https:\/\/lospoliticosveracruz.com\/wp-content\/uploads\/2025\/04\/Chava-Munoz-1.jpg","datePublished":"2026-03-12T03:30:00+00:00","breadcrumb":{"@id":"https:\/\/lospoliticosveracruz.com\/?p=165887#breadcrumb"},"inLanguage":"es","potentialAction":[{"@type":"ReadAction","target":["https:\/\/lospoliticosveracruz.com\/?p=165887"]}]},{"@type":"ImageObject","inLanguage":"es","@id":"https:\/\/lospoliticosveracruz.com\/?p=165887#primaryimage","url":"https:\/\/lospoliticosveracruz.com\/wp-content\/uploads\/2025\/04\/Chava-Munoz-1.jpg","contentUrl":"https:\/\/lospoliticosveracruz.com\/wp-content\/uploads\/2025\/04\/Chava-Munoz-1.jpg","width":1250,"height":667},{"@type":"BreadcrumbList","@id":"https:\/\/lospoliticosveracruz.com\/?p=165887#breadcrumb","itemListElement":[{"@type":"ListItem","position":1,"name":"Portada","item":"https:\/\/lospoliticosveracruz.com\/"},{"@type":"ListItem","position":2,"name":"EL ACOSADOR Y LA VARA ALTA"}]},{"@type":"WebSite","@id":"https:\/\/lospoliticosveracruz.com\/#website","url":"https:\/\/lospoliticosveracruz.com\/","name":"Los pol\u00edticos Veracruz","description":"","publisher":{"@id":"https:\/\/lospoliticosveracruz.com\/#organization"},"potentialAction":[{"@type":"SearchAction","target":{"@type":"EntryPoint","urlTemplate":"https:\/\/lospoliticosveracruz.com\/?s={search_term_string}"},"query-input":{"@type":"PropertyValueSpecification","valueRequired":true,"valueName":"search_term_string"}}],"inLanguage":"es"},{"@type":"Organization","@id":"https:\/\/lospoliticosveracruz.com\/#organization","name":"Los pol\u00edticos Veracruz","url":"https:\/\/lospoliticosveracruz.com\/","logo":{"@type":"ImageObject","inLanguage":"es","@id":"https:\/\/lospoliticosveracruz.com\/#\/schema\/logo\/image\/","url":"https:\/\/lospoliticosveracruz.com\/wp-content\/uploads\/2025\/12\/Logo-Nuevo-LOS-POLITICOS-1.jpg","contentUrl":"https:\/\/lospoliticosveracruz.com\/wp-content\/uploads\/2025\/12\/Logo-Nuevo-LOS-POLITICOS-1.jpg","width":260,"height":70,"caption":"Los pol\u00edticos Veracruz"},"image":{"@id":"https:\/\/lospoliticosveracruz.com\/#\/schema\/logo\/image\/"},"sameAs":["https:\/\/www.facebook.com\/people\/Notimemes-de-los-Polticos\/61565672886568\/","https:\/\/x.com\/LosPoliticosVer"]},{"@type":"Person","@id":"https:\/\/lospoliticosveracruz.com\/#\/schema\/person\/b8702bb0e538456e6efd07080bf2a4a2","name":"Lo viste en Los Pol\u00edticos","image":{"@type":"ImageObject","inLanguage":"es","@id":"https:\/\/secure.gravatar.com\/avatar\/3a8de04a2656d44082be478bd6c086daa447c4651605818287b9532d3d0bd435?s=96&d=mm&r=g","url":"https:\/\/secure.gravatar.com\/avatar\/3a8de04a2656d44082be478bd6c086daa447c4651605818287b9532d3d0bd435?s=96&d=mm&r=g","contentUrl":"https:\/\/secure.gravatar.com\/avatar\/3a8de04a2656d44082be478bd6c086daa447c4651605818287b9532d3d0bd435?s=96&d=mm&r=g","caption":"Lo viste en Los Pol\u00edticos"},"url":"https:\/\/lospoliticosveracruz.com\/?author=2"}]}},"_links":{"self":[{"href":"https:\/\/lospoliticosveracruz.com\/index.php?rest_route=\/wp\/v2\/posts\/165887","targetHints":{"allow":["GET"]}}],"collection":[{"href":"https:\/\/lospoliticosveracruz.com\/index.php?rest_route=\/wp\/v2\/posts"}],"about":[{"href":"https:\/\/lospoliticosveracruz.com\/index.php?rest_route=\/wp\/v2\/types\/post"}],"author":[{"embeddable":true,"href":"https:\/\/lospoliticosveracruz.com\/index.php?rest_route=\/wp\/v2\/users\/2"}],"replies":[{"embeddable":true,"href":"https:\/\/lospoliticosveracruz.com\/index.php?rest_route=%2Fwp%2Fv2%2Fcomments&post=165887"}],"version-history":[{"count":1,"href":"https:\/\/lospoliticosveracruz.com\/index.php?rest_route=\/wp\/v2\/posts\/165887\/revisions"}],"predecessor-version":[{"id":165888,"href":"https:\/\/lospoliticosveracruz.com\/index.php?rest_route=\/wp\/v2\/posts\/165887\/revisions\/165888"}],"wp:featuredmedia":[{"embeddable":true,"href":"https:\/\/lospoliticosveracruz.com\/index.php?rest_route=\/wp\/v2\/media\/141805"}],"wp:attachment":[{"href":"https:\/\/lospoliticosveracruz.com\/index.php?rest_route=%2Fwp%2Fv2%2Fmedia&parent=165887"}],"wp:term":[{"taxonomy":"category","embeddable":true,"href":"https:\/\/lospoliticosveracruz.com\/index.php?rest_route=%2Fwp%2Fv2%2Fcategories&post=165887"},{"taxonomy":"post_tag","embeddable":true,"href":"https:\/\/lospoliticosveracruz.com\/index.php?rest_route=%2Fwp%2Fv2%2Ftags&post=165887"}],"curies":[{"name":"wp","href":"https:\/\/api.w.org\/{rel}","templated":true}]}}