{"id":165891,"date":"2026-03-11T18:10:43","date_gmt":"2026-03-12T00:10:43","guid":{"rendered":"https:\/\/lospoliticosveracruz.com\/?p=165891"},"modified":"2026-03-11T21:22:23","modified_gmt":"2026-03-12T03:22:23","slug":"chiquifake-en-paris","status":"publish","type":"post","link":"https:\/\/lospoliticosveracruz.com\/?p=165891","title":{"rendered":"CHIQUIFAKE EN PAR\u00cdS!"},"content":{"rendered":"\n<p><strong>Rub\u00e9n Morales Aburto<\/strong><\/p>\n\n\n\n<p><em>El Poder y La Pasi\u00f3n&nbsp;<\/em><\/p>\n\n\n\n<p>Zuuuuucuuuuuu<\/p>\n\n\n\n<p>Ya se supo que el joven senador veracruzano Miguel \u00c1ngel Yunes M\u00e1rquez,&nbsp;&nbsp;solicit\u00f3 licencia por una semana, para separarse de sus funciones en el Senado de la Rep\u00fablica, por motivos personales y pol\u00edticos, en consecuencia su suplente su pap\u00e1, el exgobernador&nbsp;&nbsp;Miguel \u00c1ngel Yunes Linares, es quien ya asumi\u00f3 el cargo de manera provisional, que tal?.<\/p>\n\n\n\n<p>Aaaaa jiiiijooooos?<\/p>\n\n\n\n<p>Que la senadora panista Laura Esquivel, movi\u00f3 una foto del Senador Miguel \u00c1ngel Yunes M\u00e1rquez, present\u00e1ndose como senador en un evento internacional en Par\u00eds, pese a que actualmente se encuentra con licencia y su esca\u00f1o es ocupado por su padre, Miguel \u00c1ngel Yunes Linares.<\/p>\n\n\n\n<p>Paaaaaaaaaaa???<\/p>\n\n\n\n<p>Y la legisladora exhibi\u00f3 la imagen en la que \u201cChiquiyunes\u201d aparece acreditado como representante del Senado mexicano, lo que gener\u00f3 cuestionamientos sobre la legalidad de su participaci\u00f3n.<\/p>\n\n\n\n<p>El se\u00f1alamiento central es que, al haber solicitado licencia, no puede ostentarse como senador en funciones ni representar oficialmente a la C\u00e1mara Alta.<\/p>\n\n\n\n<p>Hugo, Paco y Luis los tres tucanes<\/p>\n\n\n\n<p>Pues luego de sondear las cosas entre: Javier Herrera, Edgar (Gary) Herrera y Marcelo Ruiz, todo esta mas que bien, siguen operando los tres rumbo a Tamiahua, Ver., y esa elecci\u00f3n que les tumbaron. Todo normal e inmejorable, entre los tres tucanes verdes.&nbsp;&nbsp;<\/p>\n\n\n\n<p>Una encalada&nbsp;<\/p>\n\n\n\n<p>Despu\u00e9s de la marcha del 8 de Marzo en conmemoraci\u00f3n del D\u00eda Internacional de la Mujer en la ciudad de Xalapa, ya pintaron los rayones que hicieron en palacio de gobierno y viaducto.&nbsp;<\/p>\n\n\n\n<p>La mancha voraz&nbsp;<\/p>\n\n\n\n<p>Esta llegando de Tatahuicapan, Veracruz., hasta Alvarado, Veracruz., la mancha de chapopote, peg\u00e1ndole a la zona conurbada hasta el r\u00edo en Nautla, Ver., le estar\u00e1 llegando la mancha de crudo contra pescadores, sus lanchas, motores y redes de trabajo. Y la SEDARPA?.&nbsp;<\/p>\n\n\n\n<p>Terrible realidad a costas veracruzanas&nbsp;<\/p>\n\n\n\n<p>Los pescadores del litoral aseguran que el chapopote afectar\u00e1 al Ostion, camar\u00f3n en los esteros y que eso acabar\u00eda con ellos, todo por la terrible mancha voraz.&nbsp;<\/p>\n\n\n\n<p>Mmmmmmmm<\/p>\n\n\n\n<p>Pescadores piden encontrar al responsable del tema ya que PEMEX, dice que ellos no son los causantes, ni con responsabilidad alguna.&nbsp;&nbsp;Ajaaaaa.<\/p>\n\n\n\n<p>El Seminario de Periodismo Comunitario sigue<\/p>\n\n\n\n<p>Ya es la segunda sesi\u00f3n de los mi\u00e9rcoles en qu\u00e9 se realiza la capacitaci\u00f3n v\u00eda Zoom, auspiciado con el aval curricular por la Universidad CLAES, de Elias Galicia Montero, en coordinaci\u00f3n con el Consejo Consultivo Ind\u00edgena de Rosita Martinez Facundo y el Colectivo Xalaperiodismo que coordina un servidor.&nbsp;&nbsp;<\/p>\n\n\n\n<p>Esto est\u00e1 muy bien&nbsp;<\/p>\n\n\n\n<p>Saber que la CEAPP est\u00e1 realizando una jornada itinerante para fortalecer una pol\u00edtica p\u00fablica m\u00e1s eficaz para la protecci\u00f3n de periodistas, la Comisi\u00f3n Estatal para la Atenci\u00f3n y Protecci\u00f3n de los Periodistas (CEAPP), se sabe que recorrer\u00e1 las regiones de Coatzacoalcos, Ver., Acayucan, Ver., C\u00f3rdoba, Ver., Orizaba, Ver., Poza Rica Ver., y Tuxpan, Ver.&nbsp;&nbsp;<\/p>\n\n\n\n<p>Traaaaakaaaaa<\/p>\n\n\n\n<p>Dirigentes del Partido del Trabajo (PT) en Veracruz ofrecieron una conferencia de prensa para explicar los acontecimientos registrados durante su Congreso Estatal Extraordinario, donde surgieron inconformidades de militantes y autoridades municipales respecto a la integraci\u00f3n de una planilla de unidad para renovar la dirigencia estatal.<\/p>\n\n\n\n<p>Peligroso nombramiento en ASF<\/p>\n\n\n\n<p>Saber qu\u00e9 lleg\u00f3 el hijo de un ex funcionario de Sheibaun cuanto fue jefa de gobierno en antiguo DF. Ser\u00e1 que siga la cuarta transformaci\u00f3n, es pregunta.&nbsp;<\/p>\n\n\n\n<p>Esa no porque me\u2026<\/p>\n\n\n\n<p>Qu\u00e9 Pablo G\u00f3mez admiti\u00f3 que los recortes al INE vendr\u00e1n en la legislaci\u00f3n secundaria, confirmando los peores temores. La reducci\u00f3n de su presupuesto acabar\u00eda con buena parte del servicio profesional electoral, que no???<\/p>\n\n\n\n<p>Yuuuuujuuuuuuu<\/p>\n\n\n\n<p>Este mi\u00e9rcoles y primera vez en la historia de M\u00e9xico, muchos diputados no se dejaron mandar por el poder ejecutivo, y siempre se debe separar con autonom\u00eda ejecutivo, Legislativo y Judicial. Excelente.&nbsp;<\/p>\n\n\n\n<p>As\u00ed qued\u00f3 hoy la votaci\u00f3n de la presunta reforma electoral&nbsp;<\/p>\n\n\n\n<p>Con 259 votos a favor, 234 en contra y una abstenci\u00f3n, la C\u00e1mara de Diputados Federal, rechaz\u00f3 la reforma electoral propuesta por la presidenta de M\u00e9xico, no alcanz\u00f3 la mayor\u00eda calificada, pues afecta intereses pol\u00edtico partidistas. Al punto de desaparecer partidos.&nbsp;<\/p>\n\n\n\n<p>Es la traici\u00f3n o estrategia maestra?<\/p>\n\n\n\n<p>Ya que los presuntos \u201caliados de la 4T\u201d est\u00e1n jugando con fuego y el tigre podr\u00eda despertar, ya que PT y PVEM, intentan frenar la reforma electoral para salvar sus car\u00edsimas listas de representaci\u00f3n proporcional, la presidenta Claudia Sheinbaum confirma que la mayor\u00eda del pa\u00eds respalda los cambios.<\/p>\n\n\n\n<p>Solo recordarles que\u2026<\/p>\n\n\n\n<p>&nbsp;No necesitan una reforma constitucional para quitarles el control de las listas a las c\u00fapulas partidistas; una ley secundaria bastar\u00e1 para darles un golpe seco.&nbsp;<\/p>\n\n\n\n<p>Periodistas Jarochos con espa\u00f1oles&nbsp;<\/p>\n\n\n\n<p>Es que la Federaci\u00f3n Espa\u00f1ola de Periodistas y Escritores de Turismo (FEPET) y la Asociaci\u00f3n de Periodistas del Estado de Veracruz (APEV) acordaron establecer un hermanamiento con el objetivo de impulsar el intercambio acad\u00e9mico y profesional entre comunicadores de M\u00e9xico y Espa\u00f1a. Con estas acciones, la APEV busca fortalecer el desarrollo acad\u00e9mico, la protecci\u00f3n y asistencia social de los comunicadores, adem\u00e1s de promover el intercambio cultural con organizaciones period\u00edsticas de otras regiones.<\/p>\n\n\n\n<p>En Emiliano Zapata, Ver.&nbsp;<\/p>\n\n\n\n<p>Qu\u00e9 en la congregaci\u00f3n de La Estanzuela, Ver., fue sede del \u201cCuarto Foro Ciudadano\u201d, para la integraci\u00f3n del Plan Municipal de Desarrollo 2026-2029, el cual se centr\u00f3 en el eje tem\u00e1tico 4: Bienestar Social, Inclusi\u00f3n, Calidad de Vida y Equidad de G\u00e9nero, con di\u00e1logo abierto y participativo, se gener\u00f3 un valioso intercambio de ideas con el objetivo de integrar las propuestas de la ciudadan\u00eda en la planeaci\u00f3n del futuro de nuestro municipio. Bien por el Presi Daniel Baizabal.&nbsp;&nbsp;<\/p>\n\n\n\n<p>Uchaaaaleeeee<\/p>\n\n\n\n<p>Ahora son los empleados del Tec. de Xalapa, quienes se\u00f1alan y se quejan que le rasuraron parte de su pago quincenal llamado retenci\u00f3n d\u00e9 desempe\u00f1o laboral. Es la 4T.<\/p>\n","protected":false},"excerpt":{"rendered":"<p>Rub\u00e9n Morales Aburto El Poder y La Pasi\u00f3n&nbsp; Zuuuuucuuuuuu Ya se supo que el joven senador veracruzano Miguel \u00c1ngel Yunes M\u00e1rquez,&nbsp;&nbsp;solicit\u00f3 licencia por una semana, para separarse de sus funciones en el Senado de la Rep\u00fablica, por motivos personales y pol\u00edticos, en consecuencia su suplente su pap\u00e1, el exgobernador&nbsp;&nbsp;Miguel \u00c1ngel Yunes Linares, es quien ya [&hellip;]<\/p>\n","protected":false},"author":2,"featured_media":143902,"comment_status":"closed","ping_status":"closed","sticky":false,"template":"","format":"standard","meta":{"tdm_status":"","tdm_grid_status":"","footnotes":""},"categories":[70],"tags":[57141,57140,57137,57138,57139,48985],"class_list":{"0":"post-165891","1":"post","2":"type-post","3":"status-publish","4":"format-standard","5":"has-post-thumbnail","7":"category-de-opinion","8":"tag-ceapp-jornada-itinerante-periodistas","9":"tag-daniel-baizabal-emiliano-zapata-plan-desarrollo","10":"tag-derrame-de-chapopote-veracruz-sur-2026","11":"tag-miguel-angel-yunes-marquez-licencia-paris","12":"tag-reforma-electoral-rechazada-camara-de-diputados","13":"tag-ruben-morales-aburto-el-poder-y-la-pasion"},"yoast_head":"<!-- This site is optimized with the Yoast SEO plugin v27.4 - https:\/\/yoast.com\/product\/yoast-seo-wordpress\/ -->\n<title>CHIQUIFAKE EN PAR\u00cdS! - Los pol\u00edticos Veracruz<\/title>\n<meta name=\"robots\" content=\"index, follow, max-snippet:-1, max-image-preview:large, max-video-preview:-1\" \/>\n<link rel=\"canonical\" href=\"https:\/\/lospoliticosveracruz.com\/?p=165891\" \/>\n<meta property=\"og:locale\" content=\"es_ES\" \/>\n<meta property=\"og:type\" content=\"article\" \/>\n<meta property=\"og:title\" content=\"CHIQUIFAKE EN PAR\u00cdS! - Los pol\u00edticos Veracruz\" \/>\n<meta property=\"og:description\" content=\"Rub\u00e9n Morales Aburto El Poder y La Pasi\u00f3n&nbsp; Zuuuuucuuuuuu Ya se supo que el joven senador veracruzano Miguel \u00c1ngel Yunes M\u00e1rquez,&nbsp;&nbsp;solicit\u00f3 licencia por una semana, para separarse de sus funciones en el Senado de la Rep\u00fablica, por motivos personales y pol\u00edticos, en consecuencia su suplente su pap\u00e1, el exgobernador&nbsp;&nbsp;Miguel \u00c1ngel Yunes Linares, es quien ya [&hellip;]\" \/>\n<meta property=\"og:url\" content=\"https:\/\/lospoliticosveracruz.com\/?p=165891\" \/>\n<meta property=\"og:site_name\" content=\"Los pol\u00edticos Veracruz\" \/>\n<meta property=\"article:publisher\" content=\"https:\/\/www.facebook.com\/people\/Notimemes-de-los-Polticos\/61565672886568\/\" \/>\n<meta property=\"article:published_time\" content=\"2026-03-12T00:10:43+00:00\" \/>\n<meta property=\"article:modified_time\" content=\"2026-03-12T03:22:23+00:00\" \/>\n<meta property=\"og:image\" content=\"https:\/\/lospoliticosveracruz.com\/wp-content\/uploads\/2025\/05\/Ruben-Morales-Aburto.jpg\" \/>\n\t<meta property=\"og:image:width\" content=\"1000\" \/>\n\t<meta property=\"og:image:height\" content=\"533\" \/>\n\t<meta property=\"og:image:type\" content=\"image\/jpeg\" \/>\n<meta name=\"author\" content=\"Lo viste en Los Pol\u00edticos\" \/>\n<meta name=\"twitter:card\" content=\"summary_large_image\" \/>\n<meta name=\"twitter:creator\" content=\"@LosPoliticosVer\" \/>\n<meta name=\"twitter:site\" content=\"@LosPoliticosVer\" \/>\n<meta name=\"twitter:label1\" content=\"Escrito por\" \/>\n\t<meta name=\"twitter:data1\" content=\"Lo viste en Los Pol\u00edticos\" \/>\n\t<meta name=\"twitter:label2\" content=\"Tiempo de lectura\" \/>\n\t<meta name=\"twitter:data2\" content=\"5 minutos\" \/>\n<script type=\"application\/ld+json\" class=\"yoast-schema-graph\">{\"@context\":\"https:\\\/\\\/schema.org\",\"@graph\":[{\"@type\":\"Article\",\"@id\":\"https:\\\/\\\/lospoliticosveracruz.com\\\/?p=165891#article\",\"isPartOf\":{\"@id\":\"https:\\\/\\\/lospoliticosveracruz.com\\\/?p=165891\"},\"author\":{\"name\":\"Lo viste en Los Pol\u00edticos\",\"@id\":\"https:\\\/\\\/lospoliticosveracruz.com\\\/#\\\/schema\\\/person\\\/b8702bb0e538456e6efd07080bf2a4a2\"},\"headline\":\"CHIQUIFAKE EN PAR\u00cdS!\",\"datePublished\":\"2026-03-12T00:10:43+00:00\",\"dateModified\":\"2026-03-12T03:22:23+00:00\",\"mainEntityOfPage\":{\"@id\":\"https:\\\/\\\/lospoliticosveracruz.com\\\/?p=165891\"},\"wordCount\":1037,\"publisher\":{\"@id\":\"https:\\\/\\\/lospoliticosveracruz.com\\\/#organization\"},\"image\":{\"@id\":\"https:\\\/\\\/lospoliticosveracruz.com\\\/?p=165891#primaryimage\"},\"thumbnailUrl\":\"https:\\\/\\\/lospoliticosveracruz.com\\\/wp-content\\\/uploads\\\/2025\\\/05\\\/Ruben-Morales-Aburto.jpg\",\"keywords\":[\"CEAPP jornada itinerante periodistas\",\"Daniel Baizabal Emiliano Zapata Plan Desarrollo\",\"derrame de chapopote Veracruz sur 2026\",\"Miguel \u00c1ngel Yunes M\u00e1rquez licencia Par\u00eds\",\"reforma electoral rechazada C\u00e1mara de Diputados\",\"Rub\u00e9n Morales Aburto El Poder y La Pasi\u00f3n\"],\"articleSection\":[\"De Opini\u00f3n\"],\"inLanguage\":\"es\"},{\"@type\":\"WebPage\",\"@id\":\"https:\\\/\\\/lospoliticosveracruz.com\\\/?p=165891\",\"url\":\"https:\\\/\\\/lospoliticosveracruz.com\\\/?p=165891\",\"name\":\"CHIQUIFAKE EN PAR\u00cdS! - Los pol\u00edticos Veracruz\",\"isPartOf\":{\"@id\":\"https:\\\/\\\/lospoliticosveracruz.com\\\/#website\"},\"primaryImageOfPage\":{\"@id\":\"https:\\\/\\\/lospoliticosveracruz.com\\\/?p=165891#primaryimage\"},\"image\":{\"@id\":\"https:\\\/\\\/lospoliticosveracruz.com\\\/?p=165891#primaryimage\"},\"thumbnailUrl\":\"https:\\\/\\\/lospoliticosveracruz.com\\\/wp-content\\\/uploads\\\/2025\\\/05\\\/Ruben-Morales-Aburto.jpg\",\"datePublished\":\"2026-03-12T00:10:43+00:00\",\"dateModified\":\"2026-03-12T03:22:23+00:00\",\"breadcrumb\":{\"@id\":\"https:\\\/\\\/lospoliticosveracruz.com\\\/?p=165891#breadcrumb\"},\"inLanguage\":\"es\",\"potentialAction\":[{\"@type\":\"ReadAction\",\"target\":[\"https:\\\/\\\/lospoliticosveracruz.com\\\/?p=165891\"]}]},{\"@type\":\"ImageObject\",\"inLanguage\":\"es\",\"@id\":\"https:\\\/\\\/lospoliticosveracruz.com\\\/?p=165891#primaryimage\",\"url\":\"https:\\\/\\\/lospoliticosveracruz.com\\\/wp-content\\\/uploads\\\/2025\\\/05\\\/Ruben-Morales-Aburto.jpg\",\"contentUrl\":\"https:\\\/\\\/lospoliticosveracruz.com\\\/wp-content\\\/uploads\\\/2025\\\/05\\\/Ruben-Morales-Aburto.jpg\",\"width\":1000,\"height\":533},{\"@type\":\"BreadcrumbList\",\"@id\":\"https:\\\/\\\/lospoliticosveracruz.com\\\/?p=165891#breadcrumb\",\"itemListElement\":[{\"@type\":\"ListItem\",\"position\":1,\"name\":\"Portada\",\"item\":\"https:\\\/\\\/lospoliticosveracruz.com\\\/\"},{\"@type\":\"ListItem\",\"position\":2,\"name\":\"CHIQUIFAKE EN PAR\u00cdS!\"}]},{\"@type\":\"WebSite\",\"@id\":\"https:\\\/\\\/lospoliticosveracruz.com\\\/#website\",\"url\":\"https:\\\/\\\/lospoliticosveracruz.com\\\/\",\"name\":\"Los pol\u00edticos Veracruz\",\"description\":\"\",\"publisher\":{\"@id\":\"https:\\\/\\\/lospoliticosveracruz.com\\\/#organization\"},\"potentialAction\":[{\"@type\":\"SearchAction\",\"target\":{\"@type\":\"EntryPoint\",\"urlTemplate\":\"https:\\\/\\\/lospoliticosveracruz.com\\\/?s={search_term_string}\"},\"query-input\":{\"@type\":\"PropertyValueSpecification\",\"valueRequired\":true,\"valueName\":\"search_term_string\"}}],\"inLanguage\":\"es\"},{\"@type\":\"Organization\",\"@id\":\"https:\\\/\\\/lospoliticosveracruz.com\\\/#organization\",\"name\":\"Los pol\u00edticos Veracruz\",\"url\":\"https:\\\/\\\/lospoliticosveracruz.com\\\/\",\"logo\":{\"@type\":\"ImageObject\",\"inLanguage\":\"es\",\"@id\":\"https:\\\/\\\/lospoliticosveracruz.com\\\/#\\\/schema\\\/logo\\\/image\\\/\",\"url\":\"https:\\\/\\\/lospoliticosveracruz.com\\\/wp-content\\\/uploads\\\/2025\\\/12\\\/Logo-Nuevo-LOS-POLITICOS-1.jpg\",\"contentUrl\":\"https:\\\/\\\/lospoliticosveracruz.com\\\/wp-content\\\/uploads\\\/2025\\\/12\\\/Logo-Nuevo-LOS-POLITICOS-1.jpg\",\"width\":260,\"height\":70,\"caption\":\"Los pol\u00edticos Veracruz\"},\"image\":{\"@id\":\"https:\\\/\\\/lospoliticosveracruz.com\\\/#\\\/schema\\\/logo\\\/image\\\/\"},\"sameAs\":[\"https:\\\/\\\/www.facebook.com\\\/people\\\/Notimemes-de-los-Polticos\\\/61565672886568\\\/\",\"https:\\\/\\\/x.com\\\/LosPoliticosVer\"]},{\"@type\":\"Person\",\"@id\":\"https:\\\/\\\/lospoliticosveracruz.com\\\/#\\\/schema\\\/person\\\/b8702bb0e538456e6efd07080bf2a4a2\",\"name\":\"Lo viste en Los Pol\u00edticos\",\"image\":{\"@type\":\"ImageObject\",\"inLanguage\":\"es\",\"@id\":\"https:\\\/\\\/secure.gravatar.com\\\/avatar\\\/3a8de04a2656d44082be478bd6c086daa447c4651605818287b9532d3d0bd435?s=96&d=mm&r=g\",\"url\":\"https:\\\/\\\/secure.gravatar.com\\\/avatar\\\/3a8de04a2656d44082be478bd6c086daa447c4651605818287b9532d3d0bd435?s=96&d=mm&r=g\",\"contentUrl\":\"https:\\\/\\\/secure.gravatar.com\\\/avatar\\\/3a8de04a2656d44082be478bd6c086daa447c4651605818287b9532d3d0bd435?s=96&d=mm&r=g\",\"caption\":\"Lo viste en Los Pol\u00edticos\"},\"url\":\"https:\\\/\\\/lospoliticosveracruz.com\\\/?author=2\"}]}<\/script>\n<!-- \/ Yoast SEO plugin. -->","yoast_head_json":{"title":"CHIQUIFAKE EN PAR\u00cdS! - Los pol\u00edticos Veracruz","robots":{"index":"index","follow":"follow","max-snippet":"max-snippet:-1","max-image-preview":"max-image-preview:large","max-video-preview":"max-video-preview:-1"},"canonical":"https:\/\/lospoliticosveracruz.com\/?p=165891","og_locale":"es_ES","og_type":"article","og_title":"CHIQUIFAKE EN PAR\u00cdS! - Los pol\u00edticos Veracruz","og_description":"Rub\u00e9n Morales Aburto El Poder y La Pasi\u00f3n&nbsp; Zuuuuucuuuuuu Ya se supo que el joven senador veracruzano Miguel \u00c1ngel Yunes M\u00e1rquez,&nbsp;&nbsp;solicit\u00f3 licencia por una semana, para separarse de sus funciones en el Senado de la Rep\u00fablica, por motivos personales y pol\u00edticos, en consecuencia su suplente su pap\u00e1, el exgobernador&nbsp;&nbsp;Miguel \u00c1ngel Yunes Linares, es quien ya [&hellip;]","og_url":"https:\/\/lospoliticosveracruz.com\/?p=165891","og_site_name":"Los pol\u00edticos Veracruz","article_publisher":"https:\/\/www.facebook.com\/people\/Notimemes-de-los-Polticos\/61565672886568\/","article_published_time":"2026-03-12T00:10:43+00:00","article_modified_time":"2026-03-12T03:22:23+00:00","og_image":[{"width":1000,"height":533,"url":"https:\/\/lospoliticosveracruz.com\/wp-content\/uploads\/2025\/05\/Ruben-Morales-Aburto.jpg","type":"image\/jpeg"}],"author":"Lo viste en Los Pol\u00edticos","twitter_card":"summary_large_image","twitter_creator":"@LosPoliticosVer","twitter_site":"@LosPoliticosVer","twitter_misc":{"Escrito por":"Lo viste en Los Pol\u00edticos","Tiempo de lectura":"5 minutos"},"schema":{"@context":"https:\/\/schema.org","@graph":[{"@type":"Article","@id":"https:\/\/lospoliticosveracruz.com\/?p=165891#article","isPartOf":{"@id":"https:\/\/lospoliticosveracruz.com\/?p=165891"},"author":{"name":"Lo viste en Los Pol\u00edticos","@id":"https:\/\/lospoliticosveracruz.com\/#\/schema\/person\/b8702bb0e538456e6efd07080bf2a4a2"},"headline":"CHIQUIFAKE EN PAR\u00cdS!","datePublished":"2026-03-12T00:10:43+00:00","dateModified":"2026-03-12T03:22:23+00:00","mainEntityOfPage":{"@id":"https:\/\/lospoliticosveracruz.com\/?p=165891"},"wordCount":1037,"publisher":{"@id":"https:\/\/lospoliticosveracruz.com\/#organization"},"image":{"@id":"https:\/\/lospoliticosveracruz.com\/?p=165891#primaryimage"},"thumbnailUrl":"https:\/\/lospoliticosveracruz.com\/wp-content\/uploads\/2025\/05\/Ruben-Morales-Aburto.jpg","keywords":["CEAPP jornada itinerante periodistas","Daniel Baizabal Emiliano Zapata Plan Desarrollo","derrame de chapopote Veracruz sur 2026","Miguel \u00c1ngel Yunes M\u00e1rquez licencia Par\u00eds","reforma electoral rechazada C\u00e1mara de Diputados","Rub\u00e9n Morales Aburto El Poder y La Pasi\u00f3n"],"articleSection":["De Opini\u00f3n"],"inLanguage":"es"},{"@type":"WebPage","@id":"https:\/\/lospoliticosveracruz.com\/?p=165891","url":"https:\/\/lospoliticosveracruz.com\/?p=165891","name":"CHIQUIFAKE EN PAR\u00cdS! - Los pol\u00edticos Veracruz","isPartOf":{"@id":"https:\/\/lospoliticosveracruz.com\/#website"},"primaryImageOfPage":{"@id":"https:\/\/lospoliticosveracruz.com\/?p=165891#primaryimage"},"image":{"@id":"https:\/\/lospoliticosveracruz.com\/?p=165891#primaryimage"},"thumbnailUrl":"https:\/\/lospoliticosveracruz.com\/wp-content\/uploads\/2025\/05\/Ruben-Morales-Aburto.jpg","datePublished":"2026-03-12T00:10:43+00:00","dateModified":"2026-03-12T03:22:23+00:00","breadcrumb":{"@id":"https:\/\/lospoliticosveracruz.com\/?p=165891#breadcrumb"},"inLanguage":"es","potentialAction":[{"@type":"ReadAction","target":["https:\/\/lospoliticosveracruz.com\/?p=165891"]}]},{"@type":"ImageObject","inLanguage":"es","@id":"https:\/\/lospoliticosveracruz.com\/?p=165891#primaryimage","url":"https:\/\/lospoliticosveracruz.com\/wp-content\/uploads\/2025\/05\/Ruben-Morales-Aburto.jpg","contentUrl":"https:\/\/lospoliticosveracruz.com\/wp-content\/uploads\/2025\/05\/Ruben-Morales-Aburto.jpg","width":1000,"height":533},{"@type":"BreadcrumbList","@id":"https:\/\/lospoliticosveracruz.com\/?p=165891#breadcrumb","itemListElement":[{"@type":"ListItem","position":1,"name":"Portada","item":"https:\/\/lospoliticosveracruz.com\/"},{"@type":"ListItem","position":2,"name":"CHIQUIFAKE EN PAR\u00cdS!"}]},{"@type":"WebSite","@id":"https:\/\/lospoliticosveracruz.com\/#website","url":"https:\/\/lospoliticosveracruz.com\/","name":"Los pol\u00edticos Veracruz","description":"","publisher":{"@id":"https:\/\/lospoliticosveracruz.com\/#organization"},"potentialAction":[{"@type":"SearchAction","target":{"@type":"EntryPoint","urlTemplate":"https:\/\/lospoliticosveracruz.com\/?s={search_term_string}"},"query-input":{"@type":"PropertyValueSpecification","valueRequired":true,"valueName":"search_term_string"}}],"inLanguage":"es"},{"@type":"Organization","@id":"https:\/\/lospoliticosveracruz.com\/#organization","name":"Los pol\u00edticos Veracruz","url":"https:\/\/lospoliticosveracruz.com\/","logo":{"@type":"ImageObject","inLanguage":"es","@id":"https:\/\/lospoliticosveracruz.com\/#\/schema\/logo\/image\/","url":"https:\/\/lospoliticosveracruz.com\/wp-content\/uploads\/2025\/12\/Logo-Nuevo-LOS-POLITICOS-1.jpg","contentUrl":"https:\/\/lospoliticosveracruz.com\/wp-content\/uploads\/2025\/12\/Logo-Nuevo-LOS-POLITICOS-1.jpg","width":260,"height":70,"caption":"Los pol\u00edticos Veracruz"},"image":{"@id":"https:\/\/lospoliticosveracruz.com\/#\/schema\/logo\/image\/"},"sameAs":["https:\/\/www.facebook.com\/people\/Notimemes-de-los-Polticos\/61565672886568\/","https:\/\/x.com\/LosPoliticosVer"]},{"@type":"Person","@id":"https:\/\/lospoliticosveracruz.com\/#\/schema\/person\/b8702bb0e538456e6efd07080bf2a4a2","name":"Lo viste en Los Pol\u00edticos","image":{"@type":"ImageObject","inLanguage":"es","@id":"https:\/\/secure.gravatar.com\/avatar\/3a8de04a2656d44082be478bd6c086daa447c4651605818287b9532d3d0bd435?s=96&d=mm&r=g","url":"https:\/\/secure.gravatar.com\/avatar\/3a8de04a2656d44082be478bd6c086daa447c4651605818287b9532d3d0bd435?s=96&d=mm&r=g","contentUrl":"https:\/\/secure.gravatar.com\/avatar\/3a8de04a2656d44082be478bd6c086daa447c4651605818287b9532d3d0bd435?s=96&d=mm&r=g","caption":"Lo viste en Los Pol\u00edticos"},"url":"https:\/\/lospoliticosveracruz.com\/?author=2"}]}},"_links":{"self":[{"href":"https:\/\/lospoliticosveracruz.com\/index.php?rest_route=\/wp\/v2\/posts\/165891","targetHints":{"allow":["GET"]}}],"collection":[{"href":"https:\/\/lospoliticosveracruz.com\/index.php?rest_route=\/wp\/v2\/posts"}],"about":[{"href":"https:\/\/lospoliticosveracruz.com\/index.php?rest_route=\/wp\/v2\/types\/post"}],"author":[{"embeddable":true,"href":"https:\/\/lospoliticosveracruz.com\/index.php?rest_route=\/wp\/v2\/users\/2"}],"replies":[{"embeddable":true,"href":"https:\/\/lospoliticosveracruz.com\/index.php?rest_route=%2Fwp%2Fv2%2Fcomments&post=165891"}],"version-history":[{"count":1,"href":"https:\/\/lospoliticosveracruz.com\/index.php?rest_route=\/wp\/v2\/posts\/165891\/revisions"}],"predecessor-version":[{"id":165892,"href":"https:\/\/lospoliticosveracruz.com\/index.php?rest_route=\/wp\/v2\/posts\/165891\/revisions\/165892"}],"wp:featuredmedia":[{"embeddable":true,"href":"https:\/\/lospoliticosveracruz.com\/index.php?rest_route=\/wp\/v2\/media\/143902"}],"wp:attachment":[{"href":"https:\/\/lospoliticosveracruz.com\/index.php?rest_route=%2Fwp%2Fv2%2Fmedia&parent=165891"}],"wp:term":[{"taxonomy":"category","embeddable":true,"href":"https:\/\/lospoliticosveracruz.com\/index.php?rest_route=%2Fwp%2Fv2%2Fcategories&post=165891"},{"taxonomy":"post_tag","embeddable":true,"href":"https:\/\/lospoliticosveracruz.com\/index.php?rest_route=%2Fwp%2Fv2%2Ftags&post=165891"}],"curies":[{"name":"wp","href":"https:\/\/api.w.org\/{rel}","templated":true}]}}