{"id":165893,"date":"2026-03-11T19:29:31","date_gmt":"2026-03-12T01:29:31","guid":{"rendered":"https:\/\/lospoliticosveracruz.com\/?p=165893"},"modified":"2026-03-11T21:18:32","modified_gmt":"2026-03-12T03:18:32","slug":"el-avance-de-la-paridad-irreversible","status":"publish","type":"post","link":"https:\/\/lospoliticosveracruz.com\/?p=165893","title":{"rendered":"\u00a0EL AVANCE DE LA PARIDAD, IRREVERSIBLE"},"content":{"rendered":"\n<p>Desde la Comisi\u00f3n edilicia para la Igualdad de G\u00e9nero del Ayuntamiento de Xalapa integrada por las regidoras M\u00f3nica Mendoza Madrigal como titular y Susan Liliana Morales Segura como integrante, se emiti\u00f3 un claro posicionamiento respecto del proceso de elecci\u00f3n para renovar las titularidades de las agencias municipales correspondientes a las cinco congregaciones que son parte del municipio de Xalapa para el per\u00edodo de 4 a\u00f1os transcurridos entre el 1 de mayo de 2026 hasta el 30 de abril de 2030.<\/p>\n\n\n\n<p>La convocatoria aprobada por el pleno del Cabildo el 23 de febrero y en la que se recogen las observaciones realizadas por la LXVII Legislatura del Congreso del Estado de Veracruz de Ignacio de la Llave se apega a los principios de paridad de g\u00e9nero e igualdad sustantiva, seg\u00fan lo dispuesto en los art\u00edculos 6, 15 fracci\u00f3n I, y 68 de la Constituci\u00f3n Pol\u00edtica del Estado de Veracruz, y el art\u00edculo 19 de la Ley Org\u00e1nica del Municipio Libre.&nbsp;<\/p>\n\n\n\n<p>A trav\u00e9s de esta esta convocatoria, se establecieron los mecanismos para garantizar que la participaci\u00f3n de mujeres y hombres se de de forma equitativa y estuviera asegurada, determinando que el 50% de las candidaturas propietarias fueran para mujeres y el 50% a hombres. Para dar cumplimiento a este procedimiento, la Junta Electoral Municipal ajust\u00f3 el n\u00famero de candidaturas para hombres de acuerdo con el n\u00famero de mujeres registradas en aquellas congregaciones en donde fuera apropiado hacerlo y de acuerdo con el orden de precedencia, se\u00f1alando adem\u00e1s el mecanismo para validar las f\u00f3rmulas y asegurar que fueran consistentes con el principio de paridad.&nbsp;<\/p>\n\n\n\n<p>La convocatoria tambi\u00e9n consider\u00f3 que, si un mayor n\u00famero de mujeres deseaba participar, se permitir\u00eda su registro para asistir y complementar la representaci\u00f3n comunitaria. Estas f\u00f3rmulas igualmente incorporaron ciertas combinaciones, que estaban destinadas a evitar cualquier simulaci\u00f3n de paridad y garantizar la realizaci\u00f3n de este principio.<\/p>\n\n\n\n<p>El documento que fue publicado en la p\u00e1gina oficial del ayuntamiento de Xalapa el 23 de febrero se\u00f1ala con toda claridad los plazos, requisitos y procedimientos para registrar la participaci\u00f2n de cada persona interesada y es responsabilidad de la ciudadan\u00eda leer detenidamente las bases, para preparar toda la documentaci\u00f3n para registrarse al proceso.<\/p>\n\n\n\n<p>De acuerdo a las bases dadas a conocer, este lunes 9 de marzo se public\u00f3 el listado de procedencia e improcedencia de las solicitudes recibidas. A ese respecto se comenta que en total se registraron 25 mujeres y 25 hombres, de los cuales la Junta Electoral Municipal determin\u00f3 que, por congregaci\u00f3n contender en El Castillo 2 f\u00f3rmulas, en Tronconal 4 f\u00f3rmulas, en 6 de Enero 4 f\u00f3rmulas, en Chiltoyac 2 f\u00f3rmulas y en Julio Castro \u2013 mejor conocida como Las Trancas \u2013 4 f\u00f3rmulas.<\/p>\n\n\n\n<p>Hemos conocido la inconformidad de algunos de los hombres que o no pudieron participar o su registro fue se\u00f1alado como improcedente porque no se cumpl\u00eda con los requisitos y el criterio de participaci\u00f3n antes se\u00f1alado. Ante su sentir expresamos nuestro respeto, pero se\u00f1alamos que los procesos democr\u00e1ticos tienen reglas claras y deben realizarse apegados a la ley.&nbsp;<\/p>\n\n\n\n<p>Es una coincidencia que la fecha de inicio del proceso de campa\u00f1a para quienes aspiran a ser Agentes Municipales inicie al d\u00eda siguiente del D\u00eda Internacional de las Mujeres, lo que para nosotras y nosotros en este Ayuntamiento, no es una conmemoraci\u00f3n m\u00e1s en el calendario anual, sino un acto de reivindicaci\u00f3n plena de derechos que respetamos y al que damos cumplimiento.<\/p>\n\n\n\n<p>Desde la Comisi\u00f3n para la Igualdad avalamos el procedimiento que este Ayuntamiento ha seguido para definir la lista de las personas que son candidatas y candidatos a las agencias municipales y abrazamos el respeto por la progresividad en derechos que como autoridad municipal nos corresponde respetar.<\/p>\n\n\n\n<p>El cumplimiento efectivo de la paridad de ning\u00fan modoinhibe la participaci\u00f3n ciudadana de los hombres, sino que busca garantizar la representaci\u00f3n pol\u00edtica de las mujeres, que en el municipio de Xalapa es del 53.6%del total de la poblaci\u00f3n.<\/p>\n\n\n\n<p>Las agencias municipales son autoridades auxiliares en las demarcaciones que pertenecen al municipio de acuerdo con la Ley Org\u00e1nica del Municipio Libre y no est\u00e1n exentas de cumplir con la ley, como lo es el principio constitucional de la paridad.<\/p>\n\n\n\n<p>Es importante se\u00f1alar que el municipio es el \u00e1mbito del poder p\u00fablico en donde la paridad no ha logrado alcanzarse a nivel nacional y es un deber legal y \u00e9tico velar porque el avance pol\u00edtico de las mujeres est\u00e9 garantizado. Al respecto afirmamos que la paridad no desplaza la participaci\u00f3n pol\u00edtica de los hombres ni limita sus derechos pol\u00edticos, sino que busca redistribuir la representaci\u00f3n de manera justa, a pesar de la existencia de pr\u00e1cticas culturales que se resisten a estos procesos de transformaci\u00f3n social.<\/p>\n\n\n\n<p>No es democr\u00e1tico ni justo ni equitativo que se sostengan pr\u00e1cticas patriarcales ancladas en din\u00e1micas culturales que buscan perpetuar roles y pr\u00e1cticas de poder por encima de lo legal.<\/p>\n","protected":false},"excerpt":{"rendered":"<p>Desde la Comisi\u00f3n edilicia para la Igualdad de G\u00e9nero del Ayuntamiento de Xalapa integrada por las regidoras M\u00f3nica Mendoza Madrigal como titular y Susan Liliana Morales Segura como integrante, se emiti\u00f3 un claro posicionamiento respecto del proceso de elecci\u00f3n para renovar las titularidades de las agencias municipales correspondientes a las cinco congregaciones que son parte [&hellip;]<\/p>\n","protected":false},"author":2,"featured_media":165894,"comment_status":"closed","ping_status":"closed","sticky":false,"template":"","format":"standard","meta":{"tdm_status":"","tdm_grid_status":"","footnotes":""},"categories":[73],"tags":[57127,57129,57128,57126,57125],"class_list":{"0":"post-165893","1":"post","2":"type-post","3":"status-publish","4":"format-standard","5":"has-post-thumbnail","7":"category-de-boleto","8":"tag-eleccion-agentes-municipales-2026-2030","9":"tag-igualdad-sustantiva-congregaciones-xalapa","10":"tag-junta-electoral-municipal-xalapa-candidaturas","11":"tag-monica-mendoza-madrigal-regidora-xalapa","12":"tag-paridad-de-genero-agencias-municipales-xalapa"},"yoast_head":"<!-- This site is optimized with the Yoast SEO plugin v27.4 - https:\/\/yoast.com\/product\/yoast-seo-wordpress\/ -->\n<title>\u00a0EL AVANCE DE LA PARIDAD, IRREVERSIBLE - Los pol\u00edticos Veracruz<\/title>\n<meta name=\"robots\" content=\"index, follow, max-snippet:-1, max-image-preview:large, max-video-preview:-1\" \/>\n<link rel=\"canonical\" href=\"https:\/\/lospoliticosveracruz.com\/?p=165893\" \/>\n<meta property=\"og:locale\" content=\"es_ES\" \/>\n<meta property=\"og:type\" content=\"article\" \/>\n<meta property=\"og:title\" content=\"\u00a0EL AVANCE DE LA PARIDAD, IRREVERSIBLE - Los pol\u00edticos Veracruz\" \/>\n<meta property=\"og:description\" content=\"Desde la Comisi\u00f3n edilicia para la Igualdad de G\u00e9nero del Ayuntamiento de Xalapa integrada por las regidoras M\u00f3nica Mendoza Madrigal como titular y Susan Liliana Morales Segura como integrante, se emiti\u00f3 un claro posicionamiento respecto del proceso de elecci\u00f3n para renovar las titularidades de las agencias municipales correspondientes a las cinco congregaciones que son parte [&hellip;]\" \/>\n<meta property=\"og:url\" content=\"https:\/\/lospoliticosveracruz.com\/?p=165893\" \/>\n<meta property=\"og:site_name\" content=\"Los pol\u00edticos Veracruz\" \/>\n<meta property=\"article:publisher\" content=\"https:\/\/www.facebook.com\/people\/Notimemes-de-los-Polticos\/61565672886568\/\" \/>\n<meta property=\"article:published_time\" content=\"2026-03-12T01:29:31+00:00\" \/>\n<meta property=\"article:modified_time\" content=\"2026-03-12T03:18:32+00:00\" \/>\n<meta property=\"og:image\" content=\"https:\/\/lospoliticosveracruz.com\/wp-content\/uploads\/2026\/03\/Monica-.jpg\" \/>\n\t<meta property=\"og:image:width\" content=\"600\" \/>\n\t<meta property=\"og:image:height\" content=\"320\" \/>\n\t<meta property=\"og:image:type\" content=\"image\/jpeg\" \/>\n<meta name=\"author\" content=\"Lo viste en Los Pol\u00edticos\" \/>\n<meta name=\"twitter:card\" content=\"summary_large_image\" \/>\n<meta name=\"twitter:creator\" content=\"@LosPoliticosVer\" \/>\n<meta name=\"twitter:site\" content=\"@LosPoliticosVer\" \/>\n<meta name=\"twitter:label1\" content=\"Escrito por\" \/>\n\t<meta name=\"twitter:data1\" content=\"Lo viste en Los Pol\u00edticos\" \/>\n\t<meta name=\"twitter:label2\" content=\"Tiempo de lectura\" \/>\n\t<meta name=\"twitter:data2\" content=\"4 minutos\" \/>\n<script type=\"application\/ld+json\" class=\"yoast-schema-graph\">{\"@context\":\"https:\\\/\\\/schema.org\",\"@graph\":[{\"@type\":\"Article\",\"@id\":\"https:\\\/\\\/lospoliticosveracruz.com\\\/?p=165893#article\",\"isPartOf\":{\"@id\":\"https:\\\/\\\/lospoliticosveracruz.com\\\/?p=165893\"},\"author\":{\"name\":\"Lo viste en Los Pol\u00edticos\",\"@id\":\"https:\\\/\\\/lospoliticosveracruz.com\\\/#\\\/schema\\\/person\\\/b8702bb0e538456e6efd07080bf2a4a2\"},\"headline\":\"\u00a0EL AVANCE DE LA PARIDAD, IRREVERSIBLE\",\"datePublished\":\"2026-03-12T01:29:31+00:00\",\"dateModified\":\"2026-03-12T03:18:32+00:00\",\"mainEntityOfPage\":{\"@id\":\"https:\\\/\\\/lospoliticosveracruz.com\\\/?p=165893\"},\"wordCount\":858,\"publisher\":{\"@id\":\"https:\\\/\\\/lospoliticosveracruz.com\\\/#organization\"},\"image\":{\"@id\":\"https:\\\/\\\/lospoliticosveracruz.com\\\/?p=165893#primaryimage\"},\"thumbnailUrl\":\"https:\\\/\\\/lospoliticosveracruz.com\\\/wp-content\\\/uploads\\\/2026\\\/03\\\/Monica-.jpg\",\"keywords\":[\"elecci\u00f3n agentes municipales 2026-2030\",\"igualdad sustantiva congregaciones Xalapa\",\"Junta Electoral Municipal Xalapa candidaturas\",\"M\u00f3nica Mendoza Madrigal regidora Xalapa\",\"Paridad de g\u00e9nero agencias municipales Xalapa\"],\"articleSection\":[\"De Boleto\"],\"inLanguage\":\"es\"},{\"@type\":\"WebPage\",\"@id\":\"https:\\\/\\\/lospoliticosveracruz.com\\\/?p=165893\",\"url\":\"https:\\\/\\\/lospoliticosveracruz.com\\\/?p=165893\",\"name\":\"\u00a0EL AVANCE DE LA PARIDAD, IRREVERSIBLE - Los pol\u00edticos Veracruz\",\"isPartOf\":{\"@id\":\"https:\\\/\\\/lospoliticosveracruz.com\\\/#website\"},\"primaryImageOfPage\":{\"@id\":\"https:\\\/\\\/lospoliticosveracruz.com\\\/?p=165893#primaryimage\"},\"image\":{\"@id\":\"https:\\\/\\\/lospoliticosveracruz.com\\\/?p=165893#primaryimage\"},\"thumbnailUrl\":\"https:\\\/\\\/lospoliticosveracruz.com\\\/wp-content\\\/uploads\\\/2026\\\/03\\\/Monica-.jpg\",\"datePublished\":\"2026-03-12T01:29:31+00:00\",\"dateModified\":\"2026-03-12T03:18:32+00:00\",\"breadcrumb\":{\"@id\":\"https:\\\/\\\/lospoliticosveracruz.com\\\/?p=165893#breadcrumb\"},\"inLanguage\":\"es\",\"potentialAction\":[{\"@type\":\"ReadAction\",\"target\":[\"https:\\\/\\\/lospoliticosveracruz.com\\\/?p=165893\"]}]},{\"@type\":\"ImageObject\",\"inLanguage\":\"es\",\"@id\":\"https:\\\/\\\/lospoliticosveracruz.com\\\/?p=165893#primaryimage\",\"url\":\"https:\\\/\\\/lospoliticosveracruz.com\\\/wp-content\\\/uploads\\\/2026\\\/03\\\/Monica-.jpg\",\"contentUrl\":\"https:\\\/\\\/lospoliticosveracruz.com\\\/wp-content\\\/uploads\\\/2026\\\/03\\\/Monica-.jpg\",\"width\":600,\"height\":320},{\"@type\":\"BreadcrumbList\",\"@id\":\"https:\\\/\\\/lospoliticosveracruz.com\\\/?p=165893#breadcrumb\",\"itemListElement\":[{\"@type\":\"ListItem\",\"position\":1,\"name\":\"Portada\",\"item\":\"https:\\\/\\\/lospoliticosveracruz.com\\\/\"},{\"@type\":\"ListItem\",\"position\":2,\"name\":\"\u00a0EL AVANCE DE LA PARIDAD, IRREVERSIBLE\"}]},{\"@type\":\"WebSite\",\"@id\":\"https:\\\/\\\/lospoliticosveracruz.com\\\/#website\",\"url\":\"https:\\\/\\\/lospoliticosveracruz.com\\\/\",\"name\":\"Los pol\u00edticos Veracruz\",\"description\":\"\",\"publisher\":{\"@id\":\"https:\\\/\\\/lospoliticosveracruz.com\\\/#organization\"},\"potentialAction\":[{\"@type\":\"SearchAction\",\"target\":{\"@type\":\"EntryPoint\",\"urlTemplate\":\"https:\\\/\\\/lospoliticosveracruz.com\\\/?s={search_term_string}\"},\"query-input\":{\"@type\":\"PropertyValueSpecification\",\"valueRequired\":true,\"valueName\":\"search_term_string\"}}],\"inLanguage\":\"es\"},{\"@type\":\"Organization\",\"@id\":\"https:\\\/\\\/lospoliticosveracruz.com\\\/#organization\",\"name\":\"Los pol\u00edticos Veracruz\",\"url\":\"https:\\\/\\\/lospoliticosveracruz.com\\\/\",\"logo\":{\"@type\":\"ImageObject\",\"inLanguage\":\"es\",\"@id\":\"https:\\\/\\\/lospoliticosveracruz.com\\\/#\\\/schema\\\/logo\\\/image\\\/\",\"url\":\"https:\\\/\\\/lospoliticosveracruz.com\\\/wp-content\\\/uploads\\\/2025\\\/12\\\/Logo-Nuevo-LOS-POLITICOS-1.jpg\",\"contentUrl\":\"https:\\\/\\\/lospoliticosveracruz.com\\\/wp-content\\\/uploads\\\/2025\\\/12\\\/Logo-Nuevo-LOS-POLITICOS-1.jpg\",\"width\":260,\"height\":70,\"caption\":\"Los pol\u00edticos Veracruz\"},\"image\":{\"@id\":\"https:\\\/\\\/lospoliticosveracruz.com\\\/#\\\/schema\\\/logo\\\/image\\\/\"},\"sameAs\":[\"https:\\\/\\\/www.facebook.com\\\/people\\\/Notimemes-de-los-Polticos\\\/61565672886568\\\/\",\"https:\\\/\\\/x.com\\\/LosPoliticosVer\"]},{\"@type\":\"Person\",\"@id\":\"https:\\\/\\\/lospoliticosveracruz.com\\\/#\\\/schema\\\/person\\\/b8702bb0e538456e6efd07080bf2a4a2\",\"name\":\"Lo viste en Los Pol\u00edticos\",\"image\":{\"@type\":\"ImageObject\",\"inLanguage\":\"es\",\"@id\":\"https:\\\/\\\/secure.gravatar.com\\\/avatar\\\/3a8de04a2656d44082be478bd6c086daa447c4651605818287b9532d3d0bd435?s=96&d=mm&r=g\",\"url\":\"https:\\\/\\\/secure.gravatar.com\\\/avatar\\\/3a8de04a2656d44082be478bd6c086daa447c4651605818287b9532d3d0bd435?s=96&d=mm&r=g\",\"contentUrl\":\"https:\\\/\\\/secure.gravatar.com\\\/avatar\\\/3a8de04a2656d44082be478bd6c086daa447c4651605818287b9532d3d0bd435?s=96&d=mm&r=g\",\"caption\":\"Lo viste en Los Pol\u00edticos\"},\"url\":\"https:\\\/\\\/lospoliticosveracruz.com\\\/?author=2\"}]}<\/script>\n<!-- \/ Yoast SEO plugin. -->","yoast_head_json":{"title":"\u00a0EL AVANCE DE LA PARIDAD, IRREVERSIBLE - Los pol\u00edticos Veracruz","robots":{"index":"index","follow":"follow","max-snippet":"max-snippet:-1","max-image-preview":"max-image-preview:large","max-video-preview":"max-video-preview:-1"},"canonical":"https:\/\/lospoliticosveracruz.com\/?p=165893","og_locale":"es_ES","og_type":"article","og_title":"\u00a0EL AVANCE DE LA PARIDAD, IRREVERSIBLE - Los pol\u00edticos Veracruz","og_description":"Desde la Comisi\u00f3n edilicia para la Igualdad de G\u00e9nero del Ayuntamiento de Xalapa integrada por las regidoras M\u00f3nica Mendoza Madrigal como titular y Susan Liliana Morales Segura como integrante, se emiti\u00f3 un claro posicionamiento respecto del proceso de elecci\u00f3n para renovar las titularidades de las agencias municipales correspondientes a las cinco congregaciones que son parte [&hellip;]","og_url":"https:\/\/lospoliticosveracruz.com\/?p=165893","og_site_name":"Los pol\u00edticos Veracruz","article_publisher":"https:\/\/www.facebook.com\/people\/Notimemes-de-los-Polticos\/61565672886568\/","article_published_time":"2026-03-12T01:29:31+00:00","article_modified_time":"2026-03-12T03:18:32+00:00","og_image":[{"width":600,"height":320,"url":"https:\/\/lospoliticosveracruz.com\/wp-content\/uploads\/2026\/03\/Monica-.jpg","type":"image\/jpeg"}],"author":"Lo viste en Los Pol\u00edticos","twitter_card":"summary_large_image","twitter_creator":"@LosPoliticosVer","twitter_site":"@LosPoliticosVer","twitter_misc":{"Escrito por":"Lo viste en Los Pol\u00edticos","Tiempo de lectura":"4 minutos"},"schema":{"@context":"https:\/\/schema.org","@graph":[{"@type":"Article","@id":"https:\/\/lospoliticosveracruz.com\/?p=165893#article","isPartOf":{"@id":"https:\/\/lospoliticosveracruz.com\/?p=165893"},"author":{"name":"Lo viste en Los Pol\u00edticos","@id":"https:\/\/lospoliticosveracruz.com\/#\/schema\/person\/b8702bb0e538456e6efd07080bf2a4a2"},"headline":"\u00a0EL AVANCE DE LA PARIDAD, IRREVERSIBLE","datePublished":"2026-03-12T01:29:31+00:00","dateModified":"2026-03-12T03:18:32+00:00","mainEntityOfPage":{"@id":"https:\/\/lospoliticosveracruz.com\/?p=165893"},"wordCount":858,"publisher":{"@id":"https:\/\/lospoliticosveracruz.com\/#organization"},"image":{"@id":"https:\/\/lospoliticosveracruz.com\/?p=165893#primaryimage"},"thumbnailUrl":"https:\/\/lospoliticosveracruz.com\/wp-content\/uploads\/2026\/03\/Monica-.jpg","keywords":["elecci\u00f3n agentes municipales 2026-2030","igualdad sustantiva congregaciones Xalapa","Junta Electoral Municipal Xalapa candidaturas","M\u00f3nica Mendoza Madrigal regidora Xalapa","Paridad de g\u00e9nero agencias municipales Xalapa"],"articleSection":["De Boleto"],"inLanguage":"es"},{"@type":"WebPage","@id":"https:\/\/lospoliticosveracruz.com\/?p=165893","url":"https:\/\/lospoliticosveracruz.com\/?p=165893","name":"\u00a0EL AVANCE DE LA PARIDAD, IRREVERSIBLE - Los pol\u00edticos Veracruz","isPartOf":{"@id":"https:\/\/lospoliticosveracruz.com\/#website"},"primaryImageOfPage":{"@id":"https:\/\/lospoliticosveracruz.com\/?p=165893#primaryimage"},"image":{"@id":"https:\/\/lospoliticosveracruz.com\/?p=165893#primaryimage"},"thumbnailUrl":"https:\/\/lospoliticosveracruz.com\/wp-content\/uploads\/2026\/03\/Monica-.jpg","datePublished":"2026-03-12T01:29:31+00:00","dateModified":"2026-03-12T03:18:32+00:00","breadcrumb":{"@id":"https:\/\/lospoliticosveracruz.com\/?p=165893#breadcrumb"},"inLanguage":"es","potentialAction":[{"@type":"ReadAction","target":["https:\/\/lospoliticosveracruz.com\/?p=165893"]}]},{"@type":"ImageObject","inLanguage":"es","@id":"https:\/\/lospoliticosveracruz.com\/?p=165893#primaryimage","url":"https:\/\/lospoliticosveracruz.com\/wp-content\/uploads\/2026\/03\/Monica-.jpg","contentUrl":"https:\/\/lospoliticosveracruz.com\/wp-content\/uploads\/2026\/03\/Monica-.jpg","width":600,"height":320},{"@type":"BreadcrumbList","@id":"https:\/\/lospoliticosveracruz.com\/?p=165893#breadcrumb","itemListElement":[{"@type":"ListItem","position":1,"name":"Portada","item":"https:\/\/lospoliticosveracruz.com\/"},{"@type":"ListItem","position":2,"name":"\u00a0EL AVANCE DE LA PARIDAD, IRREVERSIBLE"}]},{"@type":"WebSite","@id":"https:\/\/lospoliticosveracruz.com\/#website","url":"https:\/\/lospoliticosveracruz.com\/","name":"Los pol\u00edticos Veracruz","description":"","publisher":{"@id":"https:\/\/lospoliticosveracruz.com\/#organization"},"potentialAction":[{"@type":"SearchAction","target":{"@type":"EntryPoint","urlTemplate":"https:\/\/lospoliticosveracruz.com\/?s={search_term_string}"},"query-input":{"@type":"PropertyValueSpecification","valueRequired":true,"valueName":"search_term_string"}}],"inLanguage":"es"},{"@type":"Organization","@id":"https:\/\/lospoliticosveracruz.com\/#organization","name":"Los pol\u00edticos Veracruz","url":"https:\/\/lospoliticosveracruz.com\/","logo":{"@type":"ImageObject","inLanguage":"es","@id":"https:\/\/lospoliticosveracruz.com\/#\/schema\/logo\/image\/","url":"https:\/\/lospoliticosveracruz.com\/wp-content\/uploads\/2025\/12\/Logo-Nuevo-LOS-POLITICOS-1.jpg","contentUrl":"https:\/\/lospoliticosveracruz.com\/wp-content\/uploads\/2025\/12\/Logo-Nuevo-LOS-POLITICOS-1.jpg","width":260,"height":70,"caption":"Los pol\u00edticos Veracruz"},"image":{"@id":"https:\/\/lospoliticosveracruz.com\/#\/schema\/logo\/image\/"},"sameAs":["https:\/\/www.facebook.com\/people\/Notimemes-de-los-Polticos\/61565672886568\/","https:\/\/x.com\/LosPoliticosVer"]},{"@type":"Person","@id":"https:\/\/lospoliticosveracruz.com\/#\/schema\/person\/b8702bb0e538456e6efd07080bf2a4a2","name":"Lo viste en Los Pol\u00edticos","image":{"@type":"ImageObject","inLanguage":"es","@id":"https:\/\/secure.gravatar.com\/avatar\/3a8de04a2656d44082be478bd6c086daa447c4651605818287b9532d3d0bd435?s=96&d=mm&r=g","url":"https:\/\/secure.gravatar.com\/avatar\/3a8de04a2656d44082be478bd6c086daa447c4651605818287b9532d3d0bd435?s=96&d=mm&r=g","contentUrl":"https:\/\/secure.gravatar.com\/avatar\/3a8de04a2656d44082be478bd6c086daa447c4651605818287b9532d3d0bd435?s=96&d=mm&r=g","caption":"Lo viste en Los Pol\u00edticos"},"url":"https:\/\/lospoliticosveracruz.com\/?author=2"}]}},"_links":{"self":[{"href":"https:\/\/lospoliticosveracruz.com\/index.php?rest_route=\/wp\/v2\/posts\/165893","targetHints":{"allow":["GET"]}}],"collection":[{"href":"https:\/\/lospoliticosveracruz.com\/index.php?rest_route=\/wp\/v2\/posts"}],"about":[{"href":"https:\/\/lospoliticosveracruz.com\/index.php?rest_route=\/wp\/v2\/types\/post"}],"author":[{"embeddable":true,"href":"https:\/\/lospoliticosveracruz.com\/index.php?rest_route=\/wp\/v2\/users\/2"}],"replies":[{"embeddable":true,"href":"https:\/\/lospoliticosveracruz.com\/index.php?rest_route=%2Fwp%2Fv2%2Fcomments&post=165893"}],"version-history":[{"count":1,"href":"https:\/\/lospoliticosveracruz.com\/index.php?rest_route=\/wp\/v2\/posts\/165893\/revisions"}],"predecessor-version":[{"id":165895,"href":"https:\/\/lospoliticosveracruz.com\/index.php?rest_route=\/wp\/v2\/posts\/165893\/revisions\/165895"}],"wp:featuredmedia":[{"embeddable":true,"href":"https:\/\/lospoliticosveracruz.com\/index.php?rest_route=\/wp\/v2\/media\/165894"}],"wp:attachment":[{"href":"https:\/\/lospoliticosveracruz.com\/index.php?rest_route=%2Fwp%2Fv2%2Fmedia&parent=165893"}],"wp:term":[{"taxonomy":"category","embeddable":true,"href":"https:\/\/lospoliticosveracruz.com\/index.php?rest_route=%2Fwp%2Fv2%2Fcategories&post=165893"},{"taxonomy":"post_tag","embeddable":true,"href":"https:\/\/lospoliticosveracruz.com\/index.php?rest_route=%2Fwp%2Fv2%2Ftags&post=165893"}],"curies":[{"name":"wp","href":"https:\/\/api.w.org\/{rel}","templated":true}]}}