{"id":165896,"date":"2026-03-11T19:33:11","date_gmt":"2026-03-12T01:33:11","guid":{"rendered":"https:\/\/lospoliticosveracruz.com\/?p=165896"},"modified":"2026-03-11T21:21:08","modified_gmt":"2026-03-12T03:21:08","slug":"ipe-el-informe-i","status":"publish","type":"post","link":"https:\/\/lospoliticosveracruz.com\/?p=165896","title":{"rendered":"IPE, EL INFORME I"},"content":{"rendered":"\n<p><strong>Enrique Yasser Pompeyo&nbsp;<\/strong><\/p>\n\n\n\n<p><em>Mesa de Redacci\u00f3n<\/em><\/p>\n\n\n\n<p>Fundado el 14 de marzo de 1952, el Instituto de Pensiones del Estado de Veracruz (IPE) ha acompa\u00f1ado a generaciones de hombres y mujeres que sirvieron a la entidad con entrega y profesionalismo.&nbsp;<\/p>\n\n\n\n<p>A lo largo de siete d\u00e9cadas, la misi\u00f3n esencial permanece inalterable: garantizar con responsabilidad, certeza y estricto apego a la ley el pago de pensiones, jubilaciones y prestaciones.<\/p>\n\n\n\n<p>Para este Instituto, la Seguridad Social no es un privilegio, sino un derecho humano fundamental.&nbsp;<\/p>\n\n\n\n<p>Bajo esta visi\u00f3n de Estado, el Director General Luis Octavio Hern\u00e1ndez Lara es claro: \u201cconcebimos lo p\u00fablico como un espacio de servicio y asumimos la responsabilidad hist\u00f3rica de proteger a nuestras personas adultas mayores. Esta convicci\u00f3n define una etapa de transformaci\u00f3n institucional donde la dignidad y la justicia social son el eje rector de cada decisi\u00f3n\u201d.<\/p>\n\n\n\n<p>Este compromiso cobra mayor relevancia ante los desaf\u00edos demogr\u00e1ficos y financieros que enfrentan los sistemas de pensiones a nivel global.&nbsp;<\/p>\n\n\n\n<p>Frente a la l\u00f3gica de las cuentas individuales, que prioriza el rendimiento econ\u00f3mico sobre el bienestar humano, en el IPE reivindican el modelo solidario.&nbsp;<\/p>\n\n\n\n<p>\u201cDefender este sistema exige disciplina financiera, planeaci\u00f3n de largo plazo y una gesti\u00f3n p\u00fablica donde la eficiencia administrativa fortalezca el sentido social de la instituci\u00f3n\u201d, subraya.<\/p>\n\n\n\n<p>En este marco, el IPE ha trazado una ruta estrat\u00e9gica que prioriza el uso honesto de los recursos y la modernizaci\u00f3n de procesos.&nbsp;<\/p>\n\n\n\n<p>De igual forma, Octavio Lara se\u00f1ala: \u201csomos conscientes de la necesidad de actualizar y fortalecer el sistema solidario de pensiones en el Estado; por ello, mantendremos estrategias de comunicaci\u00f3n y consenso con la base trabajadora y las organizaciones sindicales, impulsando una ruta responsable para la sostenibilidad del Instituto\u201d.<\/p>\n\n\n\n<p>Esta visi\u00f3n camina en sinton\u00eda con el proyecto de transformaci\u00f3n que encabeza la Gobernadora del Estado, Norma Roc\u00edo Nahle Garc\u00eda, a quien agradecen su s\u00f3lido respaldo y compromiso con la derechohabiencia.&nbsp;<\/p>\n\n\n\n<p>\u201cSu liderazgo reafirma una premisa irrenunciable: el bienestar de las personas adultas mayores es una obligaci\u00f3n \u00e9tica y constitucional del Gobierno de Veracruz, lo cual se refleja en la alineaci\u00f3n de nuestros objetivos con el Programa Veracruzano de Finanzas y Gesti\u00f3n para Resultados de la Secretar\u00eda de Finanzas y Planeaci\u00f3n, espec\u00edficamente con el objetivo cuatro, en el cual se propone `garantizar la capacidad financiera del sistema solidario de pensiones para otorgar Seguridad Social a la derechohabiencia\u00b4. Asimismo, contribuimos al eje rector transversal cinco del Plan Veracruzano de Desarrollo, denominado \u201cun gobierno honesto, transparente y digital\u201d, detalla el Director General.<\/p>\n\n\n\n<p>Reconocen tambi\u00e9n que este camino de integridad fue construido bajo la gesti\u00f3n de Daniela Griego Ceballos, quien no s\u00f3lo elev\u00f3 los est\u00e1ndares de servicio y transparencia institucional, sino que logr\u00f3 un rescate financiero hist\u00f3rico y el fortalecimiento de la Reserva T\u00e9cnica, adem\u00e1s de recuperar activos emblem\u00e1ticos para el Instituto.&nbsp;<\/p>\n\n\n\n<p>\u201cHoy, retomamos esa base firme para seguir construyendo una instituci\u00f3n a la altura de las expectativas ciudadanas, guiados por el compromiso cotidiano de nuestras servidoras y servidores p\u00fablicos y por los principios de no mentir, no robar y no traicionar\u201d, apunta.<\/p>\n\n\n\n<p>La visi\u00f3n institucional del IPE parte de la concepci\u00f3n de que la Seguridad Social es un derecho constitucional que busca garantizar el bienestar individual y colectivo, a trav\u00e9s de servicios sociales y medios de subsistencia dignos.&nbsp;<\/p>\n\n\n\n<p>En ese sentido, el Instituto ha consolidado un sistema de atenci\u00f3n integral para la derechohabiencia que incluye el pago oportuno de las prestaciones institucionales establecidas en la Ley 287 de Pensiones vigente, as\u00ed como un modelo de atenci\u00f3n para el bienestar f\u00edsico, mental y emocional de la poblaci\u00f3n pensionista.<\/p>\n\n\n\n<p>Destacan cuatro ejes estrat\u00e9gicos que responden a una visi\u00f3n sistem\u00e1tica de la Seguridad Social. Este ordenamiento tiene como objetivo trazar una ruta l\u00f3gica que comienza con la solidez financiera como cimiento indispensable, transita por la eficacia operativa en el otorgamiento de las prestaciones y la vanguardia tecnol\u00f3gica de la administraci\u00f3n, para culminar en el bienestar integral de la derechohabiencia.&nbsp;<\/p>\n\n\n\n<p>Con esta metodolog\u00eda, se demuestra que cada cifra alcanzada y cada proceso modernizado no son fines en s\u00ed mismos, sino medios dise\u00f1ados para garantizar la dignidad humana, la cohesi\u00f3n social y la justicia que Veracruz demanda.<\/p>\n\n\n\n<p>En el Eje 1: Gesti\u00f3n Financiera Responsable, se reporta la administraci\u00f3n de los recursos y el comportamiento presupuestal. Destaca el respaldo del Gobierno del Estado con 4,300 millones de pesos a trav\u00e9s del subsidio FAFEF, as\u00ed como el fortalecimiento del Portafolio Inmobiliario, que alcanz\u00f3 un valor de 6,193.04 millones de pesos. Este eje concluye con el estado de la Reserva T\u00e9cnica, la cual se situ\u00f3 en la cifra hist\u00f3rica de 3,211.32 millones de pesos al cierre de 2025.<\/p>\n\n\n\n<p>Dentro del Eje 2: Cumplimiento Integral en el Otorgamiento de las Prestaciones Institucionales, se detalla el cumplimiento de la misi\u00f3n a trav\u00e9s del otorgamiento de pensiones a m\u00e1s de 37 mil familias veracruzanas. Se informa sobre el control riguroso de la vigencia de derechos mediante el Programa de Revista de Supervivencia y se garantiza el Derecho Humano a la salud mediante la cobertura del Seguro de Enfermedad ante el IMSS para 34,521 personas. Este eje cierra con los resultados del Programa de Pr\u00e9stamos, que en 2025 otorg\u00f3 14,867 cr\u00e9ditos.<\/p>\n\n\n\n<p>En el Eje 3: Administraci\u00f3n transparente, eficiente y digital, se describe el avance tecnol\u00f3gico con el asistente virtual \u201cIPEBOT\u201d y la App \u201cIPE M\u00f3vil\u201d. Se reporta la optimizaci\u00f3n de recursos mediante energ\u00edas limpias y la profesionalizaci\u00f3n del personal con perspectiva de g\u00e9nero. El eje concluye con la recuperaci\u00f3n de adeudos de entes y ayuntamientos, que ascendi\u00f3 a 43.47 millones de pesos, y el seguimiento jur\u00eddico estrat\u00e9gico a entes deudores.<\/p>\n\n\n\n<p>Finalmente, en el Eje 4: Compromiso Institucional con el bienestar de la derechohabiencia, se plasma la visi\u00f3n del Humanismo Mexicano que rige la labor del IPE. Se informa sobre el impacto social de la Estancia Garnica, el Centro de Atenci\u00f3n Infantil (CAI) y la consolidaci\u00f3n de la participaci\u00f3n ciudadana. Este eje concluye con los resultados del Foro Cultural Carmela Rey, espacio de identidad donde se proyectaron 192 filmes durante el a\u00f1o.<\/p>\n\n\n\n<p>enriquepompeyo@hotmail.com<\/p>\n","protected":false},"excerpt":{"rendered":"<p>Enrique Yasser Pompeyo&nbsp; Mesa de Redacci\u00f3n Fundado el 14 de marzo de 1952, el Instituto de Pensiones del Estado de Veracruz (IPE) ha acompa\u00f1ado a generaciones de hombres y mujeres que sirvieron a la entidad con entrega y profesionalismo.&nbsp; A lo largo de siete d\u00e9cadas, la misi\u00f3n esencial permanece inalterable: garantizar con responsabilidad, certeza y [&hellip;]<\/p>\n","protected":false},"author":2,"featured_media":141425,"comment_status":"closed","ping_status":"closed","sticky":false,"template":"","format":"standard","meta":{"tdm_status":"","tdm_grid_status":"","footnotes":""},"categories":[70],"tags":[49004,57135,57133,57134,57132,57136],"class_list":{"0":"post-165896","1":"post","2":"type-post","3":"status-publish","4":"format-standard","5":"has-post-thumbnail","7":"category-de-opinion","8":"tag-enrique-yasser-pompeyo-mesa-de-redaccion","9":"tag-ipe-veracruz-aniversario-2026","10":"tag-luis-octavio-hernandez-lara-ipe","11":"tag-pensiones-y-jubilaciones-veracruz","12":"tag-reserva-tecnica-ipe-2026","13":"tag-sostenibilidad-sistema-solidario-pensiones"},"yoast_head":"<!-- This site is optimized with the Yoast SEO plugin v27.4 - https:\/\/yoast.com\/product\/yoast-seo-wordpress\/ -->\n<title>IPE, EL INFORME I - Los pol\u00edticos Veracruz<\/title>\n<meta name=\"robots\" content=\"index, follow, max-snippet:-1, max-image-preview:large, max-video-preview:-1\" \/>\n<link rel=\"canonical\" href=\"https:\/\/lospoliticosveracruz.com\/?p=165896\" \/>\n<meta property=\"og:locale\" content=\"es_ES\" \/>\n<meta property=\"og:type\" content=\"article\" \/>\n<meta property=\"og:title\" content=\"IPE, EL INFORME I - Los pol\u00edticos Veracruz\" \/>\n<meta property=\"og:description\" content=\"Enrique Yasser Pompeyo&nbsp; Mesa de Redacci\u00f3n Fundado el 14 de marzo de 1952, el Instituto de Pensiones del Estado de Veracruz (IPE) ha acompa\u00f1ado a generaciones de hombres y mujeres que sirvieron a la entidad con entrega y profesionalismo.&nbsp; A lo largo de siete d\u00e9cadas, la misi\u00f3n esencial permanece inalterable: garantizar con responsabilidad, certeza y [&hellip;]\" \/>\n<meta property=\"og:url\" content=\"https:\/\/lospoliticosveracruz.com\/?p=165896\" \/>\n<meta property=\"og:site_name\" content=\"Los pol\u00edticos Veracruz\" \/>\n<meta property=\"article:publisher\" content=\"https:\/\/www.facebook.com\/people\/Notimemes-de-los-Polticos\/61565672886568\/\" \/>\n<meta property=\"article:published_time\" content=\"2026-03-12T01:33:11+00:00\" \/>\n<meta property=\"article:modified_time\" content=\"2026-03-12T03:21:08+00:00\" \/>\n<meta property=\"og:image\" content=\"https:\/\/lospoliticosveracruz.com\/wp-content\/uploads\/2025\/04\/Pompeyo.jpg\" \/>\n\t<meta property=\"og:image:width\" content=\"1250\" \/>\n\t<meta property=\"og:image:height\" content=\"667\" \/>\n\t<meta property=\"og:image:type\" content=\"image\/jpeg\" \/>\n<meta name=\"author\" content=\"Lo viste en Los Pol\u00edticos\" \/>\n<meta name=\"twitter:card\" content=\"summary_large_image\" \/>\n<meta name=\"twitter:creator\" content=\"@LosPoliticosVer\" \/>\n<meta name=\"twitter:site\" content=\"@LosPoliticosVer\" \/>\n<meta name=\"twitter:label1\" content=\"Escrito por\" \/>\n\t<meta name=\"twitter:data1\" content=\"Lo viste en Los Pol\u00edticos\" \/>\n\t<meta name=\"twitter:label2\" content=\"Tiempo de lectura\" \/>\n\t<meta name=\"twitter:data2\" content=\"5 minutos\" \/>\n<script type=\"application\/ld+json\" class=\"yoast-schema-graph\">{\"@context\":\"https:\\\/\\\/schema.org\",\"@graph\":[{\"@type\":\"Article\",\"@id\":\"https:\\\/\\\/lospoliticosveracruz.com\\\/?p=165896#article\",\"isPartOf\":{\"@id\":\"https:\\\/\\\/lospoliticosveracruz.com\\\/?p=165896\"},\"author\":{\"name\":\"Lo viste en Los Pol\u00edticos\",\"@id\":\"https:\\\/\\\/lospoliticosveracruz.com\\\/#\\\/schema\\\/person\\\/b8702bb0e538456e6efd07080bf2a4a2\"},\"headline\":\"IPE, EL INFORME I\",\"datePublished\":\"2026-03-12T01:33:11+00:00\",\"dateModified\":\"2026-03-12T03:21:08+00:00\",\"mainEntityOfPage\":{\"@id\":\"https:\\\/\\\/lospoliticosveracruz.com\\\/?p=165896\"},\"wordCount\":1072,\"publisher\":{\"@id\":\"https:\\\/\\\/lospoliticosveracruz.com\\\/#organization\"},\"image\":{\"@id\":\"https:\\\/\\\/lospoliticosveracruz.com\\\/?p=165896#primaryimage\"},\"thumbnailUrl\":\"https:\\\/\\\/lospoliticosveracruz.com\\\/wp-content\\\/uploads\\\/2025\\\/04\\\/Pompeyo-e1776307406459.jpg\",\"keywords\":[\"Enrique Yasser Pompeyo Mesa de Redacci\u00f3n\",\"IPE Veracruz aniversario 2026\",\"Luis Octavio Hern\u00e1ndez Lara IPE\",\"pensiones y jubilaciones Veracruz\",\"Reserva T\u00e9cnica IPE 2026\",\"sostenibilidad sistema solidario pensiones\"],\"articleSection\":[\"De Opini\u00f3n\"],\"inLanguage\":\"es\"},{\"@type\":\"WebPage\",\"@id\":\"https:\\\/\\\/lospoliticosveracruz.com\\\/?p=165896\",\"url\":\"https:\\\/\\\/lospoliticosveracruz.com\\\/?p=165896\",\"name\":\"IPE, EL INFORME I - Los pol\u00edticos Veracruz\",\"isPartOf\":{\"@id\":\"https:\\\/\\\/lospoliticosveracruz.com\\\/#website\"},\"primaryImageOfPage\":{\"@id\":\"https:\\\/\\\/lospoliticosveracruz.com\\\/?p=165896#primaryimage\"},\"image\":{\"@id\":\"https:\\\/\\\/lospoliticosveracruz.com\\\/?p=165896#primaryimage\"},\"thumbnailUrl\":\"https:\\\/\\\/lospoliticosveracruz.com\\\/wp-content\\\/uploads\\\/2025\\\/04\\\/Pompeyo-e1776307406459.jpg\",\"datePublished\":\"2026-03-12T01:33:11+00:00\",\"dateModified\":\"2026-03-12T03:21:08+00:00\",\"breadcrumb\":{\"@id\":\"https:\\\/\\\/lospoliticosveracruz.com\\\/?p=165896#breadcrumb\"},\"inLanguage\":\"es\",\"potentialAction\":[{\"@type\":\"ReadAction\",\"target\":[\"https:\\\/\\\/lospoliticosveracruz.com\\\/?p=165896\"]}]},{\"@type\":\"ImageObject\",\"inLanguage\":\"es\",\"@id\":\"https:\\\/\\\/lospoliticosveracruz.com\\\/?p=165896#primaryimage\",\"url\":\"https:\\\/\\\/lospoliticosveracruz.com\\\/wp-content\\\/uploads\\\/2025\\\/04\\\/Pompeyo-e1776307406459.jpg\",\"contentUrl\":\"https:\\\/\\\/lospoliticosveracruz.com\\\/wp-content\\\/uploads\\\/2025\\\/04\\\/Pompeyo-e1776307406459.jpg\",\"width\":600,\"height\":320},{\"@type\":\"BreadcrumbList\",\"@id\":\"https:\\\/\\\/lospoliticosveracruz.com\\\/?p=165896#breadcrumb\",\"itemListElement\":[{\"@type\":\"ListItem\",\"position\":1,\"name\":\"Portada\",\"item\":\"https:\\\/\\\/lospoliticosveracruz.com\\\/\"},{\"@type\":\"ListItem\",\"position\":2,\"name\":\"IPE, EL INFORME I\"}]},{\"@type\":\"WebSite\",\"@id\":\"https:\\\/\\\/lospoliticosveracruz.com\\\/#website\",\"url\":\"https:\\\/\\\/lospoliticosveracruz.com\\\/\",\"name\":\"Los pol\u00edticos Veracruz\",\"description\":\"\",\"publisher\":{\"@id\":\"https:\\\/\\\/lospoliticosveracruz.com\\\/#organization\"},\"potentialAction\":[{\"@type\":\"SearchAction\",\"target\":{\"@type\":\"EntryPoint\",\"urlTemplate\":\"https:\\\/\\\/lospoliticosveracruz.com\\\/?s={search_term_string}\"},\"query-input\":{\"@type\":\"PropertyValueSpecification\",\"valueRequired\":true,\"valueName\":\"search_term_string\"}}],\"inLanguage\":\"es\"},{\"@type\":\"Organization\",\"@id\":\"https:\\\/\\\/lospoliticosveracruz.com\\\/#organization\",\"name\":\"Los pol\u00edticos Veracruz\",\"url\":\"https:\\\/\\\/lospoliticosveracruz.com\\\/\",\"logo\":{\"@type\":\"ImageObject\",\"inLanguage\":\"es\",\"@id\":\"https:\\\/\\\/lospoliticosveracruz.com\\\/#\\\/schema\\\/logo\\\/image\\\/\",\"url\":\"https:\\\/\\\/lospoliticosveracruz.com\\\/wp-content\\\/uploads\\\/2025\\\/12\\\/Logo-Nuevo-LOS-POLITICOS-1.jpg\",\"contentUrl\":\"https:\\\/\\\/lospoliticosveracruz.com\\\/wp-content\\\/uploads\\\/2025\\\/12\\\/Logo-Nuevo-LOS-POLITICOS-1.jpg\",\"width\":260,\"height\":70,\"caption\":\"Los pol\u00edticos Veracruz\"},\"image\":{\"@id\":\"https:\\\/\\\/lospoliticosveracruz.com\\\/#\\\/schema\\\/logo\\\/image\\\/\"},\"sameAs\":[\"https:\\\/\\\/www.facebook.com\\\/people\\\/Notimemes-de-los-Polticos\\\/61565672886568\\\/\",\"https:\\\/\\\/x.com\\\/LosPoliticosVer\"]},{\"@type\":\"Person\",\"@id\":\"https:\\\/\\\/lospoliticosveracruz.com\\\/#\\\/schema\\\/person\\\/b8702bb0e538456e6efd07080bf2a4a2\",\"name\":\"Lo viste en Los Pol\u00edticos\",\"image\":{\"@type\":\"ImageObject\",\"inLanguage\":\"es\",\"@id\":\"https:\\\/\\\/secure.gravatar.com\\\/avatar\\\/3a8de04a2656d44082be478bd6c086daa447c4651605818287b9532d3d0bd435?s=96&d=mm&r=g\",\"url\":\"https:\\\/\\\/secure.gravatar.com\\\/avatar\\\/3a8de04a2656d44082be478bd6c086daa447c4651605818287b9532d3d0bd435?s=96&d=mm&r=g\",\"contentUrl\":\"https:\\\/\\\/secure.gravatar.com\\\/avatar\\\/3a8de04a2656d44082be478bd6c086daa447c4651605818287b9532d3d0bd435?s=96&d=mm&r=g\",\"caption\":\"Lo viste en Los Pol\u00edticos\"},\"url\":\"https:\\\/\\\/lospoliticosveracruz.com\\\/?author=2\"}]}<\/script>\n<!-- \/ Yoast SEO plugin. -->","yoast_head_json":{"title":"IPE, EL INFORME I - Los pol\u00edticos Veracruz","robots":{"index":"index","follow":"follow","max-snippet":"max-snippet:-1","max-image-preview":"max-image-preview:large","max-video-preview":"max-video-preview:-1"},"canonical":"https:\/\/lospoliticosveracruz.com\/?p=165896","og_locale":"es_ES","og_type":"article","og_title":"IPE, EL INFORME I - Los pol\u00edticos Veracruz","og_description":"Enrique Yasser Pompeyo&nbsp; Mesa de Redacci\u00f3n Fundado el 14 de marzo de 1952, el Instituto de Pensiones del Estado de Veracruz (IPE) ha acompa\u00f1ado a generaciones de hombres y mujeres que sirvieron a la entidad con entrega y profesionalismo.&nbsp; A lo largo de siete d\u00e9cadas, la misi\u00f3n esencial permanece inalterable: garantizar con responsabilidad, certeza y [&hellip;]","og_url":"https:\/\/lospoliticosveracruz.com\/?p=165896","og_site_name":"Los pol\u00edticos Veracruz","article_publisher":"https:\/\/www.facebook.com\/people\/Notimemes-de-los-Polticos\/61565672886568\/","article_published_time":"2026-03-12T01:33:11+00:00","article_modified_time":"2026-03-12T03:21:08+00:00","og_image":[{"width":1250,"height":667,"url":"https:\/\/lospoliticosveracruz.com\/wp-content\/uploads\/2025\/04\/Pompeyo.jpg","type":"image\/jpeg"}],"author":"Lo viste en Los Pol\u00edticos","twitter_card":"summary_large_image","twitter_creator":"@LosPoliticosVer","twitter_site":"@LosPoliticosVer","twitter_misc":{"Escrito por":"Lo viste en Los Pol\u00edticos","Tiempo de lectura":"5 minutos"},"schema":{"@context":"https:\/\/schema.org","@graph":[{"@type":"Article","@id":"https:\/\/lospoliticosveracruz.com\/?p=165896#article","isPartOf":{"@id":"https:\/\/lospoliticosveracruz.com\/?p=165896"},"author":{"name":"Lo viste en Los Pol\u00edticos","@id":"https:\/\/lospoliticosveracruz.com\/#\/schema\/person\/b8702bb0e538456e6efd07080bf2a4a2"},"headline":"IPE, EL INFORME I","datePublished":"2026-03-12T01:33:11+00:00","dateModified":"2026-03-12T03:21:08+00:00","mainEntityOfPage":{"@id":"https:\/\/lospoliticosveracruz.com\/?p=165896"},"wordCount":1072,"publisher":{"@id":"https:\/\/lospoliticosveracruz.com\/#organization"},"image":{"@id":"https:\/\/lospoliticosveracruz.com\/?p=165896#primaryimage"},"thumbnailUrl":"https:\/\/lospoliticosveracruz.com\/wp-content\/uploads\/2025\/04\/Pompeyo-e1776307406459.jpg","keywords":["Enrique Yasser Pompeyo Mesa de Redacci\u00f3n","IPE Veracruz aniversario 2026","Luis Octavio Hern\u00e1ndez Lara IPE","pensiones y jubilaciones Veracruz","Reserva T\u00e9cnica IPE 2026","sostenibilidad sistema solidario pensiones"],"articleSection":["De Opini\u00f3n"],"inLanguage":"es"},{"@type":"WebPage","@id":"https:\/\/lospoliticosveracruz.com\/?p=165896","url":"https:\/\/lospoliticosveracruz.com\/?p=165896","name":"IPE, EL INFORME I - Los pol\u00edticos Veracruz","isPartOf":{"@id":"https:\/\/lospoliticosveracruz.com\/#website"},"primaryImageOfPage":{"@id":"https:\/\/lospoliticosveracruz.com\/?p=165896#primaryimage"},"image":{"@id":"https:\/\/lospoliticosveracruz.com\/?p=165896#primaryimage"},"thumbnailUrl":"https:\/\/lospoliticosveracruz.com\/wp-content\/uploads\/2025\/04\/Pompeyo-e1776307406459.jpg","datePublished":"2026-03-12T01:33:11+00:00","dateModified":"2026-03-12T03:21:08+00:00","breadcrumb":{"@id":"https:\/\/lospoliticosveracruz.com\/?p=165896#breadcrumb"},"inLanguage":"es","potentialAction":[{"@type":"ReadAction","target":["https:\/\/lospoliticosveracruz.com\/?p=165896"]}]},{"@type":"ImageObject","inLanguage":"es","@id":"https:\/\/lospoliticosveracruz.com\/?p=165896#primaryimage","url":"https:\/\/lospoliticosveracruz.com\/wp-content\/uploads\/2025\/04\/Pompeyo-e1776307406459.jpg","contentUrl":"https:\/\/lospoliticosveracruz.com\/wp-content\/uploads\/2025\/04\/Pompeyo-e1776307406459.jpg","width":600,"height":320},{"@type":"BreadcrumbList","@id":"https:\/\/lospoliticosveracruz.com\/?p=165896#breadcrumb","itemListElement":[{"@type":"ListItem","position":1,"name":"Portada","item":"https:\/\/lospoliticosveracruz.com\/"},{"@type":"ListItem","position":2,"name":"IPE, EL INFORME I"}]},{"@type":"WebSite","@id":"https:\/\/lospoliticosveracruz.com\/#website","url":"https:\/\/lospoliticosveracruz.com\/","name":"Los pol\u00edticos Veracruz","description":"","publisher":{"@id":"https:\/\/lospoliticosveracruz.com\/#organization"},"potentialAction":[{"@type":"SearchAction","target":{"@type":"EntryPoint","urlTemplate":"https:\/\/lospoliticosveracruz.com\/?s={search_term_string}"},"query-input":{"@type":"PropertyValueSpecification","valueRequired":true,"valueName":"search_term_string"}}],"inLanguage":"es"},{"@type":"Organization","@id":"https:\/\/lospoliticosveracruz.com\/#organization","name":"Los pol\u00edticos Veracruz","url":"https:\/\/lospoliticosveracruz.com\/","logo":{"@type":"ImageObject","inLanguage":"es","@id":"https:\/\/lospoliticosveracruz.com\/#\/schema\/logo\/image\/","url":"https:\/\/lospoliticosveracruz.com\/wp-content\/uploads\/2025\/12\/Logo-Nuevo-LOS-POLITICOS-1.jpg","contentUrl":"https:\/\/lospoliticosveracruz.com\/wp-content\/uploads\/2025\/12\/Logo-Nuevo-LOS-POLITICOS-1.jpg","width":260,"height":70,"caption":"Los pol\u00edticos Veracruz"},"image":{"@id":"https:\/\/lospoliticosveracruz.com\/#\/schema\/logo\/image\/"},"sameAs":["https:\/\/www.facebook.com\/people\/Notimemes-de-los-Polticos\/61565672886568\/","https:\/\/x.com\/LosPoliticosVer"]},{"@type":"Person","@id":"https:\/\/lospoliticosveracruz.com\/#\/schema\/person\/b8702bb0e538456e6efd07080bf2a4a2","name":"Lo viste en Los Pol\u00edticos","image":{"@type":"ImageObject","inLanguage":"es","@id":"https:\/\/secure.gravatar.com\/avatar\/3a8de04a2656d44082be478bd6c086daa447c4651605818287b9532d3d0bd435?s=96&d=mm&r=g","url":"https:\/\/secure.gravatar.com\/avatar\/3a8de04a2656d44082be478bd6c086daa447c4651605818287b9532d3d0bd435?s=96&d=mm&r=g","contentUrl":"https:\/\/secure.gravatar.com\/avatar\/3a8de04a2656d44082be478bd6c086daa447c4651605818287b9532d3d0bd435?s=96&d=mm&r=g","caption":"Lo viste en Los Pol\u00edticos"},"url":"https:\/\/lospoliticosveracruz.com\/?author=2"}]}},"_links":{"self":[{"href":"https:\/\/lospoliticosveracruz.com\/index.php?rest_route=\/wp\/v2\/posts\/165896","targetHints":{"allow":["GET"]}}],"collection":[{"href":"https:\/\/lospoliticosveracruz.com\/index.php?rest_route=\/wp\/v2\/posts"}],"about":[{"href":"https:\/\/lospoliticosveracruz.com\/index.php?rest_route=\/wp\/v2\/types\/post"}],"author":[{"embeddable":true,"href":"https:\/\/lospoliticosveracruz.com\/index.php?rest_route=\/wp\/v2\/users\/2"}],"replies":[{"embeddable":true,"href":"https:\/\/lospoliticosveracruz.com\/index.php?rest_route=%2Fwp%2Fv2%2Fcomments&post=165896"}],"version-history":[{"count":1,"href":"https:\/\/lospoliticosveracruz.com\/index.php?rest_route=\/wp\/v2\/posts\/165896\/revisions"}],"predecessor-version":[{"id":165897,"href":"https:\/\/lospoliticosveracruz.com\/index.php?rest_route=\/wp\/v2\/posts\/165896\/revisions\/165897"}],"wp:featuredmedia":[{"embeddable":true,"href":"https:\/\/lospoliticosveracruz.com\/index.php?rest_route=\/wp\/v2\/media\/141425"}],"wp:attachment":[{"href":"https:\/\/lospoliticosveracruz.com\/index.php?rest_route=%2Fwp%2Fv2%2Fmedia&parent=165896"}],"wp:term":[{"taxonomy":"category","embeddable":true,"href":"https:\/\/lospoliticosveracruz.com\/index.php?rest_route=%2Fwp%2Fv2%2Fcategories&post=165896"},{"taxonomy":"post_tag","embeddable":true,"href":"https:\/\/lospoliticosveracruz.com\/index.php?rest_route=%2Fwp%2Fv2%2Ftags&post=165896"}],"curies":[{"name":"wp","href":"https:\/\/api.w.org\/{rel}","templated":true}]}}