{"id":165898,"date":"2026-03-11T19:42:49","date_gmt":"2026-03-12T01:42:49","guid":{"rendered":"https:\/\/lospoliticosveracruz.com\/?p=165898"},"modified":"2026-03-11T21:17:31","modified_gmt":"2026-03-12T03:17:31","slug":"atenas-sana-en-xalapeno-sano","status":"publish","type":"post","link":"https:\/\/lospoliticosveracruz.com\/?p=165898","title":{"rendered":"ATENAS SANA EN XALAPE\u00d1O SANO"},"content":{"rendered":"\n<p><\/p>\n\n\n\n<p>Con el prop\u00f3sito de promover h\u00e1bitos saludables y prevenir enfermedades asociadas al sedentarismo, en el marco del D\u00eda Mundial de la Obesidad, que se conmemora durante este mes, el Ayuntamiento de Xalapa, presidido por la Alcaldesa, Lic. Daniela Griego Ceballos, llev\u00f3 a cabo una jornada de activaci\u00f3n f\u00edsica dirigida a personas adultas mayores en el Centro Comunitario Casa Blanca.<\/p>\n\n\n\n<p>Se realiz\u00f3 como parte del trabajo interinstitucional orientado a fortalecer la promoci\u00f3n de la salud en el \u00e1mbito comunitario, organizada por la Direcci\u00f3n de Salud Municipal, a cargo de la Dra. Vianed Mart\u00ednez Cabrera, en coordinaci\u00f3n con la Direcci\u00f3n de Desarrollo Social y representantes del Distrito de Salud para el Bienestar n\u00famero V de Xalapa.<\/p>\n\n\n<div class=\"wp-block-image\">\n<figure class=\"alignleft size-large is-resized\"><a href=\"https:\/\/lospoliticosveracruz.com\/wp-content\/uploads\/2026\/03\/DIF-Municipal.jpg\"><img loading=\"lazy\" decoding=\"async\" width=\"1024\" height=\"854\" src=\"https:\/\/lospoliticosveracruz.com\/wp-content\/uploads\/2026\/03\/DIF-Municipal-1024x854.jpg\" alt=\"\" class=\"wp-image-165417\" style=\"width:573px;height:auto\" srcset=\"https:\/\/lospoliticosveracruz.com\/wp-content\/uploads\/2026\/03\/DIF-Municipal-1024x854.jpg 1024w, https:\/\/lospoliticosveracruz.com\/wp-content\/uploads\/2026\/03\/DIF-Municipal-300x250.jpg 300w, https:\/\/lospoliticosveracruz.com\/wp-content\/uploads\/2026\/03\/DIF-Municipal-768x640.jpg 768w, https:\/\/lospoliticosveracruz.com\/wp-content\/uploads\/2026\/03\/DIF-Municipal-504x420.jpg 504w, https:\/\/lospoliticosveracruz.com\/wp-content\/uploads\/2026\/03\/DIF-Municipal-150x125.jpg 150w, https:\/\/lospoliticosveracruz.com\/wp-content\/uploads\/2026\/03\/DIF-Municipal-696x580.jpg 696w, https:\/\/lospoliticosveracruz.com\/wp-content\/uploads\/2026\/03\/DIF-Municipal-1068x890.jpg 1068w, https:\/\/lospoliticosveracruz.com\/wp-content\/uploads\/2026\/03\/DIF-Municipal.jpg 1250w\" sizes=\"auto, (max-width: 1024px) 100vw, 1024px\" \/><\/a><\/figure>\n<\/div>\n\n\n<p>La jornada de activaci\u00f3n fue gestionada por el Departamento de Promoci\u00f3n de la Salud, a cargo de la Lic. M\u00f3nica Nevraumont, \u00e1rea responsable de impulsar acciones comunitarias enfocadas al autocuidado y la prevenci\u00f3n.<\/p>\n\n\n\n<p>La Ing. Maribel S\u00e1nchez Tapia dirigi\u00f3 la sesi\u00f3n de activaci\u00f3n f\u00edsica, en la que las y los participantes realizaron ejercicios orientados a mejorar la movilidad, estimular la pr\u00e1ctica regular de ejercicio y contribuir al bienestar integral.<\/p>\n\n\n\n<p>Para la administraci\u00f3n municipal, la promoci\u00f3n de la salud y el impulso de estrategias que contribuyen a mejorar la calidad de vida de la poblaci\u00f3n son una prioridad, por lo que todos los d\u00edas se trabaja al respecto.<\/p>\n","protected":false},"excerpt":{"rendered":"<p>Con el prop\u00f3sito de promover h\u00e1bitos saludables y prevenir enfermedades asociadas al sedentarismo, en el marco del D\u00eda Mundial de la Obesidad, que se conmemora durante este mes, el Ayuntamiento de Xalapa, presidido por la Alcaldesa, Lic. Daniela Griego Ceballos, llev\u00f3 a cabo una jornada de activaci\u00f3n f\u00edsica dirigida a personas adultas mayores en el [&hellip;]<\/p>\n","protected":false},"author":2,"featured_media":165899,"comment_status":"closed","ping_status":"closed","sticky":false,"template":"","format":"standard","meta":{"tdm_status":"","tdm_grid_status":"","footnotes":""},"categories":[52572],"tags":[57112,57111,57115,57114,57113],"class_list":{"0":"post-165898","1":"post","2":"type-post","3":"status-publish","4":"format-standard","5":"has-post-thumbnail","7":"category-desdelaatenas","8":"tag-centro-comunitario-casa-blanca-xalapa","9":"tag-daniela-griego-ceballos-activacion-fisica","10":"tag-direccion-de-salud-municipal-xalapa","11":"tag-prevencion-de-obesidad-xalapa","12":"tag-salud-adultos-mayores-xalapa-2026"},"yoast_head":"<!-- This site is optimized with the Yoast SEO plugin v27.4 - https:\/\/yoast.com\/product\/yoast-seo-wordpress\/ -->\n<title>ATENAS SANA EN XALAPE\u00d1O SANO - Los pol\u00edticos Veracruz<\/title>\n<meta name=\"robots\" content=\"index, follow, max-snippet:-1, max-image-preview:large, max-video-preview:-1\" \/>\n<link rel=\"canonical\" href=\"https:\/\/lospoliticosveracruz.com\/?p=165898\" \/>\n<meta property=\"og:locale\" content=\"es_ES\" \/>\n<meta property=\"og:type\" content=\"article\" \/>\n<meta property=\"og:title\" content=\"ATENAS SANA EN XALAPE\u00d1O SANO - Los pol\u00edticos Veracruz\" \/>\n<meta property=\"og:description\" content=\"Con el prop\u00f3sito de promover h\u00e1bitos saludables y prevenir enfermedades asociadas al sedentarismo, en el marco del D\u00eda Mundial de la Obesidad, que se conmemora durante este mes, el Ayuntamiento de Xalapa, presidido por la Alcaldesa, Lic. Daniela Griego Ceballos, llev\u00f3 a cabo una jornada de activaci\u00f3n f\u00edsica dirigida a personas adultas mayores en el [&hellip;]\" \/>\n<meta property=\"og:url\" content=\"https:\/\/lospoliticosveracruz.com\/?p=165898\" \/>\n<meta property=\"og:site_name\" content=\"Los pol\u00edticos Veracruz\" \/>\n<meta property=\"article:publisher\" content=\"https:\/\/www.facebook.com\/people\/Notimemes-de-los-Polticos\/61565672886568\/\" \/>\n<meta property=\"article:published_time\" content=\"2026-03-12T01:42:49+00:00\" \/>\n<meta property=\"article:modified_time\" content=\"2026-03-12T03:17:31+00:00\" \/>\n<meta property=\"og:image\" content=\"https:\/\/lospoliticosveracruz.com\/wp-content\/uploads\/2026\/03\/IMG_2425.jpeg\" \/>\n\t<meta property=\"og:image:width\" content=\"600\" \/>\n\t<meta property=\"og:image:height\" content=\"320\" \/>\n\t<meta property=\"og:image:type\" content=\"image\/jpeg\" \/>\n<meta name=\"author\" content=\"Lo viste en Los Pol\u00edticos\" \/>\n<meta name=\"twitter:card\" content=\"summary_large_image\" \/>\n<meta name=\"twitter:creator\" content=\"@LosPoliticosVer\" \/>\n<meta name=\"twitter:site\" content=\"@LosPoliticosVer\" \/>\n<meta name=\"twitter:label1\" content=\"Escrito por\" \/>\n\t<meta name=\"twitter:data1\" content=\"Lo viste en Los Pol\u00edticos\" \/>\n\t<meta name=\"twitter:label2\" content=\"Tiempo de lectura\" \/>\n\t<meta name=\"twitter:data2\" content=\"2 minutos\" \/>\n<script type=\"application\/ld+json\" class=\"yoast-schema-graph\">{\"@context\":\"https:\\\/\\\/schema.org\",\"@graph\":[{\"@type\":\"Article\",\"@id\":\"https:\\\/\\\/lospoliticosveracruz.com\\\/?p=165898#article\",\"isPartOf\":{\"@id\":\"https:\\\/\\\/lospoliticosveracruz.com\\\/?p=165898\"},\"author\":{\"name\":\"Lo viste en Los Pol\u00edticos\",\"@id\":\"https:\\\/\\\/lospoliticosveracruz.com\\\/#\\\/schema\\\/person\\\/b8702bb0e538456e6efd07080bf2a4a2\"},\"headline\":\"ATENAS SANA EN XALAPE\u00d1O SANO\",\"datePublished\":\"2026-03-12T01:42:49+00:00\",\"dateModified\":\"2026-03-12T03:17:31+00:00\",\"mainEntityOfPage\":{\"@id\":\"https:\\\/\\\/lospoliticosveracruz.com\\\/?p=165898\"},\"wordCount\":251,\"publisher\":{\"@id\":\"https:\\\/\\\/lospoliticosveracruz.com\\\/#organization\"},\"image\":{\"@id\":\"https:\\\/\\\/lospoliticosveracruz.com\\\/?p=165898#primaryimage\"},\"thumbnailUrl\":\"https:\\\/\\\/lospoliticosveracruz.com\\\/wp-content\\\/uploads\\\/2026\\\/03\\\/IMG_2425.jpeg\",\"keywords\":[\"Centro Comunitario Casa Blanca Xalapa\",\"Daniela Griego Ceballos activaci\u00f3n f\u00edsica\",\"Direcci\u00f3n de Salud Municipal Xalapa\",\"prevenci\u00f3n de obesidad Xalapa\",\"salud adultos mayores Xalapa 2026\"],\"articleSection\":[\"Desde La Atenas\"],\"inLanguage\":\"es\"},{\"@type\":\"WebPage\",\"@id\":\"https:\\\/\\\/lospoliticosveracruz.com\\\/?p=165898\",\"url\":\"https:\\\/\\\/lospoliticosveracruz.com\\\/?p=165898\",\"name\":\"ATENAS SANA EN XALAPE\u00d1O SANO - Los pol\u00edticos Veracruz\",\"isPartOf\":{\"@id\":\"https:\\\/\\\/lospoliticosveracruz.com\\\/#website\"},\"primaryImageOfPage\":{\"@id\":\"https:\\\/\\\/lospoliticosveracruz.com\\\/?p=165898#primaryimage\"},\"image\":{\"@id\":\"https:\\\/\\\/lospoliticosveracruz.com\\\/?p=165898#primaryimage\"},\"thumbnailUrl\":\"https:\\\/\\\/lospoliticosveracruz.com\\\/wp-content\\\/uploads\\\/2026\\\/03\\\/IMG_2425.jpeg\",\"datePublished\":\"2026-03-12T01:42:49+00:00\",\"dateModified\":\"2026-03-12T03:17:31+00:00\",\"breadcrumb\":{\"@id\":\"https:\\\/\\\/lospoliticosveracruz.com\\\/?p=165898#breadcrumb\"},\"inLanguage\":\"es\",\"potentialAction\":[{\"@type\":\"ReadAction\",\"target\":[\"https:\\\/\\\/lospoliticosveracruz.com\\\/?p=165898\"]}]},{\"@type\":\"ImageObject\",\"inLanguage\":\"es\",\"@id\":\"https:\\\/\\\/lospoliticosveracruz.com\\\/?p=165898#primaryimage\",\"url\":\"https:\\\/\\\/lospoliticosveracruz.com\\\/wp-content\\\/uploads\\\/2026\\\/03\\\/IMG_2425.jpeg\",\"contentUrl\":\"https:\\\/\\\/lospoliticosveracruz.com\\\/wp-content\\\/uploads\\\/2026\\\/03\\\/IMG_2425.jpeg\",\"width\":600,\"height\":320},{\"@type\":\"BreadcrumbList\",\"@id\":\"https:\\\/\\\/lospoliticosveracruz.com\\\/?p=165898#breadcrumb\",\"itemListElement\":[{\"@type\":\"ListItem\",\"position\":1,\"name\":\"Portada\",\"item\":\"https:\\\/\\\/lospoliticosveracruz.com\\\/\"},{\"@type\":\"ListItem\",\"position\":2,\"name\":\"ATENAS SANA EN XALAPE\u00d1O SANO\"}]},{\"@type\":\"WebSite\",\"@id\":\"https:\\\/\\\/lospoliticosveracruz.com\\\/#website\",\"url\":\"https:\\\/\\\/lospoliticosveracruz.com\\\/\",\"name\":\"Los pol\u00edticos Veracruz\",\"description\":\"\",\"publisher\":{\"@id\":\"https:\\\/\\\/lospoliticosveracruz.com\\\/#organization\"},\"potentialAction\":[{\"@type\":\"SearchAction\",\"target\":{\"@type\":\"EntryPoint\",\"urlTemplate\":\"https:\\\/\\\/lospoliticosveracruz.com\\\/?s={search_term_string}\"},\"query-input\":{\"@type\":\"PropertyValueSpecification\",\"valueRequired\":true,\"valueName\":\"search_term_string\"}}],\"inLanguage\":\"es\"},{\"@type\":\"Organization\",\"@id\":\"https:\\\/\\\/lospoliticosveracruz.com\\\/#organization\",\"name\":\"Los pol\u00edticos Veracruz\",\"url\":\"https:\\\/\\\/lospoliticosveracruz.com\\\/\",\"logo\":{\"@type\":\"ImageObject\",\"inLanguage\":\"es\",\"@id\":\"https:\\\/\\\/lospoliticosveracruz.com\\\/#\\\/schema\\\/logo\\\/image\\\/\",\"url\":\"https:\\\/\\\/lospoliticosveracruz.com\\\/wp-content\\\/uploads\\\/2025\\\/12\\\/Logo-Nuevo-LOS-POLITICOS-1.jpg\",\"contentUrl\":\"https:\\\/\\\/lospoliticosveracruz.com\\\/wp-content\\\/uploads\\\/2025\\\/12\\\/Logo-Nuevo-LOS-POLITICOS-1.jpg\",\"width\":260,\"height\":70,\"caption\":\"Los pol\u00edticos Veracruz\"},\"image\":{\"@id\":\"https:\\\/\\\/lospoliticosveracruz.com\\\/#\\\/schema\\\/logo\\\/image\\\/\"},\"sameAs\":[\"https:\\\/\\\/www.facebook.com\\\/people\\\/Notimemes-de-los-Polticos\\\/61565672886568\\\/\",\"https:\\\/\\\/x.com\\\/LosPoliticosVer\"]},{\"@type\":\"Person\",\"@id\":\"https:\\\/\\\/lospoliticosveracruz.com\\\/#\\\/schema\\\/person\\\/b8702bb0e538456e6efd07080bf2a4a2\",\"name\":\"Lo viste en Los Pol\u00edticos\",\"image\":{\"@type\":\"ImageObject\",\"inLanguage\":\"es\",\"@id\":\"https:\\\/\\\/secure.gravatar.com\\\/avatar\\\/3a8de04a2656d44082be478bd6c086daa447c4651605818287b9532d3d0bd435?s=96&d=mm&r=g\",\"url\":\"https:\\\/\\\/secure.gravatar.com\\\/avatar\\\/3a8de04a2656d44082be478bd6c086daa447c4651605818287b9532d3d0bd435?s=96&d=mm&r=g\",\"contentUrl\":\"https:\\\/\\\/secure.gravatar.com\\\/avatar\\\/3a8de04a2656d44082be478bd6c086daa447c4651605818287b9532d3d0bd435?s=96&d=mm&r=g\",\"caption\":\"Lo viste en Los Pol\u00edticos\"},\"url\":\"https:\\\/\\\/lospoliticosveracruz.com\\\/?author=2\"}]}<\/script>\n<!-- \/ Yoast SEO plugin. -->","yoast_head_json":{"title":"ATENAS SANA EN XALAPE\u00d1O SANO - Los pol\u00edticos Veracruz","robots":{"index":"index","follow":"follow","max-snippet":"max-snippet:-1","max-image-preview":"max-image-preview:large","max-video-preview":"max-video-preview:-1"},"canonical":"https:\/\/lospoliticosveracruz.com\/?p=165898","og_locale":"es_ES","og_type":"article","og_title":"ATENAS SANA EN XALAPE\u00d1O SANO - Los pol\u00edticos Veracruz","og_description":"Con el prop\u00f3sito de promover h\u00e1bitos saludables y prevenir enfermedades asociadas al sedentarismo, en el marco del D\u00eda Mundial de la Obesidad, que se conmemora durante este mes, el Ayuntamiento de Xalapa, presidido por la Alcaldesa, Lic. Daniela Griego Ceballos, llev\u00f3 a cabo una jornada de activaci\u00f3n f\u00edsica dirigida a personas adultas mayores en el [&hellip;]","og_url":"https:\/\/lospoliticosveracruz.com\/?p=165898","og_site_name":"Los pol\u00edticos Veracruz","article_publisher":"https:\/\/www.facebook.com\/people\/Notimemes-de-los-Polticos\/61565672886568\/","article_published_time":"2026-03-12T01:42:49+00:00","article_modified_time":"2026-03-12T03:17:31+00:00","og_image":[{"width":600,"height":320,"url":"https:\/\/lospoliticosveracruz.com\/wp-content\/uploads\/2026\/03\/IMG_2425.jpeg","type":"image\/jpeg"}],"author":"Lo viste en Los Pol\u00edticos","twitter_card":"summary_large_image","twitter_creator":"@LosPoliticosVer","twitter_site":"@LosPoliticosVer","twitter_misc":{"Escrito por":"Lo viste en Los Pol\u00edticos","Tiempo de lectura":"2 minutos"},"schema":{"@context":"https:\/\/schema.org","@graph":[{"@type":"Article","@id":"https:\/\/lospoliticosveracruz.com\/?p=165898#article","isPartOf":{"@id":"https:\/\/lospoliticosveracruz.com\/?p=165898"},"author":{"name":"Lo viste en Los Pol\u00edticos","@id":"https:\/\/lospoliticosveracruz.com\/#\/schema\/person\/b8702bb0e538456e6efd07080bf2a4a2"},"headline":"ATENAS SANA EN XALAPE\u00d1O SANO","datePublished":"2026-03-12T01:42:49+00:00","dateModified":"2026-03-12T03:17:31+00:00","mainEntityOfPage":{"@id":"https:\/\/lospoliticosveracruz.com\/?p=165898"},"wordCount":251,"publisher":{"@id":"https:\/\/lospoliticosveracruz.com\/#organization"},"image":{"@id":"https:\/\/lospoliticosveracruz.com\/?p=165898#primaryimage"},"thumbnailUrl":"https:\/\/lospoliticosveracruz.com\/wp-content\/uploads\/2026\/03\/IMG_2425.jpeg","keywords":["Centro Comunitario Casa Blanca Xalapa","Daniela Griego Ceballos activaci\u00f3n f\u00edsica","Direcci\u00f3n de Salud Municipal Xalapa","prevenci\u00f3n de obesidad Xalapa","salud adultos mayores Xalapa 2026"],"articleSection":["Desde La Atenas"],"inLanguage":"es"},{"@type":"WebPage","@id":"https:\/\/lospoliticosveracruz.com\/?p=165898","url":"https:\/\/lospoliticosveracruz.com\/?p=165898","name":"ATENAS SANA EN XALAPE\u00d1O SANO - Los pol\u00edticos Veracruz","isPartOf":{"@id":"https:\/\/lospoliticosveracruz.com\/#website"},"primaryImageOfPage":{"@id":"https:\/\/lospoliticosveracruz.com\/?p=165898#primaryimage"},"image":{"@id":"https:\/\/lospoliticosveracruz.com\/?p=165898#primaryimage"},"thumbnailUrl":"https:\/\/lospoliticosveracruz.com\/wp-content\/uploads\/2026\/03\/IMG_2425.jpeg","datePublished":"2026-03-12T01:42:49+00:00","dateModified":"2026-03-12T03:17:31+00:00","breadcrumb":{"@id":"https:\/\/lospoliticosveracruz.com\/?p=165898#breadcrumb"},"inLanguage":"es","potentialAction":[{"@type":"ReadAction","target":["https:\/\/lospoliticosveracruz.com\/?p=165898"]}]},{"@type":"ImageObject","inLanguage":"es","@id":"https:\/\/lospoliticosveracruz.com\/?p=165898#primaryimage","url":"https:\/\/lospoliticosveracruz.com\/wp-content\/uploads\/2026\/03\/IMG_2425.jpeg","contentUrl":"https:\/\/lospoliticosveracruz.com\/wp-content\/uploads\/2026\/03\/IMG_2425.jpeg","width":600,"height":320},{"@type":"BreadcrumbList","@id":"https:\/\/lospoliticosveracruz.com\/?p=165898#breadcrumb","itemListElement":[{"@type":"ListItem","position":1,"name":"Portada","item":"https:\/\/lospoliticosveracruz.com\/"},{"@type":"ListItem","position":2,"name":"ATENAS SANA EN XALAPE\u00d1O SANO"}]},{"@type":"WebSite","@id":"https:\/\/lospoliticosveracruz.com\/#website","url":"https:\/\/lospoliticosveracruz.com\/","name":"Los pol\u00edticos Veracruz","description":"","publisher":{"@id":"https:\/\/lospoliticosveracruz.com\/#organization"},"potentialAction":[{"@type":"SearchAction","target":{"@type":"EntryPoint","urlTemplate":"https:\/\/lospoliticosveracruz.com\/?s={search_term_string}"},"query-input":{"@type":"PropertyValueSpecification","valueRequired":true,"valueName":"search_term_string"}}],"inLanguage":"es"},{"@type":"Organization","@id":"https:\/\/lospoliticosveracruz.com\/#organization","name":"Los pol\u00edticos Veracruz","url":"https:\/\/lospoliticosveracruz.com\/","logo":{"@type":"ImageObject","inLanguage":"es","@id":"https:\/\/lospoliticosveracruz.com\/#\/schema\/logo\/image\/","url":"https:\/\/lospoliticosveracruz.com\/wp-content\/uploads\/2025\/12\/Logo-Nuevo-LOS-POLITICOS-1.jpg","contentUrl":"https:\/\/lospoliticosveracruz.com\/wp-content\/uploads\/2025\/12\/Logo-Nuevo-LOS-POLITICOS-1.jpg","width":260,"height":70,"caption":"Los pol\u00edticos Veracruz"},"image":{"@id":"https:\/\/lospoliticosveracruz.com\/#\/schema\/logo\/image\/"},"sameAs":["https:\/\/www.facebook.com\/people\/Notimemes-de-los-Polticos\/61565672886568\/","https:\/\/x.com\/LosPoliticosVer"]},{"@type":"Person","@id":"https:\/\/lospoliticosveracruz.com\/#\/schema\/person\/b8702bb0e538456e6efd07080bf2a4a2","name":"Lo viste en Los Pol\u00edticos","image":{"@type":"ImageObject","inLanguage":"es","@id":"https:\/\/secure.gravatar.com\/avatar\/3a8de04a2656d44082be478bd6c086daa447c4651605818287b9532d3d0bd435?s=96&d=mm&r=g","url":"https:\/\/secure.gravatar.com\/avatar\/3a8de04a2656d44082be478bd6c086daa447c4651605818287b9532d3d0bd435?s=96&d=mm&r=g","contentUrl":"https:\/\/secure.gravatar.com\/avatar\/3a8de04a2656d44082be478bd6c086daa447c4651605818287b9532d3d0bd435?s=96&d=mm&r=g","caption":"Lo viste en Los Pol\u00edticos"},"url":"https:\/\/lospoliticosveracruz.com\/?author=2"}]}},"_links":{"self":[{"href":"https:\/\/lospoliticosveracruz.com\/index.php?rest_route=\/wp\/v2\/posts\/165898","targetHints":{"allow":["GET"]}}],"collection":[{"href":"https:\/\/lospoliticosveracruz.com\/index.php?rest_route=\/wp\/v2\/posts"}],"about":[{"href":"https:\/\/lospoliticosveracruz.com\/index.php?rest_route=\/wp\/v2\/types\/post"}],"author":[{"embeddable":true,"href":"https:\/\/lospoliticosveracruz.com\/index.php?rest_route=\/wp\/v2\/users\/2"}],"replies":[{"embeddable":true,"href":"https:\/\/lospoliticosveracruz.com\/index.php?rest_route=%2Fwp%2Fv2%2Fcomments&post=165898"}],"version-history":[{"count":6,"href":"https:\/\/lospoliticosveracruz.com\/index.php?rest_route=\/wp\/v2\/posts\/165898\/revisions"}],"predecessor-version":[{"id":165916,"href":"https:\/\/lospoliticosveracruz.com\/index.php?rest_route=\/wp\/v2\/posts\/165898\/revisions\/165916"}],"wp:featuredmedia":[{"embeddable":true,"href":"https:\/\/lospoliticosveracruz.com\/index.php?rest_route=\/wp\/v2\/media\/165899"}],"wp:attachment":[{"href":"https:\/\/lospoliticosveracruz.com\/index.php?rest_route=%2Fwp%2Fv2%2Fmedia&parent=165898"}],"wp:term":[{"taxonomy":"category","embeddable":true,"href":"https:\/\/lospoliticosveracruz.com\/index.php?rest_route=%2Fwp%2Fv2%2Fcategories&post=165898"},{"taxonomy":"post_tag","embeddable":true,"href":"https:\/\/lospoliticosveracruz.com\/index.php?rest_route=%2Fwp%2Fv2%2Ftags&post=165898"}],"curies":[{"name":"wp","href":"https:\/\/api.w.org\/{rel}","templated":true}]}}