{"id":165910,"date":"2026-03-11T20:18:17","date_gmt":"2026-03-12T02:18:17","guid":{"rendered":"https:\/\/lospoliticosveracruz.com\/?p=165910"},"modified":"2026-03-11T21:20:04","modified_gmt":"2026-03-12T03:20:04","slug":"playas-limpias-en-semana-santa-potenciarian-pesca-turismo-y-economia","status":"publish","type":"post","link":"https:\/\/lospoliticosveracruz.com\/?p=165910","title":{"rendered":"PLAYAS LIMPIAS EN SEMANA SANTA POTENCIAR\u00cdAN PESCA, TURISMO Y ECONOM\u00cdA"},"content":{"rendered":"\n<p><strong>Jos\u00e9 Luis Enr\u00edquez Ambell<\/strong><\/p>\n\n\n\n<p><em>Caf\u00e9 de Ma\u00f1ana<\/em><\/p>\n\n\n\n<p>El tema del derrame de petr\u00f3leo a principios de marzo y que se dice ha contaminado playas en el sur y centro de Veracruz, con una afectaci\u00f3n de alrededor de 150 km con chapopote en la costa, no es un asunto menor.<\/p>\n\n\n\n<p>Se entiende que autoridades de varios niveles de gobierno en los Poderes Ejecutivo Federal y Estatal, as\u00ed como del Legislativo, estar\u00edan haciendo todo para evitar la paralizaci\u00f3n en el segmento de la pesca, el turismo, los servicios, la salud, protecci\u00f3n civil y del desarrollo econ\u00f3mico en su conjunto; de lo contrario, podr\u00edan impactar en plena Semana Santa en la presente Cuaresma, causando p\u00e9rdidas en ingresos a los prestadores de servicios y riesgos sanitarios.<\/p>\n\n\n\n<p>En una primera visi\u00f3n se habla de afectaciones en las zonas de los municipios de Pajapan (playas Linda, Hermosa, Jicacal), Coatzacoalcos (Las Barrillas), Agua Dulce (Tonal\u00e1) e incluso C\u00e1rdenas, Tabasco.<\/p>\n\n\n\n<p>El da\u00f1o econ\u00f3mico \u2014de no atender, detener y resolver el problema\u2014 llevar\u00eda al cierre de balnearios y la imposibilidad de pescar, afectando directamente a cientos de familias que dependen del ecoturismo y los servicios de Semana Santa, por la contaminaci\u00f3n ante la densa capa de chapopote en el mar y la arena en playas, afectando la biodiversidad e inutilizando las redes de pesca.<\/p>\n\n\n\n<p>A pesar de las evidencias y la negativa de culpabilidad por parte de la empresa Pemex por fugas en su universo, no conviene al desarrollo econ\u00f3mico que este derrame lleve a la percepci\u00f3n de inseguridad en la poblaci\u00f3n, y que provoque que algunos turistas regionales, nacionales y extranjeros pospongan sus viajes para esta temporada, forzando que las agencias de viajes disminuyan operaciones, lo que dejar\u00eda menos ingresos para los bolsillos de los vendedores de productos del mar y servicios de la \u00e9poca en las costas de Veracruz.<\/p>\n\n\n\n<p>Aunque la gobernadora Roc\u00edo Nahle ha descartado un derrame masivo, evitar un posible lado oscuro de la Semana Santa por la contaminaci\u00f3n de playas depende tambi\u00e9n del turismo responsable.<\/p>\n\n\n\n<p>El problema del da\u00f1o ambiental es serio, y la Procuradur\u00eda Federal de Protecci\u00f3n al Ambiente (PROFEPA) \u2014y aqu\u00ed es donde deben diversas \u00e1reas de gobierno articular acciones\u2014 debe atender los desarrollos tur\u00edsticos cuyos suelos y cuerpos de agua est\u00e1n expuestos al chapopote, residuos s\u00f3lidos, aceites, lubricantes e hidrocarburos, pues todos esos contaminantes golpean a la econom\u00eda de varios sectores: turismo, hoteles, restaurantes, sitios de diversi\u00f3n, entre otros, incluso dentro de la formalidad e informalidad.<\/p>\n\n\n\n<p>No pensemos que por estas afectaciones a ecosistemas, la biodiversidad y el equilibrio de los mares, lagos y r\u00edos en la costa veracruzana \u2014donde la poblaci\u00f3n depende del turismo y los atractivos naturales de cuerpos de agua para atraer visitantes\u2014 se vea alterada una disminuci\u00f3n de ingresos para familias que de ah\u00ed viven y subsisten. De ah\u00ed que todos debemos contribuir a evitar el deterioro.<\/p>\n\n\n\n<p>\u201cPensar en hoteles, descanso y vacaciones nos imagina una postal perfecta con playa, alberca y spa; pero todo esto que tienen las playas de Veracruz tambi\u00e9n implica en el agua que est\u00e1 en todos lados, y resulta parad\u00f3jico que la hidrataci\u00f3n de los turistas siga dependiendo, entre otras cosas, de botellas de pl\u00e1stico de un solo uso, que terminan en los mismos ecosistemas que sustentan la imagen de fotograf\u00eda\u201d.<\/p>\n\n\n\n<p>Dicho de otra manera, si bien es cierto que las autoridades de gobierno son responsables de monitorear la calidad del agua, la recolecci\u00f3n de residuos, proteger ecosistemas y educar a la poblaci\u00f3n para prevenir riesgos a la salud y evitar la contaminaci\u00f3n de mar, playas, r\u00edos y lagos, tambi\u00e9n deben evitar y atender derrames como ahora en el centro y sur de Veracruz.<\/p>\n\n\n\n<p>Y aqu\u00ed mismo, la poblaci\u00f3n y los turistas debemos no dejar basura en la arena, usar los contenedores correctos, evitar el uso de envases de vidrio, respetar no alimentar a la fauna silvestre, evitar extraer corales o conchas, utilizar senderos habilitados, no nadar cerca de drenajes o en desembocaduras y consultar la calidad del agua antes de entrar.<\/p>\n\n\n\n<p>La conciencia de la poblaci\u00f3n abierta tambi\u00e9n es importante, pues la responsabilidad del cuidado al medio ambiente es de todos.<\/p>\n\n\n\n<p><strong>DE SOBREMESA<\/strong><\/p>\n\n\n\n<p>A\u00fan manchas de hidrocarburo \u2014reportan\u2014 son vistas en playas de Pajapan, Alvarado, Mecayapan, Tatahuicapan y Coatzacoalcos desde hace m\u00e1s de una semana, mientras las autoridades a\u00fan no determinan el origen de la contaminaci\u00f3n.<\/p>\n\n\n\n<p>La gobernadora Roc\u00edo Nahle asegur\u00f3 hace unas horas que en el estado no hay derrame de hidrocarburos almacenados en contenedores o que pasaran a trav\u00e9s de tuber\u00edas, por lo que de ah\u00ed no proviene el chapopote que ha contaminado playas. Se\u00f1al\u00f3 que existe la \u201cteor\u00eda\u201d de que el hidrocarburo que ha da\u00f1ado las costas del estado habr\u00eda salido de una \u201cchapopotera natural\u201d. Subray\u00f3 que hasta ahora no hay ning\u00fan reporte de alguna falla en las plataformas petroleras que operan en territorio estatal ni en los barcos que navegan por la zona.<\/p>\n\n\n\n<p>Pero tambi\u00e9n es verdad que desde el 2 de marzo, cuando los pescadores del sur reportaron algunas manchas de combustible y crudo en el mar, hasta ahora las autoridades federales no han determinado el origen de la sustancia t\u00f3xica ni se sabe c\u00f3mo estar\u00edan abatiendo este problema, en plena Cuaresma, se llame derrame o no t\u00e9cnicamente a este suceso.<\/p>\n\n\n\n<p>Aunque se sabe tambi\u00e9n que personal del gobierno de Roc\u00edo Nahle, a trav\u00e9s de la SEDARPA, atiende la problem\u00e1tica en el \u00e1rea afectada.<\/p>\n\n\n\n<p><strong>UN CAF\u00c9 LECHERO LIGHT<\/strong><\/p>\n\n\n\n<p>Por lo pronto, las comisiones legislativas permanentes \u2014Pesca, Medio Ambiente y Protecci\u00f3n Civil\u2014 desde el Congreso del Estado han exhortado a que se atienda el asunto con el \u00e1nimo de evitar mayores da\u00f1os en la salud, la econom\u00eda y el comercio en torno a productos y servicios del mar en la etapa de Semana Santa 2026.<\/p>\n\n\n\n<p><strong>UN CAF\u00c9 DE OLLA DE BARRO&nbsp;<\/strong><\/p>\n\n\n\n<p>En el sector gobierno tienen la comunidad pescadora y sus familias, la esperanza de no dejarlos solos ante los da\u00f1os ambientales que les afecta en costas de Veracruz.<\/p>\n\n\n\n<p>\u00a1ES CUANTO!<\/p>\n\n\n\n<p>enriquezambell@gmail.com;<\/p>\n\n\n\n<p>enamjl62@gmail.com<\/p>\n","protected":false},"excerpt":{"rendered":"<p>Jos\u00e9 Luis Enr\u00edquez Ambell Caf\u00e9 de Ma\u00f1ana El tema del derrame de petr\u00f3leo a principios de marzo y que se dice ha contaminado playas en el sur y centro de Veracruz, con una afectaci\u00f3n de alrededor de 150 km con chapopote en la costa, no es un asunto menor. Se entiende que autoridades de varios [&hellip;]<\/p>\n","protected":false},"author":2,"featured_media":141435,"comment_status":"closed","ping_status":"closed","sticky":false,"template":"","format":"standard","meta":{"tdm_status":"","tdm_grid_status":"","footnotes":""},"categories":[70],"tags":[57117,57119,57118,57116,57120,57131],"class_list":{"0":"post-165910","1":"post","2":"type-post","3":"status-publish","4":"format-standard","5":"has-post-thumbnail","7":"category-de-opinion","8":"tag-contaminacion-playas-semana-santa-2026","9":"tag-derrame-de-petroleo-veracruz-sur-2026","10":"tag-impacto-economico-pesca-veracruz","11":"tag-remediacion-ambiental-profepa-veracruz","12":"tag-rocio-nahle-chapopoteras-naturales","13":"tag-turismo-responsable-playas-veracruz"},"yoast_head":"<!-- This site is optimized with the Yoast SEO plugin v27.4 - https:\/\/yoast.com\/product\/yoast-seo-wordpress\/ -->\n<title>PLAYAS LIMPIAS EN SEMANA SANTA POTENCIAR\u00cdAN PESCA, TURISMO Y ECONOM\u00cdA - Los pol\u00edticos Veracruz<\/title>\n<meta name=\"robots\" content=\"index, follow, max-snippet:-1, max-image-preview:large, max-video-preview:-1\" \/>\n<link rel=\"canonical\" href=\"https:\/\/lospoliticosveracruz.com\/?p=165910\" \/>\n<meta property=\"og:locale\" content=\"es_ES\" \/>\n<meta property=\"og:type\" content=\"article\" \/>\n<meta property=\"og:title\" content=\"PLAYAS LIMPIAS EN SEMANA SANTA POTENCIAR\u00cdAN PESCA, TURISMO Y ECONOM\u00cdA - Los pol\u00edticos Veracruz\" \/>\n<meta property=\"og:description\" content=\"Jos\u00e9 Luis Enr\u00edquez Ambell Caf\u00e9 de Ma\u00f1ana El tema del derrame de petr\u00f3leo a principios de marzo y que se dice ha contaminado playas en el sur y centro de Veracruz, con una afectaci\u00f3n de alrededor de 150 km con chapopote en la costa, no es un asunto menor. Se entiende que autoridades de varios [&hellip;]\" \/>\n<meta property=\"og:url\" content=\"https:\/\/lospoliticosveracruz.com\/?p=165910\" \/>\n<meta property=\"og:site_name\" content=\"Los pol\u00edticos Veracruz\" \/>\n<meta property=\"article:publisher\" content=\"https:\/\/www.facebook.com\/people\/Notimemes-de-los-Polticos\/61565672886568\/\" \/>\n<meta property=\"article:published_time\" content=\"2026-03-12T02:18:17+00:00\" \/>\n<meta property=\"article:modified_time\" content=\"2026-03-12T03:20:04+00:00\" \/>\n<meta property=\"og:image\" content=\"https:\/\/lospoliticosveracruz.com\/wp-content\/uploads\/2025\/04\/Ambell.jpg\" \/>\n\t<meta property=\"og:image:width\" content=\"1250\" \/>\n\t<meta property=\"og:image:height\" content=\"667\" \/>\n\t<meta property=\"og:image:type\" content=\"image\/jpeg\" \/>\n<meta name=\"author\" content=\"Lo viste en Los Pol\u00edticos\" \/>\n<meta name=\"twitter:card\" content=\"summary_large_image\" \/>\n<meta name=\"twitter:creator\" content=\"@LosPoliticosVer\" \/>\n<meta name=\"twitter:site\" content=\"@LosPoliticosVer\" \/>\n<meta name=\"twitter:label1\" content=\"Escrito por\" \/>\n\t<meta name=\"twitter:data1\" content=\"Lo viste en Los Pol\u00edticos\" \/>\n\t<meta name=\"twitter:label2\" content=\"Tiempo de lectura\" \/>\n\t<meta name=\"twitter:data2\" content=\"5 minutos\" \/>\n<script type=\"application\/ld+json\" class=\"yoast-schema-graph\">{\"@context\":\"https:\\\/\\\/schema.org\",\"@graph\":[{\"@type\":\"Article\",\"@id\":\"https:\\\/\\\/lospoliticosveracruz.com\\\/?p=165910#article\",\"isPartOf\":{\"@id\":\"https:\\\/\\\/lospoliticosveracruz.com\\\/?p=165910\"},\"author\":{\"name\":\"Lo viste en Los Pol\u00edticos\",\"@id\":\"https:\\\/\\\/lospoliticosveracruz.com\\\/#\\\/schema\\\/person\\\/b8702bb0e538456e6efd07080bf2a4a2\"},\"headline\":\"PLAYAS LIMPIAS EN SEMANA SANTA POTENCIAR\u00cdAN PESCA, TURISMO Y ECONOM\u00cdA\",\"datePublished\":\"2026-03-12T02:18:17+00:00\",\"dateModified\":\"2026-03-12T03:20:04+00:00\",\"mainEntityOfPage\":{\"@id\":\"https:\\\/\\\/lospoliticosveracruz.com\\\/?p=165910\"},\"wordCount\":1072,\"publisher\":{\"@id\":\"https:\\\/\\\/lospoliticosveracruz.com\\\/#organization\"},\"image\":{\"@id\":\"https:\\\/\\\/lospoliticosveracruz.com\\\/?p=165910#primaryimage\"},\"thumbnailUrl\":\"https:\\\/\\\/lospoliticosveracruz.com\\\/wp-content\\\/uploads\\\/2025\\\/04\\\/Ambell.jpg\",\"keywords\":[\"contaminaci\u00f3n playas Semana Santa 2026\",\"Derrame de petr\u00f3leo Veracruz sur 2026\",\"impacto econ\u00f3mico pesca Veracruz\",\"remediaci\u00f3n ambiental PROFEPA Veracruz\",\"Roc\u00edo Nahle chapopoteras naturales\",\"turismo responsable playas Veracruz\"],\"articleSection\":[\"De Opini\u00f3n\"],\"inLanguage\":\"es\"},{\"@type\":\"WebPage\",\"@id\":\"https:\\\/\\\/lospoliticosveracruz.com\\\/?p=165910\",\"url\":\"https:\\\/\\\/lospoliticosveracruz.com\\\/?p=165910\",\"name\":\"PLAYAS LIMPIAS EN SEMANA SANTA POTENCIAR\u00cdAN PESCA, TURISMO Y ECONOM\u00cdA - Los pol\u00edticos Veracruz\",\"isPartOf\":{\"@id\":\"https:\\\/\\\/lospoliticosveracruz.com\\\/#website\"},\"primaryImageOfPage\":{\"@id\":\"https:\\\/\\\/lospoliticosveracruz.com\\\/?p=165910#primaryimage\"},\"image\":{\"@id\":\"https:\\\/\\\/lospoliticosveracruz.com\\\/?p=165910#primaryimage\"},\"thumbnailUrl\":\"https:\\\/\\\/lospoliticosveracruz.com\\\/wp-content\\\/uploads\\\/2025\\\/04\\\/Ambell.jpg\",\"datePublished\":\"2026-03-12T02:18:17+00:00\",\"dateModified\":\"2026-03-12T03:20:04+00:00\",\"breadcrumb\":{\"@id\":\"https:\\\/\\\/lospoliticosveracruz.com\\\/?p=165910#breadcrumb\"},\"inLanguage\":\"es\",\"potentialAction\":[{\"@type\":\"ReadAction\",\"target\":[\"https:\\\/\\\/lospoliticosveracruz.com\\\/?p=165910\"]}]},{\"@type\":\"ImageObject\",\"inLanguage\":\"es\",\"@id\":\"https:\\\/\\\/lospoliticosveracruz.com\\\/?p=165910#primaryimage\",\"url\":\"https:\\\/\\\/lospoliticosveracruz.com\\\/wp-content\\\/uploads\\\/2025\\\/04\\\/Ambell.jpg\",\"contentUrl\":\"https:\\\/\\\/lospoliticosveracruz.com\\\/wp-content\\\/uploads\\\/2025\\\/04\\\/Ambell.jpg\",\"width\":1250,\"height\":667},{\"@type\":\"BreadcrumbList\",\"@id\":\"https:\\\/\\\/lospoliticosveracruz.com\\\/?p=165910#breadcrumb\",\"itemListElement\":[{\"@type\":\"ListItem\",\"position\":1,\"name\":\"Portada\",\"item\":\"https:\\\/\\\/lospoliticosveracruz.com\\\/\"},{\"@type\":\"ListItem\",\"position\":2,\"name\":\"PLAYAS LIMPIAS EN SEMANA SANTA POTENCIAR\u00cdAN PESCA, TURISMO Y ECONOM\u00cdA\"}]},{\"@type\":\"WebSite\",\"@id\":\"https:\\\/\\\/lospoliticosveracruz.com\\\/#website\",\"url\":\"https:\\\/\\\/lospoliticosveracruz.com\\\/\",\"name\":\"Los pol\u00edticos Veracruz\",\"description\":\"\",\"publisher\":{\"@id\":\"https:\\\/\\\/lospoliticosveracruz.com\\\/#organization\"},\"potentialAction\":[{\"@type\":\"SearchAction\",\"target\":{\"@type\":\"EntryPoint\",\"urlTemplate\":\"https:\\\/\\\/lospoliticosveracruz.com\\\/?s={search_term_string}\"},\"query-input\":{\"@type\":\"PropertyValueSpecification\",\"valueRequired\":true,\"valueName\":\"search_term_string\"}}],\"inLanguage\":\"es\"},{\"@type\":\"Organization\",\"@id\":\"https:\\\/\\\/lospoliticosveracruz.com\\\/#organization\",\"name\":\"Los pol\u00edticos Veracruz\",\"url\":\"https:\\\/\\\/lospoliticosveracruz.com\\\/\",\"logo\":{\"@type\":\"ImageObject\",\"inLanguage\":\"es\",\"@id\":\"https:\\\/\\\/lospoliticosveracruz.com\\\/#\\\/schema\\\/logo\\\/image\\\/\",\"url\":\"https:\\\/\\\/lospoliticosveracruz.com\\\/wp-content\\\/uploads\\\/2025\\\/12\\\/Logo-Nuevo-LOS-POLITICOS-1.jpg\",\"contentUrl\":\"https:\\\/\\\/lospoliticosveracruz.com\\\/wp-content\\\/uploads\\\/2025\\\/12\\\/Logo-Nuevo-LOS-POLITICOS-1.jpg\",\"width\":260,\"height\":70,\"caption\":\"Los pol\u00edticos Veracruz\"},\"image\":{\"@id\":\"https:\\\/\\\/lospoliticosveracruz.com\\\/#\\\/schema\\\/logo\\\/image\\\/\"},\"sameAs\":[\"https:\\\/\\\/www.facebook.com\\\/people\\\/Notimemes-de-los-Polticos\\\/61565672886568\\\/\",\"https:\\\/\\\/x.com\\\/LosPoliticosVer\"]},{\"@type\":\"Person\",\"@id\":\"https:\\\/\\\/lospoliticosveracruz.com\\\/#\\\/schema\\\/person\\\/b8702bb0e538456e6efd07080bf2a4a2\",\"name\":\"Lo viste en Los Pol\u00edticos\",\"image\":{\"@type\":\"ImageObject\",\"inLanguage\":\"es\",\"@id\":\"https:\\\/\\\/secure.gravatar.com\\\/avatar\\\/3a8de04a2656d44082be478bd6c086daa447c4651605818287b9532d3d0bd435?s=96&d=mm&r=g\",\"url\":\"https:\\\/\\\/secure.gravatar.com\\\/avatar\\\/3a8de04a2656d44082be478bd6c086daa447c4651605818287b9532d3d0bd435?s=96&d=mm&r=g\",\"contentUrl\":\"https:\\\/\\\/secure.gravatar.com\\\/avatar\\\/3a8de04a2656d44082be478bd6c086daa447c4651605818287b9532d3d0bd435?s=96&d=mm&r=g\",\"caption\":\"Lo viste en Los Pol\u00edticos\"},\"url\":\"https:\\\/\\\/lospoliticosveracruz.com\\\/?author=2\"}]}<\/script>\n<!-- \/ Yoast SEO plugin. -->","yoast_head_json":{"title":"PLAYAS LIMPIAS EN SEMANA SANTA POTENCIAR\u00cdAN PESCA, TURISMO Y ECONOM\u00cdA - Los pol\u00edticos Veracruz","robots":{"index":"index","follow":"follow","max-snippet":"max-snippet:-1","max-image-preview":"max-image-preview:large","max-video-preview":"max-video-preview:-1"},"canonical":"https:\/\/lospoliticosveracruz.com\/?p=165910","og_locale":"es_ES","og_type":"article","og_title":"PLAYAS LIMPIAS EN SEMANA SANTA POTENCIAR\u00cdAN PESCA, TURISMO Y ECONOM\u00cdA - Los pol\u00edticos Veracruz","og_description":"Jos\u00e9 Luis Enr\u00edquez Ambell Caf\u00e9 de Ma\u00f1ana El tema del derrame de petr\u00f3leo a principios de marzo y que se dice ha contaminado playas en el sur y centro de Veracruz, con una afectaci\u00f3n de alrededor de 150 km con chapopote en la costa, no es un asunto menor. Se entiende que autoridades de varios [&hellip;]","og_url":"https:\/\/lospoliticosveracruz.com\/?p=165910","og_site_name":"Los pol\u00edticos Veracruz","article_publisher":"https:\/\/www.facebook.com\/people\/Notimemes-de-los-Polticos\/61565672886568\/","article_published_time":"2026-03-12T02:18:17+00:00","article_modified_time":"2026-03-12T03:20:04+00:00","og_image":[{"width":1250,"height":667,"url":"https:\/\/lospoliticosveracruz.com\/wp-content\/uploads\/2025\/04\/Ambell.jpg","type":"image\/jpeg"}],"author":"Lo viste en Los Pol\u00edticos","twitter_card":"summary_large_image","twitter_creator":"@LosPoliticosVer","twitter_site":"@LosPoliticosVer","twitter_misc":{"Escrito por":"Lo viste en Los Pol\u00edticos","Tiempo de lectura":"5 minutos"},"schema":{"@context":"https:\/\/schema.org","@graph":[{"@type":"Article","@id":"https:\/\/lospoliticosveracruz.com\/?p=165910#article","isPartOf":{"@id":"https:\/\/lospoliticosveracruz.com\/?p=165910"},"author":{"name":"Lo viste en Los Pol\u00edticos","@id":"https:\/\/lospoliticosveracruz.com\/#\/schema\/person\/b8702bb0e538456e6efd07080bf2a4a2"},"headline":"PLAYAS LIMPIAS EN SEMANA SANTA POTENCIAR\u00cdAN PESCA, TURISMO Y ECONOM\u00cdA","datePublished":"2026-03-12T02:18:17+00:00","dateModified":"2026-03-12T03:20:04+00:00","mainEntityOfPage":{"@id":"https:\/\/lospoliticosveracruz.com\/?p=165910"},"wordCount":1072,"publisher":{"@id":"https:\/\/lospoliticosveracruz.com\/#organization"},"image":{"@id":"https:\/\/lospoliticosveracruz.com\/?p=165910#primaryimage"},"thumbnailUrl":"https:\/\/lospoliticosveracruz.com\/wp-content\/uploads\/2025\/04\/Ambell.jpg","keywords":["contaminaci\u00f3n playas Semana Santa 2026","Derrame de petr\u00f3leo Veracruz sur 2026","impacto econ\u00f3mico pesca Veracruz","remediaci\u00f3n ambiental PROFEPA Veracruz","Roc\u00edo Nahle chapopoteras naturales","turismo responsable playas Veracruz"],"articleSection":["De Opini\u00f3n"],"inLanguage":"es"},{"@type":"WebPage","@id":"https:\/\/lospoliticosveracruz.com\/?p=165910","url":"https:\/\/lospoliticosveracruz.com\/?p=165910","name":"PLAYAS LIMPIAS EN SEMANA SANTA POTENCIAR\u00cdAN PESCA, TURISMO Y ECONOM\u00cdA - Los pol\u00edticos Veracruz","isPartOf":{"@id":"https:\/\/lospoliticosveracruz.com\/#website"},"primaryImageOfPage":{"@id":"https:\/\/lospoliticosveracruz.com\/?p=165910#primaryimage"},"image":{"@id":"https:\/\/lospoliticosveracruz.com\/?p=165910#primaryimage"},"thumbnailUrl":"https:\/\/lospoliticosveracruz.com\/wp-content\/uploads\/2025\/04\/Ambell.jpg","datePublished":"2026-03-12T02:18:17+00:00","dateModified":"2026-03-12T03:20:04+00:00","breadcrumb":{"@id":"https:\/\/lospoliticosveracruz.com\/?p=165910#breadcrumb"},"inLanguage":"es","potentialAction":[{"@type":"ReadAction","target":["https:\/\/lospoliticosveracruz.com\/?p=165910"]}]},{"@type":"ImageObject","inLanguage":"es","@id":"https:\/\/lospoliticosveracruz.com\/?p=165910#primaryimage","url":"https:\/\/lospoliticosveracruz.com\/wp-content\/uploads\/2025\/04\/Ambell.jpg","contentUrl":"https:\/\/lospoliticosveracruz.com\/wp-content\/uploads\/2025\/04\/Ambell.jpg","width":1250,"height":667},{"@type":"BreadcrumbList","@id":"https:\/\/lospoliticosveracruz.com\/?p=165910#breadcrumb","itemListElement":[{"@type":"ListItem","position":1,"name":"Portada","item":"https:\/\/lospoliticosveracruz.com\/"},{"@type":"ListItem","position":2,"name":"PLAYAS LIMPIAS EN SEMANA SANTA POTENCIAR\u00cdAN PESCA, TURISMO Y ECONOM\u00cdA"}]},{"@type":"WebSite","@id":"https:\/\/lospoliticosveracruz.com\/#website","url":"https:\/\/lospoliticosveracruz.com\/","name":"Los pol\u00edticos Veracruz","description":"","publisher":{"@id":"https:\/\/lospoliticosveracruz.com\/#organization"},"potentialAction":[{"@type":"SearchAction","target":{"@type":"EntryPoint","urlTemplate":"https:\/\/lospoliticosveracruz.com\/?s={search_term_string}"},"query-input":{"@type":"PropertyValueSpecification","valueRequired":true,"valueName":"search_term_string"}}],"inLanguage":"es"},{"@type":"Organization","@id":"https:\/\/lospoliticosveracruz.com\/#organization","name":"Los pol\u00edticos Veracruz","url":"https:\/\/lospoliticosveracruz.com\/","logo":{"@type":"ImageObject","inLanguage":"es","@id":"https:\/\/lospoliticosveracruz.com\/#\/schema\/logo\/image\/","url":"https:\/\/lospoliticosveracruz.com\/wp-content\/uploads\/2025\/12\/Logo-Nuevo-LOS-POLITICOS-1.jpg","contentUrl":"https:\/\/lospoliticosveracruz.com\/wp-content\/uploads\/2025\/12\/Logo-Nuevo-LOS-POLITICOS-1.jpg","width":260,"height":70,"caption":"Los pol\u00edticos Veracruz"},"image":{"@id":"https:\/\/lospoliticosveracruz.com\/#\/schema\/logo\/image\/"},"sameAs":["https:\/\/www.facebook.com\/people\/Notimemes-de-los-Polticos\/61565672886568\/","https:\/\/x.com\/LosPoliticosVer"]},{"@type":"Person","@id":"https:\/\/lospoliticosveracruz.com\/#\/schema\/person\/b8702bb0e538456e6efd07080bf2a4a2","name":"Lo viste en Los Pol\u00edticos","image":{"@type":"ImageObject","inLanguage":"es","@id":"https:\/\/secure.gravatar.com\/avatar\/3a8de04a2656d44082be478bd6c086daa447c4651605818287b9532d3d0bd435?s=96&d=mm&r=g","url":"https:\/\/secure.gravatar.com\/avatar\/3a8de04a2656d44082be478bd6c086daa447c4651605818287b9532d3d0bd435?s=96&d=mm&r=g","contentUrl":"https:\/\/secure.gravatar.com\/avatar\/3a8de04a2656d44082be478bd6c086daa447c4651605818287b9532d3d0bd435?s=96&d=mm&r=g","caption":"Lo viste en Los Pol\u00edticos"},"url":"https:\/\/lospoliticosveracruz.com\/?author=2"}]}},"_links":{"self":[{"href":"https:\/\/lospoliticosveracruz.com\/index.php?rest_route=\/wp\/v2\/posts\/165910","targetHints":{"allow":["GET"]}}],"collection":[{"href":"https:\/\/lospoliticosveracruz.com\/index.php?rest_route=\/wp\/v2\/posts"}],"about":[{"href":"https:\/\/lospoliticosveracruz.com\/index.php?rest_route=\/wp\/v2\/types\/post"}],"author":[{"embeddable":true,"href":"https:\/\/lospoliticosveracruz.com\/index.php?rest_route=\/wp\/v2\/users\/2"}],"replies":[{"embeddable":true,"href":"https:\/\/lospoliticosveracruz.com\/index.php?rest_route=%2Fwp%2Fv2%2Fcomments&post=165910"}],"version-history":[{"count":2,"href":"https:\/\/lospoliticosveracruz.com\/index.php?rest_route=\/wp\/v2\/posts\/165910\/revisions"}],"predecessor-version":[{"id":165917,"href":"https:\/\/lospoliticosveracruz.com\/index.php?rest_route=\/wp\/v2\/posts\/165910\/revisions\/165917"}],"wp:featuredmedia":[{"embeddable":true,"href":"https:\/\/lospoliticosveracruz.com\/index.php?rest_route=\/wp\/v2\/media\/141435"}],"wp:attachment":[{"href":"https:\/\/lospoliticosveracruz.com\/index.php?rest_route=%2Fwp%2Fv2%2Fmedia&parent=165910"}],"wp:term":[{"taxonomy":"category","embeddable":true,"href":"https:\/\/lospoliticosveracruz.com\/index.php?rest_route=%2Fwp%2Fv2%2Fcategories&post=165910"},{"taxonomy":"post_tag","embeddable":true,"href":"https:\/\/lospoliticosveracruz.com\/index.php?rest_route=%2Fwp%2Fv2%2Ftags&post=165910"}],"curies":[{"name":"wp","href":"https:\/\/api.w.org\/{rel}","templated":true}]}}