{"id":165921,"date":"2026-03-12T06:21:25","date_gmt":"2026-03-12T12:21:25","guid":{"rendered":"https:\/\/lospoliticosveracruz.com\/?p=165921"},"modified":"2026-03-12T06:21:26","modified_gmt":"2026-03-12T12:21:26","slug":"pensiones-doradas-en-el-ipe-entraran-al-recorte","status":"publish","type":"post","link":"https:\/\/lospoliticosveracruz.com\/?p=165921","title":{"rendered":"PENSIONES DORADAS EN EL IPE\u2026 \u00bfENTRAR\u00c1N AL RECORTE?"},"content":{"rendered":"\n<p><strong>Fanny Y\u00e9pez<\/strong><br><em>La Columna<\/em><br>Cuando resentimos en nuestros bolsillos el incremento de precios del 6.5 por ciento de los productos que componen la canasta alimentaria en M\u00e9xico, superando la inflaci\u00f3n general del 4%, adem\u00e1s de los aumentos de los servicios de agua, luz y gas entre otros, sufrimos porque que no alcanza el salario, pero nos enteramos de los salarios y pensiones doradas que perciben algunos personajes privilegiados.<br>Esa desproporci\u00f3n en los ingresos, golpea la dignidad, la paciencia y tolerancia del pueblo en general.<br>Las llamadas pensiones doradas en M\u00e9xico, que otorgaban retiros millonarios a exfuncionarios, se consideran injustas y un privilegio excesivo frente a la mayor\u00eda de los pensionados, lo que motiv\u00f3 una reforma constitucional en 2026, para eliminarlas. Este mes de marzo las comisiones del Senado avalaron limitar estas pensiones a un m\u00e1ximo de aproximadamente 70 mil pesos mensuales.<br>Aspectos clave sobre la justicia de las pensiones doradas en M\u00e9xico, porque mientras que millones de mexicanos reciben pensiones modestas (promedio de $7,092 MXN seg\u00fan Inegi), unos cuantos exfuncionarios reciben montos millonarios.<br>En este a\u00f1o, la mayor\u00eda de los trabajadores en M\u00e9xico que se pensionan bajo la Ley 97 del IMSS (el r\u00e9gimen actual), reciben una pensi\u00f3n m\u00ednima garantizada, la cual se ajusta anualmente conforme al salario m\u00ednimo. Para este a\u00f1o, esta pensi\u00f3n m\u00ednima garantizada se estima en un promedio de $6,600 a $10,600 pesos mensuales, dependiendo de las semanas cotizadas y la edad de retiro.<br>Por ello, la presidenta Claudia Sheinbaum impulsa una reforma constitucional para topar las pensiones al 50% de la remuneraci\u00f3n presidencial, buscando un ahorro de hasta 5,000 millones de pesos anuales.<br>Postura oficial, se considera que estas pensiones \u00abse acabaron\u00bb por ser inmorales y no tener justificaci\u00f3n, afectando el presupuesto p\u00fablico, estos privilegios que perpet\u00faan la desigualdad, y su eliminaci\u00f3n es vista como un acto de justicia econ\u00f3mica para reinvertir en el bienestar social.<br>Argumentos en contra. &#8211; aunque la mayor\u00eda respalda la eliminaci\u00f3n de excesos, se ha se\u00f1alado que algunos casos se apegaron a la ley en su momento y la reforma podr\u00eda enfrentar amparos.<br>Alcance: La medida afecta a 9,457 exfuncionarios de alto mando, incluyendo organismos como PEMEX y CFE, exentando a las fuerzas armadas.<br>Por ejemplo, en Veracruz, las pensiones m\u00e1s altas, consideradas \u00abdoradas\u00bb, superan los 300,000 pesos mensuales, beneficiando a ex mandos y dirigentes sindicales, evidenciando una disparidad con las pensiones promedio. Un grupo de privilegiados se despacharon con la cuchara grande, sobre todo esta situaci\u00f3n injusta e inequitativa se registra entre los exdirigentes de la Universidad Veracruzana.<br>En el caso de la Universidad Veracruzana, el Rector Martin Aguilar S\u00e1nchez, percibe un salario mensual de 87, 876. 44 adem\u00e1s de una compensaci\u00f3n de m\u00e1s de 30 mil pesos, en tanto, en el Instituto de Pensiones del Estado de Veracruz (IPE) tambi\u00e9n hay pensiones \u201cdoradas\u201d, dicho organismo otorga pensiones elevadas, existiendo casos documentados de montos que superan los 100 mil pesos mensuales.<br>Ciertos beneficiarios reciben pagos de alta cuant\u00eda, junto con otros que perciben entre 50 y 100 mil pesos, generando debates sobre la disparidad en los montos de jubilaci\u00f3n en Veracruz.<br>Se ha solicitado a transparencia detallar las dependencias de origen de los m\u00e1s de 400 pensionados que reciben entre 50 mil y 100 mil pesos mensuales.<br>Por ello, el IPE enfrenta un d\u00e9ficit estructural al pagar pensiones superiores a los salarios de cotizaci\u00f3n promedio, con egresos mayormente destinados a estas prestaciones.<br>Pensiones de \u00e9lite, algunos individuos como RLG percibe una pensi\u00f3n de ($365,521), JDVM tiene una asignaci\u00f3n mensual de ($362,908), JBCJ recibe ($343,354) y JAAMra ($338,165) todos ellos reciben pensiones que exceden los 300 mil pesos mensuales.<br>El Instituto de Pensiones del Estado (IPE) registra un d\u00e9ficit estructural al pagar pensiones m\u00e1s altas que los salarios de cotizaci\u00f3n promedio, con 10 mil 336 millones de pesos destinados al pago de pensiones.<br>Pensiones Especiales: la ley del estado de Veracruz otorga pensiones a deudos de integrantes de las fuerzas armadas que fallezcan, equivalentes a 400 veces el salario m\u00ednimo diario.<br>Cabe resaltar que el tope m\u00e1ximo de pensiones establecidos para este a\u00f1o en el ISSSTE se sit\u00faa en $35,193.00, equivalente a 10 UMAs.<br>Contexto Nacional, existe una reforma para eliminar \u00abpensiones doradas\u00bb de altos mandos de la extinta Luz y Fuerza del Centro que perciben desde 350 mil hasta un mill\u00f3n de pesos al mes.<br>Se trata de una de las llamadas \u00abpensiones de oro\u00bb o \u00abdoradas\u00bb otorgadas a exfuncionarios o exl\u00edderes sindicales, en este caso particular, vinculado a la Comisi\u00f3n Federal de Electricidad (CFE).<br>Este monto supera dr\u00e1sticamente el ingreso promedio de un trabajador retirado en M\u00e9xico, y figura en listas de pensiones elevadas junto a otros exfuncionarios de Pemex y CFE.<br>Otras \u00abpensiones de oro\u00bb mencionadas en el mismo contexto (mensuales):<br>Jos\u00e9 Luis N. (CFE): $513,209 pesos.<br>V\u00edctor Manuel N. (CFE): $502,893 pesos.<br>Jos\u00e9 Domingo N.: $362,908 pesos.<br>Cabe resaltar que la gran mayor\u00eda de los alimentos b\u00e1sicos registraron un alza mensual del 0.78% en febrero, con productos como jitomate (60.2%), lim\u00f3n (25.97%) y bistec (14.2%) reportando incrementos significativos.<\/p>\n","protected":false},"excerpt":{"rendered":"<p>Fanny Y\u00e9pezLa ColumnaCuando resentimos en nuestros bolsillos el incremento de precios del 6.5 por ciento de los productos que componen la canasta alimentaria en M\u00e9xico, superando la inflaci\u00f3n general del 4%, adem\u00e1s de los aumentos de los servicios de agua, luz y gas entre otros, sufrimos porque que no alcanza el salario, pero nos enteramos [&hellip;]<\/p>\n","protected":false},"author":2,"featured_media":141383,"comment_status":"closed","ping_status":"closed","sticky":false,"template":"","format":"standard","meta":{"tdm_status":"","tdm_grid_status":"","footnotes":""},"categories":[70],"tags":[9627,4248,29146,1276,57183,219,195],"class_list":{"0":"post-165921","1":"post","2":"type-post","3":"status-publish","4":"format-standard","5":"has-post-thumbnail","7":"category-de-opinion","8":"tag-claudia-sheinbaum","9":"tag-ipe","10":"tag-martin-aguilar-sanchez-2","11":"tag-pensiones","12":"tag-pensiones-doradas","13":"tag-universidad-veracruzana","14":"tag-veracruz"},"yoast_head":"<!-- This site is optimized with the Yoast SEO plugin v27.4 - https:\/\/yoast.com\/product\/yoast-seo-wordpress\/ -->\n<title>PENSIONES DORADAS EN EL IPE\u2026 \u00bfENTRAR\u00c1N AL RECORTE? - Los pol\u00edticos Veracruz<\/title>\n<meta name=\"robots\" content=\"index, follow, max-snippet:-1, max-image-preview:large, max-video-preview:-1\" \/>\n<link rel=\"canonical\" href=\"https:\/\/lospoliticosveracruz.com\/?p=165921\" \/>\n<meta property=\"og:locale\" content=\"es_ES\" \/>\n<meta property=\"og:type\" content=\"article\" \/>\n<meta property=\"og:title\" content=\"PENSIONES DORADAS EN EL IPE\u2026 \u00bfENTRAR\u00c1N AL RECORTE? - Los pol\u00edticos Veracruz\" \/>\n<meta property=\"og:description\" content=\"Fanny Y\u00e9pezLa ColumnaCuando resentimos en nuestros bolsillos el incremento de precios del 6.5 por ciento de los productos que componen la canasta alimentaria en M\u00e9xico, superando la inflaci\u00f3n general del 4%, adem\u00e1s de los aumentos de los servicios de agua, luz y gas entre otros, sufrimos porque que no alcanza el salario, pero nos enteramos [&hellip;]\" \/>\n<meta property=\"og:url\" content=\"https:\/\/lospoliticosveracruz.com\/?p=165921\" \/>\n<meta property=\"og:site_name\" content=\"Los pol\u00edticos Veracruz\" \/>\n<meta property=\"article:publisher\" content=\"https:\/\/www.facebook.com\/people\/Notimemes-de-los-Polticos\/61565672886568\/\" \/>\n<meta property=\"article:published_time\" content=\"2026-03-12T12:21:25+00:00\" \/>\n<meta property=\"article:modified_time\" content=\"2026-03-12T12:21:26+00:00\" \/>\n<meta property=\"og:image\" content=\"https:\/\/lospoliticosveracruz.com\/wp-content\/uploads\/2025\/04\/Fanny-Yepez-Luna-e1768657334923.jpg\" \/>\n\t<meta property=\"og:image:width\" content=\"600\" \/>\n\t<meta property=\"og:image:height\" content=\"320\" \/>\n\t<meta property=\"og:image:type\" content=\"image\/jpeg\" \/>\n<meta name=\"author\" content=\"Lo viste en Los Pol\u00edticos\" \/>\n<meta name=\"twitter:card\" content=\"summary_large_image\" \/>\n<meta name=\"twitter:creator\" content=\"@LosPoliticosVer\" \/>\n<meta name=\"twitter:site\" content=\"@LosPoliticosVer\" \/>\n<meta name=\"twitter:label1\" content=\"Escrito por\" \/>\n\t<meta name=\"twitter:data1\" content=\"Lo viste en Los Pol\u00edticos\" \/>\n\t<meta name=\"twitter:label2\" content=\"Tiempo de lectura\" \/>\n\t<meta name=\"twitter:data2\" content=\"5 minutos\" \/>\n<script type=\"application\/ld+json\" class=\"yoast-schema-graph\">{\"@context\":\"https:\\\/\\\/schema.org\",\"@graph\":[{\"@type\":\"Article\",\"@id\":\"https:\\\/\\\/lospoliticosveracruz.com\\\/?p=165921#article\",\"isPartOf\":{\"@id\":\"https:\\\/\\\/lospoliticosveracruz.com\\\/?p=165921\"},\"author\":{\"name\":\"Lo viste en Los Pol\u00edticos\",\"@id\":\"https:\\\/\\\/lospoliticosveracruz.com\\\/#\\\/schema\\\/person\\\/b8702bb0e538456e6efd07080bf2a4a2\"},\"headline\":\"PENSIONES DORADAS EN EL IPE\u2026 \u00bfENTRAR\u00c1N AL RECORTE?\",\"datePublished\":\"2026-03-12T12:21:25+00:00\",\"dateModified\":\"2026-03-12T12:21:26+00:00\",\"mainEntityOfPage\":{\"@id\":\"https:\\\/\\\/lospoliticosveracruz.com\\\/?p=165921\"},\"wordCount\":860,\"publisher\":{\"@id\":\"https:\\\/\\\/lospoliticosveracruz.com\\\/#organization\"},\"image\":{\"@id\":\"https:\\\/\\\/lospoliticosveracruz.com\\\/?p=165921#primaryimage\"},\"thumbnailUrl\":\"https:\\\/\\\/lospoliticosveracruz.com\\\/wp-content\\\/uploads\\\/2025\\\/04\\\/Fanny-Yepez-Luna-e1768657334923.jpg\",\"keywords\":[\"Claudia Sheinbaum\",\"IPE\",\"Mart\u00edn Aguilar S\u00e1nchez\",\"Pensiones\",\"Pensiones Doradas\",\"Universidad Veracruzana\",\"Veracruz\"],\"articleSection\":[\"De Opini\u00f3n\"],\"inLanguage\":\"es\"},{\"@type\":\"WebPage\",\"@id\":\"https:\\\/\\\/lospoliticosveracruz.com\\\/?p=165921\",\"url\":\"https:\\\/\\\/lospoliticosveracruz.com\\\/?p=165921\",\"name\":\"PENSIONES DORADAS EN EL IPE\u2026 \u00bfENTRAR\u00c1N AL RECORTE? - Los pol\u00edticos Veracruz\",\"isPartOf\":{\"@id\":\"https:\\\/\\\/lospoliticosveracruz.com\\\/#website\"},\"primaryImageOfPage\":{\"@id\":\"https:\\\/\\\/lospoliticosveracruz.com\\\/?p=165921#primaryimage\"},\"image\":{\"@id\":\"https:\\\/\\\/lospoliticosveracruz.com\\\/?p=165921#primaryimage\"},\"thumbnailUrl\":\"https:\\\/\\\/lospoliticosveracruz.com\\\/wp-content\\\/uploads\\\/2025\\\/04\\\/Fanny-Yepez-Luna-e1768657334923.jpg\",\"datePublished\":\"2026-03-12T12:21:25+00:00\",\"dateModified\":\"2026-03-12T12:21:26+00:00\",\"breadcrumb\":{\"@id\":\"https:\\\/\\\/lospoliticosveracruz.com\\\/?p=165921#breadcrumb\"},\"inLanguage\":\"es\",\"potentialAction\":[{\"@type\":\"ReadAction\",\"target\":[\"https:\\\/\\\/lospoliticosveracruz.com\\\/?p=165921\"]}]},{\"@type\":\"ImageObject\",\"inLanguage\":\"es\",\"@id\":\"https:\\\/\\\/lospoliticosveracruz.com\\\/?p=165921#primaryimage\",\"url\":\"https:\\\/\\\/lospoliticosveracruz.com\\\/wp-content\\\/uploads\\\/2025\\\/04\\\/Fanny-Yepez-Luna-e1768657334923.jpg\",\"contentUrl\":\"https:\\\/\\\/lospoliticosveracruz.com\\\/wp-content\\\/uploads\\\/2025\\\/04\\\/Fanny-Yepez-Luna-e1768657334923.jpg\",\"width\":600,\"height\":320},{\"@type\":\"BreadcrumbList\",\"@id\":\"https:\\\/\\\/lospoliticosveracruz.com\\\/?p=165921#breadcrumb\",\"itemListElement\":[{\"@type\":\"ListItem\",\"position\":1,\"name\":\"Portada\",\"item\":\"https:\\\/\\\/lospoliticosveracruz.com\\\/\"},{\"@type\":\"ListItem\",\"position\":2,\"name\":\"PENSIONES DORADAS EN EL IPE\u2026 \u00bfENTRAR\u00c1N AL RECORTE?\"}]},{\"@type\":\"WebSite\",\"@id\":\"https:\\\/\\\/lospoliticosveracruz.com\\\/#website\",\"url\":\"https:\\\/\\\/lospoliticosveracruz.com\\\/\",\"name\":\"Los pol\u00edticos Veracruz\",\"description\":\"\",\"publisher\":{\"@id\":\"https:\\\/\\\/lospoliticosveracruz.com\\\/#organization\"},\"potentialAction\":[{\"@type\":\"SearchAction\",\"target\":{\"@type\":\"EntryPoint\",\"urlTemplate\":\"https:\\\/\\\/lospoliticosveracruz.com\\\/?s={search_term_string}\"},\"query-input\":{\"@type\":\"PropertyValueSpecification\",\"valueRequired\":true,\"valueName\":\"search_term_string\"}}],\"inLanguage\":\"es\"},{\"@type\":\"Organization\",\"@id\":\"https:\\\/\\\/lospoliticosveracruz.com\\\/#organization\",\"name\":\"Los pol\u00edticos Veracruz\",\"url\":\"https:\\\/\\\/lospoliticosveracruz.com\\\/\",\"logo\":{\"@type\":\"ImageObject\",\"inLanguage\":\"es\",\"@id\":\"https:\\\/\\\/lospoliticosveracruz.com\\\/#\\\/schema\\\/logo\\\/image\\\/\",\"url\":\"https:\\\/\\\/lospoliticosveracruz.com\\\/wp-content\\\/uploads\\\/2025\\\/12\\\/Logo-Nuevo-LOS-POLITICOS-1.jpg\",\"contentUrl\":\"https:\\\/\\\/lospoliticosveracruz.com\\\/wp-content\\\/uploads\\\/2025\\\/12\\\/Logo-Nuevo-LOS-POLITICOS-1.jpg\",\"width\":260,\"height\":70,\"caption\":\"Los pol\u00edticos Veracruz\"},\"image\":{\"@id\":\"https:\\\/\\\/lospoliticosveracruz.com\\\/#\\\/schema\\\/logo\\\/image\\\/\"},\"sameAs\":[\"https:\\\/\\\/www.facebook.com\\\/people\\\/Notimemes-de-los-Polticos\\\/61565672886568\\\/\",\"https:\\\/\\\/x.com\\\/LosPoliticosVer\"]},{\"@type\":\"Person\",\"@id\":\"https:\\\/\\\/lospoliticosveracruz.com\\\/#\\\/schema\\\/person\\\/b8702bb0e538456e6efd07080bf2a4a2\",\"name\":\"Lo viste en Los Pol\u00edticos\",\"image\":{\"@type\":\"ImageObject\",\"inLanguage\":\"es\",\"@id\":\"https:\\\/\\\/secure.gravatar.com\\\/avatar\\\/3a8de04a2656d44082be478bd6c086daa447c4651605818287b9532d3d0bd435?s=96&d=mm&r=g\",\"url\":\"https:\\\/\\\/secure.gravatar.com\\\/avatar\\\/3a8de04a2656d44082be478bd6c086daa447c4651605818287b9532d3d0bd435?s=96&d=mm&r=g\",\"contentUrl\":\"https:\\\/\\\/secure.gravatar.com\\\/avatar\\\/3a8de04a2656d44082be478bd6c086daa447c4651605818287b9532d3d0bd435?s=96&d=mm&r=g\",\"caption\":\"Lo viste en Los Pol\u00edticos\"},\"url\":\"https:\\\/\\\/lospoliticosveracruz.com\\\/?author=2\"}]}<\/script>\n<!-- \/ Yoast SEO plugin. -->","yoast_head_json":{"title":"PENSIONES DORADAS EN EL IPE\u2026 \u00bfENTRAR\u00c1N AL RECORTE? - Los pol\u00edticos Veracruz","robots":{"index":"index","follow":"follow","max-snippet":"max-snippet:-1","max-image-preview":"max-image-preview:large","max-video-preview":"max-video-preview:-1"},"canonical":"https:\/\/lospoliticosveracruz.com\/?p=165921","og_locale":"es_ES","og_type":"article","og_title":"PENSIONES DORADAS EN EL IPE\u2026 \u00bfENTRAR\u00c1N AL RECORTE? - Los pol\u00edticos Veracruz","og_description":"Fanny Y\u00e9pezLa ColumnaCuando resentimos en nuestros bolsillos el incremento de precios del 6.5 por ciento de los productos que componen la canasta alimentaria en M\u00e9xico, superando la inflaci\u00f3n general del 4%, adem\u00e1s de los aumentos de los servicios de agua, luz y gas entre otros, sufrimos porque que no alcanza el salario, pero nos enteramos [&hellip;]","og_url":"https:\/\/lospoliticosveracruz.com\/?p=165921","og_site_name":"Los pol\u00edticos Veracruz","article_publisher":"https:\/\/www.facebook.com\/people\/Notimemes-de-los-Polticos\/61565672886568\/","article_published_time":"2026-03-12T12:21:25+00:00","article_modified_time":"2026-03-12T12:21:26+00:00","og_image":[{"width":600,"height":320,"url":"https:\/\/lospoliticosveracruz.com\/wp-content\/uploads\/2025\/04\/Fanny-Yepez-Luna-e1768657334923.jpg","type":"image\/jpeg"}],"author":"Lo viste en Los Pol\u00edticos","twitter_card":"summary_large_image","twitter_creator":"@LosPoliticosVer","twitter_site":"@LosPoliticosVer","twitter_misc":{"Escrito por":"Lo viste en Los Pol\u00edticos","Tiempo de lectura":"5 minutos"},"schema":{"@context":"https:\/\/schema.org","@graph":[{"@type":"Article","@id":"https:\/\/lospoliticosveracruz.com\/?p=165921#article","isPartOf":{"@id":"https:\/\/lospoliticosveracruz.com\/?p=165921"},"author":{"name":"Lo viste en Los Pol\u00edticos","@id":"https:\/\/lospoliticosveracruz.com\/#\/schema\/person\/b8702bb0e538456e6efd07080bf2a4a2"},"headline":"PENSIONES DORADAS EN EL IPE\u2026 \u00bfENTRAR\u00c1N AL RECORTE?","datePublished":"2026-03-12T12:21:25+00:00","dateModified":"2026-03-12T12:21:26+00:00","mainEntityOfPage":{"@id":"https:\/\/lospoliticosveracruz.com\/?p=165921"},"wordCount":860,"publisher":{"@id":"https:\/\/lospoliticosveracruz.com\/#organization"},"image":{"@id":"https:\/\/lospoliticosveracruz.com\/?p=165921#primaryimage"},"thumbnailUrl":"https:\/\/lospoliticosveracruz.com\/wp-content\/uploads\/2025\/04\/Fanny-Yepez-Luna-e1768657334923.jpg","keywords":["Claudia Sheinbaum","IPE","Mart\u00edn Aguilar S\u00e1nchez","Pensiones","Pensiones Doradas","Universidad Veracruzana","Veracruz"],"articleSection":["De Opini\u00f3n"],"inLanguage":"es"},{"@type":"WebPage","@id":"https:\/\/lospoliticosveracruz.com\/?p=165921","url":"https:\/\/lospoliticosveracruz.com\/?p=165921","name":"PENSIONES DORADAS EN EL IPE\u2026 \u00bfENTRAR\u00c1N AL RECORTE? - Los pol\u00edticos Veracruz","isPartOf":{"@id":"https:\/\/lospoliticosveracruz.com\/#website"},"primaryImageOfPage":{"@id":"https:\/\/lospoliticosveracruz.com\/?p=165921#primaryimage"},"image":{"@id":"https:\/\/lospoliticosveracruz.com\/?p=165921#primaryimage"},"thumbnailUrl":"https:\/\/lospoliticosveracruz.com\/wp-content\/uploads\/2025\/04\/Fanny-Yepez-Luna-e1768657334923.jpg","datePublished":"2026-03-12T12:21:25+00:00","dateModified":"2026-03-12T12:21:26+00:00","breadcrumb":{"@id":"https:\/\/lospoliticosveracruz.com\/?p=165921#breadcrumb"},"inLanguage":"es","potentialAction":[{"@type":"ReadAction","target":["https:\/\/lospoliticosveracruz.com\/?p=165921"]}]},{"@type":"ImageObject","inLanguage":"es","@id":"https:\/\/lospoliticosveracruz.com\/?p=165921#primaryimage","url":"https:\/\/lospoliticosveracruz.com\/wp-content\/uploads\/2025\/04\/Fanny-Yepez-Luna-e1768657334923.jpg","contentUrl":"https:\/\/lospoliticosveracruz.com\/wp-content\/uploads\/2025\/04\/Fanny-Yepez-Luna-e1768657334923.jpg","width":600,"height":320},{"@type":"BreadcrumbList","@id":"https:\/\/lospoliticosveracruz.com\/?p=165921#breadcrumb","itemListElement":[{"@type":"ListItem","position":1,"name":"Portada","item":"https:\/\/lospoliticosveracruz.com\/"},{"@type":"ListItem","position":2,"name":"PENSIONES DORADAS EN EL IPE\u2026 \u00bfENTRAR\u00c1N AL RECORTE?"}]},{"@type":"WebSite","@id":"https:\/\/lospoliticosveracruz.com\/#website","url":"https:\/\/lospoliticosveracruz.com\/","name":"Los pol\u00edticos Veracruz","description":"","publisher":{"@id":"https:\/\/lospoliticosveracruz.com\/#organization"},"potentialAction":[{"@type":"SearchAction","target":{"@type":"EntryPoint","urlTemplate":"https:\/\/lospoliticosveracruz.com\/?s={search_term_string}"},"query-input":{"@type":"PropertyValueSpecification","valueRequired":true,"valueName":"search_term_string"}}],"inLanguage":"es"},{"@type":"Organization","@id":"https:\/\/lospoliticosveracruz.com\/#organization","name":"Los pol\u00edticos Veracruz","url":"https:\/\/lospoliticosveracruz.com\/","logo":{"@type":"ImageObject","inLanguage":"es","@id":"https:\/\/lospoliticosveracruz.com\/#\/schema\/logo\/image\/","url":"https:\/\/lospoliticosveracruz.com\/wp-content\/uploads\/2025\/12\/Logo-Nuevo-LOS-POLITICOS-1.jpg","contentUrl":"https:\/\/lospoliticosveracruz.com\/wp-content\/uploads\/2025\/12\/Logo-Nuevo-LOS-POLITICOS-1.jpg","width":260,"height":70,"caption":"Los pol\u00edticos Veracruz"},"image":{"@id":"https:\/\/lospoliticosveracruz.com\/#\/schema\/logo\/image\/"},"sameAs":["https:\/\/www.facebook.com\/people\/Notimemes-de-los-Polticos\/61565672886568\/","https:\/\/x.com\/LosPoliticosVer"]},{"@type":"Person","@id":"https:\/\/lospoliticosveracruz.com\/#\/schema\/person\/b8702bb0e538456e6efd07080bf2a4a2","name":"Lo viste en Los Pol\u00edticos","image":{"@type":"ImageObject","inLanguage":"es","@id":"https:\/\/secure.gravatar.com\/avatar\/3a8de04a2656d44082be478bd6c086daa447c4651605818287b9532d3d0bd435?s=96&d=mm&r=g","url":"https:\/\/secure.gravatar.com\/avatar\/3a8de04a2656d44082be478bd6c086daa447c4651605818287b9532d3d0bd435?s=96&d=mm&r=g","contentUrl":"https:\/\/secure.gravatar.com\/avatar\/3a8de04a2656d44082be478bd6c086daa447c4651605818287b9532d3d0bd435?s=96&d=mm&r=g","caption":"Lo viste en Los Pol\u00edticos"},"url":"https:\/\/lospoliticosveracruz.com\/?author=2"}]}},"_links":{"self":[{"href":"https:\/\/lospoliticosveracruz.com\/index.php?rest_route=\/wp\/v2\/posts\/165921","targetHints":{"allow":["GET"]}}],"collection":[{"href":"https:\/\/lospoliticosveracruz.com\/index.php?rest_route=\/wp\/v2\/posts"}],"about":[{"href":"https:\/\/lospoliticosveracruz.com\/index.php?rest_route=\/wp\/v2\/types\/post"}],"author":[{"embeddable":true,"href":"https:\/\/lospoliticosveracruz.com\/index.php?rest_route=\/wp\/v2\/users\/2"}],"replies":[{"embeddable":true,"href":"https:\/\/lospoliticosveracruz.com\/index.php?rest_route=%2Fwp%2Fv2%2Fcomments&post=165921"}],"version-history":[{"count":1,"href":"https:\/\/lospoliticosveracruz.com\/index.php?rest_route=\/wp\/v2\/posts\/165921\/revisions"}],"predecessor-version":[{"id":165922,"href":"https:\/\/lospoliticosveracruz.com\/index.php?rest_route=\/wp\/v2\/posts\/165921\/revisions\/165922"}],"wp:featuredmedia":[{"embeddable":true,"href":"https:\/\/lospoliticosveracruz.com\/index.php?rest_route=\/wp\/v2\/media\/141383"}],"wp:attachment":[{"href":"https:\/\/lospoliticosveracruz.com\/index.php?rest_route=%2Fwp%2Fv2%2Fmedia&parent=165921"}],"wp:term":[{"taxonomy":"category","embeddable":true,"href":"https:\/\/lospoliticosveracruz.com\/index.php?rest_route=%2Fwp%2Fv2%2Fcategories&post=165921"},{"taxonomy":"post_tag","embeddable":true,"href":"https:\/\/lospoliticosveracruz.com\/index.php?rest_route=%2Fwp%2Fv2%2Ftags&post=165921"}],"curies":[{"name":"wp","href":"https:\/\/api.w.org\/{rel}","templated":true}]}}