{"id":165923,"date":"2026-03-12T07:04:28","date_gmt":"2026-03-12T13:04:28","guid":{"rendered":"https:\/\/lospoliticosveracruz.com\/?p=165923"},"modified":"2026-03-12T07:04:29","modified_gmt":"2026-03-12T13:04:29","slug":"xalapa-y-el-turismo-religioso","status":"publish","type":"post","link":"https:\/\/lospoliticosveracruz.com\/?p=165923","title":{"rendered":"XALAPA Y EL TURISMO RELIGIOSO"},"content":{"rendered":"\n<p><strong>Yamiri Rodr\u00edguez Madrid<\/strong><br><em>La vuelta a Veracruz en un\u00a0teclazo<\/em><\/p>\n\n\n\n<p>Xalapa es una ciudad de muchas facetas que deben ser bien aprovechadas para apuntalar su vocaci\u00f3n tur\u00edstica y, por ende, su econom\u00eda. Por eso, ahora que se habla de darle impulso al turismo religioso, resulta sumamente interesante ver al gobierno municipal, a los empresarios, y a la propia Arquidi\u00f3cesis haciendo sinergia en este esfuerzo que no es una ocurrencia; por el contrario.<\/p>\n\n\n\n<p>De acuerdo con datos del INEGI, el 77.7 de la poblaci\u00f3n en este pa\u00eds profesa la religi\u00f3n cat\u00f3lica. &nbsp; &nbsp;Este dato toma relevancia en las fechas significativas para este credo, con las peregrinaciones del 12 de diciembre a la Bas\u00edlica de Guadalupe, en octubre al Templo de San Judas Tadeo o tambi\u00e9n los miles de personas que a\u00f1o con a\u00f1o van a ver a la Virgen de Juquila o a nuestra Se\u00f1ora de los Lagos. &nbsp;&nbsp;<\/p>\n\n\n\n<p>Pero en Xalapa tambi\u00e9n tenemos lo nuestro. Quien no puede viajar a la Ciudad de M\u00e9xico a cumplir su manda, viene a la capital veracruzana a la iglesia de El Dique, que es una bas\u00edlica menor.&nbsp;Se han registrado hasta 40 mil feligreses que, obviamente, durante esos d\u00edas, generan una importante derrama econ\u00f3mica.<\/p>\n\n\n\n<p>Est\u00e1n tambi\u00e9n las peregrinaciones y visitas a la tumba de nuestro santo, San Rafael Guizar y Valencia. &nbsp;&nbsp;Tantas personas mueve&nbsp;la fe hacia \u00e9l, que la Arquidi\u00f3cesis&nbsp;de Xalapa, en 2008,&nbsp;abri\u00f3 en el Antiguo Palacio Episcopal un museo dedicado a su vida, obra y milagro.&nbsp;Y por supuesto, hay en el municipio muchas iglesias que, por su belleza arquitect\u00f3nica y su historia, bien vale la pena visitar, como la propia Iglesia de San Jos\u00e9, donde estuvo el cad\u00e1ver de Maximiliano.<\/p>\n\n\n\n<p>La presidenta municipal Daniela Griego Ceballos tiene la visi\u00f3n de apalancar el turismo religioso y hacer de Xalapa un referente del turismo sacro, por ello se anunci\u00f3&nbsp;el Festival Internacional de M\u00fasica y Arte Sacro (FIMAS) 2026, del 13 de marzo al 2 de abril,&nbsp;que no es solo para que en esos 17 d\u00edas lleguen muchos turistas a Xalapa, sino para el disfrute de la ciudadan\u00eda y de toda la regi\u00f3n de las 30 actividades que se ofrecer\u00e1n como conciertos, recorridos, conferencias, talleres, etc\u00e9tera.<\/p>\n\n\n\n<p>E incluso va m\u00e1s all\u00e1 pues adem\u00e1s de abrir espacios a la gran&nbsp;Orquesta Sinf\u00f3nica de Xalapa (OSX),&nbsp;al Coro de la Universidad Veracruzana,&nbsp;y&nbsp;la Orquesta Filarm\u00f3nica de Xalapa, tambi\u00e9n se estrechan lazos con otros municipios y con otros estados, pues estar\u00e1n tambi\u00e9n&nbsp;el Coro de C\u00e1mara de Yucat\u00e1n, el Ensamble Vocal de la Universidad de las Artes de Yucat\u00e1n, el Coro de los Monjes Benedictinos de Santa Mar\u00eda y Todos los Santos de&nbsp;Tex\u00edn&nbsp;o&nbsp;el Coro de la Ciudad de Perote,&nbsp;por mencionar algunos.<\/p>\n\n\n\n<p>El objetivo que ha planteado la alcaldesa&nbsp;de Xalapa&nbsp;no es menor,&nbsp;dado que el turismo religioso es un nicho en expansi\u00f3n con alcance internacional, sobre todo despu\u00e9s de la pandemia del Covid19. Datos de la propia SECTUR,&nbsp;a nivel nacional,&nbsp;demuestran que&nbsp;tan solo&nbsp;la derrama econ\u00f3mica del llamado Corredor Guadalupano es de 20 mil millones de pesos en promedio.&nbsp;<\/p>\n\n\n\n<p>Y apenas en octubre de 2025, el gobierno federal lanz\u00f3 un primer Cat\u00e1logo de Turismo Religioso donde esperemos pronto sea incluido Xalapa y todo el estado. Mientras eso sucede, algo similar se podr\u00eda hacer a nivel regional y o estatal a fin de hacer del turismo religioso otro motor econ\u00f3mico, tal y como lo est\u00e1 ya trabajando Xalapa.<\/p>\n\n\n\n<p>@YamiriRodriguez<\/p>\n","protected":false},"excerpt":{"rendered":"<p>Yamiri Rodr\u00edguez MadridLa vuelta a Veracruz en un\u00a0teclazo Xalapa es una ciudad de muchas facetas que deben ser bien aprovechadas para apuntalar su vocaci\u00f3n tur\u00edstica y, por ende, su econom\u00eda. Por eso, ahora que se habla de darle impulso al turismo religioso, resulta sumamente interesante ver al gobierno municipal, a los empresarios, y a la [&hellip;]<\/p>\n","protected":false},"author":2,"featured_media":141413,"comment_status":"closed","ping_status":"closed","sticky":false,"template":"","format":"standard","meta":{"tdm_status":"","tdm_grid_status":"","footnotes":""},"categories":[70],"tags":[5622,56964,57185,57184,57186,96,42407],"class_list":{"0":"post-165923","1":"post","2":"type-post","3":"status-publish","4":"format-standard","5":"has-post-thumbnail","7":"category-de-opinion","8":"tag-daniela-griego","9":"tag-festival-internacional-de-musica-y-arte-sacro-xalapa","10":"tag-fimas","11":"tag-turismo-religioso","12":"tag-turismo-sacro","13":"tag-xalapa","14":"tag-yamiri-rodriguez-madrid"},"yoast_head":"<!-- This site is optimized with the Yoast SEO plugin v27.4 - https:\/\/yoast.com\/product\/yoast-seo-wordpress\/ -->\n<title>XALAPA Y EL TURISMO RELIGIOSO - Los pol\u00edticos Veracruz<\/title>\n<meta name=\"robots\" content=\"index, follow, max-snippet:-1, max-image-preview:large, max-video-preview:-1\" \/>\n<link rel=\"canonical\" href=\"https:\/\/lospoliticosveracruz.com\/?p=165923\" \/>\n<meta property=\"og:locale\" content=\"es_ES\" \/>\n<meta property=\"og:type\" content=\"article\" \/>\n<meta property=\"og:title\" content=\"XALAPA Y EL TURISMO RELIGIOSO - Los pol\u00edticos Veracruz\" \/>\n<meta property=\"og:description\" content=\"Yamiri Rodr\u00edguez MadridLa vuelta a Veracruz en un\u00a0teclazo Xalapa es una ciudad de muchas facetas que deben ser bien aprovechadas para apuntalar su vocaci\u00f3n tur\u00edstica y, por ende, su econom\u00eda. Por eso, ahora que se habla de darle impulso al turismo religioso, resulta sumamente interesante ver al gobierno municipal, a los empresarios, y a la [&hellip;]\" \/>\n<meta property=\"og:url\" content=\"https:\/\/lospoliticosveracruz.com\/?p=165923\" \/>\n<meta property=\"og:site_name\" content=\"Los pol\u00edticos Veracruz\" \/>\n<meta property=\"article:publisher\" content=\"https:\/\/www.facebook.com\/people\/Notimemes-de-los-Polticos\/61565672886568\/\" \/>\n<meta property=\"article:published_time\" content=\"2026-03-12T13:04:28+00:00\" \/>\n<meta property=\"article:modified_time\" content=\"2026-03-12T13:04:29+00:00\" \/>\n<meta property=\"og:image\" content=\"https:\/\/lospoliticosveracruz.com\/wp-content\/uploads\/2025\/04\/Yamiri-Rodriguez-Madrid-e1768315710241.jpg\" \/>\n\t<meta property=\"og:image:width\" content=\"600\" \/>\n\t<meta property=\"og:image:height\" content=\"320\" \/>\n\t<meta property=\"og:image:type\" content=\"image\/jpeg\" \/>\n<meta name=\"author\" content=\"Lo viste en Los Pol\u00edticos\" \/>\n<meta name=\"twitter:card\" content=\"summary_large_image\" \/>\n<meta name=\"twitter:creator\" content=\"@LosPoliticosVer\" \/>\n<meta name=\"twitter:site\" content=\"@LosPoliticosVer\" \/>\n<meta name=\"twitter:label1\" content=\"Escrito por\" \/>\n\t<meta name=\"twitter:data1\" content=\"Lo viste en Los Pol\u00edticos\" \/>\n\t<meta name=\"twitter:label2\" content=\"Tiempo de lectura\" \/>\n\t<meta name=\"twitter:data2\" content=\"3 minutos\" \/>\n<script type=\"application\/ld+json\" class=\"yoast-schema-graph\">{\"@context\":\"https:\\\/\\\/schema.org\",\"@graph\":[{\"@type\":\"Article\",\"@id\":\"https:\\\/\\\/lospoliticosveracruz.com\\\/?p=165923#article\",\"isPartOf\":{\"@id\":\"https:\\\/\\\/lospoliticosveracruz.com\\\/?p=165923\"},\"author\":{\"name\":\"Lo viste en Los Pol\u00edticos\",\"@id\":\"https:\\\/\\\/lospoliticosveracruz.com\\\/#\\\/schema\\\/person\\\/b8702bb0e538456e6efd07080bf2a4a2\"},\"headline\":\"XALAPA Y EL TURISMO RELIGIOSO\",\"datePublished\":\"2026-03-12T13:04:28+00:00\",\"dateModified\":\"2026-03-12T13:04:29+00:00\",\"mainEntityOfPage\":{\"@id\":\"https:\\\/\\\/lospoliticosveracruz.com\\\/?p=165923\"},\"wordCount\":645,\"publisher\":{\"@id\":\"https:\\\/\\\/lospoliticosveracruz.com\\\/#organization\"},\"image\":{\"@id\":\"https:\\\/\\\/lospoliticosveracruz.com\\\/?p=165923#primaryimage\"},\"thumbnailUrl\":\"https:\\\/\\\/lospoliticosveracruz.com\\\/wp-content\\\/uploads\\\/2025\\\/04\\\/Yamiri-Rodriguez-Madrid-e1768315710241.jpg\",\"keywords\":[\"Daniela Griego\",\"Festival Internacional de M\u00fasica y Arte Sacro Xalapa\",\"FIMAS\",\"Turismo Religioso\",\"Turismo Sacro\",\"Xalapa\",\"Yamiri Rodr\u00edguez Madrid\"],\"articleSection\":[\"De Opini\u00f3n\"],\"inLanguage\":\"es\"},{\"@type\":\"WebPage\",\"@id\":\"https:\\\/\\\/lospoliticosveracruz.com\\\/?p=165923\",\"url\":\"https:\\\/\\\/lospoliticosveracruz.com\\\/?p=165923\",\"name\":\"XALAPA Y EL TURISMO RELIGIOSO - Los pol\u00edticos Veracruz\",\"isPartOf\":{\"@id\":\"https:\\\/\\\/lospoliticosveracruz.com\\\/#website\"},\"primaryImageOfPage\":{\"@id\":\"https:\\\/\\\/lospoliticosveracruz.com\\\/?p=165923#primaryimage\"},\"image\":{\"@id\":\"https:\\\/\\\/lospoliticosveracruz.com\\\/?p=165923#primaryimage\"},\"thumbnailUrl\":\"https:\\\/\\\/lospoliticosveracruz.com\\\/wp-content\\\/uploads\\\/2025\\\/04\\\/Yamiri-Rodriguez-Madrid-e1768315710241.jpg\",\"datePublished\":\"2026-03-12T13:04:28+00:00\",\"dateModified\":\"2026-03-12T13:04:29+00:00\",\"breadcrumb\":{\"@id\":\"https:\\\/\\\/lospoliticosveracruz.com\\\/?p=165923#breadcrumb\"},\"inLanguage\":\"es\",\"potentialAction\":[{\"@type\":\"ReadAction\",\"target\":[\"https:\\\/\\\/lospoliticosveracruz.com\\\/?p=165923\"]}]},{\"@type\":\"ImageObject\",\"inLanguage\":\"es\",\"@id\":\"https:\\\/\\\/lospoliticosveracruz.com\\\/?p=165923#primaryimage\",\"url\":\"https:\\\/\\\/lospoliticosveracruz.com\\\/wp-content\\\/uploads\\\/2025\\\/04\\\/Yamiri-Rodriguez-Madrid-e1768315710241.jpg\",\"contentUrl\":\"https:\\\/\\\/lospoliticosveracruz.com\\\/wp-content\\\/uploads\\\/2025\\\/04\\\/Yamiri-Rodriguez-Madrid-e1768315710241.jpg\",\"width\":600,\"height\":320},{\"@type\":\"BreadcrumbList\",\"@id\":\"https:\\\/\\\/lospoliticosveracruz.com\\\/?p=165923#breadcrumb\",\"itemListElement\":[{\"@type\":\"ListItem\",\"position\":1,\"name\":\"Portada\",\"item\":\"https:\\\/\\\/lospoliticosveracruz.com\\\/\"},{\"@type\":\"ListItem\",\"position\":2,\"name\":\"XALAPA Y EL TURISMO RELIGIOSO\"}]},{\"@type\":\"WebSite\",\"@id\":\"https:\\\/\\\/lospoliticosveracruz.com\\\/#website\",\"url\":\"https:\\\/\\\/lospoliticosveracruz.com\\\/\",\"name\":\"Los pol\u00edticos Veracruz\",\"description\":\"\",\"publisher\":{\"@id\":\"https:\\\/\\\/lospoliticosveracruz.com\\\/#organization\"},\"potentialAction\":[{\"@type\":\"SearchAction\",\"target\":{\"@type\":\"EntryPoint\",\"urlTemplate\":\"https:\\\/\\\/lospoliticosveracruz.com\\\/?s={search_term_string}\"},\"query-input\":{\"@type\":\"PropertyValueSpecification\",\"valueRequired\":true,\"valueName\":\"search_term_string\"}}],\"inLanguage\":\"es\"},{\"@type\":\"Organization\",\"@id\":\"https:\\\/\\\/lospoliticosveracruz.com\\\/#organization\",\"name\":\"Los pol\u00edticos Veracruz\",\"url\":\"https:\\\/\\\/lospoliticosveracruz.com\\\/\",\"logo\":{\"@type\":\"ImageObject\",\"inLanguage\":\"es\",\"@id\":\"https:\\\/\\\/lospoliticosveracruz.com\\\/#\\\/schema\\\/logo\\\/image\\\/\",\"url\":\"https:\\\/\\\/lospoliticosveracruz.com\\\/wp-content\\\/uploads\\\/2025\\\/12\\\/Logo-Nuevo-LOS-POLITICOS-1.jpg\",\"contentUrl\":\"https:\\\/\\\/lospoliticosveracruz.com\\\/wp-content\\\/uploads\\\/2025\\\/12\\\/Logo-Nuevo-LOS-POLITICOS-1.jpg\",\"width\":260,\"height\":70,\"caption\":\"Los pol\u00edticos Veracruz\"},\"image\":{\"@id\":\"https:\\\/\\\/lospoliticosveracruz.com\\\/#\\\/schema\\\/logo\\\/image\\\/\"},\"sameAs\":[\"https:\\\/\\\/www.facebook.com\\\/people\\\/Notimemes-de-los-Polticos\\\/61565672886568\\\/\",\"https:\\\/\\\/x.com\\\/LosPoliticosVer\"]},{\"@type\":\"Person\",\"@id\":\"https:\\\/\\\/lospoliticosveracruz.com\\\/#\\\/schema\\\/person\\\/b8702bb0e538456e6efd07080bf2a4a2\",\"name\":\"Lo viste en Los Pol\u00edticos\",\"image\":{\"@type\":\"ImageObject\",\"inLanguage\":\"es\",\"@id\":\"https:\\\/\\\/secure.gravatar.com\\\/avatar\\\/3a8de04a2656d44082be478bd6c086daa447c4651605818287b9532d3d0bd435?s=96&d=mm&r=g\",\"url\":\"https:\\\/\\\/secure.gravatar.com\\\/avatar\\\/3a8de04a2656d44082be478bd6c086daa447c4651605818287b9532d3d0bd435?s=96&d=mm&r=g\",\"contentUrl\":\"https:\\\/\\\/secure.gravatar.com\\\/avatar\\\/3a8de04a2656d44082be478bd6c086daa447c4651605818287b9532d3d0bd435?s=96&d=mm&r=g\",\"caption\":\"Lo viste en Los Pol\u00edticos\"},\"url\":\"https:\\\/\\\/lospoliticosveracruz.com\\\/?author=2\"}]}<\/script>\n<!-- \/ Yoast SEO plugin. -->","yoast_head_json":{"title":"XALAPA Y EL TURISMO RELIGIOSO - Los pol\u00edticos Veracruz","robots":{"index":"index","follow":"follow","max-snippet":"max-snippet:-1","max-image-preview":"max-image-preview:large","max-video-preview":"max-video-preview:-1"},"canonical":"https:\/\/lospoliticosveracruz.com\/?p=165923","og_locale":"es_ES","og_type":"article","og_title":"XALAPA Y EL TURISMO RELIGIOSO - Los pol\u00edticos Veracruz","og_description":"Yamiri Rodr\u00edguez MadridLa vuelta a Veracruz en un\u00a0teclazo Xalapa es una ciudad de muchas facetas que deben ser bien aprovechadas para apuntalar su vocaci\u00f3n tur\u00edstica y, por ende, su econom\u00eda. Por eso, ahora que se habla de darle impulso al turismo religioso, resulta sumamente interesante ver al gobierno municipal, a los empresarios, y a la [&hellip;]","og_url":"https:\/\/lospoliticosveracruz.com\/?p=165923","og_site_name":"Los pol\u00edticos Veracruz","article_publisher":"https:\/\/www.facebook.com\/people\/Notimemes-de-los-Polticos\/61565672886568\/","article_published_time":"2026-03-12T13:04:28+00:00","article_modified_time":"2026-03-12T13:04:29+00:00","og_image":[{"width":600,"height":320,"url":"https:\/\/lospoliticosveracruz.com\/wp-content\/uploads\/2025\/04\/Yamiri-Rodriguez-Madrid-e1768315710241.jpg","type":"image\/jpeg"}],"author":"Lo viste en Los Pol\u00edticos","twitter_card":"summary_large_image","twitter_creator":"@LosPoliticosVer","twitter_site":"@LosPoliticosVer","twitter_misc":{"Escrito por":"Lo viste en Los Pol\u00edticos","Tiempo de lectura":"3 minutos"},"schema":{"@context":"https:\/\/schema.org","@graph":[{"@type":"Article","@id":"https:\/\/lospoliticosveracruz.com\/?p=165923#article","isPartOf":{"@id":"https:\/\/lospoliticosveracruz.com\/?p=165923"},"author":{"name":"Lo viste en Los Pol\u00edticos","@id":"https:\/\/lospoliticosveracruz.com\/#\/schema\/person\/b8702bb0e538456e6efd07080bf2a4a2"},"headline":"XALAPA Y EL TURISMO RELIGIOSO","datePublished":"2026-03-12T13:04:28+00:00","dateModified":"2026-03-12T13:04:29+00:00","mainEntityOfPage":{"@id":"https:\/\/lospoliticosveracruz.com\/?p=165923"},"wordCount":645,"publisher":{"@id":"https:\/\/lospoliticosveracruz.com\/#organization"},"image":{"@id":"https:\/\/lospoliticosveracruz.com\/?p=165923#primaryimage"},"thumbnailUrl":"https:\/\/lospoliticosveracruz.com\/wp-content\/uploads\/2025\/04\/Yamiri-Rodriguez-Madrid-e1768315710241.jpg","keywords":["Daniela Griego","Festival Internacional de M\u00fasica y Arte Sacro Xalapa","FIMAS","Turismo Religioso","Turismo Sacro","Xalapa","Yamiri Rodr\u00edguez Madrid"],"articleSection":["De Opini\u00f3n"],"inLanguage":"es"},{"@type":"WebPage","@id":"https:\/\/lospoliticosveracruz.com\/?p=165923","url":"https:\/\/lospoliticosveracruz.com\/?p=165923","name":"XALAPA Y EL TURISMO RELIGIOSO - Los pol\u00edticos Veracruz","isPartOf":{"@id":"https:\/\/lospoliticosveracruz.com\/#website"},"primaryImageOfPage":{"@id":"https:\/\/lospoliticosveracruz.com\/?p=165923#primaryimage"},"image":{"@id":"https:\/\/lospoliticosveracruz.com\/?p=165923#primaryimage"},"thumbnailUrl":"https:\/\/lospoliticosveracruz.com\/wp-content\/uploads\/2025\/04\/Yamiri-Rodriguez-Madrid-e1768315710241.jpg","datePublished":"2026-03-12T13:04:28+00:00","dateModified":"2026-03-12T13:04:29+00:00","breadcrumb":{"@id":"https:\/\/lospoliticosveracruz.com\/?p=165923#breadcrumb"},"inLanguage":"es","potentialAction":[{"@type":"ReadAction","target":["https:\/\/lospoliticosveracruz.com\/?p=165923"]}]},{"@type":"ImageObject","inLanguage":"es","@id":"https:\/\/lospoliticosveracruz.com\/?p=165923#primaryimage","url":"https:\/\/lospoliticosveracruz.com\/wp-content\/uploads\/2025\/04\/Yamiri-Rodriguez-Madrid-e1768315710241.jpg","contentUrl":"https:\/\/lospoliticosveracruz.com\/wp-content\/uploads\/2025\/04\/Yamiri-Rodriguez-Madrid-e1768315710241.jpg","width":600,"height":320},{"@type":"BreadcrumbList","@id":"https:\/\/lospoliticosveracruz.com\/?p=165923#breadcrumb","itemListElement":[{"@type":"ListItem","position":1,"name":"Portada","item":"https:\/\/lospoliticosveracruz.com\/"},{"@type":"ListItem","position":2,"name":"XALAPA Y EL TURISMO RELIGIOSO"}]},{"@type":"WebSite","@id":"https:\/\/lospoliticosveracruz.com\/#website","url":"https:\/\/lospoliticosveracruz.com\/","name":"Los pol\u00edticos Veracruz","description":"","publisher":{"@id":"https:\/\/lospoliticosveracruz.com\/#organization"},"potentialAction":[{"@type":"SearchAction","target":{"@type":"EntryPoint","urlTemplate":"https:\/\/lospoliticosveracruz.com\/?s={search_term_string}"},"query-input":{"@type":"PropertyValueSpecification","valueRequired":true,"valueName":"search_term_string"}}],"inLanguage":"es"},{"@type":"Organization","@id":"https:\/\/lospoliticosveracruz.com\/#organization","name":"Los pol\u00edticos Veracruz","url":"https:\/\/lospoliticosveracruz.com\/","logo":{"@type":"ImageObject","inLanguage":"es","@id":"https:\/\/lospoliticosveracruz.com\/#\/schema\/logo\/image\/","url":"https:\/\/lospoliticosveracruz.com\/wp-content\/uploads\/2025\/12\/Logo-Nuevo-LOS-POLITICOS-1.jpg","contentUrl":"https:\/\/lospoliticosveracruz.com\/wp-content\/uploads\/2025\/12\/Logo-Nuevo-LOS-POLITICOS-1.jpg","width":260,"height":70,"caption":"Los pol\u00edticos Veracruz"},"image":{"@id":"https:\/\/lospoliticosveracruz.com\/#\/schema\/logo\/image\/"},"sameAs":["https:\/\/www.facebook.com\/people\/Notimemes-de-los-Polticos\/61565672886568\/","https:\/\/x.com\/LosPoliticosVer"]},{"@type":"Person","@id":"https:\/\/lospoliticosveracruz.com\/#\/schema\/person\/b8702bb0e538456e6efd07080bf2a4a2","name":"Lo viste en Los Pol\u00edticos","image":{"@type":"ImageObject","inLanguage":"es","@id":"https:\/\/secure.gravatar.com\/avatar\/3a8de04a2656d44082be478bd6c086daa447c4651605818287b9532d3d0bd435?s=96&d=mm&r=g","url":"https:\/\/secure.gravatar.com\/avatar\/3a8de04a2656d44082be478bd6c086daa447c4651605818287b9532d3d0bd435?s=96&d=mm&r=g","contentUrl":"https:\/\/secure.gravatar.com\/avatar\/3a8de04a2656d44082be478bd6c086daa447c4651605818287b9532d3d0bd435?s=96&d=mm&r=g","caption":"Lo viste en Los Pol\u00edticos"},"url":"https:\/\/lospoliticosveracruz.com\/?author=2"}]}},"_links":{"self":[{"href":"https:\/\/lospoliticosveracruz.com\/index.php?rest_route=\/wp\/v2\/posts\/165923","targetHints":{"allow":["GET"]}}],"collection":[{"href":"https:\/\/lospoliticosveracruz.com\/index.php?rest_route=\/wp\/v2\/posts"}],"about":[{"href":"https:\/\/lospoliticosveracruz.com\/index.php?rest_route=\/wp\/v2\/types\/post"}],"author":[{"embeddable":true,"href":"https:\/\/lospoliticosveracruz.com\/index.php?rest_route=\/wp\/v2\/users\/2"}],"replies":[{"embeddable":true,"href":"https:\/\/lospoliticosveracruz.com\/index.php?rest_route=%2Fwp%2Fv2%2Fcomments&post=165923"}],"version-history":[{"count":1,"href":"https:\/\/lospoliticosveracruz.com\/index.php?rest_route=\/wp\/v2\/posts\/165923\/revisions"}],"predecessor-version":[{"id":165924,"href":"https:\/\/lospoliticosveracruz.com\/index.php?rest_route=\/wp\/v2\/posts\/165923\/revisions\/165924"}],"wp:featuredmedia":[{"embeddable":true,"href":"https:\/\/lospoliticosveracruz.com\/index.php?rest_route=\/wp\/v2\/media\/141413"}],"wp:attachment":[{"href":"https:\/\/lospoliticosveracruz.com\/index.php?rest_route=%2Fwp%2Fv2%2Fmedia&parent=165923"}],"wp:term":[{"taxonomy":"category","embeddable":true,"href":"https:\/\/lospoliticosveracruz.com\/index.php?rest_route=%2Fwp%2Fv2%2Fcategories&post=165923"},{"taxonomy":"post_tag","embeddable":true,"href":"https:\/\/lospoliticosveracruz.com\/index.php?rest_route=%2Fwp%2Fv2%2Ftags&post=165923"}],"curies":[{"name":"wp","href":"https:\/\/api.w.org\/{rel}","templated":true}]}}