{"id":165931,"date":"2026-03-12T08:34:53","date_gmt":"2026-03-12T14:34:53","guid":{"rendered":"https:\/\/lospoliticosveracruz.com\/?p=165931"},"modified":"2026-03-12T08:34:54","modified_gmt":"2026-03-12T14:34:54","slug":"voluntad-popular","status":"publish","type":"post","link":"https:\/\/lospoliticosveracruz.com\/?p=165931","title":{"rendered":"\u00bfVOLUNTAD POPULAR?"},"content":{"rendered":"\n<p><strong>Sergio Gonz\u00e1lez Levet<\/strong><\/p>\n\n\n\n<p><em>Sin tacto<\/em><\/p>\n\n\n\n<p>Una vez que los diputados del PT y el Partido Verde votaron en contra de la iniciativa mandada por la presidenta Claudia Sheinbaum para hacer la reforma electoral, que entregar\u00eda al Gobierno morenista el control total de las elecciones, la mandataria afirm\u00f3 que ella estaba tranquila con su conciencia, pues aunque no le hab\u00edan aceptado su Ley Maduro, hab\u00eda propuesto los cambios que le hab\u00eda pedido, y que digo eso, que le hab\u00eda exigido la voluntad popular.<\/p>\n\n\n\n<p>&nbsp;&nbsp; &nbsp;&nbsp;La respuesta, que trataba de ocultar la tremenda derrota que sufri\u00f3 a manos de sus propios aliados, no tiene nada que ver con la realidad, y no fue m\u00e1s que una patada de ahogado, una sinraz\u00f3n esgrimida para tratar de ocultar el rid\u00edculo que hizo y su falta de capacidad para negociar, es decir, para hacer pol\u00edtica.<\/p>\n\n\n\n<p>&nbsp;&nbsp; &nbsp;&nbsp;Y una vez m\u00e1s Claudia cay\u00f3 en la repetici\u00f3n de los argumentos que termin\u00f3 por hacer caducos a fuerza de esgrimirlos hasta la saciedad. \u00bfVoluntad popular? \u00bfEl pueblo se lo pidi\u00f3? \u00bfSolamente hizo lo que le dijeron los ciudadanos que quer\u00edan?<\/p>\n\n\n\n<p>&nbsp;&nbsp; &nbsp;&nbsp;Ni siquiera Lord Mol\u00e9cula alcanzar\u00eda a explicar de d\u00f3nde saca la mandataria eso de que el pueblo quer\u00eda la reforma electoral. En este tema, ella insiste en seguir lo que dice el librito de AMLO de que una mentira repetida mil veces termina por volverse verdad en la percepci\u00f3n de la masa.<\/p>\n\n\n\n<p>&nbsp;&nbsp; &nbsp;&nbsp;La reforma electoral propuesta por el segundo piso de la Cuatrot\u00e9 nunca apareci\u00f3 en las promesas de campa\u00f1a de la \u00fanica y verdadera corcholata lopezobradorista y menos fue alguna petici\u00f3n hecha por ciudadanos.<\/p>\n\n\n\n<p>&nbsp;&nbsp; &nbsp;&nbsp;Cierto, si alguien pregunta en una encuesta si quieren que baje el costo de las campa\u00f1as electorales, o que se reduzca el n\u00famero de diputados que cobran sueldos muy elevados, la respuesta ser\u00e1 autom\u00e1ticamente en favor. Es lo mismo que si se cuestionara si deben ser castigados los responsables del robo del huachicol o del desfalco de Segalmex o los pol\u00edticos que est\u00e1n relacionados con el narco.<\/p>\n\n\n\n<p>&nbsp;&nbsp; &nbsp;&nbsp;La verdad es que la se\u00f1ora Sheinbaum no interpret\u00f3 para nada ning\u00fan deseo del pueblo bueno y honesto, y s\u00f3lo utiliza la voluntad popular como un pretexto para modificar la Constituci\u00f3n con el fin de darle a su Gobierno el control total de los procesos electorales.<\/p>\n\n\n\n<p>&nbsp;&nbsp; &nbsp;&nbsp;Esa es una muestra m\u00e1s de que la Cuarta Transformaci\u00f3n, en cualquiera de sus pisos no parejos, lo \u00fanico que pretende es eternizarse en el poder a trav\u00e9s de modificaciones a las leyes que le faciliten hacer los fraudes electorales que necesitar\u00e1 para no tener que entregar las gubernaturas, senadur\u00edas, diputaciones locales y federales y presidencias municipales que ir\u00e1 perdiendo en la medida en que deje de pagar los programas sociales con los que actualmente compra los votos.<\/p>\n\n\n\n<p>&nbsp;&nbsp; &nbsp;&nbsp;La verdadera voluntad popular se est\u00e1 expresando multitudinariamente e las benditas redes sociales y dice que ya basta de corrupci\u00f3n, de mentiras y de traiciones del movimiento que encabez\u00f3 L\u00f3pez Obrador y que est\u00e1 por irse al ba\u00fal de las cosas in\u00fatiles de la historia de M\u00e9xico.<\/p>\n\n\n\n<p>sglevet@gmail.com<\/p>\n","protected":false},"excerpt":{"rendered":"<p>Sergio Gonz\u00e1lez Levet Sin tacto Una vez que los diputados del PT y el Partido Verde votaron en contra de la iniciativa mandada por la presidenta Claudia Sheinbaum para hacer la reforma electoral, que entregar\u00eda al Gobierno morenista el control total de las elecciones, la mandataria afirm\u00f3 que ella estaba tranquila con su conciencia, pues [&hellip;]<\/p>\n","protected":false},"author":2,"featured_media":141432,"comment_status":"closed","ping_status":"closed","sticky":false,"template":"","format":"standard","meta":{"tdm_status":"","tdm_grid_status":"","footnotes":""},"categories":[70],"tags":[57192,57193,57191,57190,48671],"class_list":{"0":"post-165931","1":"post","2":"type-post","3":"status-publish","4":"format-standard","5":"has-post-thumbnail","7":"category-de-opinion","8":"tag-claudia-sheinbaum-voluntad-popular","9":"tag-control-de-elecciones-mexico-2026","10":"tag-derrota-legislativa-pt-y-pvem","11":"tag-reforma-electoral-rechazada-2026","12":"tag-sergio-gonzalez-levet-sin-tacto"},"yoast_head":"<!-- This site is optimized with the Yoast SEO plugin v27.4 - https:\/\/yoast.com\/product\/yoast-seo-wordpress\/ -->\n<title>\u00bfVOLUNTAD POPULAR? - Los pol\u00edticos Veracruz<\/title>\n<meta name=\"robots\" content=\"index, follow, max-snippet:-1, max-image-preview:large, max-video-preview:-1\" \/>\n<link rel=\"canonical\" href=\"https:\/\/lospoliticosveracruz.com\/?p=165931\" \/>\n<meta property=\"og:locale\" content=\"es_ES\" \/>\n<meta property=\"og:type\" content=\"article\" \/>\n<meta property=\"og:title\" content=\"\u00bfVOLUNTAD POPULAR? - Los pol\u00edticos Veracruz\" \/>\n<meta property=\"og:description\" content=\"Sergio Gonz\u00e1lez Levet Sin tacto Una vez que los diputados del PT y el Partido Verde votaron en contra de la iniciativa mandada por la presidenta Claudia Sheinbaum para hacer la reforma electoral, que entregar\u00eda al Gobierno morenista el control total de las elecciones, la mandataria afirm\u00f3 que ella estaba tranquila con su conciencia, pues [&hellip;]\" \/>\n<meta property=\"og:url\" content=\"https:\/\/lospoliticosveracruz.com\/?p=165931\" \/>\n<meta property=\"og:site_name\" content=\"Los pol\u00edticos Veracruz\" \/>\n<meta property=\"article:publisher\" content=\"https:\/\/www.facebook.com\/people\/Notimemes-de-los-Polticos\/61565672886568\/\" \/>\n<meta property=\"article:published_time\" content=\"2026-03-12T14:34:53+00:00\" \/>\n<meta property=\"article:modified_time\" content=\"2026-03-12T14:34:54+00:00\" \/>\n<meta property=\"og:image\" content=\"https:\/\/lospoliticosveracruz.com\/wp-content\/uploads\/2025\/04\/Levet.jpg\" \/>\n\t<meta property=\"og:image:width\" content=\"1250\" \/>\n\t<meta property=\"og:image:height\" content=\"667\" \/>\n\t<meta property=\"og:image:type\" content=\"image\/jpeg\" \/>\n<meta name=\"author\" content=\"Lo viste en Los Pol\u00edticos\" \/>\n<meta name=\"twitter:card\" content=\"summary_large_image\" \/>\n<meta name=\"twitter:creator\" content=\"@LosPoliticosVer\" \/>\n<meta name=\"twitter:site\" content=\"@LosPoliticosVer\" \/>\n<meta name=\"twitter:label1\" content=\"Escrito por\" \/>\n\t<meta name=\"twitter:data1\" content=\"Lo viste en Los Pol\u00edticos\" \/>\n\t<meta name=\"twitter:label2\" content=\"Tiempo de lectura\" \/>\n\t<meta name=\"twitter:data2\" content=\"3 minutos\" \/>\n<script type=\"application\/ld+json\" class=\"yoast-schema-graph\">{\"@context\":\"https:\\\/\\\/schema.org\",\"@graph\":[{\"@type\":\"Article\",\"@id\":\"https:\\\/\\\/lospoliticosveracruz.com\\\/?p=165931#article\",\"isPartOf\":{\"@id\":\"https:\\\/\\\/lospoliticosveracruz.com\\\/?p=165931\"},\"author\":{\"name\":\"Lo viste en Los Pol\u00edticos\",\"@id\":\"https:\\\/\\\/lospoliticosveracruz.com\\\/#\\\/schema\\\/person\\\/b8702bb0e538456e6efd07080bf2a4a2\"},\"headline\":\"\u00bfVOLUNTAD POPULAR?\",\"datePublished\":\"2026-03-12T14:34:53+00:00\",\"dateModified\":\"2026-03-12T14:34:54+00:00\",\"mainEntityOfPage\":{\"@id\":\"https:\\\/\\\/lospoliticosveracruz.com\\\/?p=165931\"},\"wordCount\":578,\"publisher\":{\"@id\":\"https:\\\/\\\/lospoliticosveracruz.com\\\/#organization\"},\"image\":{\"@id\":\"https:\\\/\\\/lospoliticosveracruz.com\\\/?p=165931#primaryimage\"},\"thumbnailUrl\":\"https:\\\/\\\/lospoliticosveracruz.com\\\/wp-content\\\/uploads\\\/2025\\\/04\\\/Levet-e1773931000156.jpg\",\"keywords\":[\"Claudia Sheinbaum voluntad popular\",\"control de elecciones M\u00e9xico 2026\",\"derrota legislativa PT y PVEM\",\"reforma electoral rechazada 2026\",\"Sergio Gonz\u00e1lez Levet Sin Tacto\"],\"articleSection\":[\"De Opini\u00f3n\"],\"inLanguage\":\"es\"},{\"@type\":\"WebPage\",\"@id\":\"https:\\\/\\\/lospoliticosveracruz.com\\\/?p=165931\",\"url\":\"https:\\\/\\\/lospoliticosveracruz.com\\\/?p=165931\",\"name\":\"\u00bfVOLUNTAD POPULAR? - Los pol\u00edticos Veracruz\",\"isPartOf\":{\"@id\":\"https:\\\/\\\/lospoliticosveracruz.com\\\/#website\"},\"primaryImageOfPage\":{\"@id\":\"https:\\\/\\\/lospoliticosveracruz.com\\\/?p=165931#primaryimage\"},\"image\":{\"@id\":\"https:\\\/\\\/lospoliticosveracruz.com\\\/?p=165931#primaryimage\"},\"thumbnailUrl\":\"https:\\\/\\\/lospoliticosveracruz.com\\\/wp-content\\\/uploads\\\/2025\\\/04\\\/Levet-e1773931000156.jpg\",\"datePublished\":\"2026-03-12T14:34:53+00:00\",\"dateModified\":\"2026-03-12T14:34:54+00:00\",\"breadcrumb\":{\"@id\":\"https:\\\/\\\/lospoliticosveracruz.com\\\/?p=165931#breadcrumb\"},\"inLanguage\":\"es\",\"potentialAction\":[{\"@type\":\"ReadAction\",\"target\":[\"https:\\\/\\\/lospoliticosveracruz.com\\\/?p=165931\"]}]},{\"@type\":\"ImageObject\",\"inLanguage\":\"es\",\"@id\":\"https:\\\/\\\/lospoliticosveracruz.com\\\/?p=165931#primaryimage\",\"url\":\"https:\\\/\\\/lospoliticosveracruz.com\\\/wp-content\\\/uploads\\\/2025\\\/04\\\/Levet-e1773931000156.jpg\",\"contentUrl\":\"https:\\\/\\\/lospoliticosveracruz.com\\\/wp-content\\\/uploads\\\/2025\\\/04\\\/Levet-e1773931000156.jpg\",\"width\":600,\"height\":320},{\"@type\":\"BreadcrumbList\",\"@id\":\"https:\\\/\\\/lospoliticosveracruz.com\\\/?p=165931#breadcrumb\",\"itemListElement\":[{\"@type\":\"ListItem\",\"position\":1,\"name\":\"Portada\",\"item\":\"https:\\\/\\\/lospoliticosveracruz.com\\\/\"},{\"@type\":\"ListItem\",\"position\":2,\"name\":\"\u00bfVOLUNTAD POPULAR?\"}]},{\"@type\":\"WebSite\",\"@id\":\"https:\\\/\\\/lospoliticosveracruz.com\\\/#website\",\"url\":\"https:\\\/\\\/lospoliticosveracruz.com\\\/\",\"name\":\"Los pol\u00edticos Veracruz\",\"description\":\"\",\"publisher\":{\"@id\":\"https:\\\/\\\/lospoliticosveracruz.com\\\/#organization\"},\"potentialAction\":[{\"@type\":\"SearchAction\",\"target\":{\"@type\":\"EntryPoint\",\"urlTemplate\":\"https:\\\/\\\/lospoliticosveracruz.com\\\/?s={search_term_string}\"},\"query-input\":{\"@type\":\"PropertyValueSpecification\",\"valueRequired\":true,\"valueName\":\"search_term_string\"}}],\"inLanguage\":\"es\"},{\"@type\":\"Organization\",\"@id\":\"https:\\\/\\\/lospoliticosveracruz.com\\\/#organization\",\"name\":\"Los pol\u00edticos Veracruz\",\"url\":\"https:\\\/\\\/lospoliticosveracruz.com\\\/\",\"logo\":{\"@type\":\"ImageObject\",\"inLanguage\":\"es\",\"@id\":\"https:\\\/\\\/lospoliticosveracruz.com\\\/#\\\/schema\\\/logo\\\/image\\\/\",\"url\":\"https:\\\/\\\/lospoliticosveracruz.com\\\/wp-content\\\/uploads\\\/2025\\\/12\\\/Logo-Nuevo-LOS-POLITICOS-1.jpg\",\"contentUrl\":\"https:\\\/\\\/lospoliticosveracruz.com\\\/wp-content\\\/uploads\\\/2025\\\/12\\\/Logo-Nuevo-LOS-POLITICOS-1.jpg\",\"width\":260,\"height\":70,\"caption\":\"Los pol\u00edticos Veracruz\"},\"image\":{\"@id\":\"https:\\\/\\\/lospoliticosveracruz.com\\\/#\\\/schema\\\/logo\\\/image\\\/\"},\"sameAs\":[\"https:\\\/\\\/www.facebook.com\\\/people\\\/Notimemes-de-los-Polticos\\\/61565672886568\\\/\",\"https:\\\/\\\/x.com\\\/LosPoliticosVer\"]},{\"@type\":\"Person\",\"@id\":\"https:\\\/\\\/lospoliticosveracruz.com\\\/#\\\/schema\\\/person\\\/b8702bb0e538456e6efd07080bf2a4a2\",\"name\":\"Lo viste en Los Pol\u00edticos\",\"image\":{\"@type\":\"ImageObject\",\"inLanguage\":\"es\",\"@id\":\"https:\\\/\\\/secure.gravatar.com\\\/avatar\\\/3a8de04a2656d44082be478bd6c086daa447c4651605818287b9532d3d0bd435?s=96&d=mm&r=g\",\"url\":\"https:\\\/\\\/secure.gravatar.com\\\/avatar\\\/3a8de04a2656d44082be478bd6c086daa447c4651605818287b9532d3d0bd435?s=96&d=mm&r=g\",\"contentUrl\":\"https:\\\/\\\/secure.gravatar.com\\\/avatar\\\/3a8de04a2656d44082be478bd6c086daa447c4651605818287b9532d3d0bd435?s=96&d=mm&r=g\",\"caption\":\"Lo viste en Los Pol\u00edticos\"},\"url\":\"https:\\\/\\\/lospoliticosveracruz.com\\\/?author=2\"}]}<\/script>\n<!-- \/ Yoast SEO plugin. -->","yoast_head_json":{"title":"\u00bfVOLUNTAD POPULAR? - Los pol\u00edticos Veracruz","robots":{"index":"index","follow":"follow","max-snippet":"max-snippet:-1","max-image-preview":"max-image-preview:large","max-video-preview":"max-video-preview:-1"},"canonical":"https:\/\/lospoliticosveracruz.com\/?p=165931","og_locale":"es_ES","og_type":"article","og_title":"\u00bfVOLUNTAD POPULAR? - Los pol\u00edticos Veracruz","og_description":"Sergio Gonz\u00e1lez Levet Sin tacto Una vez que los diputados del PT y el Partido Verde votaron en contra de la iniciativa mandada por la presidenta Claudia Sheinbaum para hacer la reforma electoral, que entregar\u00eda al Gobierno morenista el control total de las elecciones, la mandataria afirm\u00f3 que ella estaba tranquila con su conciencia, pues [&hellip;]","og_url":"https:\/\/lospoliticosveracruz.com\/?p=165931","og_site_name":"Los pol\u00edticos Veracruz","article_publisher":"https:\/\/www.facebook.com\/people\/Notimemes-de-los-Polticos\/61565672886568\/","article_published_time":"2026-03-12T14:34:53+00:00","article_modified_time":"2026-03-12T14:34:54+00:00","og_image":[{"width":1250,"height":667,"url":"https:\/\/lospoliticosveracruz.com\/wp-content\/uploads\/2025\/04\/Levet.jpg","type":"image\/jpeg"}],"author":"Lo viste en Los Pol\u00edticos","twitter_card":"summary_large_image","twitter_creator":"@LosPoliticosVer","twitter_site":"@LosPoliticosVer","twitter_misc":{"Escrito por":"Lo viste en Los Pol\u00edticos","Tiempo de lectura":"3 minutos"},"schema":{"@context":"https:\/\/schema.org","@graph":[{"@type":"Article","@id":"https:\/\/lospoliticosveracruz.com\/?p=165931#article","isPartOf":{"@id":"https:\/\/lospoliticosveracruz.com\/?p=165931"},"author":{"name":"Lo viste en Los Pol\u00edticos","@id":"https:\/\/lospoliticosveracruz.com\/#\/schema\/person\/b8702bb0e538456e6efd07080bf2a4a2"},"headline":"\u00bfVOLUNTAD POPULAR?","datePublished":"2026-03-12T14:34:53+00:00","dateModified":"2026-03-12T14:34:54+00:00","mainEntityOfPage":{"@id":"https:\/\/lospoliticosveracruz.com\/?p=165931"},"wordCount":578,"publisher":{"@id":"https:\/\/lospoliticosveracruz.com\/#organization"},"image":{"@id":"https:\/\/lospoliticosveracruz.com\/?p=165931#primaryimage"},"thumbnailUrl":"https:\/\/lospoliticosveracruz.com\/wp-content\/uploads\/2025\/04\/Levet-e1773931000156.jpg","keywords":["Claudia Sheinbaum voluntad popular","control de elecciones M\u00e9xico 2026","derrota legislativa PT y PVEM","reforma electoral rechazada 2026","Sergio Gonz\u00e1lez Levet Sin Tacto"],"articleSection":["De Opini\u00f3n"],"inLanguage":"es"},{"@type":"WebPage","@id":"https:\/\/lospoliticosveracruz.com\/?p=165931","url":"https:\/\/lospoliticosveracruz.com\/?p=165931","name":"\u00bfVOLUNTAD POPULAR? - Los pol\u00edticos Veracruz","isPartOf":{"@id":"https:\/\/lospoliticosveracruz.com\/#website"},"primaryImageOfPage":{"@id":"https:\/\/lospoliticosveracruz.com\/?p=165931#primaryimage"},"image":{"@id":"https:\/\/lospoliticosveracruz.com\/?p=165931#primaryimage"},"thumbnailUrl":"https:\/\/lospoliticosveracruz.com\/wp-content\/uploads\/2025\/04\/Levet-e1773931000156.jpg","datePublished":"2026-03-12T14:34:53+00:00","dateModified":"2026-03-12T14:34:54+00:00","breadcrumb":{"@id":"https:\/\/lospoliticosveracruz.com\/?p=165931#breadcrumb"},"inLanguage":"es","potentialAction":[{"@type":"ReadAction","target":["https:\/\/lospoliticosveracruz.com\/?p=165931"]}]},{"@type":"ImageObject","inLanguage":"es","@id":"https:\/\/lospoliticosveracruz.com\/?p=165931#primaryimage","url":"https:\/\/lospoliticosveracruz.com\/wp-content\/uploads\/2025\/04\/Levet-e1773931000156.jpg","contentUrl":"https:\/\/lospoliticosveracruz.com\/wp-content\/uploads\/2025\/04\/Levet-e1773931000156.jpg","width":600,"height":320},{"@type":"BreadcrumbList","@id":"https:\/\/lospoliticosveracruz.com\/?p=165931#breadcrumb","itemListElement":[{"@type":"ListItem","position":1,"name":"Portada","item":"https:\/\/lospoliticosveracruz.com\/"},{"@type":"ListItem","position":2,"name":"\u00bfVOLUNTAD POPULAR?"}]},{"@type":"WebSite","@id":"https:\/\/lospoliticosveracruz.com\/#website","url":"https:\/\/lospoliticosveracruz.com\/","name":"Los pol\u00edticos Veracruz","description":"","publisher":{"@id":"https:\/\/lospoliticosveracruz.com\/#organization"},"potentialAction":[{"@type":"SearchAction","target":{"@type":"EntryPoint","urlTemplate":"https:\/\/lospoliticosveracruz.com\/?s={search_term_string}"},"query-input":{"@type":"PropertyValueSpecification","valueRequired":true,"valueName":"search_term_string"}}],"inLanguage":"es"},{"@type":"Organization","@id":"https:\/\/lospoliticosveracruz.com\/#organization","name":"Los pol\u00edticos Veracruz","url":"https:\/\/lospoliticosveracruz.com\/","logo":{"@type":"ImageObject","inLanguage":"es","@id":"https:\/\/lospoliticosveracruz.com\/#\/schema\/logo\/image\/","url":"https:\/\/lospoliticosveracruz.com\/wp-content\/uploads\/2025\/12\/Logo-Nuevo-LOS-POLITICOS-1.jpg","contentUrl":"https:\/\/lospoliticosveracruz.com\/wp-content\/uploads\/2025\/12\/Logo-Nuevo-LOS-POLITICOS-1.jpg","width":260,"height":70,"caption":"Los pol\u00edticos Veracruz"},"image":{"@id":"https:\/\/lospoliticosveracruz.com\/#\/schema\/logo\/image\/"},"sameAs":["https:\/\/www.facebook.com\/people\/Notimemes-de-los-Polticos\/61565672886568\/","https:\/\/x.com\/LosPoliticosVer"]},{"@type":"Person","@id":"https:\/\/lospoliticosveracruz.com\/#\/schema\/person\/b8702bb0e538456e6efd07080bf2a4a2","name":"Lo viste en Los Pol\u00edticos","image":{"@type":"ImageObject","inLanguage":"es","@id":"https:\/\/secure.gravatar.com\/avatar\/3a8de04a2656d44082be478bd6c086daa447c4651605818287b9532d3d0bd435?s=96&d=mm&r=g","url":"https:\/\/secure.gravatar.com\/avatar\/3a8de04a2656d44082be478bd6c086daa447c4651605818287b9532d3d0bd435?s=96&d=mm&r=g","contentUrl":"https:\/\/secure.gravatar.com\/avatar\/3a8de04a2656d44082be478bd6c086daa447c4651605818287b9532d3d0bd435?s=96&d=mm&r=g","caption":"Lo viste en Los Pol\u00edticos"},"url":"https:\/\/lospoliticosveracruz.com\/?author=2"}]}},"_links":{"self":[{"href":"https:\/\/lospoliticosveracruz.com\/index.php?rest_route=\/wp\/v2\/posts\/165931","targetHints":{"allow":["GET"]}}],"collection":[{"href":"https:\/\/lospoliticosveracruz.com\/index.php?rest_route=\/wp\/v2\/posts"}],"about":[{"href":"https:\/\/lospoliticosveracruz.com\/index.php?rest_route=\/wp\/v2\/types\/post"}],"author":[{"embeddable":true,"href":"https:\/\/lospoliticosveracruz.com\/index.php?rest_route=\/wp\/v2\/users\/2"}],"replies":[{"embeddable":true,"href":"https:\/\/lospoliticosveracruz.com\/index.php?rest_route=%2Fwp%2Fv2%2Fcomments&post=165931"}],"version-history":[{"count":1,"href":"https:\/\/lospoliticosveracruz.com\/index.php?rest_route=\/wp\/v2\/posts\/165931\/revisions"}],"predecessor-version":[{"id":165932,"href":"https:\/\/lospoliticosveracruz.com\/index.php?rest_route=\/wp\/v2\/posts\/165931\/revisions\/165932"}],"wp:featuredmedia":[{"embeddable":true,"href":"https:\/\/lospoliticosveracruz.com\/index.php?rest_route=\/wp\/v2\/media\/141432"}],"wp:attachment":[{"href":"https:\/\/lospoliticosveracruz.com\/index.php?rest_route=%2Fwp%2Fv2%2Fmedia&parent=165931"}],"wp:term":[{"taxonomy":"category","embeddable":true,"href":"https:\/\/lospoliticosveracruz.com\/index.php?rest_route=%2Fwp%2Fv2%2Fcategories&post=165931"},{"taxonomy":"post_tag","embeddable":true,"href":"https:\/\/lospoliticosveracruz.com\/index.php?rest_route=%2Fwp%2Fv2%2Ftags&post=165931"}],"curies":[{"name":"wp","href":"https:\/\/api.w.org\/{rel}","templated":true}]}}