{"id":165933,"date":"2026-03-12T09:05:56","date_gmt":"2026-03-12T15:05:56","guid":{"rendered":"https:\/\/lospoliticosveracruz.com\/?p=165933"},"modified":"2026-03-12T09:08:14","modified_gmt":"2026-03-12T15:08:14","slug":"de-primera-mano-la-atencion-al-boqueno","status":"publish","type":"post","link":"https:\/\/lospoliticosveracruz.com\/?p=165933","title":{"rendered":"DE PRIMERA MANO LA ATENCI\u00d3N AL BOQUE\u00d1O!"},"content":{"rendered":"\n<p>Como cada semana, la presidenta municipal de Boca del R\u00edo, Maryjose Gamboa Torales, realiz\u00f3 el ya tradicional recorrido sorpresa para atender de primera mano a los ciudadanos; la tarde de este mi\u00e9rcoles visit\u00f3 el Ejido Primero de Mayo Sur.<\/p>\n\n\n\n<p>La supervisi\u00f3n inici\u00f3 en la calle C\u00e1ndido Aguilar, donde una de las solicitudes inmediatas fue la atenci\u00f3n de un \u00e1rea verde ubicada junto a la barda de la zona militar de La Boticaria, en la que los vecinos pidieron labores de limpieza. Debido a que se trata de zona federal, se requiere autorizaci\u00f3n o que el personal de la Secretar\u00eda de la Defensa Nacional realice los trabajos, por lo que la alcaldesa gestionar\u00e1 una jornada de limpieza conjunta.<\/p>\n\n\n\n<p>De la misma forma, vecinos se\u00f1alaron la existencia de un canal de desag\u00fce en el mismo per\u00edmetro, solicitando que sea atendido por la Compa\u00f1\u00eda de Agua del Municipio de Boca del R\u00edo (CAB) para evitar que permanezca abierto y contin\u00fae afectando a la comunidad.<\/p>\n\n\n\n<p>Otro de los reportes ciudadanos fue la presencia de baches en distintas vialidades de la zona, los cuales ser\u00e1n atendidos a trav\u00e9s del Programa Permanente de Bacheo, recordando que su gobierno tiene como meta reparar 2 mil 500 baches por a\u00f1o.<\/p>\n\n\n\n<p>Durante el recorrido tambi\u00e9n se recibieron reportes relacionados con alumbrado p\u00fablico, solicitudes de fumigaci\u00f3n contra moscos, as\u00ed como acciones de limpieza en un parque ubicado en la colonia Carranza.<\/p>\n\n\n\n<p>Asimismo, se notificar\u00e1 a propietarios de veh\u00edculos abandonados o \u201ccoches maceta\u201d para que sean retirados, con el objetivo de liberar espacios p\u00fablicos y mejorar la seguridad.<\/p>\n\n\n\n<p>Los vecinos tambi\u00e9n se\u00f1alaron que camiones de transporte p\u00fablico, de la ruta Carranza-Puente, transitan a alta velocidad, e incluso invaden calles aleda\u00f1as al salirse de su ruta autorizada por la calle Guillermo Prieto, por lo que la alcaldesa instruy\u00f3 la presencia de elementos de Tr\u00e1nsito municipal, quienes podr\u00e1n imponer multas si es necesario.<\/p>\n\n\n\n<p>De igual manera, se reiter\u00f3 el llamado a los habitantes para realizar su conexi\u00f3n al drenaje, con el fin de mejorar las condiciones sanitarias y de infraestructura en la zona.<\/p>\n\n\n\n<p>Finalmente, la presidenta municipal, Maryjose Gamboa Torales, agradeci\u00f3 a los vecinos por su confianza y por compartir sus inquietudes sobre diversas problem\u00e1ticas, las cuales ser\u00e1n atendidas por el Ayuntamiento o gestionadas a la brevedad ante las instituciones correspondientes.<\/p>\n","protected":false},"excerpt":{"rendered":"<p>Como cada semana, la presidenta municipal de Boca del R\u00edo, Maryjose Gamboa Torales, realiz\u00f3 el ya tradicional recorrido sorpresa para atender de primera mano a los ciudadanos; la tarde de este mi\u00e9rcoles visit\u00f3 el Ejido Primero de Mayo Sur. La supervisi\u00f3n inici\u00f3 en la calle C\u00e1ndido Aguilar, donde una de las solicitudes inmediatas fue la [&hellip;]<\/p>\n","protected":false},"author":2,"featured_media":165934,"comment_status":"closed","ping_status":"closed","sticky":false,"template":"","format":"standard","meta":{"tdm_status":"","tdm_grid_status":"","footnotes":""},"categories":[73],"tags":[601,57194,1937],"class_list":{"0":"post-165933","1":"post","2":"type-post","3":"status-publish","4":"format-standard","5":"has-post-thumbnail","7":"category-de-boleto","8":"tag-boca-del-rio","9":"tag-ejido-primero-de-mayo-sur","10":"tag-maryjose-gamboa"},"yoast_head":"<!-- This site is optimized with the Yoast SEO plugin v27.4 - https:\/\/yoast.com\/product\/yoast-seo-wordpress\/ -->\n<title>DE PRIMERA MANO LA ATENCI\u00d3N AL BOQUE\u00d1O! - Los pol\u00edticos Veracruz<\/title>\n<meta name=\"robots\" content=\"index, follow, max-snippet:-1, max-image-preview:large, max-video-preview:-1\" \/>\n<link rel=\"canonical\" href=\"https:\/\/lospoliticosveracruz.com\/?p=165933\" \/>\n<meta property=\"og:locale\" content=\"es_ES\" \/>\n<meta property=\"og:type\" content=\"article\" \/>\n<meta property=\"og:title\" content=\"DE PRIMERA MANO LA ATENCI\u00d3N AL BOQUE\u00d1O! - Los pol\u00edticos Veracruz\" \/>\n<meta property=\"og:description\" content=\"Como cada semana, la presidenta municipal de Boca del R\u00edo, Maryjose Gamboa Torales, realiz\u00f3 el ya tradicional recorrido sorpresa para atender de primera mano a los ciudadanos; la tarde de este mi\u00e9rcoles visit\u00f3 el Ejido Primero de Mayo Sur. La supervisi\u00f3n inici\u00f3 en la calle C\u00e1ndido Aguilar, donde una de las solicitudes inmediatas fue la [&hellip;]\" \/>\n<meta property=\"og:url\" content=\"https:\/\/lospoliticosveracruz.com\/?p=165933\" \/>\n<meta property=\"og:site_name\" content=\"Los pol\u00edticos Veracruz\" \/>\n<meta property=\"article:publisher\" content=\"https:\/\/www.facebook.com\/people\/Notimemes-de-los-Polticos\/61565672886568\/\" \/>\n<meta property=\"article:published_time\" content=\"2026-03-12T15:05:56+00:00\" \/>\n<meta property=\"article:modified_time\" content=\"2026-03-12T15:08:14+00:00\" \/>\n<meta property=\"og:image\" content=\"https:\/\/lospoliticosveracruz.com\/wp-content\/uploads\/2026\/03\/WhatsApp-Image-2026-03-12-at-08.59.15-e1773327896413.jpeg\" \/>\n\t<meta property=\"og:image:width\" content=\"600\" \/>\n\t<meta property=\"og:image:height\" content=\"338\" \/>\n\t<meta property=\"og:image:type\" content=\"image\/jpeg\" \/>\n<meta name=\"author\" content=\"Lo viste en Los Pol\u00edticos\" \/>\n<meta name=\"twitter:card\" content=\"summary_large_image\" \/>\n<meta name=\"twitter:creator\" content=\"@LosPoliticosVer\" \/>\n<meta name=\"twitter:site\" content=\"@LosPoliticosVer\" \/>\n<meta name=\"twitter:label1\" content=\"Escrito por\" \/>\n\t<meta name=\"twitter:data1\" content=\"Lo viste en Los Pol\u00edticos\" \/>\n\t<meta name=\"twitter:label2\" content=\"Tiempo de lectura\" \/>\n\t<meta name=\"twitter:data2\" content=\"2 minutos\" \/>\n<script type=\"application\/ld+json\" class=\"yoast-schema-graph\">{\"@context\":\"https:\\\/\\\/schema.org\",\"@graph\":[{\"@type\":\"Article\",\"@id\":\"https:\\\/\\\/lospoliticosveracruz.com\\\/?p=165933#article\",\"isPartOf\":{\"@id\":\"https:\\\/\\\/lospoliticosveracruz.com\\\/?p=165933\"},\"author\":{\"name\":\"Lo viste en Los Pol\u00edticos\",\"@id\":\"https:\\\/\\\/lospoliticosveracruz.com\\\/#\\\/schema\\\/person\\\/b8702bb0e538456e6efd07080bf2a4a2\"},\"headline\":\"DE PRIMERA MANO LA ATENCI\u00d3N AL BOQUE\u00d1O!\",\"datePublished\":\"2026-03-12T15:05:56+00:00\",\"dateModified\":\"2026-03-12T15:08:14+00:00\",\"mainEntityOfPage\":{\"@id\":\"https:\\\/\\\/lospoliticosveracruz.com\\\/?p=165933\"},\"wordCount\":415,\"publisher\":{\"@id\":\"https:\\\/\\\/lospoliticosveracruz.com\\\/#organization\"},\"image\":{\"@id\":\"https:\\\/\\\/lospoliticosveracruz.com\\\/?p=165933#primaryimage\"},\"thumbnailUrl\":\"https:\\\/\\\/lospoliticosveracruz.com\\\/wp-content\\\/uploads\\\/2026\\\/03\\\/WhatsApp-Image-2026-03-12-at-08.59.15-e1773327896413.jpeg\",\"keywords\":[\"Boca del R\u00edo\",\"Ejido Primero de Mayo Sur\",\"Maryjose Gamboa\"],\"articleSection\":[\"De Boleto\"],\"inLanguage\":\"es\"},{\"@type\":\"WebPage\",\"@id\":\"https:\\\/\\\/lospoliticosveracruz.com\\\/?p=165933\",\"url\":\"https:\\\/\\\/lospoliticosveracruz.com\\\/?p=165933\",\"name\":\"DE PRIMERA MANO LA ATENCI\u00d3N AL BOQUE\u00d1O! - Los pol\u00edticos Veracruz\",\"isPartOf\":{\"@id\":\"https:\\\/\\\/lospoliticosveracruz.com\\\/#website\"},\"primaryImageOfPage\":{\"@id\":\"https:\\\/\\\/lospoliticosveracruz.com\\\/?p=165933#primaryimage\"},\"image\":{\"@id\":\"https:\\\/\\\/lospoliticosveracruz.com\\\/?p=165933#primaryimage\"},\"thumbnailUrl\":\"https:\\\/\\\/lospoliticosveracruz.com\\\/wp-content\\\/uploads\\\/2026\\\/03\\\/WhatsApp-Image-2026-03-12-at-08.59.15-e1773327896413.jpeg\",\"datePublished\":\"2026-03-12T15:05:56+00:00\",\"dateModified\":\"2026-03-12T15:08:14+00:00\",\"breadcrumb\":{\"@id\":\"https:\\\/\\\/lospoliticosveracruz.com\\\/?p=165933#breadcrumb\"},\"inLanguage\":\"es\",\"potentialAction\":[{\"@type\":\"ReadAction\",\"target\":[\"https:\\\/\\\/lospoliticosveracruz.com\\\/?p=165933\"]}]},{\"@type\":\"ImageObject\",\"inLanguage\":\"es\",\"@id\":\"https:\\\/\\\/lospoliticosveracruz.com\\\/?p=165933#primaryimage\",\"url\":\"https:\\\/\\\/lospoliticosveracruz.com\\\/wp-content\\\/uploads\\\/2026\\\/03\\\/WhatsApp-Image-2026-03-12-at-08.59.15-e1773327896413.jpeg\",\"contentUrl\":\"https:\\\/\\\/lospoliticosveracruz.com\\\/wp-content\\\/uploads\\\/2026\\\/03\\\/WhatsApp-Image-2026-03-12-at-08.59.15-e1773327896413.jpeg\",\"width\":600,\"height\":338},{\"@type\":\"BreadcrumbList\",\"@id\":\"https:\\\/\\\/lospoliticosveracruz.com\\\/?p=165933#breadcrumb\",\"itemListElement\":[{\"@type\":\"ListItem\",\"position\":1,\"name\":\"Portada\",\"item\":\"https:\\\/\\\/lospoliticosveracruz.com\\\/\"},{\"@type\":\"ListItem\",\"position\":2,\"name\":\"DE PRIMERA MANO LA ATENCI\u00d3N AL BOQUE\u00d1O!\"}]},{\"@type\":\"WebSite\",\"@id\":\"https:\\\/\\\/lospoliticosveracruz.com\\\/#website\",\"url\":\"https:\\\/\\\/lospoliticosveracruz.com\\\/\",\"name\":\"Los pol\u00edticos Veracruz\",\"description\":\"\",\"publisher\":{\"@id\":\"https:\\\/\\\/lospoliticosveracruz.com\\\/#organization\"},\"potentialAction\":[{\"@type\":\"SearchAction\",\"target\":{\"@type\":\"EntryPoint\",\"urlTemplate\":\"https:\\\/\\\/lospoliticosveracruz.com\\\/?s={search_term_string}\"},\"query-input\":{\"@type\":\"PropertyValueSpecification\",\"valueRequired\":true,\"valueName\":\"search_term_string\"}}],\"inLanguage\":\"es\"},{\"@type\":\"Organization\",\"@id\":\"https:\\\/\\\/lospoliticosveracruz.com\\\/#organization\",\"name\":\"Los pol\u00edticos Veracruz\",\"url\":\"https:\\\/\\\/lospoliticosveracruz.com\\\/\",\"logo\":{\"@type\":\"ImageObject\",\"inLanguage\":\"es\",\"@id\":\"https:\\\/\\\/lospoliticosveracruz.com\\\/#\\\/schema\\\/logo\\\/image\\\/\",\"url\":\"https:\\\/\\\/lospoliticosveracruz.com\\\/wp-content\\\/uploads\\\/2025\\\/12\\\/Logo-Nuevo-LOS-POLITICOS-1.jpg\",\"contentUrl\":\"https:\\\/\\\/lospoliticosveracruz.com\\\/wp-content\\\/uploads\\\/2025\\\/12\\\/Logo-Nuevo-LOS-POLITICOS-1.jpg\",\"width\":260,\"height\":70,\"caption\":\"Los pol\u00edticos Veracruz\"},\"image\":{\"@id\":\"https:\\\/\\\/lospoliticosveracruz.com\\\/#\\\/schema\\\/logo\\\/image\\\/\"},\"sameAs\":[\"https:\\\/\\\/www.facebook.com\\\/people\\\/Notimemes-de-los-Polticos\\\/61565672886568\\\/\",\"https:\\\/\\\/x.com\\\/LosPoliticosVer\"]},{\"@type\":\"Person\",\"@id\":\"https:\\\/\\\/lospoliticosveracruz.com\\\/#\\\/schema\\\/person\\\/b8702bb0e538456e6efd07080bf2a4a2\",\"name\":\"Lo viste en Los Pol\u00edticos\",\"image\":{\"@type\":\"ImageObject\",\"inLanguage\":\"es\",\"@id\":\"https:\\\/\\\/secure.gravatar.com\\\/avatar\\\/3a8de04a2656d44082be478bd6c086daa447c4651605818287b9532d3d0bd435?s=96&d=mm&r=g\",\"url\":\"https:\\\/\\\/secure.gravatar.com\\\/avatar\\\/3a8de04a2656d44082be478bd6c086daa447c4651605818287b9532d3d0bd435?s=96&d=mm&r=g\",\"contentUrl\":\"https:\\\/\\\/secure.gravatar.com\\\/avatar\\\/3a8de04a2656d44082be478bd6c086daa447c4651605818287b9532d3d0bd435?s=96&d=mm&r=g\",\"caption\":\"Lo viste en Los Pol\u00edticos\"},\"url\":\"https:\\\/\\\/lospoliticosveracruz.com\\\/?author=2\"}]}<\/script>\n<!-- \/ Yoast SEO plugin. -->","yoast_head_json":{"title":"DE PRIMERA MANO LA ATENCI\u00d3N AL BOQUE\u00d1O! - Los pol\u00edticos Veracruz","robots":{"index":"index","follow":"follow","max-snippet":"max-snippet:-1","max-image-preview":"max-image-preview:large","max-video-preview":"max-video-preview:-1"},"canonical":"https:\/\/lospoliticosveracruz.com\/?p=165933","og_locale":"es_ES","og_type":"article","og_title":"DE PRIMERA MANO LA ATENCI\u00d3N AL BOQUE\u00d1O! - Los pol\u00edticos Veracruz","og_description":"Como cada semana, la presidenta municipal de Boca del R\u00edo, Maryjose Gamboa Torales, realiz\u00f3 el ya tradicional recorrido sorpresa para atender de primera mano a los ciudadanos; la tarde de este mi\u00e9rcoles visit\u00f3 el Ejido Primero de Mayo Sur. La supervisi\u00f3n inici\u00f3 en la calle C\u00e1ndido Aguilar, donde una de las solicitudes inmediatas fue la [&hellip;]","og_url":"https:\/\/lospoliticosveracruz.com\/?p=165933","og_site_name":"Los pol\u00edticos Veracruz","article_publisher":"https:\/\/www.facebook.com\/people\/Notimemes-de-los-Polticos\/61565672886568\/","article_published_time":"2026-03-12T15:05:56+00:00","article_modified_time":"2026-03-12T15:08:14+00:00","og_image":[{"width":600,"height":338,"url":"https:\/\/lospoliticosveracruz.com\/wp-content\/uploads\/2026\/03\/WhatsApp-Image-2026-03-12-at-08.59.15-e1773327896413.jpeg","type":"image\/jpeg"}],"author":"Lo viste en Los Pol\u00edticos","twitter_card":"summary_large_image","twitter_creator":"@LosPoliticosVer","twitter_site":"@LosPoliticosVer","twitter_misc":{"Escrito por":"Lo viste en Los Pol\u00edticos","Tiempo de lectura":"2 minutos"},"schema":{"@context":"https:\/\/schema.org","@graph":[{"@type":"Article","@id":"https:\/\/lospoliticosveracruz.com\/?p=165933#article","isPartOf":{"@id":"https:\/\/lospoliticosveracruz.com\/?p=165933"},"author":{"name":"Lo viste en Los Pol\u00edticos","@id":"https:\/\/lospoliticosveracruz.com\/#\/schema\/person\/b8702bb0e538456e6efd07080bf2a4a2"},"headline":"DE PRIMERA MANO LA ATENCI\u00d3N AL BOQUE\u00d1O!","datePublished":"2026-03-12T15:05:56+00:00","dateModified":"2026-03-12T15:08:14+00:00","mainEntityOfPage":{"@id":"https:\/\/lospoliticosveracruz.com\/?p=165933"},"wordCount":415,"publisher":{"@id":"https:\/\/lospoliticosveracruz.com\/#organization"},"image":{"@id":"https:\/\/lospoliticosveracruz.com\/?p=165933#primaryimage"},"thumbnailUrl":"https:\/\/lospoliticosveracruz.com\/wp-content\/uploads\/2026\/03\/WhatsApp-Image-2026-03-12-at-08.59.15-e1773327896413.jpeg","keywords":["Boca del R\u00edo","Ejido Primero de Mayo Sur","Maryjose Gamboa"],"articleSection":["De Boleto"],"inLanguage":"es"},{"@type":"WebPage","@id":"https:\/\/lospoliticosveracruz.com\/?p=165933","url":"https:\/\/lospoliticosveracruz.com\/?p=165933","name":"DE PRIMERA MANO LA ATENCI\u00d3N AL BOQUE\u00d1O! - Los pol\u00edticos Veracruz","isPartOf":{"@id":"https:\/\/lospoliticosveracruz.com\/#website"},"primaryImageOfPage":{"@id":"https:\/\/lospoliticosveracruz.com\/?p=165933#primaryimage"},"image":{"@id":"https:\/\/lospoliticosveracruz.com\/?p=165933#primaryimage"},"thumbnailUrl":"https:\/\/lospoliticosveracruz.com\/wp-content\/uploads\/2026\/03\/WhatsApp-Image-2026-03-12-at-08.59.15-e1773327896413.jpeg","datePublished":"2026-03-12T15:05:56+00:00","dateModified":"2026-03-12T15:08:14+00:00","breadcrumb":{"@id":"https:\/\/lospoliticosveracruz.com\/?p=165933#breadcrumb"},"inLanguage":"es","potentialAction":[{"@type":"ReadAction","target":["https:\/\/lospoliticosveracruz.com\/?p=165933"]}]},{"@type":"ImageObject","inLanguage":"es","@id":"https:\/\/lospoliticosveracruz.com\/?p=165933#primaryimage","url":"https:\/\/lospoliticosveracruz.com\/wp-content\/uploads\/2026\/03\/WhatsApp-Image-2026-03-12-at-08.59.15-e1773327896413.jpeg","contentUrl":"https:\/\/lospoliticosveracruz.com\/wp-content\/uploads\/2026\/03\/WhatsApp-Image-2026-03-12-at-08.59.15-e1773327896413.jpeg","width":600,"height":338},{"@type":"BreadcrumbList","@id":"https:\/\/lospoliticosveracruz.com\/?p=165933#breadcrumb","itemListElement":[{"@type":"ListItem","position":1,"name":"Portada","item":"https:\/\/lospoliticosveracruz.com\/"},{"@type":"ListItem","position":2,"name":"DE PRIMERA MANO LA ATENCI\u00d3N AL BOQUE\u00d1O!"}]},{"@type":"WebSite","@id":"https:\/\/lospoliticosveracruz.com\/#website","url":"https:\/\/lospoliticosveracruz.com\/","name":"Los pol\u00edticos Veracruz","description":"","publisher":{"@id":"https:\/\/lospoliticosveracruz.com\/#organization"},"potentialAction":[{"@type":"SearchAction","target":{"@type":"EntryPoint","urlTemplate":"https:\/\/lospoliticosveracruz.com\/?s={search_term_string}"},"query-input":{"@type":"PropertyValueSpecification","valueRequired":true,"valueName":"search_term_string"}}],"inLanguage":"es"},{"@type":"Organization","@id":"https:\/\/lospoliticosveracruz.com\/#organization","name":"Los pol\u00edticos Veracruz","url":"https:\/\/lospoliticosveracruz.com\/","logo":{"@type":"ImageObject","inLanguage":"es","@id":"https:\/\/lospoliticosveracruz.com\/#\/schema\/logo\/image\/","url":"https:\/\/lospoliticosveracruz.com\/wp-content\/uploads\/2025\/12\/Logo-Nuevo-LOS-POLITICOS-1.jpg","contentUrl":"https:\/\/lospoliticosveracruz.com\/wp-content\/uploads\/2025\/12\/Logo-Nuevo-LOS-POLITICOS-1.jpg","width":260,"height":70,"caption":"Los pol\u00edticos Veracruz"},"image":{"@id":"https:\/\/lospoliticosveracruz.com\/#\/schema\/logo\/image\/"},"sameAs":["https:\/\/www.facebook.com\/people\/Notimemes-de-los-Polticos\/61565672886568\/","https:\/\/x.com\/LosPoliticosVer"]},{"@type":"Person","@id":"https:\/\/lospoliticosveracruz.com\/#\/schema\/person\/b8702bb0e538456e6efd07080bf2a4a2","name":"Lo viste en Los Pol\u00edticos","image":{"@type":"ImageObject","inLanguage":"es","@id":"https:\/\/secure.gravatar.com\/avatar\/3a8de04a2656d44082be478bd6c086daa447c4651605818287b9532d3d0bd435?s=96&d=mm&r=g","url":"https:\/\/secure.gravatar.com\/avatar\/3a8de04a2656d44082be478bd6c086daa447c4651605818287b9532d3d0bd435?s=96&d=mm&r=g","contentUrl":"https:\/\/secure.gravatar.com\/avatar\/3a8de04a2656d44082be478bd6c086daa447c4651605818287b9532d3d0bd435?s=96&d=mm&r=g","caption":"Lo viste en Los Pol\u00edticos"},"url":"https:\/\/lospoliticosveracruz.com\/?author=2"}]}},"_links":{"self":[{"href":"https:\/\/lospoliticosveracruz.com\/index.php?rest_route=\/wp\/v2\/posts\/165933","targetHints":{"allow":["GET"]}}],"collection":[{"href":"https:\/\/lospoliticosveracruz.com\/index.php?rest_route=\/wp\/v2\/posts"}],"about":[{"href":"https:\/\/lospoliticosveracruz.com\/index.php?rest_route=\/wp\/v2\/types\/post"}],"author":[{"embeddable":true,"href":"https:\/\/lospoliticosveracruz.com\/index.php?rest_route=\/wp\/v2\/users\/2"}],"replies":[{"embeddable":true,"href":"https:\/\/lospoliticosveracruz.com\/index.php?rest_route=%2Fwp%2Fv2%2Fcomments&post=165933"}],"version-history":[{"count":1,"href":"https:\/\/lospoliticosveracruz.com\/index.php?rest_route=\/wp\/v2\/posts\/165933\/revisions"}],"predecessor-version":[{"id":165935,"href":"https:\/\/lospoliticosveracruz.com\/index.php?rest_route=\/wp\/v2\/posts\/165933\/revisions\/165935"}],"wp:featuredmedia":[{"embeddable":true,"href":"https:\/\/lospoliticosveracruz.com\/index.php?rest_route=\/wp\/v2\/media\/165934"}],"wp:attachment":[{"href":"https:\/\/lospoliticosveracruz.com\/index.php?rest_route=%2Fwp%2Fv2%2Fmedia&parent=165933"}],"wp:term":[{"taxonomy":"category","embeddable":true,"href":"https:\/\/lospoliticosveracruz.com\/index.php?rest_route=%2Fwp%2Fv2%2Fcategories&post=165933"},{"taxonomy":"post_tag","embeddable":true,"href":"https:\/\/lospoliticosveracruz.com\/index.php?rest_route=%2Fwp%2Fv2%2Ftags&post=165933"}],"curies":[{"name":"wp","href":"https:\/\/api.w.org\/{rel}","templated":true}]}}