{"id":165937,"date":"2026-03-12T09:53:45","date_gmt":"2026-03-12T15:53:45","guid":{"rendered":"https:\/\/lospoliticosveracruz.com\/?p=165937"},"modified":"2026-03-12T09:53:46","modified_gmt":"2026-03-12T15:53:46","slug":"servir-a-la-salud-sueno-alcanzado","status":"publish","type":"post","link":"https:\/\/lospoliticosveracruz.com\/?p=165937","title":{"rendered":"SERVIR A LA SALUD, \u00bfSUE\u00d1O ALCANZADO?"},"content":{"rendered":"\n<p>S\u00edguenos ahora tambi\u00e9n en WhatsApp.\u00a0\u00a1<a href=\"https:\/\/whatsapp.com\/channel\/0029Va8zRWlEKyZIP3Z1dF0e\"><strong>Da clic aqu\u00ed<\/strong><\/a><strong>!<\/strong><\/p>\n\n\n\n<p><strong><a href=\"https:\/\/www.facebook.com\/DrValentinHerreraAlarcon?__cft__[0]=AZY9Du_yQVtmwu-RrGBwLLeXzZH8ALm7Btz1YAjY1_qvmvBUNJjyyXR7Mbi3Qp2A8KSLFmGxA26aj8CSme5KjkRH1Dz20puyyxH9RgGDQjEAXJxYCbRfsVYqMNC2l4y0XJUZTri4GNcFsNHp5gK0zifJWbBh6sRymtpgn_o7CTK1-9qGx6hnC23NeIEPlCK6gEzJXTyCfvNPVZZGYg_EJHuG&amp;__tn__=-UC%2CP-R\"><strong>Dr. Valent\u00edn Herrera Alarc\u00f3n<\/strong><\/a><\/strong><\/p>\n\n\n\n<p><em>Veracruz con coraz\u00f3n<\/em><\/p>\n\n\n\n<p>A\u00fan hay mucho por hacer en materia de salud p\u00fablica en <strong>M\u00e9xico<\/strong>. Estamos a tiempo de lograr que no se saturen los hospitales, evitar que aparezcan enfermedades que cre\u00edamos extintas y prevenir enfermedades degenerativas; para ello ser\u00e1 fundamental el compromiso inquebrantable de los profesionales de la salud con los mexicanos.<\/p>\n\n\n\n<p>S\u00ed, en <strong>M\u00e9xico<\/strong> se hacen esfuerzos extraordinarios para garantizar que las y los pacientes reciban atenci\u00f3n m\u00e9dica a tiempo, que las emergencias sean prioridad, que no se pierdan estudios y consultas programadas y que nadie se quede sin su tratamiento. Muchas veces, ante las carencias es el propio personal quien da la cara por los pacientes. Ellas y ellos son lo mejor de nuestro sistema de salud. Esto lo afirmo con una profunda convicci\u00f3n.<\/p>\n\n\n\n<p>El 3 de diciembre de 1967, me encontraba en casa de un buen hombre, <strong>Aurelio Pazos<\/strong>, en la localidad de <strong>Atzalan, Veracruz<\/strong>, quien, a cambio de ayudarle a desgranar mazorcas de ma\u00edz, nos permit\u00eda a un grupo de ni\u00f1os ver su televisi\u00f3n\u2026 en el pueblo no hab\u00eda m\u00e1s de cinco de estos aparatos.<\/p>\n\n\n\n<p>Ese d\u00eda sucedi\u00f3 algo maravilloso para m\u00ed, apenas contaba con 9 a\u00f1os de edad y pude presenciar por la televisi\u00f3n de don <strong>Aurelio<\/strong> el primer trasplante card\u00edaco en el mundo, llevado a cabo por el <strong>Dr. Christiaan Neethling Barnard<\/strong> en el <strong>Hospital Grote Schurr de Ciudad del Cabo<\/strong>. Esa historia de \u00e9xito cambi\u00f3 mi vida para dedicarla a los mexicanos.<\/p>\n\n\n\n<p>Nac\u00ed en <strong>Misantla, Veracruz<\/strong>, a los 5 a\u00f1os mi padre nos llev\u00f3 a mi madre y mis hermanos a <strong>Atzalan<\/strong>, en la regi\u00f3n central del Estado. Ah\u00ed estudi\u00e9 la primaria. El primero y segundo a\u00f1o de secundaria en la localidad de <strong>Altotonga<\/strong> y la conclu\u00ed en una telesecundaria de <strong>Atzalan<\/strong>.<\/p>\n\n\n\n<p>Cuando en diciembre de 1967 vi el primer trasplante card\u00edaco no comprend\u00eda mucho del tema, pero hizo nacer en m\u00ed el anhelo de ser m\u00e9dico, operar y hacer lo que vi en la televisi\u00f3n, corr\u00ed a comentarlo con mi madre\u2026 y ella me tom\u00f3 de la mano llev\u00e1ndome con el m\u00e9dico.<\/p>\n\n\n\n<p>A los 15 a\u00f1os, con el apoyo de mi mam\u00e1, viaj\u00e9 a la <strong>Ciudad de M\u00e9xico<\/strong> para estudiar el bachillerato en el <strong>CCH<\/strong>, posteriormente curs\u00e9 la carrera de <strong>M\u00e9dico Cirujano en la UNAM<\/strong> y <strong>Cirug\u00eda General en el Hospital \u201cDr. Agust\u00edn O\u00b4Hor\u00e1n\u201d<\/strong>, de la <strong>Secretar\u00eda de Salud<\/strong>, en <strong>M\u00e9rida, Yucat\u00e1n<\/strong>.<\/p>\n\n\n\n<p>En el \u00faltimo a\u00f1o de la residencia de cirug\u00eda tuve la suerte de conocer al <strong>Dr. Rodolfo Barrag\u00e1n Garc\u00eda<\/strong>, quien era el <strong>jefe de Cirug\u00eda Card\u00edaca en el Instituto Nacional de Cardiolog\u00eda<\/strong>, y me invit\u00f3 para realizar la especialidad de <strong>Cirug\u00eda Cardiovascular<\/strong> de 1988 a 1991, donde fui jefe de residentes. Logr\u00e9 quedarme en el <strong>Instituto<\/strong> como becario y luego como adscrito.<\/p>\n\n\n\n<p>En 1993 tuve la oportunidad, a trav\u00e9s de un intercambio de la <strong>Secretar\u00eda de Salud<\/strong>, de lograr una estancia en el <strong>Hospital Cl\u00ednico de la Universidad de Barcelona<\/strong>, en el <strong>Departamento de Criopreservaci\u00f3n de V\u00e1lvulas Card\u00edacas, Tejidos Vasculares<\/strong> y participar en el programa de <strong>Trasplante Card\u00edaco<\/strong>. Ya en <strong>M\u00e9xico<\/strong> permanec\u00ed de 1995 a 2005 en el servicio de cardiocirug\u00eda pedi\u00e1trica, alternando con cirug\u00eda de adultos.<\/p>\n\n\n\n<p>El 1 de julio del 2000, mi jefe, el <strong>Dr. Rodolfo Barrag\u00e1n Garc\u00eda<\/strong>, me informa que existe un probable donador de coraz\u00f3n en el <strong>Hospital San Jos\u00e9 del IMSS en Puebla<\/strong> y un receptor en espera.<\/p>\n\n\n\n<p>En medio de la jornada electoral de aquel a\u00f1o, fui personalmente a <strong>Puebla<\/strong> para realizar la procuraci\u00f3n del \u00f3rgano, regresar al <strong>Instituto Nacional de Cardiolog\u00eda<\/strong> y junto con el <strong>Dr. Barrag\u00e1n<\/strong> realizar el primer trasplante card\u00edaco ortot\u00f3pico con la t\u00e9cnica de <strong>Shumway (biauricular)<\/strong> en el <strong>Instituto Nacional de Cardiolog\u00eda<\/strong>.<\/p>\n\n\n\n<p>La evoluci\u00f3n fue satisfactoria y marc\u00f3 el inicio de una gran lista de pacientes trasplantados de coraz\u00f3n. Actualmente se abandon\u00f3 la t\u00e9cnica biauricular y se utiliza la bicaval en todo el mundo. Es importante mencionar que el <strong>Instituto Nacional de Cardiolog\u00eda<\/strong>, aparte de su funci\u00f3n asistencial, realiza investigaci\u00f3n y formaci\u00f3n de recursos humanos en salud.<\/p>\n\n\n\n<p>En 1995 inici\u00e9 como profesor adjunto en el curso de residencia en <strong>Cirug\u00eda Cardiaca<\/strong>, avalada por la <strong>UNAM<\/strong>; a\u00f1os despu\u00e9s adquir\u00ed la titularidad del curso llegando a formar m\u00e1s de 20 generaciones de cardiocirujanos de <strong>M\u00e9xico<\/strong> y de muchos otros pa\u00edses de <strong>Am\u00e9rica Latina y El Caribe<\/strong>.<\/p>\n\n\n\n<p>En 1996, junto con un equipo de especialistas iniciamos el programa de <strong>Cirug\u00eda Card\u00edaca de M\u00ednima Invasi\u00f3n<\/strong> en el propio <strong>Instituto Nacional de Cardiolog\u00eda<\/strong>, corrigiendo una cardiopat\u00eda cong\u00e9nita llamada comunicaci\u00f3n interauricular a trav\u00e9s de una mintoracotom\u00eda derecha submamaria.<\/p>\n\n\n\n<p>En la d\u00e9cada de los 90\u00b4s y con el liderazgo del <strong>Dr. Rodolfo Barrag\u00e1n Garc\u00eda<\/strong> iniciamos el programa de <strong>Tromboendarterectom\u00eda Pulmonar<\/strong> para hipertensi\u00f3n pulmonar tromboemb\u00f3lica cr\u00f3nica, un procedimiento que se realiza solamente en el <strong>Instituto Nacional de Cardiolog\u00eda \u201cDr. Ignacio Ch\u00e1vez\u201d<\/strong>.<\/p>\n\n\n\n<p>Durante la primera d\u00e9cada del siglo XXI, el <strong>Instituto Nacional de Cardiolog\u00eda<\/strong> logr\u00f3 grandes adelantos en cuanto a la cirug\u00eda card\u00edaca se refiere: se incrementaron los trasplantes, la cirug\u00eda de aorta en todas sus variantes. En 2007 tom\u00e9 la subjefatura del departamento y en 2009 la <strong>Jefatura<\/strong>, cargo que dej\u00e9 en octubre del 2017.<\/p>\n\n\n\n<p>En abril del 2018, por invitaci\u00f3n del <strong>Director del ISSSTE<\/strong>, <strong>Mtro. Luis Antonio Ram\u00edrez Pineda<\/strong> y bajo licencia en el <strong>Instituto Nacional de Cardiolog\u00eda<\/strong>, asum\u00ed la <strong>Subdirecci\u00f3n M\u00e9dica del Hospital Regional \u201cGral. Ignacio Zaragoza\u201d<\/strong> y en septiembre del 2019 asum\u00ed la <strong>Direcci\u00f3n<\/strong> del mismo hospital\u2026 en noviembre de ese a\u00f1o la del <strong>Hospital Regional \u201cLic. Adolfo L\u00f3pez Mateos\u201d<\/strong>.<\/p>\n\n\n\n<p>El trabajo fue arduo, logrando la instalaci\u00f3n del <strong>Programa de Cardiocirug\u00eda<\/strong> y sentando las bases para la <strong>Residencia de Cardiolog\u00eda<\/strong> -hoy en d\u00eda egres\u00f3 la segunda generaci\u00f3n de cardi\u00f3logos. Este cargo concluy\u00f3 en abril del 2023 para ocupar la <strong>Subdirecci\u00f3n de Gesti\u00f3n y Evaluaci\u00f3n en Salud de la Direcci\u00f3n M\u00e9dica del ISSSTE<\/strong>.<\/p>\n\n\n\n<p>En mayo del 2024 ocup\u00e9 la <strong>Direcci\u00f3n del Hospital Regional Bicentenario de la Independencia del ISSSTE<\/strong>, cargo que dej\u00e9 en agosto del mismo a\u00f1o debido a la invitaci\u00f3n de la <strong>Gobernadora de Veracruz<\/strong>, para ocupar la <strong>Titularidad de la Secretar\u00eda de Salud y Direcci\u00f3n General de los Servicios de Salud del Estado de Veracruz<\/strong> del 1 de diciembre del 2024 a febrero de 2026.<\/p>\n\n\n\n<p>Para un servidor, \u00e9sta aventura representa haber cumplido el sue\u00f1o que inici\u00f3 aquel 3 de diciembre de 1967.<\/p>\n\n\n\n<p>Pero como dijo <strong>Yogi Berra<\/strong>, beisbolista estadounidense \u201cel juego no se acaba hasta que se termina\u201d, y en el \u00e1mbito cardiol\u00f3gico, hay mucho que hacer, desde la promoci\u00f3n de la salud, prevenci\u00f3n de la enfermedad, atenci\u00f3n primaria a la salud. Y ah\u00ed el papel de quienes hemos dedicado la vida a cuidar la salud de los dem\u00e1s ser\u00e1 fundamental.<\/p>\n\n\n\n<p>Y es que el compromiso de quienes nos dedicamos a velar por la salud de las y los mexicanos es inquebrantable. Nos debemos a la gente y es por ello que servimos de manera incansable para cuidar el bien m\u00e1s valioso de cualquier ser humano: su salud.<\/p>\n\n\n\n<p>Si todo esto se lleva a cabo como se plane\u00f3 en <strong>Alma Ata (Asia Central) en 1978<\/strong>, no habr\u00e1 necesidad de saturar los hospitales de alta especialidad como sucede en la actualidad, se podr\u00edan prevenir las enfermedades no transmisibles y degenerativas evitando as\u00ed muchas complicaciones. \u00a1Hay mucho que hacer, empecemos hoy!&#8230;<\/p>\n","protected":false},"excerpt":{"rendered":"<p>Dr. Valent\u00edn Herrera Alarc\u00f3n Veracruz con coraz\u00f3n A\u00fan hay mucho por hacer en materia de salud p\u00fablica en M\u00e9xico. Estamos a tiempo de lograr que no se saturen los hospitales, evitar que aparezcan enfermedades que cre\u00edamos extintas y prevenir enfermedades degenerativas; para ello ser\u00e1 fundamental el compromiso inquebrantable de los profesionales de la salud con [&hellip;]<\/p>\n","protected":false},"author":2,"featured_media":165938,"comment_status":"closed","ping_status":"closed","sticky":false,"template":"","format":"standard","meta":{"tdm_status":"","tdm_grid_status":"","footnotes":""},"categories":[70],"tags":[57200,57197,57195,57199,57196,57198],"class_list":{"0":"post-165937","1":"post","2":"type-post","3":"status-publish","4":"format-standard","5":"has-post-thumbnail","7":"category-de-opinion","8":"tag-formacion-cardiocirujanos-unam-mexico","9":"tag-instituto-nacional-de-cardiologia-ignacio-chavez","10":"tag-issste-hospitales-regionales-cardiologia","11":"tag-secretaria-de-salud-veracruz-servicios-de-salud","12":"tag-trasplante-cardiaco-mexico-historia","13":"tag-valentin-herrera-salud-publica-mexico"},"yoast_head":"<!-- This site is optimized with the Yoast SEO plugin v27.4 - https:\/\/yoast.com\/product\/yoast-seo-wordpress\/ -->\n<title>SERVIR A LA SALUD, \u00bfSUE\u00d1O ALCANZADO? - Los pol\u00edticos Veracruz<\/title>\n<meta name=\"robots\" content=\"index, follow, max-snippet:-1, max-image-preview:large, max-video-preview:-1\" \/>\n<link rel=\"canonical\" href=\"https:\/\/lospoliticosveracruz.com\/?p=165937\" \/>\n<meta property=\"og:locale\" content=\"es_ES\" \/>\n<meta property=\"og:type\" content=\"article\" \/>\n<meta property=\"og:title\" content=\"SERVIR A LA SALUD, \u00bfSUE\u00d1O ALCANZADO? - Los pol\u00edticos Veracruz\" \/>\n<meta property=\"og:description\" content=\"Dr. Valent\u00edn Herrera Alarc\u00f3n Veracruz con coraz\u00f3n A\u00fan hay mucho por hacer en materia de salud p\u00fablica en M\u00e9xico. Estamos a tiempo de lograr que no se saturen los hospitales, evitar que aparezcan enfermedades que cre\u00edamos extintas y prevenir enfermedades degenerativas; para ello ser\u00e1 fundamental el compromiso inquebrantable de los profesionales de la salud con [&hellip;]\" \/>\n<meta property=\"og:url\" content=\"https:\/\/lospoliticosveracruz.com\/?p=165937\" \/>\n<meta property=\"og:site_name\" content=\"Los pol\u00edticos Veracruz\" \/>\n<meta property=\"article:publisher\" content=\"https:\/\/www.facebook.com\/people\/Notimemes-de-los-Polticos\/61565672886568\/\" \/>\n<meta property=\"article:published_time\" content=\"2026-03-12T15:53:45+00:00\" \/>\n<meta property=\"article:modified_time\" content=\"2026-03-12T15:53:46+00:00\" \/>\n<meta property=\"og:image\" content=\"https:\/\/lospoliticosveracruz.com\/wp-content\/uploads\/2026\/03\/Dr.-Valentin-Herrera-Alarcon.jpg\" \/>\n\t<meta property=\"og:image:width\" content=\"1250\" \/>\n\t<meta property=\"og:image:height\" content=\"667\" \/>\n\t<meta property=\"og:image:type\" content=\"image\/jpeg\" \/>\n<meta name=\"author\" content=\"Lo viste en Los Pol\u00edticos\" \/>\n<meta name=\"twitter:card\" content=\"summary_large_image\" \/>\n<meta name=\"twitter:creator\" content=\"@LosPoliticosVer\" \/>\n<meta name=\"twitter:site\" content=\"@LosPoliticosVer\" \/>\n<meta name=\"twitter:label1\" content=\"Escrito por\" \/>\n\t<meta name=\"twitter:data1\" content=\"Lo viste en Los Pol\u00edticos\" \/>\n\t<meta name=\"twitter:label2\" content=\"Tiempo de lectura\" \/>\n\t<meta name=\"twitter:data2\" content=\"6 minutos\" \/>\n<script type=\"application\/ld+json\" class=\"yoast-schema-graph\">{\"@context\":\"https:\\\/\\\/schema.org\",\"@graph\":[{\"@type\":\"Article\",\"@id\":\"https:\\\/\\\/lospoliticosveracruz.com\\\/?p=165937#article\",\"isPartOf\":{\"@id\":\"https:\\\/\\\/lospoliticosveracruz.com\\\/?p=165937\"},\"author\":{\"name\":\"Lo viste en Los Pol\u00edticos\",\"@id\":\"https:\\\/\\\/lospoliticosveracruz.com\\\/#\\\/schema\\\/person\\\/b8702bb0e538456e6efd07080bf2a4a2\"},\"headline\":\"SERVIR A LA SALUD, \u00bfSUE\u00d1O ALCANZADO?\",\"datePublished\":\"2026-03-12T15:53:45+00:00\",\"dateModified\":\"2026-03-12T15:53:46+00:00\",\"mainEntityOfPage\":{\"@id\":\"https:\\\/\\\/lospoliticosveracruz.com\\\/?p=165937\"},\"wordCount\":1309,\"publisher\":{\"@id\":\"https:\\\/\\\/lospoliticosveracruz.com\\\/#organization\"},\"image\":{\"@id\":\"https:\\\/\\\/lospoliticosveracruz.com\\\/?p=165937#primaryimage\"},\"thumbnailUrl\":\"https:\\\/\\\/lospoliticosveracruz.com\\\/wp-content\\\/uploads\\\/2026\\\/03\\\/Dr.-Valentin-Herrera-Alarcon.jpg\",\"keywords\":[\"formaci\u00f3n cardiocirujanos UNAM M\u00e9xico\",\"Instituto Nacional de Cardiolog\u00eda Ignacio Ch\u00e1vez\",\"ISSSTE hospitales regionales cardiolog\u00eda\",\"Secretar\u00eda de Salud Veracruz servicios de salud\",\"trasplante card\u00edaco M\u00e9xico historia\",\"Valent\u00edn Herrera salud p\u00fablica M\u00e9xico\"],\"articleSection\":[\"De Opini\u00f3n\"],\"inLanguage\":\"es\"},{\"@type\":\"WebPage\",\"@id\":\"https:\\\/\\\/lospoliticosveracruz.com\\\/?p=165937\",\"url\":\"https:\\\/\\\/lospoliticosveracruz.com\\\/?p=165937\",\"name\":\"SERVIR A LA SALUD, \u00bfSUE\u00d1O ALCANZADO? - Los pol\u00edticos Veracruz\",\"isPartOf\":{\"@id\":\"https:\\\/\\\/lospoliticosveracruz.com\\\/#website\"},\"primaryImageOfPage\":{\"@id\":\"https:\\\/\\\/lospoliticosveracruz.com\\\/?p=165937#primaryimage\"},\"image\":{\"@id\":\"https:\\\/\\\/lospoliticosveracruz.com\\\/?p=165937#primaryimage\"},\"thumbnailUrl\":\"https:\\\/\\\/lospoliticosveracruz.com\\\/wp-content\\\/uploads\\\/2026\\\/03\\\/Dr.-Valentin-Herrera-Alarcon.jpg\",\"datePublished\":\"2026-03-12T15:53:45+00:00\",\"dateModified\":\"2026-03-12T15:53:46+00:00\",\"breadcrumb\":{\"@id\":\"https:\\\/\\\/lospoliticosveracruz.com\\\/?p=165937#breadcrumb\"},\"inLanguage\":\"es\",\"potentialAction\":[{\"@type\":\"ReadAction\",\"target\":[\"https:\\\/\\\/lospoliticosveracruz.com\\\/?p=165937\"]}]},{\"@type\":\"ImageObject\",\"inLanguage\":\"es\",\"@id\":\"https:\\\/\\\/lospoliticosveracruz.com\\\/?p=165937#primaryimage\",\"url\":\"https:\\\/\\\/lospoliticosveracruz.com\\\/wp-content\\\/uploads\\\/2026\\\/03\\\/Dr.-Valentin-Herrera-Alarcon.jpg\",\"contentUrl\":\"https:\\\/\\\/lospoliticosveracruz.com\\\/wp-content\\\/uploads\\\/2026\\\/03\\\/Dr.-Valentin-Herrera-Alarcon.jpg\",\"width\":1250,\"height\":667},{\"@type\":\"BreadcrumbList\",\"@id\":\"https:\\\/\\\/lospoliticosveracruz.com\\\/?p=165937#breadcrumb\",\"itemListElement\":[{\"@type\":\"ListItem\",\"position\":1,\"name\":\"Portada\",\"item\":\"https:\\\/\\\/lospoliticosveracruz.com\\\/\"},{\"@type\":\"ListItem\",\"position\":2,\"name\":\"SERVIR A LA SALUD, \u00bfSUE\u00d1O ALCANZADO?\"}]},{\"@type\":\"WebSite\",\"@id\":\"https:\\\/\\\/lospoliticosveracruz.com\\\/#website\",\"url\":\"https:\\\/\\\/lospoliticosveracruz.com\\\/\",\"name\":\"Los pol\u00edticos Veracruz\",\"description\":\"\",\"publisher\":{\"@id\":\"https:\\\/\\\/lospoliticosveracruz.com\\\/#organization\"},\"potentialAction\":[{\"@type\":\"SearchAction\",\"target\":{\"@type\":\"EntryPoint\",\"urlTemplate\":\"https:\\\/\\\/lospoliticosveracruz.com\\\/?s={search_term_string}\"},\"query-input\":{\"@type\":\"PropertyValueSpecification\",\"valueRequired\":true,\"valueName\":\"search_term_string\"}}],\"inLanguage\":\"es\"},{\"@type\":\"Organization\",\"@id\":\"https:\\\/\\\/lospoliticosveracruz.com\\\/#organization\",\"name\":\"Los pol\u00edticos Veracruz\",\"url\":\"https:\\\/\\\/lospoliticosveracruz.com\\\/\",\"logo\":{\"@type\":\"ImageObject\",\"inLanguage\":\"es\",\"@id\":\"https:\\\/\\\/lospoliticosveracruz.com\\\/#\\\/schema\\\/logo\\\/image\\\/\",\"url\":\"https:\\\/\\\/lospoliticosveracruz.com\\\/wp-content\\\/uploads\\\/2025\\\/12\\\/Logo-Nuevo-LOS-POLITICOS-1.jpg\",\"contentUrl\":\"https:\\\/\\\/lospoliticosveracruz.com\\\/wp-content\\\/uploads\\\/2025\\\/12\\\/Logo-Nuevo-LOS-POLITICOS-1.jpg\",\"width\":260,\"height\":70,\"caption\":\"Los pol\u00edticos Veracruz\"},\"image\":{\"@id\":\"https:\\\/\\\/lospoliticosveracruz.com\\\/#\\\/schema\\\/logo\\\/image\\\/\"},\"sameAs\":[\"https:\\\/\\\/www.facebook.com\\\/people\\\/Notimemes-de-los-Polticos\\\/61565672886568\\\/\",\"https:\\\/\\\/x.com\\\/LosPoliticosVer\"]},{\"@type\":\"Person\",\"@id\":\"https:\\\/\\\/lospoliticosveracruz.com\\\/#\\\/schema\\\/person\\\/b8702bb0e538456e6efd07080bf2a4a2\",\"name\":\"Lo viste en Los Pol\u00edticos\",\"image\":{\"@type\":\"ImageObject\",\"inLanguage\":\"es\",\"@id\":\"https:\\\/\\\/secure.gravatar.com\\\/avatar\\\/3a8de04a2656d44082be478bd6c086daa447c4651605818287b9532d3d0bd435?s=96&d=mm&r=g\",\"url\":\"https:\\\/\\\/secure.gravatar.com\\\/avatar\\\/3a8de04a2656d44082be478bd6c086daa447c4651605818287b9532d3d0bd435?s=96&d=mm&r=g\",\"contentUrl\":\"https:\\\/\\\/secure.gravatar.com\\\/avatar\\\/3a8de04a2656d44082be478bd6c086daa447c4651605818287b9532d3d0bd435?s=96&d=mm&r=g\",\"caption\":\"Lo viste en Los Pol\u00edticos\"},\"url\":\"https:\\\/\\\/lospoliticosveracruz.com\\\/?author=2\"}]}<\/script>\n<!-- \/ Yoast SEO plugin. -->","yoast_head_json":{"title":"SERVIR A LA SALUD, \u00bfSUE\u00d1O ALCANZADO? - Los pol\u00edticos Veracruz","robots":{"index":"index","follow":"follow","max-snippet":"max-snippet:-1","max-image-preview":"max-image-preview:large","max-video-preview":"max-video-preview:-1"},"canonical":"https:\/\/lospoliticosveracruz.com\/?p=165937","og_locale":"es_ES","og_type":"article","og_title":"SERVIR A LA SALUD, \u00bfSUE\u00d1O ALCANZADO? - Los pol\u00edticos Veracruz","og_description":"Dr. Valent\u00edn Herrera Alarc\u00f3n Veracruz con coraz\u00f3n A\u00fan hay mucho por hacer en materia de salud p\u00fablica en M\u00e9xico. Estamos a tiempo de lograr que no se saturen los hospitales, evitar que aparezcan enfermedades que cre\u00edamos extintas y prevenir enfermedades degenerativas; para ello ser\u00e1 fundamental el compromiso inquebrantable de los profesionales de la salud con [&hellip;]","og_url":"https:\/\/lospoliticosveracruz.com\/?p=165937","og_site_name":"Los pol\u00edticos Veracruz","article_publisher":"https:\/\/www.facebook.com\/people\/Notimemes-de-los-Polticos\/61565672886568\/","article_published_time":"2026-03-12T15:53:45+00:00","article_modified_time":"2026-03-12T15:53:46+00:00","og_image":[{"width":1250,"height":667,"url":"https:\/\/lospoliticosveracruz.com\/wp-content\/uploads\/2026\/03\/Dr.-Valentin-Herrera-Alarcon.jpg","type":"image\/jpeg"}],"author":"Lo viste en Los Pol\u00edticos","twitter_card":"summary_large_image","twitter_creator":"@LosPoliticosVer","twitter_site":"@LosPoliticosVer","twitter_misc":{"Escrito por":"Lo viste en Los Pol\u00edticos","Tiempo de lectura":"6 minutos"},"schema":{"@context":"https:\/\/schema.org","@graph":[{"@type":"Article","@id":"https:\/\/lospoliticosveracruz.com\/?p=165937#article","isPartOf":{"@id":"https:\/\/lospoliticosveracruz.com\/?p=165937"},"author":{"name":"Lo viste en Los Pol\u00edticos","@id":"https:\/\/lospoliticosveracruz.com\/#\/schema\/person\/b8702bb0e538456e6efd07080bf2a4a2"},"headline":"SERVIR A LA SALUD, \u00bfSUE\u00d1O ALCANZADO?","datePublished":"2026-03-12T15:53:45+00:00","dateModified":"2026-03-12T15:53:46+00:00","mainEntityOfPage":{"@id":"https:\/\/lospoliticosveracruz.com\/?p=165937"},"wordCount":1309,"publisher":{"@id":"https:\/\/lospoliticosveracruz.com\/#organization"},"image":{"@id":"https:\/\/lospoliticosveracruz.com\/?p=165937#primaryimage"},"thumbnailUrl":"https:\/\/lospoliticosveracruz.com\/wp-content\/uploads\/2026\/03\/Dr.-Valentin-Herrera-Alarcon.jpg","keywords":["formaci\u00f3n cardiocirujanos UNAM M\u00e9xico","Instituto Nacional de Cardiolog\u00eda Ignacio Ch\u00e1vez","ISSSTE hospitales regionales cardiolog\u00eda","Secretar\u00eda de Salud Veracruz servicios de salud","trasplante card\u00edaco M\u00e9xico historia","Valent\u00edn Herrera salud p\u00fablica M\u00e9xico"],"articleSection":["De Opini\u00f3n"],"inLanguage":"es"},{"@type":"WebPage","@id":"https:\/\/lospoliticosveracruz.com\/?p=165937","url":"https:\/\/lospoliticosveracruz.com\/?p=165937","name":"SERVIR A LA SALUD, \u00bfSUE\u00d1O ALCANZADO? - Los pol\u00edticos Veracruz","isPartOf":{"@id":"https:\/\/lospoliticosveracruz.com\/#website"},"primaryImageOfPage":{"@id":"https:\/\/lospoliticosveracruz.com\/?p=165937#primaryimage"},"image":{"@id":"https:\/\/lospoliticosveracruz.com\/?p=165937#primaryimage"},"thumbnailUrl":"https:\/\/lospoliticosveracruz.com\/wp-content\/uploads\/2026\/03\/Dr.-Valentin-Herrera-Alarcon.jpg","datePublished":"2026-03-12T15:53:45+00:00","dateModified":"2026-03-12T15:53:46+00:00","breadcrumb":{"@id":"https:\/\/lospoliticosveracruz.com\/?p=165937#breadcrumb"},"inLanguage":"es","potentialAction":[{"@type":"ReadAction","target":["https:\/\/lospoliticosveracruz.com\/?p=165937"]}]},{"@type":"ImageObject","inLanguage":"es","@id":"https:\/\/lospoliticosveracruz.com\/?p=165937#primaryimage","url":"https:\/\/lospoliticosveracruz.com\/wp-content\/uploads\/2026\/03\/Dr.-Valentin-Herrera-Alarcon.jpg","contentUrl":"https:\/\/lospoliticosveracruz.com\/wp-content\/uploads\/2026\/03\/Dr.-Valentin-Herrera-Alarcon.jpg","width":1250,"height":667},{"@type":"BreadcrumbList","@id":"https:\/\/lospoliticosveracruz.com\/?p=165937#breadcrumb","itemListElement":[{"@type":"ListItem","position":1,"name":"Portada","item":"https:\/\/lospoliticosveracruz.com\/"},{"@type":"ListItem","position":2,"name":"SERVIR A LA SALUD, \u00bfSUE\u00d1O ALCANZADO?"}]},{"@type":"WebSite","@id":"https:\/\/lospoliticosveracruz.com\/#website","url":"https:\/\/lospoliticosveracruz.com\/","name":"Los pol\u00edticos Veracruz","description":"","publisher":{"@id":"https:\/\/lospoliticosveracruz.com\/#organization"},"potentialAction":[{"@type":"SearchAction","target":{"@type":"EntryPoint","urlTemplate":"https:\/\/lospoliticosveracruz.com\/?s={search_term_string}"},"query-input":{"@type":"PropertyValueSpecification","valueRequired":true,"valueName":"search_term_string"}}],"inLanguage":"es"},{"@type":"Organization","@id":"https:\/\/lospoliticosveracruz.com\/#organization","name":"Los pol\u00edticos Veracruz","url":"https:\/\/lospoliticosveracruz.com\/","logo":{"@type":"ImageObject","inLanguage":"es","@id":"https:\/\/lospoliticosveracruz.com\/#\/schema\/logo\/image\/","url":"https:\/\/lospoliticosveracruz.com\/wp-content\/uploads\/2025\/12\/Logo-Nuevo-LOS-POLITICOS-1.jpg","contentUrl":"https:\/\/lospoliticosveracruz.com\/wp-content\/uploads\/2025\/12\/Logo-Nuevo-LOS-POLITICOS-1.jpg","width":260,"height":70,"caption":"Los pol\u00edticos Veracruz"},"image":{"@id":"https:\/\/lospoliticosveracruz.com\/#\/schema\/logo\/image\/"},"sameAs":["https:\/\/www.facebook.com\/people\/Notimemes-de-los-Polticos\/61565672886568\/","https:\/\/x.com\/LosPoliticosVer"]},{"@type":"Person","@id":"https:\/\/lospoliticosveracruz.com\/#\/schema\/person\/b8702bb0e538456e6efd07080bf2a4a2","name":"Lo viste en Los Pol\u00edticos","image":{"@type":"ImageObject","inLanguage":"es","@id":"https:\/\/secure.gravatar.com\/avatar\/3a8de04a2656d44082be478bd6c086daa447c4651605818287b9532d3d0bd435?s=96&d=mm&r=g","url":"https:\/\/secure.gravatar.com\/avatar\/3a8de04a2656d44082be478bd6c086daa447c4651605818287b9532d3d0bd435?s=96&d=mm&r=g","contentUrl":"https:\/\/secure.gravatar.com\/avatar\/3a8de04a2656d44082be478bd6c086daa447c4651605818287b9532d3d0bd435?s=96&d=mm&r=g","caption":"Lo viste en Los Pol\u00edticos"},"url":"https:\/\/lospoliticosveracruz.com\/?author=2"}]}},"_links":{"self":[{"href":"https:\/\/lospoliticosveracruz.com\/index.php?rest_route=\/wp\/v2\/posts\/165937","targetHints":{"allow":["GET"]}}],"collection":[{"href":"https:\/\/lospoliticosveracruz.com\/index.php?rest_route=\/wp\/v2\/posts"}],"about":[{"href":"https:\/\/lospoliticosveracruz.com\/index.php?rest_route=\/wp\/v2\/types\/post"}],"author":[{"embeddable":true,"href":"https:\/\/lospoliticosveracruz.com\/index.php?rest_route=\/wp\/v2\/users\/2"}],"replies":[{"embeddable":true,"href":"https:\/\/lospoliticosveracruz.com\/index.php?rest_route=%2Fwp%2Fv2%2Fcomments&post=165937"}],"version-history":[{"count":1,"href":"https:\/\/lospoliticosveracruz.com\/index.php?rest_route=\/wp\/v2\/posts\/165937\/revisions"}],"predecessor-version":[{"id":165939,"href":"https:\/\/lospoliticosveracruz.com\/index.php?rest_route=\/wp\/v2\/posts\/165937\/revisions\/165939"}],"wp:featuredmedia":[{"embeddable":true,"href":"https:\/\/lospoliticosveracruz.com\/index.php?rest_route=\/wp\/v2\/media\/165938"}],"wp:attachment":[{"href":"https:\/\/lospoliticosveracruz.com\/index.php?rest_route=%2Fwp%2Fv2%2Fmedia&parent=165937"}],"wp:term":[{"taxonomy":"category","embeddable":true,"href":"https:\/\/lospoliticosveracruz.com\/index.php?rest_route=%2Fwp%2Fv2%2Fcategories&post=165937"},{"taxonomy":"post_tag","embeddable":true,"href":"https:\/\/lospoliticosveracruz.com\/index.php?rest_route=%2Fwp%2Fv2%2Ftags&post=165937"}],"curies":[{"name":"wp","href":"https:\/\/api.w.org\/{rel}","templated":true}]}}