{"id":165949,"date":"2026-03-12T10:23:56","date_gmt":"2026-03-12T16:23:56","guid":{"rendered":"https:\/\/lospoliticosveracruz.com\/?p=165949"},"modified":"2026-03-12T10:23:57","modified_gmt":"2026-03-12T16:23:57","slug":"naveda-el-traidor","status":"publish","type":"post","link":"https:\/\/lospoliticosveracruz.com\/?p=165949","title":{"rendered":"NAVEDA, EL TRAIDOR"},"content":{"rendered":"\n<ul class=\"wp-block-list\"><\/ul>\n\n\n\n<p>S\u00edguenos ahora tambi\u00e9n en WhatsApp.\u00a0\u00a1<a href=\"https:\/\/whatsapp.com\/channel\/0029Va8zRWlEKyZIP3Z1dF0e\"><strong>Da clic aqu\u00ed<\/strong><\/a><strong>!<\/strong><\/p>\n\n\n\n<p><strong>Miguel Valera<br><\/strong><em>Contrase\u00f1as<br><\/em>Un viejo maestro en el periodismo sol\u00eda decirme que en algunas ocasiones las opiniones tienen \u201cfecha de caducidad\u201d. Ten\u00eda raz\u00f3n. Uno no puede casarse con una idea para siempre. Claro, hay convicciones \u2014razone de conciencia\u2014 que se pueden sostener a perpetuidad. Sin embargo, en las arenas movedizas de la pol\u00edtica, las opiniones pueden cambiar.<\/p>\n\n\n\n<p>Cuando se brinca de un bando a otro o de una postura a otra, por intereses propios, por mezquindad, por acomodaticio, entonces ah\u00ed, en el argot pol\u00edtico suele calificarse al personaje como \u201cchaquetero\u201d o \u201cchaquetera\u201d. Es decir, \u201cuna persona desleal o interesada que cambia de bando, partido pol\u00edtico, equipo deportivo o de opini\u00f3n por pura conveniencia\u201d. As\u00ed lo define incluso la IA. Por eso las comillas.<\/p>\n\n\n\n<p>Este es el caso del diputado federal coatepecano Adri\u00e1n Gonz\u00e1lez Naveda, quien le debe el despegue de su carrera pol\u00edtica al Movimiento de Regeneraci\u00f3n Nacional (MORENA) y con total deslealtad y cinismo, bate\u00f3 la reforma electoral propuesta por la presidenta Claudia Sheinbaum Pardo.<\/p>\n\n\n\n<p>Usted, amable lector, podr\u00e1 decirme que hubo muchos legisladores del PT y del PVEM \u2014partidos aliados del morenismo\u2014 que hicieron lo propio. S\u00ed, con 259 votos a favor y 234 en contra, MORENA no alcanz\u00f3 la mayor\u00eda calificada para esta reforma. \u00bfQui\u00e9nes votaron en contra? De la bancada encabezada por Ricardo Monreal \u00c1vila, los tres opositores fueron: Alejandro Chedraui Peralta, Santy Montemayor Castillo y Giselle Arellano \u00c1vila.<\/p>\n\n\n\n<p>Jes\u00fas Jim\u00e9nez, Manuel Espino, Olga S\u00e1nchez Cordero e Iv\u00e1n Pe\u00f1a Vidal no asistieron a la sesi\u00f3n. El PT s\u00f3lo dio un voto a favor, el de Jes\u00fas Roberto Corral Ordo\u00f1ez. De ah\u00ed, 46 votaron en contra y uno se escondi\u00f3. Del Partido Verde, s\u00f3lo 12 votaron a favor y 48 en contra. Cada qui\u00e9n tendr\u00e1 sus razones e intereses.<\/p>\n\n\n\n<p>En el caso de Veracruz llama la atenci\u00f3n, insisto, el caso del petista Adri\u00e1n Gonz\u00e1lez Naveda, un consentido del sistema. El egresado de Ciencias Pol\u00edticas del Instituto Tecnol\u00f3gico y de Estudios Superiores de Monterrey, quien fue Director Regional de la Secretar\u00eda de Bienestar (2019 &#8211; 2023), obedeci\u00f3 naturalmente a su jefe, sensei y gur\u00fa, el senador Manuel Huerta Ladr\u00f3n de Guevara, quien se ha mantenido firme en su af\u00e1n de dividir al movimiento.<\/p>\n\n\n\n<p>Adri\u00e1n Gonz\u00e1lez Naveda tiene que ser coherente y votar a favor de quien le da instrucciones y no del movimiento que lo ha apoyado y lo ha acuerpado y que tiene en la presidenta Claudia Sheinbaum Pardo a su lideresa m\u00e1xima.<\/p>\n\n\n\n<p>Pero bueno, en la pol\u00edtica las traiciones y los chaqueteos son comunes, cuando en la agenda se atienden primero los intereses personales y no el de las mayor\u00edas. Es cu\u00e1nto.<\/p>\n\n\n\n<p>\u00d3SCAR LUNA MENDOZA, EL DISFRAZ DE LA POL\u00cdTICA SOCIAL<\/p>\n\n\n\n<p>A pesar de la atenci\u00f3n que todas las \u00e1reas del gobierno municipal de Xalapa que preside Daniela Griego Ceballos han dado en estos primeros meses de la administraci\u00f3n a la Congregaci\u00f3n de El Castillo, su agente municipal, \u00d3scar Luna Mendoza, magazo de la simulaci\u00f3n y el enga\u00f1o, azuzado por intereses del Partido Movimiento Ciudadano, pretende ahora levantar polvo con una solicitud de servicio de electrificaci\u00f3n que no es de ahora.<\/p>\n\n\n\n<p>En un audio que ha circulado entre pobladores de esa comunidad, se escucha a \u00d3scar Luna Mendoza despotricar en contra de la presidenta municipal: \u201cDijeron que no nos van a apoyar, porque estamos de manera irregular. Ni agua, ni luz, ni nada. Esa alcaldesa dice que no va a haber ning\u00fan servicio. Lo mismo dijo en Chiltoyac, en la colonia 6 de Enero y en Las Cruces\u201d, se escucha al Agente Municipal.<\/p>\n\n\n\n<p>Sus dichos contradicen lo publicado en sus redes sociales: un d\u00eda se re\u00fane con la Directora del Instituto de la Mujer, otro d\u00eda difunde el cambio de luminarias que Alumbrado P\u00fablico hizo en Las Cruces y El Castillo y una d\u00eda m\u00e1s, un encuentro con funcionarios de Desarrollo Urbano y otro con el Director de Obras P\u00fablicas. O sea que el se\u00f1or Agente Municipal y su Congregaci\u00f3n no ha sido desatendido sino que est\u00e1 en la agenda del gobierno municipal.<\/p>\n\n\n\n<p>Pero bueno, no hay que ser polic\u00eda chino, para descubrir los intereses que mueven al personaje de marras, quien fue apapachado por el entonces alcalde Ricardo Ahued Bardahuil a trav\u00e9s de su operador pol\u00edtico, don Juanito Mar\u00edn Viveros, a la saz\u00f3n director de Participaci\u00f3n Ciudadana.<\/p>\n\n\n\n<p>En los \u00faltimos meses, su cercan\u00eda con Rom\u00e1n Moreno Hern\u00e1ndez, aspirante a la presidencia municipal de Xalapa y a partir del pr\u00f3ximo domingo, l\u00edder municipal de Movimiento Ciudadano, es muy clara. Por eso ahora, como lobo vestido de oveja, pretende azuzar a los pobladores de El Castillo, en contra del gobierno morenista de Xalapa.<\/p>\n\n\n\n<p>El ciudadano debe estar atento. Las representaciones populares, por peque\u00f1as que sean, son para servir a todos los ciudadanos y no a los intereses de un partido o grupo pol\u00edtico. Si \u00d3scar Luna Mendoza quiere servir a los naranjas o a los intereses de la Secretar\u00eda de Gobierno, que lo haga, est\u00e1 en todo su derecho, pero que no confunda a la poblaci\u00f3n generando falsos conflictos en franca oposici\u00f3n a un gobierno local que est\u00e1 atendiendo las necesidades de todas las Congregaciones de Xalapa.<\/p>\n\n\n\n<p>@MValeraH<\/p>\n","protected":false},"excerpt":{"rendered":"<p>Miguel ValeraContrase\u00f1asUn viejo maestro en el periodismo sol\u00eda decirme que en algunas ocasiones las opiniones tienen \u201cfecha de caducidad\u201d. Ten\u00eda raz\u00f3n. Uno no puede casarse con una idea para siempre. Claro, hay convicciones \u2014razone de conciencia\u2014 que se pueden sostener a perpetuidad. Sin embargo, en las arenas movedizas de la pol\u00edtica, las opiniones pueden cambiar. [&hellip;]<\/p>\n","protected":false},"author":2,"featured_media":141429,"comment_status":"closed","ping_status":"closed","sticky":false,"template":"","format":"standard","meta":{"tdm_status":"","tdm_grid_status":"","footnotes":""},"categories":[70],"tags":[57220,57224,57221,57219,57223,57222],"class_list":{"0":"post-165949","1":"post","2":"type-post","3":"status-publish","4":"format-standard","5":"has-post-thumbnail","7":"category-de-opinion","8":"tag-adrian-gonzalez-naveda-reforma-electoral","9":"tag-contrasenas-miguel-valera-columna","10":"tag-daniela-griego-ceballos-xalapa-gestion","11":"tag-manuel-huerta-ladron-de-guevara-traicion","12":"tag-movimiento-ciudadano-xalapa-2026","13":"tag-oscar-luna-mendoza-agente-municipal-el-castillo"},"yoast_head":"<!-- This site is optimized with the Yoast SEO plugin v27.4 - https:\/\/yoast.com\/product\/yoast-seo-wordpress\/ -->\n<title>NAVEDA, EL TRAIDOR - Los pol\u00edticos Veracruz<\/title>\n<meta name=\"robots\" content=\"index, follow, max-snippet:-1, max-image-preview:large, max-video-preview:-1\" \/>\n<link rel=\"canonical\" href=\"https:\/\/lospoliticosveracruz.com\/?p=165949\" \/>\n<meta property=\"og:locale\" content=\"es_ES\" \/>\n<meta property=\"og:type\" content=\"article\" \/>\n<meta property=\"og:title\" content=\"NAVEDA, EL TRAIDOR - Los pol\u00edticos Veracruz\" \/>\n<meta property=\"og:description\" content=\"Miguel ValeraContrase\u00f1asUn viejo maestro en el periodismo sol\u00eda decirme que en algunas ocasiones las opiniones tienen \u201cfecha de caducidad\u201d. Ten\u00eda raz\u00f3n. Uno no puede casarse con una idea para siempre. Claro, hay convicciones \u2014razone de conciencia\u2014 que se pueden sostener a perpetuidad. Sin embargo, en las arenas movedizas de la pol\u00edtica, las opiniones pueden cambiar. [&hellip;]\" \/>\n<meta property=\"og:url\" content=\"https:\/\/lospoliticosveracruz.com\/?p=165949\" \/>\n<meta property=\"og:site_name\" content=\"Los pol\u00edticos Veracruz\" \/>\n<meta property=\"article:publisher\" content=\"https:\/\/www.facebook.com\/people\/Notimemes-de-los-Polticos\/61565672886568\/\" \/>\n<meta property=\"article:published_time\" content=\"2026-03-12T16:23:56+00:00\" \/>\n<meta property=\"article:modified_time\" content=\"2026-03-12T16:23:57+00:00\" \/>\n<meta property=\"og:image\" content=\"https:\/\/lospoliticosveracruz.com\/wp-content\/uploads\/2025\/04\/Miguel-Valera.jpg\" \/>\n\t<meta property=\"og:image:width\" content=\"1250\" \/>\n\t<meta property=\"og:image:height\" content=\"667\" \/>\n\t<meta property=\"og:image:type\" content=\"image\/jpeg\" \/>\n<meta name=\"author\" content=\"Lo viste en Los Pol\u00edticos\" \/>\n<meta name=\"twitter:card\" content=\"summary_large_image\" \/>\n<meta name=\"twitter:creator\" content=\"@LosPoliticosVer\" \/>\n<meta name=\"twitter:site\" content=\"@LosPoliticosVer\" \/>\n<meta name=\"twitter:label1\" content=\"Escrito por\" \/>\n\t<meta name=\"twitter:data1\" content=\"Lo viste en Los Pol\u00edticos\" \/>\n\t<meta name=\"twitter:label2\" content=\"Tiempo de lectura\" \/>\n\t<meta name=\"twitter:data2\" content=\"5 minutos\" \/>\n<script type=\"application\/ld+json\" class=\"yoast-schema-graph\">{\"@context\":\"https:\\\/\\\/schema.org\",\"@graph\":[{\"@type\":\"Article\",\"@id\":\"https:\\\/\\\/lospoliticosveracruz.com\\\/?p=165949#article\",\"isPartOf\":{\"@id\":\"https:\\\/\\\/lospoliticosveracruz.com\\\/?p=165949\"},\"author\":{\"name\":\"Lo viste en Los Pol\u00edticos\",\"@id\":\"https:\\\/\\\/lospoliticosveracruz.com\\\/#\\\/schema\\\/person\\\/b8702bb0e538456e6efd07080bf2a4a2\"},\"headline\":\"NAVEDA, EL TRAIDOR\",\"datePublished\":\"2026-03-12T16:23:56+00:00\",\"dateModified\":\"2026-03-12T16:23:57+00:00\",\"mainEntityOfPage\":{\"@id\":\"https:\\\/\\\/lospoliticosveracruz.com\\\/?p=165949\"},\"wordCount\":918,\"publisher\":{\"@id\":\"https:\\\/\\\/lospoliticosveracruz.com\\\/#organization\"},\"image\":{\"@id\":\"https:\\\/\\\/lospoliticosveracruz.com\\\/?p=165949#primaryimage\"},\"thumbnailUrl\":\"https:\\\/\\\/lospoliticosveracruz.com\\\/wp-content\\\/uploads\\\/2025\\\/04\\\/Miguel-Valera.jpg\",\"keywords\":[\"Adri\u00e1n Gonz\u00e1lez Naveda reforma electoral\",\"Contrase\u00f1as Miguel Valera columna\",\"Daniela Griego Ceballos Xalapa gesti\u00f3n\",\"Manuel Huerta Ladr\u00f3n de Guevara traici\u00f3n\",\"Movimiento Ciudadano Xalapa 2026\",\"\u00d3scar Luna Mendoza Agente Municipal El Castillo\"],\"articleSection\":[\"De Opini\u00f3n\"],\"inLanguage\":\"es\"},{\"@type\":\"WebPage\",\"@id\":\"https:\\\/\\\/lospoliticosveracruz.com\\\/?p=165949\",\"url\":\"https:\\\/\\\/lospoliticosveracruz.com\\\/?p=165949\",\"name\":\"NAVEDA, EL TRAIDOR - Los pol\u00edticos Veracruz\",\"isPartOf\":{\"@id\":\"https:\\\/\\\/lospoliticosveracruz.com\\\/#website\"},\"primaryImageOfPage\":{\"@id\":\"https:\\\/\\\/lospoliticosveracruz.com\\\/?p=165949#primaryimage\"},\"image\":{\"@id\":\"https:\\\/\\\/lospoliticosveracruz.com\\\/?p=165949#primaryimage\"},\"thumbnailUrl\":\"https:\\\/\\\/lospoliticosveracruz.com\\\/wp-content\\\/uploads\\\/2025\\\/04\\\/Miguel-Valera.jpg\",\"datePublished\":\"2026-03-12T16:23:56+00:00\",\"dateModified\":\"2026-03-12T16:23:57+00:00\",\"breadcrumb\":{\"@id\":\"https:\\\/\\\/lospoliticosveracruz.com\\\/?p=165949#breadcrumb\"},\"inLanguage\":\"es\",\"potentialAction\":[{\"@type\":\"ReadAction\",\"target\":[\"https:\\\/\\\/lospoliticosveracruz.com\\\/?p=165949\"]}]},{\"@type\":\"ImageObject\",\"inLanguage\":\"es\",\"@id\":\"https:\\\/\\\/lospoliticosveracruz.com\\\/?p=165949#primaryimage\",\"url\":\"https:\\\/\\\/lospoliticosveracruz.com\\\/wp-content\\\/uploads\\\/2025\\\/04\\\/Miguel-Valera.jpg\",\"contentUrl\":\"https:\\\/\\\/lospoliticosveracruz.com\\\/wp-content\\\/uploads\\\/2025\\\/04\\\/Miguel-Valera.jpg\",\"width\":1250,\"height\":667},{\"@type\":\"BreadcrumbList\",\"@id\":\"https:\\\/\\\/lospoliticosveracruz.com\\\/?p=165949#breadcrumb\",\"itemListElement\":[{\"@type\":\"ListItem\",\"position\":1,\"name\":\"Portada\",\"item\":\"https:\\\/\\\/lospoliticosveracruz.com\\\/\"},{\"@type\":\"ListItem\",\"position\":2,\"name\":\"NAVEDA, EL TRAIDOR\"}]},{\"@type\":\"WebSite\",\"@id\":\"https:\\\/\\\/lospoliticosveracruz.com\\\/#website\",\"url\":\"https:\\\/\\\/lospoliticosveracruz.com\\\/\",\"name\":\"Los pol\u00edticos Veracruz\",\"description\":\"\",\"publisher\":{\"@id\":\"https:\\\/\\\/lospoliticosveracruz.com\\\/#organization\"},\"potentialAction\":[{\"@type\":\"SearchAction\",\"target\":{\"@type\":\"EntryPoint\",\"urlTemplate\":\"https:\\\/\\\/lospoliticosveracruz.com\\\/?s={search_term_string}\"},\"query-input\":{\"@type\":\"PropertyValueSpecification\",\"valueRequired\":true,\"valueName\":\"search_term_string\"}}],\"inLanguage\":\"es\"},{\"@type\":\"Organization\",\"@id\":\"https:\\\/\\\/lospoliticosveracruz.com\\\/#organization\",\"name\":\"Los pol\u00edticos Veracruz\",\"url\":\"https:\\\/\\\/lospoliticosveracruz.com\\\/\",\"logo\":{\"@type\":\"ImageObject\",\"inLanguage\":\"es\",\"@id\":\"https:\\\/\\\/lospoliticosveracruz.com\\\/#\\\/schema\\\/logo\\\/image\\\/\",\"url\":\"https:\\\/\\\/lospoliticosveracruz.com\\\/wp-content\\\/uploads\\\/2025\\\/12\\\/Logo-Nuevo-LOS-POLITICOS-1.jpg\",\"contentUrl\":\"https:\\\/\\\/lospoliticosveracruz.com\\\/wp-content\\\/uploads\\\/2025\\\/12\\\/Logo-Nuevo-LOS-POLITICOS-1.jpg\",\"width\":260,\"height\":70,\"caption\":\"Los pol\u00edticos Veracruz\"},\"image\":{\"@id\":\"https:\\\/\\\/lospoliticosveracruz.com\\\/#\\\/schema\\\/logo\\\/image\\\/\"},\"sameAs\":[\"https:\\\/\\\/www.facebook.com\\\/people\\\/Notimemes-de-los-Polticos\\\/61565672886568\\\/\",\"https:\\\/\\\/x.com\\\/LosPoliticosVer\"]},{\"@type\":\"Person\",\"@id\":\"https:\\\/\\\/lospoliticosveracruz.com\\\/#\\\/schema\\\/person\\\/b8702bb0e538456e6efd07080bf2a4a2\",\"name\":\"Lo viste en Los Pol\u00edticos\",\"image\":{\"@type\":\"ImageObject\",\"inLanguage\":\"es\",\"@id\":\"https:\\\/\\\/secure.gravatar.com\\\/avatar\\\/3a8de04a2656d44082be478bd6c086daa447c4651605818287b9532d3d0bd435?s=96&d=mm&r=g\",\"url\":\"https:\\\/\\\/secure.gravatar.com\\\/avatar\\\/3a8de04a2656d44082be478bd6c086daa447c4651605818287b9532d3d0bd435?s=96&d=mm&r=g\",\"contentUrl\":\"https:\\\/\\\/secure.gravatar.com\\\/avatar\\\/3a8de04a2656d44082be478bd6c086daa447c4651605818287b9532d3d0bd435?s=96&d=mm&r=g\",\"caption\":\"Lo viste en Los Pol\u00edticos\"},\"url\":\"https:\\\/\\\/lospoliticosveracruz.com\\\/?author=2\"}]}<\/script>\n<!-- \/ Yoast SEO plugin. -->","yoast_head_json":{"title":"NAVEDA, EL TRAIDOR - Los pol\u00edticos Veracruz","robots":{"index":"index","follow":"follow","max-snippet":"max-snippet:-1","max-image-preview":"max-image-preview:large","max-video-preview":"max-video-preview:-1"},"canonical":"https:\/\/lospoliticosveracruz.com\/?p=165949","og_locale":"es_ES","og_type":"article","og_title":"NAVEDA, EL TRAIDOR - Los pol\u00edticos Veracruz","og_description":"Miguel ValeraContrase\u00f1asUn viejo maestro en el periodismo sol\u00eda decirme que en algunas ocasiones las opiniones tienen \u201cfecha de caducidad\u201d. Ten\u00eda raz\u00f3n. Uno no puede casarse con una idea para siempre. Claro, hay convicciones \u2014razone de conciencia\u2014 que se pueden sostener a perpetuidad. Sin embargo, en las arenas movedizas de la pol\u00edtica, las opiniones pueden cambiar. [&hellip;]","og_url":"https:\/\/lospoliticosveracruz.com\/?p=165949","og_site_name":"Los pol\u00edticos Veracruz","article_publisher":"https:\/\/www.facebook.com\/people\/Notimemes-de-los-Polticos\/61565672886568\/","article_published_time":"2026-03-12T16:23:56+00:00","article_modified_time":"2026-03-12T16:23:57+00:00","og_image":[{"width":1250,"height":667,"url":"https:\/\/lospoliticosveracruz.com\/wp-content\/uploads\/2025\/04\/Miguel-Valera.jpg","type":"image\/jpeg"}],"author":"Lo viste en Los Pol\u00edticos","twitter_card":"summary_large_image","twitter_creator":"@LosPoliticosVer","twitter_site":"@LosPoliticosVer","twitter_misc":{"Escrito por":"Lo viste en Los Pol\u00edticos","Tiempo de lectura":"5 minutos"},"schema":{"@context":"https:\/\/schema.org","@graph":[{"@type":"Article","@id":"https:\/\/lospoliticosveracruz.com\/?p=165949#article","isPartOf":{"@id":"https:\/\/lospoliticosveracruz.com\/?p=165949"},"author":{"name":"Lo viste en Los Pol\u00edticos","@id":"https:\/\/lospoliticosveracruz.com\/#\/schema\/person\/b8702bb0e538456e6efd07080bf2a4a2"},"headline":"NAVEDA, EL TRAIDOR","datePublished":"2026-03-12T16:23:56+00:00","dateModified":"2026-03-12T16:23:57+00:00","mainEntityOfPage":{"@id":"https:\/\/lospoliticosveracruz.com\/?p=165949"},"wordCount":918,"publisher":{"@id":"https:\/\/lospoliticosveracruz.com\/#organization"},"image":{"@id":"https:\/\/lospoliticosveracruz.com\/?p=165949#primaryimage"},"thumbnailUrl":"https:\/\/lospoliticosveracruz.com\/wp-content\/uploads\/2025\/04\/Miguel-Valera.jpg","keywords":["Adri\u00e1n Gonz\u00e1lez Naveda reforma electoral","Contrase\u00f1as Miguel Valera columna","Daniela Griego Ceballos Xalapa gesti\u00f3n","Manuel Huerta Ladr\u00f3n de Guevara traici\u00f3n","Movimiento Ciudadano Xalapa 2026","\u00d3scar Luna Mendoza Agente Municipal El Castillo"],"articleSection":["De Opini\u00f3n"],"inLanguage":"es"},{"@type":"WebPage","@id":"https:\/\/lospoliticosveracruz.com\/?p=165949","url":"https:\/\/lospoliticosveracruz.com\/?p=165949","name":"NAVEDA, EL TRAIDOR - Los pol\u00edticos Veracruz","isPartOf":{"@id":"https:\/\/lospoliticosveracruz.com\/#website"},"primaryImageOfPage":{"@id":"https:\/\/lospoliticosveracruz.com\/?p=165949#primaryimage"},"image":{"@id":"https:\/\/lospoliticosveracruz.com\/?p=165949#primaryimage"},"thumbnailUrl":"https:\/\/lospoliticosveracruz.com\/wp-content\/uploads\/2025\/04\/Miguel-Valera.jpg","datePublished":"2026-03-12T16:23:56+00:00","dateModified":"2026-03-12T16:23:57+00:00","breadcrumb":{"@id":"https:\/\/lospoliticosveracruz.com\/?p=165949#breadcrumb"},"inLanguage":"es","potentialAction":[{"@type":"ReadAction","target":["https:\/\/lospoliticosveracruz.com\/?p=165949"]}]},{"@type":"ImageObject","inLanguage":"es","@id":"https:\/\/lospoliticosveracruz.com\/?p=165949#primaryimage","url":"https:\/\/lospoliticosveracruz.com\/wp-content\/uploads\/2025\/04\/Miguel-Valera.jpg","contentUrl":"https:\/\/lospoliticosveracruz.com\/wp-content\/uploads\/2025\/04\/Miguel-Valera.jpg","width":1250,"height":667},{"@type":"BreadcrumbList","@id":"https:\/\/lospoliticosveracruz.com\/?p=165949#breadcrumb","itemListElement":[{"@type":"ListItem","position":1,"name":"Portada","item":"https:\/\/lospoliticosveracruz.com\/"},{"@type":"ListItem","position":2,"name":"NAVEDA, EL TRAIDOR"}]},{"@type":"WebSite","@id":"https:\/\/lospoliticosveracruz.com\/#website","url":"https:\/\/lospoliticosveracruz.com\/","name":"Los pol\u00edticos Veracruz","description":"","publisher":{"@id":"https:\/\/lospoliticosveracruz.com\/#organization"},"potentialAction":[{"@type":"SearchAction","target":{"@type":"EntryPoint","urlTemplate":"https:\/\/lospoliticosveracruz.com\/?s={search_term_string}"},"query-input":{"@type":"PropertyValueSpecification","valueRequired":true,"valueName":"search_term_string"}}],"inLanguage":"es"},{"@type":"Organization","@id":"https:\/\/lospoliticosveracruz.com\/#organization","name":"Los pol\u00edticos Veracruz","url":"https:\/\/lospoliticosveracruz.com\/","logo":{"@type":"ImageObject","inLanguage":"es","@id":"https:\/\/lospoliticosveracruz.com\/#\/schema\/logo\/image\/","url":"https:\/\/lospoliticosveracruz.com\/wp-content\/uploads\/2025\/12\/Logo-Nuevo-LOS-POLITICOS-1.jpg","contentUrl":"https:\/\/lospoliticosveracruz.com\/wp-content\/uploads\/2025\/12\/Logo-Nuevo-LOS-POLITICOS-1.jpg","width":260,"height":70,"caption":"Los pol\u00edticos Veracruz"},"image":{"@id":"https:\/\/lospoliticosveracruz.com\/#\/schema\/logo\/image\/"},"sameAs":["https:\/\/www.facebook.com\/people\/Notimemes-de-los-Polticos\/61565672886568\/","https:\/\/x.com\/LosPoliticosVer"]},{"@type":"Person","@id":"https:\/\/lospoliticosveracruz.com\/#\/schema\/person\/b8702bb0e538456e6efd07080bf2a4a2","name":"Lo viste en Los Pol\u00edticos","image":{"@type":"ImageObject","inLanguage":"es","@id":"https:\/\/secure.gravatar.com\/avatar\/3a8de04a2656d44082be478bd6c086daa447c4651605818287b9532d3d0bd435?s=96&d=mm&r=g","url":"https:\/\/secure.gravatar.com\/avatar\/3a8de04a2656d44082be478bd6c086daa447c4651605818287b9532d3d0bd435?s=96&d=mm&r=g","contentUrl":"https:\/\/secure.gravatar.com\/avatar\/3a8de04a2656d44082be478bd6c086daa447c4651605818287b9532d3d0bd435?s=96&d=mm&r=g","caption":"Lo viste en Los Pol\u00edticos"},"url":"https:\/\/lospoliticosveracruz.com\/?author=2"}]}},"_links":{"self":[{"href":"https:\/\/lospoliticosveracruz.com\/index.php?rest_route=\/wp\/v2\/posts\/165949","targetHints":{"allow":["GET"]}}],"collection":[{"href":"https:\/\/lospoliticosveracruz.com\/index.php?rest_route=\/wp\/v2\/posts"}],"about":[{"href":"https:\/\/lospoliticosveracruz.com\/index.php?rest_route=\/wp\/v2\/types\/post"}],"author":[{"embeddable":true,"href":"https:\/\/lospoliticosveracruz.com\/index.php?rest_route=\/wp\/v2\/users\/2"}],"replies":[{"embeddable":true,"href":"https:\/\/lospoliticosveracruz.com\/index.php?rest_route=%2Fwp%2Fv2%2Fcomments&post=165949"}],"version-history":[{"count":1,"href":"https:\/\/lospoliticosveracruz.com\/index.php?rest_route=\/wp\/v2\/posts\/165949\/revisions"}],"predecessor-version":[{"id":165950,"href":"https:\/\/lospoliticosveracruz.com\/index.php?rest_route=\/wp\/v2\/posts\/165949\/revisions\/165950"}],"wp:featuredmedia":[{"embeddable":true,"href":"https:\/\/lospoliticosveracruz.com\/index.php?rest_route=\/wp\/v2\/media\/141429"}],"wp:attachment":[{"href":"https:\/\/lospoliticosveracruz.com\/index.php?rest_route=%2Fwp%2Fv2%2Fmedia&parent=165949"}],"wp:term":[{"taxonomy":"category","embeddable":true,"href":"https:\/\/lospoliticosveracruz.com\/index.php?rest_route=%2Fwp%2Fv2%2Fcategories&post=165949"},{"taxonomy":"post_tag","embeddable":true,"href":"https:\/\/lospoliticosveracruz.com\/index.php?rest_route=%2Fwp%2Fv2%2Ftags&post=165949"}],"curies":[{"name":"wp","href":"https:\/\/api.w.org\/{rel}","templated":true}]}}