{"id":165954,"date":"2026-03-12T10:58:11","date_gmt":"2026-03-12T16:58:11","guid":{"rendered":"https:\/\/lospoliticosveracruz.com\/?p=165954"},"modified":"2026-03-12T10:58:12","modified_gmt":"2026-03-12T16:58:12","slug":"truenan-la-reforma","status":"publish","type":"post","link":"https:\/\/lospoliticosveracruz.com\/?p=165954","title":{"rendered":"TRUENAN LA REFORMA"},"content":{"rendered":"\n<p>S\u00edguenos ahora tambi\u00e9n en WhatsApp.\u00a0\u00a1<a href=\"https:\/\/whatsapp.com\/channel\/0029Va8zRWlEKyZIP3Z1dF0e\"><strong>Da clic aqu\u00ed<\/strong><\/a><strong>!<\/strong><\/p>\n\n\n\n<p><strong>Oved Contreras<\/strong><\/p>\n\n\n\n<p><em>Secas Mecas<br><\/em><\/p>\n\n\n\n<p>El pleno de la C\u00e1mara de Diputados rechaz\u00f3 la iniciativa de reforma electoral presentada por la presidenta Claudia Sheinbaum al no alcanzar la mayor\u00eda calificada.<br>La votaci\u00f3n cerr\u00f3 con 259 votos a favor de Morena, 234 en contra de PT, PVEM, PAN, PRI y MC, adem\u00e1s de una abstenci\u00f3n.<\/p>\n\n\n\n<p>Lo relevante fue que los aliados tradicionales de Morena \u2014PT y PVEM\u2014 se sumaron al rechazo, aunque aseguran que la alianza pol\u00edtica se mantiene. El PT advirti\u00f3 que la propuesta pod\u00eda derivar en un \u201cpartido hegem\u00f3nico de Estado\u201d, mientras que el Partido Verde critic\u00f3 la f\u00f3rmula de representaci\u00f3n plurinominal, se\u00f1alando que distorsionar\u00eda la pluralidad pol\u00edtica.<\/p>\n\n\n\n<p>A su vez, PRI y PAN denunciaron que la iniciativa buscaba manipular la distribuci\u00f3n de curules y no atend\u00eda problemas como la infiltraci\u00f3n del crimen organizado en las elecciones. En representaci\u00f3n del PAN, el diputado Jos\u00e9 El\u00edas Lixa Abimerhi indic\u00f3 que no habr\u00e1 reforma sin di\u00e1logo y que las reglas deben cambiar a favor de la gente, no de los poderosos. Mencion\u00f3 que el dictamen abri\u00f3 espacios para la censura electoral y que, aunque el financiamiento p\u00fablico debi\u00f3 replantearse, la propuesta no estuvo bien realizada.<\/p>\n\n\n\n<p>Ante el desechamiento, Ricardo Monreal, coordinador de la bancada de Morena, anunci\u00f3 que comenzar\u00e1 la construcci\u00f3n de un \u201cPlan B\u201d mediante reformas a leyes secundarias. Estas modificaciones buscar\u00edan retomar algunos puntos de la iniciativa original, como la reducci\u00f3n del financiamiento a partidos y ajustes en la representaci\u00f3n legislativa, pero sin requerir mayor\u00eda calificada. El rev\u00e9s parlamentario marca un l\u00edmite al proyecto de reforma constitucional de Sheinbaum, pero abre la puerta a cambios legales de menor alcance.<\/p>\n\n\n\n<p><strong>EL VILLANO FAVORITO<\/strong>\u2026no le cost\u00f3 mucho trabajo al senador Manolete Huerta desbancar a los Yunes del Estero y posicionarse como el principal enemigo del r\u00e9gimen morenista en Veracruz. Y ahora que fracas\u00f3 la Reforma Electoral de la presidenta Sheinbaum, las huestes de la t\u00eda Corajes se lanzaron con Tokio contra Manolete Huerta a quien identificaron como el principal operador para que la iniciativa no pasara.<\/p>\n\n\n\n<p>Y se le fueron con todo al Manolete a quien no bajaron de traidor en sus publicaciones\u2026y lo raro es que cada vez que lo atacaban por algo etiquetaban a la t\u00eda Corajes, como para demostrarles que son leales al<br>Movimiento\u2026hasta le pasaron lista a los diputados federales veracruzanos que no avalaron la reforma electoral y a todos les encontraron ligas con Manuel Huerta\u2026entre ellos el petista Adri\u00e1n Gonz\u00e1lez y hasta el verde ecologista Jonatan Puertos. A los bi\u00f3grafos de la t\u00eda Ch\u00edo estaban como f\u00faricos al ver que se desech\u00f3 la reforma Electoral de la presidenta Claudia Sheinbaum.<\/p>\n\n\n\n<p>Ni quien se acuerde de los Yunes. Ahora el villano favorito del r\u00e9gimen en Veracruz es Manuel Huerta, quien por cierto les dej\u00f3 un posteo seco y meco para los hampones que saquearon al estado en el sexenio pasado.<\/p>\n\n\n\n<p>\u201cCuando los corruptos se sienten exhibidos, responden con ataques y descalificaciones. Pero en Veracruz ya no son tiempos de silencio ni de complicidades. La transformaci\u00f3n tiene un principio muy claro: quienes hayan saqueado al pueblo deben rendir cuentas. Este movimiento no naci\u00f3 para proteger privilegios ni para encubrir abusos. Naci\u00f3 para algo muy simple: que se acabe la corrupci\u00f3n y que el dinero del pueblo vuelva al pueblo\u201d, mencion\u00f3.<\/p>\n\n\n\n<p>Debieron zumbarle las orejas al Cuitl\u00e1huac Garc\u00eda y a sus secuaces que saquearon el estado en el sexenio pasado\u2026y salv\u00f3 algunas inhabilitaciones, el gobierno de Roc\u00edo Nahle se mantiene omiso ante su obligaci\u00f3n de proceder por la v\u00eda legal\u2026nada les van a hacer pese al cochinero que ha encontrado la Auditor\u00eda Superior de la Federaci\u00f3n.<\/p>\n\n\n\n<p><strong>RATER\u00cdAS EN SICT\u2026<\/strong>le est\u00e1n dando con todo al director del Centro SICT en Veracruz, Luis Antonio Posada Flores\u2026seguro que hubo un mal reparto del bot\u00edn que se andan exhibiendo ambos bandos\u2026no les salen las cuentas y el caso ya lleg\u00f3 hasta la Presidencia de la Rep\u00fablica para que se enteren del cochinero en Veracruz.<\/p>\n\n\n\n<p>A trav\u00e9s de una carta dirigida al gobierno federal y a la opini\u00f3n p\u00fablica, se hace una denuncia p\u00fablica urgente sobre la red de corrupci\u00f3n, impunidad y violencia de g\u00e9nero que impera en el Centro SICT Veracruz, bajo la gesti\u00f3n de Luis Antonio Posada Flores. Se refiere que hay corrupci\u00f3n y saqueo al erario sustentado por la Auditor\u00eda Superior de la Federaci\u00f3n se detectaron actos deliberados de peculado y tr\u00e1fico de influencias, los cuales no son solo se\u00f1alamientos, sino que coinciden con los hallazgos cr\u00edticos de la ASF en sus informes de 2025.<\/p>\n\n\n\n<p>El documento asegura que Veracruz ha sido identificado como el Estado con el mayor monto de irregularidades en el \u00e1mbito nacional, con probables da\u00f1os al erario que superan los $1,115 millones de pesos. Que se ha detectado el uso de reportes fotogr\u00e1ficos repetidos, alterados digitalmente o no georreferenciados para justificar supuestos mantenimientos en la red carretera.<\/p>\n\n\n\n<p>La carta igual menciona que existen dict\u00e1menes por pagos en exceso de trabajos no ejecutados y una carencia absoluta de documentaci\u00f3n comprobatoria en los expedientes t\u00e9cnicos de la SICT, que hay una red de \u201cpadrinos\u201d: Estos recursos destinados a la infraestructura est\u00e1n siendo desviados para beneficios particulares bajo el amparo de influencias pol\u00edticas en la Ciudad de M\u00e9xico.<\/p>\n\n\n\n<p>El documento enviado a la Presidencia se denuncia que Veracruz ya no tolera funcionarios que se sienten intocables. la verdad y la justicia deben prevalecer sobre el influyentismo.<br>Por la transparencia y la dignidad en la obra p\u00fablica.<\/p>\n","protected":false},"excerpt":{"rendered":"<p>Oved Contreras Secas Mecas El pleno de la C\u00e1mara de Diputados rechaz\u00f3 la iniciativa de reforma electoral presentada por la presidenta Claudia Sheinbaum al no alcanzar la mayor\u00eda calificada.La votaci\u00f3n cerr\u00f3 con 259 votos a favor de Morena, 234 en contra de PT, PVEM, PAN, PRI y MC, adem\u00e1s de una abstenci\u00f3n. Lo relevante fue [&hellip;]<\/p>\n","protected":false},"author":2,"featured_media":141426,"comment_status":"closed","ping_status":"closed","sticky":false,"template":"","format":"standard","meta":{"tdm_status":"","tdm_grid_status":"","footnotes":""},"categories":[70],"tags":[57234,57232,57233,47931,57235,57231],"class_list":{"0":"post-165954","1":"post","2":"type-post","3":"status-publish","4":"format-standard","5":"has-post-thumbnail","7":"category-de-opinion","8":"tag-irregularidades-asf-veracruz-2025","9":"tag-luis-antonio-posada-flores-sict-corrupcion","10":"tag-manuel-huerta-traicion-morena-veracruz","11":"tag-oved-contreras-secas-mecas-columna","12":"tag-plan-b-reforma-electoral-leyes-secundarias","13":"tag-reforma-electoral-rechazada-claudia-sheinbaum"},"yoast_head":"<!-- This site is optimized with the Yoast SEO plugin v27.4 - https:\/\/yoast.com\/product\/yoast-seo-wordpress\/ -->\n<title>TRUENAN LA REFORMA - Los pol\u00edticos Veracruz<\/title>\n<meta name=\"robots\" content=\"index, follow, max-snippet:-1, max-image-preview:large, max-video-preview:-1\" \/>\n<link rel=\"canonical\" href=\"https:\/\/lospoliticosveracruz.com\/?p=165954\" \/>\n<meta property=\"og:locale\" content=\"es_ES\" \/>\n<meta property=\"og:type\" content=\"article\" \/>\n<meta property=\"og:title\" content=\"TRUENAN LA REFORMA - Los pol\u00edticos Veracruz\" \/>\n<meta property=\"og:description\" content=\"Oved Contreras Secas Mecas El pleno de la C\u00e1mara de Diputados rechaz\u00f3 la iniciativa de reforma electoral presentada por la presidenta Claudia Sheinbaum al no alcanzar la mayor\u00eda calificada.La votaci\u00f3n cerr\u00f3 con 259 votos a favor de Morena, 234 en contra de PT, PVEM, PAN, PRI y MC, adem\u00e1s de una abstenci\u00f3n. Lo relevante fue [&hellip;]\" \/>\n<meta property=\"og:url\" content=\"https:\/\/lospoliticosveracruz.com\/?p=165954\" \/>\n<meta property=\"og:site_name\" content=\"Los pol\u00edticos Veracruz\" \/>\n<meta property=\"article:publisher\" content=\"https:\/\/www.facebook.com\/people\/Notimemes-de-los-Polticos\/61565672886568\/\" \/>\n<meta property=\"article:published_time\" content=\"2026-03-12T16:58:11+00:00\" \/>\n<meta property=\"article:modified_time\" content=\"2026-03-12T16:58:12+00:00\" \/>\n<meta property=\"og:image\" content=\"https:\/\/lospoliticosveracruz.com\/wp-content\/uploads\/2025\/04\/Oved-Contreras-e1768066319253.jpg\" \/>\n\t<meta property=\"og:image:width\" content=\"600\" \/>\n\t<meta property=\"og:image:height\" content=\"320\" \/>\n\t<meta property=\"og:image:type\" content=\"image\/jpeg\" \/>\n<meta name=\"author\" content=\"Lo viste en Los Pol\u00edticos\" \/>\n<meta name=\"twitter:card\" content=\"summary_large_image\" \/>\n<meta name=\"twitter:creator\" content=\"@LosPoliticosVer\" \/>\n<meta name=\"twitter:site\" content=\"@LosPoliticosVer\" \/>\n<meta name=\"twitter:label1\" content=\"Escrito por\" \/>\n\t<meta name=\"twitter:data1\" content=\"Lo viste en Los Pol\u00edticos\" \/>\n\t<meta name=\"twitter:label2\" content=\"Tiempo de lectura\" \/>\n\t<meta name=\"twitter:data2\" content=\"5 minutos\" \/>\n<script type=\"application\/ld+json\" class=\"yoast-schema-graph\">{\"@context\":\"https:\\\/\\\/schema.org\",\"@graph\":[{\"@type\":\"Article\",\"@id\":\"https:\\\/\\\/lospoliticosveracruz.com\\\/?p=165954#article\",\"isPartOf\":{\"@id\":\"https:\\\/\\\/lospoliticosveracruz.com\\\/?p=165954\"},\"author\":{\"name\":\"Lo viste en Los Pol\u00edticos\",\"@id\":\"https:\\\/\\\/lospoliticosveracruz.com\\\/#\\\/schema\\\/person\\\/b8702bb0e538456e6efd07080bf2a4a2\"},\"headline\":\"TRUENAN LA REFORMA\",\"datePublished\":\"2026-03-12T16:58:11+00:00\",\"dateModified\":\"2026-03-12T16:58:12+00:00\",\"mainEntityOfPage\":{\"@id\":\"https:\\\/\\\/lospoliticosveracruz.com\\\/?p=165954\"},\"wordCount\":974,\"publisher\":{\"@id\":\"https:\\\/\\\/lospoliticosveracruz.com\\\/#organization\"},\"image\":{\"@id\":\"https:\\\/\\\/lospoliticosveracruz.com\\\/?p=165954#primaryimage\"},\"thumbnailUrl\":\"https:\\\/\\\/lospoliticosveracruz.com\\\/wp-content\\\/uploads\\\/2025\\\/04\\\/Oved-Contreras-e1768066319253.jpg\",\"keywords\":[\"irregularidades ASF Veracruz 2025\",\"Luis Antonio Posada Flores SICT corrupci\u00f3n\",\"Manuel Huerta traici\u00f3n Morena Veracruz\",\"Oved Contreras Secas Mecas columna\",\"Plan B reforma electoral leyes secundarias\",\"Reforma electoral rechazada Claudia Sheinbaum\"],\"articleSection\":[\"De Opini\u00f3n\"],\"inLanguage\":\"es\"},{\"@type\":\"WebPage\",\"@id\":\"https:\\\/\\\/lospoliticosveracruz.com\\\/?p=165954\",\"url\":\"https:\\\/\\\/lospoliticosveracruz.com\\\/?p=165954\",\"name\":\"TRUENAN LA REFORMA - Los pol\u00edticos Veracruz\",\"isPartOf\":{\"@id\":\"https:\\\/\\\/lospoliticosveracruz.com\\\/#website\"},\"primaryImageOfPage\":{\"@id\":\"https:\\\/\\\/lospoliticosveracruz.com\\\/?p=165954#primaryimage\"},\"image\":{\"@id\":\"https:\\\/\\\/lospoliticosveracruz.com\\\/?p=165954#primaryimage\"},\"thumbnailUrl\":\"https:\\\/\\\/lospoliticosveracruz.com\\\/wp-content\\\/uploads\\\/2025\\\/04\\\/Oved-Contreras-e1768066319253.jpg\",\"datePublished\":\"2026-03-12T16:58:11+00:00\",\"dateModified\":\"2026-03-12T16:58:12+00:00\",\"breadcrumb\":{\"@id\":\"https:\\\/\\\/lospoliticosveracruz.com\\\/?p=165954#breadcrumb\"},\"inLanguage\":\"es\",\"potentialAction\":[{\"@type\":\"ReadAction\",\"target\":[\"https:\\\/\\\/lospoliticosveracruz.com\\\/?p=165954\"]}]},{\"@type\":\"ImageObject\",\"inLanguage\":\"es\",\"@id\":\"https:\\\/\\\/lospoliticosveracruz.com\\\/?p=165954#primaryimage\",\"url\":\"https:\\\/\\\/lospoliticosveracruz.com\\\/wp-content\\\/uploads\\\/2025\\\/04\\\/Oved-Contreras-e1768066319253.jpg\",\"contentUrl\":\"https:\\\/\\\/lospoliticosveracruz.com\\\/wp-content\\\/uploads\\\/2025\\\/04\\\/Oved-Contreras-e1768066319253.jpg\",\"width\":600,\"height\":320},{\"@type\":\"BreadcrumbList\",\"@id\":\"https:\\\/\\\/lospoliticosveracruz.com\\\/?p=165954#breadcrumb\",\"itemListElement\":[{\"@type\":\"ListItem\",\"position\":1,\"name\":\"Portada\",\"item\":\"https:\\\/\\\/lospoliticosveracruz.com\\\/\"},{\"@type\":\"ListItem\",\"position\":2,\"name\":\"TRUENAN LA REFORMA\"}]},{\"@type\":\"WebSite\",\"@id\":\"https:\\\/\\\/lospoliticosveracruz.com\\\/#website\",\"url\":\"https:\\\/\\\/lospoliticosveracruz.com\\\/\",\"name\":\"Los pol\u00edticos Veracruz\",\"description\":\"\",\"publisher\":{\"@id\":\"https:\\\/\\\/lospoliticosveracruz.com\\\/#organization\"},\"potentialAction\":[{\"@type\":\"SearchAction\",\"target\":{\"@type\":\"EntryPoint\",\"urlTemplate\":\"https:\\\/\\\/lospoliticosveracruz.com\\\/?s={search_term_string}\"},\"query-input\":{\"@type\":\"PropertyValueSpecification\",\"valueRequired\":true,\"valueName\":\"search_term_string\"}}],\"inLanguage\":\"es\"},{\"@type\":\"Organization\",\"@id\":\"https:\\\/\\\/lospoliticosveracruz.com\\\/#organization\",\"name\":\"Los pol\u00edticos Veracruz\",\"url\":\"https:\\\/\\\/lospoliticosveracruz.com\\\/\",\"logo\":{\"@type\":\"ImageObject\",\"inLanguage\":\"es\",\"@id\":\"https:\\\/\\\/lospoliticosveracruz.com\\\/#\\\/schema\\\/logo\\\/image\\\/\",\"url\":\"https:\\\/\\\/lospoliticosveracruz.com\\\/wp-content\\\/uploads\\\/2025\\\/12\\\/Logo-Nuevo-LOS-POLITICOS-1.jpg\",\"contentUrl\":\"https:\\\/\\\/lospoliticosveracruz.com\\\/wp-content\\\/uploads\\\/2025\\\/12\\\/Logo-Nuevo-LOS-POLITICOS-1.jpg\",\"width\":260,\"height\":70,\"caption\":\"Los pol\u00edticos Veracruz\"},\"image\":{\"@id\":\"https:\\\/\\\/lospoliticosveracruz.com\\\/#\\\/schema\\\/logo\\\/image\\\/\"},\"sameAs\":[\"https:\\\/\\\/www.facebook.com\\\/people\\\/Notimemes-de-los-Polticos\\\/61565672886568\\\/\",\"https:\\\/\\\/x.com\\\/LosPoliticosVer\"]},{\"@type\":\"Person\",\"@id\":\"https:\\\/\\\/lospoliticosveracruz.com\\\/#\\\/schema\\\/person\\\/b8702bb0e538456e6efd07080bf2a4a2\",\"name\":\"Lo viste en Los Pol\u00edticos\",\"image\":{\"@type\":\"ImageObject\",\"inLanguage\":\"es\",\"@id\":\"https:\\\/\\\/secure.gravatar.com\\\/avatar\\\/3a8de04a2656d44082be478bd6c086daa447c4651605818287b9532d3d0bd435?s=96&d=mm&r=g\",\"url\":\"https:\\\/\\\/secure.gravatar.com\\\/avatar\\\/3a8de04a2656d44082be478bd6c086daa447c4651605818287b9532d3d0bd435?s=96&d=mm&r=g\",\"contentUrl\":\"https:\\\/\\\/secure.gravatar.com\\\/avatar\\\/3a8de04a2656d44082be478bd6c086daa447c4651605818287b9532d3d0bd435?s=96&d=mm&r=g\",\"caption\":\"Lo viste en Los Pol\u00edticos\"},\"url\":\"https:\\\/\\\/lospoliticosveracruz.com\\\/?author=2\"}]}<\/script>\n<!-- \/ Yoast SEO plugin. -->","yoast_head_json":{"title":"TRUENAN LA REFORMA - Los pol\u00edticos Veracruz","robots":{"index":"index","follow":"follow","max-snippet":"max-snippet:-1","max-image-preview":"max-image-preview:large","max-video-preview":"max-video-preview:-1"},"canonical":"https:\/\/lospoliticosveracruz.com\/?p=165954","og_locale":"es_ES","og_type":"article","og_title":"TRUENAN LA REFORMA - Los pol\u00edticos Veracruz","og_description":"Oved Contreras Secas Mecas El pleno de la C\u00e1mara de Diputados rechaz\u00f3 la iniciativa de reforma electoral presentada por la presidenta Claudia Sheinbaum al no alcanzar la mayor\u00eda calificada.La votaci\u00f3n cerr\u00f3 con 259 votos a favor de Morena, 234 en contra de PT, PVEM, PAN, PRI y MC, adem\u00e1s de una abstenci\u00f3n. Lo relevante fue [&hellip;]","og_url":"https:\/\/lospoliticosveracruz.com\/?p=165954","og_site_name":"Los pol\u00edticos Veracruz","article_publisher":"https:\/\/www.facebook.com\/people\/Notimemes-de-los-Polticos\/61565672886568\/","article_published_time":"2026-03-12T16:58:11+00:00","article_modified_time":"2026-03-12T16:58:12+00:00","og_image":[{"width":600,"height":320,"url":"https:\/\/lospoliticosveracruz.com\/wp-content\/uploads\/2025\/04\/Oved-Contreras-e1768066319253.jpg","type":"image\/jpeg"}],"author":"Lo viste en Los Pol\u00edticos","twitter_card":"summary_large_image","twitter_creator":"@LosPoliticosVer","twitter_site":"@LosPoliticosVer","twitter_misc":{"Escrito por":"Lo viste en Los Pol\u00edticos","Tiempo de lectura":"5 minutos"},"schema":{"@context":"https:\/\/schema.org","@graph":[{"@type":"Article","@id":"https:\/\/lospoliticosveracruz.com\/?p=165954#article","isPartOf":{"@id":"https:\/\/lospoliticosveracruz.com\/?p=165954"},"author":{"name":"Lo viste en Los Pol\u00edticos","@id":"https:\/\/lospoliticosveracruz.com\/#\/schema\/person\/b8702bb0e538456e6efd07080bf2a4a2"},"headline":"TRUENAN LA REFORMA","datePublished":"2026-03-12T16:58:11+00:00","dateModified":"2026-03-12T16:58:12+00:00","mainEntityOfPage":{"@id":"https:\/\/lospoliticosveracruz.com\/?p=165954"},"wordCount":974,"publisher":{"@id":"https:\/\/lospoliticosveracruz.com\/#organization"},"image":{"@id":"https:\/\/lospoliticosveracruz.com\/?p=165954#primaryimage"},"thumbnailUrl":"https:\/\/lospoliticosveracruz.com\/wp-content\/uploads\/2025\/04\/Oved-Contreras-e1768066319253.jpg","keywords":["irregularidades ASF Veracruz 2025","Luis Antonio Posada Flores SICT corrupci\u00f3n","Manuel Huerta traici\u00f3n Morena Veracruz","Oved Contreras Secas Mecas columna","Plan B reforma electoral leyes secundarias","Reforma electoral rechazada Claudia Sheinbaum"],"articleSection":["De Opini\u00f3n"],"inLanguage":"es"},{"@type":"WebPage","@id":"https:\/\/lospoliticosveracruz.com\/?p=165954","url":"https:\/\/lospoliticosveracruz.com\/?p=165954","name":"TRUENAN LA REFORMA - Los pol\u00edticos Veracruz","isPartOf":{"@id":"https:\/\/lospoliticosveracruz.com\/#website"},"primaryImageOfPage":{"@id":"https:\/\/lospoliticosveracruz.com\/?p=165954#primaryimage"},"image":{"@id":"https:\/\/lospoliticosveracruz.com\/?p=165954#primaryimage"},"thumbnailUrl":"https:\/\/lospoliticosveracruz.com\/wp-content\/uploads\/2025\/04\/Oved-Contreras-e1768066319253.jpg","datePublished":"2026-03-12T16:58:11+00:00","dateModified":"2026-03-12T16:58:12+00:00","breadcrumb":{"@id":"https:\/\/lospoliticosveracruz.com\/?p=165954#breadcrumb"},"inLanguage":"es","potentialAction":[{"@type":"ReadAction","target":["https:\/\/lospoliticosveracruz.com\/?p=165954"]}]},{"@type":"ImageObject","inLanguage":"es","@id":"https:\/\/lospoliticosveracruz.com\/?p=165954#primaryimage","url":"https:\/\/lospoliticosveracruz.com\/wp-content\/uploads\/2025\/04\/Oved-Contreras-e1768066319253.jpg","contentUrl":"https:\/\/lospoliticosveracruz.com\/wp-content\/uploads\/2025\/04\/Oved-Contreras-e1768066319253.jpg","width":600,"height":320},{"@type":"BreadcrumbList","@id":"https:\/\/lospoliticosveracruz.com\/?p=165954#breadcrumb","itemListElement":[{"@type":"ListItem","position":1,"name":"Portada","item":"https:\/\/lospoliticosveracruz.com\/"},{"@type":"ListItem","position":2,"name":"TRUENAN LA REFORMA"}]},{"@type":"WebSite","@id":"https:\/\/lospoliticosveracruz.com\/#website","url":"https:\/\/lospoliticosveracruz.com\/","name":"Los pol\u00edticos Veracruz","description":"","publisher":{"@id":"https:\/\/lospoliticosveracruz.com\/#organization"},"potentialAction":[{"@type":"SearchAction","target":{"@type":"EntryPoint","urlTemplate":"https:\/\/lospoliticosveracruz.com\/?s={search_term_string}"},"query-input":{"@type":"PropertyValueSpecification","valueRequired":true,"valueName":"search_term_string"}}],"inLanguage":"es"},{"@type":"Organization","@id":"https:\/\/lospoliticosveracruz.com\/#organization","name":"Los pol\u00edticos Veracruz","url":"https:\/\/lospoliticosveracruz.com\/","logo":{"@type":"ImageObject","inLanguage":"es","@id":"https:\/\/lospoliticosveracruz.com\/#\/schema\/logo\/image\/","url":"https:\/\/lospoliticosveracruz.com\/wp-content\/uploads\/2025\/12\/Logo-Nuevo-LOS-POLITICOS-1.jpg","contentUrl":"https:\/\/lospoliticosveracruz.com\/wp-content\/uploads\/2025\/12\/Logo-Nuevo-LOS-POLITICOS-1.jpg","width":260,"height":70,"caption":"Los pol\u00edticos Veracruz"},"image":{"@id":"https:\/\/lospoliticosveracruz.com\/#\/schema\/logo\/image\/"},"sameAs":["https:\/\/www.facebook.com\/people\/Notimemes-de-los-Polticos\/61565672886568\/","https:\/\/x.com\/LosPoliticosVer"]},{"@type":"Person","@id":"https:\/\/lospoliticosveracruz.com\/#\/schema\/person\/b8702bb0e538456e6efd07080bf2a4a2","name":"Lo viste en Los Pol\u00edticos","image":{"@type":"ImageObject","inLanguage":"es","@id":"https:\/\/secure.gravatar.com\/avatar\/3a8de04a2656d44082be478bd6c086daa447c4651605818287b9532d3d0bd435?s=96&d=mm&r=g","url":"https:\/\/secure.gravatar.com\/avatar\/3a8de04a2656d44082be478bd6c086daa447c4651605818287b9532d3d0bd435?s=96&d=mm&r=g","contentUrl":"https:\/\/secure.gravatar.com\/avatar\/3a8de04a2656d44082be478bd6c086daa447c4651605818287b9532d3d0bd435?s=96&d=mm&r=g","caption":"Lo viste en Los Pol\u00edticos"},"url":"https:\/\/lospoliticosveracruz.com\/?author=2"}]}},"_links":{"self":[{"href":"https:\/\/lospoliticosveracruz.com\/index.php?rest_route=\/wp\/v2\/posts\/165954","targetHints":{"allow":["GET"]}}],"collection":[{"href":"https:\/\/lospoliticosveracruz.com\/index.php?rest_route=\/wp\/v2\/posts"}],"about":[{"href":"https:\/\/lospoliticosveracruz.com\/index.php?rest_route=\/wp\/v2\/types\/post"}],"author":[{"embeddable":true,"href":"https:\/\/lospoliticosveracruz.com\/index.php?rest_route=\/wp\/v2\/users\/2"}],"replies":[{"embeddable":true,"href":"https:\/\/lospoliticosveracruz.com\/index.php?rest_route=%2Fwp%2Fv2%2Fcomments&post=165954"}],"version-history":[{"count":1,"href":"https:\/\/lospoliticosveracruz.com\/index.php?rest_route=\/wp\/v2\/posts\/165954\/revisions"}],"predecessor-version":[{"id":165955,"href":"https:\/\/lospoliticosveracruz.com\/index.php?rest_route=\/wp\/v2\/posts\/165954\/revisions\/165955"}],"wp:featuredmedia":[{"embeddable":true,"href":"https:\/\/lospoliticosveracruz.com\/index.php?rest_route=\/wp\/v2\/media\/141426"}],"wp:attachment":[{"href":"https:\/\/lospoliticosveracruz.com\/index.php?rest_route=%2Fwp%2Fv2%2Fmedia&parent=165954"}],"wp:term":[{"taxonomy":"category","embeddable":true,"href":"https:\/\/lospoliticosveracruz.com\/index.php?rest_route=%2Fwp%2Fv2%2Fcategories&post=165954"},{"taxonomy":"post_tag","embeddable":true,"href":"https:\/\/lospoliticosveracruz.com\/index.php?rest_route=%2Fwp%2Fv2%2Ftags&post=165954"}],"curies":[{"name":"wp","href":"https:\/\/api.w.org\/{rel}","templated":true}]}}