{"id":165959,"date":"2026-03-12T11:20:59","date_gmt":"2026-03-12T17:20:59","guid":{"rendered":"https:\/\/lospoliticosveracruz.com\/?p=165959"},"modified":"2026-03-12T11:21:01","modified_gmt":"2026-03-12T17:21:01","slug":"ya-dieron-con-el-responsable","status":"publish","type":"post","link":"https:\/\/lospoliticosveracruz.com\/?p=165959","title":{"rendered":"YA DIERON CON EL RESPONSABLE!"},"content":{"rendered":"\n<p>S\u00edguenos ahora tambi\u00e9n en WhatsApp.\u00a0\u00a1<a href=\"https:\/\/whatsapp.com\/channel\/0029Va8zRWlEKyZIP3Z1dF0e\"><strong>Da clic aqu\u00ed<\/strong><\/a><strong>!<\/strong><\/p>\n\n\n\n<p><strong>\u00c1ngeles Gonz\u00e1lez Ceballos<\/strong><\/p>\n\n\n\n<p>La gobernadora de Veracruz, Roc\u00edo Nahle Garc\u00eda, inform\u00f3 que ya localizaron el origen del derrame de hidrocarburos, que se ha extendido por las costas del Estado y revel\u00f3 que se trat\u00f3 de un derrame de una petrolera particular.<\/p>\n\n\n\n<p>En entrevista, la titular del Ejecutivo confirm\u00f3 que el derrame ya lleg\u00f3 a las costas frente a Alvarado y parte de Veracruz.<\/p>\n\n\n\n<p>\u00abVamos a limpiar, nos vamos a coordinar, era importante saber el origen para poder contener, fue un derrame de un barco privado que no le trabaja a Pemex, que tienen contratos que se dieron en el gobierno de Enrique Pe\u00f1a Nieto\u00bb, se\u00f1al\u00f3.<\/p>\n\n\n\n<p>Reiter\u00f3 que no ten\u00edan la informaci\u00f3n de d\u00f3nde se hab\u00eda generado el derrame, sin embargo, defini\u00f3 que fue de un barco privado, no de Pemex.<\/p>\n\n\n\n<p>\u00abFue de un barco de otra petrolera que estaba haciendo trabajos en las costas de Tabasco, por S\u00e1nchez Magallanes aproximadamente. Se hicieron trabajos durante la \u00faltima semana muy fuertes por parte de Pemex y de la Agencia de Seguridad Ambiental federal, junto con la Secretar\u00eda de Medio Ambiente de Veracruz y la SEMAR.<\/p>\n\n\n\n<p>Fue un derrame de un barco y por las corrientes mar\u00edtimas eso fluy\u00f3 hacia nuestro estado. La Semar, Pemex y el gobierno del Estado junto con los pobladores est\u00e1n haciendo la limpieza de las playas\u00bb, asegur\u00f3.<\/p>\n\n\n\n<p>La Mandataria sostuvo que el derrame ya fue contenido y precis\u00f3 que la mancha de hidrocarburo, por las corrientes ya lleg\u00f3 a las costas de Alvarado y Veracruz, pero asegur\u00f3 que todo estar\u00e1 limpio para la Semana Santa.<\/p>\n\n\n\n<p>Record\u00f3 que la primera manifestaci\u00f3n de hidrocarburos fue en Pajapan, por lo que los pobladores y la Semar se pusieron a limpiar.<\/p>\n\n\n\n<p>\u00abRepito el derrame no ocurri\u00f3 por parte de Pemex, tampoco fue lo que los t\u00e9cnicos llamamos chapopotera, que es m\u00e1s dif\u00edcil de localizar\u00bb, expuso.<\/p>\n\n\n\n<p>Indic\u00f3 que durante 5 o 6 d\u00edas diversos barcos especializados en imagenologia, estuvieron haciendo recorridos de m\u00e1s de 500 kil\u00f3metros para tratar de localizar el origen, adem\u00e1s de que se tomaron muestras satelitales, fue as\u00ed que detectaron de d\u00f3nde ven\u00eda la mancha o el derrame.<\/p>\n\n\n\n<p>\u00abProfepa y Asea est\u00e1n atendiendo, pero el Gobierno est\u00e1 limpiando con los pobladores a los que se les dio un apoyo econ\u00f3mico\u00bb, asever\u00f3.<\/p>\n","protected":false},"excerpt":{"rendered":"<p>\u00c1ngeles Gonz\u00e1lez Ceballos La gobernadora de Veracruz, Roc\u00edo Nahle Garc\u00eda, inform\u00f3 que ya localizaron el origen del derrame de hidrocarburos, que se ha extendido por las costas del Estado y revel\u00f3 que se trat\u00f3 de un derrame de una petrolera particular. En entrevista, la titular del Ejecutivo confirm\u00f3 que el derrame ya lleg\u00f3 a las [&hellip;]<\/p>\n","protected":false},"author":2,"featured_media":165960,"comment_status":"closed","ping_status":"closed","sticky":false,"template":"","format":"standard","meta":{"tdm_status":"","tdm_grid_status":"","footnotes":""},"categories":[6446],"tags":[57245,57246,57243,57244,57242],"class_list":{"0":"post-165959","1":"post","2":"type-post","3":"status-publish","4":"format-standard","5":"has-post-thumbnail","7":"category-la-nota","8":"tag-apoyo-economico-pescadores-veracruz-limpieza","9":"tag-empresa-petrolera-privada-derrame-2026","10":"tag-limpieza-playas-alvarado-y-veracruz","11":"tag-origen-derrame-hidrocarburos-tabasco-2026","12":"tag-rocio-nahle-derrame-petroleo-veracruz"},"yoast_head":"<!-- This site is optimized with the Yoast SEO plugin v27.4 - https:\/\/yoast.com\/product\/yoast-seo-wordpress\/ -->\n<title>YA DIERON CON EL RESPONSABLE! - Los pol\u00edticos Veracruz<\/title>\n<meta name=\"robots\" content=\"index, follow, max-snippet:-1, max-image-preview:large, max-video-preview:-1\" \/>\n<link rel=\"canonical\" href=\"https:\/\/lospoliticosveracruz.com\/?p=165959\" \/>\n<meta property=\"og:locale\" content=\"es_ES\" \/>\n<meta property=\"og:type\" content=\"article\" \/>\n<meta property=\"og:title\" content=\"YA DIERON CON EL RESPONSABLE! - Los pol\u00edticos Veracruz\" \/>\n<meta property=\"og:description\" content=\"\u00c1ngeles Gonz\u00e1lez Ceballos La gobernadora de Veracruz, Roc\u00edo Nahle Garc\u00eda, inform\u00f3 que ya localizaron el origen del derrame de hidrocarburos, que se ha extendido por las costas del Estado y revel\u00f3 que se trat\u00f3 de un derrame de una petrolera particular. En entrevista, la titular del Ejecutivo confirm\u00f3 que el derrame ya lleg\u00f3 a las [&hellip;]\" \/>\n<meta property=\"og:url\" content=\"https:\/\/lospoliticosveracruz.com\/?p=165959\" \/>\n<meta property=\"og:site_name\" content=\"Los pol\u00edticos Veracruz\" \/>\n<meta property=\"article:publisher\" content=\"https:\/\/www.facebook.com\/people\/Notimemes-de-los-Polticos\/61565672886568\/\" \/>\n<meta property=\"article:published_time\" content=\"2026-03-12T17:20:59+00:00\" \/>\n<meta property=\"article:modified_time\" content=\"2026-03-12T17:21:01+00:00\" \/>\n<meta property=\"og:image\" content=\"https:\/\/lospoliticosveracruz.com\/wp-content\/uploads\/2026\/03\/Nahle-8.jpg\" \/>\n\t<meta property=\"og:image:width\" content=\"600\" \/>\n\t<meta property=\"og:image:height\" content=\"320\" \/>\n\t<meta property=\"og:image:type\" content=\"image\/jpeg\" \/>\n<meta name=\"author\" content=\"Lo viste en Los Pol\u00edticos\" \/>\n<meta name=\"twitter:card\" content=\"summary_large_image\" \/>\n<meta name=\"twitter:creator\" content=\"@LosPoliticosVer\" \/>\n<meta name=\"twitter:site\" content=\"@LosPoliticosVer\" \/>\n<meta name=\"twitter:label1\" content=\"Escrito por\" \/>\n\t<meta name=\"twitter:data1\" content=\"Lo viste en Los Pol\u00edticos\" \/>\n\t<meta name=\"twitter:label2\" content=\"Tiempo de lectura\" \/>\n\t<meta name=\"twitter:data2\" content=\"2 minutos\" \/>\n<script type=\"application\/ld+json\" class=\"yoast-schema-graph\">{\"@context\":\"https:\\\/\\\/schema.org\",\"@graph\":[{\"@type\":\"Article\",\"@id\":\"https:\\\/\\\/lospoliticosveracruz.com\\\/?p=165959#article\",\"isPartOf\":{\"@id\":\"https:\\\/\\\/lospoliticosveracruz.com\\\/?p=165959\"},\"author\":{\"name\":\"Lo viste en Los Pol\u00edticos\",\"@id\":\"https:\\\/\\\/lospoliticosveracruz.com\\\/#\\\/schema\\\/person\\\/b8702bb0e538456e6efd07080bf2a4a2\"},\"headline\":\"YA DIERON CON EL RESPONSABLE!\",\"datePublished\":\"2026-03-12T17:20:59+00:00\",\"dateModified\":\"2026-03-12T17:21:01+00:00\",\"mainEntityOfPage\":{\"@id\":\"https:\\\/\\\/lospoliticosveracruz.com\\\/?p=165959\"},\"wordCount\":398,\"publisher\":{\"@id\":\"https:\\\/\\\/lospoliticosveracruz.com\\\/#organization\"},\"image\":{\"@id\":\"https:\\\/\\\/lospoliticosveracruz.com\\\/?p=165959#primaryimage\"},\"thumbnailUrl\":\"https:\\\/\\\/lospoliticosveracruz.com\\\/wp-content\\\/uploads\\\/2026\\\/03\\\/Nahle-8.jpg\",\"keywords\":[\"apoyo econ\u00f3mico pescadores Veracruz limpieza\",\"empresa petrolera privada derrame 2026\",\"limpieza playas Alvarado y Veracruz\",\"origen derrame hidrocarburos Tabasco 2026\",\"Roc\u00edo Nahle derrame petr\u00f3leo Veracruz\"],\"articleSection\":[\"La Nota\"],\"inLanguage\":\"es\"},{\"@type\":\"WebPage\",\"@id\":\"https:\\\/\\\/lospoliticosveracruz.com\\\/?p=165959\",\"url\":\"https:\\\/\\\/lospoliticosveracruz.com\\\/?p=165959\",\"name\":\"YA DIERON CON EL RESPONSABLE! - Los pol\u00edticos Veracruz\",\"isPartOf\":{\"@id\":\"https:\\\/\\\/lospoliticosveracruz.com\\\/#website\"},\"primaryImageOfPage\":{\"@id\":\"https:\\\/\\\/lospoliticosveracruz.com\\\/?p=165959#primaryimage\"},\"image\":{\"@id\":\"https:\\\/\\\/lospoliticosveracruz.com\\\/?p=165959#primaryimage\"},\"thumbnailUrl\":\"https:\\\/\\\/lospoliticosveracruz.com\\\/wp-content\\\/uploads\\\/2026\\\/03\\\/Nahle-8.jpg\",\"datePublished\":\"2026-03-12T17:20:59+00:00\",\"dateModified\":\"2026-03-12T17:21:01+00:00\",\"breadcrumb\":{\"@id\":\"https:\\\/\\\/lospoliticosveracruz.com\\\/?p=165959#breadcrumb\"},\"inLanguage\":\"es\",\"potentialAction\":[{\"@type\":\"ReadAction\",\"target\":[\"https:\\\/\\\/lospoliticosveracruz.com\\\/?p=165959\"]}]},{\"@type\":\"ImageObject\",\"inLanguage\":\"es\",\"@id\":\"https:\\\/\\\/lospoliticosveracruz.com\\\/?p=165959#primaryimage\",\"url\":\"https:\\\/\\\/lospoliticosveracruz.com\\\/wp-content\\\/uploads\\\/2026\\\/03\\\/Nahle-8.jpg\",\"contentUrl\":\"https:\\\/\\\/lospoliticosveracruz.com\\\/wp-content\\\/uploads\\\/2026\\\/03\\\/Nahle-8.jpg\",\"width\":600,\"height\":320},{\"@type\":\"BreadcrumbList\",\"@id\":\"https:\\\/\\\/lospoliticosveracruz.com\\\/?p=165959#breadcrumb\",\"itemListElement\":[{\"@type\":\"ListItem\",\"position\":1,\"name\":\"Portada\",\"item\":\"https:\\\/\\\/lospoliticosveracruz.com\\\/\"},{\"@type\":\"ListItem\",\"position\":2,\"name\":\"YA DIERON CON EL RESPONSABLE!\"}]},{\"@type\":\"WebSite\",\"@id\":\"https:\\\/\\\/lospoliticosveracruz.com\\\/#website\",\"url\":\"https:\\\/\\\/lospoliticosveracruz.com\\\/\",\"name\":\"Los pol\u00edticos Veracruz\",\"description\":\"\",\"publisher\":{\"@id\":\"https:\\\/\\\/lospoliticosveracruz.com\\\/#organization\"},\"potentialAction\":[{\"@type\":\"SearchAction\",\"target\":{\"@type\":\"EntryPoint\",\"urlTemplate\":\"https:\\\/\\\/lospoliticosveracruz.com\\\/?s={search_term_string}\"},\"query-input\":{\"@type\":\"PropertyValueSpecification\",\"valueRequired\":true,\"valueName\":\"search_term_string\"}}],\"inLanguage\":\"es\"},{\"@type\":\"Organization\",\"@id\":\"https:\\\/\\\/lospoliticosveracruz.com\\\/#organization\",\"name\":\"Los pol\u00edticos Veracruz\",\"url\":\"https:\\\/\\\/lospoliticosveracruz.com\\\/\",\"logo\":{\"@type\":\"ImageObject\",\"inLanguage\":\"es\",\"@id\":\"https:\\\/\\\/lospoliticosveracruz.com\\\/#\\\/schema\\\/logo\\\/image\\\/\",\"url\":\"https:\\\/\\\/lospoliticosveracruz.com\\\/wp-content\\\/uploads\\\/2025\\\/12\\\/Logo-Nuevo-LOS-POLITICOS-1.jpg\",\"contentUrl\":\"https:\\\/\\\/lospoliticosveracruz.com\\\/wp-content\\\/uploads\\\/2025\\\/12\\\/Logo-Nuevo-LOS-POLITICOS-1.jpg\",\"width\":260,\"height\":70,\"caption\":\"Los pol\u00edticos Veracruz\"},\"image\":{\"@id\":\"https:\\\/\\\/lospoliticosveracruz.com\\\/#\\\/schema\\\/logo\\\/image\\\/\"},\"sameAs\":[\"https:\\\/\\\/www.facebook.com\\\/people\\\/Notimemes-de-los-Polticos\\\/61565672886568\\\/\",\"https:\\\/\\\/x.com\\\/LosPoliticosVer\"]},{\"@type\":\"Person\",\"@id\":\"https:\\\/\\\/lospoliticosveracruz.com\\\/#\\\/schema\\\/person\\\/b8702bb0e538456e6efd07080bf2a4a2\",\"name\":\"Lo viste en Los Pol\u00edticos\",\"image\":{\"@type\":\"ImageObject\",\"inLanguage\":\"es\",\"@id\":\"https:\\\/\\\/secure.gravatar.com\\\/avatar\\\/3a8de04a2656d44082be478bd6c086daa447c4651605818287b9532d3d0bd435?s=96&d=mm&r=g\",\"url\":\"https:\\\/\\\/secure.gravatar.com\\\/avatar\\\/3a8de04a2656d44082be478bd6c086daa447c4651605818287b9532d3d0bd435?s=96&d=mm&r=g\",\"contentUrl\":\"https:\\\/\\\/secure.gravatar.com\\\/avatar\\\/3a8de04a2656d44082be478bd6c086daa447c4651605818287b9532d3d0bd435?s=96&d=mm&r=g\",\"caption\":\"Lo viste en Los Pol\u00edticos\"},\"url\":\"https:\\\/\\\/lospoliticosveracruz.com\\\/?author=2\"}]}<\/script>\n<!-- \/ Yoast SEO plugin. -->","yoast_head_json":{"title":"YA DIERON CON EL RESPONSABLE! - Los pol\u00edticos Veracruz","robots":{"index":"index","follow":"follow","max-snippet":"max-snippet:-1","max-image-preview":"max-image-preview:large","max-video-preview":"max-video-preview:-1"},"canonical":"https:\/\/lospoliticosveracruz.com\/?p=165959","og_locale":"es_ES","og_type":"article","og_title":"YA DIERON CON EL RESPONSABLE! - Los pol\u00edticos Veracruz","og_description":"\u00c1ngeles Gonz\u00e1lez Ceballos La gobernadora de Veracruz, Roc\u00edo Nahle Garc\u00eda, inform\u00f3 que ya localizaron el origen del derrame de hidrocarburos, que se ha extendido por las costas del Estado y revel\u00f3 que se trat\u00f3 de un derrame de una petrolera particular. En entrevista, la titular del Ejecutivo confirm\u00f3 que el derrame ya lleg\u00f3 a las [&hellip;]","og_url":"https:\/\/lospoliticosveracruz.com\/?p=165959","og_site_name":"Los pol\u00edticos Veracruz","article_publisher":"https:\/\/www.facebook.com\/people\/Notimemes-de-los-Polticos\/61565672886568\/","article_published_time":"2026-03-12T17:20:59+00:00","article_modified_time":"2026-03-12T17:21:01+00:00","og_image":[{"width":600,"height":320,"url":"https:\/\/lospoliticosveracruz.com\/wp-content\/uploads\/2026\/03\/Nahle-8.jpg","type":"image\/jpeg"}],"author":"Lo viste en Los Pol\u00edticos","twitter_card":"summary_large_image","twitter_creator":"@LosPoliticosVer","twitter_site":"@LosPoliticosVer","twitter_misc":{"Escrito por":"Lo viste en Los Pol\u00edticos","Tiempo de lectura":"2 minutos"},"schema":{"@context":"https:\/\/schema.org","@graph":[{"@type":"Article","@id":"https:\/\/lospoliticosveracruz.com\/?p=165959#article","isPartOf":{"@id":"https:\/\/lospoliticosveracruz.com\/?p=165959"},"author":{"name":"Lo viste en Los Pol\u00edticos","@id":"https:\/\/lospoliticosveracruz.com\/#\/schema\/person\/b8702bb0e538456e6efd07080bf2a4a2"},"headline":"YA DIERON CON EL RESPONSABLE!","datePublished":"2026-03-12T17:20:59+00:00","dateModified":"2026-03-12T17:21:01+00:00","mainEntityOfPage":{"@id":"https:\/\/lospoliticosveracruz.com\/?p=165959"},"wordCount":398,"publisher":{"@id":"https:\/\/lospoliticosveracruz.com\/#organization"},"image":{"@id":"https:\/\/lospoliticosveracruz.com\/?p=165959#primaryimage"},"thumbnailUrl":"https:\/\/lospoliticosveracruz.com\/wp-content\/uploads\/2026\/03\/Nahle-8.jpg","keywords":["apoyo econ\u00f3mico pescadores Veracruz limpieza","empresa petrolera privada derrame 2026","limpieza playas Alvarado y Veracruz","origen derrame hidrocarburos Tabasco 2026","Roc\u00edo Nahle derrame petr\u00f3leo Veracruz"],"articleSection":["La Nota"],"inLanguage":"es"},{"@type":"WebPage","@id":"https:\/\/lospoliticosveracruz.com\/?p=165959","url":"https:\/\/lospoliticosveracruz.com\/?p=165959","name":"YA DIERON CON EL RESPONSABLE! - Los pol\u00edticos Veracruz","isPartOf":{"@id":"https:\/\/lospoliticosveracruz.com\/#website"},"primaryImageOfPage":{"@id":"https:\/\/lospoliticosveracruz.com\/?p=165959#primaryimage"},"image":{"@id":"https:\/\/lospoliticosveracruz.com\/?p=165959#primaryimage"},"thumbnailUrl":"https:\/\/lospoliticosveracruz.com\/wp-content\/uploads\/2026\/03\/Nahle-8.jpg","datePublished":"2026-03-12T17:20:59+00:00","dateModified":"2026-03-12T17:21:01+00:00","breadcrumb":{"@id":"https:\/\/lospoliticosveracruz.com\/?p=165959#breadcrumb"},"inLanguage":"es","potentialAction":[{"@type":"ReadAction","target":["https:\/\/lospoliticosveracruz.com\/?p=165959"]}]},{"@type":"ImageObject","inLanguage":"es","@id":"https:\/\/lospoliticosveracruz.com\/?p=165959#primaryimage","url":"https:\/\/lospoliticosveracruz.com\/wp-content\/uploads\/2026\/03\/Nahle-8.jpg","contentUrl":"https:\/\/lospoliticosveracruz.com\/wp-content\/uploads\/2026\/03\/Nahle-8.jpg","width":600,"height":320},{"@type":"BreadcrumbList","@id":"https:\/\/lospoliticosveracruz.com\/?p=165959#breadcrumb","itemListElement":[{"@type":"ListItem","position":1,"name":"Portada","item":"https:\/\/lospoliticosveracruz.com\/"},{"@type":"ListItem","position":2,"name":"YA DIERON CON EL RESPONSABLE!"}]},{"@type":"WebSite","@id":"https:\/\/lospoliticosveracruz.com\/#website","url":"https:\/\/lospoliticosveracruz.com\/","name":"Los pol\u00edticos Veracruz","description":"","publisher":{"@id":"https:\/\/lospoliticosveracruz.com\/#organization"},"potentialAction":[{"@type":"SearchAction","target":{"@type":"EntryPoint","urlTemplate":"https:\/\/lospoliticosveracruz.com\/?s={search_term_string}"},"query-input":{"@type":"PropertyValueSpecification","valueRequired":true,"valueName":"search_term_string"}}],"inLanguage":"es"},{"@type":"Organization","@id":"https:\/\/lospoliticosveracruz.com\/#organization","name":"Los pol\u00edticos Veracruz","url":"https:\/\/lospoliticosveracruz.com\/","logo":{"@type":"ImageObject","inLanguage":"es","@id":"https:\/\/lospoliticosveracruz.com\/#\/schema\/logo\/image\/","url":"https:\/\/lospoliticosveracruz.com\/wp-content\/uploads\/2025\/12\/Logo-Nuevo-LOS-POLITICOS-1.jpg","contentUrl":"https:\/\/lospoliticosveracruz.com\/wp-content\/uploads\/2025\/12\/Logo-Nuevo-LOS-POLITICOS-1.jpg","width":260,"height":70,"caption":"Los pol\u00edticos Veracruz"},"image":{"@id":"https:\/\/lospoliticosveracruz.com\/#\/schema\/logo\/image\/"},"sameAs":["https:\/\/www.facebook.com\/people\/Notimemes-de-los-Polticos\/61565672886568\/","https:\/\/x.com\/LosPoliticosVer"]},{"@type":"Person","@id":"https:\/\/lospoliticosveracruz.com\/#\/schema\/person\/b8702bb0e538456e6efd07080bf2a4a2","name":"Lo viste en Los Pol\u00edticos","image":{"@type":"ImageObject","inLanguage":"es","@id":"https:\/\/secure.gravatar.com\/avatar\/3a8de04a2656d44082be478bd6c086daa447c4651605818287b9532d3d0bd435?s=96&d=mm&r=g","url":"https:\/\/secure.gravatar.com\/avatar\/3a8de04a2656d44082be478bd6c086daa447c4651605818287b9532d3d0bd435?s=96&d=mm&r=g","contentUrl":"https:\/\/secure.gravatar.com\/avatar\/3a8de04a2656d44082be478bd6c086daa447c4651605818287b9532d3d0bd435?s=96&d=mm&r=g","caption":"Lo viste en Los Pol\u00edticos"},"url":"https:\/\/lospoliticosveracruz.com\/?author=2"}]}},"_links":{"self":[{"href":"https:\/\/lospoliticosveracruz.com\/index.php?rest_route=\/wp\/v2\/posts\/165959","targetHints":{"allow":["GET"]}}],"collection":[{"href":"https:\/\/lospoliticosveracruz.com\/index.php?rest_route=\/wp\/v2\/posts"}],"about":[{"href":"https:\/\/lospoliticosveracruz.com\/index.php?rest_route=\/wp\/v2\/types\/post"}],"author":[{"embeddable":true,"href":"https:\/\/lospoliticosveracruz.com\/index.php?rest_route=\/wp\/v2\/users\/2"}],"replies":[{"embeddable":true,"href":"https:\/\/lospoliticosveracruz.com\/index.php?rest_route=%2Fwp%2Fv2%2Fcomments&post=165959"}],"version-history":[{"count":2,"href":"https:\/\/lospoliticosveracruz.com\/index.php?rest_route=\/wp\/v2\/posts\/165959\/revisions"}],"predecessor-version":[{"id":165962,"href":"https:\/\/lospoliticosveracruz.com\/index.php?rest_route=\/wp\/v2\/posts\/165959\/revisions\/165962"}],"wp:featuredmedia":[{"embeddable":true,"href":"https:\/\/lospoliticosveracruz.com\/index.php?rest_route=\/wp\/v2\/media\/165960"}],"wp:attachment":[{"href":"https:\/\/lospoliticosveracruz.com\/index.php?rest_route=%2Fwp%2Fv2%2Fmedia&parent=165959"}],"wp:term":[{"taxonomy":"category","embeddable":true,"href":"https:\/\/lospoliticosveracruz.com\/index.php?rest_route=%2Fwp%2Fv2%2Fcategories&post=165959"},{"taxonomy":"post_tag","embeddable":true,"href":"https:\/\/lospoliticosveracruz.com\/index.php?rest_route=%2Fwp%2Fv2%2Ftags&post=165959"}],"curies":[{"name":"wp","href":"https:\/\/api.w.org\/{rel}","templated":true}]}}