{"id":165973,"date":"2026-03-12T12:08:41","date_gmt":"2026-03-12T18:08:41","guid":{"rendered":"https:\/\/lospoliticosveracruz.com\/?p=165973"},"modified":"2026-03-12T15:59:53","modified_gmt":"2026-03-12T21:59:53","slug":"5-por-tamiahua","status":"publish","type":"post","link":"https:\/\/lospoliticosveracruz.com\/?p=165973","title":{"rendered":"5 POR TAMIAHUA!"},"content":{"rendered":"\n<p><strong>Isabel Ortega<\/strong><\/p>\n\n\n\n<p>Las cinco candidaturas que compiten por la Presidencia Municipal de Tamiahua en la elecci\u00f3n extraordinaria coinciden en que uno de los principales retos del municipio es detonar el turismo para pasar de ser un destino de paso a uno de pernocta, con el objetivo de reactivar la econom\u00eda local.<\/p>\n\n\n\n<p>Con el inicio de las campa\u00f1as, este 11 de marzo, se habilit\u00f3 el sistema \u201cCandidatas y Candidatos, Con\u00f3celes\u201d del Organismo P\u00fablico Local Electoral de Veracruz, plataforma en la que se puede consultar la trayectoria y propuestas de quienes participan en el proceso electoral.<\/p>\n\n\n\n<p>La elecci\u00f3n extraordinaria se realizar\u00e1 el 29 de marzo, cuando la ciudadan\u00eda votar\u00e1 por la persona que ocupar\u00e1 la alcald\u00eda. Con base en la votaci\u00f3n que obtenga cada partido o candidatura tambi\u00e9n se integrar\u00e1 el cabildo, conformado por cuatro regidur\u00edas.<\/p>\n\n\n\n<p>El periodo de campa\u00f1a se desarrolla del 11 al 26 de marzo, durante el cual las candidaturas podr\u00e1n presentar sus propuestas a la ciudadan\u00eda. En la plataforma Con\u00f3celes se puede consultar informaci\u00f3n sobre su formaci\u00f3n profesional, trayectoria pol\u00edtica y planteamientos de gobierno.<\/p>\n\n\n\n<p>De acuerdo con los perfiles disponibles, la candidatura m\u00e1s joven tiene 27 a\u00f1os y la mayor 66; adem\u00e1s, cuatro de las cinco personas aspirantes cuentan con licenciatura concluida.<\/p>\n\n\n\n<p><strong>PAN: Jazm\u00edn Cruz Valdez<\/strong><\/p>\n\n\n\n<p>Tiene 27 a\u00f1os y es licenciada en Derecho por la Universidad Popular Aut\u00f3noma de Veracruz. Ha trabajado como abogada del Instituto Municipal de la Mujer y como procuradora de la Defensa de Ni\u00f1as, Ni\u00f1os y Adolescentes en el municipio.<\/p>\n\n\n\n<p>Entre sus propuestas plantea impulsar seminarios de negocios, exposiciones del sector industrial y tur\u00edstico, as\u00ed como programas de empleo temporal y fondos municipales para mejorar infraestructura y equipamiento urbano.<\/p>\n\n\n\n<p><strong>PT: Jorge Antonio Lara Cruz<\/strong><\/p>\n\n\n\n<p>Tiene 34 a\u00f1os y cuenta con licenciatura trunca. Ha participado en campa\u00f1as pol\u00edticas desde los 16 a\u00f1os y fue candidato del PT en la elecci\u00f3n municipal de 2025.<\/p>\n\n\n\n<p>Propone apoyar a los pescadores mediante proyectos de acuacultura y gestionar apoyos t\u00e9cnicos y econ\u00f3micos. Tambi\u00e9n plantea fortalecer el turismo con enfoque en ecoturismo y sustentabilidad.<\/p>\n\n\n\n<p><strong>Morena-PVEM: Mar\u00eda del Pilar Guzm\u00e1n Medell\u00edn<\/strong><\/p>\n\n\n\n<p>Tiene 57 a\u00f1os y es licenciada en Enfermer\u00eda. Ha trabajado en medicina preventiva del IMSS, en la atenci\u00f3n de adultos mayores y en el sector privado en enfermer\u00eda industrial.<\/p>\n\n\n\n<p>Su propuesta central es consolidar el turismo como motor de desarrollo econ\u00f3mico, impulsando proyectos que aprovechen los atractivos naturales, culturales y gastron\u00f3micos del municipio.<\/p>\n\n\n\n<p><strong>PRI: Mart\u00edn Crist\u00f3bal Cruz<\/strong><\/p>\n\n\n\n<p>Tiene 59 a\u00f1os y cuenta con licenciatura. Fue alcalde de Tamiahua entre 2014 y 2017 y ex diputado local.<\/p>\n\n\n\n<p>Entre sus propuestas plantea impulsar la marca \u201cHecho en Tamiahua\u201d para promover productos locales como osti\u00f3n, camar\u00f3n y artesan\u00edas, adem\u00e1s de crear un corredor gastron\u00f3mico y rutas tur\u00edsticas hacia manglares e islas de la regi\u00f3n.<\/p>\n\n\n\n<p><strong>Movimiento Ciudadano: Cris\u00f3foro Ruiz Deloya<\/strong><\/p>\n\n\n\n<p>Tiene 66 a\u00f1os y es ingeniero agr\u00f3nomo especialista en irrigaci\u00f3n. Ha trabajado como consultor en proyectos rurales y fue facilitador del programa Sembrando Vida en la regi\u00f3n.<\/p>\n\n\n\n<p>Propone gestionar apoyos estatales y federales para actividades productivas como pesca, turismo, agricultura y ganader\u00eda, adem\u00e1s de impulsar un proyecto integral de desarrollo tur\u00edstico que incluya capacitaci\u00f3n, manejo de residuos y saneamiento de la laguna.<\/p>\n","protected":false},"excerpt":{"rendered":"<p>Isabel Ortega Las cinco candidaturas que compiten por la Presidencia Municipal de Tamiahua en la elecci\u00f3n extraordinaria coinciden en que uno de los principales retos del municipio es detonar el turismo para pasar de ser un destino de paso a uno de pernocta, con el objetivo de reactivar la econom\u00eda local. Con el inicio de [&hellip;]<\/p>\n","protected":false},"author":2,"featured_media":165974,"comment_status":"closed","ping_status":"closed","sticky":false,"template":"","format":"standard","meta":{"tdm_status":"","tdm_grid_status":"","footnotes":""},"categories":[6446],"tags":[57256,57257,48498,57258,57255],"class_list":{"0":"post-165973","1":"post","2":"type-post","3":"status-publish","4":"format-standard","5":"has-post-thumbnail","7":"category-la-nota","8":"tag-campanas-11-al-26-de-marzo","9":"tag-candidatas-y-candidatos-conoceles-ople-veracruz","10":"tag-eleccion-extraordinaria-tamiahua-2026","11":"tag-presidencia-municipal-tamiahua-propuestas","12":"tag-turismo-motor-economico-tamiahua"},"yoast_head":"<!-- This site is optimized with the Yoast SEO plugin v27.4 - https:\/\/yoast.com\/product\/yoast-seo-wordpress\/ -->\n<title>5 POR TAMIAHUA! - Los pol\u00edticos Veracruz<\/title>\n<meta name=\"robots\" content=\"index, follow, max-snippet:-1, max-image-preview:large, max-video-preview:-1\" \/>\n<link rel=\"canonical\" href=\"https:\/\/lospoliticosveracruz.com\/?p=165973\" \/>\n<meta property=\"og:locale\" content=\"es_ES\" \/>\n<meta property=\"og:type\" content=\"article\" \/>\n<meta property=\"og:title\" content=\"5 POR TAMIAHUA! - Los pol\u00edticos Veracruz\" \/>\n<meta property=\"og:description\" content=\"Isabel Ortega Las cinco candidaturas que compiten por la Presidencia Municipal de Tamiahua en la elecci\u00f3n extraordinaria coinciden en que uno de los principales retos del municipio es detonar el turismo para pasar de ser un destino de paso a uno de pernocta, con el objetivo de reactivar la econom\u00eda local. Con el inicio de [&hellip;]\" \/>\n<meta property=\"og:url\" content=\"https:\/\/lospoliticosveracruz.com\/?p=165973\" \/>\n<meta property=\"og:site_name\" content=\"Los pol\u00edticos Veracruz\" \/>\n<meta property=\"article:publisher\" content=\"https:\/\/www.facebook.com\/people\/Notimemes-de-los-Polticos\/61565672886568\/\" \/>\n<meta property=\"article:published_time\" content=\"2026-03-12T18:08:41+00:00\" \/>\n<meta property=\"article:modified_time\" content=\"2026-03-12T21:59:53+00:00\" \/>\n<meta property=\"og:image\" content=\"https:\/\/lospoliticosveracruz.com\/wp-content\/uploads\/2026\/03\/IMG_2449.jpeg\" \/>\n\t<meta property=\"og:image:width\" content=\"600\" \/>\n\t<meta property=\"og:image:height\" content=\"320\" \/>\n\t<meta property=\"og:image:type\" content=\"image\/jpeg\" \/>\n<meta name=\"author\" content=\"Lo viste en Los Pol\u00edticos\" \/>\n<meta name=\"twitter:card\" content=\"summary_large_image\" \/>\n<meta name=\"twitter:creator\" content=\"@LosPoliticosVer\" \/>\n<meta name=\"twitter:site\" content=\"@LosPoliticosVer\" \/>\n<meta name=\"twitter:label1\" content=\"Escrito por\" \/>\n\t<meta name=\"twitter:data1\" content=\"Lo viste en Los Pol\u00edticos\" \/>\n\t<meta name=\"twitter:label2\" content=\"Tiempo de lectura\" \/>\n\t<meta name=\"twitter:data2\" content=\"3 minutos\" \/>\n<script type=\"application\/ld+json\" class=\"yoast-schema-graph\">{\"@context\":\"https:\\\/\\\/schema.org\",\"@graph\":[{\"@type\":\"Article\",\"@id\":\"https:\\\/\\\/lospoliticosveracruz.com\\\/?p=165973#article\",\"isPartOf\":{\"@id\":\"https:\\\/\\\/lospoliticosveracruz.com\\\/?p=165973\"},\"author\":{\"name\":\"Lo viste en Los Pol\u00edticos\",\"@id\":\"https:\\\/\\\/lospoliticosveracruz.com\\\/#\\\/schema\\\/person\\\/b8702bb0e538456e6efd07080bf2a4a2\"},\"headline\":\"5 POR TAMIAHUA!\",\"datePublished\":\"2026-03-12T18:08:41+00:00\",\"dateModified\":\"2026-03-12T21:59:53+00:00\",\"mainEntityOfPage\":{\"@id\":\"https:\\\/\\\/lospoliticosveracruz.com\\\/?p=165973\"},\"wordCount\":569,\"publisher\":{\"@id\":\"https:\\\/\\\/lospoliticosveracruz.com\\\/#organization\"},\"image\":{\"@id\":\"https:\\\/\\\/lospoliticosveracruz.com\\\/?p=165973#primaryimage\"},\"thumbnailUrl\":\"https:\\\/\\\/lospoliticosveracruz.com\\\/wp-content\\\/uploads\\\/2026\\\/03\\\/IMG_2449.jpeg\",\"keywords\":[\"campa\u00f1as 11 al 26 de marzo\",\"Candidatas y Candidatos Con\u00f3celes OPLE Veracruz\",\"Elecci\u00f3n extraordinaria Tamiahua 2026\",\"Presidencia Municipal Tamiahua propuestas\",\"turismo motor econ\u00f3mico Tamiahua\"],\"articleSection\":[\"La Nota\"],\"inLanguage\":\"es\"},{\"@type\":\"WebPage\",\"@id\":\"https:\\\/\\\/lospoliticosveracruz.com\\\/?p=165973\",\"url\":\"https:\\\/\\\/lospoliticosveracruz.com\\\/?p=165973\",\"name\":\"5 POR TAMIAHUA! - Los pol\u00edticos Veracruz\",\"isPartOf\":{\"@id\":\"https:\\\/\\\/lospoliticosveracruz.com\\\/#website\"},\"primaryImageOfPage\":{\"@id\":\"https:\\\/\\\/lospoliticosveracruz.com\\\/?p=165973#primaryimage\"},\"image\":{\"@id\":\"https:\\\/\\\/lospoliticosveracruz.com\\\/?p=165973#primaryimage\"},\"thumbnailUrl\":\"https:\\\/\\\/lospoliticosveracruz.com\\\/wp-content\\\/uploads\\\/2026\\\/03\\\/IMG_2449.jpeg\",\"datePublished\":\"2026-03-12T18:08:41+00:00\",\"dateModified\":\"2026-03-12T21:59:53+00:00\",\"breadcrumb\":{\"@id\":\"https:\\\/\\\/lospoliticosveracruz.com\\\/?p=165973#breadcrumb\"},\"inLanguage\":\"es\",\"potentialAction\":[{\"@type\":\"ReadAction\",\"target\":[\"https:\\\/\\\/lospoliticosveracruz.com\\\/?p=165973\"]}]},{\"@type\":\"ImageObject\",\"inLanguage\":\"es\",\"@id\":\"https:\\\/\\\/lospoliticosveracruz.com\\\/?p=165973#primaryimage\",\"url\":\"https:\\\/\\\/lospoliticosveracruz.com\\\/wp-content\\\/uploads\\\/2026\\\/03\\\/IMG_2449.jpeg\",\"contentUrl\":\"https:\\\/\\\/lospoliticosveracruz.com\\\/wp-content\\\/uploads\\\/2026\\\/03\\\/IMG_2449.jpeg\",\"width\":600,\"height\":320},{\"@type\":\"BreadcrumbList\",\"@id\":\"https:\\\/\\\/lospoliticosveracruz.com\\\/?p=165973#breadcrumb\",\"itemListElement\":[{\"@type\":\"ListItem\",\"position\":1,\"name\":\"Portada\",\"item\":\"https:\\\/\\\/lospoliticosveracruz.com\\\/\"},{\"@type\":\"ListItem\",\"position\":2,\"name\":\"5 POR TAMIAHUA!\"}]},{\"@type\":\"WebSite\",\"@id\":\"https:\\\/\\\/lospoliticosveracruz.com\\\/#website\",\"url\":\"https:\\\/\\\/lospoliticosveracruz.com\\\/\",\"name\":\"Los pol\u00edticos Veracruz\",\"description\":\"\",\"publisher\":{\"@id\":\"https:\\\/\\\/lospoliticosveracruz.com\\\/#organization\"},\"potentialAction\":[{\"@type\":\"SearchAction\",\"target\":{\"@type\":\"EntryPoint\",\"urlTemplate\":\"https:\\\/\\\/lospoliticosveracruz.com\\\/?s={search_term_string}\"},\"query-input\":{\"@type\":\"PropertyValueSpecification\",\"valueRequired\":true,\"valueName\":\"search_term_string\"}}],\"inLanguage\":\"es\"},{\"@type\":\"Organization\",\"@id\":\"https:\\\/\\\/lospoliticosveracruz.com\\\/#organization\",\"name\":\"Los pol\u00edticos Veracruz\",\"url\":\"https:\\\/\\\/lospoliticosveracruz.com\\\/\",\"logo\":{\"@type\":\"ImageObject\",\"inLanguage\":\"es\",\"@id\":\"https:\\\/\\\/lospoliticosveracruz.com\\\/#\\\/schema\\\/logo\\\/image\\\/\",\"url\":\"https:\\\/\\\/lospoliticosveracruz.com\\\/wp-content\\\/uploads\\\/2025\\\/12\\\/Logo-Nuevo-LOS-POLITICOS-1.jpg\",\"contentUrl\":\"https:\\\/\\\/lospoliticosveracruz.com\\\/wp-content\\\/uploads\\\/2025\\\/12\\\/Logo-Nuevo-LOS-POLITICOS-1.jpg\",\"width\":260,\"height\":70,\"caption\":\"Los pol\u00edticos Veracruz\"},\"image\":{\"@id\":\"https:\\\/\\\/lospoliticosveracruz.com\\\/#\\\/schema\\\/logo\\\/image\\\/\"},\"sameAs\":[\"https:\\\/\\\/www.facebook.com\\\/people\\\/Notimemes-de-los-Polticos\\\/61565672886568\\\/\",\"https:\\\/\\\/x.com\\\/LosPoliticosVer\"]},{\"@type\":\"Person\",\"@id\":\"https:\\\/\\\/lospoliticosveracruz.com\\\/#\\\/schema\\\/person\\\/b8702bb0e538456e6efd07080bf2a4a2\",\"name\":\"Lo viste en Los Pol\u00edticos\",\"image\":{\"@type\":\"ImageObject\",\"inLanguage\":\"es\",\"@id\":\"https:\\\/\\\/secure.gravatar.com\\\/avatar\\\/3a8de04a2656d44082be478bd6c086daa447c4651605818287b9532d3d0bd435?s=96&d=mm&r=g\",\"url\":\"https:\\\/\\\/secure.gravatar.com\\\/avatar\\\/3a8de04a2656d44082be478bd6c086daa447c4651605818287b9532d3d0bd435?s=96&d=mm&r=g\",\"contentUrl\":\"https:\\\/\\\/secure.gravatar.com\\\/avatar\\\/3a8de04a2656d44082be478bd6c086daa447c4651605818287b9532d3d0bd435?s=96&d=mm&r=g\",\"caption\":\"Lo viste en Los Pol\u00edticos\"},\"url\":\"https:\\\/\\\/lospoliticosveracruz.com\\\/?author=2\"}]}<\/script>\n<!-- \/ Yoast SEO plugin. -->","yoast_head_json":{"title":"5 POR TAMIAHUA! - Los pol\u00edticos Veracruz","robots":{"index":"index","follow":"follow","max-snippet":"max-snippet:-1","max-image-preview":"max-image-preview:large","max-video-preview":"max-video-preview:-1"},"canonical":"https:\/\/lospoliticosveracruz.com\/?p=165973","og_locale":"es_ES","og_type":"article","og_title":"5 POR TAMIAHUA! - Los pol\u00edticos Veracruz","og_description":"Isabel Ortega Las cinco candidaturas que compiten por la Presidencia Municipal de Tamiahua en la elecci\u00f3n extraordinaria coinciden en que uno de los principales retos del municipio es detonar el turismo para pasar de ser un destino de paso a uno de pernocta, con el objetivo de reactivar la econom\u00eda local. Con el inicio de [&hellip;]","og_url":"https:\/\/lospoliticosveracruz.com\/?p=165973","og_site_name":"Los pol\u00edticos Veracruz","article_publisher":"https:\/\/www.facebook.com\/people\/Notimemes-de-los-Polticos\/61565672886568\/","article_published_time":"2026-03-12T18:08:41+00:00","article_modified_time":"2026-03-12T21:59:53+00:00","og_image":[{"width":600,"height":320,"url":"https:\/\/lospoliticosveracruz.com\/wp-content\/uploads\/2026\/03\/IMG_2449.jpeg","type":"image\/jpeg"}],"author":"Lo viste en Los Pol\u00edticos","twitter_card":"summary_large_image","twitter_creator":"@LosPoliticosVer","twitter_site":"@LosPoliticosVer","twitter_misc":{"Escrito por":"Lo viste en Los Pol\u00edticos","Tiempo de lectura":"3 minutos"},"schema":{"@context":"https:\/\/schema.org","@graph":[{"@type":"Article","@id":"https:\/\/lospoliticosveracruz.com\/?p=165973#article","isPartOf":{"@id":"https:\/\/lospoliticosveracruz.com\/?p=165973"},"author":{"name":"Lo viste en Los Pol\u00edticos","@id":"https:\/\/lospoliticosveracruz.com\/#\/schema\/person\/b8702bb0e538456e6efd07080bf2a4a2"},"headline":"5 POR TAMIAHUA!","datePublished":"2026-03-12T18:08:41+00:00","dateModified":"2026-03-12T21:59:53+00:00","mainEntityOfPage":{"@id":"https:\/\/lospoliticosveracruz.com\/?p=165973"},"wordCount":569,"publisher":{"@id":"https:\/\/lospoliticosveracruz.com\/#organization"},"image":{"@id":"https:\/\/lospoliticosveracruz.com\/?p=165973#primaryimage"},"thumbnailUrl":"https:\/\/lospoliticosveracruz.com\/wp-content\/uploads\/2026\/03\/IMG_2449.jpeg","keywords":["campa\u00f1as 11 al 26 de marzo","Candidatas y Candidatos Con\u00f3celes OPLE Veracruz","Elecci\u00f3n extraordinaria Tamiahua 2026","Presidencia Municipal Tamiahua propuestas","turismo motor econ\u00f3mico Tamiahua"],"articleSection":["La Nota"],"inLanguage":"es"},{"@type":"WebPage","@id":"https:\/\/lospoliticosveracruz.com\/?p=165973","url":"https:\/\/lospoliticosveracruz.com\/?p=165973","name":"5 POR TAMIAHUA! - Los pol\u00edticos Veracruz","isPartOf":{"@id":"https:\/\/lospoliticosveracruz.com\/#website"},"primaryImageOfPage":{"@id":"https:\/\/lospoliticosveracruz.com\/?p=165973#primaryimage"},"image":{"@id":"https:\/\/lospoliticosveracruz.com\/?p=165973#primaryimage"},"thumbnailUrl":"https:\/\/lospoliticosveracruz.com\/wp-content\/uploads\/2026\/03\/IMG_2449.jpeg","datePublished":"2026-03-12T18:08:41+00:00","dateModified":"2026-03-12T21:59:53+00:00","breadcrumb":{"@id":"https:\/\/lospoliticosveracruz.com\/?p=165973#breadcrumb"},"inLanguage":"es","potentialAction":[{"@type":"ReadAction","target":["https:\/\/lospoliticosveracruz.com\/?p=165973"]}]},{"@type":"ImageObject","inLanguage":"es","@id":"https:\/\/lospoliticosveracruz.com\/?p=165973#primaryimage","url":"https:\/\/lospoliticosveracruz.com\/wp-content\/uploads\/2026\/03\/IMG_2449.jpeg","contentUrl":"https:\/\/lospoliticosveracruz.com\/wp-content\/uploads\/2026\/03\/IMG_2449.jpeg","width":600,"height":320},{"@type":"BreadcrumbList","@id":"https:\/\/lospoliticosveracruz.com\/?p=165973#breadcrumb","itemListElement":[{"@type":"ListItem","position":1,"name":"Portada","item":"https:\/\/lospoliticosveracruz.com\/"},{"@type":"ListItem","position":2,"name":"5 POR TAMIAHUA!"}]},{"@type":"WebSite","@id":"https:\/\/lospoliticosveracruz.com\/#website","url":"https:\/\/lospoliticosveracruz.com\/","name":"Los pol\u00edticos Veracruz","description":"","publisher":{"@id":"https:\/\/lospoliticosveracruz.com\/#organization"},"potentialAction":[{"@type":"SearchAction","target":{"@type":"EntryPoint","urlTemplate":"https:\/\/lospoliticosveracruz.com\/?s={search_term_string}"},"query-input":{"@type":"PropertyValueSpecification","valueRequired":true,"valueName":"search_term_string"}}],"inLanguage":"es"},{"@type":"Organization","@id":"https:\/\/lospoliticosveracruz.com\/#organization","name":"Los pol\u00edticos Veracruz","url":"https:\/\/lospoliticosveracruz.com\/","logo":{"@type":"ImageObject","inLanguage":"es","@id":"https:\/\/lospoliticosveracruz.com\/#\/schema\/logo\/image\/","url":"https:\/\/lospoliticosveracruz.com\/wp-content\/uploads\/2025\/12\/Logo-Nuevo-LOS-POLITICOS-1.jpg","contentUrl":"https:\/\/lospoliticosveracruz.com\/wp-content\/uploads\/2025\/12\/Logo-Nuevo-LOS-POLITICOS-1.jpg","width":260,"height":70,"caption":"Los pol\u00edticos Veracruz"},"image":{"@id":"https:\/\/lospoliticosveracruz.com\/#\/schema\/logo\/image\/"},"sameAs":["https:\/\/www.facebook.com\/people\/Notimemes-de-los-Polticos\/61565672886568\/","https:\/\/x.com\/LosPoliticosVer"]},{"@type":"Person","@id":"https:\/\/lospoliticosveracruz.com\/#\/schema\/person\/b8702bb0e538456e6efd07080bf2a4a2","name":"Lo viste en Los Pol\u00edticos","image":{"@type":"ImageObject","inLanguage":"es","@id":"https:\/\/secure.gravatar.com\/avatar\/3a8de04a2656d44082be478bd6c086daa447c4651605818287b9532d3d0bd435?s=96&d=mm&r=g","url":"https:\/\/secure.gravatar.com\/avatar\/3a8de04a2656d44082be478bd6c086daa447c4651605818287b9532d3d0bd435?s=96&d=mm&r=g","contentUrl":"https:\/\/secure.gravatar.com\/avatar\/3a8de04a2656d44082be478bd6c086daa447c4651605818287b9532d3d0bd435?s=96&d=mm&r=g","caption":"Lo viste en Los Pol\u00edticos"},"url":"https:\/\/lospoliticosveracruz.com\/?author=2"}]}},"_links":{"self":[{"href":"https:\/\/lospoliticosveracruz.com\/index.php?rest_route=\/wp\/v2\/posts\/165973","targetHints":{"allow":["GET"]}}],"collection":[{"href":"https:\/\/lospoliticosveracruz.com\/index.php?rest_route=\/wp\/v2\/posts"}],"about":[{"href":"https:\/\/lospoliticosveracruz.com\/index.php?rest_route=\/wp\/v2\/types\/post"}],"author":[{"embeddable":true,"href":"https:\/\/lospoliticosveracruz.com\/index.php?rest_route=\/wp\/v2\/users\/2"}],"replies":[{"embeddable":true,"href":"https:\/\/lospoliticosveracruz.com\/index.php?rest_route=%2Fwp%2Fv2%2Fcomments&post=165973"}],"version-history":[{"count":2,"href":"https:\/\/lospoliticosveracruz.com\/index.php?rest_route=\/wp\/v2\/posts\/165973\/revisions"}],"predecessor-version":[{"id":165996,"href":"https:\/\/lospoliticosveracruz.com\/index.php?rest_route=\/wp\/v2\/posts\/165973\/revisions\/165996"}],"wp:featuredmedia":[{"embeddable":true,"href":"https:\/\/lospoliticosveracruz.com\/index.php?rest_route=\/wp\/v2\/media\/165974"}],"wp:attachment":[{"href":"https:\/\/lospoliticosveracruz.com\/index.php?rest_route=%2Fwp%2Fv2%2Fmedia&parent=165973"}],"wp:term":[{"taxonomy":"category","embeddable":true,"href":"https:\/\/lospoliticosveracruz.com\/index.php?rest_route=%2Fwp%2Fv2%2Fcategories&post=165973"},{"taxonomy":"post_tag","embeddable":true,"href":"https:\/\/lospoliticosveracruz.com\/index.php?rest_route=%2Fwp%2Fv2%2Ftags&post=165973"}],"curies":[{"name":"wp","href":"https:\/\/api.w.org\/{rel}","templated":true}]}}