{"id":165979,"date":"2026-03-12T12:37:33","date_gmt":"2026-03-12T18:37:33","guid":{"rendered":"https:\/\/lospoliticosveracruz.com\/?p=165979"},"modified":"2026-03-12T12:37:35","modified_gmt":"2026-03-12T18:37:35","slug":"pena-nieto-y-la-contaminacion-de-playas","status":"publish","type":"post","link":"https:\/\/lospoliticosveracruz.com\/?p=165979","title":{"rendered":"PE\u00d1A NIETO Y LA CONTAMINACI\u00d3N DE PLAYAS"},"content":{"rendered":"\n<p><strong>Ignacio Alvarez<\/strong><\/p>\n\n\n\n<p><em>Pluma Negra<\/em><\/p>\n\n\n\n<p>El pasado 3 de marzo, pescadores de la Playa del Jicacal en la zona costera del municipio de Pajapan al sur de Veracruz y durante nueve d\u00edas las manchas de esa contaminaci\u00f3n alcanz\u00f3 m\u00e1s de 300 kil\u00f3metros de las costas de Veracruz y afect\u00f3 a cientos de pescadores que vieron da\u00f1adas sus redes y algunas especies marinas muertas.<\/p>\n\n\n\n<p>En nueve d\u00edas no fue posible localizar el origen de esos desechos de hidrocarburos, que contaminaron las costas de Veracruz; la ma\u00f1ana este jueves la gobernadora Roc\u00edo Nahle da conocer que el origen es un derrame de una embarcaci\u00f3n particular en los mares de Tabasco, frente a S\u00e1nchez Magallanes y que corresponde a las autoridades federales la investigaci\u00f3n para deslindar responsabilidades y evaluar los da\u00f1os provocados.<\/p>\n\n\n\n<p>Y como nada escapa a la pol\u00edtica, sali\u00f3 a relucir el nombre del ex presidente Enrique Pe\u00f1a Nieto. dijo la gobernadora que fue en el sexenio del pri\u00edsta que se contrataron los servicios de esos buques de empresas particulares que no le trabajan a Petr\u00f3leos Mexicanos; lo cierto es que dejan una gran tarea a los gobiernos municipales de toda la costa de Veracruz y del propio gobierno del estado.<\/p>\n\n\n\n<p>La dilataci\u00f3n para encontrar el origen del derrame de esos desechos gener\u00f3 un impacto de contaminaci\u00f3n m\u00e1s amplio en toda la costa y pescadores del sur de Veracruz reportaron la muerte de algunas tortugas y un delf\u00edn con presunci\u00f3n de que fueron v\u00edctimas de esa contaminaci\u00f3n.<\/p>\n\n\n\n<p>La explicaci\u00f3n de la gobernadora es consciente y su compromiso de apoyar desde la estructura del gobern\u00f3 a la limpieza del mar, son bienvenidas, pero se requiere de una sanci\u00f3n ejemplar a los responsables de esa contaminaci\u00f3n.&nbsp;<\/p>\n\n\n\n<p>Pemex, la Agencia de Seguridad Ambiental federal, junto con la Secretar\u00eda de Medio Ambiente de Veracruz, la Procuradur\u00eda Federal de Protecci\u00f3n al Ambiente&nbsp;&nbsp;y la Secretar\u00eda de Marina deber\u00e1n realizar sus investigaciones y transparentar los resultados, as\u00ed como el castigo a los responsables.<\/p>\n\n\n\n<p>A escasas dos semanas de las vacaciones de Semana Santa, urge la limpieza de esos desechos que contaminaron las playas de recreaci\u00f3n de m\u00e1s de 20 municipios del centro y sur de Veracruz. Adem\u00e1s de revisar el riesgo de que especies marinas que se capturan para el consumo humano, tengan sustancias nocivas en la \u00e9poca de mayor consumo de pescados y mariscos.<\/p>\n","protected":false},"excerpt":{"rendered":"<p>Ignacio Alvarez Pluma Negra El pasado 3 de marzo, pescadores de la Playa del Jicacal en la zona costera del municipio de Pajapan al sur de Veracruz y durante nueve d\u00edas las manchas de esa contaminaci\u00f3n alcanz\u00f3 m\u00e1s de 300 kil\u00f3metros de las costas de Veracruz y afect\u00f3 a cientos de pescadores que vieron da\u00f1adas [&hellip;]<\/p>\n","protected":false},"author":2,"featured_media":141386,"comment_status":"closed","ping_status":"closed","sticky":false,"template":"","format":"standard","meta":{"tdm_status":"","tdm_grid_status":"","footnotes":""},"categories":[70],"tags":[57268,57264,57267,57266,57265],"class_list":{"0":"post-165979","1":"post","2":"type-post","3":"status-publish","4":"format-standard","5":"has-post-thumbnail","7":"category-de-opinion","8":"tag-contaminacion-playas-pajapan-jicacal","9":"tag-derrame-hidrocarburo-veracruz-tabasco","10":"tag-enrique-pena-nieto-buques-privados","11":"tag-impacto-pescadores-fauna-marina","12":"tag-rocio-nahle-investigacion-federal"},"yoast_head":"<!-- This site is optimized with the Yoast SEO plugin v27.4 - https:\/\/yoast.com\/product\/yoast-seo-wordpress\/ -->\n<title>PE\u00d1A NIETO Y LA CONTAMINACI\u00d3N DE PLAYAS - Los pol\u00edticos Veracruz<\/title>\n<meta name=\"robots\" content=\"index, follow, max-snippet:-1, max-image-preview:large, max-video-preview:-1\" \/>\n<link rel=\"canonical\" href=\"https:\/\/lospoliticosveracruz.com\/?p=165979\" \/>\n<meta property=\"og:locale\" content=\"es_ES\" \/>\n<meta property=\"og:type\" content=\"article\" \/>\n<meta property=\"og:title\" content=\"PE\u00d1A NIETO Y LA CONTAMINACI\u00d3N DE PLAYAS - Los pol\u00edticos Veracruz\" \/>\n<meta property=\"og:description\" content=\"Ignacio Alvarez Pluma Negra El pasado 3 de marzo, pescadores de la Playa del Jicacal en la zona costera del municipio de Pajapan al sur de Veracruz y durante nueve d\u00edas las manchas de esa contaminaci\u00f3n alcanz\u00f3 m\u00e1s de 300 kil\u00f3metros de las costas de Veracruz y afect\u00f3 a cientos de pescadores que vieron da\u00f1adas [&hellip;]\" \/>\n<meta property=\"og:url\" content=\"https:\/\/lospoliticosveracruz.com\/?p=165979\" \/>\n<meta property=\"og:site_name\" content=\"Los pol\u00edticos Veracruz\" \/>\n<meta property=\"article:publisher\" content=\"https:\/\/www.facebook.com\/people\/Notimemes-de-los-Polticos\/61565672886568\/\" \/>\n<meta property=\"article:published_time\" content=\"2026-03-12T18:37:33+00:00\" \/>\n<meta property=\"article:modified_time\" content=\"2026-03-12T18:37:35+00:00\" \/>\n<meta property=\"og:image\" content=\"https:\/\/lospoliticosveracruz.com\/wp-content\/uploads\/2025\/04\/Ignacio-Alvarez.jpg\" \/>\n\t<meta property=\"og:image:width\" content=\"1250\" \/>\n\t<meta property=\"og:image:height\" content=\"667\" \/>\n\t<meta property=\"og:image:type\" content=\"image\/jpeg\" \/>\n<meta name=\"author\" content=\"Lo viste en Los Pol\u00edticos\" \/>\n<meta name=\"twitter:card\" content=\"summary_large_image\" \/>\n<meta name=\"twitter:creator\" content=\"@LosPoliticosVer\" \/>\n<meta name=\"twitter:site\" content=\"@LosPoliticosVer\" \/>\n<meta name=\"twitter:label1\" content=\"Escrito por\" \/>\n\t<meta name=\"twitter:data1\" content=\"Lo viste en Los Pol\u00edticos\" \/>\n\t<meta name=\"twitter:label2\" content=\"Tiempo de lectura\" \/>\n\t<meta name=\"twitter:data2\" content=\"2 minutos\" \/>\n<script type=\"application\/ld+json\" class=\"yoast-schema-graph\">{\"@context\":\"https:\\\/\\\/schema.org\",\"@graph\":[{\"@type\":\"Article\",\"@id\":\"https:\\\/\\\/lospoliticosveracruz.com\\\/?p=165979#article\",\"isPartOf\":{\"@id\":\"https:\\\/\\\/lospoliticosveracruz.com\\\/?p=165979\"},\"author\":{\"name\":\"Lo viste en Los Pol\u00edticos\",\"@id\":\"https:\\\/\\\/lospoliticosveracruz.com\\\/#\\\/schema\\\/person\\\/b8702bb0e538456e6efd07080bf2a4a2\"},\"headline\":\"PE\u00d1A NIETO Y LA CONTAMINACI\u00d3N DE PLAYAS\",\"datePublished\":\"2026-03-12T18:37:33+00:00\",\"dateModified\":\"2026-03-12T18:37:35+00:00\",\"mainEntityOfPage\":{\"@id\":\"https:\\\/\\\/lospoliticosveracruz.com\\\/?p=165979\"},\"wordCount\":429,\"publisher\":{\"@id\":\"https:\\\/\\\/lospoliticosveracruz.com\\\/#organization\"},\"image\":{\"@id\":\"https:\\\/\\\/lospoliticosveracruz.com\\\/?p=165979#primaryimage\"},\"thumbnailUrl\":\"https:\\\/\\\/lospoliticosveracruz.com\\\/wp-content\\\/uploads\\\/2025\\\/04\\\/Ignacio-Alvarez-e1777052865175.jpg\",\"keywords\":[\"contaminaci\u00f3n playas Pajapan Jicacal\",\"derrame hidrocarburo Veracruz Tabasco\",\"Enrique Pe\u00f1a Nieto buques privados\",\"impacto pescadores fauna marina\",\"Roc\u00edo Nahle investigaci\u00f3n federal\"],\"articleSection\":[\"De Opini\u00f3n\"],\"inLanguage\":\"es\"},{\"@type\":\"WebPage\",\"@id\":\"https:\\\/\\\/lospoliticosveracruz.com\\\/?p=165979\",\"url\":\"https:\\\/\\\/lospoliticosveracruz.com\\\/?p=165979\",\"name\":\"PE\u00d1A NIETO Y LA CONTAMINACI\u00d3N DE PLAYAS - Los pol\u00edticos Veracruz\",\"isPartOf\":{\"@id\":\"https:\\\/\\\/lospoliticosveracruz.com\\\/#website\"},\"primaryImageOfPage\":{\"@id\":\"https:\\\/\\\/lospoliticosveracruz.com\\\/?p=165979#primaryimage\"},\"image\":{\"@id\":\"https:\\\/\\\/lospoliticosveracruz.com\\\/?p=165979#primaryimage\"},\"thumbnailUrl\":\"https:\\\/\\\/lospoliticosveracruz.com\\\/wp-content\\\/uploads\\\/2025\\\/04\\\/Ignacio-Alvarez-e1777052865175.jpg\",\"datePublished\":\"2026-03-12T18:37:33+00:00\",\"dateModified\":\"2026-03-12T18:37:35+00:00\",\"breadcrumb\":{\"@id\":\"https:\\\/\\\/lospoliticosveracruz.com\\\/?p=165979#breadcrumb\"},\"inLanguage\":\"es\",\"potentialAction\":[{\"@type\":\"ReadAction\",\"target\":[\"https:\\\/\\\/lospoliticosveracruz.com\\\/?p=165979\"]}]},{\"@type\":\"ImageObject\",\"inLanguage\":\"es\",\"@id\":\"https:\\\/\\\/lospoliticosveracruz.com\\\/?p=165979#primaryimage\",\"url\":\"https:\\\/\\\/lospoliticosveracruz.com\\\/wp-content\\\/uploads\\\/2025\\\/04\\\/Ignacio-Alvarez-e1777052865175.jpg\",\"contentUrl\":\"https:\\\/\\\/lospoliticosveracruz.com\\\/wp-content\\\/uploads\\\/2025\\\/04\\\/Ignacio-Alvarez-e1777052865175.jpg\",\"width\":600,\"height\":320},{\"@type\":\"BreadcrumbList\",\"@id\":\"https:\\\/\\\/lospoliticosveracruz.com\\\/?p=165979#breadcrumb\",\"itemListElement\":[{\"@type\":\"ListItem\",\"position\":1,\"name\":\"Portada\",\"item\":\"https:\\\/\\\/lospoliticosveracruz.com\\\/\"},{\"@type\":\"ListItem\",\"position\":2,\"name\":\"PE\u00d1A NIETO Y LA CONTAMINACI\u00d3N DE PLAYAS\"}]},{\"@type\":\"WebSite\",\"@id\":\"https:\\\/\\\/lospoliticosveracruz.com\\\/#website\",\"url\":\"https:\\\/\\\/lospoliticosveracruz.com\\\/\",\"name\":\"Los pol\u00edticos Veracruz\",\"description\":\"\",\"publisher\":{\"@id\":\"https:\\\/\\\/lospoliticosveracruz.com\\\/#organization\"},\"potentialAction\":[{\"@type\":\"SearchAction\",\"target\":{\"@type\":\"EntryPoint\",\"urlTemplate\":\"https:\\\/\\\/lospoliticosveracruz.com\\\/?s={search_term_string}\"},\"query-input\":{\"@type\":\"PropertyValueSpecification\",\"valueRequired\":true,\"valueName\":\"search_term_string\"}}],\"inLanguage\":\"es\"},{\"@type\":\"Organization\",\"@id\":\"https:\\\/\\\/lospoliticosveracruz.com\\\/#organization\",\"name\":\"Los pol\u00edticos Veracruz\",\"url\":\"https:\\\/\\\/lospoliticosveracruz.com\\\/\",\"logo\":{\"@type\":\"ImageObject\",\"inLanguage\":\"es\",\"@id\":\"https:\\\/\\\/lospoliticosveracruz.com\\\/#\\\/schema\\\/logo\\\/image\\\/\",\"url\":\"https:\\\/\\\/lospoliticosveracruz.com\\\/wp-content\\\/uploads\\\/2025\\\/12\\\/Logo-Nuevo-LOS-POLITICOS-1.jpg\",\"contentUrl\":\"https:\\\/\\\/lospoliticosveracruz.com\\\/wp-content\\\/uploads\\\/2025\\\/12\\\/Logo-Nuevo-LOS-POLITICOS-1.jpg\",\"width\":260,\"height\":70,\"caption\":\"Los pol\u00edticos Veracruz\"},\"image\":{\"@id\":\"https:\\\/\\\/lospoliticosveracruz.com\\\/#\\\/schema\\\/logo\\\/image\\\/\"},\"sameAs\":[\"https:\\\/\\\/www.facebook.com\\\/people\\\/Notimemes-de-los-Polticos\\\/61565672886568\\\/\",\"https:\\\/\\\/x.com\\\/LosPoliticosVer\"]},{\"@type\":\"Person\",\"@id\":\"https:\\\/\\\/lospoliticosveracruz.com\\\/#\\\/schema\\\/person\\\/b8702bb0e538456e6efd07080bf2a4a2\",\"name\":\"Lo viste en Los Pol\u00edticos\",\"image\":{\"@type\":\"ImageObject\",\"inLanguage\":\"es\",\"@id\":\"https:\\\/\\\/secure.gravatar.com\\\/avatar\\\/3a8de04a2656d44082be478bd6c086daa447c4651605818287b9532d3d0bd435?s=96&d=mm&r=g\",\"url\":\"https:\\\/\\\/secure.gravatar.com\\\/avatar\\\/3a8de04a2656d44082be478bd6c086daa447c4651605818287b9532d3d0bd435?s=96&d=mm&r=g\",\"contentUrl\":\"https:\\\/\\\/secure.gravatar.com\\\/avatar\\\/3a8de04a2656d44082be478bd6c086daa447c4651605818287b9532d3d0bd435?s=96&d=mm&r=g\",\"caption\":\"Lo viste en Los Pol\u00edticos\"},\"url\":\"https:\\\/\\\/lospoliticosveracruz.com\\\/?author=2\"}]}<\/script>\n<!-- \/ Yoast SEO plugin. -->","yoast_head_json":{"title":"PE\u00d1A NIETO Y LA CONTAMINACI\u00d3N DE PLAYAS - Los pol\u00edticos Veracruz","robots":{"index":"index","follow":"follow","max-snippet":"max-snippet:-1","max-image-preview":"max-image-preview:large","max-video-preview":"max-video-preview:-1"},"canonical":"https:\/\/lospoliticosveracruz.com\/?p=165979","og_locale":"es_ES","og_type":"article","og_title":"PE\u00d1A NIETO Y LA CONTAMINACI\u00d3N DE PLAYAS - Los pol\u00edticos Veracruz","og_description":"Ignacio Alvarez Pluma Negra El pasado 3 de marzo, pescadores de la Playa del Jicacal en la zona costera del municipio de Pajapan al sur de Veracruz y durante nueve d\u00edas las manchas de esa contaminaci\u00f3n alcanz\u00f3 m\u00e1s de 300 kil\u00f3metros de las costas de Veracruz y afect\u00f3 a cientos de pescadores que vieron da\u00f1adas [&hellip;]","og_url":"https:\/\/lospoliticosveracruz.com\/?p=165979","og_site_name":"Los pol\u00edticos Veracruz","article_publisher":"https:\/\/www.facebook.com\/people\/Notimemes-de-los-Polticos\/61565672886568\/","article_published_time":"2026-03-12T18:37:33+00:00","article_modified_time":"2026-03-12T18:37:35+00:00","og_image":[{"width":1250,"height":667,"url":"https:\/\/lospoliticosveracruz.com\/wp-content\/uploads\/2025\/04\/Ignacio-Alvarez.jpg","type":"image\/jpeg"}],"author":"Lo viste en Los Pol\u00edticos","twitter_card":"summary_large_image","twitter_creator":"@LosPoliticosVer","twitter_site":"@LosPoliticosVer","twitter_misc":{"Escrito por":"Lo viste en Los Pol\u00edticos","Tiempo de lectura":"2 minutos"},"schema":{"@context":"https:\/\/schema.org","@graph":[{"@type":"Article","@id":"https:\/\/lospoliticosveracruz.com\/?p=165979#article","isPartOf":{"@id":"https:\/\/lospoliticosveracruz.com\/?p=165979"},"author":{"name":"Lo viste en Los Pol\u00edticos","@id":"https:\/\/lospoliticosveracruz.com\/#\/schema\/person\/b8702bb0e538456e6efd07080bf2a4a2"},"headline":"PE\u00d1A NIETO Y LA CONTAMINACI\u00d3N DE PLAYAS","datePublished":"2026-03-12T18:37:33+00:00","dateModified":"2026-03-12T18:37:35+00:00","mainEntityOfPage":{"@id":"https:\/\/lospoliticosveracruz.com\/?p=165979"},"wordCount":429,"publisher":{"@id":"https:\/\/lospoliticosveracruz.com\/#organization"},"image":{"@id":"https:\/\/lospoliticosveracruz.com\/?p=165979#primaryimage"},"thumbnailUrl":"https:\/\/lospoliticosveracruz.com\/wp-content\/uploads\/2025\/04\/Ignacio-Alvarez-e1777052865175.jpg","keywords":["contaminaci\u00f3n playas Pajapan Jicacal","derrame hidrocarburo Veracruz Tabasco","Enrique Pe\u00f1a Nieto buques privados","impacto pescadores fauna marina","Roc\u00edo Nahle investigaci\u00f3n federal"],"articleSection":["De Opini\u00f3n"],"inLanguage":"es"},{"@type":"WebPage","@id":"https:\/\/lospoliticosveracruz.com\/?p=165979","url":"https:\/\/lospoliticosveracruz.com\/?p=165979","name":"PE\u00d1A NIETO Y LA CONTAMINACI\u00d3N DE PLAYAS - Los pol\u00edticos Veracruz","isPartOf":{"@id":"https:\/\/lospoliticosveracruz.com\/#website"},"primaryImageOfPage":{"@id":"https:\/\/lospoliticosveracruz.com\/?p=165979#primaryimage"},"image":{"@id":"https:\/\/lospoliticosveracruz.com\/?p=165979#primaryimage"},"thumbnailUrl":"https:\/\/lospoliticosveracruz.com\/wp-content\/uploads\/2025\/04\/Ignacio-Alvarez-e1777052865175.jpg","datePublished":"2026-03-12T18:37:33+00:00","dateModified":"2026-03-12T18:37:35+00:00","breadcrumb":{"@id":"https:\/\/lospoliticosveracruz.com\/?p=165979#breadcrumb"},"inLanguage":"es","potentialAction":[{"@type":"ReadAction","target":["https:\/\/lospoliticosveracruz.com\/?p=165979"]}]},{"@type":"ImageObject","inLanguage":"es","@id":"https:\/\/lospoliticosveracruz.com\/?p=165979#primaryimage","url":"https:\/\/lospoliticosveracruz.com\/wp-content\/uploads\/2025\/04\/Ignacio-Alvarez-e1777052865175.jpg","contentUrl":"https:\/\/lospoliticosveracruz.com\/wp-content\/uploads\/2025\/04\/Ignacio-Alvarez-e1777052865175.jpg","width":600,"height":320},{"@type":"BreadcrumbList","@id":"https:\/\/lospoliticosveracruz.com\/?p=165979#breadcrumb","itemListElement":[{"@type":"ListItem","position":1,"name":"Portada","item":"https:\/\/lospoliticosveracruz.com\/"},{"@type":"ListItem","position":2,"name":"PE\u00d1A NIETO Y LA CONTAMINACI\u00d3N DE PLAYAS"}]},{"@type":"WebSite","@id":"https:\/\/lospoliticosveracruz.com\/#website","url":"https:\/\/lospoliticosveracruz.com\/","name":"Los pol\u00edticos Veracruz","description":"","publisher":{"@id":"https:\/\/lospoliticosveracruz.com\/#organization"},"potentialAction":[{"@type":"SearchAction","target":{"@type":"EntryPoint","urlTemplate":"https:\/\/lospoliticosveracruz.com\/?s={search_term_string}"},"query-input":{"@type":"PropertyValueSpecification","valueRequired":true,"valueName":"search_term_string"}}],"inLanguage":"es"},{"@type":"Organization","@id":"https:\/\/lospoliticosveracruz.com\/#organization","name":"Los pol\u00edticos Veracruz","url":"https:\/\/lospoliticosveracruz.com\/","logo":{"@type":"ImageObject","inLanguage":"es","@id":"https:\/\/lospoliticosveracruz.com\/#\/schema\/logo\/image\/","url":"https:\/\/lospoliticosveracruz.com\/wp-content\/uploads\/2025\/12\/Logo-Nuevo-LOS-POLITICOS-1.jpg","contentUrl":"https:\/\/lospoliticosveracruz.com\/wp-content\/uploads\/2025\/12\/Logo-Nuevo-LOS-POLITICOS-1.jpg","width":260,"height":70,"caption":"Los pol\u00edticos Veracruz"},"image":{"@id":"https:\/\/lospoliticosveracruz.com\/#\/schema\/logo\/image\/"},"sameAs":["https:\/\/www.facebook.com\/people\/Notimemes-de-los-Polticos\/61565672886568\/","https:\/\/x.com\/LosPoliticosVer"]},{"@type":"Person","@id":"https:\/\/lospoliticosveracruz.com\/#\/schema\/person\/b8702bb0e538456e6efd07080bf2a4a2","name":"Lo viste en Los Pol\u00edticos","image":{"@type":"ImageObject","inLanguage":"es","@id":"https:\/\/secure.gravatar.com\/avatar\/3a8de04a2656d44082be478bd6c086daa447c4651605818287b9532d3d0bd435?s=96&d=mm&r=g","url":"https:\/\/secure.gravatar.com\/avatar\/3a8de04a2656d44082be478bd6c086daa447c4651605818287b9532d3d0bd435?s=96&d=mm&r=g","contentUrl":"https:\/\/secure.gravatar.com\/avatar\/3a8de04a2656d44082be478bd6c086daa447c4651605818287b9532d3d0bd435?s=96&d=mm&r=g","caption":"Lo viste en Los Pol\u00edticos"},"url":"https:\/\/lospoliticosveracruz.com\/?author=2"}]}},"_links":{"self":[{"href":"https:\/\/lospoliticosveracruz.com\/index.php?rest_route=\/wp\/v2\/posts\/165979","targetHints":{"allow":["GET"]}}],"collection":[{"href":"https:\/\/lospoliticosveracruz.com\/index.php?rest_route=\/wp\/v2\/posts"}],"about":[{"href":"https:\/\/lospoliticosveracruz.com\/index.php?rest_route=\/wp\/v2\/types\/post"}],"author":[{"embeddable":true,"href":"https:\/\/lospoliticosveracruz.com\/index.php?rest_route=\/wp\/v2\/users\/2"}],"replies":[{"embeddable":true,"href":"https:\/\/lospoliticosveracruz.com\/index.php?rest_route=%2Fwp%2Fv2%2Fcomments&post=165979"}],"version-history":[{"count":1,"href":"https:\/\/lospoliticosveracruz.com\/index.php?rest_route=\/wp\/v2\/posts\/165979\/revisions"}],"predecessor-version":[{"id":165980,"href":"https:\/\/lospoliticosveracruz.com\/index.php?rest_route=\/wp\/v2\/posts\/165979\/revisions\/165980"}],"wp:featuredmedia":[{"embeddable":true,"href":"https:\/\/lospoliticosveracruz.com\/index.php?rest_route=\/wp\/v2\/media\/141386"}],"wp:attachment":[{"href":"https:\/\/lospoliticosveracruz.com\/index.php?rest_route=%2Fwp%2Fv2%2Fmedia&parent=165979"}],"wp:term":[{"taxonomy":"category","embeddable":true,"href":"https:\/\/lospoliticosveracruz.com\/index.php?rest_route=%2Fwp%2Fv2%2Fcategories&post=165979"},{"taxonomy":"post_tag","embeddable":true,"href":"https:\/\/lospoliticosveracruz.com\/index.php?rest_route=%2Fwp%2Fv2%2Ftags&post=165979"}],"curies":[{"name":"wp","href":"https:\/\/api.w.org\/{rel}","templated":true}]}}