{"id":165981,"date":"2026-03-12T12:44:22","date_gmt":"2026-03-12T18:44:22","guid":{"rendered":"https:\/\/lospoliticosveracruz.com\/?p=165981"},"modified":"2026-03-12T12:44:24","modified_gmt":"2026-03-12T18:44:24","slug":"arranca-morena-con-artimanas-en-tamiahua","status":"publish","type":"post","link":"https:\/\/lospoliticosveracruz.com\/?p=165981","title":{"rendered":"ARRANCA MORENA CON ARTIMA\u00d1AS EN TAMIAHUA!"},"content":{"rendered":"\n<p>Tamiahua: En el arranque de campa\u00f1a rumbo a la elecci\u00f3n extraordinaria por la presidencia municipal de Tamiahua, el dirigente estatal del PRI, Adolfo Ram\u00edrez Arana, asegur\u00f3 que su partido conf\u00eda en el triunfo de su candidato Mart\u00edn Crist\u00f3bal Cruz, a quien calific\u00f3 como un perfil con experiencia y reconocimiento entre la poblaci\u00f3n.<\/p>\n\n\n\n<p>Durante el inicio de actividades proselitistas, Ram\u00edrez Arana afirm\u00f3 que el abanderado priista ha sido bien recibido por la ciudadan\u00eda, lo que \u2014dijo\u2014 refleja el respaldo que tiene en el municipio. Destac\u00f3 que Mart\u00edn Crist\u00f3bal Cruz cuenta con trayectoria en el servicio p\u00fablico, al haber sido diputado y presidente municipal, adem\u00e1s de considerarlo \u201cun hombre honesto y trabajador que sin duda har\u00e1 un buen gobierno para Tamiahua\u201d.<\/p>\n\n\n\n<p>El dirigente priista tambi\u00e9n denunci\u00f3 presuntas irregularidades por parte de Morena durante el primer d\u00eda de campa\u00f1a. Se\u00f1al\u00f3 que al recorrer el municipio se encontraron con un sal\u00f3n donde, seg\u00fan dijo, se realizaba la entrega de apoyos del programa Bienpesca, lo que calific\u00f3 como una posible violaci\u00f3n a la legislaci\u00f3n electoral.<\/p>\n\n\n\n<p>Ram\u00edrez Arana precis\u00f3 que el PRI no est\u00e1 en contra de que los programas sociales lleguen a la poblaci\u00f3n, pero s\u00ed de que se utilicen en un contexto electoral. \u201cNo puede ser que en el primer d\u00eda de campa\u00f1a tengan un sal\u00f3n lleno entregando apoyo del gobierno de Morena\u201d, expres\u00f3.<\/p>\n\n\n\n<p>Ante estos hechos, inform\u00f3 que su partido ya present\u00f3 una queja ante el Organismo P\u00fablico Local Electoral (OPLE) para que se investigue la situaci\u00f3n y se determinen las responsabilidades correspondientes.<\/p>\n\n\n\n<p>Finalmente, sostuvo que el PRI dar\u00e1 seguimiento al proceso para evitar lo que calific\u00f3 como irregularidades y reiter\u00f3 su confianza en que el respaldo ciudadano llevar\u00e1 a Mart\u00edn Crist\u00f3bal Cruz al triunfo en la elecci\u00f3n extraordinaria de Tamiahua.<\/p>\n","protected":false},"excerpt":{"rendered":"<p>Tamiahua: En el arranque de campa\u00f1a rumbo a la elecci\u00f3n extraordinaria por la presidencia municipal de Tamiahua, el dirigente estatal del PRI, Adolfo Ram\u00edrez Arana, asegur\u00f3 que su partido conf\u00eda en el triunfo de su candidato Mart\u00edn Crist\u00f3bal Cruz, a quien calific\u00f3 como un perfil con experiencia y reconocimiento entre la poblaci\u00f3n. Durante el inicio [&hellip;]<\/p>\n","protected":false},"author":2,"featured_media":165982,"comment_status":"closed","ping_status":"closed","sticky":false,"template":"","format":"standard","meta":{"tdm_status":"","tdm_grid_status":"","footnotes":""},"categories":[73],"tags":[56139,48498,57270,57269,57271],"class_list":{"0":"post-165981","1":"post","2":"type-post","3":"status-publish","4":"format-standard","5":"has-post-thumbnail","7":"category-de-boleto","8":"tag-adolfo-ramirez-arana-dirigente-pri-veracruz","9":"tag-eleccion-extraordinaria-tamiahua-2026","10":"tag-martin-cristobal-cruz-candidato-tamiahua","11":"tag-pri-denuncia-morena-bienpesca-campana","12":"tag-queja-ople-presuntas-irregularidades"},"yoast_head":"<!-- This site is optimized with the Yoast SEO plugin v27.4 - https:\/\/yoast.com\/product\/yoast-seo-wordpress\/ -->\n<title>ARRANCA MORENA CON ARTIMA\u00d1AS EN TAMIAHUA! - Los pol\u00edticos Veracruz<\/title>\n<meta name=\"robots\" content=\"index, follow, max-snippet:-1, max-image-preview:large, max-video-preview:-1\" \/>\n<link rel=\"canonical\" href=\"https:\/\/lospoliticosveracruz.com\/?p=165981\" \/>\n<meta property=\"og:locale\" content=\"es_ES\" \/>\n<meta property=\"og:type\" content=\"article\" \/>\n<meta property=\"og:title\" content=\"ARRANCA MORENA CON ARTIMA\u00d1AS EN TAMIAHUA! - Los pol\u00edticos Veracruz\" \/>\n<meta property=\"og:description\" content=\"Tamiahua: En el arranque de campa\u00f1a rumbo a la elecci\u00f3n extraordinaria por la presidencia municipal de Tamiahua, el dirigente estatal del PRI, Adolfo Ram\u00edrez Arana, asegur\u00f3 que su partido conf\u00eda en el triunfo de su candidato Mart\u00edn Crist\u00f3bal Cruz, a quien calific\u00f3 como un perfil con experiencia y reconocimiento entre la poblaci\u00f3n. Durante el inicio [&hellip;]\" \/>\n<meta property=\"og:url\" content=\"https:\/\/lospoliticosveracruz.com\/?p=165981\" \/>\n<meta property=\"og:site_name\" content=\"Los pol\u00edticos Veracruz\" \/>\n<meta property=\"article:publisher\" content=\"https:\/\/www.facebook.com\/people\/Notimemes-de-los-Polticos\/61565672886568\/\" \/>\n<meta property=\"article:published_time\" content=\"2026-03-12T18:44:22+00:00\" \/>\n<meta property=\"article:modified_time\" content=\"2026-03-12T18:44:24+00:00\" \/>\n<meta property=\"og:image\" content=\"https:\/\/lospoliticosveracruz.com\/wp-content\/uploads\/2026\/03\/IMG_2453.jpeg\" \/>\n\t<meta property=\"og:image:width\" content=\"600\" \/>\n\t<meta property=\"og:image:height\" content=\"320\" \/>\n\t<meta property=\"og:image:type\" content=\"image\/jpeg\" \/>\n<meta name=\"author\" content=\"Lo viste en Los Pol\u00edticos\" \/>\n<meta name=\"twitter:card\" content=\"summary_large_image\" \/>\n<meta name=\"twitter:creator\" content=\"@LosPoliticosVer\" \/>\n<meta name=\"twitter:site\" content=\"@LosPoliticosVer\" \/>\n<meta name=\"twitter:label1\" content=\"Escrito por\" \/>\n\t<meta name=\"twitter:data1\" content=\"Lo viste en Los Pol\u00edticos\" \/>\n\t<meta name=\"twitter:label2\" content=\"Tiempo de lectura\" \/>\n\t<meta name=\"twitter:data2\" content=\"2 minutos\" \/>\n<script type=\"application\/ld+json\" class=\"yoast-schema-graph\">{\"@context\":\"https:\\\/\\\/schema.org\",\"@graph\":[{\"@type\":\"Article\",\"@id\":\"https:\\\/\\\/lospoliticosveracruz.com\\\/?p=165981#article\",\"isPartOf\":{\"@id\":\"https:\\\/\\\/lospoliticosveracruz.com\\\/?p=165981\"},\"author\":{\"name\":\"Lo viste en Los Pol\u00edticos\",\"@id\":\"https:\\\/\\\/lospoliticosveracruz.com\\\/#\\\/schema\\\/person\\\/b8702bb0e538456e6efd07080bf2a4a2\"},\"headline\":\"ARRANCA MORENA CON ARTIMA\u00d1AS EN TAMIAHUA!\",\"datePublished\":\"2026-03-12T18:44:22+00:00\",\"dateModified\":\"2026-03-12T18:44:24+00:00\",\"mainEntityOfPage\":{\"@id\":\"https:\\\/\\\/lospoliticosveracruz.com\\\/?p=165981\"},\"wordCount\":326,\"publisher\":{\"@id\":\"https:\\\/\\\/lospoliticosveracruz.com\\\/#organization\"},\"image\":{\"@id\":\"https:\\\/\\\/lospoliticosveracruz.com\\\/?p=165981#primaryimage\"},\"thumbnailUrl\":\"https:\\\/\\\/lospoliticosveracruz.com\\\/wp-content\\\/uploads\\\/2026\\\/03\\\/IMG_2453.jpeg\",\"keywords\":[\"Adolfo Ram\u00edrez Arana dirigente PRI Veracruz\",\"Elecci\u00f3n extraordinaria Tamiahua 2026\",\"Mart\u00edn Crist\u00f3bal Cruz candidato Tamiahua\",\"PRI denuncia Morena Bienpesca campa\u00f1a\",\"queja OPLE presuntas irregularidades\"],\"articleSection\":[\"De Boleto\"],\"inLanguage\":\"es\"},{\"@type\":\"WebPage\",\"@id\":\"https:\\\/\\\/lospoliticosveracruz.com\\\/?p=165981\",\"url\":\"https:\\\/\\\/lospoliticosveracruz.com\\\/?p=165981\",\"name\":\"ARRANCA MORENA CON ARTIMA\u00d1AS EN TAMIAHUA! - Los pol\u00edticos Veracruz\",\"isPartOf\":{\"@id\":\"https:\\\/\\\/lospoliticosveracruz.com\\\/#website\"},\"primaryImageOfPage\":{\"@id\":\"https:\\\/\\\/lospoliticosveracruz.com\\\/?p=165981#primaryimage\"},\"image\":{\"@id\":\"https:\\\/\\\/lospoliticosveracruz.com\\\/?p=165981#primaryimage\"},\"thumbnailUrl\":\"https:\\\/\\\/lospoliticosveracruz.com\\\/wp-content\\\/uploads\\\/2026\\\/03\\\/IMG_2453.jpeg\",\"datePublished\":\"2026-03-12T18:44:22+00:00\",\"dateModified\":\"2026-03-12T18:44:24+00:00\",\"breadcrumb\":{\"@id\":\"https:\\\/\\\/lospoliticosveracruz.com\\\/?p=165981#breadcrumb\"},\"inLanguage\":\"es\",\"potentialAction\":[{\"@type\":\"ReadAction\",\"target\":[\"https:\\\/\\\/lospoliticosveracruz.com\\\/?p=165981\"]}]},{\"@type\":\"ImageObject\",\"inLanguage\":\"es\",\"@id\":\"https:\\\/\\\/lospoliticosveracruz.com\\\/?p=165981#primaryimage\",\"url\":\"https:\\\/\\\/lospoliticosveracruz.com\\\/wp-content\\\/uploads\\\/2026\\\/03\\\/IMG_2453.jpeg\",\"contentUrl\":\"https:\\\/\\\/lospoliticosveracruz.com\\\/wp-content\\\/uploads\\\/2026\\\/03\\\/IMG_2453.jpeg\",\"width\":600,\"height\":320},{\"@type\":\"BreadcrumbList\",\"@id\":\"https:\\\/\\\/lospoliticosveracruz.com\\\/?p=165981#breadcrumb\",\"itemListElement\":[{\"@type\":\"ListItem\",\"position\":1,\"name\":\"Portada\",\"item\":\"https:\\\/\\\/lospoliticosveracruz.com\\\/\"},{\"@type\":\"ListItem\",\"position\":2,\"name\":\"ARRANCA MORENA CON ARTIMA\u00d1AS EN TAMIAHUA!\"}]},{\"@type\":\"WebSite\",\"@id\":\"https:\\\/\\\/lospoliticosveracruz.com\\\/#website\",\"url\":\"https:\\\/\\\/lospoliticosveracruz.com\\\/\",\"name\":\"Los pol\u00edticos Veracruz\",\"description\":\"\",\"publisher\":{\"@id\":\"https:\\\/\\\/lospoliticosveracruz.com\\\/#organization\"},\"potentialAction\":[{\"@type\":\"SearchAction\",\"target\":{\"@type\":\"EntryPoint\",\"urlTemplate\":\"https:\\\/\\\/lospoliticosveracruz.com\\\/?s={search_term_string}\"},\"query-input\":{\"@type\":\"PropertyValueSpecification\",\"valueRequired\":true,\"valueName\":\"search_term_string\"}}],\"inLanguage\":\"es\"},{\"@type\":\"Organization\",\"@id\":\"https:\\\/\\\/lospoliticosveracruz.com\\\/#organization\",\"name\":\"Los pol\u00edticos Veracruz\",\"url\":\"https:\\\/\\\/lospoliticosveracruz.com\\\/\",\"logo\":{\"@type\":\"ImageObject\",\"inLanguage\":\"es\",\"@id\":\"https:\\\/\\\/lospoliticosveracruz.com\\\/#\\\/schema\\\/logo\\\/image\\\/\",\"url\":\"https:\\\/\\\/lospoliticosveracruz.com\\\/wp-content\\\/uploads\\\/2025\\\/12\\\/Logo-Nuevo-LOS-POLITICOS-1.jpg\",\"contentUrl\":\"https:\\\/\\\/lospoliticosveracruz.com\\\/wp-content\\\/uploads\\\/2025\\\/12\\\/Logo-Nuevo-LOS-POLITICOS-1.jpg\",\"width\":260,\"height\":70,\"caption\":\"Los pol\u00edticos Veracruz\"},\"image\":{\"@id\":\"https:\\\/\\\/lospoliticosveracruz.com\\\/#\\\/schema\\\/logo\\\/image\\\/\"},\"sameAs\":[\"https:\\\/\\\/www.facebook.com\\\/people\\\/Notimemes-de-los-Polticos\\\/61565672886568\\\/\",\"https:\\\/\\\/x.com\\\/LosPoliticosVer\"]},{\"@type\":\"Person\",\"@id\":\"https:\\\/\\\/lospoliticosveracruz.com\\\/#\\\/schema\\\/person\\\/b8702bb0e538456e6efd07080bf2a4a2\",\"name\":\"Lo viste en Los Pol\u00edticos\",\"image\":{\"@type\":\"ImageObject\",\"inLanguage\":\"es\",\"@id\":\"https:\\\/\\\/secure.gravatar.com\\\/avatar\\\/3a8de04a2656d44082be478bd6c086daa447c4651605818287b9532d3d0bd435?s=96&d=mm&r=g\",\"url\":\"https:\\\/\\\/secure.gravatar.com\\\/avatar\\\/3a8de04a2656d44082be478bd6c086daa447c4651605818287b9532d3d0bd435?s=96&d=mm&r=g\",\"contentUrl\":\"https:\\\/\\\/secure.gravatar.com\\\/avatar\\\/3a8de04a2656d44082be478bd6c086daa447c4651605818287b9532d3d0bd435?s=96&d=mm&r=g\",\"caption\":\"Lo viste en Los Pol\u00edticos\"},\"url\":\"https:\\\/\\\/lospoliticosveracruz.com\\\/?author=2\"}]}<\/script>\n<!-- \/ Yoast SEO plugin. -->","yoast_head_json":{"title":"ARRANCA MORENA CON ARTIMA\u00d1AS EN TAMIAHUA! - Los pol\u00edticos Veracruz","robots":{"index":"index","follow":"follow","max-snippet":"max-snippet:-1","max-image-preview":"max-image-preview:large","max-video-preview":"max-video-preview:-1"},"canonical":"https:\/\/lospoliticosveracruz.com\/?p=165981","og_locale":"es_ES","og_type":"article","og_title":"ARRANCA MORENA CON ARTIMA\u00d1AS EN TAMIAHUA! - Los pol\u00edticos Veracruz","og_description":"Tamiahua: En el arranque de campa\u00f1a rumbo a la elecci\u00f3n extraordinaria por la presidencia municipal de Tamiahua, el dirigente estatal del PRI, Adolfo Ram\u00edrez Arana, asegur\u00f3 que su partido conf\u00eda en el triunfo de su candidato Mart\u00edn Crist\u00f3bal Cruz, a quien calific\u00f3 como un perfil con experiencia y reconocimiento entre la poblaci\u00f3n. Durante el inicio [&hellip;]","og_url":"https:\/\/lospoliticosveracruz.com\/?p=165981","og_site_name":"Los pol\u00edticos Veracruz","article_publisher":"https:\/\/www.facebook.com\/people\/Notimemes-de-los-Polticos\/61565672886568\/","article_published_time":"2026-03-12T18:44:22+00:00","article_modified_time":"2026-03-12T18:44:24+00:00","og_image":[{"width":600,"height":320,"url":"https:\/\/lospoliticosveracruz.com\/wp-content\/uploads\/2026\/03\/IMG_2453.jpeg","type":"image\/jpeg"}],"author":"Lo viste en Los Pol\u00edticos","twitter_card":"summary_large_image","twitter_creator":"@LosPoliticosVer","twitter_site":"@LosPoliticosVer","twitter_misc":{"Escrito por":"Lo viste en Los Pol\u00edticos","Tiempo de lectura":"2 minutos"},"schema":{"@context":"https:\/\/schema.org","@graph":[{"@type":"Article","@id":"https:\/\/lospoliticosveracruz.com\/?p=165981#article","isPartOf":{"@id":"https:\/\/lospoliticosveracruz.com\/?p=165981"},"author":{"name":"Lo viste en Los Pol\u00edticos","@id":"https:\/\/lospoliticosveracruz.com\/#\/schema\/person\/b8702bb0e538456e6efd07080bf2a4a2"},"headline":"ARRANCA MORENA CON ARTIMA\u00d1AS EN TAMIAHUA!","datePublished":"2026-03-12T18:44:22+00:00","dateModified":"2026-03-12T18:44:24+00:00","mainEntityOfPage":{"@id":"https:\/\/lospoliticosveracruz.com\/?p=165981"},"wordCount":326,"publisher":{"@id":"https:\/\/lospoliticosveracruz.com\/#organization"},"image":{"@id":"https:\/\/lospoliticosveracruz.com\/?p=165981#primaryimage"},"thumbnailUrl":"https:\/\/lospoliticosveracruz.com\/wp-content\/uploads\/2026\/03\/IMG_2453.jpeg","keywords":["Adolfo Ram\u00edrez Arana dirigente PRI Veracruz","Elecci\u00f3n extraordinaria Tamiahua 2026","Mart\u00edn Crist\u00f3bal Cruz candidato Tamiahua","PRI denuncia Morena Bienpesca campa\u00f1a","queja OPLE presuntas irregularidades"],"articleSection":["De Boleto"],"inLanguage":"es"},{"@type":"WebPage","@id":"https:\/\/lospoliticosveracruz.com\/?p=165981","url":"https:\/\/lospoliticosveracruz.com\/?p=165981","name":"ARRANCA MORENA CON ARTIMA\u00d1AS EN TAMIAHUA! - Los pol\u00edticos Veracruz","isPartOf":{"@id":"https:\/\/lospoliticosveracruz.com\/#website"},"primaryImageOfPage":{"@id":"https:\/\/lospoliticosveracruz.com\/?p=165981#primaryimage"},"image":{"@id":"https:\/\/lospoliticosveracruz.com\/?p=165981#primaryimage"},"thumbnailUrl":"https:\/\/lospoliticosveracruz.com\/wp-content\/uploads\/2026\/03\/IMG_2453.jpeg","datePublished":"2026-03-12T18:44:22+00:00","dateModified":"2026-03-12T18:44:24+00:00","breadcrumb":{"@id":"https:\/\/lospoliticosveracruz.com\/?p=165981#breadcrumb"},"inLanguage":"es","potentialAction":[{"@type":"ReadAction","target":["https:\/\/lospoliticosveracruz.com\/?p=165981"]}]},{"@type":"ImageObject","inLanguage":"es","@id":"https:\/\/lospoliticosveracruz.com\/?p=165981#primaryimage","url":"https:\/\/lospoliticosveracruz.com\/wp-content\/uploads\/2026\/03\/IMG_2453.jpeg","contentUrl":"https:\/\/lospoliticosveracruz.com\/wp-content\/uploads\/2026\/03\/IMG_2453.jpeg","width":600,"height":320},{"@type":"BreadcrumbList","@id":"https:\/\/lospoliticosveracruz.com\/?p=165981#breadcrumb","itemListElement":[{"@type":"ListItem","position":1,"name":"Portada","item":"https:\/\/lospoliticosveracruz.com\/"},{"@type":"ListItem","position":2,"name":"ARRANCA MORENA CON ARTIMA\u00d1AS EN TAMIAHUA!"}]},{"@type":"WebSite","@id":"https:\/\/lospoliticosveracruz.com\/#website","url":"https:\/\/lospoliticosveracruz.com\/","name":"Los pol\u00edticos Veracruz","description":"","publisher":{"@id":"https:\/\/lospoliticosveracruz.com\/#organization"},"potentialAction":[{"@type":"SearchAction","target":{"@type":"EntryPoint","urlTemplate":"https:\/\/lospoliticosveracruz.com\/?s={search_term_string}"},"query-input":{"@type":"PropertyValueSpecification","valueRequired":true,"valueName":"search_term_string"}}],"inLanguage":"es"},{"@type":"Organization","@id":"https:\/\/lospoliticosveracruz.com\/#organization","name":"Los pol\u00edticos Veracruz","url":"https:\/\/lospoliticosveracruz.com\/","logo":{"@type":"ImageObject","inLanguage":"es","@id":"https:\/\/lospoliticosveracruz.com\/#\/schema\/logo\/image\/","url":"https:\/\/lospoliticosveracruz.com\/wp-content\/uploads\/2025\/12\/Logo-Nuevo-LOS-POLITICOS-1.jpg","contentUrl":"https:\/\/lospoliticosveracruz.com\/wp-content\/uploads\/2025\/12\/Logo-Nuevo-LOS-POLITICOS-1.jpg","width":260,"height":70,"caption":"Los pol\u00edticos Veracruz"},"image":{"@id":"https:\/\/lospoliticosveracruz.com\/#\/schema\/logo\/image\/"},"sameAs":["https:\/\/www.facebook.com\/people\/Notimemes-de-los-Polticos\/61565672886568\/","https:\/\/x.com\/LosPoliticosVer"]},{"@type":"Person","@id":"https:\/\/lospoliticosveracruz.com\/#\/schema\/person\/b8702bb0e538456e6efd07080bf2a4a2","name":"Lo viste en Los Pol\u00edticos","image":{"@type":"ImageObject","inLanguage":"es","@id":"https:\/\/secure.gravatar.com\/avatar\/3a8de04a2656d44082be478bd6c086daa447c4651605818287b9532d3d0bd435?s=96&d=mm&r=g","url":"https:\/\/secure.gravatar.com\/avatar\/3a8de04a2656d44082be478bd6c086daa447c4651605818287b9532d3d0bd435?s=96&d=mm&r=g","contentUrl":"https:\/\/secure.gravatar.com\/avatar\/3a8de04a2656d44082be478bd6c086daa447c4651605818287b9532d3d0bd435?s=96&d=mm&r=g","caption":"Lo viste en Los Pol\u00edticos"},"url":"https:\/\/lospoliticosveracruz.com\/?author=2"}]}},"_links":{"self":[{"href":"https:\/\/lospoliticosveracruz.com\/index.php?rest_route=\/wp\/v2\/posts\/165981","targetHints":{"allow":["GET"]}}],"collection":[{"href":"https:\/\/lospoliticosveracruz.com\/index.php?rest_route=\/wp\/v2\/posts"}],"about":[{"href":"https:\/\/lospoliticosveracruz.com\/index.php?rest_route=\/wp\/v2\/types\/post"}],"author":[{"embeddable":true,"href":"https:\/\/lospoliticosveracruz.com\/index.php?rest_route=\/wp\/v2\/users\/2"}],"replies":[{"embeddable":true,"href":"https:\/\/lospoliticosveracruz.com\/index.php?rest_route=%2Fwp%2Fv2%2Fcomments&post=165981"}],"version-history":[{"count":1,"href":"https:\/\/lospoliticosveracruz.com\/index.php?rest_route=\/wp\/v2\/posts\/165981\/revisions"}],"predecessor-version":[{"id":165983,"href":"https:\/\/lospoliticosveracruz.com\/index.php?rest_route=\/wp\/v2\/posts\/165981\/revisions\/165983"}],"wp:featuredmedia":[{"embeddable":true,"href":"https:\/\/lospoliticosveracruz.com\/index.php?rest_route=\/wp\/v2\/media\/165982"}],"wp:attachment":[{"href":"https:\/\/lospoliticosveracruz.com\/index.php?rest_route=%2Fwp%2Fv2%2Fmedia&parent=165981"}],"wp:term":[{"taxonomy":"category","embeddable":true,"href":"https:\/\/lospoliticosveracruz.com\/index.php?rest_route=%2Fwp%2Fv2%2Fcategories&post=165981"},{"taxonomy":"post_tag","embeddable":true,"href":"https:\/\/lospoliticosveracruz.com\/index.php?rest_route=%2Fwp%2Fv2%2Ftags&post=165981"}],"curies":[{"name":"wp","href":"https:\/\/api.w.org\/{rel}","templated":true}]}}