{"id":165987,"date":"2026-03-12T21:30:00","date_gmt":"2026-03-13T03:30:00","guid":{"rendered":"https:\/\/lospoliticosveracruz.com\/?p=165987"},"modified":"2026-03-12T14:21:51","modified_gmt":"2026-03-12T20:21:51","slug":"naveda-y-sus-polemicas","status":"publish","type":"post","link":"https:\/\/lospoliticosveracruz.com\/?p=165987","title":{"rendered":"NAVEDA Y SUS POL\u00c9MICAS"},"content":{"rendered":"\n<p>S\u00edguenos ahora tambi\u00e9n en WhatsApp.\u00a0\u00a1<a href=\"https:\/\/whatsapp.com\/channel\/0029Va8zRWlEKyZIP3Z1dF0e\"><strong>Da clic aqu\u00ed<\/strong><\/a><strong>!<\/strong><\/p>\n\n\n\n<p><strong>Salvador Mu\u00f1oz<\/strong><br><em>Los Pol\u00edticos<\/em><\/p>\n\n\n\n<p>Hay decisiones que en pol\u00edtica no s\u00f3lo pesan\u2026 marcan destino. Y la que tom\u00f3 el <strong>diputado federal por Coatepec<\/strong>, <strong>Adri\u00e1n Gonz\u00e1lez Naveda<\/strong>, al votar en contra de la reforma electoral impulsada por la <strong>presidenta Claudia Sheinbaum<\/strong>, no pas\u00f3 desapercibida en <strong>Morena<\/strong>. Al contrario.<\/p>\n\n\n\n<p>En los corrillos del <strong>Movimiento<\/strong> ya se habla de una palabra que en pol\u00edtica suele ser peor que una derrota: veto. Porque una cosa es disentir\u2026 y otra muy distinta es cruzar ciertas l\u00edneas cuando el Poder se ejerce desde <strong>Palacio Nacional<\/strong>.<\/p>\n\n\n\n<p><strong>Naveda<\/strong> decidi\u00f3 hacerlo. Y no fue un voto cualquiera. Fue un voto en contra de la reforma de la <strong>Presidenta<\/strong>.<\/p>\n\n\n\n<p>En <strong>Morena<\/strong> saben que hay debates\u2026 pero tambi\u00e9n saben que hay decisiones que no se discuten cuando se habla del proyecto pol\u00edtico que encabeza <strong>Sheinbaum<\/strong>. Por eso, m\u00e1s de uno dentro del movimiento levant\u00f3 la ceja. Especialmente quienes conocen c\u00f3mo se mueve el poder en <strong>Morena<\/strong> y entienden que el problema no se limita a los jaloneos locales ni a las tensiones con la <strong>gobernadora Roc\u00edo Nahle<\/strong>. Ese tipo de decisiones \u2013dicen\u2013 se analizan en otra mesa. Una mesa mucho m\u00e1s arriba.<\/p>\n\n\n\n<p>Para quienes han seguido la carrera pol\u00edtica de <strong>Gonz\u00e1lez Naveda<\/strong>, el episodio tampoco resulta sorpresivo. Su llegada a la pol\u00edtica veracruzana fue, digamos, sorpresiva.<\/p>\n\n\n\n<p>Pero cuando lleg\u00f3 a <strong>Veracruz<\/strong>, nadie sab\u00eda realmente qui\u00e9n era. Lo \u00fanico que se comentaba era que ven\u00eda de trabajar con el entonces <strong>senador plurinominal del PT por Oaxaca<\/strong>, <strong>Benjam\u00edn Robles<\/strong>, hoy tambi\u00e9n <strong>diputado federal<\/strong> y compa\u00f1ero de curul de <strong>Naveda<\/strong>.<\/p>\n\n\n\n<p>Antes de aterrizar en <strong>San L\u00e1zaro<\/strong>, fue <strong>director regional de Programas para el Bienestar en Coatepec<\/strong>, al lado de <strong>Manuel Huerta Ladr\u00f3n de Guevara<\/strong>, posici\u00f3n desde la cual construy\u00f3 la plataforma que lo llev\u00f3 a convertirse en <strong>candidato a diputado federal<\/strong> por la <strong>coalici\u00f3n Morena-PT<\/strong>.<\/p>\n\n\n\n<p><strong>Naveda<\/strong> lleg\u00f3 vendiendo un mensaje: tra\u00eda la bendici\u00f3n\u2026 y era \u201cel bueno\u201d para la <strong>diputaci\u00f3n local del distrito 12<\/strong>. Y en pol\u00edtica, cuando alguien llega diciendo que trae bendici\u00f3n\u2026 siempre hay quien se arrodilla.<\/p>\n\n\n\n<p>As\u00ed fue como consigui\u00f3 el respaldo del grupo de <strong>Nacho Luna<\/strong>, de <strong>Casa Morena<\/strong>, hoy <strong>presidente municipal de Coatepec<\/strong>, en una jugada interna contra <strong>Raymundo Andrade<\/strong>, quien al final terminar\u00eda siendo <strong>candidato a diputado local<\/strong>\u2026 y ganando la elecci\u00f3n.<\/p>\n\n\n\n<p>La alianza entre <strong>Naveda<\/strong> y <strong>Nacho Luna<\/strong> dur\u00f3 lo que duran muchas alianzas en pol\u00edtica:<br>hasta que llegaron las ambiciones personales.<\/p>\n\n\n\n<p>Pero m\u00e1s all\u00e1 de sus maniobras pol\u00edticas, el paso de <strong>Naveda<\/strong> por la <strong>delegaci\u00f3n regional de Bienestar<\/strong> dej\u00f3 una estela de se\u00f1alamientos.<\/p>\n\n\n\n<p>Trabajadores hablaron de aviadores, presuntas obras fantasma, presi\u00f3n a <strong>servidores de la naci\u00f3n<\/strong> y amenazas a quienes se negaban a seguir instrucciones.<\/p>\n\n\n\n<p>Entre las pr\u00e1cticas m\u00e1s comentadas dentro de la propia estructura se mencionaba la llamada \u201crasurada\u201d de sueldos a <strong>servidores de la naci\u00f3n<\/strong>.<\/p>\n\n\n\n<p>De acuerdo con testimonios internos, estas operaciones se realizaban con el apoyo de su asistente <strong>Arturo Robles Dom\u00ednguez<\/strong>, quien \u2014seg\u00fan trabajadores\u2014 llamaba, presionaba y amenazaba al personal para facilitar la entrada de empresas cercanas al legislador en proyectos de construcci\u00f3n de escuelas y cl\u00ednicas.<\/p>\n\n\n\n<p>En ese esquema tambi\u00e9n aparecen nombres de arquitectos y constructoras de confianza, operados a trav\u00e9s de profesionistas de la regi\u00f3n.<\/p>\n\n\n\n<p>Entre ellos, <strong>Pastor Castel\u00e1n<\/strong> y <strong>Ren\u00e9 Rodr\u00edguez Mart\u00ednez<\/strong>, se\u00f1alados como responsables de obras levantadas bajo el programa <strong>La Escuela es Nuestra<\/strong>.<\/p>\n\n\n\n<p>Padres de familia aseguran que algunas de esas construcciones ya presentan deterioro pese al poco tiempo de haberse terminado.<\/p>\n\n\n\n<p>Por ello, varios comit\u00e9s escolares analizan integrar un expediente con evidencias para presentar denuncias ante la <strong>Fiscal\u00eda General del Estado<\/strong> y la <strong>Fiscal\u00eda General de la Rep\u00fablica<\/strong>.<\/p>\n\n\n\n<p>Las pol\u00e9micas tampoco han sido exclusivamente administrativas.<\/p>\n\n\n\n<p>En mayo de 2025, el equipo jur\u00eddico del priista <strong>Vinicio Ascencio Fern\u00e1ndez<\/strong> present\u00f3 una denuncia por da\u00f1o moral contra <strong>Naveda<\/strong>.<\/p>\n\n\n\n<p>Y si faltaba algo para confirmar el tama\u00f1o de la inconformidad que genera su figura, basta recordar lo ocurrido recientemente dentro del <strong>Partido del Trabajo (PT)<\/strong>.<\/p>\n\n\n\n<p>Durante la sesi\u00f3n del <strong>Consejo Estatal del PT<\/strong>, militantes reventaron el encuentro para protestar contra lo que consideraron una imposici\u00f3n en <strong>Elizabeth Morales Garc\u00eda<\/strong> y el propio <strong>Adri\u00e1n Gonz\u00e1lez Naveda<\/strong> en la llamada \u201cplanilla de unidad\u201d que pretende renovar la dirigencia del partido. Los gritos quedaron registrados en video: \u201c\u00a1Fuera Naveda!\u201d. La molestia era evidente. Un militante lo resumi\u00f3 con una pregunta que reson\u00f3 en el sal\u00f3n:<\/p>\n\n\n\n<p>\u201c\u00bfC\u00f3mo es posible que nos quieran imponer como dirigente estatal del <strong>PT<\/strong> a un <strong>diputado federal<\/strong> de apellido <strong>Naveda<\/strong>, a quien la propia militancia ni siquiera conoce?\u201d<\/p>\n\n\n\n<p>Pero quienes s\u00ed conocen la forma de operar del <strong>senador Manuel Huerta<\/strong> saben que su estilo pol\u00edtico no siempre pasa por las bases\u2026 sino por las c\u00fapulas. Y ah\u00ed es donde <strong>Naveda<\/strong> encuentra refugio.<\/p>\n\n\n\n<p>No es secreto que el diputado es considerado un operador cercano al grupo de <strong>Huerta<\/strong>. Y mientras todo eso ocurre, <strong>Naveda<\/strong> decide votar contra la reforma electoral de la <strong>Presidenta<\/strong>. Un movimiento que en <strong>Morena<\/strong> ya se interpreta de una sola forma: traici\u00f3n pol\u00edtica.<\/p>\n\n\n\n<p>Porque el diputado lleg\u00f3 al <strong>Congreso<\/strong> gracias a los votos de <strong>Morena<\/strong>, pero ahora, desde la bancada del <strong>PT<\/strong>, vota contra el proyecto de la mandataria. Una jugada que algunos dentro del movimiento consideran simple ambici\u00f3n pol\u00edtica\u2026 y otros interpretan como algo peor: deslealtad. Porque una cosa es criticar\u2026 otra cosa es disentir\u2026 y otra muy distinta es morder la mano que te llev\u00f3 a <strong>San L\u00e1zaro<\/strong>.<\/p>\n\n\n\n<p>As\u00ed que mientras <strong>Naveda<\/strong> intenta abrirse paso entre las estructuras del <strong>PT<\/strong> bajo las protecciones de su padrino pol\u00edtico, en <strong>Morena<\/strong> ya tomaron nota.<\/p>\n\n\n\n<p>Y cuando el poder toma nota, los expedientes empiezan a abrirse. Porque en pol\u00edtica hay traiciones que se olvidan. Y hay otras que se cobran.<\/p>\n","protected":false},"excerpt":{"rendered":"<p>Salvador Mu\u00f1ozLos Pol\u00edticos Hay decisiones que en pol\u00edtica no s\u00f3lo pesan\u2026 marcan destino. Y la que tom\u00f3 el diputado federal por Coatepec, Adri\u00e1n Gonz\u00e1lez Naveda, al votar en contra de la reforma electoral impulsada por la presidenta Claudia Sheinbaum, no pas\u00f3 desapercibida en Morena. Al contrario. En los corrillos del Movimiento ya se habla de [&hellip;]<\/p>\n","protected":false},"author":2,"featured_media":141805,"comment_status":"closed","ping_status":"closed","sticky":false,"template":"","format":"standard","meta":{"tdm_status":"","tdm_grid_status":"","footnotes":""},"categories":[70],"tags":[57273,57272,57274,57276,57275,57277],"class_list":{"0":"post-165987","1":"post","2":"type-post","3":"status-publish","4":"format-standard","5":"has-post-thumbnail","7":"category-de-opinion","8":"tag-adrian-gonzalez-naveda-diputado-federal-coatepec","9":"tag-manuel-huerta-ladron-de-guevara-operador-politico","10":"tag-morena-reforma-electoral-claudia-sheinbaum","11":"tag-politica-veracruz-morena-pt","12":"tag-pt-veracruz-adrian-gonzalez-naveda-polemica","13":"tag-salvador-munoz-los-politicos-analisis"},"yoast_head":"<!-- This site is optimized with the Yoast SEO plugin v27.4 - https:\/\/yoast.com\/product\/yoast-seo-wordpress\/ -->\n<title>NAVEDA Y SUS POL\u00c9MICAS - Los pol\u00edticos Veracruz<\/title>\n<meta name=\"robots\" content=\"index, follow, max-snippet:-1, max-image-preview:large, max-video-preview:-1\" \/>\n<link rel=\"canonical\" href=\"https:\/\/lospoliticosveracruz.com\/?p=165987\" \/>\n<meta property=\"og:locale\" content=\"es_ES\" \/>\n<meta property=\"og:type\" content=\"article\" \/>\n<meta property=\"og:title\" content=\"NAVEDA Y SUS POL\u00c9MICAS - Los pol\u00edticos Veracruz\" \/>\n<meta property=\"og:description\" content=\"Salvador Mu\u00f1ozLos Pol\u00edticos Hay decisiones que en pol\u00edtica no s\u00f3lo pesan\u2026 marcan destino. Y la que tom\u00f3 el diputado federal por Coatepec, Adri\u00e1n Gonz\u00e1lez Naveda, al votar en contra de la reforma electoral impulsada por la presidenta Claudia Sheinbaum, no pas\u00f3 desapercibida en Morena. Al contrario. En los corrillos del Movimiento ya se habla de [&hellip;]\" \/>\n<meta property=\"og:url\" content=\"https:\/\/lospoliticosveracruz.com\/?p=165987\" \/>\n<meta property=\"og:site_name\" content=\"Los pol\u00edticos Veracruz\" \/>\n<meta property=\"article:publisher\" content=\"https:\/\/www.facebook.com\/people\/Notimemes-de-los-Polticos\/61565672886568\/\" \/>\n<meta property=\"article:published_time\" content=\"2026-03-13T03:30:00+00:00\" \/>\n<meta property=\"og:image\" content=\"https:\/\/lospoliticosveracruz.com\/wp-content\/uploads\/2025\/04\/Chava-Munoz-1.jpg\" \/>\n\t<meta property=\"og:image:width\" content=\"1250\" \/>\n\t<meta property=\"og:image:height\" content=\"667\" \/>\n\t<meta property=\"og:image:type\" content=\"image\/jpeg\" \/>\n<meta name=\"author\" content=\"Lo viste en Los Pol\u00edticos\" \/>\n<meta name=\"twitter:card\" content=\"summary_large_image\" \/>\n<meta name=\"twitter:creator\" content=\"@LosPoliticosVer\" \/>\n<meta name=\"twitter:site\" content=\"@LosPoliticosVer\" \/>\n<meta name=\"twitter:label1\" content=\"Escrito por\" \/>\n\t<meta name=\"twitter:data1\" content=\"Lo viste en Los Pol\u00edticos\" \/>\n\t<meta name=\"twitter:label2\" content=\"Tiempo de lectura\" \/>\n\t<meta name=\"twitter:data2\" content=\"5 minutos\" \/>\n<script type=\"application\/ld+json\" class=\"yoast-schema-graph\">{\"@context\":\"https:\\\/\\\/schema.org\",\"@graph\":[{\"@type\":\"Article\",\"@id\":\"https:\\\/\\\/lospoliticosveracruz.com\\\/?p=165987#article\",\"isPartOf\":{\"@id\":\"https:\\\/\\\/lospoliticosveracruz.com\\\/?p=165987\"},\"author\":{\"name\":\"Lo viste en Los Pol\u00edticos\",\"@id\":\"https:\\\/\\\/lospoliticosveracruz.com\\\/#\\\/schema\\\/person\\\/b8702bb0e538456e6efd07080bf2a4a2\"},\"headline\":\"NAVEDA Y SUS POL\u00c9MICAS\",\"datePublished\":\"2026-03-13T03:30:00+00:00\",\"mainEntityOfPage\":{\"@id\":\"https:\\\/\\\/lospoliticosveracruz.com\\\/?p=165987\"},\"wordCount\":1016,\"publisher\":{\"@id\":\"https:\\\/\\\/lospoliticosveracruz.com\\\/#organization\"},\"image\":{\"@id\":\"https:\\\/\\\/lospoliticosveracruz.com\\\/?p=165987#primaryimage\"},\"thumbnailUrl\":\"https:\\\/\\\/lospoliticosveracruz.com\\\/wp-content\\\/uploads\\\/2025\\\/04\\\/Chava-Munoz-1.jpg\",\"keywords\":[\"Adri\u00e1n Gonz\u00e1lez Naveda diputado federal Coatepec\",\"Manuel Huerta Ladr\u00f3n de Guevara operador pol\u00edtico\",\"Morena reforma electoral Claudia Sheinbaum\",\"pol\u00edtica Veracruz Morena PT\",\"PT Veracruz Adri\u00e1n Gonz\u00e1lez Naveda pol\u00e9mica\",\"Salvador Mu\u00f1oz Los Pol\u00edticos an\u00e1lisis\"],\"articleSection\":[\"De Opini\u00f3n\"],\"inLanguage\":\"es\"},{\"@type\":\"WebPage\",\"@id\":\"https:\\\/\\\/lospoliticosveracruz.com\\\/?p=165987\",\"url\":\"https:\\\/\\\/lospoliticosveracruz.com\\\/?p=165987\",\"name\":\"NAVEDA Y SUS POL\u00c9MICAS - Los pol\u00edticos Veracruz\",\"isPartOf\":{\"@id\":\"https:\\\/\\\/lospoliticosveracruz.com\\\/#website\"},\"primaryImageOfPage\":{\"@id\":\"https:\\\/\\\/lospoliticosveracruz.com\\\/?p=165987#primaryimage\"},\"image\":{\"@id\":\"https:\\\/\\\/lospoliticosveracruz.com\\\/?p=165987#primaryimage\"},\"thumbnailUrl\":\"https:\\\/\\\/lospoliticosveracruz.com\\\/wp-content\\\/uploads\\\/2025\\\/04\\\/Chava-Munoz-1.jpg\",\"datePublished\":\"2026-03-13T03:30:00+00:00\",\"breadcrumb\":{\"@id\":\"https:\\\/\\\/lospoliticosveracruz.com\\\/?p=165987#breadcrumb\"},\"inLanguage\":\"es\",\"potentialAction\":[{\"@type\":\"ReadAction\",\"target\":[\"https:\\\/\\\/lospoliticosveracruz.com\\\/?p=165987\"]}]},{\"@type\":\"ImageObject\",\"inLanguage\":\"es\",\"@id\":\"https:\\\/\\\/lospoliticosveracruz.com\\\/?p=165987#primaryimage\",\"url\":\"https:\\\/\\\/lospoliticosveracruz.com\\\/wp-content\\\/uploads\\\/2025\\\/04\\\/Chava-Munoz-1.jpg\",\"contentUrl\":\"https:\\\/\\\/lospoliticosveracruz.com\\\/wp-content\\\/uploads\\\/2025\\\/04\\\/Chava-Munoz-1.jpg\",\"width\":1250,\"height\":667},{\"@type\":\"BreadcrumbList\",\"@id\":\"https:\\\/\\\/lospoliticosveracruz.com\\\/?p=165987#breadcrumb\",\"itemListElement\":[{\"@type\":\"ListItem\",\"position\":1,\"name\":\"Portada\",\"item\":\"https:\\\/\\\/lospoliticosveracruz.com\\\/\"},{\"@type\":\"ListItem\",\"position\":2,\"name\":\"NAVEDA Y SUS POL\u00c9MICAS\"}]},{\"@type\":\"WebSite\",\"@id\":\"https:\\\/\\\/lospoliticosveracruz.com\\\/#website\",\"url\":\"https:\\\/\\\/lospoliticosveracruz.com\\\/\",\"name\":\"Los pol\u00edticos Veracruz\",\"description\":\"\",\"publisher\":{\"@id\":\"https:\\\/\\\/lospoliticosveracruz.com\\\/#organization\"},\"potentialAction\":[{\"@type\":\"SearchAction\",\"target\":{\"@type\":\"EntryPoint\",\"urlTemplate\":\"https:\\\/\\\/lospoliticosveracruz.com\\\/?s={search_term_string}\"},\"query-input\":{\"@type\":\"PropertyValueSpecification\",\"valueRequired\":true,\"valueName\":\"search_term_string\"}}],\"inLanguage\":\"es\"},{\"@type\":\"Organization\",\"@id\":\"https:\\\/\\\/lospoliticosveracruz.com\\\/#organization\",\"name\":\"Los pol\u00edticos Veracruz\",\"url\":\"https:\\\/\\\/lospoliticosveracruz.com\\\/\",\"logo\":{\"@type\":\"ImageObject\",\"inLanguage\":\"es\",\"@id\":\"https:\\\/\\\/lospoliticosveracruz.com\\\/#\\\/schema\\\/logo\\\/image\\\/\",\"url\":\"https:\\\/\\\/lospoliticosveracruz.com\\\/wp-content\\\/uploads\\\/2025\\\/12\\\/Logo-Nuevo-LOS-POLITICOS-1.jpg\",\"contentUrl\":\"https:\\\/\\\/lospoliticosveracruz.com\\\/wp-content\\\/uploads\\\/2025\\\/12\\\/Logo-Nuevo-LOS-POLITICOS-1.jpg\",\"width\":260,\"height\":70,\"caption\":\"Los pol\u00edticos Veracruz\"},\"image\":{\"@id\":\"https:\\\/\\\/lospoliticosveracruz.com\\\/#\\\/schema\\\/logo\\\/image\\\/\"},\"sameAs\":[\"https:\\\/\\\/www.facebook.com\\\/people\\\/Notimemes-de-los-Polticos\\\/61565672886568\\\/\",\"https:\\\/\\\/x.com\\\/LosPoliticosVer\"]},{\"@type\":\"Person\",\"@id\":\"https:\\\/\\\/lospoliticosveracruz.com\\\/#\\\/schema\\\/person\\\/b8702bb0e538456e6efd07080bf2a4a2\",\"name\":\"Lo viste en Los Pol\u00edticos\",\"image\":{\"@type\":\"ImageObject\",\"inLanguage\":\"es\",\"@id\":\"https:\\\/\\\/secure.gravatar.com\\\/avatar\\\/3a8de04a2656d44082be478bd6c086daa447c4651605818287b9532d3d0bd435?s=96&d=mm&r=g\",\"url\":\"https:\\\/\\\/secure.gravatar.com\\\/avatar\\\/3a8de04a2656d44082be478bd6c086daa447c4651605818287b9532d3d0bd435?s=96&d=mm&r=g\",\"contentUrl\":\"https:\\\/\\\/secure.gravatar.com\\\/avatar\\\/3a8de04a2656d44082be478bd6c086daa447c4651605818287b9532d3d0bd435?s=96&d=mm&r=g\",\"caption\":\"Lo viste en Los Pol\u00edticos\"},\"url\":\"https:\\\/\\\/lospoliticosveracruz.com\\\/?author=2\"}]}<\/script>\n<!-- \/ Yoast SEO plugin. -->","yoast_head_json":{"title":"NAVEDA Y SUS POL\u00c9MICAS - Los pol\u00edticos Veracruz","robots":{"index":"index","follow":"follow","max-snippet":"max-snippet:-1","max-image-preview":"max-image-preview:large","max-video-preview":"max-video-preview:-1"},"canonical":"https:\/\/lospoliticosveracruz.com\/?p=165987","og_locale":"es_ES","og_type":"article","og_title":"NAVEDA Y SUS POL\u00c9MICAS - Los pol\u00edticos Veracruz","og_description":"Salvador Mu\u00f1ozLos Pol\u00edticos Hay decisiones que en pol\u00edtica no s\u00f3lo pesan\u2026 marcan destino. Y la que tom\u00f3 el diputado federal por Coatepec, Adri\u00e1n Gonz\u00e1lez Naveda, al votar en contra de la reforma electoral impulsada por la presidenta Claudia Sheinbaum, no pas\u00f3 desapercibida en Morena. Al contrario. En los corrillos del Movimiento ya se habla de [&hellip;]","og_url":"https:\/\/lospoliticosveracruz.com\/?p=165987","og_site_name":"Los pol\u00edticos Veracruz","article_publisher":"https:\/\/www.facebook.com\/people\/Notimemes-de-los-Polticos\/61565672886568\/","article_published_time":"2026-03-13T03:30:00+00:00","og_image":[{"width":1250,"height":667,"url":"https:\/\/lospoliticosveracruz.com\/wp-content\/uploads\/2025\/04\/Chava-Munoz-1.jpg","type":"image\/jpeg"}],"author":"Lo viste en Los Pol\u00edticos","twitter_card":"summary_large_image","twitter_creator":"@LosPoliticosVer","twitter_site":"@LosPoliticosVer","twitter_misc":{"Escrito por":"Lo viste en Los Pol\u00edticos","Tiempo de lectura":"5 minutos"},"schema":{"@context":"https:\/\/schema.org","@graph":[{"@type":"Article","@id":"https:\/\/lospoliticosveracruz.com\/?p=165987#article","isPartOf":{"@id":"https:\/\/lospoliticosveracruz.com\/?p=165987"},"author":{"name":"Lo viste en Los Pol\u00edticos","@id":"https:\/\/lospoliticosveracruz.com\/#\/schema\/person\/b8702bb0e538456e6efd07080bf2a4a2"},"headline":"NAVEDA Y SUS POL\u00c9MICAS","datePublished":"2026-03-13T03:30:00+00:00","mainEntityOfPage":{"@id":"https:\/\/lospoliticosveracruz.com\/?p=165987"},"wordCount":1016,"publisher":{"@id":"https:\/\/lospoliticosveracruz.com\/#organization"},"image":{"@id":"https:\/\/lospoliticosveracruz.com\/?p=165987#primaryimage"},"thumbnailUrl":"https:\/\/lospoliticosveracruz.com\/wp-content\/uploads\/2025\/04\/Chava-Munoz-1.jpg","keywords":["Adri\u00e1n Gonz\u00e1lez Naveda diputado federal Coatepec","Manuel Huerta Ladr\u00f3n de Guevara operador pol\u00edtico","Morena reforma electoral Claudia Sheinbaum","pol\u00edtica Veracruz Morena PT","PT Veracruz Adri\u00e1n Gonz\u00e1lez Naveda pol\u00e9mica","Salvador Mu\u00f1oz Los Pol\u00edticos an\u00e1lisis"],"articleSection":["De Opini\u00f3n"],"inLanguage":"es"},{"@type":"WebPage","@id":"https:\/\/lospoliticosveracruz.com\/?p=165987","url":"https:\/\/lospoliticosveracruz.com\/?p=165987","name":"NAVEDA Y SUS POL\u00c9MICAS - Los pol\u00edticos Veracruz","isPartOf":{"@id":"https:\/\/lospoliticosveracruz.com\/#website"},"primaryImageOfPage":{"@id":"https:\/\/lospoliticosveracruz.com\/?p=165987#primaryimage"},"image":{"@id":"https:\/\/lospoliticosveracruz.com\/?p=165987#primaryimage"},"thumbnailUrl":"https:\/\/lospoliticosveracruz.com\/wp-content\/uploads\/2025\/04\/Chava-Munoz-1.jpg","datePublished":"2026-03-13T03:30:00+00:00","breadcrumb":{"@id":"https:\/\/lospoliticosveracruz.com\/?p=165987#breadcrumb"},"inLanguage":"es","potentialAction":[{"@type":"ReadAction","target":["https:\/\/lospoliticosveracruz.com\/?p=165987"]}]},{"@type":"ImageObject","inLanguage":"es","@id":"https:\/\/lospoliticosveracruz.com\/?p=165987#primaryimage","url":"https:\/\/lospoliticosveracruz.com\/wp-content\/uploads\/2025\/04\/Chava-Munoz-1.jpg","contentUrl":"https:\/\/lospoliticosveracruz.com\/wp-content\/uploads\/2025\/04\/Chava-Munoz-1.jpg","width":1250,"height":667},{"@type":"BreadcrumbList","@id":"https:\/\/lospoliticosveracruz.com\/?p=165987#breadcrumb","itemListElement":[{"@type":"ListItem","position":1,"name":"Portada","item":"https:\/\/lospoliticosveracruz.com\/"},{"@type":"ListItem","position":2,"name":"NAVEDA Y SUS POL\u00c9MICAS"}]},{"@type":"WebSite","@id":"https:\/\/lospoliticosveracruz.com\/#website","url":"https:\/\/lospoliticosveracruz.com\/","name":"Los pol\u00edticos Veracruz","description":"","publisher":{"@id":"https:\/\/lospoliticosveracruz.com\/#organization"},"potentialAction":[{"@type":"SearchAction","target":{"@type":"EntryPoint","urlTemplate":"https:\/\/lospoliticosveracruz.com\/?s={search_term_string}"},"query-input":{"@type":"PropertyValueSpecification","valueRequired":true,"valueName":"search_term_string"}}],"inLanguage":"es"},{"@type":"Organization","@id":"https:\/\/lospoliticosveracruz.com\/#organization","name":"Los pol\u00edticos Veracruz","url":"https:\/\/lospoliticosveracruz.com\/","logo":{"@type":"ImageObject","inLanguage":"es","@id":"https:\/\/lospoliticosveracruz.com\/#\/schema\/logo\/image\/","url":"https:\/\/lospoliticosveracruz.com\/wp-content\/uploads\/2025\/12\/Logo-Nuevo-LOS-POLITICOS-1.jpg","contentUrl":"https:\/\/lospoliticosveracruz.com\/wp-content\/uploads\/2025\/12\/Logo-Nuevo-LOS-POLITICOS-1.jpg","width":260,"height":70,"caption":"Los pol\u00edticos Veracruz"},"image":{"@id":"https:\/\/lospoliticosveracruz.com\/#\/schema\/logo\/image\/"},"sameAs":["https:\/\/www.facebook.com\/people\/Notimemes-de-los-Polticos\/61565672886568\/","https:\/\/x.com\/LosPoliticosVer"]},{"@type":"Person","@id":"https:\/\/lospoliticosveracruz.com\/#\/schema\/person\/b8702bb0e538456e6efd07080bf2a4a2","name":"Lo viste en Los Pol\u00edticos","image":{"@type":"ImageObject","inLanguage":"es","@id":"https:\/\/secure.gravatar.com\/avatar\/3a8de04a2656d44082be478bd6c086daa447c4651605818287b9532d3d0bd435?s=96&d=mm&r=g","url":"https:\/\/secure.gravatar.com\/avatar\/3a8de04a2656d44082be478bd6c086daa447c4651605818287b9532d3d0bd435?s=96&d=mm&r=g","contentUrl":"https:\/\/secure.gravatar.com\/avatar\/3a8de04a2656d44082be478bd6c086daa447c4651605818287b9532d3d0bd435?s=96&d=mm&r=g","caption":"Lo viste en Los Pol\u00edticos"},"url":"https:\/\/lospoliticosveracruz.com\/?author=2"}]}},"_links":{"self":[{"href":"https:\/\/lospoliticosveracruz.com\/index.php?rest_route=\/wp\/v2\/posts\/165987","targetHints":{"allow":["GET"]}}],"collection":[{"href":"https:\/\/lospoliticosveracruz.com\/index.php?rest_route=\/wp\/v2\/posts"}],"about":[{"href":"https:\/\/lospoliticosveracruz.com\/index.php?rest_route=\/wp\/v2\/types\/post"}],"author":[{"embeddable":true,"href":"https:\/\/lospoliticosveracruz.com\/index.php?rest_route=\/wp\/v2\/users\/2"}],"replies":[{"embeddable":true,"href":"https:\/\/lospoliticosveracruz.com\/index.php?rest_route=%2Fwp%2Fv2%2Fcomments&post=165987"}],"version-history":[{"count":1,"href":"https:\/\/lospoliticosveracruz.com\/index.php?rest_route=\/wp\/v2\/posts\/165987\/revisions"}],"predecessor-version":[{"id":165988,"href":"https:\/\/lospoliticosveracruz.com\/index.php?rest_route=\/wp\/v2\/posts\/165987\/revisions\/165988"}],"wp:featuredmedia":[{"embeddable":true,"href":"https:\/\/lospoliticosveracruz.com\/index.php?rest_route=\/wp\/v2\/media\/141805"}],"wp:attachment":[{"href":"https:\/\/lospoliticosveracruz.com\/index.php?rest_route=%2Fwp%2Fv2%2Fmedia&parent=165987"}],"wp:term":[{"taxonomy":"category","embeddable":true,"href":"https:\/\/lospoliticosveracruz.com\/index.php?rest_route=%2Fwp%2Fv2%2Fcategories&post=165987"},{"taxonomy":"post_tag","embeddable":true,"href":"https:\/\/lospoliticosveracruz.com\/index.php?rest_route=%2Fwp%2Fv2%2Ftags&post=165987"}],"curies":[{"name":"wp","href":"https:\/\/api.w.org\/{rel}","templated":true}]}}