{"id":166006,"date":"2026-03-12T17:55:52","date_gmt":"2026-03-12T23:55:52","guid":{"rendered":"https:\/\/lospoliticosveracruz.com\/?p=166006"},"modified":"2026-03-12T17:55:53","modified_gmt":"2026-03-12T23:55:53","slug":"delia-les-urge","status":"publish","type":"post","link":"https:\/\/lospoliticosveracruz.com\/?p=166006","title":{"rendered":"DELIA LES URGE!"},"content":{"rendered":"\n<p><strong>\u00c1ngeles Gonz\u00e1lez Ceballos<\/strong><\/p>\n\n\n\n<p>La auditora general del \u00d3rgano de Fiscalizaci\u00f3n Superior (ORFIS), Delia Gonz\u00e1lez Cobos, expres\u00f3 a las y los presidentes municipales de todo el Estado que es \u00abcasi urgente\u00bb que entreguen los dict\u00e1menes de entrega-recepci\u00f3n de sus administraciones.<\/p>\n\n\n\n<p>Ya que esto significar\u00e1 la confirmaci\u00f3n de las muestras que el ORFIS tiene de las administraciones p\u00fablicas que concluyeron y si hiciera algo que faltara, se incorporar\u00e1.<\/p>\n\n\n\n<p>\u00abEs casi urgente que tengamos tanto cuentas p\u00fablicas como los dict\u00e1menes que ustedes est\u00e1n elaborando\u00bb, indic\u00f3 durante su mensaje en el arranque de las Jornadas de Capacitaci\u00f3n para la Elaboraci\u00f3n del Programa General de Inversi\u00f3n 2026 para ediles.<\/p>\n\n\n\n<p>Resalt\u00f3 que el ente fiscalizador ha insistido una y otra vez por la capacitaci\u00f3n, para que las y los presidentes municipales puedan tener buenos resultados.<\/p>\n\n\n\n<p>\u00abSi los resultados no fueron los esperados, si los resultados que la ciudadan\u00eda esperaba quiere decir que no hubo voluntad de hacer un trabajo correcto\u00bb, asever\u00f3 y dijo \u00ab\u00a1aguas con eso!\u00bb.<\/p>\n\n\n\n<p>Al dar la bienvenida a las y los presidentes de diversos municipios de todo el Estado, indic\u00f3 que la capacitaci\u00f3n es para el Programa Anual de Inversi\u00f3n, instrumento que les ayudar\u00e1 para el registro que tienen que hacer en las plataformas sobre la planeaci\u00f3n de las obras que realizar\u00e1n en el presente ejercicio fiscal.<\/p>\n\n\n\n<p>\u00abY los programas de inversi\u00f3n que hayan sido debidamente aprobados por el Consejo de Desarrollo Municipal, por el Cabildo o por el \u00f3rgano de Gobierno.<\/p>\n\n\n\n<p>De esa manera se define el destino de los recursos p\u00fablicos de los entes municipales, por cada fuente de financiamiento, por eso es importante que se promueva la correcta integraci\u00f3n de sus respectivas obras\u00bb, subray\u00f3.<\/p>\n\n\n\n<p>Asimismo, para que conozcan la forma en la que deber\u00e1n de presentar su informaci\u00f3n financiera y program\u00e1tica.<\/p>\n\n\n\n<p>Gonz\u00e1lez Cobos destac\u00f3 que es importante que las y los presidentes municipales conozcan las plataformas que tiene el ente fiscalizador del Estado, que sepan c\u00f3mo deben manejar la informaci\u00f3n, c\u00f3mo es que deben de subir la informaci\u00f3n al SIMVER, SIGMAVER, SEFISVER, que haya una comunicaci\u00f3n directa con sus \u00f3rganos internos de control, entre otros.<\/p>\n\n\n\n<p>La Auditora enfatiz\u00f3 que de esa manera el ORFIS puede ir detectando de manera mensual, la informaci\u00f3n que se est\u00e1 subiendo para establecer una comunicaci\u00f3n e intercambio y as\u00ed, se les pueden decir qu\u00e9 errores est\u00e1n teniendo.<\/p>\n\n\n\n<p>\u00abLo que les ayuda a la ahora que hagamos la revisi\u00f3n ya formal de la auditor\u00eda, el procedimiento de fiscalizaci\u00f3n en los t\u00e9rminos que establece la Ley, ustedes ya tienen orden, una revisi\u00f3n previa de d\u00f3nde pueden estar los elementos que puedan constituir m\u00e1s adelante una irregularidad\u00bb, asever\u00f3.<\/p>\n\n\n\n<p>La Auditora resalt\u00f3 que el Buz\u00f3n Fiscalizador es una plataforma nueva y, por lo tanto, es muy importante que las autoridades municipales sepan qu\u00e9 es lo que pueden recibir, cu\u00e1l ser\u00e1 la comunicaci\u00f3n que se tendr\u00e1 con ellos y ellas, a traves de este buz\u00f3n.<\/p>\n\n\n\n<p>\u00abPorque estamos iniciando ya nuestros procedimientos de auditor\u00eda, como ustedes saben vamos a revisar el ejercicio pasado (2025), ya ustedes han tenido un conocimiento de qu\u00e9 fue lo que ocurri\u00f3 el a\u00f1o pasado, porque tuvieron una entrega-recepci\u00f3n y, seguramente en estos d\u00edas ya est\u00e1n terminando los dict\u00e1menes para entregarlos al Congreso y entregarlos a nosotros.<\/p>\n\n\n\n<p>Es muy importante que nosotros tengamos ya esos dict\u00e1menes, porque parte del trabajo que vamos a hacer y que ya tenemos detectado con nuestra revisi\u00f3n previa, que hicimos el a\u00f1o pasado, parte de eso es la confrontaci\u00f3n que tienen ustedes en los dict\u00e1menes en la cuenta p\u00fablica\u00bb, subray\u00f3.<\/p>\n\n\n\n<p>De manera que eso significar\u00e1 la confirmaci\u00f3n de las muestras que el ORFIS tiene y si hiciera algo que faltara, se va a incorporar.<\/p>\n\n\n\n<p>\u00abPor esa raz\u00f3n es casi urgente que tengamos tanto cuentas p\u00fablicas como los dict\u00e1menes que ustedes est\u00e1n elaborando\u00bb, reiter\u00f3.<\/p>\n\n\n\n<p>Por otra parte, la Auditora manifest\u00f3 que si no entregan a tiempo o si la informaci\u00f3n que entregan no tiene los rubros o conceptos que deben ser vertidos durante los tiempos de la fiscalizaci\u00f3n, conforme a la Ley, cada mes, cada tres meses, esto da pie a una sanci\u00f3n econ\u00f3mica, que puede ser por alrededor de los 35 mil pesos.<\/p>\n\n\n\n<p>La servidora p\u00fablica indic\u00f3 que por primera vez se llevar\u00e1n a cabo auditor\u00edas sociales, lo cual tiene que ver con la verificaci\u00f3n, integraci\u00f3n, organizaci\u00f3n y funcionamiento de los \u00f3rganos de participaci\u00f3n ciudadana.<\/p>\n\n\n\n<p>\u00abVamos a estar revisando que sus \u00f3rganos de participaci\u00f3n ciudadana est\u00e9n constituidos conforme a lo que se\u00f1ala la Ley Org\u00e1nica del Municipio Libre y la Ley de Planeaci\u00f3n\u00bb, enfatiz\u00f3 y les pidi\u00f3 a las y los ediles que est\u00e9n muy atentos de la informaci\u00f3n que se les requiera.<\/p>\n\n\n\n<p>Destac\u00f3 que la idea es que esos \u00f3rganos de participaci\u00f3n sean aut\u00e9nticos, que sean los ciudadanos los que participen, conozcan de qu\u00e9 manera se est\u00e1n ejecutando las obras.<\/p>\n","protected":false},"excerpt":{"rendered":"<p>\u00c1ngeles Gonz\u00e1lez Ceballos La auditora general del \u00d3rgano de Fiscalizaci\u00f3n Superior (ORFIS), Delia Gonz\u00e1lez Cobos, expres\u00f3 a las y los presidentes municipales de todo el Estado que es \u00abcasi urgente\u00bb que entreguen los dict\u00e1menes de entrega-recepci\u00f3n de sus administraciones. Ya que esto significar\u00e1 la confirmaci\u00f3n de las muestras que el ORFIS tiene de las administraciones [&hellip;]<\/p>\n","protected":false},"author":2,"featured_media":166007,"comment_status":"closed","ping_status":"closed","sticky":false,"template":"","format":"standard","meta":{"tdm_status":"","tdm_grid_status":"","footnotes":""},"categories":[6446],"tags":[57311,57307,57308,57309,57312,57310],"class_list":{"0":"post-166006","1":"post","2":"type-post","3":"status-publish","4":"format-standard","5":"has-post-thumbnail","7":"category-la-nota","8":"tag-auditorias-sociales-orfis-2026","9":"tag-delia-gonzalez-cobos-orfis-veracruz-2026","10":"tag-dictamenes-entrega-recepcion-municipios-veracruz","11":"tag-multas-ayuntamientos-veracruz-transparencia","12":"tag-programa-general-de-inversion-municipal-2026","13":"tag-simver-sigmaver-fiscalizacion-veracruz"},"yoast_head":"<!-- This site is optimized with the Yoast SEO plugin v28.1 - https:\/\/yoast.com\/product\/yoast-seo-wordpress\/ -->\n<title>DELIA LES URGE! - Los pol\u00edticos Veracruz<\/title>\n<meta name=\"robots\" content=\"index, follow, max-snippet:-1, max-image-preview:large, max-video-preview:-1\" \/>\n<link rel=\"canonical\" href=\"https:\/\/lospoliticosveracruz.com\/?p=166006\" \/>\n<meta property=\"og:locale\" content=\"es_ES\" \/>\n<meta property=\"og:type\" content=\"article\" \/>\n<meta property=\"og:title\" content=\"DELIA LES URGE! - Los pol\u00edticos Veracruz\" \/>\n<meta property=\"og:description\" content=\"\u00c1ngeles Gonz\u00e1lez Ceballos La auditora general del \u00d3rgano de Fiscalizaci\u00f3n Superior (ORFIS), Delia Gonz\u00e1lez Cobos, expres\u00f3 a las y los presidentes municipales de todo el Estado que es \u00abcasi urgente\u00bb que entreguen los dict\u00e1menes de entrega-recepci\u00f3n de sus administraciones. Ya que esto significar\u00e1 la confirmaci\u00f3n de las muestras que el ORFIS tiene de las administraciones [&hellip;]\" \/>\n<meta property=\"og:url\" content=\"https:\/\/lospoliticosveracruz.com\/?p=166006\" \/>\n<meta property=\"og:site_name\" content=\"Los pol\u00edticos Veracruz\" \/>\n<meta property=\"article:publisher\" content=\"https:\/\/www.facebook.com\/people\/Notimemes-de-los-Polticos\/61565672886568\/\" \/>\n<meta property=\"article:published_time\" content=\"2026-03-12T23:55:52+00:00\" \/>\n<meta property=\"article:modified_time\" content=\"2026-03-12T23:55:53+00:00\" \/>\n<meta property=\"og:image\" content=\"https:\/\/lospoliticosveracruz.com\/wp-content\/uploads\/2026\/03\/Delia.jpg\" \/>\n\t<meta property=\"og:image:width\" content=\"600\" \/>\n\t<meta property=\"og:image:height\" content=\"320\" \/>\n\t<meta property=\"og:image:type\" content=\"image\/jpeg\" \/>\n<meta name=\"author\" content=\"Lo viste en Los Pol\u00edticos\" \/>\n<meta name=\"twitter:card\" content=\"summary_large_image\" \/>\n<meta name=\"twitter:creator\" content=\"@LosPoliticosVer\" \/>\n<meta name=\"twitter:site\" content=\"@LosPoliticosVer\" \/>\n<meta name=\"twitter:label1\" content=\"Escrito por\" \/>\n\t<meta name=\"twitter:data1\" content=\"Lo viste en Los Pol\u00edticos\" \/>\n\t<meta name=\"twitter:label2\" content=\"Tiempo de lectura\" \/>\n\t<meta name=\"twitter:data2\" content=\"4 minutos\" \/>\n<script type=\"application\/ld+json\" class=\"yoast-schema-graph\">{\"@context\":\"https:\\\/\\\/schema.org\",\"@graph\":[{\"@type\":\"Article\",\"@id\":\"https:\\\/\\\/lospoliticosveracruz.com\\\/?p=166006#article\",\"isPartOf\":{\"@id\":\"https:\\\/\\\/lospoliticosveracruz.com\\\/?p=166006\"},\"author\":{\"name\":\"Lo viste en Los Pol\u00edticos\",\"@id\":\"https:\\\/\\\/lospoliticosveracruz.com\\\/#\\\/schema\\\/person\\\/b8702bb0e538456e6efd07080bf2a4a2\"},\"headline\":\"DELIA LES URGE!\",\"datePublished\":\"2026-03-12T23:55:52+00:00\",\"dateModified\":\"2026-03-12T23:55:53+00:00\",\"mainEntityOfPage\":{\"@id\":\"https:\\\/\\\/lospoliticosveracruz.com\\\/?p=166006\"},\"wordCount\":872,\"publisher\":{\"@id\":\"https:\\\/\\\/lospoliticosveracruz.com\\\/#organization\"},\"image\":{\"@id\":\"https:\\\/\\\/lospoliticosveracruz.com\\\/?p=166006#primaryimage\"},\"thumbnailUrl\":\"https:\\\/\\\/lospoliticosveracruz.com\\\/wp-content\\\/uploads\\\/2026\\\/03\\\/Delia.jpg\",\"keywords\":[\"auditor\u00edas sociales ORFIS 2026\",\"Delia Gonz\u00e1lez Cobos ORFIS Veracruz 2026\",\"dict\u00e1menes entrega-recepci\u00f3n municipios Veracruz\",\"multas ayuntamientos Veracruz transparencia\",\"Programa General de Inversi\u00f3n municipal 2026\",\"SIMVER SIGMAVER fiscalizaci\u00f3n Veracruz\"],\"articleSection\":[\"La Nota\"],\"inLanguage\":\"es\"},{\"@type\":\"WebPage\",\"@id\":\"https:\\\/\\\/lospoliticosveracruz.com\\\/?p=166006\",\"url\":\"https:\\\/\\\/lospoliticosveracruz.com\\\/?p=166006\",\"name\":\"DELIA LES URGE! - Los pol\u00edticos Veracruz\",\"isPartOf\":{\"@id\":\"https:\\\/\\\/lospoliticosveracruz.com\\\/#website\"},\"primaryImageOfPage\":{\"@id\":\"https:\\\/\\\/lospoliticosveracruz.com\\\/?p=166006#primaryimage\"},\"image\":{\"@id\":\"https:\\\/\\\/lospoliticosveracruz.com\\\/?p=166006#primaryimage\"},\"thumbnailUrl\":\"https:\\\/\\\/lospoliticosveracruz.com\\\/wp-content\\\/uploads\\\/2026\\\/03\\\/Delia.jpg\",\"datePublished\":\"2026-03-12T23:55:52+00:00\",\"dateModified\":\"2026-03-12T23:55:53+00:00\",\"breadcrumb\":{\"@id\":\"https:\\\/\\\/lospoliticosveracruz.com\\\/?p=166006#breadcrumb\"},\"inLanguage\":\"es\",\"potentialAction\":[{\"@type\":\"ReadAction\",\"target\":[\"https:\\\/\\\/lospoliticosveracruz.com\\\/?p=166006\"]}]},{\"@type\":\"ImageObject\",\"inLanguage\":\"es\",\"@id\":\"https:\\\/\\\/lospoliticosveracruz.com\\\/?p=166006#primaryimage\",\"url\":\"https:\\\/\\\/lospoliticosveracruz.com\\\/wp-content\\\/uploads\\\/2026\\\/03\\\/Delia.jpg\",\"contentUrl\":\"https:\\\/\\\/lospoliticosveracruz.com\\\/wp-content\\\/uploads\\\/2026\\\/03\\\/Delia.jpg\",\"width\":600,\"height\":320},{\"@type\":\"BreadcrumbList\",\"@id\":\"https:\\\/\\\/lospoliticosveracruz.com\\\/?p=166006#breadcrumb\",\"itemListElement\":[{\"@type\":\"ListItem\",\"position\":1,\"name\":\"Portada\",\"item\":\"https:\\\/\\\/lospoliticosveracruz.com\\\/\"},{\"@type\":\"ListItem\",\"position\":2,\"name\":\"DELIA LES URGE!\"}]},{\"@type\":\"WebSite\",\"@id\":\"https:\\\/\\\/lospoliticosveracruz.com\\\/#website\",\"url\":\"https:\\\/\\\/lospoliticosveracruz.com\\\/\",\"name\":\"Los pol\u00edticos Veracruz\",\"description\":\"\",\"publisher\":{\"@id\":\"https:\\\/\\\/lospoliticosveracruz.com\\\/#organization\"},\"potentialAction\":[{\"@type\":\"SearchAction\",\"target\":{\"@type\":\"EntryPoint\",\"urlTemplate\":\"https:\\\/\\\/lospoliticosveracruz.com\\\/?s={search_term_string}\"},\"query-input\":{\"@type\":\"PropertyValueSpecification\",\"valueRequired\":true,\"valueName\":\"search_term_string\"}}],\"inLanguage\":\"es\"},{\"@type\":\"Organization\",\"@id\":\"https:\\\/\\\/lospoliticosveracruz.com\\\/#organization\",\"name\":\"Los pol\u00edticos Veracruz\",\"url\":\"https:\\\/\\\/lospoliticosveracruz.com\\\/\",\"logo\":{\"@type\":\"ImageObject\",\"inLanguage\":\"es\",\"@id\":\"https:\\\/\\\/lospoliticosveracruz.com\\\/#\\\/schema\\\/logo\\\/image\\\/\",\"url\":\"https:\\\/\\\/lospoliticosveracruz.com\\\/wp-content\\\/uploads\\\/2025\\\/12\\\/Logo-Nuevo-LOS-POLITICOS-1.jpg\",\"contentUrl\":\"https:\\\/\\\/lospoliticosveracruz.com\\\/wp-content\\\/uploads\\\/2025\\\/12\\\/Logo-Nuevo-LOS-POLITICOS-1.jpg\",\"width\":260,\"height\":70,\"caption\":\"Los pol\u00edticos Veracruz\"},\"image\":{\"@id\":\"https:\\\/\\\/lospoliticosveracruz.com\\\/#\\\/schema\\\/logo\\\/image\\\/\"},\"sameAs\":[\"https:\\\/\\\/www.facebook.com\\\/people\\\/Notimemes-de-los-Polticos\\\/61565672886568\\\/\",\"https:\\\/\\\/x.com\\\/LosPoliticosVer\"]},{\"@type\":\"Person\",\"@id\":\"https:\\\/\\\/lospoliticosveracruz.com\\\/#\\\/schema\\\/person\\\/b8702bb0e538456e6efd07080bf2a4a2\",\"name\":\"Lo viste en Los Pol\u00edticos\",\"image\":{\"@type\":\"ImageObject\",\"inLanguage\":\"es\",\"@id\":\"https:\\\/\\\/secure.gravatar.com\\\/avatar\\\/3a8de04a2656d44082be478bd6c086daa447c4651605818287b9532d3d0bd435?s=96&d=mm&r=g\",\"url\":\"https:\\\/\\\/secure.gravatar.com\\\/avatar\\\/3a8de04a2656d44082be478bd6c086daa447c4651605818287b9532d3d0bd435?s=96&d=mm&r=g\",\"contentUrl\":\"https:\\\/\\\/secure.gravatar.com\\\/avatar\\\/3a8de04a2656d44082be478bd6c086daa447c4651605818287b9532d3d0bd435?s=96&d=mm&r=g\",\"caption\":\"Lo viste en Los Pol\u00edticos\"},\"url\":\"https:\\\/\\\/lospoliticosveracruz.com\\\/?author=2\"}]}<\/script>\n<!-- \/ Yoast SEO plugin. -->","yoast_head_json":{"title":"DELIA LES URGE! - Los pol\u00edticos Veracruz","robots":{"index":"index","follow":"follow","max-snippet":"max-snippet:-1","max-image-preview":"max-image-preview:large","max-video-preview":"max-video-preview:-1"},"canonical":"https:\/\/lospoliticosveracruz.com\/?p=166006","og_locale":"es_ES","og_type":"article","og_title":"DELIA LES URGE! - Los pol\u00edticos Veracruz","og_description":"\u00c1ngeles Gonz\u00e1lez Ceballos La auditora general del \u00d3rgano de Fiscalizaci\u00f3n Superior (ORFIS), Delia Gonz\u00e1lez Cobos, expres\u00f3 a las y los presidentes municipales de todo el Estado que es \u00abcasi urgente\u00bb que entreguen los dict\u00e1menes de entrega-recepci\u00f3n de sus administraciones. Ya que esto significar\u00e1 la confirmaci\u00f3n de las muestras que el ORFIS tiene de las administraciones [&hellip;]","og_url":"https:\/\/lospoliticosveracruz.com\/?p=166006","og_site_name":"Los pol\u00edticos Veracruz","article_publisher":"https:\/\/www.facebook.com\/people\/Notimemes-de-los-Polticos\/61565672886568\/","article_published_time":"2026-03-12T23:55:52+00:00","article_modified_time":"2026-03-12T23:55:53+00:00","og_image":[{"width":600,"height":320,"url":"https:\/\/lospoliticosveracruz.com\/wp-content\/uploads\/2026\/03\/Delia.jpg","type":"image\/jpeg"}],"author":"Lo viste en Los Pol\u00edticos","twitter_card":"summary_large_image","twitter_creator":"@LosPoliticosVer","twitter_site":"@LosPoliticosVer","twitter_misc":{"Escrito por":"Lo viste en Los Pol\u00edticos","Tiempo de lectura":"4 minutos"},"schema":{"@context":"https:\/\/schema.org","@graph":[{"@type":"Article","@id":"https:\/\/lospoliticosveracruz.com\/?p=166006#article","isPartOf":{"@id":"https:\/\/lospoliticosveracruz.com\/?p=166006"},"author":{"name":"Lo viste en Los Pol\u00edticos","@id":"https:\/\/lospoliticosveracruz.com\/#\/schema\/person\/b8702bb0e538456e6efd07080bf2a4a2"},"headline":"DELIA LES URGE!","datePublished":"2026-03-12T23:55:52+00:00","dateModified":"2026-03-12T23:55:53+00:00","mainEntityOfPage":{"@id":"https:\/\/lospoliticosveracruz.com\/?p=166006"},"wordCount":872,"publisher":{"@id":"https:\/\/lospoliticosveracruz.com\/#organization"},"image":{"@id":"https:\/\/lospoliticosveracruz.com\/?p=166006#primaryimage"},"thumbnailUrl":"https:\/\/lospoliticosveracruz.com\/wp-content\/uploads\/2026\/03\/Delia.jpg","keywords":["auditor\u00edas sociales ORFIS 2026","Delia Gonz\u00e1lez Cobos ORFIS Veracruz 2026","dict\u00e1menes entrega-recepci\u00f3n municipios Veracruz","multas ayuntamientos Veracruz transparencia","Programa General de Inversi\u00f3n municipal 2026","SIMVER SIGMAVER fiscalizaci\u00f3n Veracruz"],"articleSection":["La Nota"],"inLanguage":"es"},{"@type":"WebPage","@id":"https:\/\/lospoliticosveracruz.com\/?p=166006","url":"https:\/\/lospoliticosveracruz.com\/?p=166006","name":"DELIA LES URGE! - Los pol\u00edticos Veracruz","isPartOf":{"@id":"https:\/\/lospoliticosveracruz.com\/#website"},"primaryImageOfPage":{"@id":"https:\/\/lospoliticosveracruz.com\/?p=166006#primaryimage"},"image":{"@id":"https:\/\/lospoliticosveracruz.com\/?p=166006#primaryimage"},"thumbnailUrl":"https:\/\/lospoliticosveracruz.com\/wp-content\/uploads\/2026\/03\/Delia.jpg","datePublished":"2026-03-12T23:55:52+00:00","dateModified":"2026-03-12T23:55:53+00:00","breadcrumb":{"@id":"https:\/\/lospoliticosveracruz.com\/?p=166006#breadcrumb"},"inLanguage":"es","potentialAction":[{"@type":"ReadAction","target":["https:\/\/lospoliticosveracruz.com\/?p=166006"]}]},{"@type":"ImageObject","inLanguage":"es","@id":"https:\/\/lospoliticosveracruz.com\/?p=166006#primaryimage","url":"https:\/\/lospoliticosveracruz.com\/wp-content\/uploads\/2026\/03\/Delia.jpg","contentUrl":"https:\/\/lospoliticosveracruz.com\/wp-content\/uploads\/2026\/03\/Delia.jpg","width":600,"height":320},{"@type":"BreadcrumbList","@id":"https:\/\/lospoliticosveracruz.com\/?p=166006#breadcrumb","itemListElement":[{"@type":"ListItem","position":1,"name":"Portada","item":"https:\/\/lospoliticosveracruz.com\/"},{"@type":"ListItem","position":2,"name":"DELIA LES URGE!"}]},{"@type":"WebSite","@id":"https:\/\/lospoliticosveracruz.com\/#website","url":"https:\/\/lospoliticosveracruz.com\/","name":"Los pol\u00edticos Veracruz","description":"","publisher":{"@id":"https:\/\/lospoliticosveracruz.com\/#organization"},"potentialAction":[{"@type":"SearchAction","target":{"@type":"EntryPoint","urlTemplate":"https:\/\/lospoliticosveracruz.com\/?s={search_term_string}"},"query-input":{"@type":"PropertyValueSpecification","valueRequired":true,"valueName":"search_term_string"}}],"inLanguage":"es"},{"@type":"Organization","@id":"https:\/\/lospoliticosveracruz.com\/#organization","name":"Los pol\u00edticos Veracruz","url":"https:\/\/lospoliticosveracruz.com\/","logo":{"@type":"ImageObject","inLanguage":"es","@id":"https:\/\/lospoliticosveracruz.com\/#\/schema\/logo\/image\/","url":"https:\/\/lospoliticosveracruz.com\/wp-content\/uploads\/2025\/12\/Logo-Nuevo-LOS-POLITICOS-1.jpg","contentUrl":"https:\/\/lospoliticosveracruz.com\/wp-content\/uploads\/2025\/12\/Logo-Nuevo-LOS-POLITICOS-1.jpg","width":260,"height":70,"caption":"Los pol\u00edticos Veracruz"},"image":{"@id":"https:\/\/lospoliticosveracruz.com\/#\/schema\/logo\/image\/"},"sameAs":["https:\/\/www.facebook.com\/people\/Notimemes-de-los-Polticos\/61565672886568\/","https:\/\/x.com\/LosPoliticosVer"]},{"@type":"Person","@id":"https:\/\/lospoliticosveracruz.com\/#\/schema\/person\/b8702bb0e538456e6efd07080bf2a4a2","name":"Lo viste en Los Pol\u00edticos","image":{"@type":"ImageObject","inLanguage":"es","@id":"https:\/\/secure.gravatar.com\/avatar\/3a8de04a2656d44082be478bd6c086daa447c4651605818287b9532d3d0bd435?s=96&d=mm&r=g","url":"https:\/\/secure.gravatar.com\/avatar\/3a8de04a2656d44082be478bd6c086daa447c4651605818287b9532d3d0bd435?s=96&d=mm&r=g","contentUrl":"https:\/\/secure.gravatar.com\/avatar\/3a8de04a2656d44082be478bd6c086daa447c4651605818287b9532d3d0bd435?s=96&d=mm&r=g","caption":"Lo viste en Los Pol\u00edticos"},"url":"https:\/\/lospoliticosveracruz.com\/?author=2"}]}},"_links":{"self":[{"href":"https:\/\/lospoliticosveracruz.com\/index.php?rest_route=\/wp\/v2\/posts\/166006","targetHints":{"allow":["GET"]}}],"collection":[{"href":"https:\/\/lospoliticosveracruz.com\/index.php?rest_route=\/wp\/v2\/posts"}],"about":[{"href":"https:\/\/lospoliticosveracruz.com\/index.php?rest_route=\/wp\/v2\/types\/post"}],"author":[{"embeddable":true,"href":"https:\/\/lospoliticosveracruz.com\/index.php?rest_route=\/wp\/v2\/users\/2"}],"replies":[{"embeddable":true,"href":"https:\/\/lospoliticosveracruz.com\/index.php?rest_route=%2Fwp%2Fv2%2Fcomments&post=166006"}],"version-history":[{"count":1,"href":"https:\/\/lospoliticosveracruz.com\/index.php?rest_route=\/wp\/v2\/posts\/166006\/revisions"}],"predecessor-version":[{"id":166008,"href":"https:\/\/lospoliticosveracruz.com\/index.php?rest_route=\/wp\/v2\/posts\/166006\/revisions\/166008"}],"wp:featuredmedia":[{"embeddable":true,"href":"https:\/\/lospoliticosveracruz.com\/index.php?rest_route=\/wp\/v2\/media\/166007"}],"wp:attachment":[{"href":"https:\/\/lospoliticosveracruz.com\/index.php?rest_route=%2Fwp%2Fv2%2Fmedia&parent=166006"}],"wp:term":[{"taxonomy":"category","embeddable":true,"href":"https:\/\/lospoliticosveracruz.com\/index.php?rest_route=%2Fwp%2Fv2%2Fcategories&post=166006"},{"taxonomy":"post_tag","embeddable":true,"href":"https:\/\/lospoliticosveracruz.com\/index.php?rest_route=%2Fwp%2Fv2%2Ftags&post=166006"}],"curies":[{"name":"wp","href":"https:\/\/api.w.org\/{rel}","templated":true}]}}