{"id":166013,"date":"2026-03-12T19:04:55","date_gmt":"2026-03-13T01:04:55","guid":{"rendered":"https:\/\/lospoliticosveracruz.com\/?p=166013"},"modified":"2026-03-12T19:04:56","modified_gmt":"2026-03-13T01:04:56","slug":"proteger-a-ninos-responsabilidad-de-todos","status":"publish","type":"post","link":"https:\/\/lospoliticosveracruz.com\/?p=166013","title":{"rendered":"PROTEGER A NI\u00d1OS, RESPONSABILIDAD DE TODOS!"},"content":{"rendered":"\n<p>Poza Rica: La ciudad de Poza Rica fue sede de la capacitaci\u00f3n estatal dirigida a Procuradoras y Procuradores Municipales de Protecci\u00f3n de Ni\u00f1as, Ni\u00f1os y Adolescentes, un encuentro que reuni\u00f3 a representantes de diversos municipios con el objetivo de fortalecer sus conocimientos y herramientas para la defensa y restituci\u00f3n de los derechos de la infancia.<\/p>\n\n\n\n<p>Durante el evento, la Presidenta Municipal Adanely Rodr\u00edguez destac\u00f3 la importancia de consolidar pol\u00edticas p\u00fablicas que garanticen entornos seguros para las ni\u00f1as, ni\u00f1os y adolescentes, se\u00f1alando que su protecci\u00f3n es una responsabilidad compartida entre autoridades, instituciones, familias y sociedad.<\/p>\n\n\n\n<p>En la capacitaci\u00f3n particip\u00f3 la Procuradora Estatal de Protecci\u00f3n de Ni\u00f1as, Ni\u00f1os y Adolescentes, Cecilia Ortega Gonz\u00e1lez, quien subray\u00f3 que este tipo de espacios permiten fortalecer las capacidades institucionales y consolidar una red de trabajo entre las procuradur\u00edas municipales, para asegurar que en cada municipio existan autoridades preparadas y comprometidas con el bienestar de la ni\u00f1ez.<\/p>\n\n\n\n<p>Asimismo, resalt\u00f3 que las procuradur\u00edas representan instancias clave para escuchar, proteger y restituir los derechos de ni\u00f1as, ni\u00f1os y adolescentes, por lo que la profesionalizaci\u00f3n del personal resulta fundamental para garantizar una atenci\u00f3n cercana y oportuna a las familias.<\/p>\n\n\n\n<p>Con encuentros de este tipo, Poza Rica contin\u00faa consolid\u00e1ndose como punto de encuentro para actividades de alcance estatal, gracias a su conectividad, ubicaci\u00f3n estrat\u00e9gica y capacidad para reunir esfuerzos institucionales en favor del bienestar social.<\/p>\n","protected":false},"excerpt":{"rendered":"<p>Poza Rica: La ciudad de Poza Rica fue sede de la capacitaci\u00f3n estatal dirigida a Procuradoras y Procuradores Municipales de Protecci\u00f3n de Ni\u00f1as, Ni\u00f1os y Adolescentes, un encuentro que reuni\u00f3 a representantes de diversos municipios con el objetivo de fortalecer sus conocimientos y herramientas para la defensa y restituci\u00f3n de los derechos de la infancia. [&hellip;]<\/p>\n","protected":false},"author":2,"featured_media":166014,"comment_status":"closed","ping_status":"closed","sticky":false,"template":"","format":"standard","meta":{"tdm_status":"","tdm_grid_status":"","footnotes":""},"categories":[73],"tags":[57322,57319,57323,57321,57320],"class_list":{"0":"post-166013","1":"post","2":"type-post","3":"status-publish","4":"format-standard","5":"has-post-thumbnail","7":"category-de-boleto","8":"tag-adanely-rodriguez-politicas-publicas-infancia","9":"tag-capacitacion-procuradores-municipales-poza-rica","10":"tag-cecilia-ortega-gonzalez-procuradora-estatal","11":"tag-derechos-de-la-ninez-restitucion-y-defensa","12":"tag-proteccion-ninas-ninos-adolescentes-veracruz"},"yoast_head":"<!-- This site is optimized with the Yoast SEO plugin v27.4 - https:\/\/yoast.com\/product\/yoast-seo-wordpress\/ -->\n<title>PROTEGER A NI\u00d1OS, RESPONSABILIDAD DE TODOS! - Los pol\u00edticos Veracruz<\/title>\n<meta name=\"robots\" content=\"index, follow, max-snippet:-1, max-image-preview:large, max-video-preview:-1\" \/>\n<link rel=\"canonical\" href=\"https:\/\/lospoliticosveracruz.com\/?p=166013\" \/>\n<meta property=\"og:locale\" content=\"es_ES\" \/>\n<meta property=\"og:type\" content=\"article\" \/>\n<meta property=\"og:title\" content=\"PROTEGER A NI\u00d1OS, RESPONSABILIDAD DE TODOS! - Los pol\u00edticos Veracruz\" \/>\n<meta property=\"og:description\" content=\"Poza Rica: La ciudad de Poza Rica fue sede de la capacitaci\u00f3n estatal dirigida a Procuradoras y Procuradores Municipales de Protecci\u00f3n de Ni\u00f1as, Ni\u00f1os y Adolescentes, un encuentro que reuni\u00f3 a representantes de diversos municipios con el objetivo de fortalecer sus conocimientos y herramientas para la defensa y restituci\u00f3n de los derechos de la infancia. [&hellip;]\" \/>\n<meta property=\"og:url\" content=\"https:\/\/lospoliticosveracruz.com\/?p=166013\" \/>\n<meta property=\"og:site_name\" content=\"Los pol\u00edticos Veracruz\" \/>\n<meta property=\"article:publisher\" content=\"https:\/\/www.facebook.com\/people\/Notimemes-de-los-Polticos\/61565672886568\/\" \/>\n<meta property=\"article:published_time\" content=\"2026-03-13T01:04:55+00:00\" \/>\n<meta property=\"article:modified_time\" content=\"2026-03-13T01:04:56+00:00\" \/>\n<meta property=\"og:image\" content=\"https:\/\/lospoliticosveracruz.com\/wp-content\/uploads\/2026\/03\/Ada-1.jpg\" \/>\n\t<meta property=\"og:image:width\" content=\"600\" \/>\n\t<meta property=\"og:image:height\" content=\"320\" \/>\n\t<meta property=\"og:image:type\" content=\"image\/jpeg\" \/>\n<meta name=\"author\" content=\"Lo viste en Los Pol\u00edticos\" \/>\n<meta name=\"twitter:card\" content=\"summary_large_image\" \/>\n<meta name=\"twitter:creator\" content=\"@LosPoliticosVer\" \/>\n<meta name=\"twitter:site\" content=\"@LosPoliticosVer\" \/>\n<meta name=\"twitter:label1\" content=\"Escrito por\" \/>\n\t<meta name=\"twitter:data1\" content=\"Lo viste en Los Pol\u00edticos\" \/>\n\t<meta name=\"twitter:label2\" content=\"Tiempo de lectura\" \/>\n\t<meta name=\"twitter:data2\" content=\"2 minutos\" \/>\n<script type=\"application\/ld+json\" class=\"yoast-schema-graph\">{\"@context\":\"https:\\\/\\\/schema.org\",\"@graph\":[{\"@type\":\"Article\",\"@id\":\"https:\\\/\\\/lospoliticosveracruz.com\\\/?p=166013#article\",\"isPartOf\":{\"@id\":\"https:\\\/\\\/lospoliticosveracruz.com\\\/?p=166013\"},\"author\":{\"name\":\"Lo viste en Los Pol\u00edticos\",\"@id\":\"https:\\\/\\\/lospoliticosveracruz.com\\\/#\\\/schema\\\/person\\\/b8702bb0e538456e6efd07080bf2a4a2\"},\"headline\":\"PROTEGER A NI\u00d1OS, RESPONSABILIDAD DE TODOS!\",\"datePublished\":\"2026-03-13T01:04:55+00:00\",\"dateModified\":\"2026-03-13T01:04:56+00:00\",\"mainEntityOfPage\":{\"@id\":\"https:\\\/\\\/lospoliticosveracruz.com\\\/?p=166013\"},\"wordCount\":259,\"publisher\":{\"@id\":\"https:\\\/\\\/lospoliticosveracruz.com\\\/#organization\"},\"image\":{\"@id\":\"https:\\\/\\\/lospoliticosveracruz.com\\\/?p=166013#primaryimage\"},\"thumbnailUrl\":\"https:\\\/\\\/lospoliticosveracruz.com\\\/wp-content\\\/uploads\\\/2026\\\/03\\\/Ada-1.jpg\",\"keywords\":[\"Adanely Rodr\u00edguez pol\u00edticas p\u00fablicas infancia\",\"capacitaci\u00f3n procuradores municipales Poza Rica\",\"Cecilia Ortega Gonz\u00e1lez Procuradora Estatal\",\"derechos de la ni\u00f1ez restituci\u00f3n y defensa\",\"protecci\u00f3n ni\u00f1as ni\u00f1os adolescentes Veracruz\"],\"articleSection\":[\"De Boleto\"],\"inLanguage\":\"es\"},{\"@type\":\"WebPage\",\"@id\":\"https:\\\/\\\/lospoliticosveracruz.com\\\/?p=166013\",\"url\":\"https:\\\/\\\/lospoliticosveracruz.com\\\/?p=166013\",\"name\":\"PROTEGER A NI\u00d1OS, RESPONSABILIDAD DE TODOS! - Los pol\u00edticos Veracruz\",\"isPartOf\":{\"@id\":\"https:\\\/\\\/lospoliticosveracruz.com\\\/#website\"},\"primaryImageOfPage\":{\"@id\":\"https:\\\/\\\/lospoliticosveracruz.com\\\/?p=166013#primaryimage\"},\"image\":{\"@id\":\"https:\\\/\\\/lospoliticosveracruz.com\\\/?p=166013#primaryimage\"},\"thumbnailUrl\":\"https:\\\/\\\/lospoliticosveracruz.com\\\/wp-content\\\/uploads\\\/2026\\\/03\\\/Ada-1.jpg\",\"datePublished\":\"2026-03-13T01:04:55+00:00\",\"dateModified\":\"2026-03-13T01:04:56+00:00\",\"breadcrumb\":{\"@id\":\"https:\\\/\\\/lospoliticosveracruz.com\\\/?p=166013#breadcrumb\"},\"inLanguage\":\"es\",\"potentialAction\":[{\"@type\":\"ReadAction\",\"target\":[\"https:\\\/\\\/lospoliticosveracruz.com\\\/?p=166013\"]}]},{\"@type\":\"ImageObject\",\"inLanguage\":\"es\",\"@id\":\"https:\\\/\\\/lospoliticosveracruz.com\\\/?p=166013#primaryimage\",\"url\":\"https:\\\/\\\/lospoliticosveracruz.com\\\/wp-content\\\/uploads\\\/2026\\\/03\\\/Ada-1.jpg\",\"contentUrl\":\"https:\\\/\\\/lospoliticosveracruz.com\\\/wp-content\\\/uploads\\\/2026\\\/03\\\/Ada-1.jpg\",\"width\":600,\"height\":320},{\"@type\":\"BreadcrumbList\",\"@id\":\"https:\\\/\\\/lospoliticosveracruz.com\\\/?p=166013#breadcrumb\",\"itemListElement\":[{\"@type\":\"ListItem\",\"position\":1,\"name\":\"Portada\",\"item\":\"https:\\\/\\\/lospoliticosveracruz.com\\\/\"},{\"@type\":\"ListItem\",\"position\":2,\"name\":\"PROTEGER A NI\u00d1OS, RESPONSABILIDAD DE TODOS!\"}]},{\"@type\":\"WebSite\",\"@id\":\"https:\\\/\\\/lospoliticosveracruz.com\\\/#website\",\"url\":\"https:\\\/\\\/lospoliticosveracruz.com\\\/\",\"name\":\"Los pol\u00edticos Veracruz\",\"description\":\"\",\"publisher\":{\"@id\":\"https:\\\/\\\/lospoliticosveracruz.com\\\/#organization\"},\"potentialAction\":[{\"@type\":\"SearchAction\",\"target\":{\"@type\":\"EntryPoint\",\"urlTemplate\":\"https:\\\/\\\/lospoliticosveracruz.com\\\/?s={search_term_string}\"},\"query-input\":{\"@type\":\"PropertyValueSpecification\",\"valueRequired\":true,\"valueName\":\"search_term_string\"}}],\"inLanguage\":\"es\"},{\"@type\":\"Organization\",\"@id\":\"https:\\\/\\\/lospoliticosveracruz.com\\\/#organization\",\"name\":\"Los pol\u00edticos Veracruz\",\"url\":\"https:\\\/\\\/lospoliticosveracruz.com\\\/\",\"logo\":{\"@type\":\"ImageObject\",\"inLanguage\":\"es\",\"@id\":\"https:\\\/\\\/lospoliticosveracruz.com\\\/#\\\/schema\\\/logo\\\/image\\\/\",\"url\":\"https:\\\/\\\/lospoliticosveracruz.com\\\/wp-content\\\/uploads\\\/2025\\\/12\\\/Logo-Nuevo-LOS-POLITICOS-1.jpg\",\"contentUrl\":\"https:\\\/\\\/lospoliticosveracruz.com\\\/wp-content\\\/uploads\\\/2025\\\/12\\\/Logo-Nuevo-LOS-POLITICOS-1.jpg\",\"width\":260,\"height\":70,\"caption\":\"Los pol\u00edticos Veracruz\"},\"image\":{\"@id\":\"https:\\\/\\\/lospoliticosveracruz.com\\\/#\\\/schema\\\/logo\\\/image\\\/\"},\"sameAs\":[\"https:\\\/\\\/www.facebook.com\\\/people\\\/Notimemes-de-los-Polticos\\\/61565672886568\\\/\",\"https:\\\/\\\/x.com\\\/LosPoliticosVer\"]},{\"@type\":\"Person\",\"@id\":\"https:\\\/\\\/lospoliticosveracruz.com\\\/#\\\/schema\\\/person\\\/b8702bb0e538456e6efd07080bf2a4a2\",\"name\":\"Lo viste en Los Pol\u00edticos\",\"image\":{\"@type\":\"ImageObject\",\"inLanguage\":\"es\",\"@id\":\"https:\\\/\\\/secure.gravatar.com\\\/avatar\\\/3a8de04a2656d44082be478bd6c086daa447c4651605818287b9532d3d0bd435?s=96&d=mm&r=g\",\"url\":\"https:\\\/\\\/secure.gravatar.com\\\/avatar\\\/3a8de04a2656d44082be478bd6c086daa447c4651605818287b9532d3d0bd435?s=96&d=mm&r=g\",\"contentUrl\":\"https:\\\/\\\/secure.gravatar.com\\\/avatar\\\/3a8de04a2656d44082be478bd6c086daa447c4651605818287b9532d3d0bd435?s=96&d=mm&r=g\",\"caption\":\"Lo viste en Los Pol\u00edticos\"},\"url\":\"https:\\\/\\\/lospoliticosveracruz.com\\\/?author=2\"}]}<\/script>\n<!-- \/ Yoast SEO plugin. -->","yoast_head_json":{"title":"PROTEGER A NI\u00d1OS, RESPONSABILIDAD DE TODOS! - Los pol\u00edticos Veracruz","robots":{"index":"index","follow":"follow","max-snippet":"max-snippet:-1","max-image-preview":"max-image-preview:large","max-video-preview":"max-video-preview:-1"},"canonical":"https:\/\/lospoliticosveracruz.com\/?p=166013","og_locale":"es_ES","og_type":"article","og_title":"PROTEGER A NI\u00d1OS, RESPONSABILIDAD DE TODOS! - Los pol\u00edticos Veracruz","og_description":"Poza Rica: La ciudad de Poza Rica fue sede de la capacitaci\u00f3n estatal dirigida a Procuradoras y Procuradores Municipales de Protecci\u00f3n de Ni\u00f1as, Ni\u00f1os y Adolescentes, un encuentro que reuni\u00f3 a representantes de diversos municipios con el objetivo de fortalecer sus conocimientos y herramientas para la defensa y restituci\u00f3n de los derechos de la infancia. [&hellip;]","og_url":"https:\/\/lospoliticosveracruz.com\/?p=166013","og_site_name":"Los pol\u00edticos Veracruz","article_publisher":"https:\/\/www.facebook.com\/people\/Notimemes-de-los-Polticos\/61565672886568\/","article_published_time":"2026-03-13T01:04:55+00:00","article_modified_time":"2026-03-13T01:04:56+00:00","og_image":[{"width":600,"height":320,"url":"https:\/\/lospoliticosveracruz.com\/wp-content\/uploads\/2026\/03\/Ada-1.jpg","type":"image\/jpeg"}],"author":"Lo viste en Los Pol\u00edticos","twitter_card":"summary_large_image","twitter_creator":"@LosPoliticosVer","twitter_site":"@LosPoliticosVer","twitter_misc":{"Escrito por":"Lo viste en Los Pol\u00edticos","Tiempo de lectura":"2 minutos"},"schema":{"@context":"https:\/\/schema.org","@graph":[{"@type":"Article","@id":"https:\/\/lospoliticosveracruz.com\/?p=166013#article","isPartOf":{"@id":"https:\/\/lospoliticosveracruz.com\/?p=166013"},"author":{"name":"Lo viste en Los Pol\u00edticos","@id":"https:\/\/lospoliticosveracruz.com\/#\/schema\/person\/b8702bb0e538456e6efd07080bf2a4a2"},"headline":"PROTEGER A NI\u00d1OS, RESPONSABILIDAD DE TODOS!","datePublished":"2026-03-13T01:04:55+00:00","dateModified":"2026-03-13T01:04:56+00:00","mainEntityOfPage":{"@id":"https:\/\/lospoliticosveracruz.com\/?p=166013"},"wordCount":259,"publisher":{"@id":"https:\/\/lospoliticosveracruz.com\/#organization"},"image":{"@id":"https:\/\/lospoliticosveracruz.com\/?p=166013#primaryimage"},"thumbnailUrl":"https:\/\/lospoliticosveracruz.com\/wp-content\/uploads\/2026\/03\/Ada-1.jpg","keywords":["Adanely Rodr\u00edguez pol\u00edticas p\u00fablicas infancia","capacitaci\u00f3n procuradores municipales Poza Rica","Cecilia Ortega Gonz\u00e1lez Procuradora Estatal","derechos de la ni\u00f1ez restituci\u00f3n y defensa","protecci\u00f3n ni\u00f1as ni\u00f1os adolescentes Veracruz"],"articleSection":["De Boleto"],"inLanguage":"es"},{"@type":"WebPage","@id":"https:\/\/lospoliticosveracruz.com\/?p=166013","url":"https:\/\/lospoliticosveracruz.com\/?p=166013","name":"PROTEGER A NI\u00d1OS, RESPONSABILIDAD DE TODOS! - Los pol\u00edticos Veracruz","isPartOf":{"@id":"https:\/\/lospoliticosveracruz.com\/#website"},"primaryImageOfPage":{"@id":"https:\/\/lospoliticosveracruz.com\/?p=166013#primaryimage"},"image":{"@id":"https:\/\/lospoliticosveracruz.com\/?p=166013#primaryimage"},"thumbnailUrl":"https:\/\/lospoliticosveracruz.com\/wp-content\/uploads\/2026\/03\/Ada-1.jpg","datePublished":"2026-03-13T01:04:55+00:00","dateModified":"2026-03-13T01:04:56+00:00","breadcrumb":{"@id":"https:\/\/lospoliticosveracruz.com\/?p=166013#breadcrumb"},"inLanguage":"es","potentialAction":[{"@type":"ReadAction","target":["https:\/\/lospoliticosveracruz.com\/?p=166013"]}]},{"@type":"ImageObject","inLanguage":"es","@id":"https:\/\/lospoliticosveracruz.com\/?p=166013#primaryimage","url":"https:\/\/lospoliticosveracruz.com\/wp-content\/uploads\/2026\/03\/Ada-1.jpg","contentUrl":"https:\/\/lospoliticosveracruz.com\/wp-content\/uploads\/2026\/03\/Ada-1.jpg","width":600,"height":320},{"@type":"BreadcrumbList","@id":"https:\/\/lospoliticosveracruz.com\/?p=166013#breadcrumb","itemListElement":[{"@type":"ListItem","position":1,"name":"Portada","item":"https:\/\/lospoliticosveracruz.com\/"},{"@type":"ListItem","position":2,"name":"PROTEGER A NI\u00d1OS, RESPONSABILIDAD DE TODOS!"}]},{"@type":"WebSite","@id":"https:\/\/lospoliticosveracruz.com\/#website","url":"https:\/\/lospoliticosveracruz.com\/","name":"Los pol\u00edticos Veracruz","description":"","publisher":{"@id":"https:\/\/lospoliticosveracruz.com\/#organization"},"potentialAction":[{"@type":"SearchAction","target":{"@type":"EntryPoint","urlTemplate":"https:\/\/lospoliticosveracruz.com\/?s={search_term_string}"},"query-input":{"@type":"PropertyValueSpecification","valueRequired":true,"valueName":"search_term_string"}}],"inLanguage":"es"},{"@type":"Organization","@id":"https:\/\/lospoliticosveracruz.com\/#organization","name":"Los pol\u00edticos Veracruz","url":"https:\/\/lospoliticosveracruz.com\/","logo":{"@type":"ImageObject","inLanguage":"es","@id":"https:\/\/lospoliticosveracruz.com\/#\/schema\/logo\/image\/","url":"https:\/\/lospoliticosveracruz.com\/wp-content\/uploads\/2025\/12\/Logo-Nuevo-LOS-POLITICOS-1.jpg","contentUrl":"https:\/\/lospoliticosveracruz.com\/wp-content\/uploads\/2025\/12\/Logo-Nuevo-LOS-POLITICOS-1.jpg","width":260,"height":70,"caption":"Los pol\u00edticos Veracruz"},"image":{"@id":"https:\/\/lospoliticosveracruz.com\/#\/schema\/logo\/image\/"},"sameAs":["https:\/\/www.facebook.com\/people\/Notimemes-de-los-Polticos\/61565672886568\/","https:\/\/x.com\/LosPoliticosVer"]},{"@type":"Person","@id":"https:\/\/lospoliticosveracruz.com\/#\/schema\/person\/b8702bb0e538456e6efd07080bf2a4a2","name":"Lo viste en Los Pol\u00edticos","image":{"@type":"ImageObject","inLanguage":"es","@id":"https:\/\/secure.gravatar.com\/avatar\/3a8de04a2656d44082be478bd6c086daa447c4651605818287b9532d3d0bd435?s=96&d=mm&r=g","url":"https:\/\/secure.gravatar.com\/avatar\/3a8de04a2656d44082be478bd6c086daa447c4651605818287b9532d3d0bd435?s=96&d=mm&r=g","contentUrl":"https:\/\/secure.gravatar.com\/avatar\/3a8de04a2656d44082be478bd6c086daa447c4651605818287b9532d3d0bd435?s=96&d=mm&r=g","caption":"Lo viste en Los Pol\u00edticos"},"url":"https:\/\/lospoliticosveracruz.com\/?author=2"}]}},"_links":{"self":[{"href":"https:\/\/lospoliticosveracruz.com\/index.php?rest_route=\/wp\/v2\/posts\/166013","targetHints":{"allow":["GET"]}}],"collection":[{"href":"https:\/\/lospoliticosveracruz.com\/index.php?rest_route=\/wp\/v2\/posts"}],"about":[{"href":"https:\/\/lospoliticosveracruz.com\/index.php?rest_route=\/wp\/v2\/types\/post"}],"author":[{"embeddable":true,"href":"https:\/\/lospoliticosveracruz.com\/index.php?rest_route=\/wp\/v2\/users\/2"}],"replies":[{"embeddable":true,"href":"https:\/\/lospoliticosveracruz.com\/index.php?rest_route=%2Fwp%2Fv2%2Fcomments&post=166013"}],"version-history":[{"count":1,"href":"https:\/\/lospoliticosveracruz.com\/index.php?rest_route=\/wp\/v2\/posts\/166013\/revisions"}],"predecessor-version":[{"id":166015,"href":"https:\/\/lospoliticosveracruz.com\/index.php?rest_route=\/wp\/v2\/posts\/166013\/revisions\/166015"}],"wp:featuredmedia":[{"embeddable":true,"href":"https:\/\/lospoliticosveracruz.com\/index.php?rest_route=\/wp\/v2\/media\/166014"}],"wp:attachment":[{"href":"https:\/\/lospoliticosveracruz.com\/index.php?rest_route=%2Fwp%2Fv2%2Fmedia&parent=166013"}],"wp:term":[{"taxonomy":"category","embeddable":true,"href":"https:\/\/lospoliticosveracruz.com\/index.php?rest_route=%2Fwp%2Fv2%2Fcategories&post=166013"},{"taxonomy":"post_tag","embeddable":true,"href":"https:\/\/lospoliticosveracruz.com\/index.php?rest_route=%2Fwp%2Fv2%2Ftags&post=166013"}],"curies":[{"name":"wp","href":"https:\/\/api.w.org\/{rel}","templated":true}]}}