{"id":166017,"date":"2026-03-12T19:21:18","date_gmt":"2026-03-13T01:21:18","guid":{"rendered":"https:\/\/lospoliticosveracruz.com\/?p=166017"},"modified":"2026-03-12T19:21:19","modified_gmt":"2026-03-13T01:21:19","slug":"el-agente-de-el-castillo","status":"publish","type":"post","link":"https:\/\/lospoliticosveracruz.com\/?p=166017","title":{"rendered":"EL AGENTE DE EL CASTILLO"},"content":{"rendered":"\n<p><strong>Enrique Yasser Pompeyo&nbsp;<\/strong><\/p>\n\n\n\n<p><em>Mesa de Redacci\u00f3n<\/em><\/p>\n\n\n\n<p>El agente municipal de El Castillo, \u00d3scar Luna Mendoza, quien el pr\u00f3ximo 30 de abril concluye su encargo, este jueves dio declaraciones medi\u00e1ticas para, seg\u00fan dijo, \u201climpiar\u201d su nombre, porque asegura que hay una \u201ccampa\u00f1a\u201d en su contra.<\/p>\n\n\n\n<p>Sin embargo, comenz\u00f3 con un tema, lo cambi\u00f3 por otro y concluy\u00f3 con uno m\u00e1s.<\/p>\n\n\n\n<p>Primero, rechaz\u00f3 que tenga \u201cnegocios turbios\u201d con Rom\u00e1n Moreno Hern\u00e1ndez, quien como se sabe, fue candidato a la alcald\u00eda de Xalapa por Movimiento Ciudadano en los pasados comicios de 2025.<\/p>\n\n\n\n<p>No obstante, admiti\u00f3 que conoce al integrante del partido naranja desde j\u00f3venes cuando jugaban beisbol; incluso, termin\u00f3 por confesar que se encuentran emparentados.<\/p>\n\n\n\n<p>Luego, \u00d3scar Luna hizo una serie de acusaciones y se\u00f1alamientos contra las autoridades de Xalapa porque dice que no les quieren dar servicios, pues para ello deben cambiar de ejido a dominio pleno o propiedad privada, lo que conlleva a pagar impuestos como el predial, limpia p\u00fablica y otros m\u00e1s, como el resto de los habitantes, lo que no est\u00e1n dispuestos a hacer, es decir, los quieren gratis.<\/p>\n\n\n\n<p>Es m\u00e1s, pretenden chantajear que a cambio de agua, reciban todos los servicios, con obras incluidas, pero sin pagar un solo peso.<\/p>\n\n\n\n<p>Despu\u00e9s dijo que no son tiempos pol\u00edticos, sin embargo, revel\u00f3 la intenci\u00f3n de convertir a El Castillo y otras congregaciones (Chiltoyac, El Tronconal, 6 de Enero y Julio Castro, conocido como Las Trancas) en un nuevo municipio.<\/p>\n\n\n\n<p>A escasas semanas de concluir su encargo, el agente municipal sale a dar declaraciones medi\u00e1ticas belicosas y de advertencias, como no lo hab\u00eda hecho antes.&nbsp;<\/p>\n\n\n\n<p>Surgen algunas interrogantes: \u00bfQui\u00e9n o qui\u00e9nes est\u00e1n detr\u00e1s de \u00d3scar Luna Mendoza? \u00bfCu\u00e1les son los intereses pol\u00edticos o econ\u00f3micos? \u00bfQui\u00e9n o qui\u00e9nes tratan de generar escenarios ficticios? \u00bfHabr\u00e1 intenciones por generar desestabilizaci\u00f3n? \u00bfPodr\u00eda incurrir en algunos delitos?<\/p>\n\n\n\n<p>Solo es cuesti\u00f3n de tiempo para que se revelen las verdaderas intenciones\u2026<\/p>\n\n\n\n<p>enriquepompeyo@hotmail.com<\/p>\n","protected":false},"excerpt":{"rendered":"<p>Enrique Yasser Pompeyo&nbsp; Mesa de Redacci\u00f3n El agente municipal de El Castillo, \u00d3scar Luna Mendoza, quien el pr\u00f3ximo 30 de abril concluye su encargo, este jueves dio declaraciones medi\u00e1ticas para, seg\u00fan dijo, \u201climpiar\u201d su nombre, porque asegura que hay una \u201ccampa\u00f1a\u201d en su contra. Sin embargo, comenz\u00f3 con un tema, lo cambi\u00f3 por otro y [&hellip;]<\/p>\n","protected":false},"author":2,"featured_media":141425,"comment_status":"closed","ping_status":"closed","sticky":false,"template":"","format":"standard","meta":{"tdm_status":"","tdm_grid_status":"","footnotes":""},"categories":[70],"tags":[57326,57328,57324,57327,57325],"class_list":{"0":"post-166017","1":"post","2":"type-post","3":"status-publish","4":"format-standard","5":"has-post-thumbnail","7":"category-de-opinion","8":"tag-conflicto-servicios-ejido-dominio-pleno","9":"tag-congregaciones-chiltoyac-el-tronconal-las-trancas","10":"tag-el-castillo-xalapa-nuevo-municipio-propuesta","11":"tag-oscar-luna-mendoza-agente-el-castillo","12":"tag-roman-moreno-hernandez-movimiento-ciudadano"},"yoast_head":"<!-- This site is optimized with the Yoast SEO plugin v27.4 - https:\/\/yoast.com\/product\/yoast-seo-wordpress\/ -->\n<title>EL AGENTE DE EL CASTILLO - Los pol\u00edticos Veracruz<\/title>\n<meta name=\"robots\" content=\"index, follow, max-snippet:-1, max-image-preview:large, max-video-preview:-1\" \/>\n<link rel=\"canonical\" href=\"https:\/\/lospoliticosveracruz.com\/?p=166017\" \/>\n<meta property=\"og:locale\" content=\"es_ES\" \/>\n<meta property=\"og:type\" content=\"article\" \/>\n<meta property=\"og:title\" content=\"EL AGENTE DE EL CASTILLO - Los pol\u00edticos Veracruz\" \/>\n<meta property=\"og:description\" content=\"Enrique Yasser Pompeyo&nbsp; Mesa de Redacci\u00f3n El agente municipal de El Castillo, \u00d3scar Luna Mendoza, quien el pr\u00f3ximo 30 de abril concluye su encargo, este jueves dio declaraciones medi\u00e1ticas para, seg\u00fan dijo, \u201climpiar\u201d su nombre, porque asegura que hay una \u201ccampa\u00f1a\u201d en su contra. Sin embargo, comenz\u00f3 con un tema, lo cambi\u00f3 por otro y [&hellip;]\" \/>\n<meta property=\"og:url\" content=\"https:\/\/lospoliticosveracruz.com\/?p=166017\" \/>\n<meta property=\"og:site_name\" content=\"Los pol\u00edticos Veracruz\" \/>\n<meta property=\"article:publisher\" content=\"https:\/\/www.facebook.com\/people\/Notimemes-de-los-Polticos\/61565672886568\/\" \/>\n<meta property=\"article:published_time\" content=\"2026-03-13T01:21:18+00:00\" \/>\n<meta property=\"article:modified_time\" content=\"2026-03-13T01:21:19+00:00\" \/>\n<meta property=\"og:image\" content=\"https:\/\/lospoliticosveracruz.com\/wp-content\/uploads\/2025\/04\/Pompeyo.jpg\" \/>\n\t<meta property=\"og:image:width\" content=\"1250\" \/>\n\t<meta property=\"og:image:height\" content=\"667\" \/>\n\t<meta property=\"og:image:type\" content=\"image\/jpeg\" \/>\n<meta name=\"author\" content=\"Lo viste en Los Pol\u00edticos\" \/>\n<meta name=\"twitter:card\" content=\"summary_large_image\" \/>\n<meta name=\"twitter:creator\" content=\"@LosPoliticosVer\" \/>\n<meta name=\"twitter:site\" content=\"@LosPoliticosVer\" \/>\n<meta name=\"twitter:label1\" content=\"Escrito por\" \/>\n\t<meta name=\"twitter:data1\" content=\"Lo viste en Los Pol\u00edticos\" \/>\n\t<meta name=\"twitter:label2\" content=\"Tiempo de lectura\" \/>\n\t<meta name=\"twitter:data2\" content=\"2 minutos\" \/>\n<script type=\"application\/ld+json\" class=\"yoast-schema-graph\">{\"@context\":\"https:\\\/\\\/schema.org\",\"@graph\":[{\"@type\":\"Article\",\"@id\":\"https:\\\/\\\/lospoliticosveracruz.com\\\/?p=166017#article\",\"isPartOf\":{\"@id\":\"https:\\\/\\\/lospoliticosveracruz.com\\\/?p=166017\"},\"author\":{\"name\":\"Lo viste en Los Pol\u00edticos\",\"@id\":\"https:\\\/\\\/lospoliticosveracruz.com\\\/#\\\/schema\\\/person\\\/b8702bb0e538456e6efd07080bf2a4a2\"},\"headline\":\"EL AGENTE DE EL CASTILLO\",\"datePublished\":\"2026-03-13T01:21:18+00:00\",\"dateModified\":\"2026-03-13T01:21:19+00:00\",\"mainEntityOfPage\":{\"@id\":\"https:\\\/\\\/lospoliticosveracruz.com\\\/?p=166017\"},\"wordCount\":352,\"publisher\":{\"@id\":\"https:\\\/\\\/lospoliticosveracruz.com\\\/#organization\"},\"image\":{\"@id\":\"https:\\\/\\\/lospoliticosveracruz.com\\\/?p=166017#primaryimage\"},\"thumbnailUrl\":\"https:\\\/\\\/lospoliticosveracruz.com\\\/wp-content\\\/uploads\\\/2025\\\/04\\\/Pompeyo-e1776307406459.jpg\",\"keywords\":[\"conflicto servicios ejido dominio pleno\",\"congregaciones Chiltoyac El Tronconal Las Trancas\",\"El Castillo Xalapa nuevo municipio propuesta\",\"\u00d3scar Luna Mendoza agente El Castillo\",\"Rom\u00e1n Moreno Hern\u00e1ndez Movimiento Ciudadano\"],\"articleSection\":[\"De Opini\u00f3n\"],\"inLanguage\":\"es\"},{\"@type\":\"WebPage\",\"@id\":\"https:\\\/\\\/lospoliticosveracruz.com\\\/?p=166017\",\"url\":\"https:\\\/\\\/lospoliticosveracruz.com\\\/?p=166017\",\"name\":\"EL AGENTE DE EL CASTILLO - Los pol\u00edticos Veracruz\",\"isPartOf\":{\"@id\":\"https:\\\/\\\/lospoliticosveracruz.com\\\/#website\"},\"primaryImageOfPage\":{\"@id\":\"https:\\\/\\\/lospoliticosveracruz.com\\\/?p=166017#primaryimage\"},\"image\":{\"@id\":\"https:\\\/\\\/lospoliticosveracruz.com\\\/?p=166017#primaryimage\"},\"thumbnailUrl\":\"https:\\\/\\\/lospoliticosveracruz.com\\\/wp-content\\\/uploads\\\/2025\\\/04\\\/Pompeyo-e1776307406459.jpg\",\"datePublished\":\"2026-03-13T01:21:18+00:00\",\"dateModified\":\"2026-03-13T01:21:19+00:00\",\"breadcrumb\":{\"@id\":\"https:\\\/\\\/lospoliticosveracruz.com\\\/?p=166017#breadcrumb\"},\"inLanguage\":\"es\",\"potentialAction\":[{\"@type\":\"ReadAction\",\"target\":[\"https:\\\/\\\/lospoliticosveracruz.com\\\/?p=166017\"]}]},{\"@type\":\"ImageObject\",\"inLanguage\":\"es\",\"@id\":\"https:\\\/\\\/lospoliticosveracruz.com\\\/?p=166017#primaryimage\",\"url\":\"https:\\\/\\\/lospoliticosveracruz.com\\\/wp-content\\\/uploads\\\/2025\\\/04\\\/Pompeyo-e1776307406459.jpg\",\"contentUrl\":\"https:\\\/\\\/lospoliticosveracruz.com\\\/wp-content\\\/uploads\\\/2025\\\/04\\\/Pompeyo-e1776307406459.jpg\",\"width\":600,\"height\":320},{\"@type\":\"BreadcrumbList\",\"@id\":\"https:\\\/\\\/lospoliticosveracruz.com\\\/?p=166017#breadcrumb\",\"itemListElement\":[{\"@type\":\"ListItem\",\"position\":1,\"name\":\"Portada\",\"item\":\"https:\\\/\\\/lospoliticosveracruz.com\\\/\"},{\"@type\":\"ListItem\",\"position\":2,\"name\":\"EL AGENTE DE EL CASTILLO\"}]},{\"@type\":\"WebSite\",\"@id\":\"https:\\\/\\\/lospoliticosveracruz.com\\\/#website\",\"url\":\"https:\\\/\\\/lospoliticosveracruz.com\\\/\",\"name\":\"Los pol\u00edticos Veracruz\",\"description\":\"\",\"publisher\":{\"@id\":\"https:\\\/\\\/lospoliticosveracruz.com\\\/#organization\"},\"potentialAction\":[{\"@type\":\"SearchAction\",\"target\":{\"@type\":\"EntryPoint\",\"urlTemplate\":\"https:\\\/\\\/lospoliticosveracruz.com\\\/?s={search_term_string}\"},\"query-input\":{\"@type\":\"PropertyValueSpecification\",\"valueRequired\":true,\"valueName\":\"search_term_string\"}}],\"inLanguage\":\"es\"},{\"@type\":\"Organization\",\"@id\":\"https:\\\/\\\/lospoliticosveracruz.com\\\/#organization\",\"name\":\"Los pol\u00edticos Veracruz\",\"url\":\"https:\\\/\\\/lospoliticosveracruz.com\\\/\",\"logo\":{\"@type\":\"ImageObject\",\"inLanguage\":\"es\",\"@id\":\"https:\\\/\\\/lospoliticosveracruz.com\\\/#\\\/schema\\\/logo\\\/image\\\/\",\"url\":\"https:\\\/\\\/lospoliticosveracruz.com\\\/wp-content\\\/uploads\\\/2025\\\/12\\\/Logo-Nuevo-LOS-POLITICOS-1.jpg\",\"contentUrl\":\"https:\\\/\\\/lospoliticosveracruz.com\\\/wp-content\\\/uploads\\\/2025\\\/12\\\/Logo-Nuevo-LOS-POLITICOS-1.jpg\",\"width\":260,\"height\":70,\"caption\":\"Los pol\u00edticos Veracruz\"},\"image\":{\"@id\":\"https:\\\/\\\/lospoliticosveracruz.com\\\/#\\\/schema\\\/logo\\\/image\\\/\"},\"sameAs\":[\"https:\\\/\\\/www.facebook.com\\\/people\\\/Notimemes-de-los-Polticos\\\/61565672886568\\\/\",\"https:\\\/\\\/x.com\\\/LosPoliticosVer\"]},{\"@type\":\"Person\",\"@id\":\"https:\\\/\\\/lospoliticosveracruz.com\\\/#\\\/schema\\\/person\\\/b8702bb0e538456e6efd07080bf2a4a2\",\"name\":\"Lo viste en Los Pol\u00edticos\",\"image\":{\"@type\":\"ImageObject\",\"inLanguage\":\"es\",\"@id\":\"https:\\\/\\\/secure.gravatar.com\\\/avatar\\\/3a8de04a2656d44082be478bd6c086daa447c4651605818287b9532d3d0bd435?s=96&d=mm&r=g\",\"url\":\"https:\\\/\\\/secure.gravatar.com\\\/avatar\\\/3a8de04a2656d44082be478bd6c086daa447c4651605818287b9532d3d0bd435?s=96&d=mm&r=g\",\"contentUrl\":\"https:\\\/\\\/secure.gravatar.com\\\/avatar\\\/3a8de04a2656d44082be478bd6c086daa447c4651605818287b9532d3d0bd435?s=96&d=mm&r=g\",\"caption\":\"Lo viste en Los Pol\u00edticos\"},\"url\":\"https:\\\/\\\/lospoliticosveracruz.com\\\/?author=2\"}]}<\/script>\n<!-- \/ Yoast SEO plugin. -->","yoast_head_json":{"title":"EL AGENTE DE EL CASTILLO - Los pol\u00edticos Veracruz","robots":{"index":"index","follow":"follow","max-snippet":"max-snippet:-1","max-image-preview":"max-image-preview:large","max-video-preview":"max-video-preview:-1"},"canonical":"https:\/\/lospoliticosveracruz.com\/?p=166017","og_locale":"es_ES","og_type":"article","og_title":"EL AGENTE DE EL CASTILLO - Los pol\u00edticos Veracruz","og_description":"Enrique Yasser Pompeyo&nbsp; Mesa de Redacci\u00f3n El agente municipal de El Castillo, \u00d3scar Luna Mendoza, quien el pr\u00f3ximo 30 de abril concluye su encargo, este jueves dio declaraciones medi\u00e1ticas para, seg\u00fan dijo, \u201climpiar\u201d su nombre, porque asegura que hay una \u201ccampa\u00f1a\u201d en su contra. Sin embargo, comenz\u00f3 con un tema, lo cambi\u00f3 por otro y [&hellip;]","og_url":"https:\/\/lospoliticosveracruz.com\/?p=166017","og_site_name":"Los pol\u00edticos Veracruz","article_publisher":"https:\/\/www.facebook.com\/people\/Notimemes-de-los-Polticos\/61565672886568\/","article_published_time":"2026-03-13T01:21:18+00:00","article_modified_time":"2026-03-13T01:21:19+00:00","og_image":[{"width":1250,"height":667,"url":"https:\/\/lospoliticosveracruz.com\/wp-content\/uploads\/2025\/04\/Pompeyo.jpg","type":"image\/jpeg"}],"author":"Lo viste en Los Pol\u00edticos","twitter_card":"summary_large_image","twitter_creator":"@LosPoliticosVer","twitter_site":"@LosPoliticosVer","twitter_misc":{"Escrito por":"Lo viste en Los Pol\u00edticos","Tiempo de lectura":"2 minutos"},"schema":{"@context":"https:\/\/schema.org","@graph":[{"@type":"Article","@id":"https:\/\/lospoliticosveracruz.com\/?p=166017#article","isPartOf":{"@id":"https:\/\/lospoliticosveracruz.com\/?p=166017"},"author":{"name":"Lo viste en Los Pol\u00edticos","@id":"https:\/\/lospoliticosveracruz.com\/#\/schema\/person\/b8702bb0e538456e6efd07080bf2a4a2"},"headline":"EL AGENTE DE EL CASTILLO","datePublished":"2026-03-13T01:21:18+00:00","dateModified":"2026-03-13T01:21:19+00:00","mainEntityOfPage":{"@id":"https:\/\/lospoliticosveracruz.com\/?p=166017"},"wordCount":352,"publisher":{"@id":"https:\/\/lospoliticosveracruz.com\/#organization"},"image":{"@id":"https:\/\/lospoliticosveracruz.com\/?p=166017#primaryimage"},"thumbnailUrl":"https:\/\/lospoliticosveracruz.com\/wp-content\/uploads\/2025\/04\/Pompeyo-e1776307406459.jpg","keywords":["conflicto servicios ejido dominio pleno","congregaciones Chiltoyac El Tronconal Las Trancas","El Castillo Xalapa nuevo municipio propuesta","\u00d3scar Luna Mendoza agente El Castillo","Rom\u00e1n Moreno Hern\u00e1ndez Movimiento Ciudadano"],"articleSection":["De Opini\u00f3n"],"inLanguage":"es"},{"@type":"WebPage","@id":"https:\/\/lospoliticosveracruz.com\/?p=166017","url":"https:\/\/lospoliticosveracruz.com\/?p=166017","name":"EL AGENTE DE EL CASTILLO - Los pol\u00edticos Veracruz","isPartOf":{"@id":"https:\/\/lospoliticosveracruz.com\/#website"},"primaryImageOfPage":{"@id":"https:\/\/lospoliticosveracruz.com\/?p=166017#primaryimage"},"image":{"@id":"https:\/\/lospoliticosveracruz.com\/?p=166017#primaryimage"},"thumbnailUrl":"https:\/\/lospoliticosveracruz.com\/wp-content\/uploads\/2025\/04\/Pompeyo-e1776307406459.jpg","datePublished":"2026-03-13T01:21:18+00:00","dateModified":"2026-03-13T01:21:19+00:00","breadcrumb":{"@id":"https:\/\/lospoliticosveracruz.com\/?p=166017#breadcrumb"},"inLanguage":"es","potentialAction":[{"@type":"ReadAction","target":["https:\/\/lospoliticosveracruz.com\/?p=166017"]}]},{"@type":"ImageObject","inLanguage":"es","@id":"https:\/\/lospoliticosveracruz.com\/?p=166017#primaryimage","url":"https:\/\/lospoliticosveracruz.com\/wp-content\/uploads\/2025\/04\/Pompeyo-e1776307406459.jpg","contentUrl":"https:\/\/lospoliticosveracruz.com\/wp-content\/uploads\/2025\/04\/Pompeyo-e1776307406459.jpg","width":600,"height":320},{"@type":"BreadcrumbList","@id":"https:\/\/lospoliticosveracruz.com\/?p=166017#breadcrumb","itemListElement":[{"@type":"ListItem","position":1,"name":"Portada","item":"https:\/\/lospoliticosveracruz.com\/"},{"@type":"ListItem","position":2,"name":"EL AGENTE DE EL CASTILLO"}]},{"@type":"WebSite","@id":"https:\/\/lospoliticosveracruz.com\/#website","url":"https:\/\/lospoliticosveracruz.com\/","name":"Los pol\u00edticos Veracruz","description":"","publisher":{"@id":"https:\/\/lospoliticosveracruz.com\/#organization"},"potentialAction":[{"@type":"SearchAction","target":{"@type":"EntryPoint","urlTemplate":"https:\/\/lospoliticosveracruz.com\/?s={search_term_string}"},"query-input":{"@type":"PropertyValueSpecification","valueRequired":true,"valueName":"search_term_string"}}],"inLanguage":"es"},{"@type":"Organization","@id":"https:\/\/lospoliticosveracruz.com\/#organization","name":"Los pol\u00edticos Veracruz","url":"https:\/\/lospoliticosveracruz.com\/","logo":{"@type":"ImageObject","inLanguage":"es","@id":"https:\/\/lospoliticosveracruz.com\/#\/schema\/logo\/image\/","url":"https:\/\/lospoliticosveracruz.com\/wp-content\/uploads\/2025\/12\/Logo-Nuevo-LOS-POLITICOS-1.jpg","contentUrl":"https:\/\/lospoliticosveracruz.com\/wp-content\/uploads\/2025\/12\/Logo-Nuevo-LOS-POLITICOS-1.jpg","width":260,"height":70,"caption":"Los pol\u00edticos Veracruz"},"image":{"@id":"https:\/\/lospoliticosveracruz.com\/#\/schema\/logo\/image\/"},"sameAs":["https:\/\/www.facebook.com\/people\/Notimemes-de-los-Polticos\/61565672886568\/","https:\/\/x.com\/LosPoliticosVer"]},{"@type":"Person","@id":"https:\/\/lospoliticosveracruz.com\/#\/schema\/person\/b8702bb0e538456e6efd07080bf2a4a2","name":"Lo viste en Los Pol\u00edticos","image":{"@type":"ImageObject","inLanguage":"es","@id":"https:\/\/secure.gravatar.com\/avatar\/3a8de04a2656d44082be478bd6c086daa447c4651605818287b9532d3d0bd435?s=96&d=mm&r=g","url":"https:\/\/secure.gravatar.com\/avatar\/3a8de04a2656d44082be478bd6c086daa447c4651605818287b9532d3d0bd435?s=96&d=mm&r=g","contentUrl":"https:\/\/secure.gravatar.com\/avatar\/3a8de04a2656d44082be478bd6c086daa447c4651605818287b9532d3d0bd435?s=96&d=mm&r=g","caption":"Lo viste en Los Pol\u00edticos"},"url":"https:\/\/lospoliticosveracruz.com\/?author=2"}]}},"_links":{"self":[{"href":"https:\/\/lospoliticosveracruz.com\/index.php?rest_route=\/wp\/v2\/posts\/166017","targetHints":{"allow":["GET"]}}],"collection":[{"href":"https:\/\/lospoliticosveracruz.com\/index.php?rest_route=\/wp\/v2\/posts"}],"about":[{"href":"https:\/\/lospoliticosveracruz.com\/index.php?rest_route=\/wp\/v2\/types\/post"}],"author":[{"embeddable":true,"href":"https:\/\/lospoliticosveracruz.com\/index.php?rest_route=\/wp\/v2\/users\/2"}],"replies":[{"embeddable":true,"href":"https:\/\/lospoliticosveracruz.com\/index.php?rest_route=%2Fwp%2Fv2%2Fcomments&post=166017"}],"version-history":[{"count":1,"href":"https:\/\/lospoliticosveracruz.com\/index.php?rest_route=\/wp\/v2\/posts\/166017\/revisions"}],"predecessor-version":[{"id":166018,"href":"https:\/\/lospoliticosveracruz.com\/index.php?rest_route=\/wp\/v2\/posts\/166017\/revisions\/166018"}],"wp:featuredmedia":[{"embeddable":true,"href":"https:\/\/lospoliticosveracruz.com\/index.php?rest_route=\/wp\/v2\/media\/141425"}],"wp:attachment":[{"href":"https:\/\/lospoliticosveracruz.com\/index.php?rest_route=%2Fwp%2Fv2%2Fmedia&parent=166017"}],"wp:term":[{"taxonomy":"category","embeddable":true,"href":"https:\/\/lospoliticosveracruz.com\/index.php?rest_route=%2Fwp%2Fv2%2Fcategories&post=166017"},{"taxonomy":"post_tag","embeddable":true,"href":"https:\/\/lospoliticosveracruz.com\/index.php?rest_route=%2Fwp%2Fv2%2Ftags&post=166017"}],"curies":[{"name":"wp","href":"https:\/\/api.w.org\/{rel}","templated":true}]}}