{"id":166019,"date":"2026-03-12T19:30:02","date_gmt":"2026-03-13T01:30:02","guid":{"rendered":"https:\/\/lospoliticosveracruz.com\/?p=166019"},"modified":"2026-03-12T19:30:03","modified_gmt":"2026-03-13T01:30:03","slug":"antes-de-fin-del-ano-plan-b-se-concreta","status":"publish","type":"post","link":"https:\/\/lospoliticosveracruz.com\/?p=166019","title":{"rendered":"ANTES DE FIN DEL A\u00d1O, PLAN \u00abB\u00bb SE CONCRETA\u00a0"},"content":{"rendered":"\n<p><strong>Jos\u00e9 Luis Enr\u00edquez Ambell<\/strong><\/p>\n\n\n\n<p><em>Caf\u00e9 de Ma\u00f1ana<\/em><\/p>\n\n\n\n<p>La pretendida construcci\u00f3n y preparaci\u00f3n de la iniciativa que promueve la Presidenta Claudia Sheinbaum para la Reforma Electoral es un tema que ronda entre lo pol\u00edtico, econ\u00f3mico y electoral, pues la titular del Poder Ejecutivo Federal ha venido reiterando disminuir el costo de las elecciones, el financiamiento a los partidos pol\u00edticos e incluso la dimensi\u00f3n del Poder Legislativo excesiva, en t\u00e9rminos del n\u00famero de los diputados y diputadas, as\u00ed como senadoras y senadores de la Rep\u00fablica.<\/p>\n\n\n\n<p>Desde febrero pasado se vino procesando esa propuesta y enviada al Congreso de la Uni\u00f3n, especificando factores pol\u00edticos y tambi\u00e9n econ\u00f3micos que llevaran a la reducci\u00f3n de los costos de la democracia, pues incluye que se le aparezca \u201cdo\u00f1a austeridad\u201d al sistema electoral en t\u00e9rminos del organismo aut\u00f3nomo (INE), as\u00ed como de los partidos pol\u00edticos, pues habr\u00e1 que reconocer que en los recientes a\u00f1os y elecciones los procesos electorales se han encarecido y quiz\u00e1 \u201caburguesado\u201d con cierto sesgo elitista que le alej\u00f3 del pueblo, y como muestra ha sido en poco o casi nulo poder para abatir el abstencionismo de los ciudadanos frente a las urnas.<\/p>\n\n\n\n<p>Y es que la participaci\u00f3n en las elecciones recientes \u2014federal y local\u2014 siempre reviste un tema importante para dotar de la mayor legitimidad el resultado de los comicios, ya que con ella se manifiesta en las urnas la aceptaci\u00f3n popular con que cuenta un gobernante, lo que le redituar\u00e1 un excelente bono democr\u00e1tico a la hora de ejercer su cargo. Sin embargo, cuando la participaci\u00f3n de la ciudadan\u00eda va a la baja, esto es, cuando no acuden en mayor n\u00famero a respaldar una opci\u00f3n pol\u00edtica, el gobernante electo, al no contar con el suficiente apoyo popular, puede afrontar problemas de legitimidad e incluso de gobernabilidad, y aqu\u00ed al menos queda muy claro que en el sentido de promover la participaci\u00f3n ciudadana en materia electoral presenta una erosi\u00f3n o grieta tanto el INE y (OPLE, caso Veracruz), as\u00ed como los partidos y candidatos.<\/p>\n\n\n\n<p>La Presidenta Sheinbaum ha dicho y sigue sosteniendo, junto con sus aliados y equipo que le rodea, que el sistema pol\u00edtico electoral mexicano tiene elevados costos incluso sin que medie proceso alguno, o sea, cuando no hay elecciones, y es verdad.<\/p>\n\n\n\n<p>Y es que tan solo en 2026 absorber\u00e1 m\u00e1s de 40,000 millones de pesos si se consideran los 7,700 millones que se entregar\u00e1n a los partidos pol\u00edticos nacionales para su gasto ordinario; otros 7,000 millones que reciben los partidos a nivel estatal; el presupuesto del Instituto Nacional Electoral (INE), de 14,099 millones de pesos en 2026 \u2014un a\u00f1o sin elecciones federales\u2014; el Tribunal Electoral del Poder Judicial de la Federaci\u00f3n (TEPJF), que ejercer\u00e1 3,749 millones de pesos; los 32 Organismos P\u00fablicos Locales Electorales (OPLE), a los que los estados destinan alrededor de 10,000 millones de pesos anualmente; y los 32 tribunales electorales de los estados, que cuestan alrededor de 2,400 millones de pesos.<\/p>\n\n\n\n<p>A lo anterior habr\u00e1 que sumar que existen encuestas y mediciones en donde opina la poblaci\u00f3n y ciudadan\u00eda \u2014con preocupaci\u00f3n\u2014 en t\u00e9rminos del elevado presupuesto para los partidos pol\u00edticos y elecciones. Y es que resulta un secreto a voces el hecho de que la poblaci\u00f3n coincide en la reducci\u00f3n de los recursos p\u00fablicos para los partidos y los organismos aut\u00f3nomos constitucionales electorales.<\/p>\n\n\n\n<p>Y por si fuera poco, en los foros de consulta que al respecto de la reforma electoral se hicieron aparecieron voces en torno a considerar la reducci\u00f3n de las C\u00e1maras del Congreso de la Uni\u00f3n y en los estados de la Rep\u00fablica, pues actualmente el Poder Legislativo Federal lo componen 500 diputaciones y 128 senadur\u00edas. Si bien la eliminaci\u00f3n de las llamadas plurinominales es un tema que se demanda por la ciudadan\u00eda en las encuestas de opini\u00f3n y que la propia Sheinbaum lleg\u00f3 a plantear al inicio de su gobierno, \u201clos integrantes de la Comisi\u00f3n ya han descartado eliminar la de Representaci\u00f3n Proporcional\u201d, que hoy permite la representaci\u00f3n de minor\u00edas en el Poder Legislativo.<\/p>\n\n\n\n<p>Tambi\u00e9n en este tema las cifras pesan: en el Presupuesto de Egresos de la Federaci\u00f3n 2026 se contemplaron 17,529 millones de pesos para el Poder Legislativo, ejercidos por la C\u00e1mara de Diputados (9,602 millones), el Senado de la Rep\u00fablica (5,103 millones) y la Auditor\u00eda Superior de la Federaci\u00f3n (2,822 millones). Sin embargo, la Comisi\u00f3n a\u00fan no ha llegado a la f\u00f3rmula definitiva para lograr los dos objetivos: \u201creducir el tama\u00f1o y los costos de las C\u00e1maras y mantener la Representaci\u00f3n Proporcional\u201d.<\/p>\n\n\n\n<p>Ahora bien, en las dos rutas Morena tendr\u00e1 que revisar qu\u00e9 posici\u00f3n definen los partidos aliados \u2014PVEM y PT\u2014 y los acuerdos con otros actores pol\u00edticos que se le han sumado en lo individual y colectivo, no precisamente con las siglas partidistas. Y es que en ambos temas Morena tambi\u00e9n tiene que considerar la postura de sus partidos aliados, PVEM y PT, que se han manifestado en contra de la desaparici\u00f3n de los plurinominales y la reducci\u00f3n de las prerrogativas.<\/p>\n\n\n\n<p>En ese sentido, el PVEM tiene actualmente 62 diputados y 14 senadores, mientras el PT cuenta con 49 diputados y 6 senadores. Sin esos votos, Morena no alcanz\u00f3 la mayor\u00eda calificada (335 diputados y 86 senadores), necesaria para modificar la Constituci\u00f3n. Por lo tanto, la reforma pol\u00edtico-electoral de la Presidenta se prepara para el Plan B, y as\u00ed llegar a una propuesta que satisfaga a todos sus aliados.<\/p>\n\n\n\n<p>Habr\u00e1 que sumarle que \u201ca\u00fan hay varios temas que debatir\u201d antes de llegar a un proyecto final de reforma \u2014en el Plan B\u2014 y para ello, hace unas horas se reuni\u00f3 con coordinadores parlamentarios de Morena, quienes tienen que presentarle los escenarios de negociaci\u00f3n con el PVEM y PT junto con el presidente de la Comisi\u00f3n Presidencial para la Reforma Electoral, Pablo G\u00f3mez \u00c1lvarez.<\/p>\n\n\n\n<p>En alg\u00fan momento Monreal anticip\u00f3 que en la ruta de la discusi\u00f3n y aprobaci\u00f3n de la reforma \u2014que inici\u00f3 desde su presentaci\u00f3n p\u00fablica en enero y el env\u00edo de la iniciativa formal al Congreso al arranque del periodo ordinario de sesiones\u2014 la reforma ya se ve\u00eda tendr\u00eda tropiezos a discutirse y aprobarse entre febrero y marzo, para ajustar las leyes secundarias en el mes de abril; pero ahora solo significa que hay un desfase, pues este mismo a\u00f1o en otro periodo del ejercicio legislativo saldr\u00e1 de alguna manera u otra, pero saldr\u00e1 adelante la reforma.<\/p>\n\n\n\n<p>Y es que el l\u00edmite legal para la aprobaci\u00f3n de cambios a las leyes electorales es el 31 de mayo, para que puedan entrar en vigor en las elecciones federales intermedias de 2027, cuando tambi\u00e9n se renovar\u00e1n 17 gubernaturas, 31 Congresos locales y ayuntamientos en casi todo el pa\u00eds.<\/p>\n\n\n\n<p>DE SOBREMESA<\/p>\n\n\n\n<p>La Reforma Electoral conlleva modificar a los organismos electorales (federal y locales), y donde cabe decir que el Dip. Ricardo Monreal ha criticado que cuentan con excesiva burocracia, elevados costos de operaci\u00f3n y \u201cuna duplicidad de funciones\u201d. Incluso, AMLO en su momento propuso la desaparici\u00f3n de los 32 OPLE, aunque Guadalupe Taddei (INE) ha planteado en diversos foros la necesidad de mantener a los OPLE\u2019s, adelgazados quiz\u00e1, y los defienden algunos gobernadores.<\/p>\n\n\n\n<p>UN CAF\u00c9 LECHERO LIGHT<\/p>\n\n\n\n<p>En pr\u00f3ximas semanas veremos si el Plan B transita por un camino de menos baches y de la mano de la concordia, o al menos sin asperezas entre partidos \u2014Morena, PVEM y PT\u2014, sobre todo por el tema de las modificaciones en torno a la representaci\u00f3n proporcional, o sea, \u201clas posiciones legislativas plurinominales\u201d, y en donde \u201clos chapulines\u201d estar\u00edan a la espera de participar y evitando toda confrontaci\u00f3n al amparo de los acuerdos, \u201cpero para qu\u00e9 adivinar lo que se va a saber\u201d.<\/p>\n\n\n\n<p>UN CAF\u00c9 CON PILONCILLO&nbsp;<\/p>\n\n\n\n<p>Tiempo de cambios en oficinas en el sector gobierno federal y local en Veracruz.<\/p>\n\n\n\n<p>Con la llegada de la Maestra&nbsp;&nbsp;B\u00e1rbara Galindo a la Contralor\u00eda General del Estado iniciaron los ajustes en el engranaje del control y evaluaci\u00f3n ubicados en las Contralorias Internas en las Dependencias del Poder Ejecutivo.<\/p>\n\n\n\n<p>Y en unas horas, por acuerdo de la Presidenta Sheinbaum habr\u00eda ajustes en las plantillas de las representaciones del gobierno de la rep\u00fablica en el territorio veracruzano.&nbsp;<\/p>\n\n\n\n<p>\u00a1ES CUANTO!<\/p>\n\n\n\n<p>enriquezambell@gmail.com;<\/p>\n\n\n\n<p>enamjl62@gmail.com<\/p>\n","protected":false},"excerpt":{"rendered":"<p>Jos\u00e9 Luis Enr\u00edquez Ambell Caf\u00e9 de Ma\u00f1ana La pretendida construcci\u00f3n y preparaci\u00f3n de la iniciativa que promueve la Presidenta Claudia Sheinbaum para la Reforma Electoral es un tema que ronda entre lo pol\u00edtico, econ\u00f3mico y electoral, pues la titular del Poder Ejecutivo Federal ha venido reiterando disminuir el costo de las elecciones, el financiamiento a [&hellip;]<\/p>\n","protected":false},"author":2,"featured_media":141435,"comment_status":"closed","ping_status":"closed","sticky":false,"template":"","format":"standard","meta":{"tdm_status":"","tdm_grid_status":"","footnotes":""},"categories":[70],"tags":[],"class_list":{"0":"post-166019","1":"post","2":"type-post","3":"status-publish","4":"format-standard","5":"has-post-thumbnail","7":"category-de-opinion"},"yoast_head":"<!-- This site is optimized with the Yoast SEO plugin v27.4 - https:\/\/yoast.com\/product\/yoast-seo-wordpress\/ -->\n<title>ANTES DE FIN DEL A\u00d1O, PLAN &quot;B&quot; SE CONCRETA\u00a0 - Los pol\u00edticos Veracruz<\/title>\n<meta name=\"robots\" content=\"index, follow, max-snippet:-1, max-image-preview:large, max-video-preview:-1\" \/>\n<link rel=\"canonical\" href=\"https:\/\/lospoliticosveracruz.com\/?p=166019\" \/>\n<meta property=\"og:locale\" content=\"es_ES\" \/>\n<meta property=\"og:type\" content=\"article\" \/>\n<meta property=\"og:title\" content=\"ANTES DE FIN DEL A\u00d1O, PLAN &quot;B&quot; SE CONCRETA\u00a0 - Los pol\u00edticos Veracruz\" \/>\n<meta property=\"og:description\" content=\"Jos\u00e9 Luis Enr\u00edquez Ambell Caf\u00e9 de Ma\u00f1ana La pretendida construcci\u00f3n y preparaci\u00f3n de la iniciativa que promueve la Presidenta Claudia Sheinbaum para la Reforma Electoral es un tema que ronda entre lo pol\u00edtico, econ\u00f3mico y electoral, pues la titular del Poder Ejecutivo Federal ha venido reiterando disminuir el costo de las elecciones, el financiamiento a [&hellip;]\" \/>\n<meta property=\"og:url\" content=\"https:\/\/lospoliticosveracruz.com\/?p=166019\" \/>\n<meta property=\"og:site_name\" content=\"Los pol\u00edticos Veracruz\" \/>\n<meta property=\"article:publisher\" content=\"https:\/\/www.facebook.com\/people\/Notimemes-de-los-Polticos\/61565672886568\/\" \/>\n<meta property=\"article:published_time\" content=\"2026-03-13T01:30:02+00:00\" \/>\n<meta property=\"article:modified_time\" content=\"2026-03-13T01:30:03+00:00\" \/>\n<meta property=\"og:image\" content=\"https:\/\/lospoliticosveracruz.com\/wp-content\/uploads\/2025\/04\/Ambell.jpg\" \/>\n\t<meta property=\"og:image:width\" content=\"1250\" \/>\n\t<meta property=\"og:image:height\" content=\"667\" \/>\n\t<meta property=\"og:image:type\" content=\"image\/jpeg\" \/>\n<meta name=\"author\" content=\"Lo viste en Los Pol\u00edticos\" \/>\n<meta name=\"twitter:card\" content=\"summary_large_image\" \/>\n<meta name=\"twitter:creator\" content=\"@LosPoliticosVer\" \/>\n<meta name=\"twitter:site\" content=\"@LosPoliticosVer\" \/>\n<meta name=\"twitter:label1\" content=\"Escrito por\" \/>\n\t<meta name=\"twitter:data1\" content=\"Lo viste en Los Pol\u00edticos\" \/>\n\t<meta name=\"twitter:label2\" content=\"Tiempo de lectura\" \/>\n\t<meta name=\"twitter:data2\" content=\"7 minutos\" \/>\n<script type=\"application\/ld+json\" class=\"yoast-schema-graph\">{\"@context\":\"https:\\\/\\\/schema.org\",\"@graph\":[{\"@type\":\"Article\",\"@id\":\"https:\\\/\\\/lospoliticosveracruz.com\\\/?p=166019#article\",\"isPartOf\":{\"@id\":\"https:\\\/\\\/lospoliticosveracruz.com\\\/?p=166019\"},\"author\":{\"name\":\"Lo viste en Los Pol\u00edticos\",\"@id\":\"https:\\\/\\\/lospoliticosveracruz.com\\\/#\\\/schema\\\/person\\\/b8702bb0e538456e6efd07080bf2a4a2\"},\"headline\":\"ANTES DE FIN DEL A\u00d1O, PLAN \u00abB\u00bb SE CONCRETA\u00a0\",\"datePublished\":\"2026-03-13T01:30:02+00:00\",\"dateModified\":\"2026-03-13T01:30:03+00:00\",\"mainEntityOfPage\":{\"@id\":\"https:\\\/\\\/lospoliticosveracruz.com\\\/?p=166019\"},\"wordCount\":1441,\"publisher\":{\"@id\":\"https:\\\/\\\/lospoliticosveracruz.com\\\/#organization\"},\"image\":{\"@id\":\"https:\\\/\\\/lospoliticosveracruz.com\\\/?p=166019#primaryimage\"},\"thumbnailUrl\":\"https:\\\/\\\/lospoliticosveracruz.com\\\/wp-content\\\/uploads\\\/2025\\\/04\\\/Ambell.jpg\",\"articleSection\":[\"De Opini\u00f3n\"],\"inLanguage\":\"es\"},{\"@type\":\"WebPage\",\"@id\":\"https:\\\/\\\/lospoliticosveracruz.com\\\/?p=166019\",\"url\":\"https:\\\/\\\/lospoliticosveracruz.com\\\/?p=166019\",\"name\":\"ANTES DE FIN DEL A\u00d1O, PLAN \\\"B\\\" SE CONCRETA\u00a0 - Los pol\u00edticos Veracruz\",\"isPartOf\":{\"@id\":\"https:\\\/\\\/lospoliticosveracruz.com\\\/#website\"},\"primaryImageOfPage\":{\"@id\":\"https:\\\/\\\/lospoliticosveracruz.com\\\/?p=166019#primaryimage\"},\"image\":{\"@id\":\"https:\\\/\\\/lospoliticosveracruz.com\\\/?p=166019#primaryimage\"},\"thumbnailUrl\":\"https:\\\/\\\/lospoliticosveracruz.com\\\/wp-content\\\/uploads\\\/2025\\\/04\\\/Ambell.jpg\",\"datePublished\":\"2026-03-13T01:30:02+00:00\",\"dateModified\":\"2026-03-13T01:30:03+00:00\",\"breadcrumb\":{\"@id\":\"https:\\\/\\\/lospoliticosveracruz.com\\\/?p=166019#breadcrumb\"},\"inLanguage\":\"es\",\"potentialAction\":[{\"@type\":\"ReadAction\",\"target\":[\"https:\\\/\\\/lospoliticosveracruz.com\\\/?p=166019\"]}]},{\"@type\":\"ImageObject\",\"inLanguage\":\"es\",\"@id\":\"https:\\\/\\\/lospoliticosveracruz.com\\\/?p=166019#primaryimage\",\"url\":\"https:\\\/\\\/lospoliticosveracruz.com\\\/wp-content\\\/uploads\\\/2025\\\/04\\\/Ambell.jpg\",\"contentUrl\":\"https:\\\/\\\/lospoliticosveracruz.com\\\/wp-content\\\/uploads\\\/2025\\\/04\\\/Ambell.jpg\",\"width\":1250,\"height\":667},{\"@type\":\"BreadcrumbList\",\"@id\":\"https:\\\/\\\/lospoliticosveracruz.com\\\/?p=166019#breadcrumb\",\"itemListElement\":[{\"@type\":\"ListItem\",\"position\":1,\"name\":\"Portada\",\"item\":\"https:\\\/\\\/lospoliticosveracruz.com\\\/\"},{\"@type\":\"ListItem\",\"position\":2,\"name\":\"ANTES DE FIN DEL A\u00d1O, PLAN \u00abB\u00bb SE CONCRETA\u00a0\"}]},{\"@type\":\"WebSite\",\"@id\":\"https:\\\/\\\/lospoliticosveracruz.com\\\/#website\",\"url\":\"https:\\\/\\\/lospoliticosveracruz.com\\\/\",\"name\":\"Los pol\u00edticos Veracruz\",\"description\":\"\",\"publisher\":{\"@id\":\"https:\\\/\\\/lospoliticosveracruz.com\\\/#organization\"},\"potentialAction\":[{\"@type\":\"SearchAction\",\"target\":{\"@type\":\"EntryPoint\",\"urlTemplate\":\"https:\\\/\\\/lospoliticosveracruz.com\\\/?s={search_term_string}\"},\"query-input\":{\"@type\":\"PropertyValueSpecification\",\"valueRequired\":true,\"valueName\":\"search_term_string\"}}],\"inLanguage\":\"es\"},{\"@type\":\"Organization\",\"@id\":\"https:\\\/\\\/lospoliticosveracruz.com\\\/#organization\",\"name\":\"Los pol\u00edticos Veracruz\",\"url\":\"https:\\\/\\\/lospoliticosveracruz.com\\\/\",\"logo\":{\"@type\":\"ImageObject\",\"inLanguage\":\"es\",\"@id\":\"https:\\\/\\\/lospoliticosveracruz.com\\\/#\\\/schema\\\/logo\\\/image\\\/\",\"url\":\"https:\\\/\\\/lospoliticosveracruz.com\\\/wp-content\\\/uploads\\\/2025\\\/12\\\/Logo-Nuevo-LOS-POLITICOS-1.jpg\",\"contentUrl\":\"https:\\\/\\\/lospoliticosveracruz.com\\\/wp-content\\\/uploads\\\/2025\\\/12\\\/Logo-Nuevo-LOS-POLITICOS-1.jpg\",\"width\":260,\"height\":70,\"caption\":\"Los pol\u00edticos Veracruz\"},\"image\":{\"@id\":\"https:\\\/\\\/lospoliticosveracruz.com\\\/#\\\/schema\\\/logo\\\/image\\\/\"},\"sameAs\":[\"https:\\\/\\\/www.facebook.com\\\/people\\\/Notimemes-de-los-Polticos\\\/61565672886568\\\/\",\"https:\\\/\\\/x.com\\\/LosPoliticosVer\"]},{\"@type\":\"Person\",\"@id\":\"https:\\\/\\\/lospoliticosveracruz.com\\\/#\\\/schema\\\/person\\\/b8702bb0e538456e6efd07080bf2a4a2\",\"name\":\"Lo viste en Los Pol\u00edticos\",\"image\":{\"@type\":\"ImageObject\",\"inLanguage\":\"es\",\"@id\":\"https:\\\/\\\/secure.gravatar.com\\\/avatar\\\/3a8de04a2656d44082be478bd6c086daa447c4651605818287b9532d3d0bd435?s=96&d=mm&r=g\",\"url\":\"https:\\\/\\\/secure.gravatar.com\\\/avatar\\\/3a8de04a2656d44082be478bd6c086daa447c4651605818287b9532d3d0bd435?s=96&d=mm&r=g\",\"contentUrl\":\"https:\\\/\\\/secure.gravatar.com\\\/avatar\\\/3a8de04a2656d44082be478bd6c086daa447c4651605818287b9532d3d0bd435?s=96&d=mm&r=g\",\"caption\":\"Lo viste en Los Pol\u00edticos\"},\"url\":\"https:\\\/\\\/lospoliticosveracruz.com\\\/?author=2\"}]}<\/script>\n<!-- \/ Yoast SEO plugin. -->","yoast_head_json":{"title":"ANTES DE FIN DEL A\u00d1O, PLAN \"B\" SE CONCRETA\u00a0 - Los pol\u00edticos Veracruz","robots":{"index":"index","follow":"follow","max-snippet":"max-snippet:-1","max-image-preview":"max-image-preview:large","max-video-preview":"max-video-preview:-1"},"canonical":"https:\/\/lospoliticosveracruz.com\/?p=166019","og_locale":"es_ES","og_type":"article","og_title":"ANTES DE FIN DEL A\u00d1O, PLAN \"B\" SE CONCRETA\u00a0 - Los pol\u00edticos Veracruz","og_description":"Jos\u00e9 Luis Enr\u00edquez Ambell Caf\u00e9 de Ma\u00f1ana La pretendida construcci\u00f3n y preparaci\u00f3n de la iniciativa que promueve la Presidenta Claudia Sheinbaum para la Reforma Electoral es un tema que ronda entre lo pol\u00edtico, econ\u00f3mico y electoral, pues la titular del Poder Ejecutivo Federal ha venido reiterando disminuir el costo de las elecciones, el financiamiento a [&hellip;]","og_url":"https:\/\/lospoliticosveracruz.com\/?p=166019","og_site_name":"Los pol\u00edticos Veracruz","article_publisher":"https:\/\/www.facebook.com\/people\/Notimemes-de-los-Polticos\/61565672886568\/","article_published_time":"2026-03-13T01:30:02+00:00","article_modified_time":"2026-03-13T01:30:03+00:00","og_image":[{"width":1250,"height":667,"url":"https:\/\/lospoliticosveracruz.com\/wp-content\/uploads\/2025\/04\/Ambell.jpg","type":"image\/jpeg"}],"author":"Lo viste en Los Pol\u00edticos","twitter_card":"summary_large_image","twitter_creator":"@LosPoliticosVer","twitter_site":"@LosPoliticosVer","twitter_misc":{"Escrito por":"Lo viste en Los Pol\u00edticos","Tiempo de lectura":"7 minutos"},"schema":{"@context":"https:\/\/schema.org","@graph":[{"@type":"Article","@id":"https:\/\/lospoliticosveracruz.com\/?p=166019#article","isPartOf":{"@id":"https:\/\/lospoliticosveracruz.com\/?p=166019"},"author":{"name":"Lo viste en Los Pol\u00edticos","@id":"https:\/\/lospoliticosveracruz.com\/#\/schema\/person\/b8702bb0e538456e6efd07080bf2a4a2"},"headline":"ANTES DE FIN DEL A\u00d1O, PLAN \u00abB\u00bb SE CONCRETA\u00a0","datePublished":"2026-03-13T01:30:02+00:00","dateModified":"2026-03-13T01:30:03+00:00","mainEntityOfPage":{"@id":"https:\/\/lospoliticosveracruz.com\/?p=166019"},"wordCount":1441,"publisher":{"@id":"https:\/\/lospoliticosveracruz.com\/#organization"},"image":{"@id":"https:\/\/lospoliticosveracruz.com\/?p=166019#primaryimage"},"thumbnailUrl":"https:\/\/lospoliticosveracruz.com\/wp-content\/uploads\/2025\/04\/Ambell.jpg","articleSection":["De Opini\u00f3n"],"inLanguage":"es"},{"@type":"WebPage","@id":"https:\/\/lospoliticosveracruz.com\/?p=166019","url":"https:\/\/lospoliticosveracruz.com\/?p=166019","name":"ANTES DE FIN DEL A\u00d1O, PLAN \"B\" SE CONCRETA\u00a0 - Los pol\u00edticos Veracruz","isPartOf":{"@id":"https:\/\/lospoliticosveracruz.com\/#website"},"primaryImageOfPage":{"@id":"https:\/\/lospoliticosveracruz.com\/?p=166019#primaryimage"},"image":{"@id":"https:\/\/lospoliticosveracruz.com\/?p=166019#primaryimage"},"thumbnailUrl":"https:\/\/lospoliticosveracruz.com\/wp-content\/uploads\/2025\/04\/Ambell.jpg","datePublished":"2026-03-13T01:30:02+00:00","dateModified":"2026-03-13T01:30:03+00:00","breadcrumb":{"@id":"https:\/\/lospoliticosveracruz.com\/?p=166019#breadcrumb"},"inLanguage":"es","potentialAction":[{"@type":"ReadAction","target":["https:\/\/lospoliticosveracruz.com\/?p=166019"]}]},{"@type":"ImageObject","inLanguage":"es","@id":"https:\/\/lospoliticosveracruz.com\/?p=166019#primaryimage","url":"https:\/\/lospoliticosveracruz.com\/wp-content\/uploads\/2025\/04\/Ambell.jpg","contentUrl":"https:\/\/lospoliticosveracruz.com\/wp-content\/uploads\/2025\/04\/Ambell.jpg","width":1250,"height":667},{"@type":"BreadcrumbList","@id":"https:\/\/lospoliticosveracruz.com\/?p=166019#breadcrumb","itemListElement":[{"@type":"ListItem","position":1,"name":"Portada","item":"https:\/\/lospoliticosveracruz.com\/"},{"@type":"ListItem","position":2,"name":"ANTES DE FIN DEL A\u00d1O, PLAN \u00abB\u00bb SE CONCRETA\u00a0"}]},{"@type":"WebSite","@id":"https:\/\/lospoliticosveracruz.com\/#website","url":"https:\/\/lospoliticosveracruz.com\/","name":"Los pol\u00edticos Veracruz","description":"","publisher":{"@id":"https:\/\/lospoliticosveracruz.com\/#organization"},"potentialAction":[{"@type":"SearchAction","target":{"@type":"EntryPoint","urlTemplate":"https:\/\/lospoliticosveracruz.com\/?s={search_term_string}"},"query-input":{"@type":"PropertyValueSpecification","valueRequired":true,"valueName":"search_term_string"}}],"inLanguage":"es"},{"@type":"Organization","@id":"https:\/\/lospoliticosveracruz.com\/#organization","name":"Los pol\u00edticos Veracruz","url":"https:\/\/lospoliticosveracruz.com\/","logo":{"@type":"ImageObject","inLanguage":"es","@id":"https:\/\/lospoliticosveracruz.com\/#\/schema\/logo\/image\/","url":"https:\/\/lospoliticosveracruz.com\/wp-content\/uploads\/2025\/12\/Logo-Nuevo-LOS-POLITICOS-1.jpg","contentUrl":"https:\/\/lospoliticosveracruz.com\/wp-content\/uploads\/2025\/12\/Logo-Nuevo-LOS-POLITICOS-1.jpg","width":260,"height":70,"caption":"Los pol\u00edticos Veracruz"},"image":{"@id":"https:\/\/lospoliticosveracruz.com\/#\/schema\/logo\/image\/"},"sameAs":["https:\/\/www.facebook.com\/people\/Notimemes-de-los-Polticos\/61565672886568\/","https:\/\/x.com\/LosPoliticosVer"]},{"@type":"Person","@id":"https:\/\/lospoliticosveracruz.com\/#\/schema\/person\/b8702bb0e538456e6efd07080bf2a4a2","name":"Lo viste en Los Pol\u00edticos","image":{"@type":"ImageObject","inLanguage":"es","@id":"https:\/\/secure.gravatar.com\/avatar\/3a8de04a2656d44082be478bd6c086daa447c4651605818287b9532d3d0bd435?s=96&d=mm&r=g","url":"https:\/\/secure.gravatar.com\/avatar\/3a8de04a2656d44082be478bd6c086daa447c4651605818287b9532d3d0bd435?s=96&d=mm&r=g","contentUrl":"https:\/\/secure.gravatar.com\/avatar\/3a8de04a2656d44082be478bd6c086daa447c4651605818287b9532d3d0bd435?s=96&d=mm&r=g","caption":"Lo viste en Los Pol\u00edticos"},"url":"https:\/\/lospoliticosveracruz.com\/?author=2"}]}},"_links":{"self":[{"href":"https:\/\/lospoliticosveracruz.com\/index.php?rest_route=\/wp\/v2\/posts\/166019","targetHints":{"allow":["GET"]}}],"collection":[{"href":"https:\/\/lospoliticosveracruz.com\/index.php?rest_route=\/wp\/v2\/posts"}],"about":[{"href":"https:\/\/lospoliticosveracruz.com\/index.php?rest_route=\/wp\/v2\/types\/post"}],"author":[{"embeddable":true,"href":"https:\/\/lospoliticosveracruz.com\/index.php?rest_route=\/wp\/v2\/users\/2"}],"replies":[{"embeddable":true,"href":"https:\/\/lospoliticosveracruz.com\/index.php?rest_route=%2Fwp%2Fv2%2Fcomments&post=166019"}],"version-history":[{"count":1,"href":"https:\/\/lospoliticosveracruz.com\/index.php?rest_route=\/wp\/v2\/posts\/166019\/revisions"}],"predecessor-version":[{"id":166020,"href":"https:\/\/lospoliticosveracruz.com\/index.php?rest_route=\/wp\/v2\/posts\/166019\/revisions\/166020"}],"wp:featuredmedia":[{"embeddable":true,"href":"https:\/\/lospoliticosveracruz.com\/index.php?rest_route=\/wp\/v2\/media\/141435"}],"wp:attachment":[{"href":"https:\/\/lospoliticosveracruz.com\/index.php?rest_route=%2Fwp%2Fv2%2Fmedia&parent=166019"}],"wp:term":[{"taxonomy":"category","embeddable":true,"href":"https:\/\/lospoliticosveracruz.com\/index.php?rest_route=%2Fwp%2Fv2%2Fcategories&post=166019"},{"taxonomy":"post_tag","embeddable":true,"href":"https:\/\/lospoliticosveracruz.com\/index.php?rest_route=%2Fwp%2Fv2%2Ftags&post=166019"}],"curies":[{"name":"wp","href":"https:\/\/api.w.org\/{rel}","templated":true}]}}