{"id":166028,"date":"2026-03-12T22:21:03","date_gmt":"2026-03-13T04:21:03","guid":{"rendered":"https:\/\/lospoliticosveracruz.com\/?p=166028"},"modified":"2026-03-12T22:21:04","modified_gmt":"2026-03-13T04:21:04","slug":"derrame-en-el-golfo","status":"publish","type":"post","link":"https:\/\/lospoliticosveracruz.com\/?p=166028","title":{"rendered":"DERRAME EN EL GOLFO"},"content":{"rendered":"\n<p><strong>Jos\u00e9 Luis Ortega Vidal<\/strong><br><em>Claroscuros<\/em><\/p>\n\n\n\n<p>(1)<br>Un elemento fundamental de an\u00e1lisis en torno al derrame de hidrocarburos en el golfo de M\u00e9xico, denunciado desde el pasado primero de marzo, estriba en abordar este tr\u00e1gico suceso m\u00e1s all\u00e1 de la noticia simple o el reportaje riguroso que no rebasa el nivel period\u00edstico.<br>Adem\u00e1s de la ruta geogr\u00e1fica del petr\u00f3leo derramado en Tabasco, debemos establecer puntos clave en los mapas culturales y ecol\u00f3gicos afectados.<br>Estamos ante ciento setenta kil\u00f3metros de litorales entre Tabasco y Veracruz, da\u00f1ados por el chapo.<br>Al mismo tiempo, en el caso de la Sierra de Santa Martha nos topamos con pueblos ind\u00edgenas \u2013nahuas y zoque-popolucas- que numerosas ocasiones han protestado por afectaciones -desde mega proyectos macroecon\u00f3micos y de infraestructura- a su h\u00e1bitat y a su cosmovisi\u00f3n, donde se incuba la relaci\u00f3n Ser Humano-Naturaleza desde una perspectiva muy antigua de respeto mutuo.<br>Mecayapan, Tatahuicapan y Pajapan son municipios nahuas colindantes con la industrializada ciudad y puerto de Coatzacoalcos.<br>Estos pueblos originarios, adem\u00e1s, forman parte de la Reserva de la Bi\u00f3sfera de Los Tuxtlas, cuyas playas en Catemaco, San Andr\u00e9s Tuxtla, Lerdo, Angel R. Cabada, tambi\u00e9n est\u00e1n contaminadas de petr\u00f3leo.<br>(2)<br>El modelo de econom\u00eda comunitaria de las culturas prehisp\u00e1nicas se caracteriz\u00f3 por el respeto, el cuidado de los tiempos, ciclos, l\u00edmites marcados por los nichos ecol\u00f3gicos para permitir al hombre acceder a la fauna y flora proveedora de sus alimentos.<br>A\u00fan hoy, aunque en condiciones cada vez m\u00e1s cercanas a su extinci\u00f3n, existen grupos sociales ind\u00edgenas -con aliados mestizos- abocados a la defensa de la naturaleza en la sierra sure\u00f1a caracterizada por bosques y selva tropicales; los \u00faltimos hacia el norte del continente americano.<br>Un caso emblem\u00e1tico de la defensa del entorno natural ocurri\u00f3 unas cuatro d\u00e9cadas atr\u00e1s con el rescate de los manglares en la laguna del osti\u00f3n \u2013entre Pajapan y Coatzacoalcos-, lo que contribuy\u00f3 a frenar la extinci\u00f3n del cangrejo azul.<br>(3)<br>El derrame de petr\u00f3leo proviene de una visi\u00f3n del mundo radicalmente distinta, surgida desde el modelo capitalista donde la naturaleza no es observada con respeto sino como proveedora de materia prima destinada al enriquecimiento econ\u00f3mico de unos cuantos, por el enriquecimiento econ\u00f3mico en s\u00ed mismo; en la praxis se atenta contra la naturaleza con el objetivo de ser rico, por el simple hecho de ser rico\u2026<br>Que Carlos Marx perdone tremendo reduccionismo, pero en Wall Street no est\u00e1n informados -porque no les interesa- sobre los da\u00f1os a lanchas, redes y la piel de pescadores que recogen chapo a mano limpia en alg\u00fan punto del \u00abGulf of America\u00bb, Donald Trump dixit.<br>(4)<br>Para el capitalismo -y su m\u00e1s reciente evoluci\u00f3n v\u00eda la revoluci\u00f3n tecnol\u00f3gica y digital- el derrame de hidrocarburos \u2013hoy sabemos que ocurri\u00f3 desde el barco de una empresa privada frente a las costas de Tabasco-, resulta pecata minuta.<br>Desde los escritorios de due\u00f1os y administradores del barco, as\u00ed como para PEMEX, el derrame representa p\u00e9rdidas econ\u00f3micas que pagar\u00e1 alguna aseguradora\u2026<br>As\u00ed de simple\u2026<br>(5)<br>En contraste, para miles de pescadores \u2013ind\u00edgenas, afrodescendientes, mestizos- la presencia de chapo y petr\u00f3leo en el mar pone en riesgo su modo de vida de origen milenario al da\u00f1ar gravemente manglares, arrecifes, peces, tortugas, aves, flora, con las cuales conviven d\u00eda con d\u00eda y de cuyo manejo se alimentan.<br>(6)<br>Las playas junto a la sierra de Santa Martha son punto de arribo de tortugas lora, la\u00fad, caguama, carey, verde y prieta para anidar y desovar entre los meses de abril a septiembre y octubre.<br>Resulta evidente que, de no limpiarse a fondo el mar y las playas afectadas, las tortugas morir\u00e1n en el intento por cumplir su meta vital.<br>(7)<br>Una pregunta para especialistas: \u00bfLas tortugas podr\u00edan modificar su ruta y buscar otras playas lejos del sur contaminado para salvarse y salvar a sus cr\u00edas?<br>(8)<br>Existen nueve campamentos tortugueros en las poblaciones de Agua Dulce -Lerdo de Tejada-; Punta Puntilla -\u00c1ngel R. Cabada-; Toro Prieto -San Andr\u00e9s Tuxtla-; Barra de Sontecomapan y Capulteolt \u2013Catemaco-; El Salado y Los Arrecifes -Mecayapan-; Zapotitl\u00e1n y Pe\u00f1a Hermosa -Tatahuicapan de Ju\u00e1rez-.<br>Aunque no ha comenzado la temporada de anidaci\u00f3n, dos tortugas murieron a causa del derrame de hidrocarburos.<br>Las playas de Jicacal, Playa Linda y Pe\u00f1a Hermosa, en el municipio de Pajapan, han sido cerradas\u2026<br>CONTINUAR\u00c1<\/p>\n","protected":false},"excerpt":{"rendered":"<p>Jos\u00e9 Luis Ortega VidalClaroscuros (1)Un elemento fundamental de an\u00e1lisis en torno al derrame de hidrocarburos en el golfo de M\u00e9xico, denunciado desde el pasado primero de marzo, estriba en abordar este tr\u00e1gico suceso m\u00e1s all\u00e1 de la noticia simple o el reportaje riguroso que no rebasa el nivel period\u00edstico.Adem\u00e1s de la ruta geogr\u00e1fica del petr\u00f3leo [&hellip;]<\/p>\n","protected":false},"author":2,"featured_media":141392,"comment_status":"closed","ping_status":"closed","sticky":false,"template":"","format":"standard","meta":{"tdm_status":"","tdm_grid_status":"","footnotes":""},"categories":[70],"tags":[3018,56522,12512,2019,195],"class_list":{"0":"post-166028","1":"post","2":"type-post","3":"status-publish","4":"format-standard","5":"has-post-thumbnail","7":"category-de-opinion","8":"tag-chapo","9":"tag-derrame-de-hidrocarburo","10":"tag-golfo-de-mexico","11":"tag-petroleo","12":"tag-veracruz"},"yoast_head":"<!-- This site is optimized with the Yoast SEO plugin v27.4 - https:\/\/yoast.com\/product\/yoast-seo-wordpress\/ -->\n<title>DERRAME EN EL GOLFO - Los pol\u00edticos Veracruz<\/title>\n<meta name=\"robots\" content=\"index, follow, max-snippet:-1, max-image-preview:large, max-video-preview:-1\" \/>\n<link rel=\"canonical\" href=\"https:\/\/lospoliticosveracruz.com\/?p=166028\" \/>\n<meta property=\"og:locale\" content=\"es_ES\" \/>\n<meta property=\"og:type\" content=\"article\" \/>\n<meta property=\"og:title\" content=\"DERRAME EN EL GOLFO - Los pol\u00edticos Veracruz\" \/>\n<meta property=\"og:description\" content=\"Jos\u00e9 Luis Ortega VidalClaroscuros (1)Un elemento fundamental de an\u00e1lisis en torno al derrame de hidrocarburos en el golfo de M\u00e9xico, denunciado desde el pasado primero de marzo, estriba en abordar este tr\u00e1gico suceso m\u00e1s all\u00e1 de la noticia simple o el reportaje riguroso que no rebasa el nivel period\u00edstico.Adem\u00e1s de la ruta geogr\u00e1fica del petr\u00f3leo [&hellip;]\" \/>\n<meta property=\"og:url\" content=\"https:\/\/lospoliticosveracruz.com\/?p=166028\" \/>\n<meta property=\"og:site_name\" content=\"Los pol\u00edticos Veracruz\" \/>\n<meta property=\"article:publisher\" content=\"https:\/\/www.facebook.com\/people\/Notimemes-de-los-Polticos\/61565672886568\/\" \/>\n<meta property=\"article:published_time\" content=\"2026-03-13T04:21:03+00:00\" \/>\n<meta property=\"article:modified_time\" content=\"2026-03-13T04:21:04+00:00\" \/>\n<meta property=\"og:image\" content=\"https:\/\/lospoliticosveracruz.com\/wp-content\/uploads\/2025\/04\/Jose-Luis-Ortega-Vidal.jpg\" \/>\n\t<meta property=\"og:image:width\" content=\"1250\" \/>\n\t<meta property=\"og:image:height\" content=\"667\" \/>\n\t<meta property=\"og:image:type\" content=\"image\/jpeg\" \/>\n<meta name=\"author\" content=\"Lo viste en Los Pol\u00edticos\" \/>\n<meta name=\"twitter:card\" content=\"summary_large_image\" \/>\n<meta name=\"twitter:creator\" content=\"@LosPoliticosVer\" \/>\n<meta name=\"twitter:site\" content=\"@LosPoliticosVer\" \/>\n<meta name=\"twitter:label1\" content=\"Escrito por\" \/>\n\t<meta name=\"twitter:data1\" content=\"Lo viste en Los Pol\u00edticos\" \/>\n\t<meta name=\"twitter:label2\" content=\"Tiempo de lectura\" \/>\n\t<meta name=\"twitter:data2\" content=\"4 minutos\" \/>\n<script type=\"application\/ld+json\" class=\"yoast-schema-graph\">{\"@context\":\"https:\\\/\\\/schema.org\",\"@graph\":[{\"@type\":\"Article\",\"@id\":\"https:\\\/\\\/lospoliticosveracruz.com\\\/?p=166028#article\",\"isPartOf\":{\"@id\":\"https:\\\/\\\/lospoliticosveracruz.com\\\/?p=166028\"},\"author\":{\"name\":\"Lo viste en Los Pol\u00edticos\",\"@id\":\"https:\\\/\\\/lospoliticosveracruz.com\\\/#\\\/schema\\\/person\\\/b8702bb0e538456e6efd07080bf2a4a2\"},\"headline\":\"DERRAME EN EL GOLFO\",\"datePublished\":\"2026-03-13T04:21:03+00:00\",\"dateModified\":\"2026-03-13T04:21:04+00:00\",\"mainEntityOfPage\":{\"@id\":\"https:\\\/\\\/lospoliticosveracruz.com\\\/?p=166028\"},\"wordCount\":768,\"publisher\":{\"@id\":\"https:\\\/\\\/lospoliticosveracruz.com\\\/#organization\"},\"image\":{\"@id\":\"https:\\\/\\\/lospoliticosveracruz.com\\\/?p=166028#primaryimage\"},\"thumbnailUrl\":\"https:\\\/\\\/lospoliticosveracruz.com\\\/wp-content\\\/uploads\\\/2025\\\/04\\\/Jose-Luis-Ortega-Vidal.jpg\",\"keywords\":[\"Chapo\",\"derrame de hidrocarburo\",\"Golfo de M\u00e9xico\",\"Petr\u00f3leo\",\"Veracruz\"],\"articleSection\":[\"De Opini\u00f3n\"],\"inLanguage\":\"es\"},{\"@type\":\"WebPage\",\"@id\":\"https:\\\/\\\/lospoliticosveracruz.com\\\/?p=166028\",\"url\":\"https:\\\/\\\/lospoliticosveracruz.com\\\/?p=166028\",\"name\":\"DERRAME EN EL GOLFO - Los pol\u00edticos Veracruz\",\"isPartOf\":{\"@id\":\"https:\\\/\\\/lospoliticosveracruz.com\\\/#website\"},\"primaryImageOfPage\":{\"@id\":\"https:\\\/\\\/lospoliticosveracruz.com\\\/?p=166028#primaryimage\"},\"image\":{\"@id\":\"https:\\\/\\\/lospoliticosveracruz.com\\\/?p=166028#primaryimage\"},\"thumbnailUrl\":\"https:\\\/\\\/lospoliticosveracruz.com\\\/wp-content\\\/uploads\\\/2025\\\/04\\\/Jose-Luis-Ortega-Vidal.jpg\",\"datePublished\":\"2026-03-13T04:21:03+00:00\",\"dateModified\":\"2026-03-13T04:21:04+00:00\",\"breadcrumb\":{\"@id\":\"https:\\\/\\\/lospoliticosveracruz.com\\\/?p=166028#breadcrumb\"},\"inLanguage\":\"es\",\"potentialAction\":[{\"@type\":\"ReadAction\",\"target\":[\"https:\\\/\\\/lospoliticosveracruz.com\\\/?p=166028\"]}]},{\"@type\":\"ImageObject\",\"inLanguage\":\"es\",\"@id\":\"https:\\\/\\\/lospoliticosveracruz.com\\\/?p=166028#primaryimage\",\"url\":\"https:\\\/\\\/lospoliticosveracruz.com\\\/wp-content\\\/uploads\\\/2025\\\/04\\\/Jose-Luis-Ortega-Vidal.jpg\",\"contentUrl\":\"https:\\\/\\\/lospoliticosveracruz.com\\\/wp-content\\\/uploads\\\/2025\\\/04\\\/Jose-Luis-Ortega-Vidal.jpg\",\"width\":1250,\"height\":667},{\"@type\":\"BreadcrumbList\",\"@id\":\"https:\\\/\\\/lospoliticosveracruz.com\\\/?p=166028#breadcrumb\",\"itemListElement\":[{\"@type\":\"ListItem\",\"position\":1,\"name\":\"Portada\",\"item\":\"https:\\\/\\\/lospoliticosveracruz.com\\\/\"},{\"@type\":\"ListItem\",\"position\":2,\"name\":\"DERRAME EN EL GOLFO\"}]},{\"@type\":\"WebSite\",\"@id\":\"https:\\\/\\\/lospoliticosveracruz.com\\\/#website\",\"url\":\"https:\\\/\\\/lospoliticosveracruz.com\\\/\",\"name\":\"Los pol\u00edticos Veracruz\",\"description\":\"\",\"publisher\":{\"@id\":\"https:\\\/\\\/lospoliticosveracruz.com\\\/#organization\"},\"potentialAction\":[{\"@type\":\"SearchAction\",\"target\":{\"@type\":\"EntryPoint\",\"urlTemplate\":\"https:\\\/\\\/lospoliticosveracruz.com\\\/?s={search_term_string}\"},\"query-input\":{\"@type\":\"PropertyValueSpecification\",\"valueRequired\":true,\"valueName\":\"search_term_string\"}}],\"inLanguage\":\"es\"},{\"@type\":\"Organization\",\"@id\":\"https:\\\/\\\/lospoliticosveracruz.com\\\/#organization\",\"name\":\"Los pol\u00edticos Veracruz\",\"url\":\"https:\\\/\\\/lospoliticosveracruz.com\\\/\",\"logo\":{\"@type\":\"ImageObject\",\"inLanguage\":\"es\",\"@id\":\"https:\\\/\\\/lospoliticosveracruz.com\\\/#\\\/schema\\\/logo\\\/image\\\/\",\"url\":\"https:\\\/\\\/lospoliticosveracruz.com\\\/wp-content\\\/uploads\\\/2025\\\/12\\\/Logo-Nuevo-LOS-POLITICOS-1.jpg\",\"contentUrl\":\"https:\\\/\\\/lospoliticosveracruz.com\\\/wp-content\\\/uploads\\\/2025\\\/12\\\/Logo-Nuevo-LOS-POLITICOS-1.jpg\",\"width\":260,\"height\":70,\"caption\":\"Los pol\u00edticos Veracruz\"},\"image\":{\"@id\":\"https:\\\/\\\/lospoliticosveracruz.com\\\/#\\\/schema\\\/logo\\\/image\\\/\"},\"sameAs\":[\"https:\\\/\\\/www.facebook.com\\\/people\\\/Notimemes-de-los-Polticos\\\/61565672886568\\\/\",\"https:\\\/\\\/x.com\\\/LosPoliticosVer\"]},{\"@type\":\"Person\",\"@id\":\"https:\\\/\\\/lospoliticosveracruz.com\\\/#\\\/schema\\\/person\\\/b8702bb0e538456e6efd07080bf2a4a2\",\"name\":\"Lo viste en Los Pol\u00edticos\",\"image\":{\"@type\":\"ImageObject\",\"inLanguage\":\"es\",\"@id\":\"https:\\\/\\\/secure.gravatar.com\\\/avatar\\\/3a8de04a2656d44082be478bd6c086daa447c4651605818287b9532d3d0bd435?s=96&d=mm&r=g\",\"url\":\"https:\\\/\\\/secure.gravatar.com\\\/avatar\\\/3a8de04a2656d44082be478bd6c086daa447c4651605818287b9532d3d0bd435?s=96&d=mm&r=g\",\"contentUrl\":\"https:\\\/\\\/secure.gravatar.com\\\/avatar\\\/3a8de04a2656d44082be478bd6c086daa447c4651605818287b9532d3d0bd435?s=96&d=mm&r=g\",\"caption\":\"Lo viste en Los Pol\u00edticos\"},\"url\":\"https:\\\/\\\/lospoliticosveracruz.com\\\/?author=2\"}]}<\/script>\n<!-- \/ Yoast SEO plugin. -->","yoast_head_json":{"title":"DERRAME EN EL GOLFO - Los pol\u00edticos Veracruz","robots":{"index":"index","follow":"follow","max-snippet":"max-snippet:-1","max-image-preview":"max-image-preview:large","max-video-preview":"max-video-preview:-1"},"canonical":"https:\/\/lospoliticosveracruz.com\/?p=166028","og_locale":"es_ES","og_type":"article","og_title":"DERRAME EN EL GOLFO - Los pol\u00edticos Veracruz","og_description":"Jos\u00e9 Luis Ortega VidalClaroscuros (1)Un elemento fundamental de an\u00e1lisis en torno al derrame de hidrocarburos en el golfo de M\u00e9xico, denunciado desde el pasado primero de marzo, estriba en abordar este tr\u00e1gico suceso m\u00e1s all\u00e1 de la noticia simple o el reportaje riguroso que no rebasa el nivel period\u00edstico.Adem\u00e1s de la ruta geogr\u00e1fica del petr\u00f3leo [&hellip;]","og_url":"https:\/\/lospoliticosveracruz.com\/?p=166028","og_site_name":"Los pol\u00edticos Veracruz","article_publisher":"https:\/\/www.facebook.com\/people\/Notimemes-de-los-Polticos\/61565672886568\/","article_published_time":"2026-03-13T04:21:03+00:00","article_modified_time":"2026-03-13T04:21:04+00:00","og_image":[{"width":1250,"height":667,"url":"https:\/\/lospoliticosveracruz.com\/wp-content\/uploads\/2025\/04\/Jose-Luis-Ortega-Vidal.jpg","type":"image\/jpeg"}],"author":"Lo viste en Los Pol\u00edticos","twitter_card":"summary_large_image","twitter_creator":"@LosPoliticosVer","twitter_site":"@LosPoliticosVer","twitter_misc":{"Escrito por":"Lo viste en Los Pol\u00edticos","Tiempo de lectura":"4 minutos"},"schema":{"@context":"https:\/\/schema.org","@graph":[{"@type":"Article","@id":"https:\/\/lospoliticosveracruz.com\/?p=166028#article","isPartOf":{"@id":"https:\/\/lospoliticosveracruz.com\/?p=166028"},"author":{"name":"Lo viste en Los Pol\u00edticos","@id":"https:\/\/lospoliticosveracruz.com\/#\/schema\/person\/b8702bb0e538456e6efd07080bf2a4a2"},"headline":"DERRAME EN EL GOLFO","datePublished":"2026-03-13T04:21:03+00:00","dateModified":"2026-03-13T04:21:04+00:00","mainEntityOfPage":{"@id":"https:\/\/lospoliticosveracruz.com\/?p=166028"},"wordCount":768,"publisher":{"@id":"https:\/\/lospoliticosveracruz.com\/#organization"},"image":{"@id":"https:\/\/lospoliticosveracruz.com\/?p=166028#primaryimage"},"thumbnailUrl":"https:\/\/lospoliticosveracruz.com\/wp-content\/uploads\/2025\/04\/Jose-Luis-Ortega-Vidal.jpg","keywords":["Chapo","derrame de hidrocarburo","Golfo de M\u00e9xico","Petr\u00f3leo","Veracruz"],"articleSection":["De Opini\u00f3n"],"inLanguage":"es"},{"@type":"WebPage","@id":"https:\/\/lospoliticosveracruz.com\/?p=166028","url":"https:\/\/lospoliticosveracruz.com\/?p=166028","name":"DERRAME EN EL GOLFO - Los pol\u00edticos Veracruz","isPartOf":{"@id":"https:\/\/lospoliticosveracruz.com\/#website"},"primaryImageOfPage":{"@id":"https:\/\/lospoliticosveracruz.com\/?p=166028#primaryimage"},"image":{"@id":"https:\/\/lospoliticosveracruz.com\/?p=166028#primaryimage"},"thumbnailUrl":"https:\/\/lospoliticosveracruz.com\/wp-content\/uploads\/2025\/04\/Jose-Luis-Ortega-Vidal.jpg","datePublished":"2026-03-13T04:21:03+00:00","dateModified":"2026-03-13T04:21:04+00:00","breadcrumb":{"@id":"https:\/\/lospoliticosveracruz.com\/?p=166028#breadcrumb"},"inLanguage":"es","potentialAction":[{"@type":"ReadAction","target":["https:\/\/lospoliticosveracruz.com\/?p=166028"]}]},{"@type":"ImageObject","inLanguage":"es","@id":"https:\/\/lospoliticosveracruz.com\/?p=166028#primaryimage","url":"https:\/\/lospoliticosveracruz.com\/wp-content\/uploads\/2025\/04\/Jose-Luis-Ortega-Vidal.jpg","contentUrl":"https:\/\/lospoliticosveracruz.com\/wp-content\/uploads\/2025\/04\/Jose-Luis-Ortega-Vidal.jpg","width":1250,"height":667},{"@type":"BreadcrumbList","@id":"https:\/\/lospoliticosveracruz.com\/?p=166028#breadcrumb","itemListElement":[{"@type":"ListItem","position":1,"name":"Portada","item":"https:\/\/lospoliticosveracruz.com\/"},{"@type":"ListItem","position":2,"name":"DERRAME EN EL GOLFO"}]},{"@type":"WebSite","@id":"https:\/\/lospoliticosveracruz.com\/#website","url":"https:\/\/lospoliticosveracruz.com\/","name":"Los pol\u00edticos Veracruz","description":"","publisher":{"@id":"https:\/\/lospoliticosveracruz.com\/#organization"},"potentialAction":[{"@type":"SearchAction","target":{"@type":"EntryPoint","urlTemplate":"https:\/\/lospoliticosveracruz.com\/?s={search_term_string}"},"query-input":{"@type":"PropertyValueSpecification","valueRequired":true,"valueName":"search_term_string"}}],"inLanguage":"es"},{"@type":"Organization","@id":"https:\/\/lospoliticosveracruz.com\/#organization","name":"Los pol\u00edticos Veracruz","url":"https:\/\/lospoliticosveracruz.com\/","logo":{"@type":"ImageObject","inLanguage":"es","@id":"https:\/\/lospoliticosveracruz.com\/#\/schema\/logo\/image\/","url":"https:\/\/lospoliticosveracruz.com\/wp-content\/uploads\/2025\/12\/Logo-Nuevo-LOS-POLITICOS-1.jpg","contentUrl":"https:\/\/lospoliticosveracruz.com\/wp-content\/uploads\/2025\/12\/Logo-Nuevo-LOS-POLITICOS-1.jpg","width":260,"height":70,"caption":"Los pol\u00edticos Veracruz"},"image":{"@id":"https:\/\/lospoliticosveracruz.com\/#\/schema\/logo\/image\/"},"sameAs":["https:\/\/www.facebook.com\/people\/Notimemes-de-los-Polticos\/61565672886568\/","https:\/\/x.com\/LosPoliticosVer"]},{"@type":"Person","@id":"https:\/\/lospoliticosveracruz.com\/#\/schema\/person\/b8702bb0e538456e6efd07080bf2a4a2","name":"Lo viste en Los Pol\u00edticos","image":{"@type":"ImageObject","inLanguage":"es","@id":"https:\/\/secure.gravatar.com\/avatar\/3a8de04a2656d44082be478bd6c086daa447c4651605818287b9532d3d0bd435?s=96&d=mm&r=g","url":"https:\/\/secure.gravatar.com\/avatar\/3a8de04a2656d44082be478bd6c086daa447c4651605818287b9532d3d0bd435?s=96&d=mm&r=g","contentUrl":"https:\/\/secure.gravatar.com\/avatar\/3a8de04a2656d44082be478bd6c086daa447c4651605818287b9532d3d0bd435?s=96&d=mm&r=g","caption":"Lo viste en Los Pol\u00edticos"},"url":"https:\/\/lospoliticosveracruz.com\/?author=2"}]}},"_links":{"self":[{"href":"https:\/\/lospoliticosveracruz.com\/index.php?rest_route=\/wp\/v2\/posts\/166028","targetHints":{"allow":["GET"]}}],"collection":[{"href":"https:\/\/lospoliticosveracruz.com\/index.php?rest_route=\/wp\/v2\/posts"}],"about":[{"href":"https:\/\/lospoliticosveracruz.com\/index.php?rest_route=\/wp\/v2\/types\/post"}],"author":[{"embeddable":true,"href":"https:\/\/lospoliticosveracruz.com\/index.php?rest_route=\/wp\/v2\/users\/2"}],"replies":[{"embeddable":true,"href":"https:\/\/lospoliticosveracruz.com\/index.php?rest_route=%2Fwp%2Fv2%2Fcomments&post=166028"}],"version-history":[{"count":1,"href":"https:\/\/lospoliticosveracruz.com\/index.php?rest_route=\/wp\/v2\/posts\/166028\/revisions"}],"predecessor-version":[{"id":166029,"href":"https:\/\/lospoliticosveracruz.com\/index.php?rest_route=\/wp\/v2\/posts\/166028\/revisions\/166029"}],"wp:featuredmedia":[{"embeddable":true,"href":"https:\/\/lospoliticosveracruz.com\/index.php?rest_route=\/wp\/v2\/media\/141392"}],"wp:attachment":[{"href":"https:\/\/lospoliticosveracruz.com\/index.php?rest_route=%2Fwp%2Fv2%2Fmedia&parent=166028"}],"wp:term":[{"taxonomy":"category","embeddable":true,"href":"https:\/\/lospoliticosveracruz.com\/index.php?rest_route=%2Fwp%2Fv2%2Fcategories&post=166028"},{"taxonomy":"post_tag","embeddable":true,"href":"https:\/\/lospoliticosveracruz.com\/index.php?rest_route=%2Fwp%2Fv2%2Ftags&post=166028"}],"curies":[{"name":"wp","href":"https:\/\/api.w.org\/{rel}","templated":true}]}}