{"id":166030,"date":"2026-03-13T05:32:04","date_gmt":"2026-03-13T11:32:04","guid":{"rendered":"https:\/\/lospoliticosveracruz.com\/?p=166030"},"modified":"2026-03-13T05:32:05","modified_gmt":"2026-03-13T11:32:05","slug":"objetivo-acabar-con-la-representacion-popular","status":"publish","type":"post","link":"https:\/\/lospoliticosveracruz.com\/?p=166030","title":{"rendered":"OBJETIVO: ACABAR CON LA REPRESENTACI\u00d3N POPULAR"},"content":{"rendered":"\n<p><strong>Felipe de Jes\u00fas Fern\u00e1ndez Basilio<\/strong><br><em>Desde a Janela<\/em><\/p>\n\n\n\n<p>Como bien se sabe, esta semana la presidente envi\u00f3 su iniciativa de reforma electoral, misma que fue rechazada por la C\u00e1mara de Diputados en su papel de c\u00e1mara de origen en el Constituyente Permanente del cual forma parte.<\/p>\n\n\n\n<p>Dicha iniciativa de reforma constitucional fue desechada debido a que el gobierno de la transformaci\u00f3n que no fue y ni tampoco ser\u00e1 ni siquiera cont\u00f3 con el apoyo de sus aliados dentro de la coalici\u00f3n gobernante, quienes tienen los votos requeridos para completar los tercios de la c\u00e1mara que son necesarios para aprobar una reforma constitucional.<\/p>\n\n\n\n<p>A pesar de lo anterior, no hay que echar las campanas al vuelo debido a que el objetivo de acabar con la representaci\u00f3n popular en las c\u00e1maras que integran el Congreso de la Uni\u00f3n, y tambi\u00e9n a nivel local,&nbsp;sigue en pie y quiz\u00e1 venga ahora con renovados br\u00edos.<\/p>\n\n\n\n<p>El camino que van a seguir es f\u00e1cil de vislumbrar debido a que ya lo han hecho en ocasiones anteriores, con la salvedad de que ahora es mucho m\u00e1s f\u00e1cil que consigan su objetivo debido al deterioro institucional en el que han puesto a M\u00e9xico.<\/p>\n\n\n\n<p>La receta es la siguiente: enviar iniciativas para reformar las leyes electorales, para lo cual cuenta el partido en el gobierno con la mayor\u00eda necesaria, sin importar si esas reformas a las leyes secundarias son constitucionales o no.<\/p>\n\n\n\n<p>Y para el caso de que exista alguna controversia y se inicie un litigio para buscar demostrar la inconstitucionalidad de alguna de esas reformas legales, entonces entran en acci\u00f3n los ministros del acorde\u00f3n y\/o los, est\u00e1 m\u00e1s que demostrado, vendid\u00edsimos magistrados electorales.<\/p>\n\n\n\n<p>Por ello es que desde el principio se advirti\u00f3 que el deterioro institucional en el que progresivamente la transformaci\u00f3n que no fue y ni tampoco ser\u00e1 ha puesto a M\u00e9xico no ha tenido otro fin m\u00e1s que detentar el poder absoluto y perpetuarse en \u00e9l a pesar de que las urnas nunca se lo otorgaron y ni lo har\u00e1n con votaciones procesadas de manera transparente.<\/p>\n\n\n\n<p>Y la intenci\u00f3n de acabar con la representaci\u00f3n popular se aprecia claramente al ver los componentes tanto de la desechada iniciativa de reforma constitucional como de las nuevas iniciativas de reformas legales, en las cuales tambi\u00e9n ya se menciona limitar a las legislaturas de los estados e incluso a los cabildos de los ayuntamientos, les digo que los ataques a la representaci\u00f3n popular vienen con m\u00e1s br\u00edos.<\/p>\n\n\n\n<p>El pretexto es el mismo que han usado cada vez que han eliminado o deteriorado a alguna instituci\u00f3n: \u201cacabar con los privilegios y usar ese dinero para beneficio del pueblo\u201d; siendo que los primeros han aumentado para quienes forman parte de la transformaci\u00f3n que no fue y ni tampoco ser\u00e1 y que lo segundo tampoco sucede debido a que los presupuestos para educaci\u00f3n, salud y seguridad disminuyen en lugar de aumentar.<\/p>\n\n\n\n<p>As\u00ed es, no buscan mejorar nada y lo que realmente quieren es no dejar el poder absoluto que con todo tipo de trapacer\u00edas adquirieron; ya que, si vemos con atenci\u00f3n los principales puntos de la por el gobierno pretendida reforma electoral, nos daremos cuenta que todos y cada uno de ellos convergen en acabar con la pluralidad pol\u00edtica del pa\u00eds o al menos dejarla como algo totalmente marginal, es decir, sin capacidad real de ejercer un contrapeso a los designios del gobierno.<\/p>\n\n\n\n<p>As\u00ed es, modificar el sistema de representaci\u00f3n proporcional para dar entrada a las primeras minor\u00edas&nbsp;por medio de ese principio favorece \u00fanicamente al partido en el gobierno, ya que en donde pierden elecciones generalmente quedan segundos y as\u00ed obtendr\u00edan m\u00e1s legisladores.<\/p>\n\n\n\n<p>Al eliminar el PREP &nbsp;buscan que los votos se vuelvan a contar en lo oscurito y sin transparencia, no hay que olvidar que ese conteo preliminar realizado por los mismos funcionarios de casillas es preciso hasta en un noventa y ocho por ciento en relaci\u00f3n a los resultados definitivos, ya que sus datos se obtienen del conteo de los votos en la misma jornada electoral y salvo m\u00ednimas inconsistencias permiten conocer casi en tiempo real el resultado de una votaci\u00f3n y al prescindir de \u00e9l, los resultados se conocer\u00e1n mucho tiempo despu\u00e9s y no se sabr\u00e1 bien a bien quienes y en qu\u00e9 condiciones realizaron el c\u00f3mputo de los votos.<\/p>\n\n\n\n<p>Disminuir las regidur\u00edas en los ayuntamientos tambi\u00e9n es un atentado en contra de la representaci\u00f3<a><\/a>n popular, ya que no hay que olvidar que los municipios son gobernados por un cuerpo colegiado electo mediante el principio de representaci\u00f3n proporcional que es el cabildo y al disminuir el n\u00famero de ediles que pueden corresponder a otras fuerzas pol\u00edticas diferentes a la que gan\u00f3 la elecci\u00f3n se elimina la representaci\u00f3n municipal de quienes votaron por ellas.<\/p>\n\n\n\n<p>Como bien podemos darnos cuenta, desde que en 2018 asumi\u00f3 el gobierno la transformaci\u00f3n que no fue y ni tampoco ser\u00e1 su \u00fanico objetivo es perpetuarse en el poder de manera absoluta y para ello precisa eliminar todo tipo de representaci\u00f3n popular debido a que M\u00e9xico es un pa\u00eds notoriamente pluricultural en materia pol\u00edtica y eso e intolerable para quienes pretenden gobernar de una manera absoluta que no existe debido a la diversidad de la sociedad mexicana.<\/p>\n\n\n\n<p><a href=\"mailto:felfebas@gmail.com\">felfebas@gmail.com<\/a><\/p>\n\n\n\n<p>X: @FelipeFBasilio<\/p>\n","protected":false},"excerpt":{"rendered":"<p>Felipe de Jes\u00fas Fern\u00e1ndez BasilioDesde a Janela Como bien se sabe, esta semana la presidente envi\u00f3 su iniciativa de reforma electoral, misma que fue rechazada por la C\u00e1mara de Diputados en su papel de c\u00e1mara de origen en el Constituyente Permanente del cual forma parte. Dicha iniciativa de reforma constitucional fue desechada debido a que [&hellip;]<\/p>\n","protected":false},"author":2,"featured_media":141384,"comment_status":"closed","ping_status":"closed","sticky":false,"template":"","format":"standard","meta":{"tdm_status":"","tdm_grid_status":"","footnotes":""},"categories":[70],"tags":[12710,2807,1414,31468,1547],"class_list":{"0":"post-166030","1":"post","2":"type-post","3":"status-publish","4":"format-standard","5":"has-post-thumbnail","7":"category-de-opinion","8":"tag-felipe-de-jesus-fernandez-basilio","9":"tag-prep","10":"tag-reforma-electoral","11":"tag-regidurias-2","12":"tag-representacion-popular"},"yoast_head":"<!-- This site is optimized with the Yoast SEO plugin v27.4 - https:\/\/yoast.com\/product\/yoast-seo-wordpress\/ -->\n<title>OBJETIVO: ACABAR CON LA REPRESENTACI\u00d3N POPULAR - Los pol\u00edticos Veracruz<\/title>\n<meta name=\"robots\" content=\"index, follow, max-snippet:-1, max-image-preview:large, max-video-preview:-1\" \/>\n<link rel=\"canonical\" href=\"https:\/\/lospoliticosveracruz.com\/?p=166030\" \/>\n<meta property=\"og:locale\" content=\"es_ES\" \/>\n<meta property=\"og:type\" content=\"article\" \/>\n<meta property=\"og:title\" content=\"OBJETIVO: ACABAR CON LA REPRESENTACI\u00d3N POPULAR - Los pol\u00edticos Veracruz\" \/>\n<meta property=\"og:description\" content=\"Felipe de Jes\u00fas Fern\u00e1ndez BasilioDesde a Janela Como bien se sabe, esta semana la presidente envi\u00f3 su iniciativa de reforma electoral, misma que fue rechazada por la C\u00e1mara de Diputados en su papel de c\u00e1mara de origen en el Constituyente Permanente del cual forma parte. Dicha iniciativa de reforma constitucional fue desechada debido a que [&hellip;]\" \/>\n<meta property=\"og:url\" content=\"https:\/\/lospoliticosveracruz.com\/?p=166030\" \/>\n<meta property=\"og:site_name\" content=\"Los pol\u00edticos Veracruz\" \/>\n<meta property=\"article:publisher\" content=\"https:\/\/www.facebook.com\/people\/Notimemes-de-los-Polticos\/61565672886568\/\" \/>\n<meta property=\"article:published_time\" content=\"2026-03-13T11:32:04+00:00\" \/>\n<meta property=\"article:modified_time\" content=\"2026-03-13T11:32:05+00:00\" \/>\n<meta property=\"og:image\" content=\"https:\/\/lospoliticosveracruz.com\/wp-content\/uploads\/2025\/04\/Felipe-Fernandez-Basilio-e1767959429910.jpg\" \/>\n\t<meta property=\"og:image:width\" content=\"600\" \/>\n\t<meta property=\"og:image:height\" content=\"320\" \/>\n\t<meta property=\"og:image:type\" content=\"image\/jpeg\" \/>\n<meta name=\"author\" content=\"Lo viste en Los Pol\u00edticos\" \/>\n<meta name=\"twitter:card\" content=\"summary_large_image\" \/>\n<meta name=\"twitter:creator\" content=\"@LosPoliticosVer\" \/>\n<meta name=\"twitter:site\" content=\"@LosPoliticosVer\" \/>\n<meta name=\"twitter:label1\" content=\"Escrito por\" \/>\n\t<meta name=\"twitter:data1\" content=\"Lo viste en Los Pol\u00edticos\" \/>\n\t<meta name=\"twitter:label2\" content=\"Tiempo de lectura\" \/>\n\t<meta name=\"twitter:data2\" content=\"5 minutos\" \/>\n<script type=\"application\/ld+json\" class=\"yoast-schema-graph\">{\"@context\":\"https:\\\/\\\/schema.org\",\"@graph\":[{\"@type\":\"Article\",\"@id\":\"https:\\\/\\\/lospoliticosveracruz.com\\\/?p=166030#article\",\"isPartOf\":{\"@id\":\"https:\\\/\\\/lospoliticosveracruz.com\\\/?p=166030\"},\"author\":{\"name\":\"Lo viste en Los Pol\u00edticos\",\"@id\":\"https:\\\/\\\/lospoliticosveracruz.com\\\/#\\\/schema\\\/person\\\/b8702bb0e538456e6efd07080bf2a4a2\"},\"headline\":\"OBJETIVO: ACABAR CON LA REPRESENTACI\u00d3N POPULAR\",\"datePublished\":\"2026-03-13T11:32:04+00:00\",\"dateModified\":\"2026-03-13T11:32:05+00:00\",\"mainEntityOfPage\":{\"@id\":\"https:\\\/\\\/lospoliticosveracruz.com\\\/?p=166030\"},\"wordCount\":938,\"publisher\":{\"@id\":\"https:\\\/\\\/lospoliticosveracruz.com\\\/#organization\"},\"image\":{\"@id\":\"https:\\\/\\\/lospoliticosveracruz.com\\\/?p=166030#primaryimage\"},\"thumbnailUrl\":\"https:\\\/\\\/lospoliticosveracruz.com\\\/wp-content\\\/uploads\\\/2025\\\/04\\\/Felipe-Fernandez-Basilio-e1767959429910.jpg\",\"keywords\":[\"Felipe de Jes\u00fas Fern\u00e1ndez Basilio\",\"PREP\",\"reforma electoral\",\"Regidur\u00edas\",\"representaci\u00f3n popular\"],\"articleSection\":[\"De Opini\u00f3n\"],\"inLanguage\":\"es\"},{\"@type\":\"WebPage\",\"@id\":\"https:\\\/\\\/lospoliticosveracruz.com\\\/?p=166030\",\"url\":\"https:\\\/\\\/lospoliticosveracruz.com\\\/?p=166030\",\"name\":\"OBJETIVO: ACABAR CON LA REPRESENTACI\u00d3N POPULAR - Los pol\u00edticos Veracruz\",\"isPartOf\":{\"@id\":\"https:\\\/\\\/lospoliticosveracruz.com\\\/#website\"},\"primaryImageOfPage\":{\"@id\":\"https:\\\/\\\/lospoliticosveracruz.com\\\/?p=166030#primaryimage\"},\"image\":{\"@id\":\"https:\\\/\\\/lospoliticosveracruz.com\\\/?p=166030#primaryimage\"},\"thumbnailUrl\":\"https:\\\/\\\/lospoliticosveracruz.com\\\/wp-content\\\/uploads\\\/2025\\\/04\\\/Felipe-Fernandez-Basilio-e1767959429910.jpg\",\"datePublished\":\"2026-03-13T11:32:04+00:00\",\"dateModified\":\"2026-03-13T11:32:05+00:00\",\"breadcrumb\":{\"@id\":\"https:\\\/\\\/lospoliticosveracruz.com\\\/?p=166030#breadcrumb\"},\"inLanguage\":\"es\",\"potentialAction\":[{\"@type\":\"ReadAction\",\"target\":[\"https:\\\/\\\/lospoliticosveracruz.com\\\/?p=166030\"]}]},{\"@type\":\"ImageObject\",\"inLanguage\":\"es\",\"@id\":\"https:\\\/\\\/lospoliticosveracruz.com\\\/?p=166030#primaryimage\",\"url\":\"https:\\\/\\\/lospoliticosveracruz.com\\\/wp-content\\\/uploads\\\/2025\\\/04\\\/Felipe-Fernandez-Basilio-e1767959429910.jpg\",\"contentUrl\":\"https:\\\/\\\/lospoliticosveracruz.com\\\/wp-content\\\/uploads\\\/2025\\\/04\\\/Felipe-Fernandez-Basilio-e1767959429910.jpg\",\"width\":600,\"height\":320},{\"@type\":\"BreadcrumbList\",\"@id\":\"https:\\\/\\\/lospoliticosveracruz.com\\\/?p=166030#breadcrumb\",\"itemListElement\":[{\"@type\":\"ListItem\",\"position\":1,\"name\":\"Portada\",\"item\":\"https:\\\/\\\/lospoliticosveracruz.com\\\/\"},{\"@type\":\"ListItem\",\"position\":2,\"name\":\"OBJETIVO: ACABAR CON LA REPRESENTACI\u00d3N POPULAR\"}]},{\"@type\":\"WebSite\",\"@id\":\"https:\\\/\\\/lospoliticosveracruz.com\\\/#website\",\"url\":\"https:\\\/\\\/lospoliticosveracruz.com\\\/\",\"name\":\"Los pol\u00edticos Veracruz\",\"description\":\"\",\"publisher\":{\"@id\":\"https:\\\/\\\/lospoliticosveracruz.com\\\/#organization\"},\"potentialAction\":[{\"@type\":\"SearchAction\",\"target\":{\"@type\":\"EntryPoint\",\"urlTemplate\":\"https:\\\/\\\/lospoliticosveracruz.com\\\/?s={search_term_string}\"},\"query-input\":{\"@type\":\"PropertyValueSpecification\",\"valueRequired\":true,\"valueName\":\"search_term_string\"}}],\"inLanguage\":\"es\"},{\"@type\":\"Organization\",\"@id\":\"https:\\\/\\\/lospoliticosveracruz.com\\\/#organization\",\"name\":\"Los pol\u00edticos Veracruz\",\"url\":\"https:\\\/\\\/lospoliticosveracruz.com\\\/\",\"logo\":{\"@type\":\"ImageObject\",\"inLanguage\":\"es\",\"@id\":\"https:\\\/\\\/lospoliticosveracruz.com\\\/#\\\/schema\\\/logo\\\/image\\\/\",\"url\":\"https:\\\/\\\/lospoliticosveracruz.com\\\/wp-content\\\/uploads\\\/2025\\\/12\\\/Logo-Nuevo-LOS-POLITICOS-1.jpg\",\"contentUrl\":\"https:\\\/\\\/lospoliticosveracruz.com\\\/wp-content\\\/uploads\\\/2025\\\/12\\\/Logo-Nuevo-LOS-POLITICOS-1.jpg\",\"width\":260,\"height\":70,\"caption\":\"Los pol\u00edticos Veracruz\"},\"image\":{\"@id\":\"https:\\\/\\\/lospoliticosveracruz.com\\\/#\\\/schema\\\/logo\\\/image\\\/\"},\"sameAs\":[\"https:\\\/\\\/www.facebook.com\\\/people\\\/Notimemes-de-los-Polticos\\\/61565672886568\\\/\",\"https:\\\/\\\/x.com\\\/LosPoliticosVer\"]},{\"@type\":\"Person\",\"@id\":\"https:\\\/\\\/lospoliticosveracruz.com\\\/#\\\/schema\\\/person\\\/b8702bb0e538456e6efd07080bf2a4a2\",\"name\":\"Lo viste en Los Pol\u00edticos\",\"image\":{\"@type\":\"ImageObject\",\"inLanguage\":\"es\",\"@id\":\"https:\\\/\\\/secure.gravatar.com\\\/avatar\\\/3a8de04a2656d44082be478bd6c086daa447c4651605818287b9532d3d0bd435?s=96&d=mm&r=g\",\"url\":\"https:\\\/\\\/secure.gravatar.com\\\/avatar\\\/3a8de04a2656d44082be478bd6c086daa447c4651605818287b9532d3d0bd435?s=96&d=mm&r=g\",\"contentUrl\":\"https:\\\/\\\/secure.gravatar.com\\\/avatar\\\/3a8de04a2656d44082be478bd6c086daa447c4651605818287b9532d3d0bd435?s=96&d=mm&r=g\",\"caption\":\"Lo viste en Los Pol\u00edticos\"},\"url\":\"https:\\\/\\\/lospoliticosveracruz.com\\\/?author=2\"}]}<\/script>\n<!-- \/ Yoast SEO plugin. -->","yoast_head_json":{"title":"OBJETIVO: ACABAR CON LA REPRESENTACI\u00d3N POPULAR - Los pol\u00edticos Veracruz","robots":{"index":"index","follow":"follow","max-snippet":"max-snippet:-1","max-image-preview":"max-image-preview:large","max-video-preview":"max-video-preview:-1"},"canonical":"https:\/\/lospoliticosveracruz.com\/?p=166030","og_locale":"es_ES","og_type":"article","og_title":"OBJETIVO: ACABAR CON LA REPRESENTACI\u00d3N POPULAR - Los pol\u00edticos Veracruz","og_description":"Felipe de Jes\u00fas Fern\u00e1ndez BasilioDesde a Janela Como bien se sabe, esta semana la presidente envi\u00f3 su iniciativa de reforma electoral, misma que fue rechazada por la C\u00e1mara de Diputados en su papel de c\u00e1mara de origen en el Constituyente Permanente del cual forma parte. Dicha iniciativa de reforma constitucional fue desechada debido a que [&hellip;]","og_url":"https:\/\/lospoliticosveracruz.com\/?p=166030","og_site_name":"Los pol\u00edticos Veracruz","article_publisher":"https:\/\/www.facebook.com\/people\/Notimemes-de-los-Polticos\/61565672886568\/","article_published_time":"2026-03-13T11:32:04+00:00","article_modified_time":"2026-03-13T11:32:05+00:00","og_image":[{"width":600,"height":320,"url":"https:\/\/lospoliticosveracruz.com\/wp-content\/uploads\/2025\/04\/Felipe-Fernandez-Basilio-e1767959429910.jpg","type":"image\/jpeg"}],"author":"Lo viste en Los Pol\u00edticos","twitter_card":"summary_large_image","twitter_creator":"@LosPoliticosVer","twitter_site":"@LosPoliticosVer","twitter_misc":{"Escrito por":"Lo viste en Los Pol\u00edticos","Tiempo de lectura":"5 minutos"},"schema":{"@context":"https:\/\/schema.org","@graph":[{"@type":"Article","@id":"https:\/\/lospoliticosveracruz.com\/?p=166030#article","isPartOf":{"@id":"https:\/\/lospoliticosveracruz.com\/?p=166030"},"author":{"name":"Lo viste en Los Pol\u00edticos","@id":"https:\/\/lospoliticosveracruz.com\/#\/schema\/person\/b8702bb0e538456e6efd07080bf2a4a2"},"headline":"OBJETIVO: ACABAR CON LA REPRESENTACI\u00d3N POPULAR","datePublished":"2026-03-13T11:32:04+00:00","dateModified":"2026-03-13T11:32:05+00:00","mainEntityOfPage":{"@id":"https:\/\/lospoliticosveracruz.com\/?p=166030"},"wordCount":938,"publisher":{"@id":"https:\/\/lospoliticosveracruz.com\/#organization"},"image":{"@id":"https:\/\/lospoliticosveracruz.com\/?p=166030#primaryimage"},"thumbnailUrl":"https:\/\/lospoliticosveracruz.com\/wp-content\/uploads\/2025\/04\/Felipe-Fernandez-Basilio-e1767959429910.jpg","keywords":["Felipe de Jes\u00fas Fern\u00e1ndez Basilio","PREP","reforma electoral","Regidur\u00edas","representaci\u00f3n popular"],"articleSection":["De Opini\u00f3n"],"inLanguage":"es"},{"@type":"WebPage","@id":"https:\/\/lospoliticosveracruz.com\/?p=166030","url":"https:\/\/lospoliticosveracruz.com\/?p=166030","name":"OBJETIVO: ACABAR CON LA REPRESENTACI\u00d3N POPULAR - Los pol\u00edticos Veracruz","isPartOf":{"@id":"https:\/\/lospoliticosveracruz.com\/#website"},"primaryImageOfPage":{"@id":"https:\/\/lospoliticosveracruz.com\/?p=166030#primaryimage"},"image":{"@id":"https:\/\/lospoliticosveracruz.com\/?p=166030#primaryimage"},"thumbnailUrl":"https:\/\/lospoliticosveracruz.com\/wp-content\/uploads\/2025\/04\/Felipe-Fernandez-Basilio-e1767959429910.jpg","datePublished":"2026-03-13T11:32:04+00:00","dateModified":"2026-03-13T11:32:05+00:00","breadcrumb":{"@id":"https:\/\/lospoliticosveracruz.com\/?p=166030#breadcrumb"},"inLanguage":"es","potentialAction":[{"@type":"ReadAction","target":["https:\/\/lospoliticosveracruz.com\/?p=166030"]}]},{"@type":"ImageObject","inLanguage":"es","@id":"https:\/\/lospoliticosveracruz.com\/?p=166030#primaryimage","url":"https:\/\/lospoliticosveracruz.com\/wp-content\/uploads\/2025\/04\/Felipe-Fernandez-Basilio-e1767959429910.jpg","contentUrl":"https:\/\/lospoliticosveracruz.com\/wp-content\/uploads\/2025\/04\/Felipe-Fernandez-Basilio-e1767959429910.jpg","width":600,"height":320},{"@type":"BreadcrumbList","@id":"https:\/\/lospoliticosveracruz.com\/?p=166030#breadcrumb","itemListElement":[{"@type":"ListItem","position":1,"name":"Portada","item":"https:\/\/lospoliticosveracruz.com\/"},{"@type":"ListItem","position":2,"name":"OBJETIVO: ACABAR CON LA REPRESENTACI\u00d3N POPULAR"}]},{"@type":"WebSite","@id":"https:\/\/lospoliticosveracruz.com\/#website","url":"https:\/\/lospoliticosveracruz.com\/","name":"Los pol\u00edticos Veracruz","description":"","publisher":{"@id":"https:\/\/lospoliticosveracruz.com\/#organization"},"potentialAction":[{"@type":"SearchAction","target":{"@type":"EntryPoint","urlTemplate":"https:\/\/lospoliticosveracruz.com\/?s={search_term_string}"},"query-input":{"@type":"PropertyValueSpecification","valueRequired":true,"valueName":"search_term_string"}}],"inLanguage":"es"},{"@type":"Organization","@id":"https:\/\/lospoliticosveracruz.com\/#organization","name":"Los pol\u00edticos Veracruz","url":"https:\/\/lospoliticosveracruz.com\/","logo":{"@type":"ImageObject","inLanguage":"es","@id":"https:\/\/lospoliticosveracruz.com\/#\/schema\/logo\/image\/","url":"https:\/\/lospoliticosveracruz.com\/wp-content\/uploads\/2025\/12\/Logo-Nuevo-LOS-POLITICOS-1.jpg","contentUrl":"https:\/\/lospoliticosveracruz.com\/wp-content\/uploads\/2025\/12\/Logo-Nuevo-LOS-POLITICOS-1.jpg","width":260,"height":70,"caption":"Los pol\u00edticos Veracruz"},"image":{"@id":"https:\/\/lospoliticosveracruz.com\/#\/schema\/logo\/image\/"},"sameAs":["https:\/\/www.facebook.com\/people\/Notimemes-de-los-Polticos\/61565672886568\/","https:\/\/x.com\/LosPoliticosVer"]},{"@type":"Person","@id":"https:\/\/lospoliticosveracruz.com\/#\/schema\/person\/b8702bb0e538456e6efd07080bf2a4a2","name":"Lo viste en Los Pol\u00edticos","image":{"@type":"ImageObject","inLanguage":"es","@id":"https:\/\/secure.gravatar.com\/avatar\/3a8de04a2656d44082be478bd6c086daa447c4651605818287b9532d3d0bd435?s=96&d=mm&r=g","url":"https:\/\/secure.gravatar.com\/avatar\/3a8de04a2656d44082be478bd6c086daa447c4651605818287b9532d3d0bd435?s=96&d=mm&r=g","contentUrl":"https:\/\/secure.gravatar.com\/avatar\/3a8de04a2656d44082be478bd6c086daa447c4651605818287b9532d3d0bd435?s=96&d=mm&r=g","caption":"Lo viste en Los Pol\u00edticos"},"url":"https:\/\/lospoliticosveracruz.com\/?author=2"}]}},"_links":{"self":[{"href":"https:\/\/lospoliticosveracruz.com\/index.php?rest_route=\/wp\/v2\/posts\/166030","targetHints":{"allow":["GET"]}}],"collection":[{"href":"https:\/\/lospoliticosveracruz.com\/index.php?rest_route=\/wp\/v2\/posts"}],"about":[{"href":"https:\/\/lospoliticosveracruz.com\/index.php?rest_route=\/wp\/v2\/types\/post"}],"author":[{"embeddable":true,"href":"https:\/\/lospoliticosveracruz.com\/index.php?rest_route=\/wp\/v2\/users\/2"}],"replies":[{"embeddable":true,"href":"https:\/\/lospoliticosveracruz.com\/index.php?rest_route=%2Fwp%2Fv2%2Fcomments&post=166030"}],"version-history":[{"count":1,"href":"https:\/\/lospoliticosveracruz.com\/index.php?rest_route=\/wp\/v2\/posts\/166030\/revisions"}],"predecessor-version":[{"id":166031,"href":"https:\/\/lospoliticosveracruz.com\/index.php?rest_route=\/wp\/v2\/posts\/166030\/revisions\/166031"}],"wp:featuredmedia":[{"embeddable":true,"href":"https:\/\/lospoliticosveracruz.com\/index.php?rest_route=\/wp\/v2\/media\/141384"}],"wp:attachment":[{"href":"https:\/\/lospoliticosveracruz.com\/index.php?rest_route=%2Fwp%2Fv2%2Fmedia&parent=166030"}],"wp:term":[{"taxonomy":"category","embeddable":true,"href":"https:\/\/lospoliticosveracruz.com\/index.php?rest_route=%2Fwp%2Fv2%2Fcategories&post=166030"},{"taxonomy":"post_tag","embeddable":true,"href":"https:\/\/lospoliticosveracruz.com\/index.php?rest_route=%2Fwp%2Fv2%2Ftags&post=166030"}],"curies":[{"name":"wp","href":"https:\/\/api.w.org\/{rel}","templated":true}]}}