{"id":166032,"date":"2026-03-13T05:38:23","date_gmt":"2026-03-13T11:38:23","guid":{"rendered":"https:\/\/lospoliticosveracruz.com\/?p=166032"},"modified":"2026-03-13T05:38:24","modified_gmt":"2026-03-13T11:38:24","slug":"curules-carinosas","status":"publish","type":"post","link":"https:\/\/lospoliticosveracruz.com\/?p=166032","title":{"rendered":"CURULES \u201cCARI\u00d1OSAS\u201d"},"content":{"rendered":"\n<p><strong>Fanny Y\u00e9pez<\/strong><br><em>La Columna<\/em><\/p>\n\n\n\n<p>Con base en la informaci\u00f3n disponible hasta 2024-2025, un diputado local en Veracruz, le cuesta al erario p\u00fablico aproximadamente 16 millones 874 mil 460 pesos con 40 centavos anuales. Un gasto excesivo y exorbitante que pudiera destinarse hacia programas asistenciales de las clases m\u00e1s desprotegidas.<br>Esta cifra posiciona a los legisladores veracruzanos entre los m\u00e1s costosos del pa\u00eds, incluyendo no solo su sueldo directo, sino el presupuesto operativo del Congreso, dividido entre los 50 integrantes de la Legislatura (servicios personales, asesores, bonos y materiales).<br>Con base en registros previos y la estructura salarial del Congreso de Veracruz, la dieta mensual (sueldo directo), se ha situado en aproximadamente 70 mil pesos mensuales.<br>Percepciones Adicionales. &#8211; adem\u00e1s de la dieta, los diputados locales en Veracruz reciben conceptos adicionales como el \u00abSubsidio Legislativo\u00bb y otras prestaciones que aumentan la remuneraci\u00f3n total.<br>Subvenciones. &#8211; se ha reportado que los diputados locales reciben subvenciones mensuales (adicionales a su dieta), que han sido ajustadas al alza, mencion\u00e1ndose montos de 80 mil pesos mensuales en el contexto reciente de la LXVII Legislatura.<br>Los legisladores cuentan con prestaciones superiores a las de la ley, incluyendo un aguinaldo que hist\u00f3ricamente ha sido de hasta 50 d\u00edas de salario.<br>Financiamiento de actividades. &#8211; adem\u00e1s de su dieta, los diputados manejan recursos asignados a comisiones legislativas permanentes (existen 34) y al trabajo de las bancadas.<br>Personal de apoyo. &#8211; los diputados cuentan con personal administrativo y t\u00e9cnico asignado, sumando cientos de plazas en el Congreso para apoyar sus funciones legislativas<br>Precisamente este jueves, la Presidenta Claudia Sheinbaum present\u00f3 una tabla, donde expuso los presupuestos de los congresos estatales y ah\u00ed es donde recrimin\u00f3 los excesivos presupuestos, que manejan los poderes legislativos locales de los 32 estados, ah\u00ed se precisa que la legislatura estatal de Veracruz maneja un presupuesto para el ejercicio 2024 y proyectado para 2025 muy alto, rondando los 800 millones de pesos anuales para la operaci\u00f3n del Poder Legislativo.<br>La Presidenta Claudia Sheinbaum Pardo expres\u00f3 su intenci\u00f3n de reducir los costos y privilegios en los congresos locales, se\u00f1alando que existen disparidades excesivas en sus presupuestos.<br>Homologaci\u00f3n de sueldos, la mandataria federal se\u00f1al\u00f3 que en algunos congresos estatales un diputado puede ganar hasta cinco veces m\u00e1s que en otros. Su propuesta busca equiparar estos salarios bajo el principio de \u00abjusta median\u00eda\u00bb, evitando ingresos elevados a costa de los recursos de estados con mayores carencias.<br>Reducci\u00f3n del gasto excesivo. &#8211; como parte de su estrategia de austeridad republicana, la Presidenta Sheinbaum ha planteado topar el presupuesto de los congresos locales, con base en criterios como el porcentaje de la poblaci\u00f3n o promedios nacionales, para evitar que legislaturas peque\u00f1as manejen recursos desproporcionadamente altos.<br>Eliminaci\u00f3n de privilegios, la propuesta busca eliminar bonos excesivos y asegurar que ning\u00fan funcionario local gane m\u00e1s que la titular del Ejecutivo federal.<br>Destino de los ahorros. &#8211; Sheinbaum ha enfatizado que la disminuci\u00f3n de estos costos se debe destinar a las \u00e1reas prioritarias como educaci\u00f3n, salud y programas de bienestar.<br>Tras el rechazo de su reforma electoral inicial en la C\u00e1mara de Diputados, la presidenta anunci\u00f3 que impulsar\u00e1 estas medidas a trav\u00e9s de un \u00abPlan B\u00bb legislativo, para continuar con la reducci\u00f3n de gastos en los estados y municipios.<br>Durante la presentaci\u00f3n del llamado \u201cPlan B\u201d de la reforma electoral, la presidenta de M\u00e9xico, expuso el gasto que los estados destinan al funcionamiento de sus congresos locales, al se\u00f1alar que en algunos casos el costo por legislador resulta elevado en comparaci\u00f3n con el tama\u00f1o de la poblaci\u00f3n.<\/p>\n\n\n\n<p>Durante su exposici\u00f3n, Sheinbaum se\u00f1al\u00f3 que el objetivo de la reforma electoral es reducir privilegios en los cargos de representaci\u00f3n local, particularmente en lo relacionado con salarios, estructura administrativa y presupuestos asignados a diputados locales y regidores municipales.<\/p>\n\n\n\n<p>Siguiendo el tema legislativo, les comento que a inicios de este a\u00f1o, la LXVII Legislatura del Congreso de Veracruz enfrenta cr\u00edticas por una baja productividad general, con solo un 17% de iniciativas aprobadas al cierre de su primer periodo ordinario. De 193 iniciativas presentadas en un lapso de a\u00f1o y medio, solo 33 fueron avaladas.<\/p>\n\n\n\n<p>Aunque los reportes oficiales suelen destacar a los m\u00e1s productivos, el desempe\u00f1o de los legisladores en Veracruz se ha visto marcado por los siguientes factores de \u00abimproductividad\u00bb o inactividad:<\/p>\n\n\n\n<p>Factores de baja productividad en 2026<\/p>\n\n\n\n<p>Rezagos en Comisiones: Existen m\u00e1s de 150 iniciativas detenidas en comisiones por falta de dictaminaci\u00f3n.<\/p>\n\n\n\n<p>Salidas por candidaturas, varios diputados locales han solicitado licencia para buscar alcald\u00edas u otros cargos en el proceso electoral de 2026, lo que ha generado cr\u00edticas sobre el abandono de su labor legislativa.<\/p>\n\n\n\n<p>Bajo \u00edndice de aprobaci\u00f3n, el Congreso de Veracruz ha sido evaluado entre los peor calificados del pa\u00eds, debido al bajo volumen de leyes procesadas en comparaci\u00f3n con las presentadas.<\/p>\n\n\n\n<p>El Plan B del gobierno federal podr\u00eda resolver y dar por terminado todo ese abuso, que hemos visto que llevan a cabo funcionarios de los tres niveles de gobierno. En este caso espec\u00edfico, los legisladores locales, que muchas veces han dicho grandes disparates que los sacan del nivel de discusi\u00f3n que debieran tener.<\/p>\n\n\n\n<p>Son contados aquellos que realmente desempe\u00f1an decorosamente su papel como diputados, porque tienen muy claro cu\u00e1l es su funci\u00f3n hist\u00f3rica, que con sus iniciativas podr\u00edan proyectar al estado de Veracruz a estadios mejor valorados.<\/p>\n\n\n\n<p>Algunos de estos personajes se han metido en su \u201cburbuja\u201d y no salen para evitar exponerse ante los cuestionamientos de la prensa, podr\u00edamos pensar que se mimetizan y como dijera aquel ex presidente ni los veo ni los oigo. As\u00ed es como piensan pasar los tres a\u00f1os de su gesti\u00f3n, en el ostracismo, sin pena ni gloria.<\/p>\n","protected":false},"excerpt":{"rendered":"<p>Fanny Y\u00e9pezLa Columna Con base en la informaci\u00f3n disponible hasta 2024-2025, un diputado local en Veracruz, le cuesta al erario p\u00fablico aproximadamente 16 millones 874 mil 460 pesos con 40 centavos anuales. Un gasto excesivo y exorbitante que pudiera destinarse hacia programas asistenciales de las clases m\u00e1s desprotegidas.Esta cifra posiciona a los legisladores veracruzanos entre [&hellip;]<\/p>\n","protected":false},"author":2,"featured_media":141383,"comment_status":"closed","ping_status":"closed","sticky":false,"template":"","format":"standard","meta":{"tdm_status":"","tdm_grid_status":"","footnotes":""},"categories":[70],"tags":[9627,393,84,195],"class_list":{"0":"post-166032","1":"post","2":"type-post","3":"status-publish","4":"format-standard","5":"has-post-thumbnail","7":"category-de-opinion","8":"tag-claudia-sheinbaum","9":"tag-congreso-de-veracruz","10":"tag-diputados","11":"tag-veracruz"},"yoast_head":"<!-- This site is optimized with the Yoast SEO plugin v27.4 - https:\/\/yoast.com\/product\/yoast-seo-wordpress\/ -->\n<title>CURULES \u201cCARI\u00d1OSAS\u201d - Los pol\u00edticos Veracruz<\/title>\n<meta name=\"robots\" content=\"index, follow, max-snippet:-1, max-image-preview:large, max-video-preview:-1\" \/>\n<link rel=\"canonical\" href=\"https:\/\/lospoliticosveracruz.com\/?p=166032\" \/>\n<meta property=\"og:locale\" content=\"es_ES\" \/>\n<meta property=\"og:type\" content=\"article\" \/>\n<meta property=\"og:title\" content=\"CURULES \u201cCARI\u00d1OSAS\u201d - Los pol\u00edticos Veracruz\" \/>\n<meta property=\"og:description\" content=\"Fanny Y\u00e9pezLa Columna Con base en la informaci\u00f3n disponible hasta 2024-2025, un diputado local en Veracruz, le cuesta al erario p\u00fablico aproximadamente 16 millones 874 mil 460 pesos con 40 centavos anuales. Un gasto excesivo y exorbitante que pudiera destinarse hacia programas asistenciales de las clases m\u00e1s desprotegidas.Esta cifra posiciona a los legisladores veracruzanos entre [&hellip;]\" \/>\n<meta property=\"og:url\" content=\"https:\/\/lospoliticosveracruz.com\/?p=166032\" \/>\n<meta property=\"og:site_name\" content=\"Los pol\u00edticos Veracruz\" \/>\n<meta property=\"article:publisher\" content=\"https:\/\/www.facebook.com\/people\/Notimemes-de-los-Polticos\/61565672886568\/\" \/>\n<meta property=\"article:published_time\" content=\"2026-03-13T11:38:23+00:00\" \/>\n<meta property=\"article:modified_time\" content=\"2026-03-13T11:38:24+00:00\" \/>\n<meta property=\"og:image\" content=\"https:\/\/lospoliticosveracruz.com\/wp-content\/uploads\/2025\/04\/Fanny-Yepez-Luna-e1768657334923.jpg\" \/>\n\t<meta property=\"og:image:width\" content=\"600\" \/>\n\t<meta property=\"og:image:height\" content=\"320\" \/>\n\t<meta property=\"og:image:type\" content=\"image\/jpeg\" \/>\n<meta name=\"author\" content=\"Lo viste en Los Pol\u00edticos\" \/>\n<meta name=\"twitter:card\" content=\"summary_large_image\" \/>\n<meta name=\"twitter:creator\" content=\"@LosPoliticosVer\" \/>\n<meta name=\"twitter:site\" content=\"@LosPoliticosVer\" \/>\n<meta name=\"twitter:label1\" content=\"Escrito por\" \/>\n\t<meta name=\"twitter:data1\" content=\"Lo viste en Los Pol\u00edticos\" \/>\n\t<meta name=\"twitter:label2\" content=\"Tiempo de lectura\" \/>\n\t<meta name=\"twitter:data2\" content=\"5 minutos\" \/>\n<script type=\"application\/ld+json\" class=\"yoast-schema-graph\">{\"@context\":\"https:\\\/\\\/schema.org\",\"@graph\":[{\"@type\":\"Article\",\"@id\":\"https:\\\/\\\/lospoliticosveracruz.com\\\/?p=166032#article\",\"isPartOf\":{\"@id\":\"https:\\\/\\\/lospoliticosveracruz.com\\\/?p=166032\"},\"author\":{\"name\":\"Lo viste en Los Pol\u00edticos\",\"@id\":\"https:\\\/\\\/lospoliticosveracruz.com\\\/#\\\/schema\\\/person\\\/b8702bb0e538456e6efd07080bf2a4a2\"},\"headline\":\"CURULES \u201cCARI\u00d1OSAS\u201d\",\"datePublished\":\"2026-03-13T11:38:23+00:00\",\"dateModified\":\"2026-03-13T11:38:24+00:00\",\"mainEntityOfPage\":{\"@id\":\"https:\\\/\\\/lospoliticosveracruz.com\\\/?p=166032\"},\"wordCount\":978,\"publisher\":{\"@id\":\"https:\\\/\\\/lospoliticosveracruz.com\\\/#organization\"},\"image\":{\"@id\":\"https:\\\/\\\/lospoliticosveracruz.com\\\/?p=166032#primaryimage\"},\"thumbnailUrl\":\"https:\\\/\\\/lospoliticosveracruz.com\\\/wp-content\\\/uploads\\\/2025\\\/04\\\/Fanny-Yepez-Luna-e1768657334923.jpg\",\"keywords\":[\"Claudia Sheinbaum\",\"Congreso de Veracruz\",\"Diputados\",\"Veracruz\"],\"articleSection\":[\"De Opini\u00f3n\"],\"inLanguage\":\"es\"},{\"@type\":\"WebPage\",\"@id\":\"https:\\\/\\\/lospoliticosveracruz.com\\\/?p=166032\",\"url\":\"https:\\\/\\\/lospoliticosveracruz.com\\\/?p=166032\",\"name\":\"CURULES \u201cCARI\u00d1OSAS\u201d - Los pol\u00edticos Veracruz\",\"isPartOf\":{\"@id\":\"https:\\\/\\\/lospoliticosveracruz.com\\\/#website\"},\"primaryImageOfPage\":{\"@id\":\"https:\\\/\\\/lospoliticosveracruz.com\\\/?p=166032#primaryimage\"},\"image\":{\"@id\":\"https:\\\/\\\/lospoliticosveracruz.com\\\/?p=166032#primaryimage\"},\"thumbnailUrl\":\"https:\\\/\\\/lospoliticosveracruz.com\\\/wp-content\\\/uploads\\\/2025\\\/04\\\/Fanny-Yepez-Luna-e1768657334923.jpg\",\"datePublished\":\"2026-03-13T11:38:23+00:00\",\"dateModified\":\"2026-03-13T11:38:24+00:00\",\"breadcrumb\":{\"@id\":\"https:\\\/\\\/lospoliticosveracruz.com\\\/?p=166032#breadcrumb\"},\"inLanguage\":\"es\",\"potentialAction\":[{\"@type\":\"ReadAction\",\"target\":[\"https:\\\/\\\/lospoliticosveracruz.com\\\/?p=166032\"]}]},{\"@type\":\"ImageObject\",\"inLanguage\":\"es\",\"@id\":\"https:\\\/\\\/lospoliticosveracruz.com\\\/?p=166032#primaryimage\",\"url\":\"https:\\\/\\\/lospoliticosveracruz.com\\\/wp-content\\\/uploads\\\/2025\\\/04\\\/Fanny-Yepez-Luna-e1768657334923.jpg\",\"contentUrl\":\"https:\\\/\\\/lospoliticosveracruz.com\\\/wp-content\\\/uploads\\\/2025\\\/04\\\/Fanny-Yepez-Luna-e1768657334923.jpg\",\"width\":600,\"height\":320},{\"@type\":\"BreadcrumbList\",\"@id\":\"https:\\\/\\\/lospoliticosveracruz.com\\\/?p=166032#breadcrumb\",\"itemListElement\":[{\"@type\":\"ListItem\",\"position\":1,\"name\":\"Portada\",\"item\":\"https:\\\/\\\/lospoliticosveracruz.com\\\/\"},{\"@type\":\"ListItem\",\"position\":2,\"name\":\"CURULES \u201cCARI\u00d1OSAS\u201d\"}]},{\"@type\":\"WebSite\",\"@id\":\"https:\\\/\\\/lospoliticosveracruz.com\\\/#website\",\"url\":\"https:\\\/\\\/lospoliticosveracruz.com\\\/\",\"name\":\"Los pol\u00edticos Veracruz\",\"description\":\"\",\"publisher\":{\"@id\":\"https:\\\/\\\/lospoliticosveracruz.com\\\/#organization\"},\"potentialAction\":[{\"@type\":\"SearchAction\",\"target\":{\"@type\":\"EntryPoint\",\"urlTemplate\":\"https:\\\/\\\/lospoliticosveracruz.com\\\/?s={search_term_string}\"},\"query-input\":{\"@type\":\"PropertyValueSpecification\",\"valueRequired\":true,\"valueName\":\"search_term_string\"}}],\"inLanguage\":\"es\"},{\"@type\":\"Organization\",\"@id\":\"https:\\\/\\\/lospoliticosveracruz.com\\\/#organization\",\"name\":\"Los pol\u00edticos Veracruz\",\"url\":\"https:\\\/\\\/lospoliticosveracruz.com\\\/\",\"logo\":{\"@type\":\"ImageObject\",\"inLanguage\":\"es\",\"@id\":\"https:\\\/\\\/lospoliticosveracruz.com\\\/#\\\/schema\\\/logo\\\/image\\\/\",\"url\":\"https:\\\/\\\/lospoliticosveracruz.com\\\/wp-content\\\/uploads\\\/2025\\\/12\\\/Logo-Nuevo-LOS-POLITICOS-1.jpg\",\"contentUrl\":\"https:\\\/\\\/lospoliticosveracruz.com\\\/wp-content\\\/uploads\\\/2025\\\/12\\\/Logo-Nuevo-LOS-POLITICOS-1.jpg\",\"width\":260,\"height\":70,\"caption\":\"Los pol\u00edticos Veracruz\"},\"image\":{\"@id\":\"https:\\\/\\\/lospoliticosveracruz.com\\\/#\\\/schema\\\/logo\\\/image\\\/\"},\"sameAs\":[\"https:\\\/\\\/www.facebook.com\\\/people\\\/Notimemes-de-los-Polticos\\\/61565672886568\\\/\",\"https:\\\/\\\/x.com\\\/LosPoliticosVer\"]},{\"@type\":\"Person\",\"@id\":\"https:\\\/\\\/lospoliticosveracruz.com\\\/#\\\/schema\\\/person\\\/b8702bb0e538456e6efd07080bf2a4a2\",\"name\":\"Lo viste en Los Pol\u00edticos\",\"image\":{\"@type\":\"ImageObject\",\"inLanguage\":\"es\",\"@id\":\"https:\\\/\\\/secure.gravatar.com\\\/avatar\\\/3a8de04a2656d44082be478bd6c086daa447c4651605818287b9532d3d0bd435?s=96&d=mm&r=g\",\"url\":\"https:\\\/\\\/secure.gravatar.com\\\/avatar\\\/3a8de04a2656d44082be478bd6c086daa447c4651605818287b9532d3d0bd435?s=96&d=mm&r=g\",\"contentUrl\":\"https:\\\/\\\/secure.gravatar.com\\\/avatar\\\/3a8de04a2656d44082be478bd6c086daa447c4651605818287b9532d3d0bd435?s=96&d=mm&r=g\",\"caption\":\"Lo viste en Los Pol\u00edticos\"},\"url\":\"https:\\\/\\\/lospoliticosveracruz.com\\\/?author=2\"}]}<\/script>\n<!-- \/ Yoast SEO plugin. -->","yoast_head_json":{"title":"CURULES \u201cCARI\u00d1OSAS\u201d - Los pol\u00edticos Veracruz","robots":{"index":"index","follow":"follow","max-snippet":"max-snippet:-1","max-image-preview":"max-image-preview:large","max-video-preview":"max-video-preview:-1"},"canonical":"https:\/\/lospoliticosveracruz.com\/?p=166032","og_locale":"es_ES","og_type":"article","og_title":"CURULES \u201cCARI\u00d1OSAS\u201d - Los pol\u00edticos Veracruz","og_description":"Fanny Y\u00e9pezLa Columna Con base en la informaci\u00f3n disponible hasta 2024-2025, un diputado local en Veracruz, le cuesta al erario p\u00fablico aproximadamente 16 millones 874 mil 460 pesos con 40 centavos anuales. Un gasto excesivo y exorbitante que pudiera destinarse hacia programas asistenciales de las clases m\u00e1s desprotegidas.Esta cifra posiciona a los legisladores veracruzanos entre [&hellip;]","og_url":"https:\/\/lospoliticosveracruz.com\/?p=166032","og_site_name":"Los pol\u00edticos Veracruz","article_publisher":"https:\/\/www.facebook.com\/people\/Notimemes-de-los-Polticos\/61565672886568\/","article_published_time":"2026-03-13T11:38:23+00:00","article_modified_time":"2026-03-13T11:38:24+00:00","og_image":[{"width":600,"height":320,"url":"https:\/\/lospoliticosveracruz.com\/wp-content\/uploads\/2025\/04\/Fanny-Yepez-Luna-e1768657334923.jpg","type":"image\/jpeg"}],"author":"Lo viste en Los Pol\u00edticos","twitter_card":"summary_large_image","twitter_creator":"@LosPoliticosVer","twitter_site":"@LosPoliticosVer","twitter_misc":{"Escrito por":"Lo viste en Los Pol\u00edticos","Tiempo de lectura":"5 minutos"},"schema":{"@context":"https:\/\/schema.org","@graph":[{"@type":"Article","@id":"https:\/\/lospoliticosveracruz.com\/?p=166032#article","isPartOf":{"@id":"https:\/\/lospoliticosveracruz.com\/?p=166032"},"author":{"name":"Lo viste en Los Pol\u00edticos","@id":"https:\/\/lospoliticosveracruz.com\/#\/schema\/person\/b8702bb0e538456e6efd07080bf2a4a2"},"headline":"CURULES \u201cCARI\u00d1OSAS\u201d","datePublished":"2026-03-13T11:38:23+00:00","dateModified":"2026-03-13T11:38:24+00:00","mainEntityOfPage":{"@id":"https:\/\/lospoliticosveracruz.com\/?p=166032"},"wordCount":978,"publisher":{"@id":"https:\/\/lospoliticosveracruz.com\/#organization"},"image":{"@id":"https:\/\/lospoliticosveracruz.com\/?p=166032#primaryimage"},"thumbnailUrl":"https:\/\/lospoliticosveracruz.com\/wp-content\/uploads\/2025\/04\/Fanny-Yepez-Luna-e1768657334923.jpg","keywords":["Claudia Sheinbaum","Congreso de Veracruz","Diputados","Veracruz"],"articleSection":["De Opini\u00f3n"],"inLanguage":"es"},{"@type":"WebPage","@id":"https:\/\/lospoliticosveracruz.com\/?p=166032","url":"https:\/\/lospoliticosveracruz.com\/?p=166032","name":"CURULES \u201cCARI\u00d1OSAS\u201d - Los pol\u00edticos Veracruz","isPartOf":{"@id":"https:\/\/lospoliticosveracruz.com\/#website"},"primaryImageOfPage":{"@id":"https:\/\/lospoliticosveracruz.com\/?p=166032#primaryimage"},"image":{"@id":"https:\/\/lospoliticosveracruz.com\/?p=166032#primaryimage"},"thumbnailUrl":"https:\/\/lospoliticosveracruz.com\/wp-content\/uploads\/2025\/04\/Fanny-Yepez-Luna-e1768657334923.jpg","datePublished":"2026-03-13T11:38:23+00:00","dateModified":"2026-03-13T11:38:24+00:00","breadcrumb":{"@id":"https:\/\/lospoliticosveracruz.com\/?p=166032#breadcrumb"},"inLanguage":"es","potentialAction":[{"@type":"ReadAction","target":["https:\/\/lospoliticosveracruz.com\/?p=166032"]}]},{"@type":"ImageObject","inLanguage":"es","@id":"https:\/\/lospoliticosveracruz.com\/?p=166032#primaryimage","url":"https:\/\/lospoliticosveracruz.com\/wp-content\/uploads\/2025\/04\/Fanny-Yepez-Luna-e1768657334923.jpg","contentUrl":"https:\/\/lospoliticosveracruz.com\/wp-content\/uploads\/2025\/04\/Fanny-Yepez-Luna-e1768657334923.jpg","width":600,"height":320},{"@type":"BreadcrumbList","@id":"https:\/\/lospoliticosveracruz.com\/?p=166032#breadcrumb","itemListElement":[{"@type":"ListItem","position":1,"name":"Portada","item":"https:\/\/lospoliticosveracruz.com\/"},{"@type":"ListItem","position":2,"name":"CURULES \u201cCARI\u00d1OSAS\u201d"}]},{"@type":"WebSite","@id":"https:\/\/lospoliticosveracruz.com\/#website","url":"https:\/\/lospoliticosveracruz.com\/","name":"Los pol\u00edticos Veracruz","description":"","publisher":{"@id":"https:\/\/lospoliticosveracruz.com\/#organization"},"potentialAction":[{"@type":"SearchAction","target":{"@type":"EntryPoint","urlTemplate":"https:\/\/lospoliticosveracruz.com\/?s={search_term_string}"},"query-input":{"@type":"PropertyValueSpecification","valueRequired":true,"valueName":"search_term_string"}}],"inLanguage":"es"},{"@type":"Organization","@id":"https:\/\/lospoliticosveracruz.com\/#organization","name":"Los pol\u00edticos Veracruz","url":"https:\/\/lospoliticosveracruz.com\/","logo":{"@type":"ImageObject","inLanguage":"es","@id":"https:\/\/lospoliticosveracruz.com\/#\/schema\/logo\/image\/","url":"https:\/\/lospoliticosveracruz.com\/wp-content\/uploads\/2025\/12\/Logo-Nuevo-LOS-POLITICOS-1.jpg","contentUrl":"https:\/\/lospoliticosveracruz.com\/wp-content\/uploads\/2025\/12\/Logo-Nuevo-LOS-POLITICOS-1.jpg","width":260,"height":70,"caption":"Los pol\u00edticos Veracruz"},"image":{"@id":"https:\/\/lospoliticosveracruz.com\/#\/schema\/logo\/image\/"},"sameAs":["https:\/\/www.facebook.com\/people\/Notimemes-de-los-Polticos\/61565672886568\/","https:\/\/x.com\/LosPoliticosVer"]},{"@type":"Person","@id":"https:\/\/lospoliticosveracruz.com\/#\/schema\/person\/b8702bb0e538456e6efd07080bf2a4a2","name":"Lo viste en Los Pol\u00edticos","image":{"@type":"ImageObject","inLanguage":"es","@id":"https:\/\/secure.gravatar.com\/avatar\/3a8de04a2656d44082be478bd6c086daa447c4651605818287b9532d3d0bd435?s=96&d=mm&r=g","url":"https:\/\/secure.gravatar.com\/avatar\/3a8de04a2656d44082be478bd6c086daa447c4651605818287b9532d3d0bd435?s=96&d=mm&r=g","contentUrl":"https:\/\/secure.gravatar.com\/avatar\/3a8de04a2656d44082be478bd6c086daa447c4651605818287b9532d3d0bd435?s=96&d=mm&r=g","caption":"Lo viste en Los Pol\u00edticos"},"url":"https:\/\/lospoliticosveracruz.com\/?author=2"}]}},"_links":{"self":[{"href":"https:\/\/lospoliticosveracruz.com\/index.php?rest_route=\/wp\/v2\/posts\/166032","targetHints":{"allow":["GET"]}}],"collection":[{"href":"https:\/\/lospoliticosveracruz.com\/index.php?rest_route=\/wp\/v2\/posts"}],"about":[{"href":"https:\/\/lospoliticosveracruz.com\/index.php?rest_route=\/wp\/v2\/types\/post"}],"author":[{"embeddable":true,"href":"https:\/\/lospoliticosveracruz.com\/index.php?rest_route=\/wp\/v2\/users\/2"}],"replies":[{"embeddable":true,"href":"https:\/\/lospoliticosveracruz.com\/index.php?rest_route=%2Fwp%2Fv2%2Fcomments&post=166032"}],"version-history":[{"count":1,"href":"https:\/\/lospoliticosveracruz.com\/index.php?rest_route=\/wp\/v2\/posts\/166032\/revisions"}],"predecessor-version":[{"id":166033,"href":"https:\/\/lospoliticosveracruz.com\/index.php?rest_route=\/wp\/v2\/posts\/166032\/revisions\/166033"}],"wp:featuredmedia":[{"embeddable":true,"href":"https:\/\/lospoliticosveracruz.com\/index.php?rest_route=\/wp\/v2\/media\/141383"}],"wp:attachment":[{"href":"https:\/\/lospoliticosveracruz.com\/index.php?rest_route=%2Fwp%2Fv2%2Fmedia&parent=166032"}],"wp:term":[{"taxonomy":"category","embeddable":true,"href":"https:\/\/lospoliticosveracruz.com\/index.php?rest_route=%2Fwp%2Fv2%2Fcategories&post=166032"},{"taxonomy":"post_tag","embeddable":true,"href":"https:\/\/lospoliticosveracruz.com\/index.php?rest_route=%2Fwp%2Fv2%2Ftags&post=166032"}],"curies":[{"name":"wp","href":"https:\/\/api.w.org\/{rel}","templated":true}]}}