{"id":166034,"date":"2026-03-13T06:16:41","date_gmt":"2026-03-13T12:16:41","guid":{"rendered":"https:\/\/lospoliticosveracruz.com\/?p=166034"},"modified":"2026-03-13T06:16:42","modified_gmt":"2026-03-13T12:16:42","slug":"cumbre-tajin","status":"publish","type":"post","link":"https:\/\/lospoliticosveracruz.com\/?p=166034","title":{"rendered":"CUMBRE TAJ\u00cdN"},"content":{"rendered":"\n<p><strong>Omar Z\u00fa\u00f1iga<\/strong><br><em>De Primera Mano<\/em><\/p>\n\n\n\n<p>Cumbre Taj\u00edn cumple 26 a\u00f1os.<\/p>\n\n\n\n<p>Aunque inicialmente fue proyectada para entrar en funcionamiento en 1999&nbsp;como preludio al nuevo Milenio, finalmente vio la luz precisamente&nbsp;en&nbsp;el apocal\u00edptico a\u00f1o 2000, marzo, con&nbsp;motivo del primer equinoccio del Siglo XXI.<\/p>\n\n\n\n<p>Nace por iniciativa del&nbsp;entonces gobernador&nbsp;<strong>Miguel&nbsp;<\/strong><strong>A<\/strong><strong>lem\u00e1n&nbsp;<\/strong><strong>Velasco<\/strong>&nbsp;y su admiraci\u00f3n por la cultura totonaca,&nbsp;para hacer una celebraci\u00f3n en el cambio de&nbsp;Milenio&nbsp;y posicionar&nbsp;en todo el mundo&nbsp;a la emblem\u00e1tica zona arqueol\u00f3gica del&nbsp;Taj\u00edn.&nbsp;<\/p>\n\n\n\n<p>Forma un equipo que comenz\u00f3 con&nbsp;<strong>G<\/strong><strong>ast\u00f3n Melo<\/strong>&nbsp;y&nbsp;<strong>Carlos&nbsp;<\/strong><strong>M<\/strong><strong>ora<\/strong>&nbsp;quienes a su vez incluyeron a&nbsp;<strong>Salom\u00f3n Bazbaz<\/strong>.<\/p>\n\n\n\n<p>Ellos&nbsp;desarrollaron&nbsp;el&nbsp;C\u00f3dice&nbsp;Taj\u00edn&nbsp;y hasta entonces se dieron cuenta cabal que&nbsp;la importancia no era s\u00f3lo de hacer un evento, sino todo un un movimientoalrededor, es decir un festival como lo que se hace en Europa o tipo Lollapalooza,&nbsp;pero que proyectara&nbsp;la enorme y maravillosa riqueza&nbsp;que es el la cultura del Totonacapan.<\/p>\n\n\n\n<p>Involucrada al 100 por ciento en el proyecto,&nbsp;la comunidad del&nbsp;Taj\u00edn&nbsp;dieron su VoBo, sin embargo hab\u00eda que realizar&nbsp;la&nbsp;\u201cceremonia de permiso\u201d, pues nada se pod\u00eda hacer sin permiso de &nbsp;los ancestros.&nbsp;<\/p>\n\n\n\n<p>La ceremonia la encabez\u00f3 el entonces gobernador ind\u00edgena el querido&nbsp;<strong>Juan Simbr\u00f3n<\/strong>, que adem\u00e1s fue de una belleza excepcional y transmitida a todo el Mundo, como parte de las celebraciones&nbsp;por la llegada&nbsp;del Nuevo Milenio.<\/p>\n\n\n\n<p>Cumbre&nbsp;fue creciendo y creciendo, trayendo&nbsp;una&nbsp;enorme derrama econ\u00f3mica&nbsp;a toda la regi\u00f3n norte del estado.<\/p>\n\n\n\n<p>Con&nbsp;<strong>Fidel&nbsp;<\/strong><strong>H<\/strong><strong>errera<\/strong>&nbsp;se empiezan a hacer proyectos sociales muy importantes&nbsp;como&nbsp;parte de Cumbre Taj\u00edn: becas para j\u00f3venes ind\u00edgenas,&nbsp;la creaci\u00f3n del Centro de las&nbsp;Artes&nbsp;Ind\u00edgenas, el&nbsp;nombramiento de los&nbsp;Voladores&nbsp;como Patrimonio Cultural&nbsp;Intangible&nbsp;de la Humanidad por parte de la UNESCO, en aquella inolvidable ceremonia en Abu Dhabi, donde el mundo entero pudo escuchar por primera ocasi\u00f3n&nbsp;la belleza del idioma&nbsp;totonacu en esa tribuna.<\/p>\n\n\n\n<p>En aquel sexenio&nbsp;Cumbre Taj\u00edn vio su esplendor, con artistas tan importantes como Carlos Santana, Bj\u00f6rk, Caifanes, Maldita Vecindad, Tot\u00f3 La Mamposina,&nbsp;Oscar D\u00b4Le\u00f3n, Mono Blanco, Los Cojolites y por supuesto la xalape\u00f1a Banda que Manda.<\/p>\n\n\n\n<p>Hab\u00eda de todo.<\/p>\n\n\n\n<p>El proyecto fue creciendo, creciendo, creciendo\u2026;&nbsp;lleg\u00f3&nbsp;Javier Duarte y&nbsp;todo sigui\u00f3 m\u00e1s o menos bien hasta el \u00faltimo a\u00f1o de ese gobierno en que tuvieron que hacer piruetas, pero el festival integral segu\u00eda en desarrollo.<\/p>\n\n\n\n<p>*****<\/p>\n\n\n\n<p>Hasta que lleg\u00f3&nbsp;<strong>Cuitl\u00e1huac Garc\u00eda<\/strong>&nbsp;y en su infinita estupidez e ignorancia, Cumbre dej\u00f3 de importarle y dej\u00f3 todo en manos de dos oscuros personajes:&nbsp;<strong>Eric Patrocinio Cisneros<\/strong>&nbsp;(<strong><em>Bola 8<\/em><\/strong>) entonces secretario de Gobierno y el entonces alcalde de Papantla y actual subsecretario de Finanzas,&nbsp;<strong>Eric Dom\u00ednguez<\/strong>.<\/p>\n\n\n\n<p>Todo lo bueno que se hab\u00eda construido, con esfuerzo, dedicaci\u00f3n y voluntad a lo largo de casi 20 a\u00f1os,&nbsp;estos personajes le dieron en la madre de un plumazo.<\/p>\n\n\n\n<p>Lo que&nbsp;que era una unidad&nbsp;entre&nbsp;Cumbre Taj\u00edn,&nbsp;la Ceremonia de los&nbsp;Voladores,&nbsp;el&nbsp;Centro de las&nbsp;Artes&nbsp;Ind\u00edgenas, Parque&nbsp;Takilhsukut&nbsp;y la Zona Arqueol\u00f3gica del Taj\u00edn,&nbsp;lo dividieron, econ\u00f3mica&nbsp;e institucionalmente,&nbsp;pulverizaron a los&nbsp;ind\u00edgenas&nbsp;totonacas y descabezaron el proyecto.<\/p>\n\n\n\n<p>Todo lo que&nbsp;se hab\u00eda ganado&nbsp;en dignidad&nbsp;para los pueblos originarios del Totonacapan, se perdi\u00f3.&nbsp;<\/p>\n\n\n\n<p>Desde entonces y hasta ahora, tratan a los totonacas como empleados y ni siquiera les pagan a tiempo.<\/p>\n\n\n\n<p>Esos que pregonan el Bienestar de los pueblos originarios, han sido los primeros en arrebatarles lo que por derecho propio les pertenece.<\/p>\n\n\n\n<p>Intereses econ\u00f3micos por supuesto&nbsp;y&nbsp;pol\u00edticos tambi\u00e9n,&nbsp;que&nbsp;se anteponen a los derechos sociales,&nbsp;a&nbsp;los de la gente,&nbsp;a&nbsp;los de ese pueblo \u201cbueno y sabio\u201d&nbsp;que los eligen porque les obligan y que pisotean, utilizando m\u00e9todos gangsteriles para que se haga su voluntad.<\/p>\n\n\n\n<p>*****<\/p>\n\n\n\n<p>Hoy en d\u00eda, tenemos carteles que anuncian un par de d\u00edas de agrupaciones que adem\u00e1s se presentan sin que se cobre la entrada, con la magn\u00edfica Lila Downs (la mejor de este cartel), actuando de telonera para un Grupo Ca\u00f1averal que llega como el estelar de&nbsp;la noche.<\/p>\n\n\n\n<p>Pero que en el colmo de la ignorancia, en los carteles ni siquiera aparece la emblem\u00e1tica Pir\u00e1mide de los Nichos, s\u00edmbolo de la cultura Totonaca y que desde siempre hab\u00eda sido la imagen de Cumbre Taj\u00edn.<\/p>\n\n\n\n<p>Lejos, muy lejos quedaron los carteles en los que actuaban artistas de renombre internacional y cuyo boletaje era agotado, incluso por ciudadanos extranjeros que ansiaban venir a Cumbre Taj\u00edn y peleban por&nbsp;una entrada.<\/p>\n\n\n\n<p>Hoy en d\u00eda,&nbsp;de un Festival Ind\u00edgena&nbsp;que dejaba un importante derrama econ\u00f3mica a la regi\u00f3n del totonacapan,&nbsp;con proyecci\u00f3n internacional, que fue de los m\u00e1s importantes del Mundo, pasamos a&nbsp;una Feria de Pueblo&nbsp;que se realiza s\u00f3lo \u201cpor no dejar\u201d.<\/p>\n\n\n\n<p>Si de verdad quieren ver a Veracruz de moda, hay que poner inter\u00e9s en lo importante:&nbsp;parafraseando a la \u00ednclita \u201cno es cuesti\u00f3n de dinero\u201d, es de proyecci\u00f3n cultural y relevancia social.<\/p>\n\n\n\n<p>\u00a1Qu\u00e9 barbaridad!<\/p>\n\n\n\n<p>deprimera.mano2020@gmail.com<\/p>\n","protected":false},"excerpt":{"rendered":"<p>Omar Z\u00fa\u00f1igaDe Primera Mano Cumbre Taj\u00edn cumple 26 a\u00f1os. Aunque inicialmente fue proyectada para entrar en funcionamiento en 1999&nbsp;como preludio al nuevo Milenio, finalmente vio la luz precisamente&nbsp;en&nbsp;el apocal\u00edptico a\u00f1o 2000, marzo, con&nbsp;motivo del primer equinoccio del Siglo XXI. Nace por iniciativa del&nbsp;entonces gobernador&nbsp;Miguel&nbsp;Alem\u00e1n&nbsp;Velasco&nbsp;y su admiraci\u00f3n por la cultura totonaca,&nbsp;para hacer una celebraci\u00f3n en el [&hellip;]<\/p>\n","protected":false},"author":2,"featured_media":141427,"comment_status":"closed","ping_status":"closed","sticky":false,"template":"","format":"standard","meta":{"tdm_status":"","tdm_grid_status":"","footnotes":""},"categories":[70],"tags":[1563,2153,12299,15156,410,30327,260,4978,1800,7723],"class_list":{"0":"post-166034","1":"post","2":"type-post","3":"status-publish","4":"format-standard","5":"has-post-thumbnail","7":"category-de-opinion","8":"tag-cuitlahuac-garcia-jimenez","9":"tag-cumbre-tajin","10":"tag-eric-cisneros-burgos","11":"tag-eric-dominguez","12":"tag-fidel-herrera-beltran","13":"tag-gaston-melo","14":"tag-javier-duarte-de-ochoa","15":"tag-juan-simbron-mendez","16":"tag-miguel-aleman-velasco","17":"tag-salomon-bazbaz-lapidus"},"yoast_head":"<!-- This site is optimized with the Yoast SEO plugin v27.4 - https:\/\/yoast.com\/product\/yoast-seo-wordpress\/ -->\n<title>CUMBRE TAJ\u00cdN - Los pol\u00edticos Veracruz<\/title>\n<meta name=\"robots\" content=\"index, follow, max-snippet:-1, max-image-preview:large, max-video-preview:-1\" \/>\n<link rel=\"canonical\" href=\"https:\/\/lospoliticosveracruz.com\/?p=166034\" \/>\n<meta property=\"og:locale\" content=\"es_ES\" \/>\n<meta property=\"og:type\" content=\"article\" \/>\n<meta property=\"og:title\" content=\"CUMBRE TAJ\u00cdN - Los pol\u00edticos Veracruz\" \/>\n<meta property=\"og:description\" content=\"Omar Z\u00fa\u00f1igaDe Primera Mano Cumbre Taj\u00edn cumple 26 a\u00f1os. Aunque inicialmente fue proyectada para entrar en funcionamiento en 1999&nbsp;como preludio al nuevo Milenio, finalmente vio la luz precisamente&nbsp;en&nbsp;el apocal\u00edptico a\u00f1o 2000, marzo, con&nbsp;motivo del primer equinoccio del Siglo XXI. Nace por iniciativa del&nbsp;entonces gobernador&nbsp;Miguel&nbsp;Alem\u00e1n&nbsp;Velasco&nbsp;y su admiraci\u00f3n por la cultura totonaca,&nbsp;para hacer una celebraci\u00f3n en el [&hellip;]\" \/>\n<meta property=\"og:url\" content=\"https:\/\/lospoliticosveracruz.com\/?p=166034\" \/>\n<meta property=\"og:site_name\" content=\"Los pol\u00edticos Veracruz\" \/>\n<meta property=\"article:publisher\" content=\"https:\/\/www.facebook.com\/people\/Notimemes-de-los-Polticos\/61565672886568\/\" \/>\n<meta property=\"article:published_time\" content=\"2026-03-13T12:16:41+00:00\" \/>\n<meta property=\"article:modified_time\" content=\"2026-03-13T12:16:42+00:00\" \/>\n<meta property=\"og:image\" content=\"https:\/\/lospoliticosveracruz.com\/wp-content\/uploads\/2025\/04\/Omar-Zuniga.jpg\" \/>\n\t<meta property=\"og:image:width\" content=\"1250\" \/>\n\t<meta property=\"og:image:height\" content=\"667\" \/>\n\t<meta property=\"og:image:type\" content=\"image\/jpeg\" \/>\n<meta name=\"author\" content=\"Lo viste en Los Pol\u00edticos\" \/>\n<meta name=\"twitter:card\" content=\"summary_large_image\" \/>\n<meta name=\"twitter:creator\" content=\"@LosPoliticosVer\" \/>\n<meta name=\"twitter:site\" content=\"@LosPoliticosVer\" \/>\n<meta name=\"twitter:label1\" content=\"Escrito por\" \/>\n\t<meta name=\"twitter:data1\" content=\"Lo viste en Los Pol\u00edticos\" \/>\n\t<meta name=\"twitter:label2\" content=\"Tiempo de lectura\" \/>\n\t<meta name=\"twitter:data2\" content=\"4 minutos\" \/>\n<script type=\"application\/ld+json\" class=\"yoast-schema-graph\">{\"@context\":\"https:\\\/\\\/schema.org\",\"@graph\":[{\"@type\":\"Article\",\"@id\":\"https:\\\/\\\/lospoliticosveracruz.com\\\/?p=166034#article\",\"isPartOf\":{\"@id\":\"https:\\\/\\\/lospoliticosveracruz.com\\\/?p=166034\"},\"author\":{\"name\":\"Lo viste en Los Pol\u00edticos\",\"@id\":\"https:\\\/\\\/lospoliticosveracruz.com\\\/#\\\/schema\\\/person\\\/b8702bb0e538456e6efd07080bf2a4a2\"},\"headline\":\"CUMBRE TAJ\u00cdN\",\"datePublished\":\"2026-03-13T12:16:41+00:00\",\"dateModified\":\"2026-03-13T12:16:42+00:00\",\"mainEntityOfPage\":{\"@id\":\"https:\\\/\\\/lospoliticosveracruz.com\\\/?p=166034\"},\"wordCount\":991,\"publisher\":{\"@id\":\"https:\\\/\\\/lospoliticosveracruz.com\\\/#organization\"},\"image\":{\"@id\":\"https:\\\/\\\/lospoliticosveracruz.com\\\/?p=166034#primaryimage\"},\"thumbnailUrl\":\"https:\\\/\\\/lospoliticosveracruz.com\\\/wp-content\\\/uploads\\\/2025\\\/04\\\/Omar-Zuniga.jpg\",\"keywords\":[\"Cuitl\u00e1huac Garc\u00eda Jim\u00e9nez\",\"Cumbre Taj\u00edn\",\"Eric Cisneros Burgos\",\"Eric Dom\u00ednguez\",\"Fidel Herrera Beltr\u00e1n\",\"Gast\u00f3n Melo\",\"Javier Duarte de Ochoa\",\"Juan Simbr\u00f3n M\u00e9ndez\",\"Miguel Alem\u00e1n Velasco\",\"Salom\u00f3n Bazbaz Lapidus\"],\"articleSection\":[\"De Opini\u00f3n\"],\"inLanguage\":\"es\"},{\"@type\":\"WebPage\",\"@id\":\"https:\\\/\\\/lospoliticosveracruz.com\\\/?p=166034\",\"url\":\"https:\\\/\\\/lospoliticosveracruz.com\\\/?p=166034\",\"name\":\"CUMBRE TAJ\u00cdN - Los pol\u00edticos Veracruz\",\"isPartOf\":{\"@id\":\"https:\\\/\\\/lospoliticosveracruz.com\\\/#website\"},\"primaryImageOfPage\":{\"@id\":\"https:\\\/\\\/lospoliticosveracruz.com\\\/?p=166034#primaryimage\"},\"image\":{\"@id\":\"https:\\\/\\\/lospoliticosveracruz.com\\\/?p=166034#primaryimage\"},\"thumbnailUrl\":\"https:\\\/\\\/lospoliticosveracruz.com\\\/wp-content\\\/uploads\\\/2025\\\/04\\\/Omar-Zuniga.jpg\",\"datePublished\":\"2026-03-13T12:16:41+00:00\",\"dateModified\":\"2026-03-13T12:16:42+00:00\",\"breadcrumb\":{\"@id\":\"https:\\\/\\\/lospoliticosveracruz.com\\\/?p=166034#breadcrumb\"},\"inLanguage\":\"es\",\"potentialAction\":[{\"@type\":\"ReadAction\",\"target\":[\"https:\\\/\\\/lospoliticosveracruz.com\\\/?p=166034\"]}]},{\"@type\":\"ImageObject\",\"inLanguage\":\"es\",\"@id\":\"https:\\\/\\\/lospoliticosveracruz.com\\\/?p=166034#primaryimage\",\"url\":\"https:\\\/\\\/lospoliticosveracruz.com\\\/wp-content\\\/uploads\\\/2025\\\/04\\\/Omar-Zuniga.jpg\",\"contentUrl\":\"https:\\\/\\\/lospoliticosveracruz.com\\\/wp-content\\\/uploads\\\/2025\\\/04\\\/Omar-Zuniga.jpg\",\"width\":1250,\"height\":667},{\"@type\":\"BreadcrumbList\",\"@id\":\"https:\\\/\\\/lospoliticosveracruz.com\\\/?p=166034#breadcrumb\",\"itemListElement\":[{\"@type\":\"ListItem\",\"position\":1,\"name\":\"Portada\",\"item\":\"https:\\\/\\\/lospoliticosveracruz.com\\\/\"},{\"@type\":\"ListItem\",\"position\":2,\"name\":\"CUMBRE TAJ\u00cdN\"}]},{\"@type\":\"WebSite\",\"@id\":\"https:\\\/\\\/lospoliticosveracruz.com\\\/#website\",\"url\":\"https:\\\/\\\/lospoliticosveracruz.com\\\/\",\"name\":\"Los pol\u00edticos Veracruz\",\"description\":\"\",\"publisher\":{\"@id\":\"https:\\\/\\\/lospoliticosveracruz.com\\\/#organization\"},\"potentialAction\":[{\"@type\":\"SearchAction\",\"target\":{\"@type\":\"EntryPoint\",\"urlTemplate\":\"https:\\\/\\\/lospoliticosveracruz.com\\\/?s={search_term_string}\"},\"query-input\":{\"@type\":\"PropertyValueSpecification\",\"valueRequired\":true,\"valueName\":\"search_term_string\"}}],\"inLanguage\":\"es\"},{\"@type\":\"Organization\",\"@id\":\"https:\\\/\\\/lospoliticosveracruz.com\\\/#organization\",\"name\":\"Los pol\u00edticos Veracruz\",\"url\":\"https:\\\/\\\/lospoliticosveracruz.com\\\/\",\"logo\":{\"@type\":\"ImageObject\",\"inLanguage\":\"es\",\"@id\":\"https:\\\/\\\/lospoliticosveracruz.com\\\/#\\\/schema\\\/logo\\\/image\\\/\",\"url\":\"https:\\\/\\\/lospoliticosveracruz.com\\\/wp-content\\\/uploads\\\/2025\\\/12\\\/Logo-Nuevo-LOS-POLITICOS-1.jpg\",\"contentUrl\":\"https:\\\/\\\/lospoliticosveracruz.com\\\/wp-content\\\/uploads\\\/2025\\\/12\\\/Logo-Nuevo-LOS-POLITICOS-1.jpg\",\"width\":260,\"height\":70,\"caption\":\"Los pol\u00edticos Veracruz\"},\"image\":{\"@id\":\"https:\\\/\\\/lospoliticosveracruz.com\\\/#\\\/schema\\\/logo\\\/image\\\/\"},\"sameAs\":[\"https:\\\/\\\/www.facebook.com\\\/people\\\/Notimemes-de-los-Polticos\\\/61565672886568\\\/\",\"https:\\\/\\\/x.com\\\/LosPoliticosVer\"]},{\"@type\":\"Person\",\"@id\":\"https:\\\/\\\/lospoliticosveracruz.com\\\/#\\\/schema\\\/person\\\/b8702bb0e538456e6efd07080bf2a4a2\",\"name\":\"Lo viste en Los Pol\u00edticos\",\"image\":{\"@type\":\"ImageObject\",\"inLanguage\":\"es\",\"@id\":\"https:\\\/\\\/secure.gravatar.com\\\/avatar\\\/3a8de04a2656d44082be478bd6c086daa447c4651605818287b9532d3d0bd435?s=96&d=mm&r=g\",\"url\":\"https:\\\/\\\/secure.gravatar.com\\\/avatar\\\/3a8de04a2656d44082be478bd6c086daa447c4651605818287b9532d3d0bd435?s=96&d=mm&r=g\",\"contentUrl\":\"https:\\\/\\\/secure.gravatar.com\\\/avatar\\\/3a8de04a2656d44082be478bd6c086daa447c4651605818287b9532d3d0bd435?s=96&d=mm&r=g\",\"caption\":\"Lo viste en Los Pol\u00edticos\"},\"url\":\"https:\\\/\\\/lospoliticosveracruz.com\\\/?author=2\"}]}<\/script>\n<!-- \/ Yoast SEO plugin. -->","yoast_head_json":{"title":"CUMBRE TAJ\u00cdN - Los pol\u00edticos Veracruz","robots":{"index":"index","follow":"follow","max-snippet":"max-snippet:-1","max-image-preview":"max-image-preview:large","max-video-preview":"max-video-preview:-1"},"canonical":"https:\/\/lospoliticosveracruz.com\/?p=166034","og_locale":"es_ES","og_type":"article","og_title":"CUMBRE TAJ\u00cdN - Los pol\u00edticos Veracruz","og_description":"Omar Z\u00fa\u00f1igaDe Primera Mano Cumbre Taj\u00edn cumple 26 a\u00f1os. Aunque inicialmente fue proyectada para entrar en funcionamiento en 1999&nbsp;como preludio al nuevo Milenio, finalmente vio la luz precisamente&nbsp;en&nbsp;el apocal\u00edptico a\u00f1o 2000, marzo, con&nbsp;motivo del primer equinoccio del Siglo XXI. Nace por iniciativa del&nbsp;entonces gobernador&nbsp;Miguel&nbsp;Alem\u00e1n&nbsp;Velasco&nbsp;y su admiraci\u00f3n por la cultura totonaca,&nbsp;para hacer una celebraci\u00f3n en el [&hellip;]","og_url":"https:\/\/lospoliticosveracruz.com\/?p=166034","og_site_name":"Los pol\u00edticos Veracruz","article_publisher":"https:\/\/www.facebook.com\/people\/Notimemes-de-los-Polticos\/61565672886568\/","article_published_time":"2026-03-13T12:16:41+00:00","article_modified_time":"2026-03-13T12:16:42+00:00","og_image":[{"width":1250,"height":667,"url":"https:\/\/lospoliticosveracruz.com\/wp-content\/uploads\/2025\/04\/Omar-Zuniga.jpg","type":"image\/jpeg"}],"author":"Lo viste en Los Pol\u00edticos","twitter_card":"summary_large_image","twitter_creator":"@LosPoliticosVer","twitter_site":"@LosPoliticosVer","twitter_misc":{"Escrito por":"Lo viste en Los Pol\u00edticos","Tiempo de lectura":"4 minutos"},"schema":{"@context":"https:\/\/schema.org","@graph":[{"@type":"Article","@id":"https:\/\/lospoliticosveracruz.com\/?p=166034#article","isPartOf":{"@id":"https:\/\/lospoliticosveracruz.com\/?p=166034"},"author":{"name":"Lo viste en Los Pol\u00edticos","@id":"https:\/\/lospoliticosveracruz.com\/#\/schema\/person\/b8702bb0e538456e6efd07080bf2a4a2"},"headline":"CUMBRE TAJ\u00cdN","datePublished":"2026-03-13T12:16:41+00:00","dateModified":"2026-03-13T12:16:42+00:00","mainEntityOfPage":{"@id":"https:\/\/lospoliticosveracruz.com\/?p=166034"},"wordCount":991,"publisher":{"@id":"https:\/\/lospoliticosveracruz.com\/#organization"},"image":{"@id":"https:\/\/lospoliticosveracruz.com\/?p=166034#primaryimage"},"thumbnailUrl":"https:\/\/lospoliticosveracruz.com\/wp-content\/uploads\/2025\/04\/Omar-Zuniga.jpg","keywords":["Cuitl\u00e1huac Garc\u00eda Jim\u00e9nez","Cumbre Taj\u00edn","Eric Cisneros Burgos","Eric Dom\u00ednguez","Fidel Herrera Beltr\u00e1n","Gast\u00f3n Melo","Javier Duarte de Ochoa","Juan Simbr\u00f3n M\u00e9ndez","Miguel Alem\u00e1n Velasco","Salom\u00f3n Bazbaz Lapidus"],"articleSection":["De Opini\u00f3n"],"inLanguage":"es"},{"@type":"WebPage","@id":"https:\/\/lospoliticosveracruz.com\/?p=166034","url":"https:\/\/lospoliticosveracruz.com\/?p=166034","name":"CUMBRE TAJ\u00cdN - Los pol\u00edticos Veracruz","isPartOf":{"@id":"https:\/\/lospoliticosveracruz.com\/#website"},"primaryImageOfPage":{"@id":"https:\/\/lospoliticosveracruz.com\/?p=166034#primaryimage"},"image":{"@id":"https:\/\/lospoliticosveracruz.com\/?p=166034#primaryimage"},"thumbnailUrl":"https:\/\/lospoliticosveracruz.com\/wp-content\/uploads\/2025\/04\/Omar-Zuniga.jpg","datePublished":"2026-03-13T12:16:41+00:00","dateModified":"2026-03-13T12:16:42+00:00","breadcrumb":{"@id":"https:\/\/lospoliticosveracruz.com\/?p=166034#breadcrumb"},"inLanguage":"es","potentialAction":[{"@type":"ReadAction","target":["https:\/\/lospoliticosveracruz.com\/?p=166034"]}]},{"@type":"ImageObject","inLanguage":"es","@id":"https:\/\/lospoliticosveracruz.com\/?p=166034#primaryimage","url":"https:\/\/lospoliticosveracruz.com\/wp-content\/uploads\/2025\/04\/Omar-Zuniga.jpg","contentUrl":"https:\/\/lospoliticosveracruz.com\/wp-content\/uploads\/2025\/04\/Omar-Zuniga.jpg","width":1250,"height":667},{"@type":"BreadcrumbList","@id":"https:\/\/lospoliticosveracruz.com\/?p=166034#breadcrumb","itemListElement":[{"@type":"ListItem","position":1,"name":"Portada","item":"https:\/\/lospoliticosveracruz.com\/"},{"@type":"ListItem","position":2,"name":"CUMBRE TAJ\u00cdN"}]},{"@type":"WebSite","@id":"https:\/\/lospoliticosveracruz.com\/#website","url":"https:\/\/lospoliticosveracruz.com\/","name":"Los pol\u00edticos Veracruz","description":"","publisher":{"@id":"https:\/\/lospoliticosveracruz.com\/#organization"},"potentialAction":[{"@type":"SearchAction","target":{"@type":"EntryPoint","urlTemplate":"https:\/\/lospoliticosveracruz.com\/?s={search_term_string}"},"query-input":{"@type":"PropertyValueSpecification","valueRequired":true,"valueName":"search_term_string"}}],"inLanguage":"es"},{"@type":"Organization","@id":"https:\/\/lospoliticosveracruz.com\/#organization","name":"Los pol\u00edticos Veracruz","url":"https:\/\/lospoliticosveracruz.com\/","logo":{"@type":"ImageObject","inLanguage":"es","@id":"https:\/\/lospoliticosveracruz.com\/#\/schema\/logo\/image\/","url":"https:\/\/lospoliticosveracruz.com\/wp-content\/uploads\/2025\/12\/Logo-Nuevo-LOS-POLITICOS-1.jpg","contentUrl":"https:\/\/lospoliticosveracruz.com\/wp-content\/uploads\/2025\/12\/Logo-Nuevo-LOS-POLITICOS-1.jpg","width":260,"height":70,"caption":"Los pol\u00edticos Veracruz"},"image":{"@id":"https:\/\/lospoliticosveracruz.com\/#\/schema\/logo\/image\/"},"sameAs":["https:\/\/www.facebook.com\/people\/Notimemes-de-los-Polticos\/61565672886568\/","https:\/\/x.com\/LosPoliticosVer"]},{"@type":"Person","@id":"https:\/\/lospoliticosveracruz.com\/#\/schema\/person\/b8702bb0e538456e6efd07080bf2a4a2","name":"Lo viste en Los Pol\u00edticos","image":{"@type":"ImageObject","inLanguage":"es","@id":"https:\/\/secure.gravatar.com\/avatar\/3a8de04a2656d44082be478bd6c086daa447c4651605818287b9532d3d0bd435?s=96&d=mm&r=g","url":"https:\/\/secure.gravatar.com\/avatar\/3a8de04a2656d44082be478bd6c086daa447c4651605818287b9532d3d0bd435?s=96&d=mm&r=g","contentUrl":"https:\/\/secure.gravatar.com\/avatar\/3a8de04a2656d44082be478bd6c086daa447c4651605818287b9532d3d0bd435?s=96&d=mm&r=g","caption":"Lo viste en Los Pol\u00edticos"},"url":"https:\/\/lospoliticosveracruz.com\/?author=2"}]}},"_links":{"self":[{"href":"https:\/\/lospoliticosveracruz.com\/index.php?rest_route=\/wp\/v2\/posts\/166034","targetHints":{"allow":["GET"]}}],"collection":[{"href":"https:\/\/lospoliticosveracruz.com\/index.php?rest_route=\/wp\/v2\/posts"}],"about":[{"href":"https:\/\/lospoliticosveracruz.com\/index.php?rest_route=\/wp\/v2\/types\/post"}],"author":[{"embeddable":true,"href":"https:\/\/lospoliticosveracruz.com\/index.php?rest_route=\/wp\/v2\/users\/2"}],"replies":[{"embeddable":true,"href":"https:\/\/lospoliticosveracruz.com\/index.php?rest_route=%2Fwp%2Fv2%2Fcomments&post=166034"}],"version-history":[{"count":1,"href":"https:\/\/lospoliticosveracruz.com\/index.php?rest_route=\/wp\/v2\/posts\/166034\/revisions"}],"predecessor-version":[{"id":166035,"href":"https:\/\/lospoliticosveracruz.com\/index.php?rest_route=\/wp\/v2\/posts\/166034\/revisions\/166035"}],"wp:featuredmedia":[{"embeddable":true,"href":"https:\/\/lospoliticosveracruz.com\/index.php?rest_route=\/wp\/v2\/media\/141427"}],"wp:attachment":[{"href":"https:\/\/lospoliticosveracruz.com\/index.php?rest_route=%2Fwp%2Fv2%2Fmedia&parent=166034"}],"wp:term":[{"taxonomy":"category","embeddable":true,"href":"https:\/\/lospoliticosveracruz.com\/index.php?rest_route=%2Fwp%2Fv2%2Fcategories&post=166034"},{"taxonomy":"post_tag","embeddable":true,"href":"https:\/\/lospoliticosveracruz.com\/index.php?rest_route=%2Fwp%2Fv2%2Ftags&post=166034"}],"curies":[{"name":"wp","href":"https:\/\/api.w.org\/{rel}","templated":true}]}}